{"id":7814,"date":"2022-01-13T16:20:06","date_gmt":"2022-01-13T15:20:06","guid":{"rendered":"https:\/\/www.365mountainbike.it\/fantamtb\/?p=7814"},"modified":"2026-01-10T16:03:43","modified_gmt":"2026-01-10T16:03:43","slug":"albo-d-oro-campionati-mondiali-xce","status":"publish","type":"post","link":"https:\/\/www.365mountainbike.it\/fantamtb\/storia-mtb\/eliminator-xce\/albo-d-oro-campionati-mondiali-xce\/","title":{"rendered":"Albo d&#8217;Oro Campionati del Mondo Cross-Country Eliminator","gt_translate_keys":[{"key":"rendered","format":"text"}]},"content":{"rendered":"\n<p>Cross-country eliminator (XCE) \u00e8 un formato di gara di mountain bike in cui quattro ciclisti competono l&#8217;uno contro l&#8217;altro su un percorso molto breve. In ogni batteria, i due corridori pi\u00f9 veloci passano al round successivo, mentre i due corridori pi\u00f9 lenti vengono eliminati dalla gara. \u00c8 simile al four-cross, tranne per il fatto che il percorso non \u00e8 in discesa.<\/p>\n\n\n\n<p>Alexandra Engen e Ralph N\u00e4f sono stati i primi campioni del mondo XCE nel 2012 a Saalfelden. Nel 2017 l&#8217;evento \u00e8 stato spostato nei nuovi Campionati Mondiali di Ciclismo Urbano UCI. Dal 2017 al 2018 \u00e8 stato incluso nel programma dei campionati del mondo di ciclismo urbano, mentre dal 2019 \u00e8 incluso in una specifica rassegna mondiale.<\/p>\n\n\n\n<h2 class=\"wp-block-heading\" id=\"storia\">STORIA<\/h2>\n\n\n\n<p>Introdotto per la prima volta nel 2010 in Germania, il formato eliminatore cross-country \u00e8 stato testato in due eventi UCI: a Pickering (come parte della coppa del mondo a Dalby Forest) (Regno Unito) e Nove Mesto na Morave (CZE) nel 2011. \u00c8 stato ufficialmente integrato nella Coppa del Mondo nel 2012 con tre eventi a Houffalize (BEL), Nove Mesto na Morave (CZE) e La Bresse (FRA).<\/p>\n\n\n\n<p>La prima gara XCE della Coppa del mondo di mountain bike UCI si \u00e8 svolta il 13 aprile 2012 a Houffalize, in Belgio, ed \u00e8 stata vinta da Brian Lopes (USA) e Annie Last (Regno Unito). La disciplina \u00e8 stata rimossa dalla Coppa del Mondo dopo il 2014, poi reintrodotta nel 2017.<\/p>\n\n\n\n<p><\/p>\n\n\n\n<figure class=\"wp-block-table is-style-stripes\"><table class=\"has-black-color has-text-color\"><tbody><tr><td><p class=\"posizione\">Men<\/p><\/td><td><img decoding=\"async\" src=\"https:\/\/www.365mountainbike.it\/fantamtb\/wp-content\/images\/irideh.png\" alt=\"world champion\"><\/td><td><p class=\"posizione\">2<\/p><\/td><td><p class=\"posizione\">3<\/p><\/td><\/tr><tr><td><a class=\"anno\" href=\"https:\/\/www.365mountainbike.it\/fantamtb\/wp-content\/images\/results\/worlds_xce\/2012_men.pdf\" target=\"_blank\" rel=\"noopener\"><b>2012<\/b><\/a><\/td><td><img loading=\"lazy\" decoding=\"async\" width=\"20\" height=\"13\" src=\"\/fantamtb\/wp-content\/images\/swi.png\" alt=\"SWI\"><br><a href=\"https:\/\/www.365mountainbike.it\/fantamtb\/storia-mtb\/atleti\/ralph-naf\/\">Ralph N\u00c4F<\/a><\/td><td><img loading=\"lazy\" decoding=\"async\" width=\"20\" height=\"15\" src=\"\/fantamtb\/wp-content\/images\/slo.png\" alt=\"SLO\"><br><a href=\"https:\/\/www.365mountainbike.it\/fantamtb\/storia-mtb\/atleti\/miha-halzer\/\">Miha HALZER<\/a><\/td><td><img loading=\"lazy\" decoding=\"async\" width=\"23\" height=\"15\" src=\"\/fantamtb\/wp-content\/images\/aut.png\" alt=\"AUT\"><br><a href=\"https:\/\/www.365mountainbike.it\/fantamtb\/storia-mtb\/atleti\/daniel-federspiel\/\">Daniel FEDERSPIEL<\/a><\/td><\/tr><tr><td><a class=\"anno\" href=\"https:\/\/www.365mountainbike.it\/fantamtb\/wp-content\/images\/results\/worlds_xce\/2013.pdf\" target=\"_blank\" rel=\"noopener\"><b>2013<\/b><\/a><\/td><td><img loading=\"lazy\" decoding=\"async\" width=\"20\" height=\"15\" src=\"\/fantamtb\/wp-content\/images\/aus.png\" alt=\"AUS\"><br><a href=\"https:\/\/www.365mountainbike.it\/fantamtb\/storia-mtb\/atleti\/paul-van-der-ploeg\/\">Paul VAN DER PLOEG<\/a><\/td><td><img loading=\"lazy\" decoding=\"async\" width=\"23\" height=\"15\" src=\"\/fantamtb\/wp-content\/images\/aut.png\" alt=\"AUT\"><br><a href=\"https:\/\/www.365mountainbike.it\/fantamtb\/storia-mtb\/atleti\/daniel-federspiel\/\">Daniel FEDERSPIEL<\/a><\/td><td><img loading=\"lazy\" decoding=\"async\" width=\"23\" height=\"15\" src=\"\/fantamtb\/wp-content\/images\/arg.png\" alt=\"ARG\"><br><a href=\"https:\/\/www.365mountainbike.it\/fantamtb\/storia-mtb\/atleti\/catriel-soto\/\">Catriel Andr\u00e9s SOTO<\/a><\/td><\/tr><tr><td><a class=\"anno\" href=\"https:\/\/www.365mountainbike.it\/fantamtb\/wp-content\/images\/results\/worlds_xce\/2014_men.pdf\" target=\"_blank\" rel=\"noopener\"><b>2014<\/b><\/a><\/td><td><img loading=\"lazy\" decoding=\"async\" width=\"20\" height=\"15\" src=\"\/fantamtb\/wp-content\/images\/bel.png\" alt=\"BEL\"><br><a href=\"https:\/\/www.365mountainbike.it\/fantamtb\/storia-mtb\/atleti\/fabrice-mels\/\">Fabrice MELS<\/a><\/td><td><img loading=\"lazy\" decoding=\"async\" width=\"23\" height=\"14\" src=\"\/fantamtb\/wp-content\/images\/swe.png\" alt=\"SWE\"> <br><a href=\"https:\/\/www.365mountainbike.it\/fantamtb\/storia-mtb\/atleti\/emil-lindgren\/\">Emil LINDGREN<\/a><\/td><td><img loading=\"lazy\" decoding=\"async\" width=\"23\" height=\"15\" src=\"\/fantamtb\/wp-content\/images\/fra.png\" alt=\"FRA\"><br><a href=\"https:\/\/www.365mountainbike.it\/fantamtb\/storia-mtb\/atleti\/kevin-miquel\/\">Kevin MIQUEL<\/a><\/td><\/tr><tr><td><a class=\"anno\" href=\"https:\/\/www.365mountainbike.it\/fantamtb\/wp-content\/images\/results\/worlds_xce\/2015_men.pdf\" target=\"_blank\" rel=\"noopener\"><b>2015<\/b><\/a><\/td><td><img loading=\"lazy\" decoding=\"async\" width=\"23\" height=\"15\" src=\"\/fantamtb\/wp-content\/images\/aut.png\" alt=\"AUT\"><br><a href=\"https:\/\/www.365mountainbike.it\/fantamtb\/storia-mtb\/atleti\/daniel-federspiel\/\">Daniel FEDERSPIEL<\/a><\/td><td><img loading=\"lazy\" decoding=\"async\" width=\"20\" height=\"15\" src=\"\/fantamtb\/wp-content\/images\/nzl.png\" alt=\"NZL\"><br><a href=\"https:\/\/www.365mountainbike.it\/fantamtb\/storia-mtb\/atleti\/samuel-gaze\/\">Samuel GAZE<\/a><\/td><td><img loading=\"lazy\" decoding=\"async\" width=\"23\" height=\"14\" src=\"\/fantamtb\/wp-content\/images\/ger.png\" alt=\"GER\"><br><a href=\"https:\/\/www.365mountainbike.it\/fantamtb\/storia-mtb\/atleti\/simon-gegenheimer\/\">Simon GEGENHEIMER<\/a><\/td><\/tr><tr><td><a class=\"anno\" href=\"https:\/\/www.365mountainbike.it\/fantamtb\/wp-content\/images\/results\/worlds_xce\/2016_men.pdf\" target=\"_blank\" rel=\"noopener\"><b>2016<\/b><\/a><\/td><td><img loading=\"lazy\" decoding=\"async\" width=\"23\" height=\"15\" src=\"\/fantamtb\/wp-content\/images\/aut.png\" alt=\"AUT\"><br><a href=\"https:\/\/www.365mountainbike.it\/fantamtb\/storia-mtb\/atleti\/daniel-federspiel\/\">Daniel FEDERSPIEL<\/a><\/td><td><img loading=\"lazy\" decoding=\"async\" width=\"23\" height=\"14\" src=\"\/fantamtb\/wp-content\/images\/ger.png\" alt=\"GER\"><br><a href=\"https:\/\/www.365mountainbike.it\/fantamtb\/storia-mtb\/atleti\/simon-gegenheimer\/\">Simon GEGENHEIMER<\/a><\/td><td><img loading=\"lazy\" decoding=\"async\" width=\"20\" height=\"15\" src=\"\/fantamtb\/wp-content\/images\/bel.png\" alt=\"BEL\"><br><a href=\"https:\/\/www.365mountainbike.it\/fantamtb\/storia-mtb\/atleti\/fabrice-mels\/\">Fabrice MELS<\/a><\/td><\/tr><tr><td><a class=\"anno\" href=\"https:\/\/www.365mountainbike.it\/fantamtb\/wp-content\/images\/results\/worlds_xce\/2017_men.pdf\" target=\"_blank\" rel=\"noopener\"><b>2017<\/b><\/a><\/td><td><img loading=\"lazy\" decoding=\"async\" width=\"23\" height=\"15\" src=\"\/fantamtb\/wp-content\/images\/fra.png\" alt=\"FRA\"><br><a href=\"https:\/\/www.365mountainbike.it\/fantamtb\/storia-mtb\/atleti\/titouan-perrin-ganier\/\">Titouan PERRIN-GANIER<\/a><\/td><td><img loading=\"lazy\" decoding=\"async\" width=\"23\" height=\"14\" src=\"\/fantamtb\/wp-content\/images\/ger.png\" alt=\"GER\"><br><a href=\"https:\/\/www.365mountainbike.it\/fantamtb\/storia-mtb\/atleti\/simon-gegenheimer\/\">Simon GEGENHEIMER<\/a>  <\/td><td><img loading=\"lazy\" decoding=\"async\" width=\"23\" height=\"15\" src=\"\/fantamtb\/wp-content\/images\/fra.png\" alt=\"FRA\"><br><a href=\"https:\/\/www.365mountainbike.it\/fantamtb\/storia-mtb\/atleti\/lorenzo-serres\/\">Lorenzo SERRES<\/a><\/td><\/tr><tr><td><a class=\"anno\" href=\"https:\/\/www.365mountainbike.it\/fantamtb\/wp-content\/images\/results\/worlds_xce\/2018_men.pdf\" target=\"_blank\" rel=\"noopener\"><b>2018<\/b><\/a><\/td><td><img loading=\"lazy\" decoding=\"async\" width=\"23\" height=\"15\" src=\"\/fantamtb\/wp-content\/images\/fra.png\" alt=\"FRA\"><br><a href=\"https:\/\/www.365mountainbike.it\/fantamtb\/storia-mtb\/atleti\/titouan-perrin-ganier\/\">Titouan PERRIN-GANIER<\/a><\/td><td><img loading=\"lazy\" decoding=\"async\" width=\"23\" height=\"15\" src=\"\/fantamtb\/wp-content\/images\/fra.png\" alt=\"FRA\"><br><a href=\"https:\/\/www.365mountainbike.it\/fantamtb\/senza-categoria\/hugo-briatta\/\">Hugo BRIATTA<\/a><\/td><td><img loading=\"lazy\" decoding=\"async\" width=\"23\" height=\"15\" src=\"\/fantamtb\/wp-content\/images\/fra.png\" alt=\"FRA\"><br><a href=\"https:\/\/www.365mountainbike.it\/fantamtb\/storia-mtb\/atleti\/lorenzo-serres\/\">Lorenzo SERRES<\/a><\/td><\/tr><tr><td><a class=\"anno\" href=\"https:\/\/www.365mountainbike.it\/fantamtb\/wp-content\/images\/results\/worlds_xce\/2019.pdf\" target=\"_blank\" rel=\"noopener\"><b>2019<\/b><\/a><\/td><td><img loading=\"lazy\" decoding=\"async\" width=\"23\" height=\"15\" src=\"\/fantamtb\/wp-content\/images\/fra.png\" alt=\"FRA\"><br><a href=\"https:\/\/www.365mountainbike.it\/fantamtb\/storia-mtb\/atleti\/titouan-perrin-ganier\/\">Titouan PERRIN-GANIER<\/a><\/td><td><img loading=\"lazy\" decoding=\"async\" width=\"23\" height=\"15\" src=\"\/fantamtb\/wp-content\/images\/fra.png\" alt=\"FRA\"><br><a href=\"https:\/\/www.365mountainbike.it\/fantamtb\/senza-categoria\/hugo-briatta\/\">Hugo BRIATTA<\/a><\/td><td><img loading=\"lazy\" decoding=\"async\" width=\"23\" height=\"14\" src=\"\/fantamtb\/wp-content\/images\/swe.png\" alt=\"SWE\"><br><a href=\"https:\/\/www.365mountainbike.it\/fantamtb\/storia-mtb\/atleti\/joel-burman\/\">Joel BURMAN<\/a><\/td><\/tr><tr><td><a class=\"anno\" href=\"https:\/\/www.365mountainbike.it\/fantamtb\/wp-content\/images\/results\/worlds_xce\/2020_men.pdf\" target=\"_blank\" rel=\"noopener\"><b>2020<\/b><\/a><\/td><td><img loading=\"lazy\" decoding=\"async\" width=\"23\" height=\"15\" src=\"\/fantamtb\/wp-content\/images\/fra.png\" alt=\"FRA\"><br><a href=\"https:\/\/www.365mountainbike.it\/fantamtb\/storia-mtb\/atleti\/titouan-perrin-ganier\/\">Titouan PERRIN-GANIER<\/a><\/td><td><img loading=\"lazy\" decoding=\"async\" width=\"23\" height=\"14\" src=\"\/fantamtb\/wp-content\/images\/ger.png\" alt=\"GER\"><br><a href=\"https:\/\/www.365mountainbike.it\/fantamtb\/storia-mtb\/atleti\/simon-gegenheimer\/\">Simon GEGENHEIMER<\/a> <\/td><td><img loading=\"lazy\" decoding=\"async\" width=\"23\" height=\"14\" src=\"\/fantamtb\/wp-content\/images\/swe.png\" alt=\"SWE\"><br><a href=\"https:\/\/www.365mountainbike.it\/fantamtb\/storia-mtb\/atleti\/anton-olstam\/\">Anton OLSTAM<\/a><\/td><\/tr><tr><td><a class=\"anno\" href=\"https:\/\/www.365mountainbike.it\/fantamtb\/wp-content\/images\/results\/worlds_xce\/2021_men.pdf\" target=\"_blank\" rel=\"noopener\"><b>2021<\/b><\/a><\/td><td><img loading=\"lazy\" decoding=\"async\" width=\"23\" height=\"14\" src=\"\/fantamtb\/wp-content\/images\/ger.png\" alt=\"GER\"><br><a href=\"https:\/\/www.365mountainbike.it\/fantamtb\/storia-mtb\/atleti\/simon-gegenheimer\/\">Simon GEGENHEIMER<\/a><\/td><td><img loading=\"lazy\" decoding=\"async\" width=\"23\" height=\"15\" src=\"\/fantamtb\/wp-content\/images\/ned.png\" alt=\"NED\"><br><a href=\"https:\/\/www.365mountainbike.it\/fantamtb\/storia-mtb\/atleti\/jeroen-van-eck\/\">Jeroen VAN ECK<\/a><\/td><td><img loading=\"lazy\" decoding=\"async\" width=\"23\" height=\"14\" src=\"\/fantamtb\/wp-content\/images\/swe.png\" alt=\"SWE\"><br><a href=\"https:\/\/www.365mountainbike.it\/fantamtb\/storia-mtb\/atleti\/anton-olstam\/\">Anton OLSTAM<\/a><\/td><\/tr><tr><td><a class=\"anno\" href=\"https:\/\/www.365mountainbike.it\/fantamtb\/wp-content\/images\/results\/worlds_xce\/2022_men.pdf\"><b>2022<\/b><\/a><br><\/td><td><img loading=\"lazy\" decoding=\"async\" width=\"23\" height=\"15\" src=\"\/fantamtb\/wp-content\/images\/fra.png\" alt=\"FRA\"><br><a href=\"https:\/\/www.365mountainbike.it\/fantamtb\/storia-mtb\/atleti\/titouan-perrin-ganier\/\">Titouan PERRIN-GANIER<\/a><\/td><td><img loading=\"lazy\" decoding=\"async\" width=\"23\" height=\"14\" src=\"\/fantamtb\/wp-content\/images\/ger.png\" alt=\"GER\"><br><a href=\"https:\/\/www.365mountainbike.it\/fantamtb\/storia-mtb\/atleti\/simon-gegenheimer\/\">Simon GEGENHEIMER<\/a><\/td><td><img loading=\"lazy\" decoding=\"async\" width=\"23\" height=\"14\" src=\"\/fantamtb\/wp-content\/images\/pur.png\" alt=\"PUR\"><br><a href=\"https:\/\/www.365mountainbike.it\/fantamtb\/storia-mtb\/atleti\/ricky-morales\">Ricky MORALES<\/a><\/td><\/tr><tr><td><a class=\"anno\" href=\"https:\/\/www.365mountainbike.it\/mondo-gare\/gaia-tormena-campionessa-del-mondo-per-la-4-volta-in-xce\/\"><strong>2023<\/strong><\/a><\/td><td><img loading=\"lazy\" decoding=\"async\" width=\"23\" height=\"15\" src=\"\/fantamtb\/wp-content\/images\/fra.png\" alt=\"FRA\"><br><a href=\"https:\/\/www.365mountainbike.it\/fantamtb\/storia-mtb\/atleti\/titouan-perrin-ganier\/\">Titouan PERRIN-GANIER<\/a><\/td><td><img loading=\"lazy\" decoding=\"async\" width=\"23\" height=\"15\" src=\"\/fantamtb\/wp-content\/images\/fra.png\" alt=\"FRA\"><br><a href=\"https:\/\/www.365mountainbike.it\/fantamtb\/storia-mtb\/atleti\/lorenzo-serres\/\">Lorenzo SERRES<\/a><\/td><td><img loading=\"lazy\" decoding=\"async\" width=\"23\" height=\"14\" src=\"\/fantamtb\/wp-content\/images\/nor.png\" alt=\"NOR\"><br>Sondre ROKKE<\/td><\/tr><tr><td><strong><a class=\"anno\" href=\"https:\/\/www.365mountainbike.it\/mondo-gare\/gaia-tormena-5-volte-iridata-nellxc-eliminator\/\" target=\"_blank\" rel=\"noreferrer noopener\">2024<\/a><\/strong><\/td><td><img loading=\"lazy\" decoding=\"async\" width=\"23\" height=\"15\" src=\"\/fantamtb\/wp-content\/images\/ned.png\" alt=\"NED\"><br>Jeroen VAN ECK<\/td><td><img loading=\"lazy\" decoding=\"async\" width=\"20\" height=\"15\" src=\"\/fantamtb\/wp-content\/images\/slo.png\" alt=\"SLO\"><br>Jakob KLEMEN\u010cI\u010c<\/td><td><img loading=\"lazy\" decoding=\"async\" width=\"23\" height=\"14\" src=\"\/fantamtb\/wp-content\/images\/ger.png\" alt=\"GER\"><br><a href=\"https:\/\/www.365mountainbike.it\/fantamtb\/storia-mtb\/atleti\/simon-gegenheimer\/\">Simon GEGENHEIMER<\/a><\/td><\/tr><tr><td><a class=\"anno\" href=\"https:\/\/www.365mountainbike.it\/mondo-gare\/mondiali-xce-eliminator-2025-lindh-e-sukhopalova-i-neo-iridati\/\"><strong>2025<\/strong><\/a><\/td><td><img loading=\"lazy\" decoding=\"async\" width=\"23\" height=\"14\" src=\"\/fantamtb\/wp-content\/images\/swe.png\" alt=\"SWE\"><br>Edvin LINDH<\/td><td><img loading=\"lazy\" decoding=\"async\" width=\"23\" height=\"15\" src=\"\/fantamtb\/wp-content\/images\/aut.png\" alt=\"AUT\"><br>Theo HAUSER<\/td><td><img loading=\"lazy\" decoding=\"async\" width=\"20\" height=\"15\" src=\"\/fantamtb\/wp-content\/images\/slo.png\" alt=\"SLO\"><br>Matic KRANJEC \u017dAGAR<\/td><\/tr><\/tbody><\/table><\/figure>\n\n\n\n<hr class=\"wp-block-separator has-css-opacity\"\/>\n\n\n\n<figure class=\"wp-block-table is-style-stripes\"><table class=\"has-black-color has-text-color\"><tbody><tr><td><p class=\"posizione\">Women<\/p><\/td><td><img decoding=\"async\" src=\"https:\/\/www.365mountainbike.it\/fantamtb\/wp-content\/images\/irideh.png\" alt=\"world champion\"><\/td><td><p class=\"posizione\">2<\/p><\/td><td><p class=\"posizione\">3<\/p><\/td><\/tr><tr><td><a class=\"anno\" href=\"https:\/\/www.365mountainbike.it\/fantamtb\/wp-content\/images\/results\/worlds_xce\/2012_women.pdf\" target=\"_blank\" rel=\"noopener\"><b>2012<\/b><\/a><\/td><td><img loading=\"lazy\" decoding=\"async\" width=\"23\" height=\"14\" src=\"\/fantamtb\/wp-content\/images\/swe.png\" alt=\"SWE\"><br><a href=\"https:\/\/www.365mountainbike.it\/fantamtb\/storia-mtb\/atleti\/alexandra-engen\/\">Alexandra ENGEN<\/a><\/td><td><img loading=\"lazy\" decoding=\"async\" src=\"\/fantamtb\/wp-content\/images\/swi.png\" width=\"20\" height=\"13\" alt=\"SWI\"><br><a href=\"https:\/\/www.365mountainbike.it\/fantamtb\/storia-mtb\/atleti\/jolanda-neff\/\">Jolanda NEFF<\/a><\/td><td><img decoding=\"async\" src=\"\/fantamtb\/wp-content\/images\/pol.png\" alt=\"POL\"><br><a href=\"https:\/\/www.365mountainbike.it\/fantamtb\/storia-mtb\/atleti\/aleksandra-dawidowicz\/\">Aleksandra DAWIDOWICZ<\/a><\/td><\/tr><tr><td><a class=\"anno\" href=\"https:\/\/www.365mountainbike.it\/fantamtb\/wp-content\/images\/results\/worlds_xce\/2013.pdf\" target=\"_blank\" rel=\"noopener\"><b>2013<\/b><\/a><\/td><td><img loading=\"lazy\" decoding=\"async\" width=\"23\" height=\"14\" src=\"\/fantamtb\/wp-content\/images\/swe.png\" alt=\"SWE\"> <br><a href=\"https:\/\/www.365mountainbike.it\/fantamtb\/storia-mtb\/atleti\/alexandra-engen\/\">Alexandra ENGEN<\/a><\/td><td><img loading=\"lazy\" decoding=\"async\" src=\"\/fantamtb\/wp-content\/images\/swi.png\" width=\"20\" height=\"13\" alt=\"SWI\"><br><a href=\"https:\/\/www.365mountainbike.it\/fantamtb\/storia-mtb\/atleti\/jolanda-neff\/\">Jolanda NEFF<\/a> <\/td><td><img loading=\"lazy\" decoding=\"async\" src=\"\/fantamtb\/wp-content\/images\/swi.png\" width=\"20\" height=\"13\" alt=\"SWI\"><br><a href=\"https:\/\/www.365mountainbike.it\/fantamtb\/storia-mtb\/atleti\/linda-indergand\/\">Linda INDERGAND<\/a><\/td><\/tr><tr><td><a class=\"anno\" href=\"https:\/\/www.365mountainbike.it\/fantamtb\/wp-content\/images\/results\/worlds_xce\/2014_women.pdf\" target=\"_blank\" rel=\"noopener\"><b>2014<\/b><\/a><\/td><td><img loading=\"lazy\" decoding=\"async\" src=\"\/fantamtb\/wp-content\/images\/swi.png\" width=\"20\" height=\"13\" alt=\"SWI\"><br><a href=\"https:\/\/www.365mountainbike.it\/fantamtb\/storia-mtb\/atleti\/kathrin-stirnemann\/\">Kathrin STIRNEMANN<\/a><\/td><td><img loading=\"lazy\" decoding=\"async\" src=\"\/fantamtb\/wp-content\/images\/swi.png\" width=\"20\" height=\"13\" alt=\"SWI\"><br><a href=\"https:\/\/www.365mountainbike.it\/fantamtb\/storia-mtb\/atleti\/linda-indergand\/\">Linda INDERGAND<\/a><\/td><td><img decoding=\"async\" src=\"\/fantamtb\/wp-content\/images\/nor.png\" alt=\"NOR\"><br><a href=\"https:\/\/www.365mountainbike.it\/fantamtb\/storia-mtb\/atleti\/ingrid-boe-jacobsen\/\">Ingrid Boe JACOBSEN<\/a><\/td><\/tr><tr><td><a class=\"anno\" href=\"https:\/\/www.365mountainbike.it\/fantamtb\/wp-content\/images\/results\/worlds_xce\/2015_women.pdf\" target=\"_blank\" rel=\"noopener\"><b>2015<\/b><\/a><\/td><td><img loading=\"lazy\" decoding=\"async\" src=\"\/fantamtb\/wp-content\/images\/swi.png\" width=\"20\" height=\"13\" alt=\"SWI\"><br><a href=\"https:\/\/www.365mountainbike.it\/fantamtb\/storia-mtb\/atleti\/linda-indergand\/\">Linda INDERGAND<\/a> <\/td><td><img decoding=\"async\" src=\"\/fantamtb\/wp-content\/images\/nor.png\" alt=\"NOR\"><br><a href=\"https:\/\/www.365mountainbike.it\/fantamtb\/storia-mtb\/atleti\/ingrid-boe-jacobsen\/\">Ingrid Boe JACOBSEN<\/a><\/td><td><img loading=\"lazy\" decoding=\"async\" src=\"\/fantamtb\/wp-content\/images\/swi.png\" width=\"20\" height=\"13\" alt=\"SWI\"><br><a href=\"https:\/\/www.365mountainbike.it\/fantamtb\/storia-mtb\/atleti\/kathrin-stirnemann\/\">Kathrin STIRNEMANN<\/a><\/td><\/tr><tr><td><a class=\"anno\" href=\"https:\/\/www.365mountainbike.it\/fantamtb\/wp-content\/images\/results\/worlds_xce\/2016_women.pdf\" target=\"_blank\" rel=\"noopener\"><b>2016<\/b><\/a><\/td><td><img loading=\"lazy\" decoding=\"async\" src=\"\/fantamtb\/wp-content\/images\/swi.png\" width=\"20\" height=\"13\" alt=\"SWI\"><br><a href=\"https:\/\/www.365mountainbike.it\/fantamtb\/storia-mtb\/atleti\/linda-indergand\/\">Linda INDERGAND<\/a><\/td><td><img loading=\"lazy\" decoding=\"async\" src=\"\/fantamtb\/wp-content\/images\/swi.png\" width=\"20\" height=\"13\" alt=\"SWI\"><br><a href=\"https:\/\/www.365mountainbike.it\/fantamtb\/storia-mtb\/atleti\/kathrin-stirnemann\/\">Kathrin STIRNEMANN<\/a><\/td><td><img loading=\"lazy\" decoding=\"async\" src=\"\/fantamtb\/wp-content\/images\/swi.png\" width=\"20\" height=\"13\" alt=\"SWI\"><br><a href=\"https:\/\/www.365mountainbike.it\/fantamtb\/storia-mtb\/atleti\/ramona-forchini\/\">Ramona FORCHINI<\/a><\/td><\/tr><tr><td><a class=\"anno\" href=\"https:\/\/www.365mountainbike.it\/fantamtb\/wp-content\/images\/results\/worlds_xce\/2017_women.pdf\" target=\"_blank\" rel=\"noopener\"><b>2017<\/b><\/a><\/td><td><img loading=\"lazy\" decoding=\"async\" src=\"\/fantamtb\/wp-content\/images\/swi.png\" width=\"20\" height=\"13\" alt=\"SWI\"><br><a href=\"https:\/\/www.365mountainbike.it\/fantamtb\/storia-mtb\/atleti\/kathrin-stirnemann\/\">Kathrin STIRNEMANN<\/a><\/td><td><img loading=\"lazy\" decoding=\"async\" width=\"23\" height=\"14\" src=\"\/fantamtb\/wp-content\/images\/swe.png\" alt=\"SWE\"> <br><a href=\"https:\/\/www.365mountainbike.it\/fantamtb\/senza-categoria\/ella-holmegard\/\">Ella HOLMEGARD<\/a><\/td><td><img loading=\"lazy\" decoding=\"async\" width=\"23\" height=\"15\" src=\"\/fantamtb\/wp-content\/images\/fra.png\" alt=\"FRA\"> <br><a href=\"https:\/\/www.365mountainbike.it\/fantamtb\/senza-categoria\/perrine-clauzel\/\">Perrine CLAUZEL<\/a><\/td><\/tr><tr><td><a class=\"anno\" href=\"https:\/\/www.365mountainbike.it\/fantamtb\/wp-content\/images\/results\/worlds_xce\/2018_women.pdf\" target=\"_blank\" rel=\"noopener\"><b>2018<\/b><\/a><\/td><td><img loading=\"lazy\" decoding=\"async\" width=\"23\" height=\"15\" src=\"\/fantamtb\/wp-content\/images\/fra.png\" alt=\"FRA\"> <br><a href=\"https:\/\/www.365mountainbike.it\/fantamtb\/storia-mtb\/atleti\/coline-clauzure\/\">Coline CLAUZURE<\/a><\/td><td><img loading=\"lazy\" decoding=\"async\" width=\"23\" height=\"14\" src=\"\/fantamtb\/wp-content\/images\/ukr.png\" alt=\"UKR\"> <br><a href=\"https:\/\/www.365mountainbike.it\/fantamtb\/storia-mtb\/atleti\/iryna-popova\/\">Iryna POPOVA<\/a><\/td><td><img loading=\"lazy\" decoding=\"async\" width=\"23\" height=\"14\" src=\"\/fantamtb\/wp-content\/images\/ger.png\" alt=\"GER\"> <br><a href=\"https:\/\/www.365mountainbike.it\/fantamtb\/storia-mtb\/atleti\/marion-fromberger\/\">Marion FROMBERGER<\/a><\/td><\/tr><tr><td><a class=\"anno\" href=\"https:\/\/www.365mountainbike.it\/fantamtb\/wp-content\/images\/results\/worlds_xce\/2019.pdf\" target=\"_blank\" rel=\"noopener\"><b>2019<\/b><\/a><\/td><td><img loading=\"lazy\" decoding=\"async\" width=\"23\" height=\"15\" src=\"\/fantamtb\/wp-content\/images\/ita.png\" alt=\"ITA\"><br><a href=\"https:\/\/www.365mountainbike.it\/fantamtb\/storia-mtb\/atleti\/gaia-tormena\/\">Gaia TORMENA<\/a><\/td><td><img loading=\"lazy\" decoding=\"async\" width=\"23\" height=\"15\" src=\"\/fantamtb\/wp-content\/images\/fra.png\" alt=\"FRA\"><br><a href=\"https:\/\/www.365mountainbike.it\/fantamtb\/senza-categoria\/isaure-medde\/\">Isaure MEDDE<\/a><\/td><td><img loading=\"lazy\" decoding=\"async\" width=\"23\" height=\"15\" src=\"\/fantamtb\/wp-content\/images\/fra.png\" alt=\"FRA\"> <br><a href=\"https:\/\/www.365mountainbike.it\/fantamtb\/storia-mtb\/atleti\/coline-clauzure\/\">Coline CLAUZURE<\/a><\/td><\/tr><tr><td><a class=\"anno\" href=\"https:\/\/www.365mountainbike.it\/fantamtb\/wp-content\/images\/results\/worlds_xce\/2020_women.pdf\" target=\"_blank\" rel=\"noopener\"><b>2020<\/b><\/a><\/td><td><img loading=\"lazy\" decoding=\"async\" width=\"23\" height=\"15\" src=\"\/fantamtb\/wp-content\/images\/fra.png\" alt=\"FRA\"><br><a href=\"https:\/\/www.365mountainbike.it\/fantamtb\/senza-categoria\/isaure-medde\/\">Isaure MEDDE<\/a><\/td><td><img loading=\"lazy\" decoding=\"async\" width=\"23\" height=\"15\" src=\"\/fantamtb\/wp-content\/images\/ita.png\" alt=\"ITA\"><br><a href=\"https:\/\/www.365mountainbike.it\/fantamtb\/storia-mtb\/atleti\/gaia-tormena\/\">Gaia TORMENA<\/a><\/td><td><img loading=\"lazy\" decoding=\"async\" width=\"23\" height=\"15\" src=\"https:\/\/www.365mountainbike.it\/fantamtb\/wp-content\/images\/ned.png\" alt=\"NED\"><br><a href=\"https:\/\/www.365mountainbike.it\/fantamtb\/senza-categoria\/fem-van-empel\/\">Fem  VAN EMPEL<\/a><\/td><\/tr><tr><td><a class=\"anno\" href=\"https:\/\/www.365mountainbike.it\/fantamtb\/wp-content\/images\/results\/worlds_xce\/2021_women.pdf\" target=\"_blank\" rel=\"noopener\"><b>2021<\/b><\/a><\/td><td><img loading=\"lazy\" decoding=\"async\" width=\"23\" height=\"15\" src=\"\/fantamtb\/wp-content\/images\/ita.png\" alt=\"ITA\"><br><a href=\"https:\/\/www.365mountainbike.it\/fantamtb\/storia-mtb\/atleti\/gaia-tormena\/\">Gaia TORMENA<\/a><\/td><td><img loading=\"lazy\" decoding=\"async\" width=\"23\" height=\"15\" src=\"\/fantamtb\/wp-content\/images\/fra.png\" alt=\"FRA\"><br><a href=\"https:\/\/www.365mountainbike.it\/fantamtb\/storia-mtb\/atleti\/noemie-garnier\/\">No\u00e9mie GARNIER<\/a><\/td><td><img loading=\"lazy\" decoding=\"async\" width=\"23\" height=\"14\" src=\"\/fantamtb\/wp-content\/images\/ukr.png\" alt=\"UKR\"> <br><a href=\"https:\/\/www.365mountainbike.it\/fantamtb\/storia-mtb\/atleti\/iryna-popova\/\">Iryna POPOVA<\/a><\/td><\/tr><tr><td><a class=\"anno\" href=\"https:\/\/www.365mountainbike.it\/fantamtb\/wp-content\/images\/results\/worlds_xce\/2022_women.pdf\"><b>2022<\/b><\/a><br><\/td><td><img loading=\"lazy\" decoding=\"async\" width=\"23\" height=\"15\" src=\"\/fantamtb\/wp-content\/images\/ita.png\" alt=\"ITA\"><br><a href=\"https:\/\/www.365mountainbike.it\/fantamtb\/storia-mtb\/atleti\/gaia-tormena\/\">Gaia TORMENA<\/a><\/td><td><img loading=\"lazy\" decoding=\"async\" width=\"23\" height=\"15\" src=\"\/fantamtb\/wp-content\/images\/fra.png\" alt=\"FRA\"> <br><a href=\"https:\/\/www.365mountainbike.it\/fantamtb\/storia-mtb\/atleti\/coline-clauzure\/\">Coline CLAUZURE<\/a><\/td><td><img loading=\"lazy\" decoding=\"async\" width=\"23\" height=\"14\" src=\"\/fantamtb\/wp-content\/images\/swe.png\" alt=\"SWE\"> <br><a href=\"https:\/\/www.365mountainbike.it\/fantamtb\/storia-mtb\/atleti\/ella-holmegard\/\">Ella HOLMEGARD<\/a><\/td><\/tr><tr><td><a class=\"anno\" href=\"https:\/\/www.365mountainbike.it\/mondo-gare\/gaia-tormena-campionessa-del-mondo-per-la-4-volta-in-xce\/\"><strong>2023<\/strong><\/a><\/td><td><img loading=\"lazy\" decoding=\"async\" width=\"23\" height=\"15\" src=\"\/fantamtb\/wp-content\/images\/ita.png\" alt=\"ITA\"><br><a href=\"https:\/\/www.365mountainbike.it\/fantamtb\/storia-mtb\/atleti\/gaia-tormena\/\">Gaia TORMENA<\/a><\/td><td><img loading=\"lazy\" decoding=\"async\" width=\"23\" height=\"15\" src=\"\/fantamtb\/wp-content\/images\/ind.png\" alt=\"IND\"><br>Dara LATIFAH<\/td><td><img loading=\"lazy\" decoding=\"async\" width=\"23\" height=\"15\" src=\"\/fantamtb\/wp-content\/images\/ned.png\" alt=\"NED\"><br>Annemoon VAN DIENST<\/td><\/tr><tr><td><a class=\"anno\" href=\"https:\/\/www.365mountainbike.it\/mondo-gare\/gaia-tormena-5-volte-iridata-nellxc-eliminator\/\" target=\"_blank\" rel=\"noreferrer noopener\"><strong>2024<\/strong><\/a><\/td><td><img loading=\"lazy\" decoding=\"async\" width=\"23\" height=\"15\" src=\"\/fantamtb\/wp-content\/images\/ita.png\" alt=\"ITA\"><br><a href=\"https:\/\/www.365mountainbike.it\/fantamtb\/storia-mtb\/atleti\/gaia-tormena\/\">Gaia TORMENA<\/a><\/td><td><img loading=\"lazy\" decoding=\"async\" width=\"23\" height=\"14\" src=\"\/fantamtb\/wp-content\/images\/ger.png\" alt=\"GER\"><br>Lia SCHRIEVERS<\/td><td><img loading=\"lazy\" decoding=\"async\" width=\"23\" height=\"14\" src=\"\/fantamtb\/wp-content\/images\/ger.png\" alt=\"GER\"><br><a href=\"https:\/\/www.365mountainbike.it\/fantamtb\/atleti\/marion-fromberger\/\">Marion FROMBERGER<\/a><\/td><\/tr><tr><td><a class=\"anno\" href=\"https:\/\/www.365mountainbike.it\/mondo-gare\/mondiali-xce-eliminator-2025-lindh-e-sukhopalova-i-neo-iridati\/\"><strong>2025<\/strong><\/a><\/td><td><img loading=\"lazy\" decoding=\"async\" width=\"23\" height=\"14\" src=\"\/fantamtb\/wp-content\/images\/ukr.png\" alt=\"UKR\"> <br>Mariia SUKHOPALOVA <\/td><td><img loading=\"lazy\" decoding=\"async\" width=\"23\" height=\"15\" src=\"\/fantamtb\/wp-content\/images\/fra.png\" alt=\"FRA\"><br><a href=\"https:\/\/www.365mountainbike.it\/fantamtb\/senza-categoria\/isaure-medde\/\">Isaure MEDDE<\/a><\/td><td><img loading=\"lazy\" decoding=\"async\" width=\"23\" height=\"14\" src=\"\/fantamtb\/wp-content\/images\/ukr.png\" alt=\"UKR\"><br>Maria SHERSTIUK<\/td><\/tr><\/tbody><\/table><\/figure>\n\n\n\n<p><\/p>\n","protected":false,"gt_translate_keys":[{"key":"rendered","format":"html"}]},"excerpt":{"rendered":"<p>Cross-country eliminator (XCE) \u00e8 un formato di gara di mountain bike in cui quattro ciclisti competono l&#8217;uno contro l&#8217;altro su un percorso molto breve. In ogni batteria, i due corridori pi\u00f9 veloci passano al round successivo, mentre i due corridori pi\u00f9 lenti vengono eliminati dalla gara. \u00c8 simile al four-cross, tranne per il fatto che [&hellip;]<\/p>\n","protected":false,"gt_translate_keys":[{"key":"rendered","format":"html"}]},"author":1,"featured_media":25109,"comment_status":"closed","ping_status":"closed","sticky":false,"template":"","format":"standard","meta":{"footnotes":""},"categories":[1261],"tags":[484,5,6,1087,1093,1094,1085,1353,1095,606,1086,1096,1091,1097,1098,1099,1317,1092,1088,488,1100,723,1316,422,1089,1352,1351,1101,1355,1090,18,1102,654,1103,47,1006,497,1084,1354,1083],"class_list":["post-7814","post","type-post","status-publish","format-standard","has-post-thumbnail","hentry","category-eliminator-xce","tag-albo-doro","tag-aleksandra-dawidowicz","tag-alexandra-engen","tag-anton-olstam","tag-catriel-soto","tag-coline-clauzure","tag-daniel-federspiel","tag-edvin-lindh","tag-ella-holmegard","tag-emil-lindgren","tag-fabrice-mels","tag-fem-van-empel","tag-hugo-briatta","tag-ingrid-boe-jacobsen","tag-iryna-popova","tag-isaure-medde","tag-jakob-klemencic","tag-jeroen-van-eck","tag-joel-burman","tag-jolanda-neff","tag-kathrin-stirnemann","tag-kevin-miquel","tag-lia-schrievers","tag-linda-indergand","tag-lorenzo-serres","tag-maria-sherstiuk","tag-mariia-sukhopalova","tag-marion-fromberger","tag-matic-kranjec-zagar","tag-miha-halzer","tag-mondiali","tag-noemie-garnier","tag-paul-van-der-ploeg","tag-perrine-clauzel","tag-ralph-naf","tag-ramona-forchini","tag-samuel-gaze","tag-simon-gegenheimer","tag-theo-hauser","tag-titouan-perrin-ganier"],"yoast_head":"<!-- This site is optimized with the Yoast SEO plugin v27.5 - https:\/\/yoast.com\/product\/yoast-seo-wordpress\/ -->\n<title>Albo d&#039;Oro Campionati del Mondo Cross-Country Eliminator | FANTAmtb<\/title>\n<meta name=\"robots\" content=\"index, follow, max-snippet:-1, max-image-preview:large, max-video-preview:-1\" \/>\n<link rel=\"canonical\" href=\"https:\/\/www.365mountainbike.it\/fantamtb\/storia-mtb\/eliminator-xce\/albo-d-oro-campionati-mondiali-xce\/\" \/>\n<meta property=\"og:locale\" content=\"it_IT\" \/>\n<meta property=\"og:type\" content=\"article\" \/>\n<meta property=\"og:title\" content=\"Albo d&#039;Oro Campionati del Mondo Cross-Country Eliminator | FANTAmtb\" \/>\n<meta property=\"og:description\" content=\"Cross-country eliminator (XCE) \u00e8 un formato di gara di mountain bike in cui quattro ciclisti competono l&#8217;uno contro l&#8217;altro su un percorso molto breve. In ogni batteria, i due corridori pi\u00f9 veloci passano al round successivo, mentre i due corridori pi\u00f9 lenti vengono eliminati dalla gara. \u00c8 simile al four-cross, tranne per il fatto che [&hellip;]\" \/>\n<meta property=\"og:url\" content=\"https:\/\/www.365mountainbike.it\/fantamtb\/storia-mtb\/eliminator-xce\/albo-d-oro-campionati-mondiali-xce\/\" \/>\n<meta property=\"og:site_name\" content=\"FANTAmtb\" \/>\n<meta property=\"article:published_time\" content=\"2022-01-13T15:20:06+00:00\" \/>\n<meta property=\"article:modified_time\" content=\"2026-01-10T16:03:43+00:00\" \/>\n<meta property=\"og:image\" content=\"https:\/\/www.365mountainbike.it\/fantamtb\/wp-content\/uploads\/2022\/01\/pillar-to-post-stirnemann-takes-the-snap.jpg\" \/>\n\t<meta property=\"og:image:width\" content=\"1800\" \/>\n\t<meta property=\"og:image:height\" content=\"945\" \/>\n\t<meta property=\"og:image:type\" content=\"image\/jpeg\" \/>\n<meta name=\"author\" content=\"FANTAmtb\" \/>\n<meta name=\"twitter:card\" content=\"summary_large_image\" \/>\n<meta name=\"twitter:label1\" content=\"Scritto da\" \/>\n\t<meta name=\"twitter:data1\" content=\"FANTAmtb\" \/>\n\t<meta name=\"twitter:label2\" content=\"Tempo di lettura stimato\" \/>\n\t<meta name=\"twitter:data2\" content=\"15 minuti\" \/>\n<script type=\"application\/ld+json\" class=\"yoast-schema-graph\">{\"@context\":\"https:\\\/\\\/schema.org\",\"@graph\":[{\"@type\":\"Article\",\"@id\":\"https:\\\/\\\/www.365mountainbike.it\\\/fantamtb\\\/storia-mtb\\\/eliminator-xce\\\/albo-d-oro-campionati-mondiali-xce\\\/#article\",\"isPartOf\":{\"@id\":\"https:\\\/\\\/www.365mountainbike.it\\\/fantamtb\\\/storia-mtb\\\/eliminator-xce\\\/albo-d-oro-campionati-mondiali-xce\\\/\"},\"author\":{\"name\":\"FANTAmtb\",\"@id\":\"https:\\\/\\\/www.365mountainbike.it\\\/fantamtb\\\/#\\\/schema\\\/person\\\/7b4a30b446207c8d00024d9717c3b63b\"},\"headline\":\"Albo d&#8217;Oro Campionati del Mondo Cross-Country Eliminator\",\"datePublished\":\"2022-01-13T15:20:06+00:00\",\"dateModified\":\"2026-01-10T16:03:43+00:00\",\"mainEntityOfPage\":{\"@id\":\"https:\\\/\\\/www.365mountainbike.it\\\/fantamtb\\\/storia-mtb\\\/eliminator-xce\\\/albo-d-oro-campionati-mondiali-xce\\\/\"},\"wordCount\":410,\"image\":{\"@id\":\"https:\\\/\\\/www.365mountainbike.it\\\/fantamtb\\\/storia-mtb\\\/eliminator-xce\\\/albo-d-oro-campionati-mondiali-xce\\\/#primaryimage\"},\"thumbnailUrl\":\"https:\\\/\\\/www.365mountainbike.it\\\/fantamtb\\\/wp-content\\\/uploads\\\/2022\\\/01\\\/pillar-to-post-stirnemann-takes-the-snap.jpg\",\"keywords\":[\"Albo D'Oro\",\"Aleksandra Dawidowicz\",\"Alexandra Engen\",\"Anton Olstam\",\"Catriel Soto\",\"Coline Clauzure\",\"Daniel Federspiel\",\"Edvin Lindh\",\"Ella Holmegard\",\"Emil Lindgren\",\"Fabrice Mels\",\"Fem Van Empel\",\"Hugo Briatta\",\"Ingrid Boe Jacobsen\",\"Iryna Popova\",\"Isaure Medde\",\"Jakob Klemencic\",\"Jeroen Van Eck\",\"Joel Burman\",\"Jolanda Neff\",\"Kathrin Stirnemann\",\"Kevin Miquel\",\"Lia Schrievers\",\"Linda Indergand\",\"Lorenzo Serres\",\"Maria Sherstiuk\",\"Mariia Sukhopalova\",\"Marion Fromberger\",\"Matic Kranjec Zagar\",\"Miha Halzer\",\"Mondiali\",\"Noemie Garnier\",\"Paul Van Der Ploeg\",\"Perrine Clauzel\",\"Ralph Naf\",\"Ramona Forchini\",\"Samuel Gaze\",\"Simon Gegenheimer\",\"Theo Hauser\",\"Titouan Perrin Ganier\"],\"articleSection\":[\"Eliminator XCE\"],\"inLanguage\":\"it-IT\"},{\"@type\":\"WebPage\",\"@id\":\"https:\\\/\\\/www.365mountainbike.it\\\/fantamtb\\\/storia-mtb\\\/eliminator-xce\\\/albo-d-oro-campionati-mondiali-xce\\\/\",\"url\":\"https:\\\/\\\/www.365mountainbike.it\\\/fantamtb\\\/storia-mtb\\\/eliminator-xce\\\/albo-d-oro-campionati-mondiali-xce\\\/\",\"name\":\"Albo d'Oro Campionati del Mondo Cross-Country Eliminator | FANTAmtb\",\"isPartOf\":{\"@id\":\"https:\\\/\\\/www.365mountainbike.it\\\/fantamtb\\\/#website\"},\"primaryImageOfPage\":{\"@id\":\"https:\\\/\\\/www.365mountainbike.it\\\/fantamtb\\\/storia-mtb\\\/eliminator-xce\\\/albo-d-oro-campionati-mondiali-xce\\\/#primaryimage\"},\"image\":{\"@id\":\"https:\\\/\\\/www.365mountainbike.it\\\/fantamtb\\\/storia-mtb\\\/eliminator-xce\\\/albo-d-oro-campionati-mondiali-xce\\\/#primaryimage\"},\"thumbnailUrl\":\"https:\\\/\\\/www.365mountainbike.it\\\/fantamtb\\\/wp-content\\\/uploads\\\/2022\\\/01\\\/pillar-to-post-stirnemann-takes-the-snap.jpg\",\"datePublished\":\"2022-01-13T15:20:06+00:00\",\"dateModified\":\"2026-01-10T16:03:43+00:00\",\"author\":{\"@id\":\"https:\\\/\\\/www.365mountainbike.it\\\/fantamtb\\\/#\\\/schema\\\/person\\\/7b4a30b446207c8d00024d9717c3b63b\"},\"breadcrumb\":{\"@id\":\"https:\\\/\\\/www.365mountainbike.it\\\/fantamtb\\\/storia-mtb\\\/eliminator-xce\\\/albo-d-oro-campionati-mondiali-xce\\\/#breadcrumb\"},\"inLanguage\":\"it-IT\",\"potentialAction\":[{\"@type\":\"ReadAction\",\"target\":[\"https:\\\/\\\/www.365mountainbike.it\\\/fantamtb\\\/storia-mtb\\\/eliminator-xce\\\/albo-d-oro-campionati-mondiali-xce\\\/\"]}]},{\"@type\":\"ImageObject\",\"inLanguage\":\"it-IT\",\"@id\":\"https:\\\/\\\/www.365mountainbike.it\\\/fantamtb\\\/storia-mtb\\\/eliminator-xce\\\/albo-d-oro-campionati-mondiali-xce\\\/#primaryimage\",\"url\":\"https:\\\/\\\/www.365mountainbike.it\\\/fantamtb\\\/wp-content\\\/uploads\\\/2022\\\/01\\\/pillar-to-post-stirnemann-takes-the-snap.jpg\",\"contentUrl\":\"https:\\\/\\\/www.365mountainbike.it\\\/fantamtb\\\/wp-content\\\/uploads\\\/2022\\\/01\\\/pillar-to-post-stirnemann-takes-the-snap.jpg\",\"width\":1800,\"height\":945},{\"@type\":\"BreadcrumbList\",\"@id\":\"https:\\\/\\\/www.365mountainbike.it\\\/fantamtb\\\/storia-mtb\\\/eliminator-xce\\\/albo-d-oro-campionati-mondiali-xce\\\/#breadcrumb\",\"itemListElement\":[{\"@type\":\"ListItem\",\"position\":1,\"name\":\"Home\",\"item\":\"https:\\\/\\\/www.365mountainbike.it\\\/fantamtb\\\/\"},{\"@type\":\"ListItem\",\"position\":2,\"name\":\"Storia MTB\",\"item\":\"https:\\\/\\\/www.365mountainbike.it\\\/fantamtb\\\/storia-mtb\\\/\"},{\"@type\":\"ListItem\",\"position\":3,\"name\":\"XCE Eliminator\",\"item\":\"https:\\\/\\\/www.365mountainbike.it\\\/fantamtb\\\/storia-mtb\\\/eliminator-xce\\\/\"},{\"@type\":\"ListItem\",\"position\":4,\"name\":\"Albo d&#8217;Oro Campionati del Mondo Cross-Country Eliminator\"}]},{\"@type\":\"WebSite\",\"@id\":\"https:\\\/\\\/www.365mountainbike.it\\\/fantamtb\\\/#website\",\"url\":\"https:\\\/\\\/www.365mountainbike.it\\\/fantamtb\\\/\",\"name\":\"FANTAmtb\",\"description\":\"Il FANTAciclismo della Mountain Bike (FANTAcycling)\",\"potentialAction\":[{\"@type\":\"SearchAction\",\"target\":{\"@type\":\"EntryPoint\",\"urlTemplate\":\"https:\\\/\\\/www.365mountainbike.it\\\/fantamtb\\\/?s={search_term_string}\"},\"query-input\":{\"@type\":\"PropertyValueSpecification\",\"valueRequired\":true,\"valueName\":\"search_term_string\"}}],\"inLanguage\":\"it-IT\"},{\"@type\":\"Person\",\"@id\":\"https:\\\/\\\/www.365mountainbike.it\\\/fantamtb\\\/#\\\/schema\\\/person\\\/7b4a30b446207c8d00024d9717c3b63b\",\"name\":\"FANTAmtb\",\"image\":{\"@type\":\"ImageObject\",\"inLanguage\":\"it-IT\",\"@id\":\"\\\/\\\/www.365mountainbike.it\\\/fantamtb\\\/wp-content\\\/uploads\\\/wpforo\\\/avatars\\\/davide_1.png\",\"url\":\"\\\/\\\/www.365mountainbike.it\\\/fantamtb\\\/wp-content\\\/uploads\\\/wpforo\\\/avatars\\\/davide_1.png\",\"contentUrl\":\"\\\/\\\/www.365mountainbike.it\\\/fantamtb\\\/wp-content\\\/uploads\\\/wpforo\\\/avatars\\\/davide_1.png\",\"caption\":\"FANTAmtb\"},\"sameAs\":[\"https:\\\/\\\/www.365mountainbike.it\\\/fantamtb\"],\"url\":\"https:\\\/\\\/www.365mountainbike.it\\\/fantamtb\\\/author\\\/davide\\\/\"}]}<\/script>\n<!-- \/ Yoast SEO plugin. -->","yoast_head_json":{"title":"Albo d'Oro Campionati del Mondo Cross-Country Eliminator | FANTAmtb","robots":{"index":"index","follow":"follow","max-snippet":"max-snippet:-1","max-image-preview":"max-image-preview:large","max-video-preview":"max-video-preview:-1"},"canonical":"https:\/\/www.365mountainbike.it\/fantamtb\/storia-mtb\/eliminator-xce\/albo-d-oro-campionati-mondiali-xce\/","og_locale":"it_IT","og_type":"article","og_title":"Albo d'Oro Campionati del Mondo Cross-Country Eliminator | FANTAmtb","og_description":"Cross-country eliminator (XCE) \u00e8 un formato di gara di mountain bike in cui quattro ciclisti competono l&#8217;uno contro l&#8217;altro su un percorso molto breve. In ogni batteria, i due corridori pi\u00f9 veloci passano al round successivo, mentre i due corridori pi\u00f9 lenti vengono eliminati dalla gara. \u00c8 simile al four-cross, tranne per il fatto che [&hellip;]","og_url":"https:\/\/www.365mountainbike.it\/fantamtb\/storia-mtb\/eliminator-xce\/albo-d-oro-campionati-mondiali-xce\/","og_site_name":"FANTAmtb","article_published_time":"2022-01-13T15:20:06+00:00","article_modified_time":"2026-01-10T16:03:43+00:00","og_image":[{"width":1800,"height":945,"url":"https:\/\/www.365mountainbike.it\/fantamtb\/wp-content\/uploads\/2022\/01\/pillar-to-post-stirnemann-takes-the-snap.jpg","type":"image\/jpeg"}],"author":"FANTAmtb","twitter_card":"summary_large_image","twitter_misc":{"Scritto da":"FANTAmtb","Tempo di lettura stimato":"15 minuti"},"schema":{"@context":"https:\/\/schema.org","@graph":[{"@type":"Article","@id":"https:\/\/www.365mountainbike.it\/fantamtb\/storia-mtb\/eliminator-xce\/albo-d-oro-campionati-mondiali-xce\/#article","isPartOf":{"@id":"https:\/\/www.365mountainbike.it\/fantamtb\/storia-mtb\/eliminator-xce\/albo-d-oro-campionati-mondiali-xce\/"},"author":{"name":"FANTAmtb","@id":"https:\/\/www.365mountainbike.it\/fantamtb\/#\/schema\/person\/7b4a30b446207c8d00024d9717c3b63b"},"headline":"Albo d&#8217;Oro Campionati del Mondo Cross-Country Eliminator","datePublished":"2022-01-13T15:20:06+00:00","dateModified":"2026-01-10T16:03:43+00:00","mainEntityOfPage":{"@id":"https:\/\/www.365mountainbike.it\/fantamtb\/storia-mtb\/eliminator-xce\/albo-d-oro-campionati-mondiali-xce\/"},"wordCount":410,"image":{"@id":"https:\/\/www.365mountainbike.it\/fantamtb\/storia-mtb\/eliminator-xce\/albo-d-oro-campionati-mondiali-xce\/#primaryimage"},"thumbnailUrl":"https:\/\/www.365mountainbike.it\/fantamtb\/wp-content\/uploads\/2022\/01\/pillar-to-post-stirnemann-takes-the-snap.jpg","keywords":["Albo D'Oro","Aleksandra Dawidowicz","Alexandra Engen","Anton Olstam","Catriel Soto","Coline Clauzure","Daniel Federspiel","Edvin Lindh","Ella Holmegard","Emil Lindgren","Fabrice Mels","Fem Van Empel","Hugo Briatta","Ingrid Boe Jacobsen","Iryna Popova","Isaure Medde","Jakob Klemencic","Jeroen Van Eck","Joel Burman","Jolanda Neff","Kathrin Stirnemann","Kevin Miquel","Lia Schrievers","Linda Indergand","Lorenzo Serres","Maria Sherstiuk","Mariia Sukhopalova","Marion Fromberger","Matic Kranjec Zagar","Miha Halzer","Mondiali","Noemie Garnier","Paul Van Der Ploeg","Perrine Clauzel","Ralph Naf","Ramona Forchini","Samuel Gaze","Simon Gegenheimer","Theo Hauser","Titouan Perrin Ganier"],"articleSection":["Eliminator XCE"],"inLanguage":"it-IT"},{"@type":"WebPage","@id":"https:\/\/www.365mountainbike.it\/fantamtb\/storia-mtb\/eliminator-xce\/albo-d-oro-campionati-mondiali-xce\/","url":"https:\/\/www.365mountainbike.it\/fantamtb\/storia-mtb\/eliminator-xce\/albo-d-oro-campionati-mondiali-xce\/","name":"Albo d'Oro Campionati del Mondo Cross-Country Eliminator | FANTAmtb","isPartOf":{"@id":"https:\/\/www.365mountainbike.it\/fantamtb\/#website"},"primaryImageOfPage":{"@id":"https:\/\/www.365mountainbike.it\/fantamtb\/storia-mtb\/eliminator-xce\/albo-d-oro-campionati-mondiali-xce\/#primaryimage"},"image":{"@id":"https:\/\/www.365mountainbike.it\/fantamtb\/storia-mtb\/eliminator-xce\/albo-d-oro-campionati-mondiali-xce\/#primaryimage"},"thumbnailUrl":"https:\/\/www.365mountainbike.it\/fantamtb\/wp-content\/uploads\/2022\/01\/pillar-to-post-stirnemann-takes-the-snap.jpg","datePublished":"2022-01-13T15:20:06+00:00","dateModified":"2026-01-10T16:03:43+00:00","author":{"@id":"https:\/\/www.365mountainbike.it\/fantamtb\/#\/schema\/person\/7b4a30b446207c8d00024d9717c3b63b"},"breadcrumb":{"@id":"https:\/\/www.365mountainbike.it\/fantamtb\/storia-mtb\/eliminator-xce\/albo-d-oro-campionati-mondiali-xce\/#breadcrumb"},"inLanguage":"it-IT","potentialAction":[{"@type":"ReadAction","target":["https:\/\/www.365mountainbike.it\/fantamtb\/storia-mtb\/eliminator-xce\/albo-d-oro-campionati-mondiali-xce\/"]}]},{"@type":"ImageObject","inLanguage":"it-IT","@id":"https:\/\/www.365mountainbike.it\/fantamtb\/storia-mtb\/eliminator-xce\/albo-d-oro-campionati-mondiali-xce\/#primaryimage","url":"https:\/\/www.365mountainbike.it\/fantamtb\/wp-content\/uploads\/2022\/01\/pillar-to-post-stirnemann-takes-the-snap.jpg","contentUrl":"https:\/\/www.365mountainbike.it\/fantamtb\/wp-content\/uploads\/2022\/01\/pillar-to-post-stirnemann-takes-the-snap.jpg","width":1800,"height":945},{"@type":"BreadcrumbList","@id":"https:\/\/www.365mountainbike.it\/fantamtb\/storia-mtb\/eliminator-xce\/albo-d-oro-campionati-mondiali-xce\/#breadcrumb","itemListElement":[{"@type":"ListItem","position":1,"name":"Home","item":"https:\/\/www.365mountainbike.it\/fantamtb\/"},{"@type":"ListItem","position":2,"name":"Storia MTB","item":"https:\/\/www.365mountainbike.it\/fantamtb\/storia-mtb\/"},{"@type":"ListItem","position":3,"name":"XCE Eliminator","item":"https:\/\/www.365mountainbike.it\/fantamtb\/storia-mtb\/eliminator-xce\/"},{"@type":"ListItem","position":4,"name":"Albo d&#8217;Oro Campionati del Mondo Cross-Country Eliminator"}]},{"@type":"WebSite","@id":"https:\/\/www.365mountainbike.it\/fantamtb\/#website","url":"https:\/\/www.365mountainbike.it\/fantamtb\/","name":"FANTAmtb","description":"Il FANTAciclismo della Mountain Bike (FANTAcycling)","potentialAction":[{"@type":"SearchAction","target":{"@type":"EntryPoint","urlTemplate":"https:\/\/www.365mountainbike.it\/fantamtb\/?s={search_term_string}"},"query-input":{"@type":"PropertyValueSpecification","valueRequired":true,"valueName":"search_term_string"}}],"inLanguage":"it-IT"},{"@type":"Person","@id":"https:\/\/www.365mountainbike.it\/fantamtb\/#\/schema\/person\/7b4a30b446207c8d00024d9717c3b63b","name":"FANTAmtb","image":{"@type":"ImageObject","inLanguage":"it-IT","@id":"\/\/www.365mountainbike.it\/fantamtb\/wp-content\/uploads\/wpforo\/avatars\/davide_1.png","url":"\/\/www.365mountainbike.it\/fantamtb\/wp-content\/uploads\/wpforo\/avatars\/davide_1.png","contentUrl":"\/\/www.365mountainbike.it\/fantamtb\/wp-content\/uploads\/wpforo\/avatars\/davide_1.png","caption":"FANTAmtb"},"sameAs":["https:\/\/www.365mountainbike.it\/fantamtb"],"url":"https:\/\/www.365mountainbike.it\/fantamtb\/author\/davide\/"}]}},"gt_translate_keys":[{"key":"link","format":"url"}],"_links":{"self":[{"href":"https:\/\/www.365mountainbike.it\/fantamtb\/wp-json\/wp\/v2\/posts\/7814","targetHints":{"allow":["GET"]}}],"collection":[{"href":"https:\/\/www.365mountainbike.it\/fantamtb\/wp-json\/wp\/v2\/posts"}],"about":[{"href":"https:\/\/www.365mountainbike.it\/fantamtb\/wp-json\/wp\/v2\/types\/post"}],"author":[{"embeddable":true,"href":"https:\/\/www.365mountainbike.it\/fantamtb\/wp-json\/wp\/v2\/users\/1"}],"replies":[{"embeddable":true,"href":"https:\/\/www.365mountainbike.it\/fantamtb\/wp-json\/wp\/v2\/comments?post=7814"}],"version-history":[{"count":6,"href":"https:\/\/www.365mountainbike.it\/fantamtb\/wp-json\/wp\/v2\/posts\/7814\/revisions"}],"predecessor-version":[{"id":25197,"href":"https:\/\/www.365mountainbike.it\/fantamtb\/wp-json\/wp\/v2\/posts\/7814\/revisions\/25197"}],"wp:featuredmedia":[{"embeddable":true,"href":"https:\/\/www.365mountainbike.it\/fantamtb\/wp-json\/wp\/v2\/media\/25109"}],"wp:attachment":[{"href":"https:\/\/www.365mountainbike.it\/fantamtb\/wp-json\/wp\/v2\/media?parent=7814"}],"wp:term":[{"taxonomy":"category","embeddable":true,"href":"https:\/\/www.365mountainbike.it\/fantamtb\/wp-json\/wp\/v2\/categories?post=7814"},{"taxonomy":"post_tag","embeddable":true,"href":"https:\/\/www.365mountainbike.it\/fantamtb\/wp-json\/wp\/v2\/tags?post=7814"}],"curies":[{"name":"wp","href":"https:\/\/api.w.org\/{rel}","templated":true}]}}