{"id":7425,"date":"2022-01-11T22:43:07","date_gmt":"2022-01-11T21:43:07","guid":{"rendered":"https:\/\/www.365mountainbike.it\/fantamtb\/?p=7425"},"modified":"2026-01-24T17:05:38","modified_gmt":"2026-01-24T17:05:38","slug":"campionato-del-mondo-downhill-2018","status":"publish","type":"post","link":"https:\/\/www.365mountainbike.it\/fantamtb\/storia-mtb\/downhill-dh\/campionato-del-mondo-downhill-2018\/","title":{"rendered":"Campionati Mondiali DH 2018, Lenzerheide (SVIZZERA)","gt_translate_keys":[{"key":"rendered","format":"text"}]},"content":{"rendered":"\n<p>9 Settembre 2018 &#8211; Lenzerheide 2018: tracciato corto e intenso. In soli 3 minuti ha racchiuso molti aspetti tecnici con un grandissimo show. Buone le prestazioni di Morganne Charre e della svizzera Emilie Siegenthaler, che tengono la leadership prima delle big finali. Myriam Nicole \u00e8 la prima a dare uno bello scossone con uno splendido 3&#8217;26&#8243;414. Mancano Tracey Hannah, Tahn\u00e9e Seagrave e Rachel Atherton. Hannah non ce la, sar\u00e0 quinta, mentre Seagrave mette dietro la transalpina per pochi centesimi. Manca solo Rachel Atherton che fa un altro sport e va a vincere con quasi 10&#8243; di vantaggio. Per lei \u00e8 il suo quinto titolo di campionessa del mondo. Delusione per la campionessa Miranda Miller, solo 18^ in una stagione opaca.<\/p>\n\n\n\n<p>Dopo la corsa femminile, tocca agli uomini. Il sole splende e il primo a scendere sotto il muro dei 3 minuti \u00e8 Greg Minnaar. Il sudafricano, leggenda della disciplina, ferma il cronometro su 2&#8242; 57&#8243;788. Dopo tanti riders, Martin Maes riesce a far meglio di 2.5 secondi. Il belga, recentemente vincitore della tappa di Coppa del Mondo di La Bresse, si \u00e8 confermato in grande forma.<\/p>\n\n\n\n<figure class=\"wp-block-gallery aligncenter has-nested-images columns-default is-cropped wp-block-gallery-1 is-layout-flex wp-block-gallery-is-layout-flex\">\n<figure class=\"wp-block-image size-large\"><a href=\"https:\/\/www.365mountainbike.it\/fantamtb\/wp-content\/uploads\/2022\/01\/Podio-Mondiali-DH-MTB-2018-Lenzerheide-5.jpg\"><picture><source srcset=\"https:\/\/www.365mountainbike.it\/fantamtb\/wp-content\/uploads\/2022\/01\/Podio-Mondiali-DH-MTB-2018-Lenzerheide-5-1024x682.jpg 1024w, https:\/\/www.365mountainbike.it\/fantamtb\/wp-content\/uploads\/2022\/01\/Podio-Mondiali-DH-MTB-2018-Lenzerheide-5-300x200.jpg 300w, https:\/\/www.365mountainbike.it\/fantamtb\/wp-content\/uploads\/2022\/01\/Podio-Mondiali-DH-MTB-2018-Lenzerheide-5-768x512.jpg 768w,https:\/\/www.365mountainbike.it\/fantamtb\/wp-content\/uploads\/2022\/01\/Podio-Mondiali-DH-MTB-2018-Lenzerheide-5-1536x1024.jpg.webp 1536w,https:\/\/www.365mountainbike.it\/fantamtb\/wp-content\/uploads\/2022\/01\/Podio-Mondiali-DH-MTB-2018-Lenzerheide-5.jpg.webp 2000w\" sizes=\"auto, (max-width: 1024px) 100vw, 1024px\" type=\"image\/webp\"><img src=\"https:\/\/www.365mountainbike.it\/fantamtb\/wp-content\/uploads\/2022\/01\/Podio-Mondiali-DH-MTB-2018-Lenzerheide-5-1024x682.jpg\" height=\"682\" width=\"1024\" srcset=\"https:\/\/www.365mountainbike.it\/fantamtb\/wp-content\/uploads\/2022\/01\/Podio-Mondiali-DH-MTB-2018-Lenzerheide-5-1024x682.jpg 1024w, https:\/\/www.365mountainbike.it\/fantamtb\/wp-content\/uploads\/2022\/01\/Podio-Mondiali-DH-MTB-2018-Lenzerheide-5-300x200.jpg 300w, https:\/\/www.365mountainbike.it\/fantamtb\/wp-content\/uploads\/2022\/01\/Podio-Mondiali-DH-MTB-2018-Lenzerheide-5-768x512.jpg 768w, https:\/\/www.365mountainbike.it\/fantamtb\/wp-content\/uploads\/2022\/01\/Podio-Mondiali-DH-MTB-2018-Lenzerheide-5-1536x1024.jpg 1536w, https:\/\/www.365mountainbike.it\/fantamtb\/wp-content\/uploads\/2022\/01\/Podio-Mondiali-DH-MTB-2018-Lenzerheide-5.jpg 2000w\" sizes=\"auto, (max-width: 1024px) 100vw, 1024px\" class=\"wp-image-22826 sp-no-webp\" alt=\"\u00a9\ufe0fBartek Wolinski\/Red Bull Content Pool - Maes-Bruni-Hart, Podio Campionato del mondo 2018 DH Elite Men\" loading=\"lazy\" decoding=\"async\" data-id=\"22826\"  > <\/picture><\/a><figcaption class=\"wp-element-caption\">\u00a9\ufe0fBartek Wolinski\/Red Bull Content Pool &#8211; Maes-Bruni-Hart, Podio Campionato del mondo 2018 DH Elite Men<\/figcaption><\/figure>\n\n\n\n<figure class=\"wp-block-image size-large\"><a href=\"https:\/\/www.365mountainbike.it\/fantamtb\/wp-content\/uploads\/2022\/01\/Seagrave-Atherton-Nicole-Podio-Campionato-del-mondo-2018-DH-Elite-Women.jpg\"><picture><source srcset=\"https:\/\/www.365mountainbike.it\/fantamtb\/wp-content\/uploads\/2022\/01\/Seagrave-Atherton-Nicole-Podio-Campionato-del-mondo-2018-DH-Elite-Women-1024x681.jpg 1024w, https:\/\/www.365mountainbike.it\/fantamtb\/wp-content\/uploads\/2022\/01\/Seagrave-Atherton-Nicole-Podio-Campionato-del-mondo-2018-DH-Elite-Women-300x200.jpg 300w, https:\/\/www.365mountainbike.it\/fantamtb\/wp-content\/uploads\/2022\/01\/Seagrave-Atherton-Nicole-Podio-Campionato-del-mondo-2018-DH-Elite-Women-768x511.jpg 768w,https:\/\/www.365mountainbike.it\/fantamtb\/wp-content\/uploads\/2022\/01\/Seagrave-Atherton-Nicole-Podio-Campionato-del-mondo-2018-DH-Elite-Women-1536x1022.jpg.webp 1536w,https:\/\/www.365mountainbike.it\/fantamtb\/wp-content\/uploads\/2022\/01\/Seagrave-Atherton-Nicole-Podio-Campionato-del-mondo-2018-DH-Elite-Women.jpg.webp 2000w\" sizes=\"auto, (max-width: 1024px) 100vw, 1024px\" type=\"image\/webp\"><img src=\"https:\/\/www.365mountainbike.it\/fantamtb\/wp-content\/uploads\/2022\/01\/Seagrave-Atherton-Nicole-Podio-Campionato-del-mondo-2018-DH-Elite-Women-1024x681.jpg\" height=\"681\" width=\"1024\" srcset=\"https:\/\/www.365mountainbike.it\/fantamtb\/wp-content\/uploads\/2022\/01\/Seagrave-Atherton-Nicole-Podio-Campionato-del-mondo-2018-DH-Elite-Women-1024x681.jpg 1024w, https:\/\/www.365mountainbike.it\/fantamtb\/wp-content\/uploads\/2022\/01\/Seagrave-Atherton-Nicole-Podio-Campionato-del-mondo-2018-DH-Elite-Women-300x200.jpg 300w, https:\/\/www.365mountainbike.it\/fantamtb\/wp-content\/uploads\/2022\/01\/Seagrave-Atherton-Nicole-Podio-Campionato-del-mondo-2018-DH-Elite-Women-768x511.jpg 768w, https:\/\/www.365mountainbike.it\/fantamtb\/wp-content\/uploads\/2022\/01\/Seagrave-Atherton-Nicole-Podio-Campionato-del-mondo-2018-DH-Elite-Women-1536x1022.jpg 1536w, https:\/\/www.365mountainbike.it\/fantamtb\/wp-content\/uploads\/2022\/01\/Seagrave-Atherton-Nicole-Podio-Campionato-del-mondo-2018-DH-Elite-Women.jpg 2000w\" sizes=\"auto, (max-width: 1024px) 100vw, 1024px\" class=\"wp-image-22828 sp-no-webp\" alt=\"Tahnee Seagrave, Rachel Atherton, Myriam Nicole\" loading=\"lazy\" decoding=\"async\" data-id=\"22828\"  > <\/picture><\/a><figcaption class=\"wp-element-caption\">\u00a9\ufe0fBartek Wolinski\/Red Bull Content Pool &#8211; Seagrave-Atherton-Nicole, Podio Campionato del mondo 2018 DH Elite Women<\/figcaption><\/figure>\n<\/figure>\n\n\n\n<p>L&#8217;americano Aaron Gwin, che viaggiava sui tempi del belga, commette un errore nel tratto boschivo che lo fa finire dietro di un secondo. Bisogna aspettare Loic Bruni per vedere il miglior tempo della giornata, appena pi\u00f9 veloce di 0.213 secondi rispetto a Maes. Bruni pu\u00f2 quindi festeggiare il suo terzo titolo di Campione del mondo e, a soli 24 anni, si fa un pochino pi\u00f9 vicino al record del connazionale Nicolas Vouilloz, a quota sette maglie iridate.<\/p>\n\n\n\n<figure class=\"wp-block-image size-large\"><picture><source srcset=\"https:\/\/www.365mountainbike.it\/fantamtb\/wp-content\/uploads\/2022\/01\/Valentina-Holl-wins-World-Championship-Junior-DH-Women-2018-scaled-1-1024x682.jpg 1024w, https:\/\/www.365mountainbike.it\/fantamtb\/wp-content\/uploads\/2022\/01\/Valentina-Holl-wins-World-Championship-Junior-DH-Women-2018-scaled-1-300x200.jpg 300w, https:\/\/www.365mountainbike.it\/fantamtb\/wp-content\/uploads\/2022\/01\/Valentina-Holl-wins-World-Championship-Junior-DH-Women-2018-scaled-1-768x511.jpg 768w,https:\/\/www.365mountainbike.it\/fantamtb\/wp-content\/uploads\/2022\/01\/Valentina-Holl-wins-World-Championship-Junior-DH-Women-2018-scaled-1-1536x1022.jpg.webp 1536w,https:\/\/www.365mountainbike.it\/fantamtb\/wp-content\/uploads\/2022\/01\/Valentina-Holl-wins-World-Championship-Junior-DH-Women-2018-scaled-1-2048x1363.jpg.webp 2048w\" sizes=\"auto, (max-width: 1024px) 100vw, 1024px\" type=\"image\/webp\"><img src=\"https:\/\/www.365mountainbike.it\/fantamtb\/wp-content\/uploads\/2022\/01\/Valentina-Holl-wins-World-Championship-Junior-DH-Women-2018-scaled-1-1024x682.jpg\" height=\"682\" width=\"1024\" srcset=\"https:\/\/www.365mountainbike.it\/fantamtb\/wp-content\/uploads\/2022\/01\/Valentina-Holl-wins-World-Championship-Junior-DH-Women-2018-scaled-1-1024x682.jpg 1024w, https:\/\/www.365mountainbike.it\/fantamtb\/wp-content\/uploads\/2022\/01\/Valentina-Holl-wins-World-Championship-Junior-DH-Women-2018-scaled-1-300x200.jpg 300w, https:\/\/www.365mountainbike.it\/fantamtb\/wp-content\/uploads\/2022\/01\/Valentina-Holl-wins-World-Championship-Junior-DH-Women-2018-scaled-1-768x511.jpg 768w, https:\/\/www.365mountainbike.it\/fantamtb\/wp-content\/uploads\/2022\/01\/Valentina-Holl-wins-World-Championship-Junior-DH-Women-2018-scaled-1-1536x1022.jpg 1536w, https:\/\/www.365mountainbike.it\/fantamtb\/wp-content\/uploads\/2022\/01\/Valentina-Holl-wins-World-Championship-Junior-DH-Women-2018-scaled-1-2048x1363.jpg 2048w\" sizes=\"auto, (max-width: 1024px) 100vw, 1024px\" class=\"wp-image-7468 sp-no-webp\" alt=\"Valentina\u00a0H\u00f6ll vince Campionato del mondo Junior DH Women 2018\" loading=\"lazy\" decoding=\"async\"  > <\/picture><figcaption class=\"wp-element-caption\">\u00a9\ufe0fBartek Wolinski\/Red Bull Content Pool &#8211; Valentina&nbsp;H\u00f6ll vince Campionato del mondo Junior DH Women 2018<\/figcaption><\/figure>\n\n\n\n<p>Tra i giovani spunta un fenomeno in ambito giovanile, vale a dire l&#8217;austriaca Valentina&nbsp;H\u00f6ll, che sbaraglia la concorrenza tra le Juniores mentre in campo maschile \u00e8 il britannico Kade Edwards a primeggiare.<\/p>\n\n\n\n<p><\/p>\n\n\n\n<figure class=\"wp-block-table is-style-stripes\"><table class=\"has-black-color has-text-color\"><tbody><tr><td><span style=\"color: #ff0000;\"><strong>EL M<\/strong><\/span><\/td><\/tr><tr><td><img loading=\"lazy\" decoding=\"async\" style=\"border: 0pt none;\" src=\"\/fantamtb\/wp-content\/images\/iride.jpg\" alt=\"World Champion\" width=\"25\" height=\"16\" border=\"0\"><\/td><td><img decoding=\"async\" border=\"0\" style=\"border: 0pt none;\" src=\"\/fantamtb\/wp-content\/images\/fra.png\" alt=\"FRA\">&nbsp;<a href=\"https:\/\/www.365mountainbike.it\/fantamtb\/storia-mtb\/atleti\/loic-bruni\/\">Loic BRUNI<\/a><\/td><td><strong>2&#8217;55&#8243;114<\/strong><\/td><\/tr><tr><td><strong>2<\/strong><\/td><td><img loading=\"lazy\" decoding=\"async\" width=\"20\" height=\"14\" border=\"0\" style=\"border: 0pt none; border-width: 0pt;\" src=\"\/fantamtb\/wp-content\/images\/bel.png\" alt=\"BEL\"> <a href=\"https:\/\/www.365mountainbike.it\/fantamtb\/storia-mtb\/atleti\/martin-maes\/\">Martin MAES<\/a><\/td><td><strong>+0.213<\/strong><\/td><\/tr><tr><td><strong>3<\/strong><\/td><td><img loading=\"lazy\" decoding=\"async\" border=\"0\" width=\"20\" height=\"14\" style=\"border: 0pt none; border-width: 0pt;\" src=\"\/fantamtb\/wp-content\/images\/gbr.png\" alt=\"GBR\"> <a href=\"https:\/\/www.365mountainbike.it\/fantamtb\/storia-mtb\/atleti\/danny-hart\/\">Danny HART<\/a><\/td><td><strong>+0.305<\/strong><\/td><\/tr><tr><td>4<\/td><td><img decoding=\"async\" border=\"0\" style=\"border: 0pt none;\" src=\"\/fantamtb\/wp-content\/images\/fra.png\" alt=\"FRA\"> Loris VERGIER<\/td><td>+0.749<\/td><\/tr><tr><td>5<\/td><td><img decoding=\"async\" border=\"0\" style=\"border: 0pt none;\" src=\"\/fantamtb\/wp-content\/images\/usa.png\" alt=\"USA\">&nbsp;Aaron GWIN<\/td><td>+1.341<\/td><\/tr><tr><td>6<\/td><td><img decoding=\"async\" border=\"0\" style=\"border: 0pt none;\" src=\"\/fantamtb\/wp-content\/images\/usa.png\" alt=\"USA\">&nbsp;Luca SHAW<\/td><td>+2.194<\/td><\/tr><tr><td>7<\/td><td><img loading=\"lazy\" decoding=\"async\" border=\"0\" width=\"20\" height=\"14\" src=\"\/fantamtb\/wp-content\/images\/gbr.png\" alt=\"GBR\" style=\"border: 0pt none; border-width: 0pt;\"> Laurie GREENLAND<\/td><td>+2.622<\/td><\/tr><tr><td>8<\/td><td><a href=\"https:\/\/www.365mountainbike.it\/fantamtb\/storia-mtb\/atleti\/julie-bresset\/\"><img decoding=\"async\" border=\"0\" src=\"\/fantamtb\/wp-content\/images\/rsa.png\" alt=\"RSA\"><\/a> Greg MINNAAR<\/td><td>+2.674<\/td><\/tr><tr><td>9<\/td><td><img loading=\"lazy\" decoding=\"async\" border=\"0\" width=\"20\" height=\"14\" style=\"border: 0pt none; border-width: 0pt;\" src=\"\/fantamtb\/wp-content\/images\/aus.png\" alt=\"AUS\"> Troy BROSNAN<\/td><td>+2.901<\/td><\/tr><tr><td>10<\/td><td><img loading=\"lazy\" decoding=\"async\" width=\"20\" height=\"14\" border=\"0\" style=\"border: 0pt none; border-width: 0pt;\" src=\"\/fantamtb\/wp-content\/images\/nzl.png\" alt=\"NZL\">&nbsp;Matt WALKER<\/td><td>+3.394<\/td><\/tr><tr><td>11<\/td><td><img loading=\"lazy\" decoding=\"async\" border=\"0\" width=\"20\" height=\"14\" src=\"\/fantamtb\/wp-content\/images\/aus.png\" alt=\"AUS\" style=\"border: 0pt none; border-width: 0pt;\">&nbsp;Dean LUCAS <\/td><td>+3.431<\/td><\/tr><tr><td>12<\/td><td><img loading=\"lazy\" decoding=\"async\" border=\"0\" width=\"20\" height=\"14\" src=\"\/fantamtb\/wp-content\/images\/nzl.png\" alt=\"NZL\" style=\"border: 0pt none; border-width: 0pt;\">&nbsp;Edward MASTERS<\/td><td>+3.434<\/td><\/tr><tr><td>13<\/td><td><img loading=\"lazy\" decoding=\"async\" border=\"0\" width=\"20\" height=\"14\" style=\"border: 0pt none; border-width: 0pt;\" src=\"\/fantamtb\/wp-content\/images\/aus.png\" alt=\"AUS\"> Jack MOIR<\/td><td>+3.752<\/td><\/tr><tr><td>14<\/td><td><img decoding=\"async\" border=\"0\" style=\"border: 0pt none;\" src=\"\/fantamtb\/wp-content\/images\/can.png\" alt=\"CAN\"> Finn ILES<\/td><td>+3.954<\/td><\/tr><tr><td>15<\/td><td><img loading=\"lazy\" decoding=\"async\" width=\"20\" height=\"14\" border=\"0\" style=\"border: 0pt none; border-width: 0pt;\" src=\"\/fantamtb\/wp-content\/images\/aus.png\" alt=\"AUS\">&nbsp;Connor FEARON<\/td><td>+4.353<\/td><\/tr><tr><td>16<\/td><td><img loading=\"lazy\" decoding=\"async\" width=\"20\" height=\"14\" border=\"0\" style=\"border: 0pt none; border-width: 0pt;\" src=\"\/fantamtb\/wp-content\/images\/gbr.png\" alt=\"GBR\"> Reece WILSON<\/td><td>+4.742<\/td><\/tr><tr><td>17<\/td><td><img loading=\"lazy\" decoding=\"async\" border=\"0\" width=\"20\" height=\"14\" style=\"border: 0pt none; border-width: 0pt;\" src=\"\/fantamtb\/wp-content\/images\/gbr.png\" alt=\"GBR\"> Philip ATWILL<\/td><td>+4.814<\/td><\/tr><tr><td>18<\/td><td><img decoding=\"async\" border=\"0\" src=\"\/fantamtb\/wp-content\/images\/can.png\" alt=\"CAN\" style=\"border: 0pt none;\"> Mark WALLACE<\/td><td>+4.872<\/td><\/tr><tr><td>19<\/td><td><img decoding=\"async\" border=\"0\" src=\"\/fantamtb\/wp-content\/images\/can.png\" alt=\"CAN\" style=\"border: 0pt none;\">&nbsp;Magnus MANSON<\/td><td>+5.807<\/td><\/tr><tr><td>20<\/td><td><img decoding=\"async\" border=\"0\" src=\"\/fantamtb\/wp-content\/images\/esp.png\" alt=\"ESP\" style=\"border: 0pt none;\">&nbsp;Alex MARIN<\/td><td>+5.882<\/td><\/tr><\/tbody><\/table><figcaption class=\"wp-element-caption\"><a target=\"_blank\" href=\"https:\/\/www.365mountainbike.it\/fantamtb\/wp-content\/images\/results\/worlds_dh\/2018_elitem.pdf\" rel=\"noopener\">CLASSIFICHE COMPLETE<\/a><\/figcaption><\/figure>\n\n\n\n<p><\/p>\n\n\n\n<figure class=\"wp-block-table is-style-stripes\"><table class=\"has-black-color has-text-color\"><tbody><tr><td><span style=\"color: #ff0000;\"><strong>EL W<\/strong><\/span><\/td><\/tr><tr><td><img loading=\"lazy\" decoding=\"async\" style=\"border: 0pt none;\" src=\"\/fantamtb\/wp-content\/images\/iride.jpg\" alt=\"World Champion\" width=\"25\" height=\"16\" border=\"0\"><\/td><td><img loading=\"lazy\" decoding=\"async\" width=\"20\" height=\"14\" border=\"0\" style=\"border: 0pt none; border-width: 0pt;\" src=\"\/fantamtb\/wp-content\/images\/gbr.png\" alt=\"GBR\"> <a href=\"https:\/\/www.365mountainbike.it\/fantamtb\/storia-mtb\/atleti\/rachel-atherton\/\">Rachel ATHERTON<\/a><\/td><td><strong>3&#8217;15&#8243;738<\/strong><\/td><\/tr><tr><td><strong>2<\/strong><\/td><td><img loading=\"lazy\" decoding=\"async\" width=\"20\" height=\"14\" border=\"0\" src=\"\/fantamtb\/wp-content\/images\/gbr.png\" alt=\"GBR\" style=\"border: 0pt none; border-width: 0pt;\"> <a href=\"https:\/\/www.365mountainbike.it\/fantamtb\/storia-mtb\/atleti\/tahnee-seagrave\/\">Tahnee SEAGRAVE<\/a><\/td><td><strong>+9.983<\/strong><\/td><\/tr><tr><td><strong>3<\/strong><\/td><td><img decoding=\"async\" src=\"https:\/\/www.365mountainbike.it\/fantamtb\/wp-content\/images\/fra.png\" alt=\"FRA\"> <a href=\"https:\/\/www.365mountainbike.it\/fantamtb\/storia-mtb\/atleti\/myriam-nicole\/\">Myriam NICOLE<\/a><\/td><td><strong>+10.676<\/strong><\/td><\/tr><tr><td>4<\/td><td><img decoding=\"async\" src=\"https:\/\/www.365mountainbike.it\/fantamtb\/wp-content\/images\/fra.png\" alt=\"FRA\">&nbsp;Marine CABIROU<\/td><td>+15.963<\/td><\/tr><tr><td>5<\/td><td><img loading=\"lazy\" decoding=\"async\" width=\"20\" height=\"14\" border=\"0\" src=\"\/fantamtb\/wp-content\/images\/aus.png\" alt=\"AUS\" style=\"border: 0pt none; border-width: 0pt;\"> Tracey HANNAH<\/td><td>+15.966<\/td><\/tr><tr><td>6<\/td><td><img loading=\"lazy\" decoding=\"async\" border=\"0\" src=\"\/fantamtb\/wp-content\/images\/swi.png\" width=\"20\" height=\"13\" alt=\"SWI\" style=\"border: 0pt none;\">&nbsp;Emilie SIEGENTHALER<\/td><td>+20.729<\/td><\/tr><tr><td>7<\/td><td><img decoding=\"async\" src=\"https:\/\/www.365mountainbike.it\/fantamtb\/wp-content\/images\/fra.png\" alt=\"FRA\">&nbsp;Morgane CHARRE<\/td><td>+23.990<\/td><\/tr><tr><td>8<\/td><td><img loading=\"lazy\" decoding=\"async\" border=\"0\" width=\"20\" height=\"14\" src=\"\/fantamtb\/wp-content\/images\/gbr.png\" alt=\"GBR\" style=\"border: 0pt none; border-width: 0pt;\"> Katy CURD<\/td><td>+25.116<\/td><\/tr><tr><td>9<\/td><td><img loading=\"lazy\" decoding=\"async\" border=\"0\" width=\"20\" height=\"14\" src=\"\/fantamtb\/wp-content\/images\/ger.png\" alt=\"GER\" style=\"border: 0pt none; border-width: 0pt;\"> Nina HOFFMANN<\/td><td>+26.086<\/td><\/tr><tr><td>10<\/td><td><img loading=\"lazy\" decoding=\"async\" border=\"0\" src=\"\/fantamtb\/wp-content\/images\/swi.png\" width=\"20\" height=\"13\" alt=\"SWI\" style=\"border: 0pt none;\">&nbsp;Janine HUBSCHER<\/td><td>+29.131<\/td><\/tr><tr><td>11<\/td><td><img loading=\"lazy\" decoding=\"async\" border=\"0\" src=\"\/fantamtb\/wp-content\/images\/swi.png\" width=\"20\" height=\"13\" alt=\"SWI\" style=\"border: 0pt none;\"> Carolin GEHRIG<\/td><td>+30.858<\/td><\/tr><tr><td>12<\/td><td><img loading=\"lazy\" decoding=\"async\" border=\"0\" style=\"border: 0pt none;\" src=\"\/fantamtb\/wp-content\/images\/swi.png\" width=\"20\" height=\"13\" alt=\"SWI\"> Carina CAPPELLARI<\/td><td>+31.130<\/td><\/tr><tr><td>13<\/td><td><img loading=\"lazy\" decoding=\"async\" border=\"0\" src=\"\/fantamtb\/wp-content\/images\/swi.png\" width=\"20\" height=\"13\" alt=\"SWI\" style=\"border: 0pt none;\"> Eva BATTOLLA<\/td><td>+31.772<\/td><\/tr><tr><td>14<\/td><td><img loading=\"lazy\" decoding=\"async\" width=\"20\" height=\"14\" border=\"0\" src=\"\/fantamtb\/wp-content\/images\/ger.png\" alt=\"GER\" style=\"border: 0pt none; border-width: 0pt;\">&nbsp;Kim SCHWEMMER<\/td><td>+31.879<\/td><\/tr><tr><td>15<\/td><td><img loading=\"lazy\" decoding=\"async\" border=\"0\" style=\"border: 0pt none;\" src=\"\/fantamtb\/wp-content\/images\/swi.png\" width=\"20\" height=\"13\" alt=\"SWI\"> Camille BALANCHE<\/td><td>+31.997<\/td><\/tr><\/tbody><\/table><figcaption class=\"wp-element-caption\"><a target=\"_blank\" href=\"https:\/\/www.365mountainbike.it\/fantamtb\/wp-content\/images\/results\/worlds_dh\/2018_elitew.pdf\" rel=\"noopener\">CLASSIFICHE COMPLETE<\/a><\/figcaption><\/figure>\n\n\n\n<hr class=\"wp-block-separator has-css-opacity\"\/>\n\n\n\n<figure class=\"wp-block-table is-style-stripes\"><table class=\"has-black-color has-text-color\"><tbody><tr><td><span style=\"color: #ff0000;\"><strong>JUN M<\/strong><\/span><\/td><\/tr><tr><td><img loading=\"lazy\" decoding=\"async\" style=\"border: 0pt none;\" src=\"\/fantamtb\/wp-content\/images\/iride.jpg\" alt=\"World Champion\" width=\"25\" height=\"16\" border=\"0\"><\/td><td><img loading=\"lazy\" decoding=\"async\" border=\"0\" width=\"20\" height=\"14\" src=\"\/fantamtb\/wp-content\/images\/gbr.png\" alt=\"GBR\" style=\"border: 0pt none; border-width: 0pt;\"> <a href=\"https:\/\/www.365mountainbike.it\/fantamtb\/storia-mtb\/atleti\/kade-edwards\/\">Kade EDWARDS<\/a><\/td><td><strong>3&#8217;03&#8243;225<\/strong><\/td><\/tr><tr><td><strong>2<\/strong><\/td><td><img loading=\"lazy\" decoding=\"async\" border=\"0\" width=\"20\" height=\"14\" src=\"\/fantamtb\/wp-content\/images\/aus.png\" alt=\"AUS\" style=\"border: 0pt none; border-width: 0pt;\"> <a href=\"https:\/\/www.365mountainbike.it\/fantamtb\/storia-mtb\/atleti\/joe-breeden\/\">Kye A&#8217;HERN<\/a><\/td><td><strong>+4.410<\/strong><\/td><\/tr><tr><td><strong>3<\/strong><\/td><td><img decoding=\"async\" border=\"0\" src=\"\/fantamtb\/wp-content\/images\/can.png\" alt=\"CAN\" style=\"border: 0pt none;\">&nbsp;<a href=\"https:\/\/www.365mountainbike.it\/fantamtb\/storia-mtb\/atleti\/elliot-jamieson\/\">Elliot JAMIESON<\/a><\/td><td><strong>+5.438<\/strong><\/td><\/tr><tr><td>4<\/td><td><img decoding=\"async\" src=\"https:\/\/www.365mountainbike.it\/fantamtb\/wp-content\/images\/fra.png\" alt=\"FRA\"> Thibaut DAPRELA<\/td><td>+5.811<\/td><\/tr><tr><td>5<\/td><td><img loading=\"lazy\" decoding=\"async\" border=\"0\" width=\"20\" height=\"14\" style=\"border: 0pt none; border-width: 0pt;\" src=\"\/fantamtb\/wp-content\/images\/gbr.png\" alt=\"GBR\"> Henry KERR<\/td><td>+5.815<\/td><\/tr><tr><td>6<\/td><td><img decoding=\"async\" border=\"0\" src=\"\/fantamtb\/wp-content\/images\/ita.png\" alt=\"ITA\" style=\"border: 0pt none;\"> Giacomo MASIERO<\/td><td>+6.289<\/td><\/tr><tr><td>7<\/td><td><img decoding=\"async\" src=\"https:\/\/www.365mountainbike.it\/fantamtb\/wp-content\/images\/nzl.png\" alt=\"NLZ\">&nbsp;Tuhoto-Ariki PENE<\/td><td>+6.903<\/td><\/tr><tr><td>8<\/td><td><img decoding=\"async\" src=\"https:\/\/www.365mountainbike.it\/fantamtb\/wp-content\/images\/fra.png\" alt=\"FRA\">&nbsp;Matteo INIGUEZ<\/td><td>+6.950<\/td><\/tr><tr><td>9<\/td><td><img loading=\"lazy\" decoding=\"async\" border=\"0\" width=\"20\" height=\"14\" style=\"border: 0pt none; border-width: 0pt;\" src=\"\/fantamtb\/wp-content\/images\/ned.png\" alt=\"NED\"> Tristan BOTTERAM<\/td><td>+6.955<\/td><\/tr><tr><td>10<\/td><td><img loading=\"lazy\" decoding=\"async\" border=\"0\" width=\"20\" height=\"14\" src=\"\/fantamtb\/wp-content\/images\/gbr.png\" alt=\"GBR\" style=\"border: 0pt none; border-width: 0pt;\">&nbsp;Jamie EDMONDSON<\/td><td>+7.501<\/td><\/tr><\/tbody><\/table><figcaption class=\"wp-element-caption\"><a target=\"_blank\" href=\"https:\/\/www.365mountainbike.it\/fantamtb\/wp-content\/images\/results\/worlds_dh\/2018_juniorm.pdf\" rel=\"noopener\">CLASSIFICHE COMPLETE<\/a><\/figcaption><\/figure>\n\n\n\n<p><\/p>\n\n\n\n<figure class=\"wp-block-table is-style-stripes\"><table class=\"has-black-color has-text-color\"><tbody><tr><td><span style=\"color: #ff0000;\"><strong>JUN W<\/strong><\/span><\/td><td><\/td><td><\/td><\/tr><tr><td><img loading=\"lazy\" decoding=\"async\" style=\"border: 0pt none;\" src=\"\/fantamtb\/wp-content\/images\/iride.jpg\" alt=\"World Champion\" width=\"25\" height=\"16\" border=\"0\"><\/td><td><\/td><td><\/td><td><img loading=\"lazy\" decoding=\"async\" border=\"0\" width=\"20\" height=\"14\" src=\"\/fantamtb\/wp-content\/images\/aut.png\" alt=\"AUT\" style=\"border: 0pt none; border-width: 0pt;\"> <a href=\"https:\/\/www.365mountainbike.it\/fantamtb\/storia-mtb\/atleti\/valentina-holl\/\">Valentina&nbsp;H\u00d6LL<\/a><\/td><td><strong>3&#8217;39&#8243;726<\/strong><\/td><\/tr><tr><td>2<\/td><td><\/td><td><\/td><td><img decoding=\"async\" border=\"0\" style=\"border: 0pt none;\" src=\"\/fantamtb\/wp-content\/images\/usa.png\" alt=\"USA\">&nbsp;Anna NEWKIRK<\/td><td>+10.881<\/td><\/tr><tr><td>3<\/td><td><\/td><td><\/td><td><img loading=\"lazy\" decoding=\"async\" border=\"0\" width=\"20\" height=\"14\" src=\"\/fantamtb\/wp-content\/images\/nor.png\" alt=\"NOR\" style=\"border: 0pt none; border-width: 0pt;\"> Mille JOHNSET<\/td><td>+16.694<\/td><\/tr><tr><td>4<\/td><td><\/td><td><\/td><td><img decoding=\"async\" src=\"https:\/\/www.365mountainbike.it\/fantamtb\/wp-content\/images\/fra.png\" alt=\"FRA\">&nbsp;Nastasia GIMENEZ<\/td><td>+17.291<\/td><\/tr><tr><td>5<\/td><td><\/td><td><\/td><td><img decoding=\"async\" src=\"https:\/\/www.365mountainbike.it\/fantamtb\/wp-content\/images\/lat.png\" alt=\"LAT\"> Paula ZIBASA<\/td><td>+21.262<\/td><\/tr><\/tbody><\/table><figcaption class=\"wp-element-caption\"><a target=\"_blank\" href=\"https:\/\/www.365mountainbike.it\/fantamtb\/wp-content\/images\/results\/worlds_dh\/2018_juniorw.pdf\" rel=\"noopener\">CLASSIFICHE COMPLETE<\/a><\/figcaption><\/figure>\n\n\n\n<hr class=\"wp-block-separator has-css-opacity\"\/>\n\n\n\n<h1 class=\"wp-block-heading\">FOTO<\/h1>\n\n\n\n<figure class=\"wp-block-gallery has-nested-images columns-default is-cropped wp-block-gallery-2 is-layout-flex wp-block-gallery-is-layout-flex\">\n<figure class=\"wp-block-image size-medium\"><a href=\"https:\/\/www.365mountainbike.it\/fantamtb\/wp-content\/uploads\/2022\/01\/Marcelo-Gutierrez-Lenzerheide-2018-scaled-1.jpg\"><picture><source srcset=\"https:\/\/www.365mountainbike.it\/fantamtb\/wp-content\/uploads\/2022\/01\/Marcelo-Gutierrez-Lenzerheide-2018-scaled-1-300x200.jpg 300w, https:\/\/www.365mountainbike.it\/fantamtb\/wp-content\/uploads\/2022\/01\/Marcelo-Gutierrez-Lenzerheide-2018-scaled-1-1024x682.jpg 1024w, https:\/\/www.365mountainbike.it\/fantamtb\/wp-content\/uploads\/2022\/01\/Marcelo-Gutierrez-Lenzerheide-2018-scaled-1-768x512.jpg 768w,https:\/\/www.365mountainbike.it\/fantamtb\/wp-content\/uploads\/2022\/01\/Marcelo-Gutierrez-Lenzerheide-2018-scaled-1-1536x1024.jpg.webp 1536w,https:\/\/www.365mountainbike.it\/fantamtb\/wp-content\/uploads\/2022\/01\/Marcelo-Gutierrez-Lenzerheide-2018-scaled-1-2048x1365.jpg.webp 2048w\" sizes=\"auto, (max-width: 300px) 100vw, 300px\" type=\"image\/webp\"><img src=\"https:\/\/www.365mountainbike.it\/fantamtb\/wp-content\/uploads\/2022\/01\/Marcelo-Gutierrez-Lenzerheide-2018-scaled-1-300x200.jpg\" height=\"200\" width=\"300\" srcset=\"https:\/\/www.365mountainbike.it\/fantamtb\/wp-content\/uploads\/2022\/01\/Marcelo-Gutierrez-Lenzerheide-2018-scaled-1-300x200.jpg 300w, https:\/\/www.365mountainbike.it\/fantamtb\/wp-content\/uploads\/2022\/01\/Marcelo-Gutierrez-Lenzerheide-2018-scaled-1-1024x682.jpg 1024w, https:\/\/www.365mountainbike.it\/fantamtb\/wp-content\/uploads\/2022\/01\/Marcelo-Gutierrez-Lenzerheide-2018-scaled-1-768x512.jpg 768w, https:\/\/www.365mountainbike.it\/fantamtb\/wp-content\/uploads\/2022\/01\/Marcelo-Gutierrez-Lenzerheide-2018-scaled-1-1536x1024.jpg 1536w, https:\/\/www.365mountainbike.it\/fantamtb\/wp-content\/uploads\/2022\/01\/Marcelo-Gutierrez-Lenzerheide-2018-scaled-1-2048x1365.jpg 2048w\" sizes=\"auto, (max-width: 300px) 100vw, 300px\" class=\"wp-image-7476 sp-no-webp\" alt=\"Marcelo Gutierrez Lenzerheide 2018\" loading=\"lazy\" decoding=\"async\" data-id=\"7476\" style=\"aspect-ratio:1\"  > <\/picture><\/a><figcaption class=\"wp-element-caption\">\u00a9\ufe0fBartek Wolinski\/Red Bull Content Pool &#8211; <\/figcaption><\/figure>\n\n\n\n<figure class=\"wp-block-image size-medium\"><a href=\"https:\/\/www.365mountainbike.it\/fantamtb\/wp-content\/uploads\/2024\/01\/Podio-Mondiali-DH-MTB-2018-Lenzerheide-5.jpg\"><picture><source srcset=\"https:\/\/www.365mountainbike.it\/fantamtb\/wp-content\/uploads\/2024\/01\/Podio-Mondiali-DH-MTB-2018-Lenzerheide-5-300x200.jpg 300w, https:\/\/www.365mountainbike.it\/fantamtb\/wp-content\/uploads\/2024\/01\/Podio-Mondiali-DH-MTB-2018-Lenzerheide-5-1024x682.jpg 1024w, https:\/\/www.365mountainbike.it\/fantamtb\/wp-content\/uploads\/2024\/01\/Podio-Mondiali-DH-MTB-2018-Lenzerheide-5-768x512.jpg 768w,https:\/\/www.365mountainbike.it\/fantamtb\/wp-content\/uploads\/2024\/01\/Podio-Mondiali-DH-MTB-2018-Lenzerheide-5-1536x1024.jpg.webp 1536w,https:\/\/www.365mountainbike.it\/fantamtb\/wp-content\/uploads\/2024\/01\/Podio-Mondiali-DH-MTB-2018-Lenzerheide-5.jpg.webp 2000w\" sizes=\"auto, (max-width: 300px) 100vw, 300px\" type=\"image\/webp\"><img src=\"https:\/\/www.365mountainbike.it\/fantamtb\/wp-content\/uploads\/2024\/01\/Podio-Mondiali-DH-MTB-2018-Lenzerheide-5-300x200.jpg\" height=\"200\" width=\"300\" srcset=\"https:\/\/www.365mountainbike.it\/fantamtb\/wp-content\/uploads\/2024\/01\/Podio-Mondiali-DH-MTB-2018-Lenzerheide-5-300x200.jpg 300w, https:\/\/www.365mountainbike.it\/fantamtb\/wp-content\/uploads\/2024\/01\/Podio-Mondiali-DH-MTB-2018-Lenzerheide-5-1024x682.jpg 1024w, https:\/\/www.365mountainbike.it\/fantamtb\/wp-content\/uploads\/2024\/01\/Podio-Mondiali-DH-MTB-2018-Lenzerheide-5-768x512.jpg 768w, https:\/\/www.365mountainbike.it\/fantamtb\/wp-content\/uploads\/2024\/01\/Podio-Mondiali-DH-MTB-2018-Lenzerheide-5-1536x1024.jpg 1536w, https:\/\/www.365mountainbike.it\/fantamtb\/wp-content\/uploads\/2024\/01\/Podio-Mondiali-DH-MTB-2018-Lenzerheide-5.jpg 2000w\" sizes=\"auto, (max-width: 300px) 100vw, 300px\" class=\"wp-image-22553 sp-no-webp\" alt=\"Podio UCI DH World Championships a Lenzerheide September 9th, 2018 \/\/ \u00a9Bartek Wolinski \/ Red Bull Content Pool\" loading=\"lazy\" decoding=\"async\" data-id=\"22553\" style=\"aspect-ratio:1\"  > <\/picture><\/a><figcaption class=\"wp-element-caption\">Podio UCI DH World Championships a Lenzerheide September 9th, 2018 \/\/ \u00a9Bartek Wolinski \/ Red Bull Content Pool<\/figcaption><\/figure>\n\n\n\n<figure class=\"wp-block-image size-medium\"><a href=\"https:\/\/www.365mountainbike.it\/fantamtb\/wp-content\/uploads\/2024\/01\/Podio-Mondiali-DH-MTB-2018-Lenzerheide-2.jpg\"><picture><source srcset=\"https:\/\/www.365mountainbike.it\/fantamtb\/wp-content\/uploads\/2024\/01\/Podio-Mondiali-DH-MTB-2018-Lenzerheide-2-300x200.jpg 300w, https:\/\/www.365mountainbike.it\/fantamtb\/wp-content\/uploads\/2024\/01\/Podio-Mondiali-DH-MTB-2018-Lenzerheide-2-1024x681.jpg 1024w, https:\/\/www.365mountainbike.it\/fantamtb\/wp-content\/uploads\/2024\/01\/Podio-Mondiali-DH-MTB-2018-Lenzerheide-2-768x511.jpg 768w,https:\/\/www.365mountainbike.it\/fantamtb\/wp-content\/uploads\/2024\/01\/Podio-Mondiali-DH-MTB-2018-Lenzerheide-2-1536x1022.jpg.webp 1536w,https:\/\/www.365mountainbike.it\/fantamtb\/wp-content\/uploads\/2024\/01\/Podio-Mondiali-DH-MTB-2018-Lenzerheide-2.jpg.webp 2000w\" sizes=\"auto, (max-width: 300px) 100vw, 300px\" type=\"image\/webp\"><img src=\"https:\/\/www.365mountainbike.it\/fantamtb\/wp-content\/uploads\/2024\/01\/Podio-Mondiali-DH-MTB-2018-Lenzerheide-2-300x200.jpg\" height=\"200\" width=\"300\" srcset=\"https:\/\/www.365mountainbike.it\/fantamtb\/wp-content\/uploads\/2024\/01\/Podio-Mondiali-DH-MTB-2018-Lenzerheide-2-300x200.jpg 300w, https:\/\/www.365mountainbike.it\/fantamtb\/wp-content\/uploads\/2024\/01\/Podio-Mondiali-DH-MTB-2018-Lenzerheide-2-1024x681.jpg 1024w, https:\/\/www.365mountainbike.it\/fantamtb\/wp-content\/uploads\/2024\/01\/Podio-Mondiali-DH-MTB-2018-Lenzerheide-2-768x511.jpg 768w, https:\/\/www.365mountainbike.it\/fantamtb\/wp-content\/uploads\/2024\/01\/Podio-Mondiali-DH-MTB-2018-Lenzerheide-2-1536x1022.jpg 1536w, https:\/\/www.365mountainbike.it\/fantamtb\/wp-content\/uploads\/2024\/01\/Podio-Mondiali-DH-MTB-2018-Lenzerheide-2.jpg 2000w\" sizes=\"auto, (max-width: 300px) 100vw, 300px\" class=\"wp-image-22552 sp-no-webp\" alt=\"Podio UCI DH World Championships a Lenzerheide September 9th, 2018 \/\/ \u00a9Bartek Wolinski \/ Red Bull Content Pool\" loading=\"lazy\" decoding=\"async\" data-id=\"22552\" style=\"aspect-ratio:1\"  > <\/picture><\/a><figcaption class=\"wp-element-caption\">Podio UCI DH World Championships a Lenzerheide September 9th, 2018 \/\/ \u00a9Bartek Wolinski \/ Red Bull Content Pool<\/figcaption><\/figure>\n\n\n\n<figure class=\"wp-block-image size-medium\"><a href=\"https:\/\/www.365mountainbike.it\/fantamtb\/wp-content\/uploads\/2024\/01\/Aaron-Gwin-Mondiali-DH-MTB-2018-Lenzerheide-3.jpg\"><picture><source srcset=\"https:\/\/www.365mountainbike.it\/fantamtb\/wp-content\/uploads\/2024\/01\/Aaron-Gwin-Mondiali-DH-MTB-2018-Lenzerheide-3-300x200.jpg 300w, https:\/\/www.365mountainbike.it\/fantamtb\/wp-content\/uploads\/2024\/01\/Aaron-Gwin-Mondiali-DH-MTB-2018-Lenzerheide-3-1024x682.jpg 1024w, https:\/\/www.365mountainbike.it\/fantamtb\/wp-content\/uploads\/2024\/01\/Aaron-Gwin-Mondiali-DH-MTB-2018-Lenzerheide-3-768x512.jpg 768w,https:\/\/www.365mountainbike.it\/fantamtb\/wp-content\/uploads\/2024\/01\/Aaron-Gwin-Mondiali-DH-MTB-2018-Lenzerheide-3-1536x1024.jpg.webp 1536w,https:\/\/www.365mountainbike.it\/fantamtb\/wp-content\/uploads\/2024\/01\/Aaron-Gwin-Mondiali-DH-MTB-2018-Lenzerheide-3.jpg.webp 2000w\" sizes=\"auto, (max-width: 300px) 100vw, 300px\" type=\"image\/webp\"><img src=\"https:\/\/www.365mountainbike.it\/fantamtb\/wp-content\/uploads\/2024\/01\/Aaron-Gwin-Mondiali-DH-MTB-2018-Lenzerheide-3-300x200.jpg\" height=\"200\" width=\"300\" srcset=\"https:\/\/www.365mountainbike.it\/fantamtb\/wp-content\/uploads\/2024\/01\/Aaron-Gwin-Mondiali-DH-MTB-2018-Lenzerheide-3-300x200.jpg 300w, https:\/\/www.365mountainbike.it\/fantamtb\/wp-content\/uploads\/2024\/01\/Aaron-Gwin-Mondiali-DH-MTB-2018-Lenzerheide-3-1024x682.jpg 1024w, https:\/\/www.365mountainbike.it\/fantamtb\/wp-content\/uploads\/2024\/01\/Aaron-Gwin-Mondiali-DH-MTB-2018-Lenzerheide-3-768x512.jpg 768w, https:\/\/www.365mountainbike.it\/fantamtb\/wp-content\/uploads\/2024\/01\/Aaron-Gwin-Mondiali-DH-MTB-2018-Lenzerheide-3-1536x1024.jpg 1536w, https:\/\/www.365mountainbike.it\/fantamtb\/wp-content\/uploads\/2024\/01\/Aaron-Gwin-Mondiali-DH-MTB-2018-Lenzerheide-3.jpg 2000w\" sizes=\"auto, (max-width: 300px) 100vw, 300px\" class=\"wp-image-22551 sp-no-webp\" alt=\"Aaron Gwin - UCI DH World Championships a Lenzerheide September 9th, 2018 \/\/ \u00a9Bartek Wolinski \/ Red Bull Content Pool\" loading=\"lazy\" decoding=\"async\" data-id=\"22551\" style=\"aspect-ratio:1\"  > <\/picture><\/a><figcaption class=\"wp-element-caption\">Aaron Gwin &#8211; UCI DH World Championships a Lenzerheide September 9th, 2018 \/\/ \u00a9Bartek Wolinski \/ Red Bull Content Pool<\/figcaption><\/figure>\n\n\n\n<figure class=\"wp-block-image size-medium\"><a href=\"https:\/\/www.365mountainbike.it\/fantamtb\/wp-content\/uploads\/2024\/01\/Loic-Bruni-Mondiali-DH-MTB-2018-Lenzerheide-1.jpg\"><picture><source srcset=\"https:\/\/www.365mountainbike.it\/fantamtb\/wp-content\/uploads\/2024\/01\/Loic-Bruni-Mondiali-DH-MTB-2018-Lenzerheide-1-300x200.jpg 300w, https:\/\/www.365mountainbike.it\/fantamtb\/wp-content\/uploads\/2024\/01\/Loic-Bruni-Mondiali-DH-MTB-2018-Lenzerheide-1-1024x681.jpg 1024w, https:\/\/www.365mountainbike.it\/fantamtb\/wp-content\/uploads\/2024\/01\/Loic-Bruni-Mondiali-DH-MTB-2018-Lenzerheide-1-768x511.jpg 768w,https:\/\/www.365mountainbike.it\/fantamtb\/wp-content\/uploads\/2024\/01\/Loic-Bruni-Mondiali-DH-MTB-2018-Lenzerheide-1-1536x1022.jpg.webp 1536w,https:\/\/www.365mountainbike.it\/fantamtb\/wp-content\/uploads\/2024\/01\/Loic-Bruni-Mondiali-DH-MTB-2018-Lenzerheide-1.jpg.webp 2000w\" sizes=\"auto, (max-width: 300px) 100vw, 300px\" type=\"image\/webp\"><img src=\"https:\/\/www.365mountainbike.it\/fantamtb\/wp-content\/uploads\/2024\/01\/Loic-Bruni-Mondiali-DH-MTB-2018-Lenzerheide-1-300x200.jpg\" height=\"200\" width=\"300\" srcset=\"https:\/\/www.365mountainbike.it\/fantamtb\/wp-content\/uploads\/2024\/01\/Loic-Bruni-Mondiali-DH-MTB-2018-Lenzerheide-1-300x200.jpg 300w, https:\/\/www.365mountainbike.it\/fantamtb\/wp-content\/uploads\/2024\/01\/Loic-Bruni-Mondiali-DH-MTB-2018-Lenzerheide-1-1024x681.jpg 1024w, https:\/\/www.365mountainbike.it\/fantamtb\/wp-content\/uploads\/2024\/01\/Loic-Bruni-Mondiali-DH-MTB-2018-Lenzerheide-1-768x511.jpg 768w, https:\/\/www.365mountainbike.it\/fantamtb\/wp-content\/uploads\/2024\/01\/Loic-Bruni-Mondiali-DH-MTB-2018-Lenzerheide-1-1536x1022.jpg 1536w, https:\/\/www.365mountainbike.it\/fantamtb\/wp-content\/uploads\/2024\/01\/Loic-Bruni-Mondiali-DH-MTB-2018-Lenzerheide-1.jpg 2000w\" sizes=\"auto, (max-width: 300px) 100vw, 300px\" class=\"wp-image-22550 sp-no-webp\" alt=\"Loic Bruni - UCI DH World Championships a Lenzerheide September 9th, 2018 \/\/ \u00a9Bartek Wolinski \/ Red Bull Content Pool\" loading=\"lazy\" decoding=\"async\" data-id=\"22550\" style=\"aspect-ratio:1\"  > <\/picture><\/a><figcaption class=\"wp-element-caption\">Loic Bruni &#8211; UCI DH World Championships a Lenzerheide September 9th, 2018 \/\/ \u00a9Bartek Wolinski \/ Red Bull Content Pool<\/figcaption><\/figure>\n\n\n\n<figure class=\"wp-block-image size-medium\"><a href=\"https:\/\/www.365mountainbike.it\/fantamtb\/wp-content\/uploads\/2024\/01\/Amaury-Pierron-Mondiali-DH-MTB-2018-Lenzerheide-4.jpg\"><picture><source srcset=\"https:\/\/www.365mountainbike.it\/fantamtb\/wp-content\/uploads\/2024\/01\/Amaury-Pierron-Mondiali-DH-MTB-2018-Lenzerheide-4-300x200.jpg 300w, https:\/\/www.365mountainbike.it\/fantamtb\/wp-content\/uploads\/2024\/01\/Amaury-Pierron-Mondiali-DH-MTB-2018-Lenzerheide-4-1024x682.jpg 1024w, https:\/\/www.365mountainbike.it\/fantamtb\/wp-content\/uploads\/2024\/01\/Amaury-Pierron-Mondiali-DH-MTB-2018-Lenzerheide-4-768x512.jpg 768w,https:\/\/www.365mountainbike.it\/fantamtb\/wp-content\/uploads\/2024\/01\/Amaury-Pierron-Mondiali-DH-MTB-2018-Lenzerheide-4-1536x1024.jpg.webp 1536w,https:\/\/www.365mountainbike.it\/fantamtb\/wp-content\/uploads\/2024\/01\/Amaury-Pierron-Mondiali-DH-MTB-2018-Lenzerheide-4.jpg.webp 2000w\" sizes=\"auto, (max-width: 300px) 100vw, 300px\" type=\"image\/webp\"><img src=\"https:\/\/www.365mountainbike.it\/fantamtb\/wp-content\/uploads\/2024\/01\/Amaury-Pierron-Mondiali-DH-MTB-2018-Lenzerheide-4-300x200.jpg\" height=\"200\" width=\"300\" srcset=\"https:\/\/www.365mountainbike.it\/fantamtb\/wp-content\/uploads\/2024\/01\/Amaury-Pierron-Mondiali-DH-MTB-2018-Lenzerheide-4-300x200.jpg 300w, https:\/\/www.365mountainbike.it\/fantamtb\/wp-content\/uploads\/2024\/01\/Amaury-Pierron-Mondiali-DH-MTB-2018-Lenzerheide-4-1024x682.jpg 1024w, https:\/\/www.365mountainbike.it\/fantamtb\/wp-content\/uploads\/2024\/01\/Amaury-Pierron-Mondiali-DH-MTB-2018-Lenzerheide-4-768x512.jpg 768w, https:\/\/www.365mountainbike.it\/fantamtb\/wp-content\/uploads\/2024\/01\/Amaury-Pierron-Mondiali-DH-MTB-2018-Lenzerheide-4-1536x1024.jpg 1536w, https:\/\/www.365mountainbike.it\/fantamtb\/wp-content\/uploads\/2024\/01\/Amaury-Pierron-Mondiali-DH-MTB-2018-Lenzerheide-4.jpg 2000w\" sizes=\"auto, (max-width: 300px) 100vw, 300px\" class=\"wp-image-22549 sp-no-webp\" alt=\"- UCI DH World Championships a Lenzerheide September 9th, 2018 \/\/ \u00a9Bartek Wolinski \/ Red Bull Content Pool\" loading=\"lazy\" decoding=\"async\" data-id=\"22549\" style=\"aspect-ratio:1\"  > <\/picture><\/a><figcaption class=\"wp-element-caption\">Rachel Atherton UCI DH World Championships a Lenzerheide September 9th, 2018 \/\/ \u00a9Bartek Wolinski \/ Red Bull Content Pool<\/figcaption><\/figure>\n\n\n\n<figure class=\"wp-block-image size-medium\"><a href=\"https:\/\/www.365mountainbike.it\/fantamtb\/wp-content\/uploads\/2024\/01\/Rachel-Atherton-Mondiali-DH-MTB-2018-Lenzerheide-7.jpg\"><picture><source srcset=\"https:\/\/www.365mountainbike.it\/fantamtb\/wp-content\/uploads\/2024\/01\/Rachel-Atherton-Mondiali-DH-MTB-2018-Lenzerheide-7-300x200.jpg 300w, https:\/\/www.365mountainbike.it\/fantamtb\/wp-content\/uploads\/2024\/01\/Rachel-Atherton-Mondiali-DH-MTB-2018-Lenzerheide-7-1024x682.jpg 1024w, https:\/\/www.365mountainbike.it\/fantamtb\/wp-content\/uploads\/2024\/01\/Rachel-Atherton-Mondiali-DH-MTB-2018-Lenzerheide-7-768x512.jpg 768w,https:\/\/www.365mountainbike.it\/fantamtb\/wp-content\/uploads\/2024\/01\/Rachel-Atherton-Mondiali-DH-MTB-2018-Lenzerheide-7-1536x1024.jpg.webp 1536w,https:\/\/www.365mountainbike.it\/fantamtb\/wp-content\/uploads\/2024\/01\/Rachel-Atherton-Mondiali-DH-MTB-2018-Lenzerheide-7.jpg.webp 2000w\" sizes=\"auto, (max-width: 300px) 100vw, 300px\" type=\"image\/webp\"><img src=\"https:\/\/www.365mountainbike.it\/fantamtb\/wp-content\/uploads\/2024\/01\/Rachel-Atherton-Mondiali-DH-MTB-2018-Lenzerheide-7-300x200.jpg\" height=\"200\" width=\"300\" srcset=\"https:\/\/www.365mountainbike.it\/fantamtb\/wp-content\/uploads\/2024\/01\/Rachel-Atherton-Mondiali-DH-MTB-2018-Lenzerheide-7-300x200.jpg 300w, https:\/\/www.365mountainbike.it\/fantamtb\/wp-content\/uploads\/2024\/01\/Rachel-Atherton-Mondiali-DH-MTB-2018-Lenzerheide-7-1024x682.jpg 1024w, https:\/\/www.365mountainbike.it\/fantamtb\/wp-content\/uploads\/2024\/01\/Rachel-Atherton-Mondiali-DH-MTB-2018-Lenzerheide-7-768x512.jpg 768w, https:\/\/www.365mountainbike.it\/fantamtb\/wp-content\/uploads\/2024\/01\/Rachel-Atherton-Mondiali-DH-MTB-2018-Lenzerheide-7-1536x1024.jpg 1536w, https:\/\/www.365mountainbike.it\/fantamtb\/wp-content\/uploads\/2024\/01\/Rachel-Atherton-Mondiali-DH-MTB-2018-Lenzerheide-7.jpg 2000w\" sizes=\"auto, (max-width: 300px) 100vw, 300px\" class=\"wp-image-22548 sp-no-webp\" alt=\"- UCI DH World Championships a Lenzerheide September 9th, 2018 \/\/ \u00a9Bartek Wolinski \/ Red Bull Content Pool\" loading=\"lazy\" decoding=\"async\" data-id=\"22548\" style=\"aspect-ratio:1\"  > <\/picture><\/a><figcaption class=\"wp-element-caption\">Rachel Atherton &#8211; UCI DH World Championships a Lenzerheide September 9th, 2018 \/\/ \u00a9Bartek Wolinski \/ Red Bull Content Pool<\/figcaption><\/figure>\n\n\n\n<figure class=\"wp-block-image size-medium\"><a href=\"https:\/\/www.365mountainbike.it\/fantamtb\/wp-content\/uploads\/2024\/01\/Podio-Mondiali-DH-MTB-2018-Lenzerheide-6.jpg\"><picture><source srcset=\"https:\/\/www.365mountainbike.it\/fantamtb\/wp-content\/uploads\/2024\/01\/Podio-Mondiali-DH-MTB-2018-Lenzerheide-6-300x200.jpg 300w, https:\/\/www.365mountainbike.it\/fantamtb\/wp-content\/uploads\/2024\/01\/Podio-Mondiali-DH-MTB-2018-Lenzerheide-6-1024x682.jpg 1024w, https:\/\/www.365mountainbike.it\/fantamtb\/wp-content\/uploads\/2024\/01\/Podio-Mondiali-DH-MTB-2018-Lenzerheide-6-768x512.jpg 768w,https:\/\/www.365mountainbike.it\/fantamtb\/wp-content\/uploads\/2024\/01\/Podio-Mondiali-DH-MTB-2018-Lenzerheide-6-1536x1024.jpg.webp 1536w,https:\/\/www.365mountainbike.it\/fantamtb\/wp-content\/uploads\/2024\/01\/Podio-Mondiali-DH-MTB-2018-Lenzerheide-6.jpg.webp 2000w\" sizes=\"auto, (max-width: 300px) 100vw, 300px\" type=\"image\/webp\"><img src=\"https:\/\/www.365mountainbike.it\/fantamtb\/wp-content\/uploads\/2024\/01\/Podio-Mondiali-DH-MTB-2018-Lenzerheide-6-300x200.jpg\" height=\"200\" width=\"300\" srcset=\"https:\/\/www.365mountainbike.it\/fantamtb\/wp-content\/uploads\/2024\/01\/Podio-Mondiali-DH-MTB-2018-Lenzerheide-6-300x200.jpg 300w, https:\/\/www.365mountainbike.it\/fantamtb\/wp-content\/uploads\/2024\/01\/Podio-Mondiali-DH-MTB-2018-Lenzerheide-6-1024x682.jpg 1024w, https:\/\/www.365mountainbike.it\/fantamtb\/wp-content\/uploads\/2024\/01\/Podio-Mondiali-DH-MTB-2018-Lenzerheide-6-768x512.jpg 768w, https:\/\/www.365mountainbike.it\/fantamtb\/wp-content\/uploads\/2024\/01\/Podio-Mondiali-DH-MTB-2018-Lenzerheide-6-1536x1024.jpg 1536w, https:\/\/www.365mountainbike.it\/fantamtb\/wp-content\/uploads\/2024\/01\/Podio-Mondiali-DH-MTB-2018-Lenzerheide-6.jpg 2000w\" sizes=\"auto, (max-width: 300px) 100vw, 300px\" class=\"wp-image-22547 sp-no-webp\" alt=\"Tahnee Seagrave, Rachel Atherton, Myriam Nicole - UCI DH World Championships a Lenzerheide September 9th, 2018 \/\/ \u00a9Bartek Wolinski \/ Red Bull Content Pool\" loading=\"lazy\" decoding=\"async\" data-id=\"22547\" style=\"aspect-ratio:1\"  > <\/picture><\/a><figcaption class=\"wp-element-caption\">Tahnee Seagrave, Rachel Atherton, Myriam Nicole &#8211; UCI DH World Championships a Lenzerheide September 9th, 2018 \/\/ \u00a9Bartek Wolinski \/ Red Bull Content Pool<\/figcaption><\/figure>\n\n\n\n<figure class=\"wp-block-image size-medium\"><a href=\"https:\/\/www.365mountainbike.it\/fantamtb\/wp-content\/uploads\/2022\/01\/Valentina-Holl-wins-World-Championship-Junior-DH-Women-2018-scaled-1.jpg\"><picture><source srcset=\"https:\/\/www.365mountainbike.it\/fantamtb\/wp-content\/uploads\/2022\/01\/Valentina-Holl-wins-World-Championship-Junior-DH-Women-2018-scaled-1-300x200.jpg 300w, https:\/\/www.365mountainbike.it\/fantamtb\/wp-content\/uploads\/2022\/01\/Valentina-Holl-wins-World-Championship-Junior-DH-Women-2018-scaled-1-1024x682.jpg 1024w, https:\/\/www.365mountainbike.it\/fantamtb\/wp-content\/uploads\/2022\/01\/Valentina-Holl-wins-World-Championship-Junior-DH-Women-2018-scaled-1-768x511.jpg 768w,https:\/\/www.365mountainbike.it\/fantamtb\/wp-content\/uploads\/2022\/01\/Valentina-Holl-wins-World-Championship-Junior-DH-Women-2018-scaled-1-1536x1022.jpg.webp 1536w,https:\/\/www.365mountainbike.it\/fantamtb\/wp-content\/uploads\/2022\/01\/Valentina-Holl-wins-World-Championship-Junior-DH-Women-2018-scaled-1-2048x1363.jpg.webp 2048w\" sizes=\"auto, (max-width: 300px) 100vw, 300px\" type=\"image\/webp\"><img src=\"https:\/\/www.365mountainbike.it\/fantamtb\/wp-content\/uploads\/2022\/01\/Valentina-Holl-wins-World-Championship-Junior-DH-Women-2018-scaled-1-300x200.jpg\" height=\"200\" width=\"300\" srcset=\"https:\/\/www.365mountainbike.it\/fantamtb\/wp-content\/uploads\/2022\/01\/Valentina-Holl-wins-World-Championship-Junior-DH-Women-2018-scaled-1-300x200.jpg 300w, https:\/\/www.365mountainbike.it\/fantamtb\/wp-content\/uploads\/2022\/01\/Valentina-Holl-wins-World-Championship-Junior-DH-Women-2018-scaled-1-1024x682.jpg 1024w, https:\/\/www.365mountainbike.it\/fantamtb\/wp-content\/uploads\/2022\/01\/Valentina-Holl-wins-World-Championship-Junior-DH-Women-2018-scaled-1-768x511.jpg 768w, https:\/\/www.365mountainbike.it\/fantamtb\/wp-content\/uploads\/2022\/01\/Valentina-Holl-wins-World-Championship-Junior-DH-Women-2018-scaled-1-1536x1022.jpg 1536w, https:\/\/www.365mountainbike.it\/fantamtb\/wp-content\/uploads\/2022\/01\/Valentina-Holl-wins-World-Championship-Junior-DH-Women-2018-scaled-1-2048x1363.jpg 2048w\" sizes=\"auto, (max-width: 300px) 100vw, 300px\" class=\"wp-image-7468 sp-no-webp\" alt=\"Valentina\u00a0H\u00f6ll vince Campionato del mondo Junior DH Women 2018\" loading=\"lazy\" decoding=\"async\" data-id=\"7468\" style=\"aspect-ratio:1\"  > <\/picture><\/a><figcaption class=\"wp-element-caption\">\u00a9\ufe0fBartek Wolinski\/Red Bull Content Pool &#8211; Valentina&nbsp;H\u00f6ll vince Campionato del mondo Junior DH Women 2018<\/figcaption><\/figure>\n<\/figure>\n\n\n\n<h1 class=\"wp-block-heading\">VIDEO<\/h1>\n\n\n\n<figure class=\"wp-block-embed is-type-rich is-provider-handler-delloggetto-incorporato wp-block-embed-handler-delloggetto-incorporato wp-embed-aspect-16-9 wp-has-aspect-ratio\"><div class=\"wp-block-embed__wrapper\">\n<iframe loading=\"lazy\" title=\"How Loic Bruni Won His Third World Championship Title | UCI MTB 2018\" width=\"740\" height=\"416\" src=\"https:\/\/www.youtube.com\/embed\/vhgweutHRBg?feature=oembed\" frameborder=\"0\" allow=\"accelerometer; autoplay; clipboard-write; encrypted-media; gyroscope; picture-in-picture; web-share\" allowfullscreen><\/iframe>\n<\/div><\/figure>\n\n\n\n<h3 class=\"wp-block-heading\">RUN DI LOIC BRUNI<\/h3>\n\n\n\n<figure class=\"wp-block-embed is-type-rich is-provider-handler-delloggetto-incorporato wp-block-embed-handler-delloggetto-incorporato wp-embed-aspect-16-9 wp-has-aspect-ratio\"><div class=\"wp-block-embed__wrapper\">\n<iframe loading=\"lazy\" title=\"GoPro: Rachel Atherton&#039;s Winning MTB Run - UCI Lenzerheide 2018\" width=\"740\" height=\"416\" src=\"https:\/\/www.youtube.com\/embed\/YNwYp5EpdGg?feature=oembed\" frameborder=\"0\" allow=\"accelerometer; autoplay; clipboard-write; encrypted-media; gyroscope; picture-in-picture; web-share\" allowfullscreen><\/iframe>\n<\/div><\/figure>\n\n\n\n<h3 class=\"wp-block-heading\">RUN DI RACHEL ATHERTON<\/h3>\n","protected":false,"gt_translate_keys":[{"key":"rendered","format":"html"}]},"excerpt":{"rendered":"<p>9 Settembre 2018 &#8211; Lenzerheide 2018: tracciato corto e intenso. In soli 3 minuti ha racchiuso molti aspetti tecnici con un grandissimo show. Buone le prestazioni di Morganne Charre e della svizzera Emilie Siegenthaler, che tengono la leadership prima delle big finali. Myriam Nicole \u00e8 la prima a dare uno bello scossone con uno splendido [&hellip;]<\/p>\n","protected":false,"gt_translate_keys":[{"key":"rendered","format":"html"}]},"author":1,"featured_media":22553,"comment_status":"closed","ping_status":"open","sticky":false,"template":"","format":"standard","meta":{"footnotes":""},"categories":[1258],"tags":[1050,168,1051,1052,1053,440,598,1054,18,153,126,602,732],"class_list":["post-7425","post","type-post","status-publish","format-standard","has-post-thumbnail","hentry","category-downhill-dh","tag-anna-newkirk","tag-danny-hart","tag-elliot-jamieson","tag-kade-edwards","tag-kye-ahern","tag-lenzerheide","tag-loic-bruni","tag-mille-johnset","tag-mondiali","tag-myriam-nicole","tag-rachel-atherton","tag-tahnee-seagrave","tag-vali-holl"],"yoast_head":"<!-- This site is optimized with the Yoast SEO plugin v27.5 - https:\/\/yoast.com\/product\/yoast-seo-wordpress\/ -->\n<title>Classifiche Campionati Mondiali DH 2018, Lenzerheide (SVIZZERA) | FANTAmtb<\/title>\n<meta name=\"robots\" content=\"index, follow, max-snippet:-1, max-image-preview:large, max-video-preview:-1\" \/>\n<link rel=\"canonical\" href=\"https:\/\/www.365mountainbike.it\/fantamtb\/storia-mtb\/downhill-dh\/campionato-del-mondo-downhill-2018\/\" \/>\n<meta property=\"og:locale\" content=\"it_IT\" \/>\n<meta property=\"og:type\" content=\"article\" \/>\n<meta property=\"og:title\" content=\"Classifiche Campionati Mondiali DH 2018, Lenzerheide (SVIZZERA) | FANTAmtb\" \/>\n<meta property=\"og:description\" content=\"9 Settembre 2018 &#8211; Lenzerheide 2018: tracciato corto e intenso. In soli 3 minuti ha racchiuso molti aspetti tecnici con un grandissimo show. Buone le prestazioni di Morganne Charre e della svizzera Emilie Siegenthaler, che tengono la leadership prima delle big finali. Myriam Nicole \u00e8 la prima a dare uno bello scossone con uno splendido [&hellip;]\" \/>\n<meta property=\"og:url\" content=\"https:\/\/www.365mountainbike.it\/fantamtb\/storia-mtb\/downhill-dh\/campionato-del-mondo-downhill-2018\/\" \/>\n<meta property=\"og:site_name\" content=\"FANTAmtb\" \/>\n<meta property=\"article:published_time\" content=\"2022-01-11T21:43:07+00:00\" \/>\n<meta property=\"article:modified_time\" content=\"2026-01-24T17:05:38+00:00\" \/>\n<meta property=\"og:image\" content=\"https:\/\/www.365mountainbike.it\/fantamtb\/wp-content\/uploads\/2024\/01\/Podio-Mondiali-DH-MTB-2018-Lenzerheide-5.jpg\" \/>\n\t<meta property=\"og:image:width\" content=\"2000\" \/>\n\t<meta property=\"og:image:height\" content=\"1333\" \/>\n\t<meta property=\"og:image:type\" content=\"image\/jpeg\" \/>\n<meta name=\"author\" content=\"FANTAmtb\" \/>\n<meta name=\"twitter:card\" content=\"summary_large_image\" \/>\n<meta name=\"twitter:label1\" content=\"Scritto da\" \/>\n\t<meta name=\"twitter:data1\" content=\"FANTAmtb\" \/>\n\t<meta name=\"twitter:label2\" content=\"Tempo di lettura stimato\" \/>\n\t<meta name=\"twitter:data2\" content=\"17 minuti\" \/>\n<script type=\"application\/ld+json\" class=\"yoast-schema-graph\">{\"@context\":\"https:\\\/\\\/schema.org\",\"@graph\":[{\"@type\":\"Article\",\"@id\":\"https:\\\/\\\/www.365mountainbike.it\\\/fantamtb\\\/storia-mtb\\\/downhill-dh\\\/campionato-del-mondo-downhill-2018\\\/#article\",\"isPartOf\":{\"@id\":\"https:\\\/\\\/www.365mountainbike.it\\\/fantamtb\\\/storia-mtb\\\/downhill-dh\\\/campionato-del-mondo-downhill-2018\\\/\"},\"author\":{\"name\":\"FANTAmtb\",\"@id\":\"https:\\\/\\\/www.365mountainbike.it\\\/fantamtb\\\/#\\\/schema\\\/person\\\/7b4a30b446207c8d00024d9717c3b63b\"},\"headline\":\"Campionati Mondiali DH 2018, Lenzerheide (SVIZZERA)\",\"datePublished\":\"2022-01-11T21:43:07+00:00\",\"dateModified\":\"2026-01-24T17:05:38+00:00\",\"mainEntityOfPage\":{\"@id\":\"https:\\\/\\\/www.365mountainbike.it\\\/fantamtb\\\/storia-mtb\\\/downhill-dh\\\/campionato-del-mondo-downhill-2018\\\/\"},\"wordCount\":641,\"image\":{\"@id\":\"https:\\\/\\\/www.365mountainbike.it\\\/fantamtb\\\/storia-mtb\\\/downhill-dh\\\/campionato-del-mondo-downhill-2018\\\/#primaryimage\"},\"thumbnailUrl\":\"https:\\\/\\\/www.365mountainbike.it\\\/fantamtb\\\/wp-content\\\/uploads\\\/2024\\\/01\\\/Podio-Mondiali-DH-MTB-2018-Lenzerheide-5.jpg\",\"keywords\":[\"Anna Newkirk\",\"Danny Hart\",\"Elliot Jamieson\",\"Kade Edwards\",\"Kye A'Hern\",\"Lenzerheide\",\"Loic Bruni\",\"Mille Johnset\",\"Mondiali\",\"Myriam Nicole\",\"Rachel Atherton\",\"Tahnee Seagrave\",\"Vali Holl\"],\"articleSection\":[\"Downhill DH\"],\"inLanguage\":\"it-IT\"},{\"@type\":\"WebPage\",\"@id\":\"https:\\\/\\\/www.365mountainbike.it\\\/fantamtb\\\/storia-mtb\\\/downhill-dh\\\/campionato-del-mondo-downhill-2018\\\/\",\"url\":\"https:\\\/\\\/www.365mountainbike.it\\\/fantamtb\\\/storia-mtb\\\/downhill-dh\\\/campionato-del-mondo-downhill-2018\\\/\",\"name\":\"Classifiche Campionati Mondiali DH 2018, Lenzerheide (SVIZZERA) | FANTAmtb\",\"isPartOf\":{\"@id\":\"https:\\\/\\\/www.365mountainbike.it\\\/fantamtb\\\/#website\"},\"primaryImageOfPage\":{\"@id\":\"https:\\\/\\\/www.365mountainbike.it\\\/fantamtb\\\/storia-mtb\\\/downhill-dh\\\/campionato-del-mondo-downhill-2018\\\/#primaryimage\"},\"image\":{\"@id\":\"https:\\\/\\\/www.365mountainbike.it\\\/fantamtb\\\/storia-mtb\\\/downhill-dh\\\/campionato-del-mondo-downhill-2018\\\/#primaryimage\"},\"thumbnailUrl\":\"https:\\\/\\\/www.365mountainbike.it\\\/fantamtb\\\/wp-content\\\/uploads\\\/2024\\\/01\\\/Podio-Mondiali-DH-MTB-2018-Lenzerheide-5.jpg\",\"datePublished\":\"2022-01-11T21:43:07+00:00\",\"dateModified\":\"2026-01-24T17:05:38+00:00\",\"author\":{\"@id\":\"https:\\\/\\\/www.365mountainbike.it\\\/fantamtb\\\/#\\\/schema\\\/person\\\/7b4a30b446207c8d00024d9717c3b63b\"},\"breadcrumb\":{\"@id\":\"https:\\\/\\\/www.365mountainbike.it\\\/fantamtb\\\/storia-mtb\\\/downhill-dh\\\/campionato-del-mondo-downhill-2018\\\/#breadcrumb\"},\"inLanguage\":\"it-IT\",\"potentialAction\":[{\"@type\":\"ReadAction\",\"target\":[\"https:\\\/\\\/www.365mountainbike.it\\\/fantamtb\\\/storia-mtb\\\/downhill-dh\\\/campionato-del-mondo-downhill-2018\\\/\"]}]},{\"@type\":\"ImageObject\",\"inLanguage\":\"it-IT\",\"@id\":\"https:\\\/\\\/www.365mountainbike.it\\\/fantamtb\\\/storia-mtb\\\/downhill-dh\\\/campionato-del-mondo-downhill-2018\\\/#primaryimage\",\"url\":\"https:\\\/\\\/www.365mountainbike.it\\\/fantamtb\\\/wp-content\\\/uploads\\\/2024\\\/01\\\/Podio-Mondiali-DH-MTB-2018-Lenzerheide-5.jpg\",\"contentUrl\":\"https:\\\/\\\/www.365mountainbike.it\\\/fantamtb\\\/wp-content\\\/uploads\\\/2024\\\/01\\\/Podio-Mondiali-DH-MTB-2018-Lenzerheide-5.jpg\",\"width\":2000,\"height\":1333,\"caption\":\"Podio UCI DH World Championships a Lenzerheide September 9th, 2018 \\\/\\\/ \u00a9Bartek Wolinski \\\/ Red Bull Content Pool\"},{\"@type\":\"BreadcrumbList\",\"@id\":\"https:\\\/\\\/www.365mountainbike.it\\\/fantamtb\\\/storia-mtb\\\/downhill-dh\\\/campionato-del-mondo-downhill-2018\\\/#breadcrumb\",\"itemListElement\":[{\"@type\":\"ListItem\",\"position\":1,\"name\":\"Home\",\"item\":\"https:\\\/\\\/www.365mountainbike.it\\\/fantamtb\\\/\"},{\"@type\":\"ListItem\",\"position\":2,\"name\":\"Storia MTB\",\"item\":\"https:\\\/\\\/www.365mountainbike.it\\\/fantamtb\\\/storia-mtb\\\/\"},{\"@type\":\"ListItem\",\"position\":3,\"name\":\"DH Downhill\",\"item\":\"https:\\\/\\\/www.365mountainbike.it\\\/fantamtb\\\/storia-mtb\\\/downhill-dh\\\/\"},{\"@type\":\"ListItem\",\"position\":4,\"name\":\"Campionati Mondiali DH 2018, Lenzerheide (SVIZZERA)\"}]},{\"@type\":\"WebSite\",\"@id\":\"https:\\\/\\\/www.365mountainbike.it\\\/fantamtb\\\/#website\",\"url\":\"https:\\\/\\\/www.365mountainbike.it\\\/fantamtb\\\/\",\"name\":\"FANTAmtb\",\"description\":\"Il FANTAciclismo della Mountain Bike (FANTAcycling)\",\"potentialAction\":[{\"@type\":\"SearchAction\",\"target\":{\"@type\":\"EntryPoint\",\"urlTemplate\":\"https:\\\/\\\/www.365mountainbike.it\\\/fantamtb\\\/?s={search_term_string}\"},\"query-input\":{\"@type\":\"PropertyValueSpecification\",\"valueRequired\":true,\"valueName\":\"search_term_string\"}}],\"inLanguage\":\"it-IT\"},{\"@type\":\"Person\",\"@id\":\"https:\\\/\\\/www.365mountainbike.it\\\/fantamtb\\\/#\\\/schema\\\/person\\\/7b4a30b446207c8d00024d9717c3b63b\",\"name\":\"FANTAmtb\",\"image\":{\"@type\":\"ImageObject\",\"inLanguage\":\"it-IT\",\"@id\":\"\\\/\\\/www.365mountainbike.it\\\/fantamtb\\\/wp-content\\\/uploads\\\/wpforo\\\/avatars\\\/davide_1.png\",\"url\":\"\\\/\\\/www.365mountainbike.it\\\/fantamtb\\\/wp-content\\\/uploads\\\/wpforo\\\/avatars\\\/davide_1.png\",\"contentUrl\":\"\\\/\\\/www.365mountainbike.it\\\/fantamtb\\\/wp-content\\\/uploads\\\/wpforo\\\/avatars\\\/davide_1.png\",\"caption\":\"FANTAmtb\"},\"sameAs\":[\"https:\\\/\\\/www.365mountainbike.it\\\/fantamtb\"],\"url\":\"https:\\\/\\\/www.365mountainbike.it\\\/fantamtb\\\/author\\\/davide\\\/\"}]}<\/script>\n<!-- \/ Yoast SEO plugin. -->","yoast_head_json":{"title":"Classifiche Campionati Mondiali DH 2018, Lenzerheide (SVIZZERA) | FANTAmtb","robots":{"index":"index","follow":"follow","max-snippet":"max-snippet:-1","max-image-preview":"max-image-preview:large","max-video-preview":"max-video-preview:-1"},"canonical":"https:\/\/www.365mountainbike.it\/fantamtb\/storia-mtb\/downhill-dh\/campionato-del-mondo-downhill-2018\/","og_locale":"it_IT","og_type":"article","og_title":"Classifiche Campionati Mondiali DH 2018, Lenzerheide (SVIZZERA) | FANTAmtb","og_description":"9 Settembre 2018 &#8211; Lenzerheide 2018: tracciato corto e intenso. In soli 3 minuti ha racchiuso molti aspetti tecnici con un grandissimo show. Buone le prestazioni di Morganne Charre e della svizzera Emilie Siegenthaler, che tengono la leadership prima delle big finali. Myriam Nicole \u00e8 la prima a dare uno bello scossone con uno splendido [&hellip;]","og_url":"https:\/\/www.365mountainbike.it\/fantamtb\/storia-mtb\/downhill-dh\/campionato-del-mondo-downhill-2018\/","og_site_name":"FANTAmtb","article_published_time":"2022-01-11T21:43:07+00:00","article_modified_time":"2026-01-24T17:05:38+00:00","og_image":[{"width":2000,"height":1333,"url":"https:\/\/www.365mountainbike.it\/fantamtb\/wp-content\/uploads\/2024\/01\/Podio-Mondiali-DH-MTB-2018-Lenzerheide-5.jpg","type":"image\/jpeg"}],"author":"FANTAmtb","twitter_card":"summary_large_image","twitter_misc":{"Scritto da":"FANTAmtb","Tempo di lettura stimato":"17 minuti"},"schema":{"@context":"https:\/\/schema.org","@graph":[{"@type":"Article","@id":"https:\/\/www.365mountainbike.it\/fantamtb\/storia-mtb\/downhill-dh\/campionato-del-mondo-downhill-2018\/#article","isPartOf":{"@id":"https:\/\/www.365mountainbike.it\/fantamtb\/storia-mtb\/downhill-dh\/campionato-del-mondo-downhill-2018\/"},"author":{"name":"FANTAmtb","@id":"https:\/\/www.365mountainbike.it\/fantamtb\/#\/schema\/person\/7b4a30b446207c8d00024d9717c3b63b"},"headline":"Campionati Mondiali DH 2018, Lenzerheide (SVIZZERA)","datePublished":"2022-01-11T21:43:07+00:00","dateModified":"2026-01-24T17:05:38+00:00","mainEntityOfPage":{"@id":"https:\/\/www.365mountainbike.it\/fantamtb\/storia-mtb\/downhill-dh\/campionato-del-mondo-downhill-2018\/"},"wordCount":641,"image":{"@id":"https:\/\/www.365mountainbike.it\/fantamtb\/storia-mtb\/downhill-dh\/campionato-del-mondo-downhill-2018\/#primaryimage"},"thumbnailUrl":"https:\/\/www.365mountainbike.it\/fantamtb\/wp-content\/uploads\/2024\/01\/Podio-Mondiali-DH-MTB-2018-Lenzerheide-5.jpg","keywords":["Anna Newkirk","Danny Hart","Elliot Jamieson","Kade Edwards","Kye A'Hern","Lenzerheide","Loic Bruni","Mille Johnset","Mondiali","Myriam Nicole","Rachel Atherton","Tahnee Seagrave","Vali Holl"],"articleSection":["Downhill DH"],"inLanguage":"it-IT"},{"@type":"WebPage","@id":"https:\/\/www.365mountainbike.it\/fantamtb\/storia-mtb\/downhill-dh\/campionato-del-mondo-downhill-2018\/","url":"https:\/\/www.365mountainbike.it\/fantamtb\/storia-mtb\/downhill-dh\/campionato-del-mondo-downhill-2018\/","name":"Classifiche Campionati Mondiali DH 2018, Lenzerheide (SVIZZERA) | FANTAmtb","isPartOf":{"@id":"https:\/\/www.365mountainbike.it\/fantamtb\/#website"},"primaryImageOfPage":{"@id":"https:\/\/www.365mountainbike.it\/fantamtb\/storia-mtb\/downhill-dh\/campionato-del-mondo-downhill-2018\/#primaryimage"},"image":{"@id":"https:\/\/www.365mountainbike.it\/fantamtb\/storia-mtb\/downhill-dh\/campionato-del-mondo-downhill-2018\/#primaryimage"},"thumbnailUrl":"https:\/\/www.365mountainbike.it\/fantamtb\/wp-content\/uploads\/2024\/01\/Podio-Mondiali-DH-MTB-2018-Lenzerheide-5.jpg","datePublished":"2022-01-11T21:43:07+00:00","dateModified":"2026-01-24T17:05:38+00:00","author":{"@id":"https:\/\/www.365mountainbike.it\/fantamtb\/#\/schema\/person\/7b4a30b446207c8d00024d9717c3b63b"},"breadcrumb":{"@id":"https:\/\/www.365mountainbike.it\/fantamtb\/storia-mtb\/downhill-dh\/campionato-del-mondo-downhill-2018\/#breadcrumb"},"inLanguage":"it-IT","potentialAction":[{"@type":"ReadAction","target":["https:\/\/www.365mountainbike.it\/fantamtb\/storia-mtb\/downhill-dh\/campionato-del-mondo-downhill-2018\/"]}]},{"@type":"ImageObject","inLanguage":"it-IT","@id":"https:\/\/www.365mountainbike.it\/fantamtb\/storia-mtb\/downhill-dh\/campionato-del-mondo-downhill-2018\/#primaryimage","url":"https:\/\/www.365mountainbike.it\/fantamtb\/wp-content\/uploads\/2024\/01\/Podio-Mondiali-DH-MTB-2018-Lenzerheide-5.jpg","contentUrl":"https:\/\/www.365mountainbike.it\/fantamtb\/wp-content\/uploads\/2024\/01\/Podio-Mondiali-DH-MTB-2018-Lenzerheide-5.jpg","width":2000,"height":1333,"caption":"Podio UCI DH World Championships a Lenzerheide September 9th, 2018 \/\/ \u00a9Bartek Wolinski \/ Red Bull Content Pool"},{"@type":"BreadcrumbList","@id":"https:\/\/www.365mountainbike.it\/fantamtb\/storia-mtb\/downhill-dh\/campionato-del-mondo-downhill-2018\/#breadcrumb","itemListElement":[{"@type":"ListItem","position":1,"name":"Home","item":"https:\/\/www.365mountainbike.it\/fantamtb\/"},{"@type":"ListItem","position":2,"name":"Storia MTB","item":"https:\/\/www.365mountainbike.it\/fantamtb\/storia-mtb\/"},{"@type":"ListItem","position":3,"name":"DH Downhill","item":"https:\/\/www.365mountainbike.it\/fantamtb\/storia-mtb\/downhill-dh\/"},{"@type":"ListItem","position":4,"name":"Campionati Mondiali DH 2018, Lenzerheide (SVIZZERA)"}]},{"@type":"WebSite","@id":"https:\/\/www.365mountainbike.it\/fantamtb\/#website","url":"https:\/\/www.365mountainbike.it\/fantamtb\/","name":"FANTAmtb","description":"Il FANTAciclismo della Mountain Bike (FANTAcycling)","potentialAction":[{"@type":"SearchAction","target":{"@type":"EntryPoint","urlTemplate":"https:\/\/www.365mountainbike.it\/fantamtb\/?s={search_term_string}"},"query-input":{"@type":"PropertyValueSpecification","valueRequired":true,"valueName":"search_term_string"}}],"inLanguage":"it-IT"},{"@type":"Person","@id":"https:\/\/www.365mountainbike.it\/fantamtb\/#\/schema\/person\/7b4a30b446207c8d00024d9717c3b63b","name":"FANTAmtb","image":{"@type":"ImageObject","inLanguage":"it-IT","@id":"\/\/www.365mountainbike.it\/fantamtb\/wp-content\/uploads\/wpforo\/avatars\/davide_1.png","url":"\/\/www.365mountainbike.it\/fantamtb\/wp-content\/uploads\/wpforo\/avatars\/davide_1.png","contentUrl":"\/\/www.365mountainbike.it\/fantamtb\/wp-content\/uploads\/wpforo\/avatars\/davide_1.png","caption":"FANTAmtb"},"sameAs":["https:\/\/www.365mountainbike.it\/fantamtb"],"url":"https:\/\/www.365mountainbike.it\/fantamtb\/author\/davide\/"}]}},"gt_translate_keys":[{"key":"link","format":"url"}],"_links":{"self":[{"href":"https:\/\/www.365mountainbike.it\/fantamtb\/wp-json\/wp\/v2\/posts\/7425","targetHints":{"allow":["GET"]}}],"collection":[{"href":"https:\/\/www.365mountainbike.it\/fantamtb\/wp-json\/wp\/v2\/posts"}],"about":[{"href":"https:\/\/www.365mountainbike.it\/fantamtb\/wp-json\/wp\/v2\/types\/post"}],"author":[{"embeddable":true,"href":"https:\/\/www.365mountainbike.it\/fantamtb\/wp-json\/wp\/v2\/users\/1"}],"replies":[{"embeddable":true,"href":"https:\/\/www.365mountainbike.it\/fantamtb\/wp-json\/wp\/v2\/comments?post=7425"}],"version-history":[{"count":5,"href":"https:\/\/www.365mountainbike.it\/fantamtb\/wp-json\/wp\/v2\/posts\/7425\/revisions"}],"predecessor-version":[{"id":25435,"href":"https:\/\/www.365mountainbike.it\/fantamtb\/wp-json\/wp\/v2\/posts\/7425\/revisions\/25435"}],"wp:featuredmedia":[{"embeddable":true,"href":"https:\/\/www.365mountainbike.it\/fantamtb\/wp-json\/wp\/v2\/media\/22553"}],"wp:attachment":[{"href":"https:\/\/www.365mountainbike.it\/fantamtb\/wp-json\/wp\/v2\/media?parent=7425"}],"wp:term":[{"taxonomy":"category","embeddable":true,"href":"https:\/\/www.365mountainbike.it\/fantamtb\/wp-json\/wp\/v2\/categories?post=7425"},{"taxonomy":"post_tag","embeddable":true,"href":"https:\/\/www.365mountainbike.it\/fantamtb\/wp-json\/wp\/v2\/tags?post=7425"}],"curies":[{"name":"wp","href":"https:\/\/api.w.org\/{rel}","templated":true}]}}