{"id":2715,"date":"2014-12-07T23:54:49","date_gmt":"2014-12-07T22:54:49","guid":{"rendered":"\/database\/rider-downhill\/marla-streb\/"},"modified":"2024-01-06T13:54:13","modified_gmt":"2024-01-06T13:54:13","slug":"marla-streb","status":"publish","type":"post","link":"https:\/\/www.365mountainbike.it\/fantamtb\/atleti\/marla-streb\/","title":{"rendered":"Marla Streb","gt_translate_keys":[{"key":"rendered","format":"text"}]},"content":{"rendered":"\n<p>Marla Streb (nata il 24 giugno 1965) \u00e8 una ciclista professionista americana ed \u00e8 stata inserita nella hall of fame della mountain bike nel 2013. Ha vinto una Coppa del Mondo di discesa libera nel 2005 (Austria), due volte il Campionato del mondo single speed (1999 e 2006) e ha vinto anche gli X-Games nel 1999. <\/p>\n\n\n\n<p>Streb ha scritto e pubblicato due libri, \u00e8 apparso sulla copertina di Outside Magazine ed \u00e8 apparso su reti televisive e film come il film IMAX Top Speed. Marla \u00e8 la fondatrice e proprietaria di Baltimora, il primo e unico bicycle-cafe di MD, chiamato HandleBar Cafe. <\/p>\n\n\n\n<p>Streb possiede attualmente una societ\u00e0 di progettazione di percorsi su superfici naturali chiamata Streb Trail Systems in Costa Rica e gestisce una societ\u00e0 di tour in mountain bike chiamata Jungle Mountain Bike Tours a Montezuma, Costa Rica<\/p>\n","protected":false,"gt_translate_keys":[{"key":"rendered","format":"html"}]},"excerpt":{"rendered":"<p>Marla Streb (nata il 24 giugno 1965) \u00e8 una ciclista professionista americana ed \u00e8 stata inserita nella hall of fame della mountain bike nel 2013. Ha vinto una Coppa del Mondo di discesa libera nel 2005 (Austria), due volte il Campionato del mondo single speed (1999 e 2006) e ha vinto anche gli X-Games nel [&hellip;]<\/p>\n","protected":false,"gt_translate_keys":[{"key":"rendered","format":"html"}]},"author":1,"featured_media":14801,"comment_status":"closed","ping_status":"open","sticky":false,"template":"","format":"standard","meta":{"footnotes":""},"categories":[2],"tags":[509,249],"class_list":["post-2715","post","type-post","status-publish","format-standard","has-post-thumbnail","hentry","category-atleti","tag-downhill","tag-marla-streb"],"yoast_head":"<!-- This site is optimized with the Yoast SEO plugin v27.5 - https:\/\/yoast.com\/product\/yoast-seo-wordpress\/ -->\n<title>Biografia Marla Streb - Atleta MTB (foto\/risultati) | FANTAmtb<\/title>\n<meta name=\"robots\" content=\"index, follow, max-snippet:-1, max-image-preview:large, max-video-preview:-1\" \/>\n<link rel=\"canonical\" href=\"https:\/\/www.365mountainbike.it\/fantamtb\/atleti\/marla-streb\/\" \/>\n<meta property=\"og:locale\" content=\"it_IT\" \/>\n<meta property=\"og:type\" content=\"article\" \/>\n<meta property=\"og:title\" content=\"Biografia Marla Streb - Atleta MTB (foto\/risultati) | FANTAmtb\" \/>\n<meta property=\"og:description\" content=\"Marla Streb (nata il 24 giugno 1965) \u00e8 una ciclista professionista americana ed \u00e8 stata inserita nella hall of fame della mountain bike nel 2013. Ha vinto una Coppa del Mondo di discesa libera nel 2005 (Austria), due volte il Campionato del mondo single speed (1999 e 2006) e ha vinto anche gli X-Games nel [&hellip;]\" \/>\n<meta property=\"og:url\" content=\"https:\/\/www.365mountainbike.it\/fantamtb\/atleti\/marla-streb\/\" \/>\n<meta property=\"og:site_name\" content=\"FANTAmtb\" \/>\n<meta property=\"article:published_time\" content=\"2014-12-07T22:54:49+00:00\" \/>\n<meta property=\"article:modified_time\" content=\"2024-01-06T13:54:13+00:00\" \/>\n<meta property=\"og:image\" content=\"https:\/\/www.365mountainbike.it\/fantamtb\/wp-content\/uploads\/2014\/12\/Marla-Streb-2005.jpg\" \/>\n\t<meta property=\"og:image:width\" content=\"399\" \/>\n\t<meta property=\"og:image:height\" content=\"600\" \/>\n\t<meta property=\"og:image:type\" content=\"image\/jpeg\" \/>\n<meta name=\"author\" content=\"FANTAmtb\" \/>\n<meta name=\"twitter:card\" content=\"summary_large_image\" \/>\n<meta name=\"twitter:label1\" content=\"Scritto da\" \/>\n\t<meta name=\"twitter:data1\" content=\"FANTAmtb\" \/>\n\t<meta name=\"twitter:label2\" content=\"Tempo di lettura stimato\" \/>\n\t<meta name=\"twitter:data2\" content=\"1 minuto\" \/>\n<script type=\"application\/ld+json\" class=\"yoast-schema-graph\">{\"@context\":\"https:\\\/\\\/schema.org\",\"@graph\":[{\"@type\":\"Article\",\"@id\":\"https:\\\/\\\/www.365mountainbike.it\\\/fantamtb\\\/atleti\\\/marla-streb\\\/#article\",\"isPartOf\":{\"@id\":\"https:\\\/\\\/www.365mountainbike.it\\\/fantamtb\\\/atleti\\\/marla-streb\\\/\"},\"author\":{\"name\":\"FANTAmtb\",\"@id\":\"https:\\\/\\\/www.365mountainbike.it\\\/fantamtb\\\/#\\\/schema\\\/person\\\/7b4a30b446207c8d00024d9717c3b63b\"},\"headline\":\"Marla Streb\",\"datePublished\":\"2014-12-07T22:54:49+00:00\",\"dateModified\":\"2024-01-06T13:54:13+00:00\",\"mainEntityOfPage\":{\"@id\":\"https:\\\/\\\/www.365mountainbike.it\\\/fantamtb\\\/atleti\\\/marla-streb\\\/\"},\"wordCount\":129,\"image\":{\"@id\":\"https:\\\/\\\/www.365mountainbike.it\\\/fantamtb\\\/atleti\\\/marla-streb\\\/#primaryimage\"},\"thumbnailUrl\":\"https:\\\/\\\/www.365mountainbike.it\\\/fantamtb\\\/wp-content\\\/uploads\\\/2014\\\/12\\\/Marla-Streb-2005.jpg\",\"keywords\":[\"Downhill\",\"Marla Streb\"],\"articleSection\":[\"Atleti\"],\"inLanguage\":\"it-IT\"},{\"@type\":\"WebPage\",\"@id\":\"https:\\\/\\\/www.365mountainbike.it\\\/fantamtb\\\/atleti\\\/marla-streb\\\/\",\"url\":\"https:\\\/\\\/www.365mountainbike.it\\\/fantamtb\\\/atleti\\\/marla-streb\\\/\",\"name\":\"Biografia Marla Streb - Atleta MTB (foto\\\/risultati) | FANTAmtb\",\"isPartOf\":{\"@id\":\"https:\\\/\\\/www.365mountainbike.it\\\/fantamtb\\\/#website\"},\"primaryImageOfPage\":{\"@id\":\"https:\\\/\\\/www.365mountainbike.it\\\/fantamtb\\\/atleti\\\/marla-streb\\\/#primaryimage\"},\"image\":{\"@id\":\"https:\\\/\\\/www.365mountainbike.it\\\/fantamtb\\\/atleti\\\/marla-streb\\\/#primaryimage\"},\"thumbnailUrl\":\"https:\\\/\\\/www.365mountainbike.it\\\/fantamtb\\\/wp-content\\\/uploads\\\/2014\\\/12\\\/Marla-Streb-2005.jpg\",\"datePublished\":\"2014-12-07T22:54:49+00:00\",\"dateModified\":\"2024-01-06T13:54:13+00:00\",\"author\":{\"@id\":\"https:\\\/\\\/www.365mountainbike.it\\\/fantamtb\\\/#\\\/schema\\\/person\\\/7b4a30b446207c8d00024d9717c3b63b\"},\"breadcrumb\":{\"@id\":\"https:\\\/\\\/www.365mountainbike.it\\\/fantamtb\\\/atleti\\\/marla-streb\\\/#breadcrumb\"},\"inLanguage\":\"it-IT\",\"potentialAction\":[{\"@type\":\"ReadAction\",\"target\":[\"https:\\\/\\\/www.365mountainbike.it\\\/fantamtb\\\/atleti\\\/marla-streb\\\/\"]}]},{\"@type\":\"ImageObject\",\"inLanguage\":\"it-IT\",\"@id\":\"https:\\\/\\\/www.365mountainbike.it\\\/fantamtb\\\/atleti\\\/marla-streb\\\/#primaryimage\",\"url\":\"https:\\\/\\\/www.365mountainbike.it\\\/fantamtb\\\/wp-content\\\/uploads\\\/2014\\\/12\\\/Marla-Streb-2005.jpg\",\"contentUrl\":\"https:\\\/\\\/www.365mountainbike.it\\\/fantamtb\\\/wp-content\\\/uploads\\\/2014\\\/12\\\/Marla-Streb-2005.jpg\",\"width\":399,\"height\":600,\"caption\":\"\u00a9Beth Seliga - Marla Streb nel 2005\"},{\"@type\":\"BreadcrumbList\",\"@id\":\"https:\\\/\\\/www.365mountainbike.it\\\/fantamtb\\\/atleti\\\/marla-streb\\\/#breadcrumb\",\"itemListElement\":[{\"@type\":\"ListItem\",\"position\":1,\"name\":\"Home\",\"item\":\"https:\\\/\\\/www.365mountainbike.it\\\/fantamtb\\\/\"},{\"@type\":\"ListItem\",\"position\":2,\"name\":\"Marla Streb\"}]},{\"@type\":\"WebSite\",\"@id\":\"https:\\\/\\\/www.365mountainbike.it\\\/fantamtb\\\/#website\",\"url\":\"https:\\\/\\\/www.365mountainbike.it\\\/fantamtb\\\/\",\"name\":\"FANTAmtb\",\"description\":\"Il FANTAciclismo della Mountain Bike (FANTAcycling)\",\"potentialAction\":[{\"@type\":\"SearchAction\",\"target\":{\"@type\":\"EntryPoint\",\"urlTemplate\":\"https:\\\/\\\/www.365mountainbike.it\\\/fantamtb\\\/?s={search_term_string}\"},\"query-input\":{\"@type\":\"PropertyValueSpecification\",\"valueRequired\":true,\"valueName\":\"search_term_string\"}}],\"inLanguage\":\"it-IT\"},{\"@type\":\"Person\",\"@id\":\"https:\\\/\\\/www.365mountainbike.it\\\/fantamtb\\\/#\\\/schema\\\/person\\\/7b4a30b446207c8d00024d9717c3b63b\",\"name\":\"FANTAmtb\",\"image\":{\"@type\":\"ImageObject\",\"inLanguage\":\"it-IT\",\"@id\":\"\\\/\\\/www.365mountainbike.it\\\/fantamtb\\\/wp-content\\\/uploads\\\/wpforo\\\/avatars\\\/davide_1.png\",\"url\":\"\\\/\\\/www.365mountainbike.it\\\/fantamtb\\\/wp-content\\\/uploads\\\/wpforo\\\/avatars\\\/davide_1.png\",\"contentUrl\":\"\\\/\\\/www.365mountainbike.it\\\/fantamtb\\\/wp-content\\\/uploads\\\/wpforo\\\/avatars\\\/davide_1.png\",\"caption\":\"FANTAmtb\"},\"sameAs\":[\"https:\\\/\\\/www.365mountainbike.it\\\/fantamtb\"],\"url\":\"https:\\\/\\\/www.365mountainbike.it\\\/fantamtb\\\/author\\\/davide\\\/\"}]}<\/script>\n<!-- \/ Yoast SEO plugin. -->","yoast_head_json":{"title":"Biografia Marla Streb - Atleta MTB (foto\/risultati) | FANTAmtb","robots":{"index":"index","follow":"follow","max-snippet":"max-snippet:-1","max-image-preview":"max-image-preview:large","max-video-preview":"max-video-preview:-1"},"canonical":"https:\/\/www.365mountainbike.it\/fantamtb\/atleti\/marla-streb\/","og_locale":"it_IT","og_type":"article","og_title":"Biografia Marla Streb - Atleta MTB (foto\/risultati) | FANTAmtb","og_description":"Marla Streb (nata il 24 giugno 1965) \u00e8 una ciclista professionista americana ed \u00e8 stata inserita nella hall of fame della mountain bike nel 2013. Ha vinto una Coppa del Mondo di discesa libera nel 2005 (Austria), due volte il Campionato del mondo single speed (1999 e 2006) e ha vinto anche gli X-Games nel [&hellip;]","og_url":"https:\/\/www.365mountainbike.it\/fantamtb\/atleti\/marla-streb\/","og_site_name":"FANTAmtb","article_published_time":"2014-12-07T22:54:49+00:00","article_modified_time":"2024-01-06T13:54:13+00:00","og_image":[{"width":399,"height":600,"url":"https:\/\/www.365mountainbike.it\/fantamtb\/wp-content\/uploads\/2014\/12\/Marla-Streb-2005.jpg","type":"image\/jpeg"}],"author":"FANTAmtb","twitter_card":"summary_large_image","twitter_misc":{"Scritto da":"FANTAmtb","Tempo di lettura stimato":"1 minuto"},"schema":{"@context":"https:\/\/schema.org","@graph":[{"@type":"Article","@id":"https:\/\/www.365mountainbike.it\/fantamtb\/atleti\/marla-streb\/#article","isPartOf":{"@id":"https:\/\/www.365mountainbike.it\/fantamtb\/atleti\/marla-streb\/"},"author":{"name":"FANTAmtb","@id":"https:\/\/www.365mountainbike.it\/fantamtb\/#\/schema\/person\/7b4a30b446207c8d00024d9717c3b63b"},"headline":"Marla Streb","datePublished":"2014-12-07T22:54:49+00:00","dateModified":"2024-01-06T13:54:13+00:00","mainEntityOfPage":{"@id":"https:\/\/www.365mountainbike.it\/fantamtb\/atleti\/marla-streb\/"},"wordCount":129,"image":{"@id":"https:\/\/www.365mountainbike.it\/fantamtb\/atleti\/marla-streb\/#primaryimage"},"thumbnailUrl":"https:\/\/www.365mountainbike.it\/fantamtb\/wp-content\/uploads\/2014\/12\/Marla-Streb-2005.jpg","keywords":["Downhill","Marla Streb"],"articleSection":["Atleti"],"inLanguage":"it-IT"},{"@type":"WebPage","@id":"https:\/\/www.365mountainbike.it\/fantamtb\/atleti\/marla-streb\/","url":"https:\/\/www.365mountainbike.it\/fantamtb\/atleti\/marla-streb\/","name":"Biografia Marla Streb - Atleta MTB (foto\/risultati) | FANTAmtb","isPartOf":{"@id":"https:\/\/www.365mountainbike.it\/fantamtb\/#website"},"primaryImageOfPage":{"@id":"https:\/\/www.365mountainbike.it\/fantamtb\/atleti\/marla-streb\/#primaryimage"},"image":{"@id":"https:\/\/www.365mountainbike.it\/fantamtb\/atleti\/marla-streb\/#primaryimage"},"thumbnailUrl":"https:\/\/www.365mountainbike.it\/fantamtb\/wp-content\/uploads\/2014\/12\/Marla-Streb-2005.jpg","datePublished":"2014-12-07T22:54:49+00:00","dateModified":"2024-01-06T13:54:13+00:00","author":{"@id":"https:\/\/www.365mountainbike.it\/fantamtb\/#\/schema\/person\/7b4a30b446207c8d00024d9717c3b63b"},"breadcrumb":{"@id":"https:\/\/www.365mountainbike.it\/fantamtb\/atleti\/marla-streb\/#breadcrumb"},"inLanguage":"it-IT","potentialAction":[{"@type":"ReadAction","target":["https:\/\/www.365mountainbike.it\/fantamtb\/atleti\/marla-streb\/"]}]},{"@type":"ImageObject","inLanguage":"it-IT","@id":"https:\/\/www.365mountainbike.it\/fantamtb\/atleti\/marla-streb\/#primaryimage","url":"https:\/\/www.365mountainbike.it\/fantamtb\/wp-content\/uploads\/2014\/12\/Marla-Streb-2005.jpg","contentUrl":"https:\/\/www.365mountainbike.it\/fantamtb\/wp-content\/uploads\/2014\/12\/Marla-Streb-2005.jpg","width":399,"height":600,"caption":"\u00a9Beth Seliga - Marla Streb nel 2005"},{"@type":"BreadcrumbList","@id":"https:\/\/www.365mountainbike.it\/fantamtb\/atleti\/marla-streb\/#breadcrumb","itemListElement":[{"@type":"ListItem","position":1,"name":"Home","item":"https:\/\/www.365mountainbike.it\/fantamtb\/"},{"@type":"ListItem","position":2,"name":"Marla Streb"}]},{"@type":"WebSite","@id":"https:\/\/www.365mountainbike.it\/fantamtb\/#website","url":"https:\/\/www.365mountainbike.it\/fantamtb\/","name":"FANTAmtb","description":"Il FANTAciclismo della Mountain Bike (FANTAcycling)","potentialAction":[{"@type":"SearchAction","target":{"@type":"EntryPoint","urlTemplate":"https:\/\/www.365mountainbike.it\/fantamtb\/?s={search_term_string}"},"query-input":{"@type":"PropertyValueSpecification","valueRequired":true,"valueName":"search_term_string"}}],"inLanguage":"it-IT"},{"@type":"Person","@id":"https:\/\/www.365mountainbike.it\/fantamtb\/#\/schema\/person\/7b4a30b446207c8d00024d9717c3b63b","name":"FANTAmtb","image":{"@type":"ImageObject","inLanguage":"it-IT","@id":"\/\/www.365mountainbike.it\/fantamtb\/wp-content\/uploads\/wpforo\/avatars\/davide_1.png","url":"\/\/www.365mountainbike.it\/fantamtb\/wp-content\/uploads\/wpforo\/avatars\/davide_1.png","contentUrl":"\/\/www.365mountainbike.it\/fantamtb\/wp-content\/uploads\/wpforo\/avatars\/davide_1.png","caption":"FANTAmtb"},"sameAs":["https:\/\/www.365mountainbike.it\/fantamtb"],"url":"https:\/\/www.365mountainbike.it\/fantamtb\/author\/davide\/"}]}},"gt_translate_keys":[{"key":"link","format":"url"}],"_links":{"self":[{"href":"https:\/\/www.365mountainbike.it\/fantamtb\/wp-json\/wp\/v2\/posts\/2715","targetHints":{"allow":["GET"]}}],"collection":[{"href":"https:\/\/www.365mountainbike.it\/fantamtb\/wp-json\/wp\/v2\/posts"}],"about":[{"href":"https:\/\/www.365mountainbike.it\/fantamtb\/wp-json\/wp\/v2\/types\/post"}],"author":[{"embeddable":true,"href":"https:\/\/www.365mountainbike.it\/fantamtb\/wp-json\/wp\/v2\/users\/1"}],"replies":[{"embeddable":true,"href":"https:\/\/www.365mountainbike.it\/fantamtb\/wp-json\/wp\/v2\/comments?post=2715"}],"version-history":[{"count":1,"href":"https:\/\/www.365mountainbike.it\/fantamtb\/wp-json\/wp\/v2\/posts\/2715\/revisions"}],"predecessor-version":[{"id":21370,"href":"https:\/\/www.365mountainbike.it\/fantamtb\/wp-json\/wp\/v2\/posts\/2715\/revisions\/21370"}],"wp:featuredmedia":[{"embeddable":true,"href":"https:\/\/www.365mountainbike.it\/fantamtb\/wp-json\/wp\/v2\/media\/14801"}],"wp:attachment":[{"href":"https:\/\/www.365mountainbike.it\/fantamtb\/wp-json\/wp\/v2\/media?parent=2715"}],"wp:term":[{"taxonomy":"category","embeddable":true,"href":"https:\/\/www.365mountainbike.it\/fantamtb\/wp-json\/wp\/v2\/categories?post=2715"},{"taxonomy":"post_tag","embeddable":true,"href":"https:\/\/www.365mountainbike.it\/fantamtb\/wp-json\/wp\/v2\/tags?post=2715"}],"curies":[{"name":"wp","href":"https:\/\/api.w.org\/{rel}","templated":true}]}}