{"id":2711,"date":"2014-12-07T22:49:22","date_gmt":"2014-12-07T21:49:22","guid":{"rendered":"\/database\/rider-downhill\/sari-jorgensen\/"},"modified":"2024-01-11T14:45:16","modified_gmt":"2024-01-11T14:45:16","slug":"sari-jorgensen","status":"publish","type":"post","link":"https:\/\/www.365mountainbike.it\/fantamtb\/atleti\/sari-jorgensen\/","title":{"rendered":"Sari J\u00f6rgensen","gt_translate_keys":[{"key":"rendered","format":"text"}]},"content":{"rendered":"\n<p>Sari Jorgensen (25 luglio 1980) \u00e8 stata una professionista di downhill svizzera, con apparizioni importanti anche in 4x e dual slalom.\u00a0Tra le Juniores (U18), conquista una medaglia di bronzo ai mondiali del 1996 mentre nel 1998 vince il titolo iridato. Al primo anno tra le Elite (1999), conquista un formidabile terzo posto ai mondiali DH. Pluricampionessa nazionale.<\/p>\n\n\n\n<p>Poi iniziarono gli infortuni: nell&#8217;autunno del 2000 si ruppe la clavicola destra in motocross e poco dopo quella sinistra (questa volta in bicicletta), dopodich\u00e9 entrambe le spalle sono state operate contemporaneamente per pseudoartrosi.<\/p>\n\n\n\n<p>Nel 2001, si ruppe i legamenti della spalla destra durante l&#8217;allenamento. La prima operazione non ebbe successo e cos\u00ec nell&#8217;estate del 2002 dovette andare di nuovo sotto i ferri. Dopodich\u00e9, c&#8217;\u00e8 stato molto allenamento e fisioterapia. Quando \u00e8 tornata nel 2004, ha dimostrato di non aver dimenticato come si vince: 4\u00b0 posto ai Campionati del Mondo 4X e Campionessa Svizzera in discesa e 4X! <\/p>\n\n\n\n<p>Nel 2006 smette per via dei problemi legata alla spalla. Secondo <a href=\"https:\/\/www.pinkbike.com\/forum\/listcomments\/?threadid=81999\">fonti non ufficiali<\/a>, sembra che ora suoni nell&#8217;orchestra nazionale (violoncello) visto che Sari \u00e8 appassionata di musica.<\/p>\n","protected":false,"gt_translate_keys":[{"key":"rendered","format":"html"}]},"excerpt":{"rendered":"<p>Sari Jorgensen (25 luglio 1980) \u00e8 stata una professionista di downhill svizzera, con apparizioni importanti anche in 4x e dual slalom.\u00a0Tra le Juniores (U18), conquista una medaglia di bronzo ai mondiali del 1996 mentre nel 1998 vince il titolo iridato. Al primo anno tra le Elite (1999), conquista un formidabile terzo posto ai mondiali DH. [&hellip;]<\/p>\n","protected":false,"gt_translate_keys":[{"key":"rendered","format":"html"}]},"author":1,"featured_media":14810,"comment_status":"closed","ping_status":"open","sticky":false,"template":"","format":"standard","meta":{"footnotes":""},"categories":[2],"tags":[509,237],"class_list":["post-2711","post","type-post","status-publish","format-standard","has-post-thumbnail","hentry","category-atleti","tag-downhill","tag-sari-jorgensen"],"yoast_head":"<!-- This site is optimized with the Yoast SEO plugin v27.5 - https:\/\/yoast.com\/product\/yoast-seo-wordpress\/ -->\n<title>Biografia Sari J\u00f6rgensen - Atleta MTB (foto\/risultati) | FANTAmtb<\/title>\n<meta name=\"robots\" content=\"index, follow, max-snippet:-1, max-image-preview:large, max-video-preview:-1\" \/>\n<link rel=\"canonical\" href=\"https:\/\/www.365mountainbike.it\/fantamtb\/atleti\/sari-jorgensen\/\" \/>\n<meta property=\"og:locale\" content=\"it_IT\" \/>\n<meta property=\"og:type\" content=\"article\" \/>\n<meta property=\"og:title\" content=\"Biografia Sari J\u00f6rgensen - Atleta MTB (foto\/risultati) | FANTAmtb\" \/>\n<meta property=\"og:description\" content=\"Sari Jorgensen (25 luglio 1980) \u00e8 stata una professionista di downhill svizzera, con apparizioni importanti anche in 4x e dual slalom.\u00a0Tra le Juniores (U18), conquista una medaglia di bronzo ai mondiali del 1996 mentre nel 1998 vince il titolo iridato. Al primo anno tra le Elite (1999), conquista un formidabile terzo posto ai mondiali DH. [&hellip;]\" \/>\n<meta property=\"og:url\" content=\"https:\/\/www.365mountainbike.it\/fantamtb\/atleti\/sari-jorgensen\/\" \/>\n<meta property=\"og:site_name\" content=\"FANTAmtb\" \/>\n<meta property=\"article:published_time\" content=\"2014-12-07T21:49:22+00:00\" \/>\n<meta property=\"article:modified_time\" content=\"2024-01-11T14:45:16+00:00\" \/>\n<meta property=\"og:image\" content=\"https:\/\/www.365mountainbike.it\/fantamtb\/wp-content\/uploads\/2014\/12\/Sari-Jorgensen.jpg\" \/>\n\t<meta property=\"og:image:width\" content=\"537\" \/>\n\t<meta property=\"og:image:height\" content=\"800\" \/>\n\t<meta property=\"og:image:type\" content=\"image\/jpeg\" \/>\n<meta name=\"author\" content=\"FANTAmtb\" \/>\n<meta name=\"twitter:card\" content=\"summary_large_image\" \/>\n<meta name=\"twitter:label1\" content=\"Scritto da\" \/>\n\t<meta name=\"twitter:data1\" content=\"FANTAmtb\" \/>\n\t<meta name=\"twitter:label2\" content=\"Tempo di lettura stimato\" \/>\n\t<meta name=\"twitter:data2\" content=\"1 minuto\" \/>\n<script type=\"application\/ld+json\" class=\"yoast-schema-graph\">{\"@context\":\"https:\\\/\\\/schema.org\",\"@graph\":[{\"@type\":\"Article\",\"@id\":\"https:\\\/\\\/www.365mountainbike.it\\\/fantamtb\\\/atleti\\\/sari-jorgensen\\\/#article\",\"isPartOf\":{\"@id\":\"https:\\\/\\\/www.365mountainbike.it\\\/fantamtb\\\/atleti\\\/sari-jorgensen\\\/\"},\"author\":{\"name\":\"FANTAmtb\",\"@id\":\"https:\\\/\\\/www.365mountainbike.it\\\/fantamtb\\\/#\\\/schema\\\/person\\\/7b4a30b446207c8d00024d9717c3b63b\"},\"headline\":\"Sari J\u00f6rgensen\",\"datePublished\":\"2014-12-07T21:49:22+00:00\",\"dateModified\":\"2024-01-11T14:45:16+00:00\",\"mainEntityOfPage\":{\"@id\":\"https:\\\/\\\/www.365mountainbike.it\\\/fantamtb\\\/atleti\\\/sari-jorgensen\\\/\"},\"wordCount\":176,\"image\":{\"@id\":\"https:\\\/\\\/www.365mountainbike.it\\\/fantamtb\\\/atleti\\\/sari-jorgensen\\\/#primaryimage\"},\"thumbnailUrl\":\"https:\\\/\\\/www.365mountainbike.it\\\/fantamtb\\\/wp-content\\\/uploads\\\/2014\\\/12\\\/Sari-Jorgensen.jpg\",\"keywords\":[\"Downhill\",\"Sari Jorgensen\"],\"articleSection\":[\"Atleti\"],\"inLanguage\":\"it-IT\"},{\"@type\":\"WebPage\",\"@id\":\"https:\\\/\\\/www.365mountainbike.it\\\/fantamtb\\\/atleti\\\/sari-jorgensen\\\/\",\"url\":\"https:\\\/\\\/www.365mountainbike.it\\\/fantamtb\\\/atleti\\\/sari-jorgensen\\\/\",\"name\":\"Biografia Sari J\u00f6rgensen - Atleta MTB (foto\\\/risultati) | FANTAmtb\",\"isPartOf\":{\"@id\":\"https:\\\/\\\/www.365mountainbike.it\\\/fantamtb\\\/#website\"},\"primaryImageOfPage\":{\"@id\":\"https:\\\/\\\/www.365mountainbike.it\\\/fantamtb\\\/atleti\\\/sari-jorgensen\\\/#primaryimage\"},\"image\":{\"@id\":\"https:\\\/\\\/www.365mountainbike.it\\\/fantamtb\\\/atleti\\\/sari-jorgensen\\\/#primaryimage\"},\"thumbnailUrl\":\"https:\\\/\\\/www.365mountainbike.it\\\/fantamtb\\\/wp-content\\\/uploads\\\/2014\\\/12\\\/Sari-Jorgensen.jpg\",\"datePublished\":\"2014-12-07T21:49:22+00:00\",\"dateModified\":\"2024-01-11T14:45:16+00:00\",\"author\":{\"@id\":\"https:\\\/\\\/www.365mountainbike.it\\\/fantamtb\\\/#\\\/schema\\\/person\\\/7b4a30b446207c8d00024d9717c3b63b\"},\"breadcrumb\":{\"@id\":\"https:\\\/\\\/www.365mountainbike.it\\\/fantamtb\\\/atleti\\\/sari-jorgensen\\\/#breadcrumb\"},\"inLanguage\":\"it-IT\",\"potentialAction\":[{\"@type\":\"ReadAction\",\"target\":[\"https:\\\/\\\/www.365mountainbike.it\\\/fantamtb\\\/atleti\\\/sari-jorgensen\\\/\"]}]},{\"@type\":\"ImageObject\",\"inLanguage\":\"it-IT\",\"@id\":\"https:\\\/\\\/www.365mountainbike.it\\\/fantamtb\\\/atleti\\\/sari-jorgensen\\\/#primaryimage\",\"url\":\"https:\\\/\\\/www.365mountainbike.it\\\/fantamtb\\\/wp-content\\\/uploads\\\/2014\\\/12\\\/Sari-Jorgensen.jpg\",\"contentUrl\":\"https:\\\/\\\/www.365mountainbike.it\\\/fantamtb\\\/wp-content\\\/uploads\\\/2014\\\/12\\\/Sari-Jorgensen.jpg\",\"width\":537,\"height\":800,\"caption\":\"\u00a9Fat Tire Fotos - Sari Jorgensen\"},{\"@type\":\"BreadcrumbList\",\"@id\":\"https:\\\/\\\/www.365mountainbike.it\\\/fantamtb\\\/atleti\\\/sari-jorgensen\\\/#breadcrumb\",\"itemListElement\":[{\"@type\":\"ListItem\",\"position\":1,\"name\":\"Home\",\"item\":\"https:\\\/\\\/www.365mountainbike.it\\\/fantamtb\\\/\"},{\"@type\":\"ListItem\",\"position\":2,\"name\":\"Sari J\u00f6rgensen\"}]},{\"@type\":\"WebSite\",\"@id\":\"https:\\\/\\\/www.365mountainbike.it\\\/fantamtb\\\/#website\",\"url\":\"https:\\\/\\\/www.365mountainbike.it\\\/fantamtb\\\/\",\"name\":\"FANTAmtb\",\"description\":\"Il FANTAciclismo della Mountain Bike (FANTAcycling)\",\"potentialAction\":[{\"@type\":\"SearchAction\",\"target\":{\"@type\":\"EntryPoint\",\"urlTemplate\":\"https:\\\/\\\/www.365mountainbike.it\\\/fantamtb\\\/?s={search_term_string}\"},\"query-input\":{\"@type\":\"PropertyValueSpecification\",\"valueRequired\":true,\"valueName\":\"search_term_string\"}}],\"inLanguage\":\"it-IT\"},{\"@type\":\"Person\",\"@id\":\"https:\\\/\\\/www.365mountainbike.it\\\/fantamtb\\\/#\\\/schema\\\/person\\\/7b4a30b446207c8d00024d9717c3b63b\",\"name\":\"FANTAmtb\",\"image\":{\"@type\":\"ImageObject\",\"inLanguage\":\"it-IT\",\"@id\":\"\\\/\\\/www.365mountainbike.it\\\/fantamtb\\\/wp-content\\\/uploads\\\/wpforo\\\/avatars\\\/davide_1.png\",\"url\":\"\\\/\\\/www.365mountainbike.it\\\/fantamtb\\\/wp-content\\\/uploads\\\/wpforo\\\/avatars\\\/davide_1.png\",\"contentUrl\":\"\\\/\\\/www.365mountainbike.it\\\/fantamtb\\\/wp-content\\\/uploads\\\/wpforo\\\/avatars\\\/davide_1.png\",\"caption\":\"FANTAmtb\"},\"sameAs\":[\"https:\\\/\\\/www.365mountainbike.it\\\/fantamtb\"],\"url\":\"https:\\\/\\\/www.365mountainbike.it\\\/fantamtb\\\/author\\\/davide\\\/\"}]}<\/script>\n<!-- \/ Yoast SEO plugin. -->","yoast_head_json":{"title":"Biografia Sari J\u00f6rgensen - Atleta MTB (foto\/risultati) | FANTAmtb","robots":{"index":"index","follow":"follow","max-snippet":"max-snippet:-1","max-image-preview":"max-image-preview:large","max-video-preview":"max-video-preview:-1"},"canonical":"https:\/\/www.365mountainbike.it\/fantamtb\/atleti\/sari-jorgensen\/","og_locale":"it_IT","og_type":"article","og_title":"Biografia Sari J\u00f6rgensen - Atleta MTB (foto\/risultati) | FANTAmtb","og_description":"Sari Jorgensen (25 luglio 1980) \u00e8 stata una professionista di downhill svizzera, con apparizioni importanti anche in 4x e dual slalom.\u00a0Tra le Juniores (U18), conquista una medaglia di bronzo ai mondiali del 1996 mentre nel 1998 vince il titolo iridato. Al primo anno tra le Elite (1999), conquista un formidabile terzo posto ai mondiali DH. [&hellip;]","og_url":"https:\/\/www.365mountainbike.it\/fantamtb\/atleti\/sari-jorgensen\/","og_site_name":"FANTAmtb","article_published_time":"2014-12-07T21:49:22+00:00","article_modified_time":"2024-01-11T14:45:16+00:00","og_image":[{"width":537,"height":800,"url":"https:\/\/www.365mountainbike.it\/fantamtb\/wp-content\/uploads\/2014\/12\/Sari-Jorgensen.jpg","type":"image\/jpeg"}],"author":"FANTAmtb","twitter_card":"summary_large_image","twitter_misc":{"Scritto da":"FANTAmtb","Tempo di lettura stimato":"1 minuto"},"schema":{"@context":"https:\/\/schema.org","@graph":[{"@type":"Article","@id":"https:\/\/www.365mountainbike.it\/fantamtb\/atleti\/sari-jorgensen\/#article","isPartOf":{"@id":"https:\/\/www.365mountainbike.it\/fantamtb\/atleti\/sari-jorgensen\/"},"author":{"name":"FANTAmtb","@id":"https:\/\/www.365mountainbike.it\/fantamtb\/#\/schema\/person\/7b4a30b446207c8d00024d9717c3b63b"},"headline":"Sari J\u00f6rgensen","datePublished":"2014-12-07T21:49:22+00:00","dateModified":"2024-01-11T14:45:16+00:00","mainEntityOfPage":{"@id":"https:\/\/www.365mountainbike.it\/fantamtb\/atleti\/sari-jorgensen\/"},"wordCount":176,"image":{"@id":"https:\/\/www.365mountainbike.it\/fantamtb\/atleti\/sari-jorgensen\/#primaryimage"},"thumbnailUrl":"https:\/\/www.365mountainbike.it\/fantamtb\/wp-content\/uploads\/2014\/12\/Sari-Jorgensen.jpg","keywords":["Downhill","Sari Jorgensen"],"articleSection":["Atleti"],"inLanguage":"it-IT"},{"@type":"WebPage","@id":"https:\/\/www.365mountainbike.it\/fantamtb\/atleti\/sari-jorgensen\/","url":"https:\/\/www.365mountainbike.it\/fantamtb\/atleti\/sari-jorgensen\/","name":"Biografia Sari J\u00f6rgensen - Atleta MTB (foto\/risultati) | FANTAmtb","isPartOf":{"@id":"https:\/\/www.365mountainbike.it\/fantamtb\/#website"},"primaryImageOfPage":{"@id":"https:\/\/www.365mountainbike.it\/fantamtb\/atleti\/sari-jorgensen\/#primaryimage"},"image":{"@id":"https:\/\/www.365mountainbike.it\/fantamtb\/atleti\/sari-jorgensen\/#primaryimage"},"thumbnailUrl":"https:\/\/www.365mountainbike.it\/fantamtb\/wp-content\/uploads\/2014\/12\/Sari-Jorgensen.jpg","datePublished":"2014-12-07T21:49:22+00:00","dateModified":"2024-01-11T14:45:16+00:00","author":{"@id":"https:\/\/www.365mountainbike.it\/fantamtb\/#\/schema\/person\/7b4a30b446207c8d00024d9717c3b63b"},"breadcrumb":{"@id":"https:\/\/www.365mountainbike.it\/fantamtb\/atleti\/sari-jorgensen\/#breadcrumb"},"inLanguage":"it-IT","potentialAction":[{"@type":"ReadAction","target":["https:\/\/www.365mountainbike.it\/fantamtb\/atleti\/sari-jorgensen\/"]}]},{"@type":"ImageObject","inLanguage":"it-IT","@id":"https:\/\/www.365mountainbike.it\/fantamtb\/atleti\/sari-jorgensen\/#primaryimage","url":"https:\/\/www.365mountainbike.it\/fantamtb\/wp-content\/uploads\/2014\/12\/Sari-Jorgensen.jpg","contentUrl":"https:\/\/www.365mountainbike.it\/fantamtb\/wp-content\/uploads\/2014\/12\/Sari-Jorgensen.jpg","width":537,"height":800,"caption":"\u00a9Fat Tire Fotos - Sari Jorgensen"},{"@type":"BreadcrumbList","@id":"https:\/\/www.365mountainbike.it\/fantamtb\/atleti\/sari-jorgensen\/#breadcrumb","itemListElement":[{"@type":"ListItem","position":1,"name":"Home","item":"https:\/\/www.365mountainbike.it\/fantamtb\/"},{"@type":"ListItem","position":2,"name":"Sari J\u00f6rgensen"}]},{"@type":"WebSite","@id":"https:\/\/www.365mountainbike.it\/fantamtb\/#website","url":"https:\/\/www.365mountainbike.it\/fantamtb\/","name":"FANTAmtb","description":"Il FANTAciclismo della Mountain Bike (FANTAcycling)","potentialAction":[{"@type":"SearchAction","target":{"@type":"EntryPoint","urlTemplate":"https:\/\/www.365mountainbike.it\/fantamtb\/?s={search_term_string}"},"query-input":{"@type":"PropertyValueSpecification","valueRequired":true,"valueName":"search_term_string"}}],"inLanguage":"it-IT"},{"@type":"Person","@id":"https:\/\/www.365mountainbike.it\/fantamtb\/#\/schema\/person\/7b4a30b446207c8d00024d9717c3b63b","name":"FANTAmtb","image":{"@type":"ImageObject","inLanguage":"it-IT","@id":"\/\/www.365mountainbike.it\/fantamtb\/wp-content\/uploads\/wpforo\/avatars\/davide_1.png","url":"\/\/www.365mountainbike.it\/fantamtb\/wp-content\/uploads\/wpforo\/avatars\/davide_1.png","contentUrl":"\/\/www.365mountainbike.it\/fantamtb\/wp-content\/uploads\/wpforo\/avatars\/davide_1.png","caption":"FANTAmtb"},"sameAs":["https:\/\/www.365mountainbike.it\/fantamtb"],"url":"https:\/\/www.365mountainbike.it\/fantamtb\/author\/davide\/"}]}},"gt_translate_keys":[{"key":"link","format":"url"}],"_links":{"self":[{"href":"https:\/\/www.365mountainbike.it\/fantamtb\/wp-json\/wp\/v2\/posts\/2711","targetHints":{"allow":["GET"]}}],"collection":[{"href":"https:\/\/www.365mountainbike.it\/fantamtb\/wp-json\/wp\/v2\/posts"}],"about":[{"href":"https:\/\/www.365mountainbike.it\/fantamtb\/wp-json\/wp\/v2\/types\/post"}],"author":[{"embeddable":true,"href":"https:\/\/www.365mountainbike.it\/fantamtb\/wp-json\/wp\/v2\/users\/1"}],"replies":[{"embeddable":true,"href":"https:\/\/www.365mountainbike.it\/fantamtb\/wp-json\/wp\/v2\/comments?post=2711"}],"version-history":[{"count":2,"href":"https:\/\/www.365mountainbike.it\/fantamtb\/wp-json\/wp\/v2\/posts\/2711\/revisions"}],"predecessor-version":[{"id":22745,"href":"https:\/\/www.365mountainbike.it\/fantamtb\/wp-json\/wp\/v2\/posts\/2711\/revisions\/22745"}],"wp:featuredmedia":[{"embeddable":true,"href":"https:\/\/www.365mountainbike.it\/fantamtb\/wp-json\/wp\/v2\/media\/14810"}],"wp:attachment":[{"href":"https:\/\/www.365mountainbike.it\/fantamtb\/wp-json\/wp\/v2\/media?parent=2711"}],"wp:term":[{"taxonomy":"category","embeddable":true,"href":"https:\/\/www.365mountainbike.it\/fantamtb\/wp-json\/wp\/v2\/categories?post=2711"},{"taxonomy":"post_tag","embeddable":true,"href":"https:\/\/www.365mountainbike.it\/fantamtb\/wp-json\/wp\/v2\/tags?post=2711"}],"curies":[{"name":"wp","href":"https:\/\/api.w.org\/{rel}","templated":true}]}}