{"id":2669,"date":"2014-12-07T17:26:34","date_gmt":"2014-12-07T16:26:34","guid":{"rendered":"\/database\/rider-downhill\/greg-minnaar\/"},"modified":"2025-02-12T14:34:18","modified_gmt":"2025-02-12T14:34:18","slug":"greg-minnaar","status":"publish","type":"post","link":"https:\/\/www.365mountainbike.it\/fantamtb\/atleti\/greg-minnaar\/","title":{"rendered":"Greg Minnaar","gt_translate_keys":[{"key":"rendered","format":"text"}]},"content":{"rendered":"\n<p>Greg Minnaar (13 Novembre 1981) \u00e8 presente nella scena mondiale downhill da sempre, uno degli atleti pi\u00f9 longevi ma anche uno dei pi\u00f9 premiati, nasce in una cittadina del Sudafrica dove inizia ad impratichirsi grazie al four-cross. Debutta in coppa del mondo downhill nel 1999, da l\u00ec in poi ottiene 4 volte il titolo di campione del mondo, mentre continua a ottenere risultati anche nelle gare pi\u00f9 recenti come nel 2020, all&#8217;et\u00e0 di 39 anni, quando \u00e8 riuscito a strappare una prima posizione a Lousa in Portogallo. Campione del Mondo 2021 a 40 anni. Ha deciso di ritirarsi dall&#8217;attivit\u00e0 a fine 2024.<\/p>\n","protected":false,"gt_translate_keys":[{"key":"rendered","format":"html"}]},"excerpt":{"rendered":"<p>Greg Minnaar (13 Novembre 1981) \u00e8 presente nella scena mondiale downhill da sempre, uno degli atleti pi\u00f9 longevi ma anche uno dei pi\u00f9 premiati, nasce in una cittadina del Sudafrica dove inizia ad impratichirsi grazie al four-cross. Debutta in coppa del mondo downhill nel 1999, da l\u00ec in poi ottiene 4 volte il titolo di [&hellip;]<\/p>\n","protected":false,"gt_translate_keys":[{"key":"rendered","format":"html"}]},"author":1,"featured_media":6764,"comment_status":"closed","ping_status":"open","sticky":false,"template":"","format":"standard","meta":{"footnotes":""},"categories":[2],"tags":[710,509,137],"class_list":["post-2669","post","type-post","status-publish","format-standard","has-post-thumbnail","hentry","category-atleti","tag-4x","tag-downhill","tag-greg-minnaar"],"yoast_head":"<!-- This site is optimized with the Yoast SEO plugin v27.5 - https:\/\/yoast.com\/product\/yoast-seo-wordpress\/ -->\n<title>Biografia Greg Minnaar - Atleta MTB (foto\/risultati) | FANTAmtb<\/title>\n<meta name=\"robots\" content=\"index, follow, max-snippet:-1, max-image-preview:large, max-video-preview:-1\" \/>\n<link rel=\"canonical\" href=\"https:\/\/www.365mountainbike.it\/fantamtb\/atleti\/greg-minnaar\/\" \/>\n<meta property=\"og:locale\" content=\"it_IT\" \/>\n<meta property=\"og:type\" content=\"article\" \/>\n<meta property=\"og:title\" content=\"Biografia Greg Minnaar - Atleta MTB (foto\/risultati) | FANTAmtb\" \/>\n<meta property=\"og:description\" content=\"Greg Minnaar (13 Novembre 1981) \u00e8 presente nella scena mondiale downhill da sempre, uno degli atleti pi\u00f9 longevi ma anche uno dei pi\u00f9 premiati, nasce in una cittadina del Sudafrica dove inizia ad impratichirsi grazie al four-cross. Debutta in coppa del mondo downhill nel 1999, da l\u00ec in poi ottiene 4 volte il titolo di [&hellip;]\" \/>\n<meta property=\"og:url\" content=\"https:\/\/www.365mountainbike.it\/fantamtb\/atleti\/greg-minnaar\/\" \/>\n<meta property=\"og:site_name\" content=\"FANTAmtb\" \/>\n<meta property=\"article:published_time\" content=\"2014-12-07T16:26:34+00:00\" \/>\n<meta property=\"article:modified_time\" content=\"2025-02-12T14:34:18+00:00\" \/>\n<meta property=\"og:image\" content=\"https:\/\/www.365mountainbike.it\/fantamtb\/wp-content\/uploads\/2011\/10\/MORGANE-CHARRE-AND-GREG-MINNAAR-WORLD-CHAMPIONS-2012-DH.jpg\" \/>\n\t<meta property=\"og:image:width\" content=\"1024\" \/>\n\t<meta property=\"og:image:height\" content=\"635\" \/>\n\t<meta property=\"og:image:type\" content=\"image\/jpeg\" \/>\n<meta name=\"author\" content=\"FANTAmtb\" \/>\n<meta name=\"twitter:card\" content=\"summary_large_image\" \/>\n<meta name=\"twitter:label1\" content=\"Scritto da\" \/>\n\t<meta name=\"twitter:data1\" content=\"FANTAmtb\" \/>\n\t<meta name=\"twitter:label2\" content=\"Tempo di lettura stimato\" \/>\n\t<meta name=\"twitter:data2\" content=\"1 minuto\" \/>\n<script type=\"application\/ld+json\" class=\"yoast-schema-graph\">{\"@context\":\"https:\\\/\\\/schema.org\",\"@graph\":[{\"@type\":\"Article\",\"@id\":\"https:\\\/\\\/www.365mountainbike.it\\\/fantamtb\\\/atleti\\\/greg-minnaar\\\/#article\",\"isPartOf\":{\"@id\":\"https:\\\/\\\/www.365mountainbike.it\\\/fantamtb\\\/atleti\\\/greg-minnaar\\\/\"},\"author\":{\"name\":\"FANTAmtb\",\"@id\":\"https:\\\/\\\/www.365mountainbike.it\\\/fantamtb\\\/#\\\/schema\\\/person\\\/7b4a30b446207c8d00024d9717c3b63b\"},\"headline\":\"Greg Minnaar\",\"datePublished\":\"2014-12-07T16:26:34+00:00\",\"dateModified\":\"2025-02-12T14:34:18+00:00\",\"mainEntityOfPage\":{\"@id\":\"https:\\\/\\\/www.365mountainbike.it\\\/fantamtb\\\/atleti\\\/greg-minnaar\\\/\"},\"wordCount\":95,\"image\":{\"@id\":\"https:\\\/\\\/www.365mountainbike.it\\\/fantamtb\\\/atleti\\\/greg-minnaar\\\/#primaryimage\"},\"thumbnailUrl\":\"https:\\\/\\\/www.365mountainbike.it\\\/fantamtb\\\/wp-content\\\/uploads\\\/2011\\\/10\\\/MORGANE-CHARRE-AND-GREG-MINNAAR-WORLD-CHAMPIONS-2012-DH.jpg\",\"keywords\":[\"4X\",\"Downhill\",\"Greg Minnaar\"],\"articleSection\":[\"Atleti\"],\"inLanguage\":\"it-IT\"},{\"@type\":\"WebPage\",\"@id\":\"https:\\\/\\\/www.365mountainbike.it\\\/fantamtb\\\/atleti\\\/greg-minnaar\\\/\",\"url\":\"https:\\\/\\\/www.365mountainbike.it\\\/fantamtb\\\/atleti\\\/greg-minnaar\\\/\",\"name\":\"Biografia Greg Minnaar - Atleta MTB (foto\\\/risultati) | FANTAmtb\",\"isPartOf\":{\"@id\":\"https:\\\/\\\/www.365mountainbike.it\\\/fantamtb\\\/#website\"},\"primaryImageOfPage\":{\"@id\":\"https:\\\/\\\/www.365mountainbike.it\\\/fantamtb\\\/atleti\\\/greg-minnaar\\\/#primaryimage\"},\"image\":{\"@id\":\"https:\\\/\\\/www.365mountainbike.it\\\/fantamtb\\\/atleti\\\/greg-minnaar\\\/#primaryimage\"},\"thumbnailUrl\":\"https:\\\/\\\/www.365mountainbike.it\\\/fantamtb\\\/wp-content\\\/uploads\\\/2011\\\/10\\\/MORGANE-CHARRE-AND-GREG-MINNAAR-WORLD-CHAMPIONS-2012-DH.jpg\",\"datePublished\":\"2014-12-07T16:26:34+00:00\",\"dateModified\":\"2025-02-12T14:34:18+00:00\",\"author\":{\"@id\":\"https:\\\/\\\/www.365mountainbike.it\\\/fantamtb\\\/#\\\/schema\\\/person\\\/7b4a30b446207c8d00024d9717c3b63b\"},\"breadcrumb\":{\"@id\":\"https:\\\/\\\/www.365mountainbike.it\\\/fantamtb\\\/atleti\\\/greg-minnaar\\\/#breadcrumb\"},\"inLanguage\":\"it-IT\",\"potentialAction\":[{\"@type\":\"ReadAction\",\"target\":[\"https:\\\/\\\/www.365mountainbike.it\\\/fantamtb\\\/atleti\\\/greg-minnaar\\\/\"]}]},{\"@type\":\"ImageObject\",\"inLanguage\":\"it-IT\",\"@id\":\"https:\\\/\\\/www.365mountainbike.it\\\/fantamtb\\\/atleti\\\/greg-minnaar\\\/#primaryimage\",\"url\":\"https:\\\/\\\/www.365mountainbike.it\\\/fantamtb\\\/wp-content\\\/uploads\\\/2011\\\/10\\\/MORGANE-CHARRE-AND-GREG-MINNAAR-WORLD-CHAMPIONS-2012-DH.jpg\",\"contentUrl\":\"https:\\\/\\\/www.365mountainbike.it\\\/fantamtb\\\/wp-content\\\/uploads\\\/2011\\\/10\\\/MORGANE-CHARRE-AND-GREG-MINNAAR-WORLD-CHAMPIONS-2012-DH.jpg\",\"width\":1024,\"height\":635,\"caption\":\"\u00a9COLIN MEAGHER - MORGANE CHARRE E GREG MINNAAR, CAMPIONI DEL MONDO 2012 DH\"},{\"@type\":\"BreadcrumbList\",\"@id\":\"https:\\\/\\\/www.365mountainbike.it\\\/fantamtb\\\/atleti\\\/greg-minnaar\\\/#breadcrumb\",\"itemListElement\":[{\"@type\":\"ListItem\",\"position\":1,\"name\":\"Home\",\"item\":\"https:\\\/\\\/www.365mountainbike.it\\\/fantamtb\\\/\"},{\"@type\":\"ListItem\",\"position\":2,\"name\":\"Greg Minnaar\"}]},{\"@type\":\"WebSite\",\"@id\":\"https:\\\/\\\/www.365mountainbike.it\\\/fantamtb\\\/#website\",\"url\":\"https:\\\/\\\/www.365mountainbike.it\\\/fantamtb\\\/\",\"name\":\"FANTAmtb\",\"description\":\"Il FANTAciclismo della Mountain Bike (FANTAcycling)\",\"potentialAction\":[{\"@type\":\"SearchAction\",\"target\":{\"@type\":\"EntryPoint\",\"urlTemplate\":\"https:\\\/\\\/www.365mountainbike.it\\\/fantamtb\\\/?s={search_term_string}\"},\"query-input\":{\"@type\":\"PropertyValueSpecification\",\"valueRequired\":true,\"valueName\":\"search_term_string\"}}],\"inLanguage\":\"it-IT\"},{\"@type\":\"Person\",\"@id\":\"https:\\\/\\\/www.365mountainbike.it\\\/fantamtb\\\/#\\\/schema\\\/person\\\/7b4a30b446207c8d00024d9717c3b63b\",\"name\":\"FANTAmtb\",\"image\":{\"@type\":\"ImageObject\",\"inLanguage\":\"it-IT\",\"@id\":\"\\\/\\\/www.365mountainbike.it\\\/fantamtb\\\/wp-content\\\/uploads\\\/wpforo\\\/avatars\\\/davide_1.png\",\"url\":\"\\\/\\\/www.365mountainbike.it\\\/fantamtb\\\/wp-content\\\/uploads\\\/wpforo\\\/avatars\\\/davide_1.png\",\"contentUrl\":\"\\\/\\\/www.365mountainbike.it\\\/fantamtb\\\/wp-content\\\/uploads\\\/wpforo\\\/avatars\\\/davide_1.png\",\"caption\":\"FANTAmtb\"},\"sameAs\":[\"https:\\\/\\\/www.365mountainbike.it\\\/fantamtb\"],\"url\":\"https:\\\/\\\/www.365mountainbike.it\\\/fantamtb\\\/author\\\/davide\\\/\"}]}<\/script>\n<!-- \/ Yoast SEO plugin. -->","yoast_head_json":{"title":"Biografia Greg Minnaar - Atleta MTB (foto\/risultati) | FANTAmtb","robots":{"index":"index","follow":"follow","max-snippet":"max-snippet:-1","max-image-preview":"max-image-preview:large","max-video-preview":"max-video-preview:-1"},"canonical":"https:\/\/www.365mountainbike.it\/fantamtb\/atleti\/greg-minnaar\/","og_locale":"it_IT","og_type":"article","og_title":"Biografia Greg Minnaar - Atleta MTB (foto\/risultati) | FANTAmtb","og_description":"Greg Minnaar (13 Novembre 1981) \u00e8 presente nella scena mondiale downhill da sempre, uno degli atleti pi\u00f9 longevi ma anche uno dei pi\u00f9 premiati, nasce in una cittadina del Sudafrica dove inizia ad impratichirsi grazie al four-cross. Debutta in coppa del mondo downhill nel 1999, da l\u00ec in poi ottiene 4 volte il titolo di [&hellip;]","og_url":"https:\/\/www.365mountainbike.it\/fantamtb\/atleti\/greg-minnaar\/","og_site_name":"FANTAmtb","article_published_time":"2014-12-07T16:26:34+00:00","article_modified_time":"2025-02-12T14:34:18+00:00","og_image":[{"width":1024,"height":635,"url":"https:\/\/www.365mountainbike.it\/fantamtb\/wp-content\/uploads\/2011\/10\/MORGANE-CHARRE-AND-GREG-MINNAAR-WORLD-CHAMPIONS-2012-DH.jpg","type":"image\/jpeg"}],"author":"FANTAmtb","twitter_card":"summary_large_image","twitter_misc":{"Scritto da":"FANTAmtb","Tempo di lettura stimato":"1 minuto"},"schema":{"@context":"https:\/\/schema.org","@graph":[{"@type":"Article","@id":"https:\/\/www.365mountainbike.it\/fantamtb\/atleti\/greg-minnaar\/#article","isPartOf":{"@id":"https:\/\/www.365mountainbike.it\/fantamtb\/atleti\/greg-minnaar\/"},"author":{"name":"FANTAmtb","@id":"https:\/\/www.365mountainbike.it\/fantamtb\/#\/schema\/person\/7b4a30b446207c8d00024d9717c3b63b"},"headline":"Greg Minnaar","datePublished":"2014-12-07T16:26:34+00:00","dateModified":"2025-02-12T14:34:18+00:00","mainEntityOfPage":{"@id":"https:\/\/www.365mountainbike.it\/fantamtb\/atleti\/greg-minnaar\/"},"wordCount":95,"image":{"@id":"https:\/\/www.365mountainbike.it\/fantamtb\/atleti\/greg-minnaar\/#primaryimage"},"thumbnailUrl":"https:\/\/www.365mountainbike.it\/fantamtb\/wp-content\/uploads\/2011\/10\/MORGANE-CHARRE-AND-GREG-MINNAAR-WORLD-CHAMPIONS-2012-DH.jpg","keywords":["4X","Downhill","Greg Minnaar"],"articleSection":["Atleti"],"inLanguage":"it-IT"},{"@type":"WebPage","@id":"https:\/\/www.365mountainbike.it\/fantamtb\/atleti\/greg-minnaar\/","url":"https:\/\/www.365mountainbike.it\/fantamtb\/atleti\/greg-minnaar\/","name":"Biografia Greg Minnaar - Atleta MTB (foto\/risultati) | FANTAmtb","isPartOf":{"@id":"https:\/\/www.365mountainbike.it\/fantamtb\/#website"},"primaryImageOfPage":{"@id":"https:\/\/www.365mountainbike.it\/fantamtb\/atleti\/greg-minnaar\/#primaryimage"},"image":{"@id":"https:\/\/www.365mountainbike.it\/fantamtb\/atleti\/greg-minnaar\/#primaryimage"},"thumbnailUrl":"https:\/\/www.365mountainbike.it\/fantamtb\/wp-content\/uploads\/2011\/10\/MORGANE-CHARRE-AND-GREG-MINNAAR-WORLD-CHAMPIONS-2012-DH.jpg","datePublished":"2014-12-07T16:26:34+00:00","dateModified":"2025-02-12T14:34:18+00:00","author":{"@id":"https:\/\/www.365mountainbike.it\/fantamtb\/#\/schema\/person\/7b4a30b446207c8d00024d9717c3b63b"},"breadcrumb":{"@id":"https:\/\/www.365mountainbike.it\/fantamtb\/atleti\/greg-minnaar\/#breadcrumb"},"inLanguage":"it-IT","potentialAction":[{"@type":"ReadAction","target":["https:\/\/www.365mountainbike.it\/fantamtb\/atleti\/greg-minnaar\/"]}]},{"@type":"ImageObject","inLanguage":"it-IT","@id":"https:\/\/www.365mountainbike.it\/fantamtb\/atleti\/greg-minnaar\/#primaryimage","url":"https:\/\/www.365mountainbike.it\/fantamtb\/wp-content\/uploads\/2011\/10\/MORGANE-CHARRE-AND-GREG-MINNAAR-WORLD-CHAMPIONS-2012-DH.jpg","contentUrl":"https:\/\/www.365mountainbike.it\/fantamtb\/wp-content\/uploads\/2011\/10\/MORGANE-CHARRE-AND-GREG-MINNAAR-WORLD-CHAMPIONS-2012-DH.jpg","width":1024,"height":635,"caption":"\u00a9COLIN MEAGHER - MORGANE CHARRE E GREG MINNAAR, CAMPIONI DEL MONDO 2012 DH"},{"@type":"BreadcrumbList","@id":"https:\/\/www.365mountainbike.it\/fantamtb\/atleti\/greg-minnaar\/#breadcrumb","itemListElement":[{"@type":"ListItem","position":1,"name":"Home","item":"https:\/\/www.365mountainbike.it\/fantamtb\/"},{"@type":"ListItem","position":2,"name":"Greg Minnaar"}]},{"@type":"WebSite","@id":"https:\/\/www.365mountainbike.it\/fantamtb\/#website","url":"https:\/\/www.365mountainbike.it\/fantamtb\/","name":"FANTAmtb","description":"Il FANTAciclismo della Mountain Bike (FANTAcycling)","potentialAction":[{"@type":"SearchAction","target":{"@type":"EntryPoint","urlTemplate":"https:\/\/www.365mountainbike.it\/fantamtb\/?s={search_term_string}"},"query-input":{"@type":"PropertyValueSpecification","valueRequired":true,"valueName":"search_term_string"}}],"inLanguage":"it-IT"},{"@type":"Person","@id":"https:\/\/www.365mountainbike.it\/fantamtb\/#\/schema\/person\/7b4a30b446207c8d00024d9717c3b63b","name":"FANTAmtb","image":{"@type":"ImageObject","inLanguage":"it-IT","@id":"\/\/www.365mountainbike.it\/fantamtb\/wp-content\/uploads\/wpforo\/avatars\/davide_1.png","url":"\/\/www.365mountainbike.it\/fantamtb\/wp-content\/uploads\/wpforo\/avatars\/davide_1.png","contentUrl":"\/\/www.365mountainbike.it\/fantamtb\/wp-content\/uploads\/wpforo\/avatars\/davide_1.png","caption":"FANTAmtb"},"sameAs":["https:\/\/www.365mountainbike.it\/fantamtb"],"url":"https:\/\/www.365mountainbike.it\/fantamtb\/author\/davide\/"}]}},"gt_translate_keys":[{"key":"link","format":"url"}],"_links":{"self":[{"href":"https:\/\/www.365mountainbike.it\/fantamtb\/wp-json\/wp\/v2\/posts\/2669","targetHints":{"allow":["GET"]}}],"collection":[{"href":"https:\/\/www.365mountainbike.it\/fantamtb\/wp-json\/wp\/v2\/posts"}],"about":[{"href":"https:\/\/www.365mountainbike.it\/fantamtb\/wp-json\/wp\/v2\/types\/post"}],"author":[{"embeddable":true,"href":"https:\/\/www.365mountainbike.it\/fantamtb\/wp-json\/wp\/v2\/users\/1"}],"replies":[{"embeddable":true,"href":"https:\/\/www.365mountainbike.it\/fantamtb\/wp-json\/wp\/v2\/comments?post=2669"}],"version-history":[{"count":2,"href":"https:\/\/www.365mountainbike.it\/fantamtb\/wp-json\/wp\/v2\/posts\/2669\/revisions"}],"predecessor-version":[{"id":24554,"href":"https:\/\/www.365mountainbike.it\/fantamtb\/wp-json\/wp\/v2\/posts\/2669\/revisions\/24554"}],"wp:featuredmedia":[{"embeddable":true,"href":"https:\/\/www.365mountainbike.it\/fantamtb\/wp-json\/wp\/v2\/media\/6764"}],"wp:attachment":[{"href":"https:\/\/www.365mountainbike.it\/fantamtb\/wp-json\/wp\/v2\/media?parent=2669"}],"wp:term":[{"taxonomy":"category","embeddable":true,"href":"https:\/\/www.365mountainbike.it\/fantamtb\/wp-json\/wp\/v2\/categories?post=2669"},{"taxonomy":"post_tag","embeddable":true,"href":"https:\/\/www.365mountainbike.it\/fantamtb\/wp-json\/wp\/v2\/tags?post=2669"}],"curies":[{"name":"wp","href":"https:\/\/api.w.org\/{rel}","templated":true}]}}