{"id":2635,"date":"2011-05-20T21:02:08","date_gmt":"2011-05-20T19:02:08","guid":{"rendered":"\/database\/gare-downhill\/shimano-uci-mountain-bike-coppa-del-mondo-2011-2\/"},"modified":"2026-02-04T12:20:58","modified_gmt":"2026-02-04T12:20:58","slug":"uci-mountain-bike-coppa-del-mondo-2011-dh","status":"publish","type":"post","link":"https:\/\/www.365mountainbike.it\/fantamtb\/storia-mtb\/downhill-dh\/uci-mountain-bike-coppa-del-mondo-2011-dh\/","title":{"rendered":"Shimano UCI Mountain Bike Coppa del Mondo 2011 DH","gt_translate_keys":[{"key":"rendered","format":"text"}]},"content":{"rendered":"\n<p>La Coppa del mondo di mountain bike 2011 organizzata dall&#8217;Unione Ciclistica Internazionale (UCI) si \u00e8 disputata su 3 discipline: cross country, downhill e four-cross (7 tappe ciascuno). Per il four-cross (4x) \u00e8 stato l&#8217;ultimo anno prima dell&#8217;annuncio che l&#8217;UCI non avrebbe pi\u00f9 ospitato tappe di coppa del mondo di tale disciplina (mantenendo per\u00f2 il mondiale).<\/p>\n\n\n\n<p>Dominio in campo maschile dell&#8217;americano Aaron Gwin davanti al sudafricano Greg Minnaar e Gee Atherton. In campo femminile, vittoria di Tracy Moseley davanti a Floriane Pugin e Rachel Atherton.<\/p>\n\n\n\n<p><\/p>\n\n\n\n<figure class=\"wp-block-table is-style-stripes\"><table class=\"has-black-color has-text-color\"><tbody><tr><td><img loading=\"lazy\" decoding=\"async\" width=\"20\" height=\"13\" border=\"0\" style=\"border: 0pt none;\" src=\"\/fantamtb\/wp-content\/images\/saf.png\" alt=\"South Africa\"> Pietermaritzburg<br>&#8211; <a href=\"https:\/\/www.365mountainbike.it\/fantamtb\/wp-content\/images\/results\/worldcup_dh\/2011_pietermaritzburg_elitem.pdf\" target=\"_blank\" rel=\"noopener\">REPORT UOMINI<\/a><br>&#8211; <a href=\"https:\/\/www.365mountainbike.it\/fantamtb\/wp-content\/images\/results\/worldcup_dh\/2011_pietermaritzburg_elitew.pdf\" target=\"_blank\" rel=\"noopener\">REPORT DONNE<\/a><\/td><td><img decoding=\"async\" border=\"0\" style=\"border: 0pt none;\" src=\"\/fantamtb\/wp-content\/images\/1.png\" alt=\"prima posizione\">&nbsp;<img loading=\"lazy\" decoding=\"async\" width=\"20\" height=\"11\" src=\"\/fantamtb\/wp-content\/images\/usa.png\" alt=\"Stati Uniti\">&nbsp;<a href=\"https:\/\/www.365mountainbike.it\/fantamtb\/storia-mtb\/atleti\/aaron-gwin\/\">Aaron GWIN<\/a><br><img decoding=\"async\" border=\"0\" style=\"border: 0pt none;\" src=\"\/fantamtb\/wp-content\/images\/2.png\" alt=\"seconda posizione\">&nbsp;<img loading=\"lazy\" decoding=\"async\" width=\"20\" height=\"13\" src=\"\/fantamtb\/wp-content\/images\/rsa.png\" alt=\"Sudafrica\">&nbsp;<a href=\"https:\/\/www.365mountainbike.it\/fantamtb\/storia-mtb\/atleti\/greg-minnaar\/\">Greg MINNAAR<\/a><br><img decoding=\"async\" border=\"0\" style=\"border: 0pt none;\" src=\"\/fantamtb\/wp-content\/images\/3.png\" alt=\"terza posizione\">&nbsp;<img loading=\"lazy\" decoding=\"async\" width=\"20\" height=\"10\" src=\"\/fantamtb\/wp-content\/images\/gbr.png\" alt=\"Regno Unito\">&nbsp;<a href=\"https:\/\/www.365mountainbike.it\/fantamtb\/storia-mtb\/atleti\/gee-atherton\/\">Gee ATHERTON<\/a><\/td><td><img decoding=\"async\" border=\"0\" style=\"border: 0pt none;\" src=\"\/fantamtb\/wp-content\/images\/1.png\" alt=\"prima posizione\">&nbsp;<img loading=\"lazy\" decoding=\"async\" width=\"20\" height=\"10\" src=\"\/fantamtb\/wp-content\/images\/gbr.png\" alt=\"Regno Unito\">&nbsp;<a href=\"https:\/\/www.365mountainbike.it\/fantamtb\/storia-mtb\/atleti\/tracy-moseley\/\">Tracy MOSELEY<\/a><br><img decoding=\"async\" border=\"0\" style=\"border: 0pt none;\" src=\"\/fantamtb\/wp-content\/images\/2.png\" alt=\"seconda posizione\"> <img loading=\"lazy\" decoding=\"async\" width=\"20\" height=\"10\" src=\"\/fantamtb\/wp-content\/images\/gbr.png\" alt=\"Regno Unito\">&nbsp;<a href=\"https:\/\/www.365mountainbike.it\/fantamtb\/storia-mtb\/atleti\/fionn-griffiths\/\">Fionn GRIFFITHS<\/a><br><img decoding=\"async\" border=\"0\" style=\"border: 0pt none;\" src=\"\/fantamtb\/wp-content\/images\/3.png\" alt=\"terza posizione\"> <img loading=\"lazy\" decoding=\"async\" width=\"19\" height=\"13\" border=\"0\" style=\"border: 0pt none;\" src=\"\/fantamtb\/wp-content\/images\/fra.png\" alt=\"France\"> <a href=\"https:\/\/www.365mountainbike.it\/fantamtb\/storia-mtb\/atleti\/emmeline-ragot\/\">Emmeline RAGOT<\/a><\/td><\/tr><tr><td>&nbsp;<\/td><td>&nbsp;<\/td><td>&nbsp;<\/td><\/tr><tr><td><img loading=\"lazy\" decoding=\"async\" width=\"20\" height=\"14\" border=\"0\" style=\"border: 0pt none; border-width: 0pt;\" src=\"\/fantamtb\/wp-content\/images\/sco.png\" alt=\"SCO\">&nbsp;Fort William<br>&#8211; <a href=\"https:\/\/www.365mountainbike.it\/fantamtb\/wp-content\/images\/results\/worldcup_dh\/2011_fortwilliam_elitem.pdf\" target=\"_blank\" rel=\"noopener\">REPORT UOMINI<\/a><br>&#8211; <a href=\"https:\/\/www.365mountainbike.it\/fantamtb\/wp-content\/images\/results\/worldcup_dh\/2011_fortwilliam_elitew.pdf\" target=\"_blank\" rel=\"noopener\">REPORT DONNE<\/a><\/td><td><img decoding=\"async\" border=\"0\" style=\"border: 0pt none;\" src=\"\/fantamtb\/wp-content\/images\/1.png\" alt=\"prima posizione\">&nbsp;<img loading=\"lazy\" decoding=\"async\" width=\"20\" height=\"13\" src=\"\/fantamtb\/wp-content\/images\/rsa.png\" alt=\"Sudafrica\">&nbsp;<a href=\"https:\/\/www.365mountainbike.it\/fantamtb\/storia-mtb\/atleti\/greg-minnaar\/\">Greg MINNAAR<\/a><br><img decoding=\"async\" border=\"0\" style=\"border: 0pt none;\" src=\"\/fantamtb\/wp-content\/images\/2.png\" alt=\"seconda posizione\">&nbsp;<img loading=\"lazy\" decoding=\"async\" width=\"20\" height=\"10\" src=\"\/fantamtb\/wp-content\/images\/gbr.png\" alt=\"Regno Unito\">&nbsp;<a href=\"https:\/\/www.365mountainbike.it\/fantamtb\/storia-mtb\/atleti\/danny-hart\/\">Danny HART<\/a><br><img decoding=\"async\" border=\"0\" style=\"border: 0pt none;\" src=\"\/fantamtb\/wp-content\/images\/3.png\" alt=\"terza posizione\"> <img loading=\"lazy\" decoding=\"async\" width=\"20\" height=\"10\" src=\"\/fantamtb\/wp-content\/images\/nzl.png\" alt=\"NZL\">&nbsp;<a href=\"https:\/\/www.365mountainbike.it\/fantamtb\/storia-mtb\/atleti\/brook-macdonald\/\">Brook MACDONALD<\/a><\/td><td><img decoding=\"async\" style=\"border: 0pt none;\" src=\"\/fantamtb\/wp-content\/images\/1.png\" alt=\"prima posizione\" border=\"0\">&nbsp;<img loading=\"lazy\" decoding=\"async\" src=\"\/fantamtb\/wp-content\/images\/gbr.png\" alt=\"Regno Unito\" width=\"20\" height=\"10\">&nbsp;<a href=\"https:\/\/www.365mountainbike.it\/fantamtb\/storia-mtb\/atleti\/tracy-moseley\/\">Tracy MOSELEY<\/a><br><img decoding=\"async\" style=\"border: 0pt none;\" src=\"\/fantamtb\/wp-content\/images\/2.png\" alt=\"seconda posizione\" border=\"0\">&nbsp;<img loading=\"lazy\" decoding=\"async\" src=\"\/fantamtb\/wp-content\/images\/gbr.png\" alt=\"Regno Unito\" width=\"20\" height=\"10\">&nbsp;<a href=\"https:\/\/www.365mountainbike.it\/fantamtb\/storia-mtb\/atleti\/rachel-atherton\/\">Rachel ATHERTON<\/a><br><img loading=\"lazy\" decoding=\"async\" style=\"border: 0pt none;\" src=\"\/fantamtb\/wp-content\/images\/3.png\" alt=\"terza posizione\" width=\"20\" height=\"16\" border=\"0\">&nbsp;<img loading=\"lazy\" decoding=\"async\" src=\"\/fantamtb\/wp-content\/images\/fra.png\" alt=\"Francia\" width=\"20\" height=\"13\">&nbsp;<a href=\"https:\/\/www.365mountainbike.it\/fantamtb\/storia-mtb\/atleti\/floriane-pugin\/\">Floriane PUGIN<\/a><\/td><\/tr><tr><td>&nbsp;<\/td><td>&nbsp;<\/td><td>&nbsp;<\/td><\/tr><tr><td><img loading=\"lazy\" decoding=\"async\" width=\"20\" height=\"12\" border=\"0\" style=\"border: 0pt none; border-width: 0pt;\" src=\"\/fantamtb\/wp-content\/images\/aut.png\" alt=\"AUT\">&nbsp;Leogang<br>&#8211; <a href=\"https:\/\/www.365mountainbike.it\/fantamtb\/wp-content\/images\/results\/worldcup_dh\/2011_leogang_elitem.pdf\" target=\"_blank\" rel=\"noopener\">REPORT UOMINI<\/a><br>&#8211; <a href=\"https:\/\/www.365mountainbike.it\/fantamtb\/wp-content\/images\/results\/worldcup_dh\/2011_leogang_elitew.pdf\" target=\"_blank\" rel=\"noopener\">REPORT DONNE<\/a><\/td><td><img decoding=\"async\" border=\"0\" style=\"border: 0pt none;\" src=\"\/fantamtb\/wp-content\/images\/1.png\" alt=\"prima posizione\">&nbsp;<img loading=\"lazy\" decoding=\"async\" width=\"20\" height=\"11\" src=\"\/fantamtb\/wp-content\/images\/usa.png\" alt=\"Stati Uniti\">&nbsp;<a href=\"https:\/\/www.365mountainbike.it\/fantamtb\/storia-mtb\/atleti\/aaron-gwin\/\">Aaron GWIN<\/a><br><img decoding=\"async\" border=\"0\" style=\"border: 0pt none;\" src=\"\/fantamtb\/wp-content\/images\/2.png\" alt=\"seconda posizione\">&nbsp;<img loading=\"lazy\" decoding=\"async\" width=\"20\" height=\"10\" src=\"\/fantamtb\/wp-content\/images\/gbr.png\" alt=\"Regno Unito\">&nbsp;<a href=\"https:\/\/www.365mountainbike.it\/fantamtb\/storia-mtb\/atleti\/gee-atherton\/\">Gee ATHERTON<\/a><br><img decoding=\"async\" border=\"0\" style=\"border: 0pt none;\" src=\"\/fantamtb\/wp-content\/images\/3.png\" alt=\"terza posizione\">&nbsp;<img loading=\"lazy\" decoding=\"async\" width=\"20\" height=\"13\" src=\"\/fantamtb\/wp-content\/images\/rsa.png\" alt=\"Sudafrica\">&nbsp;<a href=\"https:\/\/www.365mountainbike.it\/fantamtb\/storia-mtb\/atleti\/greg-minnaar\/\">Greg MINNAAR<\/a><\/td><td><img decoding=\"async\" style=\"border: 0pt none;\" src=\"\/fantamtb\/wp-content\/images\/1.png\" alt=\"prima posizione\" border=\"0\">&nbsp;<img loading=\"lazy\" decoding=\"async\" src=\"\/fantamtb\/wp-content\/images\/fra.png\" alt=\"Francia\" width=\"20\" height=\"13\">&nbsp;<a href=\"https:\/\/www.365mountainbike.it\/fantamtb\/storia-mtb\/atleti\/floriane-pugin\/\">Floriane PUGIN<\/a><br><img decoding=\"async\" style=\"border: 0pt none;\" src=\"\/fantamtb\/wp-content\/images\/2.png\" alt=\"seconda posizione\" border=\"0\">&nbsp;<img loading=\"lazy\" decoding=\"async\" src=\"\/fantamtb\/wp-content\/images\/gbr.png\" alt=\"Regno Unito\" width=\"20\" height=\"10\">&nbsp;<a href=\"https:\/\/www.365mountainbike.it\/fantamtb\/storia-mtb\/atleti\/rachel-atherton\/\">Rachel ATHERTON<\/a><br><img decoding=\"async\" style=\"border: 0pt none;\" src=\"\/fantamtb\/wp-content\/images\/3.png\" alt=\"terza posizione\" border=\"0\">&nbsp;<img loading=\"lazy\" decoding=\"async\" src=\"\/fantamtb\/wp-content\/images\/gbr.png\" alt=\"Regno Unito\" width=\"20\" height=\"10\">&nbsp;<a href=\"https:\/\/www.365mountainbike.it\/fantamtb\/storia-mtb\/atleti\/tracy-moseley\/\">Tracy MOSELEY<\/a><\/td><\/tr><tr><td>&nbsp;<\/td><td>&nbsp;<\/td><td>&nbsp;<\/td><\/tr><tr><td><img loading=\"lazy\" decoding=\"async\" width=\"20\" height=\"14\" border=\"0\" style=\"border: 0pt none;\" src=\"\/fantamtb\/wp-content\/images\/can.png\" alt=\"Canada\"> Mont Sainte-Anne<br> &#8211; <a href=\"https:\/\/www.365mountainbike.it\/fantamtb\/wp-content\/images\/results\/worldcup_dh\/2011_montsaintanne_elitem.pdf\" target=\"_blank\" rel=\"noopener\">REPORT UOMINI<\/a><br>&#8211; <a href=\"https:\/\/www.365mountainbike.it\/fantamtb\/wp-content\/images\/results\/worldcup_dh\/2011_montsainteanne_elitew.pdf\" target=\"_blank\" rel=\"noopener\">REPORT DONNE<\/a><\/td><td><img decoding=\"async\" border=\"0\" style=\"border: 0pt none;\" src=\"\/fantamtb\/wp-content\/images\/1.png\" alt=\"prima posizione\">&nbsp;<img loading=\"lazy\" decoding=\"async\" width=\"20\" height=\"11\" src=\"\/fantamtb\/wp-content\/images\/usa.png\" alt=\"Stati Uniti\">&nbsp;<a href=\"https:\/\/www.365mountainbike.it\/fantamtb\/storia-mtb\/atleti\/aaron-gwin\/\">Aaron GWIN<\/a><br><img decoding=\"async\" border=\"0\" style=\"border: 0pt none;\" src=\"\/fantamtb\/wp-content\/images\/2.png\" alt=\"seconda posizione\">&nbsp;<img loading=\"lazy\" decoding=\"async\" width=\"20\" height=\"10\" src=\"\/fantamtb\/wp-content\/images\/gbr.png\" alt=\"Regno Unito\">&nbsp;<a href=\"https:\/\/www.365mountainbike.it\/fantamtb\/storia-mtb\/atleti\/josh-bryceland\/\">Josh BRYCELAND<\/a><br><img decoding=\"async\" border=\"0\" style=\"border: 0pt none;\" src=\"\/fantamtb\/wp-content\/images\/3.png\" alt=\"terza posizione\">&nbsp;<img loading=\"lazy\" decoding=\"async\" width=\"20\" height=\"10\" src=\"\/fantamtb\/wp-content\/images\/nzl.png\" alt=\"NZL\">&nbsp;<a href=\"https:\/\/www.365mountainbike.it\/fantamtb\/storia-mtb\/atleti\/brook-macdonald\/\">Brook MACDONALD<\/a><\/td><td><img decoding=\"async\" style=\"border: 0pt none;\" src=\"\/fantamtb\/wp-content\/images\/1.png\" alt=\"prima posizione\" border=\"0\">&nbsp;<img loading=\"lazy\" decoding=\"async\" src=\"\/fantamtb\/wp-content\/images\/gbr.png\" alt=\"Regno Unito\" width=\"20\" height=\"10\">&nbsp;<a href=\"https:\/\/www.365mountainbike.it\/fantamtb\/storia-mtb\/atleti\/tracy-moseley\/\">Tracy MOSELEY<\/a><br><img decoding=\"async\" style=\"border: 0pt none;\" src=\"\/fantamtb\/wp-content\/images\/2.png\" alt=\"seconda posizione\" border=\"0\">&nbsp;<img loading=\"lazy\" decoding=\"async\" src=\"\/fantamtb\/wp-content\/images\/fra.png\" alt=\"Francia\" width=\"20\" height=\"13\">&nbsp;<a href=\"https:\/\/www.365mountainbike.it\/fantamtb\/storia-mtb\/atleti\/floriane-pugin\/\">Floriane PUGIN<\/a><br><img decoding=\"async\" style=\"border: 0pt none;\" src=\"\/fantamtb\/wp-content\/images\/3.png\" alt=\"terza posizione\" border=\"0\">&nbsp;<img loading=\"lazy\" decoding=\"async\" src=\"\/fantamtb\/wp-content\/images\/gbr.png\" alt=\"Regno Unito\" width=\"20\" height=\"10\">&nbsp;<a href=\"https:\/\/www.365mountainbike.it\/fantamtb\/storia-mtb\/atleti\/rachel-atherton\/\">Rachel ATHERTON<\/a><\/td><\/tr><tr><td>&nbsp;<\/td><td>&nbsp;<\/td><td>&nbsp;<\/td><\/tr><tr><td><img loading=\"lazy\" decoding=\"async\" width=\"20\" height=\"11\" border=\"0\" style=\"border: 0pt none;\" src=\"\/fantamtb\/wp-content\/images\/usa.png\" alt=\"United States\"> Windham<br>&#8211; <a href=\"https:\/\/www.365mountainbike.it\/fantamtb\/wp-content\/images\/results\/worldcup_dh\/2011_windham_elitem.pdf\" target=\"_blank\" rel=\"noopener\">REPORT UOMINI<\/a><br>&#8211; <a href=\"https:\/\/www.365mountainbike.it\/fantamtb\/wp-content\/images\/results\/worldcup_dh\/2011_windham_elitew.pdf\" target=\"_blank\" rel=\"noopener\">REPORT DONNE<\/a><\/td><td><img decoding=\"async\" border=\"0\" style=\"border: 0pt none;\" src=\"\/fantamtb\/wp-content\/images\/1.png\" alt=\"prima posizione\">&nbsp;<img loading=\"lazy\" decoding=\"async\" width=\"20\" height=\"11\" src=\"\/fantamtb\/wp-content\/images\/usa.png\" alt=\"Stati Uniti\">&nbsp;<a href=\"https:\/\/www.365mountainbike.it\/fantamtb\/storia-mtb\/atleti\/aaron-gwin\/\">Aaron GWIN<\/a><br><img decoding=\"async\" border=\"0\" style=\"border: 0pt none;\" src=\"\/fantamtb\/wp-content\/images\/2.png\" alt=\"seconda posizione\">&nbsp;<img loading=\"lazy\" decoding=\"async\" width=\"20\" height=\"10\" src=\"\/fantamtb\/wp-content\/images\/gbr.png\" alt=\"Regno Unito\">&nbsp;<a href=\"https:\/\/www.365mountainbike.it\/fantamtb\/storia-mtb\/atleti\/steve-peat\/\">Steve PEAT<\/a><br><img decoding=\"async\" border=\"0\" style=\"border: 0pt none;\" src=\"\/fantamtb\/wp-content\/images\/3.png\" alt=\"terza posizione\">&nbsp;<img loading=\"lazy\" decoding=\"async\" width=\"20\" height=\"13\" src=\"\/fantamtb\/wp-content\/images\/rsa.png\" alt=\"Sudafrica\">&nbsp;<a href=\"https:\/\/www.365mountainbike.it\/fantamtb\/storia-mtb\/atleti\/andrew-neethling\/\">Andrew NEETHLING<\/a><\/td><td><img decoding=\"async\" style=\"border: 0pt none;\" src=\"\/fantamtb\/wp-content\/images\/1.png\" alt=\"prima posizione\" border=\"0\">&nbsp;<img loading=\"lazy\" decoding=\"async\" src=\"\/fantamtb\/wp-content\/images\/gbr.png\" alt=\"Regno Unito\" width=\"20\" height=\"10\">&nbsp;<a href=\"https:\/\/www.365mountainbike.it\/fantamtb\/storia-mtb\/atleti\/rachel-atherton\/\">Rachel ATHERTON<\/a><br><img decoding=\"async\" style=\"border: 0pt none;\" src=\"\/fantamtb\/wp-content\/images\/2.png\" alt=\"seconda posizione\" border=\"0\">&nbsp;<img loading=\"lazy\" decoding=\"async\" src=\"\/fantamtb\/wp-content\/images\/fra.png\" alt=\"Francia\" width=\"20\" height=\"13\">&nbsp;<a href=\"https:\/\/www.365mountainbike.it\/fantamtb\/storia-mtb\/atleti\/floriane-pugin\/\">Floriane PUGIN<\/a><br><img decoding=\"async\" style=\"border: 0pt none;\" src=\"\/fantamtb\/wp-content\/images\/3.png\" alt=\"terza posizione\" border=\"0\">&nbsp;<img loading=\"lazy\" decoding=\"async\" src=\"\/fantamtb\/wp-content\/images\/gbr.png\" alt=\"Regno Unito\" width=\"20\" height=\"10\">&nbsp;<a href=\"https:\/\/www.365mountainbike.it\/fantamtb\/storia-mtb\/atleti\/tracy-moseley\/\">Tracy MOSELEY<\/a><\/td><\/tr><tr><td>&nbsp;<\/td><td>&nbsp;<\/td><td>&nbsp;<\/td><\/tr><tr><td><img loading=\"lazy\" decoding=\"async\" width=\"19\" height=\"13\" border=\"0\" style=\"border: 0pt none;\" src=\"\/fantamtb\/wp-content\/images\/fra.png\" alt=\"France\">&nbsp;La Bresse<br>&#8211; <a href=\"https:\/\/www.365mountainbike.it\/fantamtb\/wp-content\/images\/results\/worldcup_dh\/2011_labresse_elitem.pdf\" target=\"_blank\" rel=\"noopener\">REPORT UOMINI<\/a><br>&#8211; <a href=\"https:\/\/www.365mountainbike.it\/fantamtb\/wp-content\/images\/results\/worldcup_dh\/2011_labresse_elitew.pdf\" target=\"_blank\" rel=\"noopener\">REPORT DONNE<\/a><\/td><td><img decoding=\"async\" border=\"0\" style=\"border: 0pt none;\" src=\"\/fantamtb\/wp-content\/images\/1.png\" alt=\"prima posizione\">&nbsp;<img loading=\"lazy\" decoding=\"async\" width=\"20\" height=\"13\" src=\"\/fantamtb\/wp-content\/images\/rsa.png\" alt=\"Sudafrica\">&nbsp;<a href=\"https:\/\/www.365mountainbike.it\/fantamtb\/storia-mtb\/atleti\/greg-minnaar\/\">Greg MINNAAR<\/a><br><img decoding=\"async\" border=\"0\" style=\"border: 0pt none;\" src=\"\/fantamtb\/wp-content\/images\/2.png\" alt=\"seconda posizione\">&nbsp;<img loading=\"lazy\" decoding=\"async\" width=\"20\" height=\"10\" src=\"\/fantamtb\/wp-content\/images\/gbr.png\" alt=\"Regno Unito\">&nbsp;<a href=\"https:\/\/www.365mountainbike.it\/fantamtb\/storia-mtb\/atleti\/gee-atherton\/\">Gee ATHERTON<\/a><br><img decoding=\"async\" border=\"0\" style=\"border: 0pt none;\" src=\"\/fantamtb\/wp-content\/images\/3.png\" alt=\"terza posizione\">&nbsp;<img loading=\"lazy\" decoding=\"async\" width=\"20\" height=\"11\" src=\"\/fantamtb\/wp-content\/images\/usa.png\" alt=\"Stati Uniti\">&nbsp;<a href=\"https:\/\/www.365mountainbike.it\/fantamtb\/storia-mtb\/atleti\/aaron-gwin\/\">Aaron GWIN<\/a><\/td><td><img decoding=\"async\" border=\"0\" style=\"border: 0pt none;\" src=\"\/fantamtb\/wp-content\/images\/1.png\" alt=\"prima posizione\">&nbsp;<img loading=\"lazy\" decoding=\"async\" width=\"20\" height=\"10\" src=\"\/fantamtb\/wp-content\/images\/gbr.png\" alt=\"Regno Unito\">&nbsp;<a href=\"https:\/\/www.365mountainbike.it\/fantamtb\/storia-mtb\/atleti\/tracy-moseley\/\">Tracy MOSELEY<\/a><br><img decoding=\"async\" border=\"0\" style=\"border: 0pt none;\" src=\"\/fantamtb\/wp-content\/images\/2.png\" alt=\"seconda posizione\">&nbsp;<img loading=\"lazy\" decoding=\"async\" width=\"20\" height=\"13\" src=\"\/fantamtb\/wp-content\/images\/fra.png\" alt=\"Francia\">&nbsp;<a href=\"https:\/\/www.365mountainbike.it\/fantamtb\/storia-mtb\/atleti\/floriane-pugin\/\">Floriane PUGIN<\/a><br><img decoding=\"async\" border=\"0\" style=\"border: 0pt none;\" src=\"\/fantamtb\/wp-content\/images\/3.png\" alt=\"terza posizione\">&nbsp;<img loading=\"lazy\" decoding=\"async\" width=\"20\" height=\"13\" src=\"\/fantamtb\/wp-content\/images\/fra.png\" alt=\"Francia\">&nbsp;<a href=\"https:\/\/www.365mountainbike.it\/fantamtb\/storia-mtb\/atleti\/sabrina-jonnier\/\">Sabrina JONNIER<\/a><\/td><\/tr><tr><td>&nbsp;<\/td><td>&nbsp;<\/td><td>&nbsp;<\/td><\/tr><tr><td><img loading=\"lazy\" decoding=\"async\" width=\"19\" height=\"13\" border=\"0\" style=\"border: 0pt none;\" src=\"\/fantamtb\/wp-content\/images\/ita.png\" alt=\"italia\"> Val di Sole<br>&#8211; <a href=\"https:\/\/www.365mountainbike.it\/fantamtb\/wp-content\/images\/results\/worldcup_dh\/2011_valdisole_elitem.pdf\" target=\"_blank\" rel=\"noopener\">REPORT UOMINI<\/a><br>&#8211; <a href=\"https:\/\/www.365mountainbike.it\/fantamtb\/wp-content\/images\/results\/worldcup_dh\/2011_valdisole_elitew.pdf\" target=\"_blank\" rel=\"noopener\">REPORT DONNE<\/a><\/td><td><img decoding=\"async\" border=\"0\" style=\"border: 0pt none;\" src=\"\/fantamtb\/wp-content\/images\/1.png\" alt=\"prima posizione\">&nbsp;<img loading=\"lazy\" decoding=\"async\" width=\"20\" height=\"11\" src=\"\/fantamtb\/wp-content\/images\/usa.png\" alt=\"Stati Uniti\">&nbsp;<a href=\"https:\/\/www.365mountainbike.it\/fantamtb\/storia-mtb\/atleti\/aaron-gwin\/\">Aaron GWIN<\/a><br><img decoding=\"async\" border=\"0\" style=\"border: 0pt none;\" src=\"\/fantamtb\/wp-content\/images\/2.png\" alt=\"seconda posizione\">&nbsp;<img loading=\"lazy\" decoding=\"async\" width=\"20\" height=\"10\" src=\"\/fantamtb\/wp-content\/images\/gbr.png\" alt=\"Regno Unito\">&nbsp;<a href=\"https:\/\/www.365mountainbike.it\/fantamtb\/storia-mtb\/atleti\/danny-hart\/\">Danny HART<\/a><br><img decoding=\"async\" border=\"0\" style=\"border: 0pt none;\" src=\"\/fantamtb\/wp-content\/images\/3.png\" alt=\"terza posizione\">&nbsp;<img loading=\"lazy\" decoding=\"async\" width=\"20\" height=\"10\" src=\"\/fantamtb\/wp-content\/images\/gbr.png\" alt=\"Regno Unito\">&nbsp;<a href=\"https:\/\/www.365mountainbike.it\/fantamtb\/storia-mtb\/atleti\/gee-atherton\/\">Gee ATHERTON<\/a><\/td><td><img decoding=\"async\" border=\"0\" style=\"border: 0pt none;\" src=\"\/fantamtb\/wp-content\/images\/1.png\" alt=\"prima posizione\">&nbsp;<img loading=\"lazy\" decoding=\"async\" width=\"20\" height=\"13\" src=\"\/fantamtb\/wp-content\/images\/fra.png\" alt=\"Francia\">&nbsp;<a href=\"https:\/\/www.365mountainbike.it\/fantamtb\/storia-mtb\/atleti\/myriam-nicole\/\">Myriam NICOLE<\/a><br><img decoding=\"async\" border=\"0\" style=\"border: 0pt none;\" src=\"\/fantamtb\/wp-content\/images\/2.png\" alt=\"seconda posizione\">&nbsp;<img loading=\"lazy\" decoding=\"async\" width=\"20\" height=\"13\" src=\"\/fantamtb\/wp-content\/images\/fra.png\" alt=\"Francia\">&nbsp;<a href=\"https:\/\/www.365mountainbike.it\/fantamtb\/storia-mtb\/atleti\/floriane-pugin\/\">Floriane PUGIN<\/a><br><img decoding=\"async\" border=\"0\" style=\"border: 0pt none;\" src=\"\/fantamtb\/wp-content\/images\/3.png\" alt=\"terza posizione\">&nbsp;<img loading=\"lazy\" decoding=\"async\" width=\"20\" height=\"10\" src=\"\/fantamtb\/wp-content\/images\/gbr.png\" alt=\"Regno Unito\"> <a href=\"https:\/\/www.365mountainbike.it\/fantamtb\/storia-mtb\/atleti\/rachel-atherton\/\">Rachel ATHERTON<\/a><\/td><\/tr><tr><td>&nbsp;<\/td><td>&nbsp;<\/td><td>&nbsp;<\/td><\/tr><tr><td><strong>CLASSIFICA GENERALE<br>&#8211; <a href=\"https:\/\/www.365mountainbike.it\/fantamtb\/wp-content\/images\/results\/worldcup_dh\/2011_elitem.pdf\">MASCHILE<\/a><br>&#8211; <a href=\"https:\/\/www.365mountainbike.it\/fantamtb\/wp-content\/images\/results\/worldcup_dh\/2011_elitew.pdf\" target=\"_blank\" rel=\"noopener\">FEMMINILE<\/a><\/strong><\/td><td><img decoding=\"async\" border=\"0\" style=\"border: 0pt none;\" src=\"\/fantamtb\/wp-content\/images\/1.png\" alt=\"prima posizione\"> <img loading=\"lazy\" decoding=\"async\" width=\"20\" height=\"11\" src=\"\/fantamtb\/wp-content\/images\/usa.png\" alt=\"Stati Uniti\">&nbsp;<a href=\"https:\/\/www.365mountainbike.it\/fantamtb\/storia-mtb\/atleti\/aaron-gwin\/\">Aaron GWIN<\/a><br><img decoding=\"async\" border=\"0\" style=\"border: 0pt none;\" src=\"\/fantamtb\/wp-content\/images\/2.png\" alt=\"seconda posizione\">&nbsp;<img loading=\"lazy\" decoding=\"async\" width=\"20\" height=\"13\" src=\"\/fantamtb\/wp-content\/images\/rsa.png\" alt=\"Sudafrica\">&nbsp;<a href=\"https:\/\/www.365mountainbike.it\/fantamtb\/storia-mtb\/atleti\/greg-minnaar\/\">Greg MINNAAR<\/a><br><img decoding=\"async\" border=\"0\" style=\"border: 0pt none;\" src=\"\/fantamtb\/wp-content\/images\/3.png\" alt=\"terza posizione\">&nbsp;<img loading=\"lazy\" decoding=\"async\" width=\"20\" height=\"10\" src=\"\/fantamtb\/wp-content\/images\/gbr.png\" alt=\"Regno Unito\">&nbsp;<a href=\"https:\/\/www.365mountainbike.it\/fantamtb\/storia-mtb\/atleti\/gee-atherton\/\">Gee ATHERTON<\/a><\/td><td><img decoding=\"async\" style=\"border: 0pt none;\" src=\"\/fantamtb\/wp-content\/images\/1.png\" alt=\"prima posizione\" border=\"0\">&nbsp;<img loading=\"lazy\" decoding=\"async\" src=\"\/fantamtb\/wp-content\/images\/gbr.png\" alt=\"Regno Unito\" width=\"20\" height=\"10\">&nbsp;<a href=\"https:\/\/www.365mountainbike.it\/fantamtb\/storia-mtb\/atleti\/tracy-moseley\/\">Tracy MOSELEY<\/a><br><img decoding=\"async\" style=\"border: 0pt none;\" src=\"\/fantamtb\/wp-content\/images\/2.png\" alt=\"seconda posizione\" border=\"0\">&nbsp;<img loading=\"lazy\" decoding=\"async\" src=\"\/fantamtb\/wp-content\/images\/fra.png\" alt=\"Francia\" width=\"20\" height=\"13\">&nbsp;<a href=\"https:\/\/www.365mountainbike.it\/fantamtb\/storia-mtb\/atleti\/floriane-pugin\/\">Floriane PUGIN<\/a><br><img decoding=\"async\" style=\"border: 0pt none;\" src=\"\/fantamtb\/wp-content\/images\/3.png\" alt=\"terza posizione\" border=\"0\">&nbsp;<img loading=\"lazy\" decoding=\"async\" src=\"\/fantamtb\/wp-content\/images\/gbr.png\" alt=\"Regno Unito\" width=\"20\" height=\"10\"> <a href=\"https:\/\/www.365mountainbike.it\/fantamtb\/storia-mtb\/atleti\/rachel-atherton\/\">Rachel ATHERTON<\/a><\/td><\/tr><\/tbody><\/table><\/figure>\n\n\n\n<hr class=\"wp-block-separator has-css-opacity\"\/>\n\n\n\n<h1 class=\"wp-block-heading\" id=\"h-foto\">FOTO<\/h1>\n\n\n\n<figure class=\"wp-block-gallery has-nested-images columns-default is-cropped wp-block-gallery-1 is-layout-flex wp-block-gallery-is-layout-flex\">\n<figure class=\"wp-block-image size-medium\"><a href=\"https:\/\/www.365mountainbike.it\/fantamtb\/wp-content\/uploads\/2024\/01\/giugno-12-2011-leogang-austria-rachel-atherton-gbr-presso-uci-mountain-bike-downhill-coppa-del-mondo-w65wb8.jpg\"><picture><source srcset=\"https:\/\/www.365mountainbike.it\/fantamtb\/wp-content\/uploads\/2024\/01\/giugno-12-2011-leogang-austria-rachel-atherton-gbr-presso-uci-mountain-bike-downhill-coppa-del-mondo-w65wb8-300x221.jpg 300w, https:\/\/www.365mountainbike.it\/fantamtb\/wp-content\/uploads\/2024\/01\/giugno-12-2011-leogang-austria-rachel-atherton-gbr-presso-uci-mountain-bike-downhill-coppa-del-mondo-w65wb8-1024x753.jpg 1024w, https:\/\/www.365mountainbike.it\/fantamtb\/wp-content\/uploads\/2024\/01\/giugno-12-2011-leogang-austria-rachel-atherton-gbr-presso-uci-mountain-bike-downhill-coppa-del-mondo-w65wb8-768x565.jpg 768w,https:\/\/www.365mountainbike.it\/fantamtb\/wp-content\/uploads\/2024\/01\/giugno-12-2011-leogang-austria-rachel-atherton-gbr-presso-uci-mountain-bike-downhill-coppa-del-mondo-w65wb8.jpg.webp 1300w\" sizes=\"auto, (max-width: 300px) 100vw, 300px\" type=\"image\/webp\"><img src=\"https:\/\/www.365mountainbike.it\/fantamtb\/wp-content\/uploads\/2024\/01\/giugno-12-2011-leogang-austria-rachel-atherton-gbr-presso-uci-mountain-bike-downhill-coppa-del-mondo-w65wb8-300x221.jpg\" height=\"221\" width=\"300\" srcset=\"https:\/\/www.365mountainbike.it\/fantamtb\/wp-content\/uploads\/2024\/01\/giugno-12-2011-leogang-austria-rachel-atherton-gbr-presso-uci-mountain-bike-downhill-coppa-del-mondo-w65wb8-300x221.jpg 300w, https:\/\/www.365mountainbike.it\/fantamtb\/wp-content\/uploads\/2024\/01\/giugno-12-2011-leogang-austria-rachel-atherton-gbr-presso-uci-mountain-bike-downhill-coppa-del-mondo-w65wb8-1024x753.jpg 1024w, https:\/\/www.365mountainbike.it\/fantamtb\/wp-content\/uploads\/2024\/01\/giugno-12-2011-leogang-austria-rachel-atherton-gbr-presso-uci-mountain-bike-downhill-coppa-del-mondo-w65wb8-768x565.jpg 768w, https:\/\/www.365mountainbike.it\/fantamtb\/wp-content\/uploads\/2024\/01\/giugno-12-2011-leogang-austria-rachel-atherton-gbr-presso-uci-mountain-bike-downhill-coppa-del-mondo-w65wb8.jpg 1300w\" sizes=\"auto, (max-width: 300px) 100vw, 300px\" class=\"wp-image-22650 sp-no-webp\" alt=\"Rachel Atherton 2011 - \u00a9Victor Lucas \/ Alamy Foto Stock\" loading=\"lazy\" decoding=\"async\" data-id=\"22650\" style=\"aspect-ratio:1\"  > <\/picture><\/a><figcaption class=\"wp-element-caption\">Rachel Atherton 2011 &#8211; \u00a9Victor Lucas \/ Alamy Foto Stock<\/figcaption><\/figure>\n\n\n\n<figure class=\"wp-block-image size-medium\"><a href=\"https:\/\/www.365mountainbike.it\/fantamtb\/wp-content\/uploads\/2024\/01\/leogang-austria-10-giugno-2011-il-campione-del-mondo-tracy-moseley-gbr-corre-per-team-trek-alla-coppa-del-mondo-uci-downhill-mountain-bike-2c2dmgr.jpg\"><picture><source srcset=\"https:\/\/www.365mountainbike.it\/fantamtb\/wp-content\/uploads\/2024\/01\/leogang-austria-10-giugno-2011-il-campione-del-mondo-tracy-moseley-gbr-corre-per-team-trek-alla-coppa-del-mondo-uci-downhill-mountain-bike-2c2dmgr-300x221.jpg 300w, https:\/\/www.365mountainbike.it\/fantamtb\/wp-content\/uploads\/2024\/01\/leogang-austria-10-giugno-2011-il-campione-del-mondo-tracy-moseley-gbr-corre-per-team-trek-alla-coppa-del-mondo-uci-downhill-mountain-bike-2c2dmgr-1024x753.jpg 1024w, https:\/\/www.365mountainbike.it\/fantamtb\/wp-content\/uploads\/2024\/01\/leogang-austria-10-giugno-2011-il-campione-del-mondo-tracy-moseley-gbr-corre-per-team-trek-alla-coppa-del-mondo-uci-downhill-mountain-bike-2c2dmgr-768x565.jpg 768w,https:\/\/www.365mountainbike.it\/fantamtb\/wp-content\/uploads\/2024\/01\/leogang-austria-10-giugno-2011-il-campione-del-mondo-tracy-moseley-gbr-corre-per-team-trek-alla-coppa-del-mondo-uci-downhill-mountain-bike-2c2dmgr.jpg.webp 1300w\" sizes=\"auto, (max-width: 300px) 100vw, 300px\" type=\"image\/webp\"><img src=\"https:\/\/www.365mountainbike.it\/fantamtb\/wp-content\/uploads\/2024\/01\/leogang-austria-10-giugno-2011-il-campione-del-mondo-tracy-moseley-gbr-corre-per-team-trek-alla-coppa-del-mondo-uci-downhill-mountain-bike-2c2dmgr-300x221.jpg\" height=\"221\" width=\"300\" srcset=\"https:\/\/www.365mountainbike.it\/fantamtb\/wp-content\/uploads\/2024\/01\/leogang-austria-10-giugno-2011-il-campione-del-mondo-tracy-moseley-gbr-corre-per-team-trek-alla-coppa-del-mondo-uci-downhill-mountain-bike-2c2dmgr-300x221.jpg 300w, https:\/\/www.365mountainbike.it\/fantamtb\/wp-content\/uploads\/2024\/01\/leogang-austria-10-giugno-2011-il-campione-del-mondo-tracy-moseley-gbr-corre-per-team-trek-alla-coppa-del-mondo-uci-downhill-mountain-bike-2c2dmgr-1024x753.jpg 1024w, https:\/\/www.365mountainbike.it\/fantamtb\/wp-content\/uploads\/2024\/01\/leogang-austria-10-giugno-2011-il-campione-del-mondo-tracy-moseley-gbr-corre-per-team-trek-alla-coppa-del-mondo-uci-downhill-mountain-bike-2c2dmgr-768x565.jpg 768w, https:\/\/www.365mountainbike.it\/fantamtb\/wp-content\/uploads\/2024\/01\/leogang-austria-10-giugno-2011-il-campione-del-mondo-tracy-moseley-gbr-corre-per-team-trek-alla-coppa-del-mondo-uci-downhill-mountain-bike-2c2dmgr.jpg 1300w\" sizes=\"auto, (max-width: 300px) 100vw, 300px\" class=\"wp-image-22648 sp-no-webp\" alt=\"Tracy Moseley 2011 - \u00a9Victor Lucas \/ Alamy Foto Stock\" loading=\"lazy\" decoding=\"async\" data-id=\"22648\" style=\"aspect-ratio:1\"  > <\/picture><\/a><figcaption class=\"wp-element-caption\">Tracy Moseley 2011 &#8211; \u00a9Victor Lucas \/ Alamy Foto Stock<\/figcaption><\/figure>\n\n\n\n<figure class=\"wp-block-image size-medium\"><a href=\"https:\/\/www.365mountainbike.it\/fantamtb\/wp-content\/uploads\/2024\/01\/uci-in-discesa-in-mountain-bike-di-coppa-del-mondo-a-fort-william-scozia-2011-c4be5k.jpg\"><picture><source srcset=\"https:\/\/www.365mountainbike.it\/fantamtb\/wp-content\/uploads\/2024\/01\/uci-in-discesa-in-mountain-bike-di-coppa-del-mondo-a-fort-william-scozia-2011-c4be5k-300x216.jpg 300w, https:\/\/www.365mountainbike.it\/fantamtb\/wp-content\/uploads\/2024\/01\/uci-in-discesa-in-mountain-bike-di-coppa-del-mondo-a-fort-william-scozia-2011-c4be5k-1024x738.jpg 1024w, https:\/\/www.365mountainbike.it\/fantamtb\/wp-content\/uploads\/2024\/01\/uci-in-discesa-in-mountain-bike-di-coppa-del-mondo-a-fort-william-scozia-2011-c4be5k-768x554.jpg 768w,https:\/\/www.365mountainbike.it\/fantamtb\/wp-content\/uploads\/2024\/01\/uci-in-discesa-in-mountain-bike-di-coppa-del-mondo-a-fort-william-scozia-2011-c4be5k.jpg.webp 1300w\" sizes=\"auto, (max-width: 300px) 100vw, 300px\" type=\"image\/webp\"><img src=\"https:\/\/www.365mountainbike.it\/fantamtb\/wp-content\/uploads\/2024\/01\/uci-in-discesa-in-mountain-bike-di-coppa-del-mondo-a-fort-william-scozia-2011-c4be5k-300x216.jpg\" height=\"216\" width=\"300\" srcset=\"https:\/\/www.365mountainbike.it\/fantamtb\/wp-content\/uploads\/2024\/01\/uci-in-discesa-in-mountain-bike-di-coppa-del-mondo-a-fort-william-scozia-2011-c4be5k-300x216.jpg 300w, https:\/\/www.365mountainbike.it\/fantamtb\/wp-content\/uploads\/2024\/01\/uci-in-discesa-in-mountain-bike-di-coppa-del-mondo-a-fort-william-scozia-2011-c4be5k-1024x738.jpg 1024w, https:\/\/www.365mountainbike.it\/fantamtb\/wp-content\/uploads\/2024\/01\/uci-in-discesa-in-mountain-bike-di-coppa-del-mondo-a-fort-william-scozia-2011-c4be5k-768x554.jpg 768w, https:\/\/www.365mountainbike.it\/fantamtb\/wp-content\/uploads\/2024\/01\/uci-in-discesa-in-mountain-bike-di-coppa-del-mondo-a-fort-william-scozia-2011-c4be5k.jpg 1300w\" sizes=\"auto, (max-width: 300px) 100vw, 300px\" class=\"wp-image-22649 sp-no-webp\" alt=\"Fort Williams 2011 - \u00a9Victor Lucas \/ Alamy Foto Stock\" loading=\"lazy\" decoding=\"async\" data-id=\"22649\" style=\"aspect-ratio:1\"  > <\/picture><\/a><figcaption class=\"wp-element-caption\">Fort Williams 2011 &#8211; \u00a9Victor Lucas \/ Alamy Foto Stock<\/figcaption><\/figure>\n\n\n\n<figure class=\"wp-block-image size-medium\"><a href=\"https:\/\/www.365mountainbike.it\/fantamtb\/wp-content\/uploads\/2024\/01\/Danny-Hart-2011-Champery.jpg\"><picture><source srcset=\"https:\/\/www.365mountainbike.it\/fantamtb\/wp-content\/uploads\/2024\/01\/Danny-Hart-2011-Champery-300x200.jpg 300w, https:\/\/www.365mountainbike.it\/fantamtb\/wp-content\/uploads\/2024\/01\/Danny-Hart-2011-Champery-1024x683.jpg 1024w, https:\/\/www.365mountainbike.it\/fantamtb\/wp-content\/uploads\/2024\/01\/Danny-Hart-2011-Champery-768x512.jpg 768w,https:\/\/www.365mountainbike.it\/fantamtb\/wp-content\/uploads\/2024\/01\/Danny-Hart-2011-Champery.jpg.webp 1200w\" sizes=\"auto, (max-width: 300px) 100vw, 300px\" type=\"image\/webp\"><img src=\"https:\/\/www.365mountainbike.it\/fantamtb\/wp-content\/uploads\/2024\/01\/Danny-Hart-2011-Champery-300x200.jpg\" height=\"200\" width=\"300\" srcset=\"https:\/\/www.365mountainbike.it\/fantamtb\/wp-content\/uploads\/2024\/01\/Danny-Hart-2011-Champery-300x200.jpg 300w, https:\/\/www.365mountainbike.it\/fantamtb\/wp-content\/uploads\/2024\/01\/Danny-Hart-2011-Champery-1024x683.jpg 1024w, https:\/\/www.365mountainbike.it\/fantamtb\/wp-content\/uploads\/2024\/01\/Danny-Hart-2011-Champery-768x512.jpg 768w, https:\/\/www.365mountainbike.it\/fantamtb\/wp-content\/uploads\/2024\/01\/Danny-Hart-2011-Champery.jpg 1200w\" sizes=\"auto, (max-width: 300px) 100vw, 300px\" class=\"wp-image-22651 sp-no-webp\" alt=\"Danny Hart 2011 Champery\" loading=\"lazy\" decoding=\"async\" data-id=\"22651\" style=\"aspect-ratio:1\"  > <\/picture><\/a><figcaption class=\"wp-element-caption\">Danny Hart 2011 Champery<\/figcaption><\/figure>\n\n\n\n<figure class=\"wp-block-image size-medium\"><a href=\"https:\/\/www.365mountainbike.it\/fantamtb\/wp-content\/uploads\/2011\/05\/Aaron-Gwin-anche-the-new-bike-Trek-Session.jpg\"><picture><source srcset=\"https:\/\/www.365mountainbike.it\/fantamtb\/wp-content\/uploads\/2011\/05\/Aaron-Gwin-anche-the-new-bike-Trek-Session-300x200.jpg 300w, https:\/\/www.365mountainbike.it\/fantamtb\/wp-content\/uploads\/2011\/05\/Aaron-Gwin-anche-the-new-bike-Trek-Session-768x512.jpg 768w,https:\/\/www.365mountainbike.it\/fantamtb\/wp-content\/uploads\/2011\/05\/Aaron-Gwin-anche-the-new-bike-Trek-Session.jpg.webp 1024w\" sizes=\"auto, (max-width: 300px) 100vw, 300px\" type=\"image\/webp\"><img src=\"https:\/\/www.365mountainbike.it\/fantamtb\/wp-content\/uploads\/2011\/05\/Aaron-Gwin-anche-the-new-bike-Trek-Session-300x200.jpg\" height=\"200\" width=\"300\" srcset=\"https:\/\/www.365mountainbike.it\/fantamtb\/wp-content\/uploads\/2011\/05\/Aaron-Gwin-anche-the-new-bike-Trek-Session-300x200.jpg 300w, https:\/\/www.365mountainbike.it\/fantamtb\/wp-content\/uploads\/2011\/05\/Aaron-Gwin-anche-the-new-bike-Trek-Session-768x512.jpg 768w, https:\/\/www.365mountainbike.it\/fantamtb\/wp-content\/uploads\/2011\/05\/Aaron-Gwin-anche-the-new-bike-Trek-Session.jpg 1024w\" sizes=\"auto, (max-width: 300px) 100vw, 300px\" class=\"wp-image-8745 sp-no-webp\" alt=\"Aaron Gwin and the new bike Trek Session\" loading=\"lazy\" decoding=\"async\" data-id=\"8745\" style=\"aspect-ratio:1\"  > <\/picture><\/a><figcaption class=\"wp-element-caption\">\u00a9IanHylands &#8211; Aaron Gwin anche the new bike Trek Session<\/figcaption><\/figure>\n<\/figure>\n\n\n\n<h2 class=\"wp-block-heading has-text-align-center has-white-color has-pale-cyan-blue-background-color has-text-color has-background\" id=\"h-compra-foto-www-alamy-it\">COMPRA FOTO -&gt; <a href=\"https:\/\/www.alamy.it\/fotos-immagini\/uci-mountain-bike-world-cup-2011.html?sortBy=relevant\">www.alamy.it<\/a><\/h2>\n\n\n\n<hr class=\"wp-block-separator has-css-opacity\"\/>\n\n\n\n<h1 class=\"wp-block-heading\" id=\"h-video\">VIDEO<\/h1>\n\n\n\n<h3 class=\"wp-block-heading\" id=\"h-1-pietermaritzburg\">#1 PIETERMARITZBURG<\/h3>\n\n\n\n<figure class=\"wp-block-embed is-type-video is-provider-youtube wp-block-embed-youtube wp-embed-aspect-16-9 wp-has-aspect-ratio\"><div class=\"wp-block-embed__wrapper\">\n<iframe loading=\"lazy\" title=\"DHI@2011 UCI MTB  World Cup Pietermaritzburg\" width=\"740\" height=\"416\" src=\"https:\/\/www.youtube.com\/embed\/7Sx9Yhh0Hr4?feature=oembed\" frameborder=\"0\" allow=\"accelerometer; autoplay; clipboard-write; encrypted-media; gyroscope; picture-in-picture; web-share\" allowfullscreen><\/iframe>\n<\/div><\/figure>\n\n\n\n<h3 class=\"wp-block-heading\" id=\"h-2-fort-william\">#2 FORT WILLIAM<\/h3>\n\n\n\n<figure class=\"wp-block-embed is-type-video is-provider-youtube wp-block-embed-youtube wp-embed-aspect-16-9 wp-has-aspect-ratio\"><div class=\"wp-block-embed__wrapper\">\n<iframe loading=\"lazy\" title=\"26min Highlight Show @ UCI MTB WORLD CUP 2011 - Fort William 4X\/ DHI - Round 4\" width=\"740\" height=\"416\" src=\"https:\/\/www.youtube.com\/embed\/d__hVRX1GrU?feature=oembed\" frameborder=\"0\" allow=\"accelerometer; autoplay; clipboard-write; encrypted-media; gyroscope; picture-in-picture; web-share\" allowfullscreen><\/iframe>\n<\/div><\/figure>\n\n\n\n<figure class=\"wp-block-embed is-type-video is-provider-youtube wp-block-embed-youtube wp-embed-aspect-16-9 wp-has-aspect-ratio\"><div class=\"wp-block-embed__wrapper\">\n<iframe loading=\"lazy\" title=\"26min Highlight Show @ UCI MTB WORLD CUP 2011 - Leogang 4X\/ DHI - Round 5\" width=\"740\" height=\"416\" src=\"https:\/\/www.youtube.com\/embed\/lez3AXE8DAs?feature=oembed\" frameborder=\"0\" allow=\"accelerometer; autoplay; clipboard-write; encrypted-media; gyroscope; picture-in-picture; web-share\" allowfullscreen><\/iframe>\n<\/div><\/figure>\n\n\n\n<h3 class=\"wp-block-heading\" id=\"h-3-leogang\">#3 LEOGANG<\/h3>\n\n\n\n<h3 class=\"wp-block-heading\" id=\"h-4-mont-sainte-anne\">#4 MONT SAINTE ANNE<\/h3>\n\n\n\n<figure class=\"wp-block-embed is-type-video is-provider-youtube wp-block-embed-youtube wp-embed-aspect-16-9 wp-has-aspect-ratio\"><div class=\"wp-block-embed__wrapper\">\n<iframe loading=\"lazy\" title=\"26min Highlight Show @ UCI MTB WORLD CUP 2011 - Mont-Sainte-Anne - 4X\/ DHI\" width=\"740\" height=\"416\" src=\"https:\/\/www.youtube.com\/embed\/98N7rI-pBMM?feature=oembed\" frameborder=\"0\" allow=\"accelerometer; autoplay; clipboard-write; encrypted-media; gyroscope; picture-in-picture; web-share\" allowfullscreen><\/iframe>\n<\/div><\/figure>\n\n\n\n<h3 class=\"wp-block-heading\" id=\"h-5-windham\">#5 WINDHAM<\/h3>\n\n\n\n<figure class=\"wp-block-embed is-type-video is-provider-youtube wp-block-embed-youtube wp-embed-aspect-16-9 wp-has-aspect-ratio\"><div class=\"wp-block-embed__wrapper\">\n<iframe loading=\"lazy\" title=\"26min Highlight Show @ UCI MTB WORLD CUP 2011 - Windham - DHI\" width=\"740\" height=\"416\" src=\"https:\/\/www.youtube.com\/embed\/tu-PHDdGqK4?feature=oembed\" frameborder=\"0\" allow=\"accelerometer; autoplay; clipboard-write; encrypted-media; gyroscope; picture-in-picture; web-share\" allowfullscreen><\/iframe>\n<\/div><\/figure>\n\n\n\n<h3 class=\"wp-block-heading\" id=\"h-6-la-bresse\">#6 LA BRESSE<\/h3>\n\n\n\n<figure class=\"wp-block-embed is-type-video is-provider-youtube wp-block-embed-youtube wp-embed-aspect-16-9 wp-has-aspect-ratio\"><div class=\"wp-block-embed__wrapper\">\n<iframe loading=\"lazy\" title=\"26min Highlight Show @ UCI MTB WORLD CUP 2011 - La Bresse - DHI\" width=\"740\" height=\"416\" src=\"https:\/\/www.youtube.com\/embed\/ved98LGrJTQ?feature=oembed\" frameborder=\"0\" allow=\"accelerometer; autoplay; clipboard-write; encrypted-media; gyroscope; picture-in-picture; web-share\" allowfullscreen><\/iframe>\n<\/div><\/figure>\n\n\n\n<h3 class=\"wp-block-heading\" id=\"h-7-val-di-sole\">#7 VAL DI SOLE<\/h3>\n\n\n\n<figure class=\"wp-block-embed is-type-video is-provider-youtube wp-block-embed-youtube wp-embed-aspect-16-9 wp-has-aspect-ratio\"><div class=\"wp-block-embed__wrapper\">\n<iframe loading=\"lazy\" title=\"26min Highlight Show @ UCI MTB WORLD CUP 2011 - Val di Sole - 4X\/ DHI\" width=\"740\" height=\"416\" src=\"https:\/\/www.youtube.com\/embed\/cyFna2o86U8?feature=oembed\" frameborder=\"0\" allow=\"accelerometer; autoplay; clipboard-write; encrypted-media; gyroscope; picture-in-picture; web-share\" allowfullscreen><\/iframe>\n<\/div><\/figure>\n","protected":false,"gt_translate_keys":[{"key":"rendered","format":"html"}]},"excerpt":{"rendered":"<p>La Coppa del mondo di mountain bike 2011 organizzata dall&#8217;Unione Ciclistica Internazionale (UCI) si \u00e8 disputata su 3 discipline: cross country, downhill e four-cross (7 tappe ciascuno). Per il four-cross (4x) \u00e8 stato l&#8217;ultimo anno prima dell&#8217;annuncio che l&#8217;UCI non avrebbe pi\u00f9 ospitato tappe di coppa del mondo di tale disciplina (mantenendo per\u00f2 il mondiale). [&hellip;]<\/p>\n","protected":false,"gt_translate_keys":[{"key":"rendered","format":"html"}]},"author":1,"featured_media":22651,"comment_status":"closed","ping_status":"open","sticky":false,"template":"","format":"standard","meta":{"footnotes":""},"categories":[1258],"tags":[469,470,167,311,244,148,54,149,137,471,375,34,321,140,159,147,50,377],"class_list":["post-2635","post","type-post","status-publish","format-standard","has-post-thumbnail","hentry","category-downhill-dh","tag-aaron-gwin","tag-andrew-neethling","tag-brook-macdonald","tag-coppa-del-mondo","tag-fionn-griffiths","tag-floriane-pugin","tag-fort-william","tag-gee-atherton","tag-greg-minnaar","tag-la-bresse","tag-leogang","tag-mont-sainte-anne","tag-pietermaritzburg","tag-sabrina-jonnier","tag-steve-peat","tag-tracy-moseley","tag-val-di-sole","tag-windham"],"yoast_head":"<!-- This site is optimized with the Yoast SEO plugin v27.5 - https:\/\/yoast.com\/product\/yoast-seo-wordpress\/ -->\n<title>Classifiche Shimano UCI Mountain Bike Coppa del Mondo 2011 DH | FANTAmtb<\/title>\n<meta name=\"robots\" content=\"index, follow, max-snippet:-1, max-image-preview:large, max-video-preview:-1\" \/>\n<link rel=\"canonical\" href=\"https:\/\/www.365mountainbike.it\/fantamtb\/storia-mtb\/downhill-dh\/uci-mountain-bike-coppa-del-mondo-2011-dh\/\" \/>\n<meta property=\"og:locale\" content=\"it_IT\" \/>\n<meta property=\"og:type\" content=\"article\" \/>\n<meta property=\"og:title\" content=\"Classifiche Shimano UCI Mountain Bike Coppa del Mondo 2011 DH | FANTAmtb\" \/>\n<meta property=\"og:description\" content=\"La Coppa del mondo di mountain bike 2011 organizzata dall&#8217;Unione Ciclistica Internazionale (UCI) si \u00e8 disputata su 3 discipline: cross country, downhill e four-cross (7 tappe ciascuno). Per il four-cross (4x) \u00e8 stato l&#8217;ultimo anno prima dell&#8217;annuncio che l&#8217;UCI non avrebbe pi\u00f9 ospitato tappe di coppa del mondo di tale disciplina (mantenendo per\u00f2 il mondiale). [&hellip;]\" \/>\n<meta property=\"og:url\" content=\"https:\/\/www.365mountainbike.it\/fantamtb\/storia-mtb\/downhill-dh\/uci-mountain-bike-coppa-del-mondo-2011-dh\/\" \/>\n<meta property=\"og:site_name\" content=\"FANTAmtb\" \/>\n<meta property=\"article:published_time\" content=\"2011-05-20T19:02:08+00:00\" \/>\n<meta property=\"article:modified_time\" content=\"2026-02-04T12:20:58+00:00\" \/>\n<meta property=\"og:image\" content=\"https:\/\/www.365mountainbike.it\/fantamtb\/wp-content\/uploads\/2024\/01\/Danny-Hart-2011-Champery.jpg\" \/>\n\t<meta property=\"og:image:width\" content=\"1200\" \/>\n\t<meta property=\"og:image:height\" content=\"800\" \/>\n\t<meta property=\"og:image:type\" content=\"image\/jpeg\" \/>\n<meta name=\"author\" content=\"FANTAmtb\" \/>\n<meta name=\"twitter:card\" content=\"summary_large_image\" \/>\n<meta name=\"twitter:label1\" content=\"Scritto da\" \/>\n\t<meta name=\"twitter:data1\" content=\"FANTAmtb\" \/>\n\t<meta name=\"twitter:label2\" content=\"Tempo di lettura stimato\" \/>\n\t<meta name=\"twitter:data2\" content=\"26 minuti\" \/>\n<script type=\"application\/ld+json\" class=\"yoast-schema-graph\">{\"@context\":\"https:\\\/\\\/schema.org\",\"@graph\":[{\"@type\":\"Article\",\"@id\":\"https:\\\/\\\/www.365mountainbike.it\\\/fantamtb\\\/storia-mtb\\\/downhill-dh\\\/uci-mountain-bike-coppa-del-mondo-2011-dh\\\/#article\",\"isPartOf\":{\"@id\":\"https:\\\/\\\/www.365mountainbike.it\\\/fantamtb\\\/storia-mtb\\\/downhill-dh\\\/uci-mountain-bike-coppa-del-mondo-2011-dh\\\/\"},\"author\":{\"name\":\"FANTAmtb\",\"@id\":\"https:\\\/\\\/www.365mountainbike.it\\\/fantamtb\\\/#\\\/schema\\\/person\\\/7b4a30b446207c8d00024d9717c3b63b\"},\"headline\":\"Shimano UCI Mountain Bike Coppa del Mondo 2011 DH\",\"datePublished\":\"2011-05-20T19:02:08+00:00\",\"dateModified\":\"2026-02-04T12:20:58+00:00\",\"mainEntityOfPage\":{\"@id\":\"https:\\\/\\\/www.365mountainbike.it\\\/fantamtb\\\/storia-mtb\\\/downhill-dh\\\/uci-mountain-bike-coppa-del-mondo-2011-dh\\\/\"},\"wordCount\":472,\"image\":{\"@id\":\"https:\\\/\\\/www.365mountainbike.it\\\/fantamtb\\\/storia-mtb\\\/downhill-dh\\\/uci-mountain-bike-coppa-del-mondo-2011-dh\\\/#primaryimage\"},\"thumbnailUrl\":\"https:\\\/\\\/www.365mountainbike.it\\\/fantamtb\\\/wp-content\\\/uploads\\\/2024\\\/01\\\/Danny-Hart-2011-Champery.jpg\",\"keywords\":[\"Aaron Gwin\",\"Andrew Neethling\",\"Brook Macdonald\",\"Coppa Del Mondo\",\"Fionn Griffiths\",\"Floriane Pugin\",\"Fort William\",\"Gee Atherton\",\"Greg Minnaar\",\"La Bresse\",\"Leogang\",\"Mont Sainte Anne\",\"Pietermaritzburg\",\"Sabrina Jonnier\",\"Steve Peat\",\"Tracy Moseley\",\"Val Di Sole\",\"Windham\"],\"articleSection\":[\"Downhill DH\"],\"inLanguage\":\"it-IT\"},{\"@type\":\"WebPage\",\"@id\":\"https:\\\/\\\/www.365mountainbike.it\\\/fantamtb\\\/storia-mtb\\\/downhill-dh\\\/uci-mountain-bike-coppa-del-mondo-2011-dh\\\/\",\"url\":\"https:\\\/\\\/www.365mountainbike.it\\\/fantamtb\\\/storia-mtb\\\/downhill-dh\\\/uci-mountain-bike-coppa-del-mondo-2011-dh\\\/\",\"name\":\"Classifiche Shimano UCI Mountain Bike Coppa del Mondo 2011 DH | FANTAmtb\",\"isPartOf\":{\"@id\":\"https:\\\/\\\/www.365mountainbike.it\\\/fantamtb\\\/#website\"},\"primaryImageOfPage\":{\"@id\":\"https:\\\/\\\/www.365mountainbike.it\\\/fantamtb\\\/storia-mtb\\\/downhill-dh\\\/uci-mountain-bike-coppa-del-mondo-2011-dh\\\/#primaryimage\"},\"image\":{\"@id\":\"https:\\\/\\\/www.365mountainbike.it\\\/fantamtb\\\/storia-mtb\\\/downhill-dh\\\/uci-mountain-bike-coppa-del-mondo-2011-dh\\\/#primaryimage\"},\"thumbnailUrl\":\"https:\\\/\\\/www.365mountainbike.it\\\/fantamtb\\\/wp-content\\\/uploads\\\/2024\\\/01\\\/Danny-Hart-2011-Champery.jpg\",\"datePublished\":\"2011-05-20T19:02:08+00:00\",\"dateModified\":\"2026-02-04T12:20:58+00:00\",\"author\":{\"@id\":\"https:\\\/\\\/www.365mountainbike.it\\\/fantamtb\\\/#\\\/schema\\\/person\\\/7b4a30b446207c8d00024d9717c3b63b\"},\"breadcrumb\":{\"@id\":\"https:\\\/\\\/www.365mountainbike.it\\\/fantamtb\\\/storia-mtb\\\/downhill-dh\\\/uci-mountain-bike-coppa-del-mondo-2011-dh\\\/#breadcrumb\"},\"inLanguage\":\"it-IT\",\"potentialAction\":[{\"@type\":\"ReadAction\",\"target\":[\"https:\\\/\\\/www.365mountainbike.it\\\/fantamtb\\\/storia-mtb\\\/downhill-dh\\\/uci-mountain-bike-coppa-del-mondo-2011-dh\\\/\"]}]},{\"@type\":\"ImageObject\",\"inLanguage\":\"it-IT\",\"@id\":\"https:\\\/\\\/www.365mountainbike.it\\\/fantamtb\\\/storia-mtb\\\/downhill-dh\\\/uci-mountain-bike-coppa-del-mondo-2011-dh\\\/#primaryimage\",\"url\":\"https:\\\/\\\/www.365mountainbike.it\\\/fantamtb\\\/wp-content\\\/uploads\\\/2024\\\/01\\\/Danny-Hart-2011-Champery.jpg\",\"contentUrl\":\"https:\\\/\\\/www.365mountainbike.it\\\/fantamtb\\\/wp-content\\\/uploads\\\/2024\\\/01\\\/Danny-Hart-2011-Champery.jpg\",\"width\":1200,\"height\":800,\"caption\":\"Danny Hart 2011 Champery\"},{\"@type\":\"BreadcrumbList\",\"@id\":\"https:\\\/\\\/www.365mountainbike.it\\\/fantamtb\\\/storia-mtb\\\/downhill-dh\\\/uci-mountain-bike-coppa-del-mondo-2011-dh\\\/#breadcrumb\",\"itemListElement\":[{\"@type\":\"ListItem\",\"position\":1,\"name\":\"Home\",\"item\":\"https:\\\/\\\/www.365mountainbike.it\\\/fantamtb\\\/\"},{\"@type\":\"ListItem\",\"position\":2,\"name\":\"Storia MTB\",\"item\":\"https:\\\/\\\/www.365mountainbike.it\\\/fantamtb\\\/storia-mtb\\\/\"},{\"@type\":\"ListItem\",\"position\":3,\"name\":\"DH Downhill\",\"item\":\"https:\\\/\\\/www.365mountainbike.it\\\/fantamtb\\\/storia-mtb\\\/downhill-dh\\\/\"},{\"@type\":\"ListItem\",\"position\":4,\"name\":\"Shimano UCI Mountain Bike Coppa del Mondo 2011 DH\"}]},{\"@type\":\"WebSite\",\"@id\":\"https:\\\/\\\/www.365mountainbike.it\\\/fantamtb\\\/#website\",\"url\":\"https:\\\/\\\/www.365mountainbike.it\\\/fantamtb\\\/\",\"name\":\"FANTAmtb\",\"description\":\"Il FANTAciclismo della Mountain Bike (FANTAcycling)\",\"potentialAction\":[{\"@type\":\"SearchAction\",\"target\":{\"@type\":\"EntryPoint\",\"urlTemplate\":\"https:\\\/\\\/www.365mountainbike.it\\\/fantamtb\\\/?s={search_term_string}\"},\"query-input\":{\"@type\":\"PropertyValueSpecification\",\"valueRequired\":true,\"valueName\":\"search_term_string\"}}],\"inLanguage\":\"it-IT\"},{\"@type\":\"Person\",\"@id\":\"https:\\\/\\\/www.365mountainbike.it\\\/fantamtb\\\/#\\\/schema\\\/person\\\/7b4a30b446207c8d00024d9717c3b63b\",\"name\":\"FANTAmtb\",\"image\":{\"@type\":\"ImageObject\",\"inLanguage\":\"it-IT\",\"@id\":\"\\\/\\\/www.365mountainbike.it\\\/fantamtb\\\/wp-content\\\/uploads\\\/wpforo\\\/avatars\\\/davide_1.png\",\"url\":\"\\\/\\\/www.365mountainbike.it\\\/fantamtb\\\/wp-content\\\/uploads\\\/wpforo\\\/avatars\\\/davide_1.png\",\"contentUrl\":\"\\\/\\\/www.365mountainbike.it\\\/fantamtb\\\/wp-content\\\/uploads\\\/wpforo\\\/avatars\\\/davide_1.png\",\"caption\":\"FANTAmtb\"},\"sameAs\":[\"https:\\\/\\\/www.365mountainbike.it\\\/fantamtb\"],\"url\":\"https:\\\/\\\/www.365mountainbike.it\\\/fantamtb\\\/author\\\/davide\\\/\"}]}<\/script>\n<!-- \/ Yoast SEO plugin. -->","yoast_head_json":{"title":"Classifiche Shimano UCI Mountain Bike Coppa del Mondo 2011 DH | FANTAmtb","robots":{"index":"index","follow":"follow","max-snippet":"max-snippet:-1","max-image-preview":"max-image-preview:large","max-video-preview":"max-video-preview:-1"},"canonical":"https:\/\/www.365mountainbike.it\/fantamtb\/storia-mtb\/downhill-dh\/uci-mountain-bike-coppa-del-mondo-2011-dh\/","og_locale":"it_IT","og_type":"article","og_title":"Classifiche Shimano UCI Mountain Bike Coppa del Mondo 2011 DH | FANTAmtb","og_description":"La Coppa del mondo di mountain bike 2011 organizzata dall&#8217;Unione Ciclistica Internazionale (UCI) si \u00e8 disputata su 3 discipline: cross country, downhill e four-cross (7 tappe ciascuno). Per il four-cross (4x) \u00e8 stato l&#8217;ultimo anno prima dell&#8217;annuncio che l&#8217;UCI non avrebbe pi\u00f9 ospitato tappe di coppa del mondo di tale disciplina (mantenendo per\u00f2 il mondiale). [&hellip;]","og_url":"https:\/\/www.365mountainbike.it\/fantamtb\/storia-mtb\/downhill-dh\/uci-mountain-bike-coppa-del-mondo-2011-dh\/","og_site_name":"FANTAmtb","article_published_time":"2011-05-20T19:02:08+00:00","article_modified_time":"2026-02-04T12:20:58+00:00","og_image":[{"width":1200,"height":800,"url":"https:\/\/www.365mountainbike.it\/fantamtb\/wp-content\/uploads\/2024\/01\/Danny-Hart-2011-Champery.jpg","type":"image\/jpeg"}],"author":"FANTAmtb","twitter_card":"summary_large_image","twitter_misc":{"Scritto da":"FANTAmtb","Tempo di lettura stimato":"26 minuti"},"schema":{"@context":"https:\/\/schema.org","@graph":[{"@type":"Article","@id":"https:\/\/www.365mountainbike.it\/fantamtb\/storia-mtb\/downhill-dh\/uci-mountain-bike-coppa-del-mondo-2011-dh\/#article","isPartOf":{"@id":"https:\/\/www.365mountainbike.it\/fantamtb\/storia-mtb\/downhill-dh\/uci-mountain-bike-coppa-del-mondo-2011-dh\/"},"author":{"name":"FANTAmtb","@id":"https:\/\/www.365mountainbike.it\/fantamtb\/#\/schema\/person\/7b4a30b446207c8d00024d9717c3b63b"},"headline":"Shimano UCI Mountain Bike Coppa del Mondo 2011 DH","datePublished":"2011-05-20T19:02:08+00:00","dateModified":"2026-02-04T12:20:58+00:00","mainEntityOfPage":{"@id":"https:\/\/www.365mountainbike.it\/fantamtb\/storia-mtb\/downhill-dh\/uci-mountain-bike-coppa-del-mondo-2011-dh\/"},"wordCount":472,"image":{"@id":"https:\/\/www.365mountainbike.it\/fantamtb\/storia-mtb\/downhill-dh\/uci-mountain-bike-coppa-del-mondo-2011-dh\/#primaryimage"},"thumbnailUrl":"https:\/\/www.365mountainbike.it\/fantamtb\/wp-content\/uploads\/2024\/01\/Danny-Hart-2011-Champery.jpg","keywords":["Aaron Gwin","Andrew Neethling","Brook Macdonald","Coppa Del Mondo","Fionn Griffiths","Floriane Pugin","Fort William","Gee Atherton","Greg Minnaar","La Bresse","Leogang","Mont Sainte Anne","Pietermaritzburg","Sabrina Jonnier","Steve Peat","Tracy Moseley","Val Di Sole","Windham"],"articleSection":["Downhill DH"],"inLanguage":"it-IT"},{"@type":"WebPage","@id":"https:\/\/www.365mountainbike.it\/fantamtb\/storia-mtb\/downhill-dh\/uci-mountain-bike-coppa-del-mondo-2011-dh\/","url":"https:\/\/www.365mountainbike.it\/fantamtb\/storia-mtb\/downhill-dh\/uci-mountain-bike-coppa-del-mondo-2011-dh\/","name":"Classifiche Shimano UCI Mountain Bike Coppa del Mondo 2011 DH | FANTAmtb","isPartOf":{"@id":"https:\/\/www.365mountainbike.it\/fantamtb\/#website"},"primaryImageOfPage":{"@id":"https:\/\/www.365mountainbike.it\/fantamtb\/storia-mtb\/downhill-dh\/uci-mountain-bike-coppa-del-mondo-2011-dh\/#primaryimage"},"image":{"@id":"https:\/\/www.365mountainbike.it\/fantamtb\/storia-mtb\/downhill-dh\/uci-mountain-bike-coppa-del-mondo-2011-dh\/#primaryimage"},"thumbnailUrl":"https:\/\/www.365mountainbike.it\/fantamtb\/wp-content\/uploads\/2024\/01\/Danny-Hart-2011-Champery.jpg","datePublished":"2011-05-20T19:02:08+00:00","dateModified":"2026-02-04T12:20:58+00:00","author":{"@id":"https:\/\/www.365mountainbike.it\/fantamtb\/#\/schema\/person\/7b4a30b446207c8d00024d9717c3b63b"},"breadcrumb":{"@id":"https:\/\/www.365mountainbike.it\/fantamtb\/storia-mtb\/downhill-dh\/uci-mountain-bike-coppa-del-mondo-2011-dh\/#breadcrumb"},"inLanguage":"it-IT","potentialAction":[{"@type":"ReadAction","target":["https:\/\/www.365mountainbike.it\/fantamtb\/storia-mtb\/downhill-dh\/uci-mountain-bike-coppa-del-mondo-2011-dh\/"]}]},{"@type":"ImageObject","inLanguage":"it-IT","@id":"https:\/\/www.365mountainbike.it\/fantamtb\/storia-mtb\/downhill-dh\/uci-mountain-bike-coppa-del-mondo-2011-dh\/#primaryimage","url":"https:\/\/www.365mountainbike.it\/fantamtb\/wp-content\/uploads\/2024\/01\/Danny-Hart-2011-Champery.jpg","contentUrl":"https:\/\/www.365mountainbike.it\/fantamtb\/wp-content\/uploads\/2024\/01\/Danny-Hart-2011-Champery.jpg","width":1200,"height":800,"caption":"Danny Hart 2011 Champery"},{"@type":"BreadcrumbList","@id":"https:\/\/www.365mountainbike.it\/fantamtb\/storia-mtb\/downhill-dh\/uci-mountain-bike-coppa-del-mondo-2011-dh\/#breadcrumb","itemListElement":[{"@type":"ListItem","position":1,"name":"Home","item":"https:\/\/www.365mountainbike.it\/fantamtb\/"},{"@type":"ListItem","position":2,"name":"Storia MTB","item":"https:\/\/www.365mountainbike.it\/fantamtb\/storia-mtb\/"},{"@type":"ListItem","position":3,"name":"DH Downhill","item":"https:\/\/www.365mountainbike.it\/fantamtb\/storia-mtb\/downhill-dh\/"},{"@type":"ListItem","position":4,"name":"Shimano UCI Mountain Bike Coppa del Mondo 2011 DH"}]},{"@type":"WebSite","@id":"https:\/\/www.365mountainbike.it\/fantamtb\/#website","url":"https:\/\/www.365mountainbike.it\/fantamtb\/","name":"FANTAmtb","description":"Il FANTAciclismo della Mountain Bike (FANTAcycling)","potentialAction":[{"@type":"SearchAction","target":{"@type":"EntryPoint","urlTemplate":"https:\/\/www.365mountainbike.it\/fantamtb\/?s={search_term_string}"},"query-input":{"@type":"PropertyValueSpecification","valueRequired":true,"valueName":"search_term_string"}}],"inLanguage":"it-IT"},{"@type":"Person","@id":"https:\/\/www.365mountainbike.it\/fantamtb\/#\/schema\/person\/7b4a30b446207c8d00024d9717c3b63b","name":"FANTAmtb","image":{"@type":"ImageObject","inLanguage":"it-IT","@id":"\/\/www.365mountainbike.it\/fantamtb\/wp-content\/uploads\/wpforo\/avatars\/davide_1.png","url":"\/\/www.365mountainbike.it\/fantamtb\/wp-content\/uploads\/wpforo\/avatars\/davide_1.png","contentUrl":"\/\/www.365mountainbike.it\/fantamtb\/wp-content\/uploads\/wpforo\/avatars\/davide_1.png","caption":"FANTAmtb"},"sameAs":["https:\/\/www.365mountainbike.it\/fantamtb"],"url":"https:\/\/www.365mountainbike.it\/fantamtb\/author\/davide\/"}]}},"gt_translate_keys":[{"key":"link","format":"url"}],"_links":{"self":[{"href":"https:\/\/www.365mountainbike.it\/fantamtb\/wp-json\/wp\/v2\/posts\/2635","targetHints":{"allow":["GET"]}}],"collection":[{"href":"https:\/\/www.365mountainbike.it\/fantamtb\/wp-json\/wp\/v2\/posts"}],"about":[{"href":"https:\/\/www.365mountainbike.it\/fantamtb\/wp-json\/wp\/v2\/types\/post"}],"author":[{"embeddable":true,"href":"https:\/\/www.365mountainbike.it\/fantamtb\/wp-json\/wp\/v2\/users\/1"}],"replies":[{"embeddable":true,"href":"https:\/\/www.365mountainbike.it\/fantamtb\/wp-json\/wp\/v2\/comments?post=2635"}],"version-history":[{"count":3,"href":"https:\/\/www.365mountainbike.it\/fantamtb\/wp-json\/wp\/v2\/posts\/2635\/revisions"}],"predecessor-version":[{"id":25598,"href":"https:\/\/www.365mountainbike.it\/fantamtb\/wp-json\/wp\/v2\/posts\/2635\/revisions\/25598"}],"wp:featuredmedia":[{"embeddable":true,"href":"https:\/\/www.365mountainbike.it\/fantamtb\/wp-json\/wp\/v2\/media\/22651"}],"wp:attachment":[{"href":"https:\/\/www.365mountainbike.it\/fantamtb\/wp-json\/wp\/v2\/media?parent=2635"}],"wp:term":[{"taxonomy":"category","embeddable":true,"href":"https:\/\/www.365mountainbike.it\/fantamtb\/wp-json\/wp\/v2\/categories?post=2635"},{"taxonomy":"post_tag","embeddable":true,"href":"https:\/\/www.365mountainbike.it\/fantamtb\/wp-json\/wp\/v2\/tags?post=2635"}],"curies":[{"name":"wp","href":"https:\/\/api.w.org\/{rel}","templated":true}]}}