{"id":2627,"date":"2011-05-11T09:24:50","date_gmt":"2011-05-11T07:24:50","guid":{"rendered":"\/database\/gare-downhill\/campionato-del-mondo-downhill-2006\/"},"modified":"2026-01-24T16:49:26","modified_gmt":"2026-01-24T16:49:26","slug":"campionato-del-mondo-downhill-2006","status":"publish","type":"post","link":"https:\/\/www.365mountainbike.it\/fantamtb\/storia-mtb\/downhill-dh\/campionato-del-mondo-downhill-2006\/","title":{"rendered":"Campionati Mondiali DH 2006, Rotorua (NUOVA ZELANDA)","gt_translate_keys":[{"key":"rendered","format":"text"}]},"content":{"rendered":"\n<p>Rotorua &#8211; 22\/27 Agosto. Con il campione mondiale uscente infortunato <strong>Fabien Barel<\/strong>, la gara si preannuncia pi\u00f9 che mai combattuta. Il giovane&nbsp;<strong>Sam Hill<\/strong> ha molto occhi puntati visto che arriva da un 3\u00b0 posto lo scorso anno. E ha solo 20 anni. I tempi sono molto chiusi ma ci pensa appunto il giovane Hill ha scavare un divario di oltre 4 secondi tra lui e gli altri. Primo dei terresti&nbsp;<strong>Greg Minnaar<\/strong>, terzo&nbsp;<strong>Nathan Rennie<\/strong>. Al quarto posto&nbsp;<strong>Steve Peat<\/strong>, sempre presente nelle prime posizioni ma ancora una maglia iridata che manca nel suo palmares.<\/p>\n\n\n\n<p>La francese&nbsp;<strong>Sabrina Jonnier<\/strong> domina la prova femminile. Al via non troviamo la campionessa uscente&nbsp;<strong>Anne Caroline Chausson<\/strong> la quale ha dato il suo addio alle gare dopo il mondiale 2005 di Livigno (vinto) per dedicarsi ad altri obiettivi. Durante l&#8217;annata si \u00e8 presa un anno di stop e, con il supporto di Commen\u00e7al, \u00e8 diventata ambasciatrice della mountain bike nel mondo, partecipando ad alcune gare promozionali e ad alcuni appuntamenti dell&#8217;Avalanche Trophy. La Jonnier ha messo dietro le britanniche&nbsp;<strong>Tracy Moseley&nbsp;<\/strong>e&nbsp;<strong>Rachel Atherton.<\/strong><\/p>\n\n\n\n<p>Tra gli Junior maschi doppieta, neozelandese con&nbsp;<strong>Cam Cole&nbsp;<\/strong>e&nbsp;<strong>Sam Blenkinsop.<\/strong> Terzo posto per&nbsp;<strong>Antoine Badouard.&nbsp;<\/strong>Tra le Junior femmine vittoria di&nbsp;<strong>Tracey Hannah.<\/strong><\/p>\n\n\n\n<p><\/p>\n\n\n\n<figure class=\"wp-block-table is-style-stripes\"><table class=\"has-black-color has-text-color\"><tbody><tr><td><span style=\"color: #ff0000;\"><b>EL M<\/b><\/span><\/td><\/tr><tr><td><img loading=\"lazy\" decoding=\"async\" style=\"border: 0pt none;\" src=\"\/fantamtb\/wp-content\/images\/iride.jpg\" alt=\"Campione del Mondo\" width=\"25\" height=\"16\" border=\"0\"><\/td><td><img loading=\"lazy\" decoding=\"async\" style=\"border: 0pt none; border-width: 0pt;\" src=\"\/fantamtb\/wp-content\/images\/aus.png\" alt=\"AUS\" width=\"19\" height=\"13\" border=\"0\">&nbsp;<a href=\"https:\/\/www.365mountainbike.it\/fantamtb\/storia-mtb\/atleti\/sam-hill\/\">Sam HILL<\/a><\/td><td><strong><b>3:11.03<\/b><\/strong><\/td><\/tr><tr><td><strong>2<\/strong><\/td><td><img loading=\"lazy\" decoding=\"async\" style=\"border: 0pt none; border-width: 0pt;\" src=\"\/fantamtb\/wp-content\/images\/rsa.png\" alt=\"RSA\" width=\"19\" height=\"13\" border=\"0\">&nbsp;<a href=\"https:\/\/www.365mountainbike.it\/fantamtb\/storia-mtb\/atleti\/greg-minnaar\/\">Greg MINNAAR<\/a><\/td><td><strong>4.22s<\/strong><\/td><\/tr><tr><td><strong>3<\/strong><\/td><td><img loading=\"lazy\" decoding=\"async\" style=\"border: 0pt none; border-width: 0pt;\" src=\"\/fantamtb\/wp-content\/images\/aus.png\" alt=\"AUS\" width=\"19\" height=\"13\" border=\"0\">&nbsp;<a href=\"https:\/\/www.365mountainbike.it\/fantamtb\/storia-mtb\/atleti\/nathan-rennie\/\">Nathan RENNIE<\/a><\/td><td><strong>6.13s<\/strong><\/td><\/tr><tr><td>4<\/td><td><img loading=\"lazy\" decoding=\"async\" style=\"border: 0pt none; border-width: 0pt;\" src=\"\/fantamtb\/wp-content\/images\/gbr.png\" alt=\"GBR\" width=\"19\" height=\"13\" border=\"0\">&nbsp;Steve PEAT<\/td><td>6.89s<\/td><\/tr><tr><td>5<\/td><td><img loading=\"lazy\" decoding=\"async\" style=\"border: 0pt none; border-width: 0pt;\" src=\"\/fantamtb\/wp-content\/images\/aus.png\" alt=\"AUS\" width=\"19\" height=\"13\" border=\"0\">&nbsp;Chris KOVARIK<\/td><td>7.01s<\/td><\/tr><tr><td>6<\/td><td><img loading=\"lazy\" decoding=\"async\" style=\"border: 0pt none; border-width: 0pt;\" src=\"\/fantamtb\/wp-content\/images\/aus.png\" alt=\"AUS\" width=\"19\" height=\"13\" border=\"0\">&nbsp;Michael HANNAH<\/td><td>8.18s<\/td><\/tr><tr><td>7<\/td><td><img loading=\"lazy\" decoding=\"async\" style=\"border: 0pt none;\" src=\"\/fantamtb\/wp-content\/images\/fra.png\" alt=\"FRA\" width=\"19\" height=\"13\" border=\"0\">&nbsp;C\u00e9dric GRACIA<\/td><td>8.70s<\/td><\/tr><tr><td>8<\/td><td><img loading=\"lazy\" decoding=\"async\" style=\"border: 0pt none; border-width: 0pt;\" src=\"\/fantamtb\/wp-content\/images\/fin.png\" alt=\"FIN\" width=\"19\" height=\"13\" border=\"0\">&nbsp;Matti LEHIKOINEN<\/td><td>9.76s<\/td><\/tr><tr><td>9<\/td><td><img loading=\"lazy\" decoding=\"async\" style=\"border: 0pt none; border-width: 0pt;\" src=\"\/fantamtb\/wp-content\/images\/gbr.png\" alt=\"GBR\" width=\"19\" height=\"13\" border=\"0\">&nbsp;Gee ATHERTON<\/td><td>9.88s<\/td><\/tr><tr><td>10<\/td><td><img loading=\"lazy\" decoding=\"async\" style=\"border: 0pt none;\" src=\"\/fantamtb\/wp-content\/images\/fra.png\" alt=\"FRA\" width=\"19\" height=\"13\" border=\"0\">&nbsp;Mickael PASCAL<\/td><td>10.10s<\/td><\/tr><tr><td>11<\/td><td><img loading=\"lazy\" decoding=\"async\" style=\"border: 0pt none; border-width: 0pt;\" src=\"\/fantamtb\/wp-content\/images\/rsa.png\" alt=\"RSA\" width=\"19\" height=\"13\" border=\"0\">&nbsp;Andrew NEETHLING<\/td><td>10.41s<\/td><\/tr><tr><td>12<\/td><td><img loading=\"lazy\" decoding=\"async\" style=\"border: 0pt none; border-width: 0pt;\" src=\"\/fantamtb\/wp-content\/images\/gbr.png\" alt=\"GBR\" width=\"19\" height=\"13\" border=\"0\">&nbsp;Marc BEAUMONT<\/td><td>11.75s<\/td><\/tr><tr><td>13<\/td><td><img loading=\"lazy\" decoding=\"async\" style=\"border: 0pt none; border-width: 0pt;\" src=\"\/fantamtb\/wp-content\/images\/aus.png\" alt=\"AUS\" width=\"19\" height=\"13\" border=\"0\">&nbsp;Bryn ATKINSON<\/td><td>12.09s<\/td><\/tr><tr><td>14<\/td><td><img loading=\"lazy\" decoding=\"async\" style=\"border: 0pt none; border-width: 0pt;\" src=\"\/fantamtb\/wp-content\/images\/svk.png\" alt=\"SVK\" width=\"19\" height=\"13\" border=\"0\">&nbsp;Filip POLC<\/td><td>13.46s<\/td><\/tr><tr><td>15<\/td><td><img loading=\"lazy\" decoding=\"async\" style=\"border: 0pt none; border-width: 0pt;\" src=\"\/fantamtb\/wp-content\/images\/esp.png\" alt=\"SPA\" width=\"19\" height=\"13\" border=\"0\">&nbsp;David VAZQUEZ LOPEZ<\/td><td>14.21s<\/td><\/tr><tr><td>16<\/td><td><img loading=\"lazy\" decoding=\"async\" style=\"border: 0pt none; border-width: 0pt;\" src=\"\/fantamtb\/wp-content\/images\/gbr.png\" alt=\"GBR\" width=\"19\" height=\"13\" border=\"0\">&nbsp;Dan ATHERTON<\/td><td>14.55s<\/td><\/tr><tr><td>17<\/td><td><img loading=\"lazy\" decoding=\"async\" style=\"border: 0pt none; border-width: 0pt;\" src=\"\/fantamtb\/wp-content\/images\/aus.png\" alt=\"AUS\" width=\"19\" height=\"13\" border=\"0\">&nbsp;Amiel CAVALIER<\/td><td>14.80s<\/td><\/tr><tr><td>18<\/td><td><img loading=\"lazy\" decoding=\"async\" style=\"border: 0pt none; border-width: 0pt;\" src=\"\/fantamtb\/wp-content\/images\/bra.png\" alt=\"BRA\" width=\"19\" height=\"13\" border=\"0\">&nbsp;Markolf BERCHTOLD<\/td><td>15.85s<\/td><\/tr><tr><td>19<\/td><td><img loading=\"lazy\" decoding=\"async\" style=\"border: 0pt none; border-width: 0pt;\" src=\"\/fantamtb\/wp-content\/images\/usa.png\" alt=\"USA\" width=\"19\" height=\"13\" border=\"0\">&nbsp;Duncan RIFFLE<\/td><td>16.54s<\/td><\/tr><tr><td>20<\/td><td><img loading=\"lazy\" decoding=\"async\" style=\"border: 0pt none; border-width: 0pt;\" src=\"\/fantamtb\/wp-content\/images\/usa.png\" alt=\"USA\" width=\"19\" height=\"13\" border=\"0\">&nbsp;Luke STROBEL<\/td><td>16.66s<\/td><\/tr><tr><td>21<\/td><td><img loading=\"lazy\" decoding=\"async\" style=\"border: 0pt none; border-width: 0pt;\" src=\"\/fantamtb\/wp-content\/images\/nzl.png\" alt=\"NZL\" width=\"19\" height=\"13\" border=\"0\">&nbsp;John KIRKCALDIE<\/td><td>16.71s<\/td><\/tr><tr><td>22<\/td><td><img loading=\"lazy\" decoding=\"async\" style=\"border: 0pt none; border-width: 0pt;\" src=\"\/fantamtb\/wp-content\/images\/esp.png\" alt=\"SPA\" width=\"19\" height=\"13\" border=\"0\">&nbsp;Oscar SAIZ CASTA\u00d1E<\/td><td>16.89s<\/td><\/tr><tr><td>23<\/td><td><img loading=\"lazy\" decoding=\"async\" style=\"border: 0pt none; border-width: 0pt;\" src=\"\/fantamtb\/wp-content\/images\/nzl.png\" alt=\"NZL\" width=\"19\" height=\"13\" border=\"0\">&nbsp;Des CURRY<\/td><td>17.66s<\/td><\/tr><tr><td>24<\/td><td><img loading=\"lazy\" decoding=\"async\" style=\"border: 0pt none; border-width: 0pt;\" src=\"\/fantamtb\/wp-content\/images\/usa.png\" alt=\"USA\" width=\"19\" height=\"13\" border=\"0\">&nbsp;Cody WARREN<\/td><td>17.74s<\/td><\/tr><tr><td>25<\/td><td><img loading=\"lazy\" decoding=\"async\" style=\"border: 0pt none; border-width: 0pt;\" src=\"\/fantamtb\/wp-content\/images\/aus.png\" alt=\"AUS\" width=\"19\" height=\"13\" border=\"0\">&nbsp;Jared RANDO<\/td><td>19.73s<\/td><\/tr><tr><td>26<\/td><td><img loading=\"lazy\" decoding=\"async\" style=\"border: 0pt none; border-width: 0pt;\" src=\"\/fantamtb\/wp-content\/images\/cze.png\" alt=\"CZE\" width=\"19\" height=\"13\" border=\"0\">&nbsp;Michal MAROSI<\/td><td>20.22s<\/td><\/tr><tr><td>27<\/td><td><img loading=\"lazy\" decoding=\"async\" style=\"border: 0pt none; border-width: 0pt;\" src=\"\/fantamtb\/wp-content\/images\/can.png\" alt=\"CAN\" width=\"19\" height=\"13\" border=\"0\">&nbsp;Andrew MITCHELL<\/td><td>20.74s<\/td><\/tr><tr><td>28<\/td><td><img loading=\"lazy\" decoding=\"async\" style=\"border: 0pt none; border-width: 0pt;\" src=\"\/fantamtb\/wp-content\/images\/swi.png\" width=\"20\" height=\"13\" alt=\"SWI\" border=\"0\">&nbsp;Samuel ZBINDEN<\/td><td>21.49s<\/td><\/tr><tr><td>29<\/td><td><img loading=\"lazy\" decoding=\"async\" style=\"border: 0pt none; border-width: 0pt;\" src=\"\/fantamtb\/wp-content\/images\/usa.png\" alt=\"USA\" width=\"19\" height=\"13\" border=\"0\">&nbsp;Christopher HERNDON<\/td><td>21.52s<\/td><\/tr><tr><td>29<\/td><td><img loading=\"lazy\" decoding=\"async\" style=\"border: 0pt none; border-width: 0pt;\" src=\"\/fantamtb\/wp-content\/images\/cze.png\" alt=\"CZE\" width=\"19\" height=\"13\" border=\"0\">&nbsp;Adam VAGNER<\/td><td>21.52s<\/td><\/tr><\/tbody><\/table><figcaption class=\"wp-element-caption\"><a target=\"_blank\" href=\"https:\/\/www.365mountainbike.it\/fantamtb\/wp-content\/images\/results\/worlds_dh\/2006_elitem.pdf\" rel=\"noopener\">CLASSIFICHE COMPLETE<\/a><\/figcaption><\/figure>\n\n\n\n<p><\/p>\n\n\n\n<figure class=\"wp-block-table is-style-stripes\"><table class=\"has-black-color has-text-color\"><tbody><tr><td><span style=\"color: #ff0000;\"><b>EL W<\/b><\/span><\/td><\/tr><tr><td><img loading=\"lazy\" decoding=\"async\" style=\"border: 0pt none;\" src=\"\/fantamtb\/wp-content\/images\/iride.jpg\" alt=\"Campione del Mondo\" width=\"25\" height=\"16\" border=\"0\"><\/td><td><img loading=\"lazy\" decoding=\"async\" style=\"border: 0pt none;\" src=\"\/fantamtb\/wp-content\/images\/fra.png\" alt=\"FRA\" width=\"19\" height=\"13\" border=\"0\">&nbsp;<a href=\"https:\/\/www.365mountainbike.it\/fantamtb\/storia-mtb\/atleti\/sabrina-jonnier\/\">Sabrina JONNIER<\/a><\/td><td><strong><b>3:50.32<\/b><\/strong><\/td><\/tr><tr><td><strong>2<\/strong><\/td><td><img loading=\"lazy\" decoding=\"async\" style=\"border: 0pt none; border-width: 0pt;\" src=\"\/fantamtb\/wp-content\/images\/gbr.png\" alt=\"GBR\" width=\"19\" height=\"13\" border=\"0\">&nbsp;<a href=\"https:\/\/www.365mountainbike.it\/fantamtb\/storia-mtb\/atleti\/tracy-moseley\/\">Tracy MOSELEY<\/a><\/td><td><strong>3.51s<\/strong><\/td><\/tr><tr><td><strong>3<\/strong><\/td><td><img loading=\"lazy\" decoding=\"async\" style=\"border: 0pt none; border-width: 0pt;\" src=\"\/fantamtb\/wp-content\/images\/gbr.png\" alt=\"GBR\" width=\"19\" height=\"13\" border=\"0\">&nbsp;<a href=\"https:\/\/www.365mountainbike.it\/fantamtb\/storia-mtb\/atleti\/rachel-atherton\/\">Rachel ATHERTON<\/a><\/td><td><strong>7.48s<\/strong><\/td><\/tr><tr><td>4<\/td><td><img loading=\"lazy\" decoding=\"async\" style=\"border: 0pt none; border-width: 0pt;\" src=\"\/fantamtb\/wp-content\/images\/usa.png\" alt=\"USA\" width=\"19\" height=\"13\" border=\"0\">&nbsp;Melissa BUHL<\/td><td>10.08s<\/td><\/tr><tr><td>5<\/td><td><img loading=\"lazy\" decoding=\"async\" style=\"border: 0pt none;\" src=\"\/fantamtb\/wp-content\/images\/fra.png\" alt=\"FRA\" width=\"19\" height=\"13\" border=\"0\">&nbsp;Emmeline RAGOT<\/td><td>10.71s<\/td><\/tr><tr><td>6<\/td><td><img loading=\"lazy\" decoding=\"async\" style=\"border: 0pt none; border-width: 0pt;\" src=\"\/fantamtb\/wp-content\/images\/gbr.png\" alt=\"GBR\" width=\"19\" height=\"13\" border=\"0\">&nbsp;Fionn GRIFFITHS<\/td><td>11.90s<\/td><\/tr><tr><td>7<\/td><td><img loading=\"lazy\" decoding=\"async\" style=\"border: 0pt none; border-width: 0pt;\" src=\"\/fantamtb\/wp-content\/images\/nzl.png\" alt=\"NZL\" width=\"19\" height=\"13\" border=\"0\">&nbsp;Vanessa QUIN<\/td><td>13.88s<\/td><\/tr><tr><td>8<\/td><td><img loading=\"lazy\" decoding=\"async\" style=\"border: 0pt none;\" src=\"\/fantamtb\/wp-content\/images\/fra.png\" alt=\"FRA\" width=\"19\" height=\"13\" border=\"0\">&nbsp;C\u00e9line GROS<\/td><td>14.62s<\/td><\/tr><tr><td>9<\/td><td><img loading=\"lazy\" decoding=\"async\" style=\"border: 0pt none; border-width: 0pt;\" src=\"\/fantamtb\/wp-content\/images\/nzl.png\" alt=\"NZL\" width=\"19\" height=\"13\" border=\"0\">&nbsp;Jennifer MAKGILL<\/td><td>15.15s<\/td><\/tr><tr><td>10<\/td><td><img loading=\"lazy\" decoding=\"async\" style=\"border: 0pt none; border-width: 0pt;\" src=\"\/fantamtb\/wp-content\/images\/usa.png\" alt=\"USA\" width=\"19\" height=\"13\" border=\"0\">&nbsp;Kathy PRUITT<\/td><td>17.21s<\/td><\/tr><tr><td>11<\/td><td><img loading=\"lazy\" decoding=\"async\" style=\"border: 0pt none; border-width: 0pt;\" src=\"\/fantamtb\/wp-content\/images\/nzl.png\" alt=\"NZL\" width=\"19\" height=\"13\" border=\"0\">&nbsp;Scarlett HAGEN<\/td><td>19.39s<\/td><\/tr><tr><td>12<\/td><td><img loading=\"lazy\" decoding=\"async\" style=\"border: 0pt none; border-width: 0pt;\" src=\"\/fantamtb\/wp-content\/images\/gbr.png\" alt=\"GBR\" width=\"19\" height=\"13\" border=\"0\">&nbsp;Helen GASKELL<\/td><td>19.56s<\/td><\/tr><tr><td>13<\/td><td><img loading=\"lazy\" decoding=\"async\" style=\"border: 0pt none; border-width: 0pt;\" src=\"\/fantamtb\/wp-content\/images\/can.png\" alt=\"CAN\" width=\"19\" height=\"13\" border=\"0\">&nbsp;Danika SCHROETER<\/td><td>25.72s<\/td><\/tr><tr><td>14<\/td><td><img loading=\"lazy\" decoding=\"async\" style=\"border: 0pt none; border-width: 0pt;\" src=\"\/fantamtb\/wp-content\/images\/nzl.png\" alt=\"NZL\" width=\"19\" height=\"13\" border=\"0\">&nbsp;Amy LAIRD<\/td><td>29.93s<\/td><\/tr><tr><td>15<\/td><td><img loading=\"lazy\" decoding=\"async\" style=\"border: 0pt none; border-width: 0pt;\" src=\"\/fantamtb\/wp-content\/images\/can.png\" alt=\"CAN\" width=\"19\" height=\"13\" border=\"0\">&nbsp;Claire BUCHAR<\/td><td>34.81s<\/td><\/tr><tr><td>16<\/td><td><img loading=\"lazy\" decoding=\"async\" style=\"border: 0pt none; border-width: 0pt;\" src=\"\/fantamtb\/wp-content\/images\/nzl.png\" alt=\"NZL\" width=\"19\" height=\"13\" border=\"0\">&nbsp;Sheryl MACLEOD<\/td><td>35.30s<\/td><\/tr><tr><td>17<\/td><td><img loading=\"lazy\" decoding=\"async\" style=\"border: 0pt none; border-width: 0pt;\" src=\"\/fantamtb\/wp-content\/images\/aus.png\" alt=\"AUS\" width=\"19\" height=\"13\" border=\"0\">&nbsp;Claire WHITEMAN<\/td><td>36.47s<\/td><\/tr><tr><td>18<\/td><td><img loading=\"lazy\" decoding=\"async\" style=\"border: 0pt none; border-width: 0pt;\" src=\"\/fantamtb\/wp-content\/images\/can.png\" alt=\"CAN\" width=\"19\" height=\"13\" border=\"0\">&nbsp;Adrienne MILLER<\/td><td>37.05s<\/td><\/tr><tr><td>19<\/td><td><img loading=\"lazy\" decoding=\"async\" style=\"border: 0pt none; border-width: 0pt;\" src=\"\/fantamtb\/wp-content\/images\/usa.png\" alt=\"USA\" width=\"19\" height=\"13\" border=\"0\">&nbsp;Jacqueline HARMONY<\/td><td>43.82s<\/td><\/tr><tr><td>20<\/td><td><img loading=\"lazy\" decoding=\"async\" style=\"border: 0pt none; border-width: 0pt;\" src=\"\/fantamtb\/wp-content\/images\/nzl.png\" alt=\"NZL\" width=\"19\" height=\"13\" border=\"0\">&nbsp;Lauren CAMPBELL<\/td><td>47.08s<\/td><\/tr><\/tbody><\/table><figcaption class=\"wp-element-caption\"><a target=\"_blank\" href=\"https:\/\/www.365mountainbike.it\/fantamtb\/wp-content\/images\/results\/worlds_dh\/2006_elitew.pdf\" rel=\"noopener\">CLASSIFICHE COMPLETE<\/a><\/figcaption><\/figure>\n\n\n\n<hr class=\"wp-block-separator has-css-opacity\"\/>\n\n\n\n<figure class=\"wp-block-table is-style-stripes\"><table class=\"has-black-color has-text-color\"><tbody><tr><td><span style=\"color: #ff0000;\"><strong><b>JUN M<\/b><\/strong><\/span><\/td><\/tr><tr><td><img loading=\"lazy\" decoding=\"async\" style=\"border: 0pt none;\" src=\"\/fantamtb\/wp-content\/images\/iride.jpg\" alt=\"Campione del Mondo\" width=\"25\" height=\"16\" border=\"0\"><\/td><td><img loading=\"lazy\" decoding=\"async\" width=\"19\" height=\"13\" border=\"0\" style=\"border: 0pt none; border-width: 0pt;\" src=\"\/fantamtb\/wp-content\/images\/aus.png\" alt=\"AUS\">&nbsp;<a href=\"https:\/\/www.365mountainbike.it\/fantamtb\/storia-mtb\/atleti\/cameron-cole\/\">Cam COLE<\/a><\/td><td><strong><b>3:28.29<\/b><\/strong><\/td><\/tr><tr><td><strong>2<\/strong><\/td><td><img loading=\"lazy\" decoding=\"async\" width=\"19\" height=\"13\" border=\"0\" style=\"border: 0pt none; border-width: 0pt;\" src=\"\/fantamtb\/wp-content\/images\/aus.png\" alt=\"AUS\">&nbsp;<a href=\"https:\/\/www.365mountainbike.it\/fantamtb\/storia-mtb\/atleti\/sam-blenkinsop\/\">Sam BLENKINSOP<\/a><\/td><td>1.16s<\/td><\/tr><tr><td><strong>3<\/strong><\/td><td><img loading=\"lazy\" decoding=\"async\" style=\"border: 0pt none;\" src=\"\/fantamtb\/wp-content\/images\/fra.png\" alt=\"FRA\" width=\"19\" height=\"13\" border=\"0\">&nbsp;Antoine BADOUARD<\/td><td>1.55s<\/td><\/tr><tr><td>4<\/td><td><img loading=\"lazy\" decoding=\"async\" style=\"border: 0pt none; border-width: 0pt;\" src=\"\/fantamtb\/wp-content\/images\/gbr.png\" alt=\"GBR\" width=\"19\" height=\"13\" border=\"0\">&nbsp;Ralph JONES<\/td><td>1.85s<\/td><\/tr><tr><td>5<\/td><td><img loading=\"lazy\" decoding=\"async\" style=\"border: 0pt none; border-width: 0pt;\" src=\"\/fantamtb\/wp-content\/images\/aus.png\" alt=\"AUS\" width=\"19\" height=\"13\" border=\"0\">&nbsp;James MALTMAN<\/td><td>7.83s<\/td><\/tr><tr><td>6<\/td><td><img loading=\"lazy\" decoding=\"async\" style=\"border: 0pt none; border-width: 0pt;\" src=\"\/fantamtb\/wp-content\/images\/can.png\" alt=\"CAN\" width=\"19\" height=\"13\" border=\"0\">&nbsp;Steve SMITH<\/td><td>7.93s<\/td><\/tr><tr><td>7<\/td><td><img loading=\"lazy\" decoding=\"async\" style=\"border: 0pt none; border-width: 0pt;\" src=\"\/fantamtb\/wp-content\/images\/aus.png\" alt=\"AUS\" width=\"19\" height=\"13\" border=\"0\">&nbsp;Mitchell DELFS<\/td><td>8.97s<\/td><\/tr><tr><td>8<\/td><td><img loading=\"lazy\" decoding=\"async\" style=\"border: 0pt none; border-width: 0pt;\" src=\"\/fantamtb\/wp-content\/images\/swe.png\" alt=\"SWE\" width=\"19\" height=\"13\" border=\"0\">&nbsp;Robin WALLNER<\/td><td>9.84s<\/td><\/tr><tr><td>9<\/td><td><img loading=\"lazy\" decoding=\"async\" style=\"border: 0pt none; border-width: 0pt;\" src=\"\/fantamtb\/wp-content\/images\/aus.png\" alt=\"AUS\" width=\"19\" height=\"13\" border=\"0\">&nbsp;Ben BELL<\/td><td>11.64s<\/td><\/tr><tr><td>10<\/td><td><img loading=\"lazy\" decoding=\"async\" style=\"border: 0pt none; border-width: 0pt;\" src=\"\/fantamtb\/wp-content\/images\/usa.png\" alt=\"USA\" width=\"19\" height=\"13\" border=\"0\">&nbsp;Andrew PIERCE<\/td><td>11.79s<\/td><\/tr><tr><td>11<\/td><td><img loading=\"lazy\" decoding=\"async\" style=\"border: 0pt none; border-width: 0pt;\" src=\"\/fantamtb\/wp-content\/images\/aus.png\" alt=\"AUS\" width=\"19\" height=\"13\" border=\"0\">&nbsp;Alex SWANN<\/td><td>11.88s<\/td><\/tr><tr><td>11<\/td><td><img loading=\"lazy\" decoding=\"async\" style=\"border: 0pt none; border-width: 0pt;\" src=\"\/fantamtb\/wp-content\/images\/swi.png\" width=\"20\" height=\"13\" alt=\"SWI\" border=\"0\">&nbsp;Lars PEYER<\/td><td>11.88s<\/td><\/tr><tr><td>13<\/td><td><img loading=\"lazy\" decoding=\"async\" style=\"border: 0pt none; border-width: 0pt;\" src=\"\/fantamtb\/wp-content\/images\/usa.png\" alt=\"USA\" width=\"19\" height=\"13\" border=\"0\">&nbsp;Logan BINGGELI<\/td><td>12.76s<\/td><\/tr><tr><td>14<\/td><td><img loading=\"lazy\" decoding=\"async\" style=\"border: 0pt none; border-width: 0pt;\" src=\"\/fantamtb\/wp-content\/images\/ger.png\" alt=\"GER\" width=\"19\" height=\"13\" border=\"0\">&nbsp;Benny STRASSER<\/td><td>14.04s<\/td><\/tr><tr><td>15<\/td><td><img loading=\"lazy\" decoding=\"async\" style=\"border: 0pt none; border-width: 0pt;\" src=\"\/fantamtb\/wp-content\/images\/rsm.png\" alt=\"RSM\" width=\"19\" height=\"13\" border=\"0\">&nbsp;Nicola CASADEI<\/td><td>14.34s<\/td><\/tr><tr><td>16<\/td><td><img loading=\"lazy\" decoding=\"async\" style=\"border: 0pt none; border-width: 0pt;\" src=\"\/fantamtb\/wp-content\/images\/irl.png\" alt=\"IRL\" width=\"22\" height=\"11\" border=\"0\">&nbsp;Daniel WOLFE<\/td><td>14.95s<\/td><\/tr><tr><td>17<\/td><td><img loading=\"lazy\" decoding=\"async\" style=\"border: 0pt none; border-width: 0pt;\" src=\"\/fantamtb\/wp-content\/images\/gbr.png\" alt=\"GBR\" width=\"19\" height=\"13\" border=\"0\">&nbsp;Brendan FAIRCLOUGH<\/td><td>16.25s<\/td><\/tr><tr><td>18<\/td><td><img loading=\"lazy\" decoding=\"async\" style=\"border: 0pt none; border-width: 0pt;\" src=\"\/fantamtb\/wp-content\/images\/usa.png\" alt=\"USA\" width=\"19\" height=\"13\" border=\"0\">&nbsp;Hank CADLE<\/td><td>16.55s<\/td><\/tr><tr><td>19<\/td><td><img loading=\"lazy\" decoding=\"async\" style=\"border: 0pt none; border-width: 0pt;\" src=\"\/fantamtb\/wp-content\/images\/svk.png\" alt=\"SVK\" width=\"19\" height=\"13\" border=\"0\">&nbsp;Nejc RUTAR<\/td><td>16.88s<\/td><\/tr><tr><td>20<\/td><td><img loading=\"lazy\" decoding=\"async\" style=\"border: 0pt none; border-width: 0pt;\" src=\"\/fantamtb\/wp-content\/images\/chi.png\" alt=\"CHI\" width=\"19\" height=\"13\" border=\"0\">&nbsp;Cristian SOTO<\/td><td>18.10s<\/td><\/tr><\/tbody><\/table><figcaption class=\"wp-element-caption\"><a target=\"_blank\" href=\"https:\/\/www.365mountainbike.it\/fantamtb\/wp-content\/images\/results\/worlds_dh\/2006_juniorm.pdf\" rel=\"noopener\">CLASSIFICHE COMPLETE<\/a> <\/figcaption><\/figure>\n\n\n\n<p><\/p>\n\n\n\n<figure id=\"cjuniorf\" class=\"wp-block-table list tablesorter is-style-stripes\"><table class=\"has-black-color has-text-color\"><tbody><tr><td><span style=\"color: #ff0000;\"><strong><b>JUN W<\/b><\/strong><\/span><\/td><\/tr><tr><td><img loading=\"lazy\" decoding=\"async\" style=\"border: 0pt none;\" src=\"\/fantamtb\/wp-content\/images\/iride.jpg\" alt=\"Campione del Mondo\" width=\"25\" height=\"16\" border=\"0\"><\/td><td><img loading=\"lazy\" decoding=\"async\" style=\"border: 0pt none; border-width: 0pt;\" src=\"\/fantamtb\/wp-content\/images\/aus.png\" alt=\"AUS\" width=\"19\" height=\"13\" border=\"0\">&nbsp;<a href=\"https:\/\/www.365mountainbike.it\/fantamtb\/storia-mtb\/atleti\/tracey-hannah\/\">Tracey HANNAH<\/a><\/td><td><strong><b>4:07.07<\/b><\/strong><\/td><\/tr><tr><td><strong>2<\/strong><\/td><td><img loading=\"lazy\" decoding=\"async\" width=\"19\" height=\"13\" border=\"0\" style=\"border: 0pt none;\" src=\"\/fantamtb\/wp-content\/images\/fra.png\" alt=\"FRA\">&nbsp;<a href=\"https:\/\/www.365mountainbike.it\/fantamtb\/storia-mtb\/atleti\/floriane-pugin\/\">Floriane PUGIN<\/a><\/td><td>4.67s<\/td><\/tr><tr><td><strong>3<\/strong><\/td><td><img loading=\"lazy\" decoding=\"async\" style=\"border: 0pt none; border-width: 0pt;\" src=\"\/fantamtb\/wp-content\/images\/can.png\" alt=\"CAN\" width=\"19\" height=\"13\" border=\"0\">&nbsp;Micayla GATTO<\/td><td>33.84s<\/td><\/tr><\/tbody><\/table><figcaption class=\"wp-element-caption\"><a target=\"_blank\" href=\"https:\/\/www.365mountainbike.it\/fantamtb\/wp-content\/images\/results\/worlds_dh\/2006_juniorw.pdf\" rel=\"noopener\">CLASSIFICHE COMPLETE<\/a><\/figcaption><\/figure>\n\n\n\n<hr class=\"wp-block-separator has-css-opacity\"\/>\n\n\n\n<h1 class=\"wp-block-heading\" id=\"h-foto\">FOTO<\/h1>\n\n\n\n<figure class=\"wp-block-gallery has-nested-images columns-default is-cropped wp-block-gallery-1 is-layout-flex wp-block-gallery-is-layout-flex\">\n<figure class=\"wp-block-image size-medium\"><a href=\"https:\/\/www.365mountainbike.it\/fantamtb\/wp-content\/uploads\/2024\/01\/Cameron-Cole-e-Sam-Blenkinsop.jpg\"><picture><source srcset=\"https:\/\/www.365mountainbike.it\/fantamtb\/wp-content\/uploads\/2024\/01\/Cameron-Cole-e-Sam-Blenkinsop-300x214.jpg 300w, https:\/\/www.365mountainbike.it\/fantamtb\/wp-content\/uploads\/2024\/01\/Cameron-Cole-e-Sam-Blenkinsop-768x549.jpg 768w,https:\/\/www.365mountainbike.it\/fantamtb\/wp-content\/uploads\/2024\/01\/Cameron-Cole-e-Sam-Blenkinsop.jpg.webp 1024w\" sizes=\"auto, (max-width: 300px) 100vw, 300px\" type=\"image\/webp\"><img src=\"https:\/\/www.365mountainbike.it\/fantamtb\/wp-content\/uploads\/2024\/01\/Cameron-Cole-e-Sam-Blenkinsop-300x214.jpg\" height=\"214\" width=\"300\" srcset=\"https:\/\/www.365mountainbike.it\/fantamtb\/wp-content\/uploads\/2024\/01\/Cameron-Cole-e-Sam-Blenkinsop-300x214.jpg 300w, https:\/\/www.365mountainbike.it\/fantamtb\/wp-content\/uploads\/2024\/01\/Cameron-Cole-e-Sam-Blenkinsop-768x549.jpg 768w, https:\/\/www.365mountainbike.it\/fantamtb\/wp-content\/uploads\/2024\/01\/Cameron-Cole-e-Sam-Blenkinsop.jpg 1024w\" sizes=\"auto, (max-width: 300px) 100vw, 300px\" class=\"wp-image-22434 sp-no-webp\" alt=\"Cameron Cole e Sam Blenkinsop - Photo by Phil Walter\/Getty Images\" loading=\"lazy\" decoding=\"async\" data-id=\"22434\" style=\"aspect-ratio:1\"  > <\/picture><\/a><figcaption class=\"wp-element-caption\">Cameron Cole e Sam Blenkinsop &#8211; Photo by Phil Walter\/Getty Images<\/figcaption><\/figure>\n\n\n\n<figure class=\"wp-block-image size-medium\"><a href=\"https:\/\/www.365mountainbike.it\/fantamtb\/wp-content\/uploads\/2024\/01\/CAM-COLE-CAMPIONE-DEL-MONDO-JUNIORES-DH-2006-ROTORUA.jpg\"><picture><source srcset=\"https:\/\/www.365mountainbike.it\/fantamtb\/wp-content\/uploads\/2024\/01\/CAM-COLE-CAMPIONE-DEL-MONDO-JUNIORES-DH-2006-ROTORUA-300x201.jpg 300w, https:\/\/www.365mountainbike.it\/fantamtb\/wp-content\/uploads\/2024\/01\/CAM-COLE-CAMPIONE-DEL-MONDO-JUNIORES-DH-2006-ROTORUA-768x515.jpg 768w,https:\/\/www.365mountainbike.it\/fantamtb\/wp-content\/uploads\/2024\/01\/CAM-COLE-CAMPIONE-DEL-MONDO-JUNIORES-DH-2006-ROTORUA.jpg.webp 1024w\" sizes=\"auto, (max-width: 300px) 100vw, 300px\" type=\"image\/webp\"><img src=\"https:\/\/www.365mountainbike.it\/fantamtb\/wp-content\/uploads\/2024\/01\/CAM-COLE-CAMPIONE-DEL-MONDO-JUNIORES-DH-2006-ROTORUA-300x201.jpg\" height=\"201\" width=\"300\" srcset=\"https:\/\/www.365mountainbike.it\/fantamtb\/wp-content\/uploads\/2024\/01\/CAM-COLE-CAMPIONE-DEL-MONDO-JUNIORES-DH-2006-ROTORUA-300x201.jpg 300w, https:\/\/www.365mountainbike.it\/fantamtb\/wp-content\/uploads\/2024\/01\/CAM-COLE-CAMPIONE-DEL-MONDO-JUNIORES-DH-2006-ROTORUA-768x515.jpg 768w, https:\/\/www.365mountainbike.it\/fantamtb\/wp-content\/uploads\/2024\/01\/CAM-COLE-CAMPIONE-DEL-MONDO-JUNIORES-DH-2006-ROTORUA.jpg 1024w\" sizes=\"auto, (max-width: 300px) 100vw, 300px\" class=\"wp-image-22433 sp-no-webp\" alt=\"\u00a9Phil Walter\/Getty Images - CAM COLE CAMPIONE DEL MONDO JUNIORES DH 2006 ROTORUA\" loading=\"lazy\" decoding=\"async\" data-id=\"22433\" style=\"aspect-ratio:1\"  > <\/picture><\/a><figcaption class=\"wp-element-caption\">\u00a9Phil Walter\/Getty Images &#8211; CAM COLE CAMPIONE DEL MONDO JUNIORES DH 2006 ROTORUA<\/figcaption><\/figure>\n\n\n\n<figure class=\"wp-block-image size-medium\"><a href=\"https:\/\/www.365mountainbike.it\/fantamtb\/wp-content\/uploads\/2024\/01\/GEE-ATHERTHON-MONDIALI-2006-ROTORUA-DH-ELITE-MASCHILE.jpg\"><picture><source srcset=\"https:\/\/www.365mountainbike.it\/fantamtb\/wp-content\/uploads\/2024\/01\/GEE-ATHERTHON-MONDIALI-2006-ROTORUA-DH-ELITE-MASCHILE-300x204.jpg 300w, https:\/\/www.365mountainbike.it\/fantamtb\/wp-content\/uploads\/2024\/01\/GEE-ATHERTHON-MONDIALI-2006-ROTORUA-DH-ELITE-MASCHILE-768x522.jpg 768w,https:\/\/www.365mountainbike.it\/fantamtb\/wp-content\/uploads\/2024\/01\/GEE-ATHERTHON-MONDIALI-2006-ROTORUA-DH-ELITE-MASCHILE.jpg.webp 1024w\" sizes=\"auto, (max-width: 300px) 100vw, 300px\" type=\"image\/webp\"><img src=\"https:\/\/www.365mountainbike.it\/fantamtb\/wp-content\/uploads\/2024\/01\/GEE-ATHERTHON-MONDIALI-2006-ROTORUA-DH-ELITE-MASCHILE-300x204.jpg\" height=\"204\" width=\"300\" srcset=\"https:\/\/www.365mountainbike.it\/fantamtb\/wp-content\/uploads\/2024\/01\/GEE-ATHERTHON-MONDIALI-2006-ROTORUA-DH-ELITE-MASCHILE-300x204.jpg 300w, https:\/\/www.365mountainbike.it\/fantamtb\/wp-content\/uploads\/2024\/01\/GEE-ATHERTHON-MONDIALI-2006-ROTORUA-DH-ELITE-MASCHILE-768x522.jpg 768w, https:\/\/www.365mountainbike.it\/fantamtb\/wp-content\/uploads\/2024\/01\/GEE-ATHERTHON-MONDIALI-2006-ROTORUA-DH-ELITE-MASCHILE.jpg 1024w\" sizes=\"auto, (max-width: 300px) 100vw, 300px\" class=\"wp-image-22431 sp-no-webp\" alt=\"\u00a9DEAN TREML\/AFP via Getty Images - GEE ATHERTHON MONDIALI 2006 ROTORUA DH ELITE MASCHILE\" loading=\"lazy\" decoding=\"async\" data-id=\"22431\" style=\"aspect-ratio:1\"  > <\/picture><\/a><figcaption class=\"wp-element-caption\">\u00a9DEAN TREML\/AFP via Getty Images &#8211; GEE ATHERTHON MONDIALI 2006 ROTORUA DH ELITE MASCHILE<\/figcaption><\/figure>\n\n\n\n<figure class=\"wp-block-image size-medium\"><a href=\"https:\/\/www.365mountainbike.it\/fantamtb\/wp-content\/uploads\/2024\/01\/TRACEY-HANNAH-CAMPIONE-DEL-MONDO-JUNIORES-DH-WOMEN-2006-ROTORUA.jpg\"><picture><source srcset=\"https:\/\/www.365mountainbike.it\/fantamtb\/wp-content\/uploads\/2024\/01\/TRACEY-HANNAH-CAMPIONE-DEL-MONDO-JUNIORES-DH-WOMEN-2006-ROTORUA-203x300.jpg 203w,https:\/\/www.365mountainbike.it\/fantamtb\/wp-content\/uploads\/2024\/01\/TRACEY-HANNAH-CAMPIONE-DEL-MONDO-JUNIORES-DH-WOMEN-2006-ROTORUA.jpg.webp 694w\" sizes=\"auto, (max-width: 203px) 100vw, 203px\" type=\"image\/webp\"><img src=\"https:\/\/www.365mountainbike.it\/fantamtb\/wp-content\/uploads\/2024\/01\/TRACEY-HANNAH-CAMPIONE-DEL-MONDO-JUNIORES-DH-WOMEN-2006-ROTORUA-203x300.jpg\" height=\"300\" width=\"203\" srcset=\"https:\/\/www.365mountainbike.it\/fantamtb\/wp-content\/uploads\/2024\/01\/TRACEY-HANNAH-CAMPIONE-DEL-MONDO-JUNIORES-DH-WOMEN-2006-ROTORUA-203x300.jpg 203w, https:\/\/www.365mountainbike.it\/fantamtb\/wp-content\/uploads\/2024\/01\/TRACEY-HANNAH-CAMPIONE-DEL-MONDO-JUNIORES-DH-WOMEN-2006-ROTORUA.jpg 694w\" sizes=\"auto, (max-width: 203px) 100vw, 203px\" class=\"wp-image-22436 sp-no-webp\" alt=\"\u00a9Phil Walter\/Getty Images - TRACEY HANNAH CAMPIONE DEL MONDO JUNIORES DH WOMEN 2006 ROTORUA\" loading=\"lazy\" decoding=\"async\" data-id=\"22436\" style=\"aspect-ratio:1\"  > <\/picture><\/a><figcaption class=\"wp-element-caption\">\u00a9Phil Walter\/Getty Images &#8211; TRACEY HANNAH CAMPIONE DEL MONDO JUNIORES DH WOMEN 2006 ROTORUA<\/figcaption><\/figure>\n\n\n\n<figure class=\"wp-block-image size-medium\"><a href=\"https:\/\/www.365mountainbike.it\/fantamtb\/wp-content\/uploads\/2024\/01\/cARLO-GAMBIRASIO-MONDIALI-2006-ROTORUA-ELITE-MASCHILE.jpg\"><picture><source srcset=\"https:\/\/www.365mountainbike.it\/fantamtb\/wp-content\/uploads\/2024\/01\/cARLO-GAMBIRASIO-MONDIALI-2006-ROTORUA-ELITE-MASCHILE-241x300.jpg 241w, https:\/\/www.365mountainbike.it\/fantamtb\/wp-content\/uploads\/2024\/01\/cARLO-GAMBIRASIO-MONDIALI-2006-ROTORUA-ELITE-MASCHILE-768x958.jpg 768w,https:\/\/www.365mountainbike.it\/fantamtb\/wp-content\/uploads\/2024\/01\/cARLO-GAMBIRASIO-MONDIALI-2006-ROTORUA-ELITE-MASCHILE.jpg.webp 821w\" sizes=\"auto, (max-width: 241px) 100vw, 241px\" type=\"image\/webp\"><img src=\"https:\/\/www.365mountainbike.it\/fantamtb\/wp-content\/uploads\/2024\/01\/cARLO-GAMBIRASIO-MONDIALI-2006-ROTORUA-ELITE-MASCHILE-241x300.jpg\" height=\"300\" width=\"241\" srcset=\"https:\/\/www.365mountainbike.it\/fantamtb\/wp-content\/uploads\/2024\/01\/cARLO-GAMBIRASIO-MONDIALI-2006-ROTORUA-ELITE-MASCHILE-241x300.jpg 241w, https:\/\/www.365mountainbike.it\/fantamtb\/wp-content\/uploads\/2024\/01\/cARLO-GAMBIRASIO-MONDIALI-2006-ROTORUA-ELITE-MASCHILE-768x958.jpg 768w, https:\/\/www.365mountainbike.it\/fantamtb\/wp-content\/uploads\/2024\/01\/cARLO-GAMBIRASIO-MONDIALI-2006-ROTORUA-ELITE-MASCHILE.jpg 821w\" sizes=\"auto, (max-width: 241px) 100vw, 241px\" class=\"wp-image-22430 sp-no-webp\" alt=\"\u00a9DEAN TREML\/AFP via Getty Images - CARLO GAMBIRASIO MONDIALI 2006 ROTORUA ELITE MASCHILE\" loading=\"lazy\" decoding=\"async\" data-id=\"22430\" style=\"aspect-ratio:1\"  > <\/picture><\/a><figcaption class=\"wp-element-caption\">\u00a9DEAN TREML\/AFP via Getty Images &#8211; CARLO GAMBIRASIO MONDIALI 2006 ROTORUA ELITE MASCHILE<\/figcaption><\/figure>\n\n\n\n<figure class=\"wp-block-image size-medium\"><a href=\"https:\/\/www.365mountainbike.it\/fantamtb\/wp-content\/uploads\/2024\/01\/\u00a9Phil-Walter-Getty-Images-SABRINA-JONNIER-VINCE-DH-WOMEN-ELITE-CAMPIONATO-DEL-MONDO-2006.jpg\"><picture><source srcset=\"https:\/\/www.365mountainbike.it\/fantamtb\/wp-content\/uploads\/2024\/01\/\u00a9Phil-Walter-Getty-Images-SABRINA-JONNIER-VINCE-DH-WOMEN-ELITE-CAMPIONATO-DEL-MONDO-2006-229x300.jpg 229w,https:\/\/www.365mountainbike.it\/fantamtb\/wp-content\/uploads\/2024\/01\/\u00a9Phil-Walter-Getty-Images-SABRINA-JONNIER-VINCE-DH-WOMEN-ELITE-CAMPIONATO-DEL-MONDO-2006.jpg.webp 467w\" sizes=\"auto, (max-width: 229px) 100vw, 229px\" type=\"image\/webp\"><img src=\"https:\/\/www.365mountainbike.it\/fantamtb\/wp-content\/uploads\/2024\/01\/\u00a9Phil-Walter-Getty-Images-SABRINA-JONNIER-VINCE-DH-WOMEN-ELITE-CAMPIONATO-DEL-MONDO-2006-229x300.jpg\" height=\"300\" width=\"229\" srcset=\"https:\/\/www.365mountainbike.it\/fantamtb\/wp-content\/uploads\/2024\/01\/\u00a9Phil-Walter-Getty-Images-SABRINA-JONNIER-VINCE-DH-WOMEN-ELITE-CAMPIONATO-DEL-MONDO-2006-229x300.jpg 229w, https:\/\/www.365mountainbike.it\/fantamtb\/wp-content\/uploads\/2024\/01\/\u00a9Phil-Walter-Getty-Images-SABRINA-JONNIER-VINCE-DH-WOMEN-ELITE-CAMPIONATO-DEL-MONDO-2006.jpg 467w\" sizes=\"auto, (max-width: 229px) 100vw, 229px\" class=\"wp-image-22438 sp-no-webp\" alt=\"\u00a9Phil Walter\/Getty Images - SABRINA JONNIER VINCE DH WOMEN ELITE CAMPIONATO DEL MONDO 2006\" loading=\"lazy\" decoding=\"async\" data-id=\"22438\" style=\"aspect-ratio:1\"  > <\/picture><\/a><figcaption class=\"wp-element-caption\">\u00a9Phil Walter\/Getty Images &#8211; SABRINA JONNIER VINCE DH WOMEN ELITE CAMPIONATO DEL MONDO 2006<\/figcaption><\/figure>\n\n\n\n<figure class=\"wp-block-image size-medium\"><a href=\"https:\/\/www.365mountainbike.it\/fantamtb\/wp-content\/uploads\/2024\/01\/\u00a9Phil-Walter-Getty-Images-SAM-HILL-MONDIALI-2006-DH-ELITE-MASCHILE-ROTORUA.jpg\"><picture><source srcset=\"https:\/\/www.365mountainbike.it\/fantamtb\/wp-content\/uploads\/2024\/01\/\u00a9Phil-Walter-Getty-Images-SAM-HILL-MONDIALI-2006-DH-ELITE-MASCHILE-ROTORUA-201x300.jpg 201w,https:\/\/www.365mountainbike.it\/fantamtb\/wp-content\/uploads\/2024\/01\/\u00a9Phil-Walter-Getty-Images-SAM-HILL-MONDIALI-2006-DH-ELITE-MASCHILE-ROTORUA.jpg.webp 411w\" sizes=\"auto, (max-width: 201px) 100vw, 201px\" type=\"image\/webp\"><img src=\"https:\/\/www.365mountainbike.it\/fantamtb\/wp-content\/uploads\/2024\/01\/\u00a9Phil-Walter-Getty-Images-SAM-HILL-MONDIALI-2006-DH-ELITE-MASCHILE-ROTORUA-201x300.jpg\" height=\"300\" width=\"201\" srcset=\"https:\/\/www.365mountainbike.it\/fantamtb\/wp-content\/uploads\/2024\/01\/\u00a9Phil-Walter-Getty-Images-SAM-HILL-MONDIALI-2006-DH-ELITE-MASCHILE-ROTORUA-201x300.jpg 201w, https:\/\/www.365mountainbike.it\/fantamtb\/wp-content\/uploads\/2024\/01\/\u00a9Phil-Walter-Getty-Images-SAM-HILL-MONDIALI-2006-DH-ELITE-MASCHILE-ROTORUA.jpg 411w\" sizes=\"auto, (max-width: 201px) 100vw, 201px\" class=\"wp-image-22440 sp-no-webp\" alt=\"\u00a9Phil Walter\/Getty Images - SAM HILL MONDIALI 2006 DH ELITE MASCHILE ROTORUA\" loading=\"lazy\" decoding=\"async\" data-id=\"22440\" style=\"aspect-ratio:1\"  > <\/picture><\/a><figcaption class=\"wp-element-caption\">\u00a9Phil Walter\/Getty Images &#8211; SAM HILL MONDIALI 2006 DH ELITE MASCHILE ROTORUA<\/figcaption><\/figure>\n\n\n\n<figure class=\"wp-block-image size-medium\"><a href=\"https:\/\/www.365mountainbike.it\/fantamtb\/wp-content\/uploads\/2024\/01\/EDWARD-MASTERS-CAMPIONATO-DEL-MONDO-2006-ROTORUA-DH.jpg\"><picture><source srcset=\"https:\/\/www.365mountainbike.it\/fantamtb\/wp-content\/uploads\/2024\/01\/EDWARD-MASTERS-CAMPIONATO-DEL-MONDO-2006-ROTORUA-DH-229x300.jpg 229w, https:\/\/www.365mountainbike.it\/fantamtb\/wp-content\/uploads\/2024\/01\/EDWARD-MASTERS-CAMPIONATO-DEL-MONDO-2006-ROTORUA-DH-768x1007.jpg 768w,https:\/\/www.365mountainbike.it\/fantamtb\/wp-content\/uploads\/2024\/01\/EDWARD-MASTERS-CAMPIONATO-DEL-MONDO-2006-ROTORUA-DH.jpg.webp 781w\" sizes=\"auto, (max-width: 229px) 100vw, 229px\" type=\"image\/webp\"><img src=\"https:\/\/www.365mountainbike.it\/fantamtb\/wp-content\/uploads\/2024\/01\/EDWARD-MASTERS-CAMPIONATO-DEL-MONDO-2006-ROTORUA-DH-229x300.jpg\" height=\"300\" width=\"229\" srcset=\"https:\/\/www.365mountainbike.it\/fantamtb\/wp-content\/uploads\/2024\/01\/EDWARD-MASTERS-CAMPIONATO-DEL-MONDO-2006-ROTORUA-DH-229x300.jpg 229w, https:\/\/www.365mountainbike.it\/fantamtb\/wp-content\/uploads\/2024\/01\/EDWARD-MASTERS-CAMPIONATO-DEL-MONDO-2006-ROTORUA-DH-768x1007.jpg 768w, https:\/\/www.365mountainbike.it\/fantamtb\/wp-content\/uploads\/2024\/01\/EDWARD-MASTERS-CAMPIONATO-DEL-MONDO-2006-ROTORUA-DH.jpg 781w\" sizes=\"auto, (max-width: 229px) 100vw, 229px\" class=\"wp-image-22432 sp-no-webp\" alt=\"\u00a9Phil Walter\/Getty Images - EDWARD MASTERS CAMPIONATO DEL MONDO 2006 ROTORUA DH\" loading=\"lazy\" decoding=\"async\" data-id=\"22432\" style=\"aspect-ratio:1\"  > <\/picture><\/a><figcaption class=\"wp-element-caption\">\u00a9Phil Walter\/Getty Images &#8211; EDWARD MASTERS CAMPIONATO DEL MONDO 2006 ROTORUA DH<\/figcaption><\/figure>\n<\/figure>\n\n\n\n<h2 class=\"wp-block-heading has-text-align-center has-white-color has-pale-cyan-blue-background-color has-text-color has-background\" id=\"h-compra-foto-www-gettyimages-it\"> COMPRA FOTO -&gt; <a href=\"https:\/\/www.gettyimages.it\/immagine\/rotorua-2006-mountain\" target=\"_blank\" rel=\"noreferrer noopener\">www.gettyimages.it<\/a><\/h2>\n\n\n\n<hr class=\"wp-block-separator has-css-opacity\"\/>\n\n\n\n<h1 class=\"wp-block-heading\" id=\"h-video\">VIDEO<\/h1>\n\n\n\n<figure class=\"wp-block-embed is-type-rich is-provider-handler-delloggetto-incorporato wp-block-embed-handler-delloggetto-incorporato wp-embed-aspect-4-3 wp-has-aspect-ratio\"><div class=\"wp-block-embed__wrapper\">\n<iframe loading=\"lazy\" title=\"4-Cross, Downhill and Trials World Championships Rotorua 2006 (Time Stamps in Description)\" width=\"740\" height=\"555\" src=\"https:\/\/www.youtube.com\/embed\/UKW9Lh_FBuU?feature=oembed\" frameborder=\"0\" allow=\"accelerometer; autoplay; clipboard-write; encrypted-media; gyroscope; picture-in-picture; web-share\" allowfullscreen><\/iframe>\n<\/div><\/figure>\n","protected":false,"gt_translate_keys":[{"key":"rendered","format":"html"}]},"excerpt":{"rendered":"<p>Rotorua &#8211; 22\/27 Agosto. Con il campione mondiale uscente infortunato Fabien Barel, la gara si preannuncia pi\u00f9 che mai combattuta. Il giovane&nbsp;Sam Hill ha molto occhi puntati visto che arriva da un 3\u00b0 posto lo scorso anno. E ha solo 20 anni. I tempi sono molto chiusi ma ci pensa appunto il giovane Hill ha [&hellip;]<\/p>\n","protected":false,"gt_translate_keys":[{"key":"rendered","format":"html"}]},"author":1,"featured_media":22451,"comment_status":"closed","ping_status":"open","sticky":false,"template":"","format":"standard","meta":{"footnotes":""},"categories":[1258],"tags":[141,142,148,137,139,18,144,126,72,140,145,128,146,147],"class_list":["post-2627","post","type-post","status-publish","format-standard","has-post-thumbnail","hentry","category-downhill-dh","tag-antoine-badouard","tag-cameron-cole","tag-floriane-pugin","tag-greg-minnaar","tag-micayla-gatto","tag-mondiali","tag-nathan-rennie","tag-rachel-atherton","tag-rotorua","tag-sabrina-jonnier","tag-sam-blenkinsop","tag-sam-hill","tag-tracey-hannah","tag-tracy-moseley"],"yoast_head":"<!-- This site is optimized with the Yoast SEO plugin v27.5 - https:\/\/yoast.com\/product\/yoast-seo-wordpress\/ -->\n<title>Classifiche Campionati Mondiali DH 2006, Rotorua (NUOVA ZELANDA) | FANTAmtb<\/title>\n<meta name=\"robots\" content=\"index, follow, max-snippet:-1, max-image-preview:large, max-video-preview:-1\" \/>\n<link rel=\"canonical\" href=\"https:\/\/www.365mountainbike.it\/fantamtb\/storia-mtb\/downhill-dh\/campionato-del-mondo-downhill-2006\/\" \/>\n<meta property=\"og:locale\" content=\"it_IT\" \/>\n<meta property=\"og:type\" content=\"article\" \/>\n<meta property=\"og:title\" content=\"Classifiche Campionati Mondiali DH 2006, Rotorua (NUOVA ZELANDA) | FANTAmtb\" \/>\n<meta property=\"og:description\" content=\"Rotorua &#8211; 22\/27 Agosto. Con il campione mondiale uscente infortunato Fabien Barel, la gara si preannuncia pi\u00f9 che mai combattuta. Il giovane&nbsp;Sam Hill ha molto occhi puntati visto che arriva da un 3\u00b0 posto lo scorso anno. E ha solo 20 anni. I tempi sono molto chiusi ma ci pensa appunto il giovane Hill ha [&hellip;]\" \/>\n<meta property=\"og:url\" content=\"https:\/\/www.365mountainbike.it\/fantamtb\/storia-mtb\/downhill-dh\/campionato-del-mondo-downhill-2006\/\" \/>\n<meta property=\"og:site_name\" content=\"FANTAmtb\" \/>\n<meta property=\"article:published_time\" content=\"2011-05-11T07:24:50+00:00\" \/>\n<meta property=\"article:modified_time\" content=\"2026-01-24T16:49:26+00:00\" \/>\n<meta property=\"og:image\" content=\"https:\/\/www.365mountainbike.it\/fantamtb\/wp-content\/uploads\/2024\/01\/sam-hill-rotorua-2006.jpg\" \/>\n\t<meta property=\"og:image:width\" content=\"1024\" \/>\n\t<meta property=\"og:image:height\" content=\"764\" \/>\n\t<meta property=\"og:image:type\" content=\"image\/jpeg\" \/>\n<meta name=\"author\" content=\"FANTAmtb\" \/>\n<meta name=\"twitter:card\" content=\"summary_large_image\" \/>\n<meta name=\"twitter:label1\" content=\"Scritto da\" \/>\n\t<meta name=\"twitter:data1\" content=\"FANTAmtb\" \/>\n\t<meta name=\"twitter:label2\" content=\"Tempo di lettura stimato\" \/>\n\t<meta name=\"twitter:data2\" content=\"22 minuti\" \/>\n<script type=\"application\/ld+json\" class=\"yoast-schema-graph\">{\"@context\":\"https:\\\/\\\/schema.org\",\"@graph\":[{\"@type\":\"Article\",\"@id\":\"https:\\\/\\\/www.365mountainbike.it\\\/fantamtb\\\/storia-mtb\\\/downhill-dh\\\/campionato-del-mondo-downhill-2006\\\/#article\",\"isPartOf\":{\"@id\":\"https:\\\/\\\/www.365mountainbike.it\\\/fantamtb\\\/storia-mtb\\\/downhill-dh\\\/campionato-del-mondo-downhill-2006\\\/\"},\"author\":{\"name\":\"FANTAmtb\",\"@id\":\"https:\\\/\\\/www.365mountainbike.it\\\/fantamtb\\\/#\\\/schema\\\/person\\\/7b4a30b446207c8d00024d9717c3b63b\"},\"headline\":\"Campionati Mondiali DH 2006, Rotorua (NUOVA ZELANDA)\",\"datePublished\":\"2011-05-11T07:24:50+00:00\",\"dateModified\":\"2026-01-24T16:49:26+00:00\",\"mainEntityOfPage\":{\"@id\":\"https:\\\/\\\/www.365mountainbike.it\\\/fantamtb\\\/storia-mtb\\\/downhill-dh\\\/campionato-del-mondo-downhill-2006\\\/\"},\"wordCount\":653,\"image\":{\"@id\":\"https:\\\/\\\/www.365mountainbike.it\\\/fantamtb\\\/storia-mtb\\\/downhill-dh\\\/campionato-del-mondo-downhill-2006\\\/#primaryimage\"},\"thumbnailUrl\":\"https:\\\/\\\/www.365mountainbike.it\\\/fantamtb\\\/wp-content\\\/uploads\\\/2024\\\/01\\\/sam-hill-rotorua-2006.jpg\",\"keywords\":[\"Antoine Badouard\",\"Cameron Cole\",\"Floriane Pugin\",\"Greg Minnaar\",\"Micayla Gatto\",\"Mondiali\",\"Nathan Rennie\",\"Rachel Atherton\",\"Rotorua\",\"Sabrina Jonnier\",\"Sam Blenkinsop\",\"Sam Hill\",\"Tracey Hannah\",\"Tracy Moseley\"],\"articleSection\":[\"Downhill DH\"],\"inLanguage\":\"it-IT\"},{\"@type\":\"WebPage\",\"@id\":\"https:\\\/\\\/www.365mountainbike.it\\\/fantamtb\\\/storia-mtb\\\/downhill-dh\\\/campionato-del-mondo-downhill-2006\\\/\",\"url\":\"https:\\\/\\\/www.365mountainbike.it\\\/fantamtb\\\/storia-mtb\\\/downhill-dh\\\/campionato-del-mondo-downhill-2006\\\/\",\"name\":\"Classifiche Campionati Mondiali DH 2006, Rotorua (NUOVA ZELANDA) | FANTAmtb\",\"isPartOf\":{\"@id\":\"https:\\\/\\\/www.365mountainbike.it\\\/fantamtb\\\/#website\"},\"primaryImageOfPage\":{\"@id\":\"https:\\\/\\\/www.365mountainbike.it\\\/fantamtb\\\/storia-mtb\\\/downhill-dh\\\/campionato-del-mondo-downhill-2006\\\/#primaryimage\"},\"image\":{\"@id\":\"https:\\\/\\\/www.365mountainbike.it\\\/fantamtb\\\/storia-mtb\\\/downhill-dh\\\/campionato-del-mondo-downhill-2006\\\/#primaryimage\"},\"thumbnailUrl\":\"https:\\\/\\\/www.365mountainbike.it\\\/fantamtb\\\/wp-content\\\/uploads\\\/2024\\\/01\\\/sam-hill-rotorua-2006.jpg\",\"datePublished\":\"2011-05-11T07:24:50+00:00\",\"dateModified\":\"2026-01-24T16:49:26+00:00\",\"author\":{\"@id\":\"https:\\\/\\\/www.365mountainbike.it\\\/fantamtb\\\/#\\\/schema\\\/person\\\/7b4a30b446207c8d00024d9717c3b63b\"},\"breadcrumb\":{\"@id\":\"https:\\\/\\\/www.365mountainbike.it\\\/fantamtb\\\/storia-mtb\\\/downhill-dh\\\/campionato-del-mondo-downhill-2006\\\/#breadcrumb\"},\"inLanguage\":\"it-IT\",\"potentialAction\":[{\"@type\":\"ReadAction\",\"target\":[\"https:\\\/\\\/www.365mountainbike.it\\\/fantamtb\\\/storia-mtb\\\/downhill-dh\\\/campionato-del-mondo-downhill-2006\\\/\"]}]},{\"@type\":\"ImageObject\",\"inLanguage\":\"it-IT\",\"@id\":\"https:\\\/\\\/www.365mountainbike.it\\\/fantamtb\\\/storia-mtb\\\/downhill-dh\\\/campionato-del-mondo-downhill-2006\\\/#primaryimage\",\"url\":\"https:\\\/\\\/www.365mountainbike.it\\\/fantamtb\\\/wp-content\\\/uploads\\\/2024\\\/01\\\/sam-hill-rotorua-2006.jpg\",\"contentUrl\":\"https:\\\/\\\/www.365mountainbike.it\\\/fantamtb\\\/wp-content\\\/uploads\\\/2024\\\/01\\\/sam-hill-rotorua-2006.jpg\",\"width\":1024,\"height\":764,\"caption\":\"Sam Hill Rotorua 2006 - (Photo by Phil Walter\\\/Getty Images)\"},{\"@type\":\"BreadcrumbList\",\"@id\":\"https:\\\/\\\/www.365mountainbike.it\\\/fantamtb\\\/storia-mtb\\\/downhill-dh\\\/campionato-del-mondo-downhill-2006\\\/#breadcrumb\",\"itemListElement\":[{\"@type\":\"ListItem\",\"position\":1,\"name\":\"Home\",\"item\":\"https:\\\/\\\/www.365mountainbike.it\\\/fantamtb\\\/\"},{\"@type\":\"ListItem\",\"position\":2,\"name\":\"Storia MTB\",\"item\":\"https:\\\/\\\/www.365mountainbike.it\\\/fantamtb\\\/storia-mtb\\\/\"},{\"@type\":\"ListItem\",\"position\":3,\"name\":\"DH Downhill\",\"item\":\"https:\\\/\\\/www.365mountainbike.it\\\/fantamtb\\\/storia-mtb\\\/downhill-dh\\\/\"},{\"@type\":\"ListItem\",\"position\":4,\"name\":\"Campionati Mondiali DH 2006, Rotorua (NUOVA ZELANDA)\"}]},{\"@type\":\"WebSite\",\"@id\":\"https:\\\/\\\/www.365mountainbike.it\\\/fantamtb\\\/#website\",\"url\":\"https:\\\/\\\/www.365mountainbike.it\\\/fantamtb\\\/\",\"name\":\"FANTAmtb\",\"description\":\"Il FANTAciclismo della Mountain Bike (FANTAcycling)\",\"potentialAction\":[{\"@type\":\"SearchAction\",\"target\":{\"@type\":\"EntryPoint\",\"urlTemplate\":\"https:\\\/\\\/www.365mountainbike.it\\\/fantamtb\\\/?s={search_term_string}\"},\"query-input\":{\"@type\":\"PropertyValueSpecification\",\"valueRequired\":true,\"valueName\":\"search_term_string\"}}],\"inLanguage\":\"it-IT\"},{\"@type\":\"Person\",\"@id\":\"https:\\\/\\\/www.365mountainbike.it\\\/fantamtb\\\/#\\\/schema\\\/person\\\/7b4a30b446207c8d00024d9717c3b63b\",\"name\":\"FANTAmtb\",\"image\":{\"@type\":\"ImageObject\",\"inLanguage\":\"it-IT\",\"@id\":\"\\\/\\\/www.365mountainbike.it\\\/fantamtb\\\/wp-content\\\/uploads\\\/wpforo\\\/avatars\\\/davide_1.png\",\"url\":\"\\\/\\\/www.365mountainbike.it\\\/fantamtb\\\/wp-content\\\/uploads\\\/wpforo\\\/avatars\\\/davide_1.png\",\"contentUrl\":\"\\\/\\\/www.365mountainbike.it\\\/fantamtb\\\/wp-content\\\/uploads\\\/wpforo\\\/avatars\\\/davide_1.png\",\"caption\":\"FANTAmtb\"},\"sameAs\":[\"https:\\\/\\\/www.365mountainbike.it\\\/fantamtb\"],\"url\":\"https:\\\/\\\/www.365mountainbike.it\\\/fantamtb\\\/author\\\/davide\\\/\"}]}<\/script>\n<!-- \/ Yoast SEO plugin. -->","yoast_head_json":{"title":"Classifiche Campionati Mondiali DH 2006, Rotorua (NUOVA ZELANDA) | FANTAmtb","robots":{"index":"index","follow":"follow","max-snippet":"max-snippet:-1","max-image-preview":"max-image-preview:large","max-video-preview":"max-video-preview:-1"},"canonical":"https:\/\/www.365mountainbike.it\/fantamtb\/storia-mtb\/downhill-dh\/campionato-del-mondo-downhill-2006\/","og_locale":"it_IT","og_type":"article","og_title":"Classifiche Campionati Mondiali DH 2006, Rotorua (NUOVA ZELANDA) | FANTAmtb","og_description":"Rotorua &#8211; 22\/27 Agosto. Con il campione mondiale uscente infortunato Fabien Barel, la gara si preannuncia pi\u00f9 che mai combattuta. Il giovane&nbsp;Sam Hill ha molto occhi puntati visto che arriva da un 3\u00b0 posto lo scorso anno. E ha solo 20 anni. I tempi sono molto chiusi ma ci pensa appunto il giovane Hill ha [&hellip;]","og_url":"https:\/\/www.365mountainbike.it\/fantamtb\/storia-mtb\/downhill-dh\/campionato-del-mondo-downhill-2006\/","og_site_name":"FANTAmtb","article_published_time":"2011-05-11T07:24:50+00:00","article_modified_time":"2026-01-24T16:49:26+00:00","og_image":[{"width":1024,"height":764,"url":"https:\/\/www.365mountainbike.it\/fantamtb\/wp-content\/uploads\/2024\/01\/sam-hill-rotorua-2006.jpg","type":"image\/jpeg"}],"author":"FANTAmtb","twitter_card":"summary_large_image","twitter_misc":{"Scritto da":"FANTAmtb","Tempo di lettura stimato":"22 minuti"},"schema":{"@context":"https:\/\/schema.org","@graph":[{"@type":"Article","@id":"https:\/\/www.365mountainbike.it\/fantamtb\/storia-mtb\/downhill-dh\/campionato-del-mondo-downhill-2006\/#article","isPartOf":{"@id":"https:\/\/www.365mountainbike.it\/fantamtb\/storia-mtb\/downhill-dh\/campionato-del-mondo-downhill-2006\/"},"author":{"name":"FANTAmtb","@id":"https:\/\/www.365mountainbike.it\/fantamtb\/#\/schema\/person\/7b4a30b446207c8d00024d9717c3b63b"},"headline":"Campionati Mondiali DH 2006, Rotorua (NUOVA ZELANDA)","datePublished":"2011-05-11T07:24:50+00:00","dateModified":"2026-01-24T16:49:26+00:00","mainEntityOfPage":{"@id":"https:\/\/www.365mountainbike.it\/fantamtb\/storia-mtb\/downhill-dh\/campionato-del-mondo-downhill-2006\/"},"wordCount":653,"image":{"@id":"https:\/\/www.365mountainbike.it\/fantamtb\/storia-mtb\/downhill-dh\/campionato-del-mondo-downhill-2006\/#primaryimage"},"thumbnailUrl":"https:\/\/www.365mountainbike.it\/fantamtb\/wp-content\/uploads\/2024\/01\/sam-hill-rotorua-2006.jpg","keywords":["Antoine Badouard","Cameron Cole","Floriane Pugin","Greg Minnaar","Micayla Gatto","Mondiali","Nathan Rennie","Rachel Atherton","Rotorua","Sabrina Jonnier","Sam Blenkinsop","Sam Hill","Tracey Hannah","Tracy Moseley"],"articleSection":["Downhill DH"],"inLanguage":"it-IT"},{"@type":"WebPage","@id":"https:\/\/www.365mountainbike.it\/fantamtb\/storia-mtb\/downhill-dh\/campionato-del-mondo-downhill-2006\/","url":"https:\/\/www.365mountainbike.it\/fantamtb\/storia-mtb\/downhill-dh\/campionato-del-mondo-downhill-2006\/","name":"Classifiche Campionati Mondiali DH 2006, Rotorua (NUOVA ZELANDA) | FANTAmtb","isPartOf":{"@id":"https:\/\/www.365mountainbike.it\/fantamtb\/#website"},"primaryImageOfPage":{"@id":"https:\/\/www.365mountainbike.it\/fantamtb\/storia-mtb\/downhill-dh\/campionato-del-mondo-downhill-2006\/#primaryimage"},"image":{"@id":"https:\/\/www.365mountainbike.it\/fantamtb\/storia-mtb\/downhill-dh\/campionato-del-mondo-downhill-2006\/#primaryimage"},"thumbnailUrl":"https:\/\/www.365mountainbike.it\/fantamtb\/wp-content\/uploads\/2024\/01\/sam-hill-rotorua-2006.jpg","datePublished":"2011-05-11T07:24:50+00:00","dateModified":"2026-01-24T16:49:26+00:00","author":{"@id":"https:\/\/www.365mountainbike.it\/fantamtb\/#\/schema\/person\/7b4a30b446207c8d00024d9717c3b63b"},"breadcrumb":{"@id":"https:\/\/www.365mountainbike.it\/fantamtb\/storia-mtb\/downhill-dh\/campionato-del-mondo-downhill-2006\/#breadcrumb"},"inLanguage":"it-IT","potentialAction":[{"@type":"ReadAction","target":["https:\/\/www.365mountainbike.it\/fantamtb\/storia-mtb\/downhill-dh\/campionato-del-mondo-downhill-2006\/"]}]},{"@type":"ImageObject","inLanguage":"it-IT","@id":"https:\/\/www.365mountainbike.it\/fantamtb\/storia-mtb\/downhill-dh\/campionato-del-mondo-downhill-2006\/#primaryimage","url":"https:\/\/www.365mountainbike.it\/fantamtb\/wp-content\/uploads\/2024\/01\/sam-hill-rotorua-2006.jpg","contentUrl":"https:\/\/www.365mountainbike.it\/fantamtb\/wp-content\/uploads\/2024\/01\/sam-hill-rotorua-2006.jpg","width":1024,"height":764,"caption":"Sam Hill Rotorua 2006 - (Photo by Phil Walter\/Getty Images)"},{"@type":"BreadcrumbList","@id":"https:\/\/www.365mountainbike.it\/fantamtb\/storia-mtb\/downhill-dh\/campionato-del-mondo-downhill-2006\/#breadcrumb","itemListElement":[{"@type":"ListItem","position":1,"name":"Home","item":"https:\/\/www.365mountainbike.it\/fantamtb\/"},{"@type":"ListItem","position":2,"name":"Storia MTB","item":"https:\/\/www.365mountainbike.it\/fantamtb\/storia-mtb\/"},{"@type":"ListItem","position":3,"name":"DH Downhill","item":"https:\/\/www.365mountainbike.it\/fantamtb\/storia-mtb\/downhill-dh\/"},{"@type":"ListItem","position":4,"name":"Campionati Mondiali DH 2006, Rotorua (NUOVA ZELANDA)"}]},{"@type":"WebSite","@id":"https:\/\/www.365mountainbike.it\/fantamtb\/#website","url":"https:\/\/www.365mountainbike.it\/fantamtb\/","name":"FANTAmtb","description":"Il FANTAciclismo della Mountain Bike (FANTAcycling)","potentialAction":[{"@type":"SearchAction","target":{"@type":"EntryPoint","urlTemplate":"https:\/\/www.365mountainbike.it\/fantamtb\/?s={search_term_string}"},"query-input":{"@type":"PropertyValueSpecification","valueRequired":true,"valueName":"search_term_string"}}],"inLanguage":"it-IT"},{"@type":"Person","@id":"https:\/\/www.365mountainbike.it\/fantamtb\/#\/schema\/person\/7b4a30b446207c8d00024d9717c3b63b","name":"FANTAmtb","image":{"@type":"ImageObject","inLanguage":"it-IT","@id":"\/\/www.365mountainbike.it\/fantamtb\/wp-content\/uploads\/wpforo\/avatars\/davide_1.png","url":"\/\/www.365mountainbike.it\/fantamtb\/wp-content\/uploads\/wpforo\/avatars\/davide_1.png","contentUrl":"\/\/www.365mountainbike.it\/fantamtb\/wp-content\/uploads\/wpforo\/avatars\/davide_1.png","caption":"FANTAmtb"},"sameAs":["https:\/\/www.365mountainbike.it\/fantamtb"],"url":"https:\/\/www.365mountainbike.it\/fantamtb\/author\/davide\/"}]}},"gt_translate_keys":[{"key":"link","format":"url"}],"_links":{"self":[{"href":"https:\/\/www.365mountainbike.it\/fantamtb\/wp-json\/wp\/v2\/posts\/2627","targetHints":{"allow":["GET"]}}],"collection":[{"href":"https:\/\/www.365mountainbike.it\/fantamtb\/wp-json\/wp\/v2\/posts"}],"about":[{"href":"https:\/\/www.365mountainbike.it\/fantamtb\/wp-json\/wp\/v2\/types\/post"}],"author":[{"embeddable":true,"href":"https:\/\/www.365mountainbike.it\/fantamtb\/wp-json\/wp\/v2\/users\/1"}],"replies":[{"embeddable":true,"href":"https:\/\/www.365mountainbike.it\/fantamtb\/wp-json\/wp\/v2\/comments?post=2627"}],"version-history":[{"count":6,"href":"https:\/\/www.365mountainbike.it\/fantamtb\/wp-json\/wp\/v2\/posts\/2627\/revisions"}],"predecessor-version":[{"id":25405,"href":"https:\/\/www.365mountainbike.it\/fantamtb\/wp-json\/wp\/v2\/posts\/2627\/revisions\/25405"}],"wp:featuredmedia":[{"embeddable":true,"href":"https:\/\/www.365mountainbike.it\/fantamtb\/wp-json\/wp\/v2\/media\/22451"}],"wp:attachment":[{"href":"https:\/\/www.365mountainbike.it\/fantamtb\/wp-json\/wp\/v2\/media?parent=2627"}],"wp:term":[{"taxonomy":"category","embeddable":true,"href":"https:\/\/www.365mountainbike.it\/fantamtb\/wp-json\/wp\/v2\/categories?post=2627"},{"taxonomy":"post_tag","embeddable":true,"href":"https:\/\/www.365mountainbike.it\/fantamtb\/wp-json\/wp\/v2\/tags?post=2627"}],"curies":[{"name":"wp","href":"https:\/\/api.w.org\/{rel}","templated":true}]}}