{"id":2624,"date":"2011-05-12T13:02:22","date_gmt":"2011-05-12T11:02:22","guid":{"rendered":"\/database\/gare-downhill\/campionato-del-mondo-downhill-2003\/"},"modified":"2026-01-24T16:37:13","modified_gmt":"2026-01-24T16:37:13","slug":"campionato-del-mondo-downhill-2003","status":"publish","type":"post","link":"https:\/\/www.365mountainbike.it\/fantamtb\/storia-mtb\/downhill-dh\/campionato-del-mondo-downhill-2003\/","title":{"rendered":"Campionati Mondiali DH 2003, Lugano (SVIZZERA)","gt_translate_keys":[{"key":"rendered","format":"text"}]},"content":{"rendered":"\n<p><strong>Lugano 1\/7 Settembre &#8211; Greg Minnaar<\/strong>, dopo il 3\u00b0 posto l&#8217;anno scorso, si laurea Campione del Mondo DH, primo Sudafricano nella storia. Assenza pesante quella del campione in carica&nbsp;<strong>Nico Vouilloz <\/strong>che abbandona il circus della Downhill dopo 10 titoli iridati per trovare nuovi stimoli nel Rally partecipando al campionato mondiale WRC a bordo di una Peugeot 206.&nbsp;Minnaar mette dietro i 2 Francesi&nbsp;<strong>Fabien Barel&nbsp;<\/strong>e&nbsp;<strong>Mickael Pascal<\/strong>, all&#8217;ennessimo podio mondiale e all&#8217;ennesima opportunit\u00e0 sfumata di indossare la maglia iridata.<\/p>\n\n\n\n<p>\u201c<em>La corsa era adatta a me<\/em>\u201d, spiega Minnaar,\u201c<em>gi\u00e0 dalle qualifiche mi trovavo molto bene e oggi \u00e8 andato tutto per il verso giusto<\/em>\u201d. Minnaar ha lavorato duro con <strong>Stephane Girard<\/strong>, l&#8217;uomo che ha seguito Vouilloz in 6 dei suoi 7 titoli Elite. Sicuramente uno dei coach pi\u00f9 preparati e carismatici del circuito DH oltre a uno dei pi\u00f9 vittorioso visto che lasciato Vouilloz vince gi\u00e0 il titolo mondiale con Minnaar.&nbsp;<\/p>\n\n\n\n<p>\u201c<em>Non lascia nulla al caso, \u00e8 molto metodico<\/em>\u201d riferisce Minnaar, \u201c<em>Noi lavoriamo duramente nel weekend sulla scelte delle linee e sulla strategia<\/em>\u201d. Aggiunge&nbsp;Girard: \u201c<em>Non avevo nessun dubbio riguardo le qualit\u00e0 di Greg, ma ho dovuto lavorare sulla parte mentale. Questo gli far\u00e0 fare il salto di qualit\u00e0<\/em>\u201d.<\/p>\n\n\n\n<p>\u201c<em>Ho avuto un piccolo crash nel bosco<\/em>&#8220;, lamenta&nbsp;<strong>Peat<\/strong>, \u201c<em>un grave errore che mi ha fatto perdere velocit\u00e0<\/em>\u201d.<\/p>\n\n\n\n<p>Terzo posto per uno &#8220;sfortunato&#8221;&nbsp;<strong>Mickael Pascal<\/strong>, il quale non riesce, da svariati anni, ha trovare la giornata giusta per laurearsi campione del mondo Elite, maglia che aveva conquistato nel 1997 tra gli Junior. Mai uscito dai 10 negli ultimi 6 anni e ben 4&nbsp;volte a podio.<\/p>\n\n\n\n<p>In campo femminile, oramai le avversarie della Chausson stanno pensando di provare ad emergere in altri sport vista la superiorit\u00e0 della francese: vince il suo 11\u00b0 titolo consecutivo in DH (comprese le categorie giovanili) portando a 14 i titoli mondiali conquistati se comprendiamo Dual Slalom e 4X. Infatti anche in questa rassegna iridata la Francese si \u00e8 cimentata anche nel 4X conquistando la vittoria davanti a<strong>&nbsp;Sabrina Jonnier <\/strong>(FRA, seconda anche in DH) e<strong>&nbsp;Jill Kintner<\/strong>&nbsp;(USA).<\/p>\n\n\n\n<p>Tra gli juniores, <strong>Sam Hill<\/strong> che si riconferma campione del Mondo Junior seguendo le orme della connazionale&nbsp;Lisa Mathison, anche lei in grado di bissare il successo nella gara Cross Country.&nbsp;Dietro di lui il Britannico&nbsp;<strong>Gee Atherton&nbsp;<\/strong>e terzo il Francese <strong>Cyrille Kurtz<\/strong>. \u201c<em>Non penso di vincere<\/em>\u201d, ha riferito subito dopo l&#8217;arrivo Hill,\u201c<em>Sono caduto ed ho perso tempo. Ho perso il pedale ed ho perso circa 5 secondi<\/em>\u201d&#8230; alla fine Hill distanza Atherton di 11 secondi! Tra le donne dominio di&nbsp;<strong>Emmeline Ragot.<\/strong><\/p>\n\n\n\n<p><\/p>\n\n\n\n<figure class=\"wp-block-table is-style-stripes\"><table class=\"has-black-color has-text-color\"><tbody><tr><td><span style=\"color: #ff0000;\"><b>EL M<\/b><\/span><\/td><\/tr><tr><td><img loading=\"lazy\" decoding=\"async\" style=\"border: 0pt none;\" src=\"\/fantamtb\/wp-content\/images\/iride.jpg\" alt=\"Campione del Mondo\" width=\"25\" height=\"16\" border=\"0\"><\/td><td><img loading=\"lazy\" decoding=\"async\" style=\"border: 0pt none; border-width: 0pt;\" src=\"\/fantamtb\/wp-content\/images\/rsa.png\" alt=\"RSA\" width=\"19\" height=\"13\" border=\"0\">&nbsp;<a href=\"https:\/\/www.365mountainbike.it\/fantamtb\/storia-mtb\/atleti\/greg-minnaar\/\">Greg MINNAAR<\/a><\/td><td><strong><b>4:37.78<\/b><\/strong><\/td><\/tr><tr><td><strong>2<\/strong><\/td><td><img loading=\"lazy\" decoding=\"async\" style=\"border: 0pt none;\" src=\"\/fantamtb\/wp-content\/images\/fra.png\" alt=\"FRA\" width=\"19\" height=\"13\" border=\"0\">&nbsp;<a href=\"https:\/\/www.365mountainbike.it\/fantamtb\/storia-mtb\/atleti\/mickael-pascal\/\">Mickael PASCAL<\/a><\/td><td><strong>0.92s<\/strong><\/td><\/tr><tr><td><strong>3<\/strong><\/td><td><img loading=\"lazy\" decoding=\"async\" style=\"border: 0pt none;\" src=\"\/fantamtb\/wp-content\/images\/fra.png\" alt=\"FRA\" width=\"19\" height=\"13\" border=\"0\">&nbsp;<a href=\"https:\/\/www.365mountainbike.it\/fantamtb\/storia-mtb\/atleti\/fabien-barel\/\">Fabien BAREL<\/a><\/td><td><strong>1.33s<\/strong><\/td><\/tr><tr><td>4<\/td><td><img loading=\"lazy\" decoding=\"async\" style=\"border: 0pt none; border-width: 0pt;\" src=\"\/fantamtb\/wp-content\/images\/gbr.png\" alt=\"GBR\" width=\"19\" height=\"13\" border=\"0\">&nbsp;Steve PEAT<\/td><td>2.37s<\/td><\/tr><tr><td>5<\/td><td><img loading=\"lazy\" decoding=\"async\" style=\"border: 0pt none; border-width: 0pt;\" src=\"\/fantamtb\/wp-content\/images\/aus.png\" alt=\"AUS\" width=\"19\" height=\"13\" border=\"0\">&nbsp;Chris KOVARIK<\/td><td>4.51s<\/td><\/tr><tr><td>6<\/td><td><img loading=\"lazy\" decoding=\"async\" style=\"border: 0pt none; border-width: 0pt;\" src=\"\/fantamtb\/wp-content\/images\/aus.png\" alt=\"AUS\" width=\"19\" height=\"13\" border=\"0\">&nbsp;Joel PANOZZO<\/td><td>6.61s<\/td><\/tr><tr><td>7<\/td><td><img loading=\"lazy\" decoding=\"async\" style=\"border: 0pt none; border-width: 0pt;\" src=\"\/fantamtb\/wp-content\/images\/esp.png\" alt=\"ESP\" width=\"20\" height=\"16\" border=\"0\">&nbsp;David VAZQUEZ LOPEZ<\/td><td>7.46s<\/td><\/tr><tr><td>8<\/td><td><img loading=\"lazy\" decoding=\"async\" style=\"border: 0pt none;\" src=\"\/fantamtb\/wp-content\/images\/fra.png\" alt=\"FRA\" width=\"19\" height=\"13\" border=\"0\">&nbsp;C\u00e9dric GRACIA<\/td><td>8.48s<\/td><\/tr><tr><td>9<\/td><td><img loading=\"lazy\" decoding=\"async\" style=\"border: 0pt none;\" src=\"\/fantamtb\/wp-content\/images\/fra.png\" alt=\"FRA\" width=\"19\" height=\"13\" border=\"0\">&nbsp;Julien CAMELLINI<\/td><td>10.05s<\/td><\/tr><tr><td>10<\/td><td><img loading=\"lazy\" decoding=\"async\" style=\"border: 0pt none; border-width: 0pt;\" src=\"\/fantamtb\/wp-content\/images\/aus.png\" alt=\"AUS\" width=\"19\" height=\"13\" border=\"0\">&nbsp;Michael HANNAH<\/td><td>10.20s<\/td><\/tr><tr><td>11<\/td><td><img loading=\"lazy\" decoding=\"async\" style=\"border: 0pt none; border-width: 0pt;\" src=\"\/fantamtb\/wp-content\/images\/gbr.png\" alt=\"GBR\" width=\"19\" height=\"13\" border=\"0\">&nbsp;Will LONGDEN<\/td><td>12.53s<\/td><\/tr><tr><td>12<\/td><td><img loading=\"lazy\" decoding=\"async\" style=\"border: 0pt none; border-width: 0pt;\" src=\"\/fantamtb\/wp-content\/images\/aus.png\" alt=\"AUS\" width=\"19\" height=\"13\" border=\"0\">&nbsp;Nathan RENNIE<\/td><td>13.60s<\/td><\/tr><tr><td>13<\/td><td><img loading=\"lazy\" decoding=\"async\" style=\"border: 0pt none; border-width: 0pt;\" src=\"\/fantamtb\/wp-content\/images\/usa.png\" alt=\"USA\" width=\"19\" height=\"13\" border=\"0\">&nbsp;Shaums MARCH<\/td><td>13.93s<\/td><\/tr><tr><td>14<\/td><td><img loading=\"lazy\" decoding=\"async\" style=\"border: 0pt none; border-width: 0pt;\" src=\"\/fantamtb\/wp-content\/images\/esp.png\" alt=\"ESP\" width=\"20\" height=\"16\" border=\"0\">&nbsp;Bernat GU\u00c0RDIA PASCUAL<\/td><td>15.50s<\/td><\/tr><tr><td>15<\/td><td><img loading=\"lazy\" decoding=\"async\" style=\"border: 0pt none;\" src=\"\/fantamtb\/wp-content\/images\/swi.png\" width=\"20\" height=\"13\" alt=\"SWI\" border=\"0\">&nbsp;Claudio CALUORI<\/td><td>15.95s<\/td><\/tr><tr><td>16<\/td><td><img loading=\"lazy\" decoding=\"async\" style=\"border: 0pt none;\" src=\"\/fantamtb\/wp-content\/images\/fra.png\" alt=\"FRA\" width=\"19\" height=\"13\" border=\"0\">&nbsp;Vincent SAUT<\/td><td>16.07s<\/td><\/tr><tr><td>17<\/td><td><img loading=\"lazy\" decoding=\"async\" style=\"border: 0pt none; border-width: 0pt;\" src=\"\/fantamtb\/wp-content\/images\/esp.png\" alt=\"ESP\" width=\"20\" height=\"16\" border=\"0\">&nbsp;Pasqual CANALS FLIX<\/td><td>16.25s<\/td><\/tr><tr><td>18<\/td><td><img loading=\"lazy\" decoding=\"async\" style=\"border: 0pt none; border-width: 0pt;\" src=\"\/fantamtb\/wp-content\/images\/bel.png\" alt=\"BEL\" width=\"20\" height=\"16\" border=\"0\">&nbsp;Nico VINK<\/td><td>16.34s<\/td><\/tr><tr><td>19<\/td><td><img loading=\"lazy\" decoding=\"async\" style=\"border: 0pt none;\" src=\"\/fantamtb\/wp-content\/images\/swi.png\" width=\"20\" height=\"13\" alt=\"SWI\" border=\"0\">&nbsp;Damien MERMOUD<\/td><td>17.56s<\/td><\/tr><tr><td>20<\/td><td><img loading=\"lazy\" decoding=\"async\" style=\"border: 0pt none; border-width: 0pt;\" src=\"\/fantamtb\/wp-content\/images\/aus.png\" alt=\"AUS\" width=\"19\" height=\"13\" border=\"0\">&nbsp;Jared RANDO<\/td><td>18.35s<\/td><\/tr><tr><td>21<\/td><td><img loading=\"lazy\" decoding=\"async\" style=\"border: 0pt none; border-width: 0pt;\" src=\"\/fantamtb\/wp-content\/images\/esp.png\" alt=\"ESP\" width=\"20\" height=\"16\" border=\"0\">&nbsp;Tomas MISSER VILASECA<\/td><td>18.63s<\/td><\/tr><tr><td>22<\/td><td><img loading=\"lazy\" decoding=\"async\" style=\"border: 0pt none;\" src=\"\/fantamtb\/wp-content\/images\/fra.png\" alt=\"FRA\" width=\"19\" height=\"13\" border=\"0\">&nbsp;Julien POOMANS<\/td><td>19.06s<\/td><\/tr><tr><td>23<\/td><td><img loading=\"lazy\" decoding=\"async\" style=\"border: 0pt none;\" src=\"\/fantamtb\/wp-content\/images\/fra.png\" alt=\"FRA\" width=\"19\" height=\"13\" border=\"0\">&nbsp;Mickael DELDYCKE<\/td><td>20.10s<\/td><\/tr><tr><td>24<\/td><td><img loading=\"lazy\" decoding=\"async\" style=\"border: 0pt none; border-width: 0pt;\" src=\"\/fantamtb\/wp-content\/images\/ita.png\" alt=\"ITA\" width=\"19\" height=\"13\" border=\"0\">&nbsp;Bruno ZANCHI<\/td><td>20.30s<\/td><\/tr><tr><td>25<\/td><td><img loading=\"lazy\" decoding=\"async\" style=\"border: 0pt none; border-width: 0pt;\" src=\"\/fantamtb\/wp-content\/images\/gbr.png\" alt=\"GBR\" width=\"19\" height=\"13\" border=\"0\">&nbsp;Dan ATHERTON<\/td><td>20.71s<\/td><\/tr><tr><td>26<\/td><td><img loading=\"lazy\" decoding=\"async\" style=\"border: 0pt none; border-width: 0pt;\" src=\"\/fantamtb\/wp-content\/images\/nzl.png\" alt=\"NZL\" width=\"19\" height=\"13\" border=\"0\">&nbsp;Justin LEOV<\/td><td>20.83s<\/td><\/tr><tr><td>27<\/td><td><img loading=\"lazy\" decoding=\"async\" style=\"border: 0pt none;\" src=\"\/fantamtb\/wp-content\/images\/swi.png\" width=\"20\" height=\"13\" alt=\"SWI\" border=\"0\">&nbsp;Rene WILDHABER<\/td><td>20.85s<\/td><\/tr><tr><td>28<\/td><td><img loading=\"lazy\" decoding=\"async\" style=\"border: 0pt none; border-width: 0pt;\" src=\"\/fantamtb\/wp-content\/images\/rsa.png\" alt=\"RSA\" width=\"19\" height=\"13\" border=\"0\">&nbsp;Andrew NEETHLING<\/td><td>20.88s<\/td><\/tr><tr><td>29<\/td><td><img loading=\"lazy\" decoding=\"async\" style=\"border: 0pt none; border-width: 0pt;\" src=\"\/fantamtb\/wp-content\/images\/usa.png\" alt=\"USA\" width=\"19\" height=\"13\" border=\"0\">&nbsp;David KLAASSEN VAN OORSCHOT<\/td><td>22.37s<\/td><\/tr><tr><td>30<\/td><td><img loading=\"lazy\" decoding=\"async\" style=\"border: 0pt none; border-width: 0pt;\" src=\"\/fantamtb\/wp-content\/images\/gbr.png\" alt=\"GBR\" width=\"19\" height=\"13\" border=\"0\">&nbsp;Kris HARGREAVES<\/td><td>23.21s<\/td><\/tr><\/tbody><\/table><figcaption class=\"wp-element-caption\"><a target=\"_blank\" href=\"https:\/\/www.365mountainbike.it\/fantamtb\/wp-content\/images\/results\/worlds_dh\/2003_elitem.pdf\" rel=\"noopener\">CLASSIFICHE COMPLETE<\/a><\/figcaption><\/figure>\n\n\n\n<p><\/p>\n\n\n\n<figure class=\"wp-block-table is-style-stripes\"><table class=\"has-black-color has-text-color\"><tbody><tr><td><span style=\"color: #ff0000;\"><b>EL W<\/b><\/span><\/td><\/tr><tr><td><img loading=\"lazy\" decoding=\"async\" style=\"border: 0pt none;\" src=\"\/fantamtb\/wp-content\/images\/iride.jpg\" alt=\"Campione del Mondo\" width=\"25\" height=\"16\" border=\"0\"><\/td><td><img loading=\"lazy\" decoding=\"async\" style=\"border: 0pt none;\" src=\"\/fantamtb\/wp-content\/images\/fra.png\" alt=\"FRA\" width=\"19\" height=\"13\" border=\"0\">&nbsp;<a href=\"https:\/\/www.365mountainbike.it\/fantamtb\/storia-mtb\/atleti\/anne-caroline-chausson\/\">Anne Caroline CHAUSSON<\/a><\/td><td><strong><b>5:10.23<\/b><\/strong><\/td><\/tr><tr><td><strong>2<\/strong><\/td><td><img loading=\"lazy\" decoding=\"async\" style=\"border: 0pt none;\" src=\"\/fantamtb\/wp-content\/images\/fra.png\" alt=\"FRA\" width=\"19\" height=\"13\" border=\"0\">&nbsp;<a href=\"https:\/\/www.365mountainbike.it\/fantamtb\/storia-mtb\/atleti\/sabrina-jonnier\/\">Sabrina JONNIER<\/a><\/td><td><strong>12.41s<\/strong><\/td><\/tr><tr><td><strong>3<\/strong><\/td><td><img loading=\"lazy\" decoding=\"async\" style=\"border: 0pt none;\" src=\"\/fantamtb\/wp-content\/images\/fra.png\" alt=\"FRA\" width=\"19\" height=\"13\" border=\"0\">&nbsp;<a href=\"https:\/\/www.365mountainbike.it\/fantamtb\/storia-mtb\/atleti\/nolvenn-le-caer\/\">Nolvenn LE CAER<\/a><\/td><td><strong>17.46s<\/strong><\/td><\/tr><tr><td>4<\/td><td><img loading=\"lazy\" decoding=\"async\" style=\"border: 0pt none; border-width: 0pt;\" src=\"\/fantamtb\/wp-content\/images\/gbr.png\" alt=\"GBR\" width=\"19\" height=\"13\" border=\"0\">&nbsp;Tracy MOSELEY<\/td><td>23.08s<\/td><\/tr><tr><td>5<\/td><td><img loading=\"lazy\" decoding=\"async\" style=\"border: 0pt none; border-width: 0pt;\" src=\"\/fantamtb\/wp-content\/images\/gbr.png\" alt=\"GBR\" width=\"19\" height=\"13\" border=\"0\">&nbsp;Fionn GRIFFITHS<\/td><td>24.83s<\/td><\/tr><tr><td>6<\/td><td><img loading=\"lazy\" decoding=\"async\" style=\"border: 0pt none; border-width: 0pt;\" src=\"\/fantamtb\/wp-content\/images\/usa.png\" alt=\"USA\" width=\"19\" height=\"13\" border=\"0\">&nbsp;Kathy PRUITT<\/td><td>25.42s<\/td><\/tr><tr><td>7<\/td><td><img loading=\"lazy\" decoding=\"async\" style=\"border: 0pt none; border-width: 0pt;\" src=\"\/fantamtb\/wp-content\/images\/jap.png\" alt=\"JPN\" width=\"19\" height=\"13\" border=\"0\">&nbsp;Mio SUEMASA<\/td><td>26.58s<\/td><\/tr><tr><td>8<\/td><td><img loading=\"lazy\" decoding=\"async\" style=\"border: 0pt none; border-width: 0pt;\" src=\"\/fantamtb\/wp-content\/images\/usa.png\" alt=\"USA\" width=\"19\" height=\"13\" border=\"0\">&nbsp;Marla STREB<\/td><td>26.85s<\/td><\/tr><tr><td>9<\/td><td><img loading=\"lazy\" decoding=\"async\" style=\"border: 0pt none; border-width: 0pt;\" src=\"\/fantamtb\/wp-content\/images\/nze.png\" alt=\"NZE\" width=\"19\" height=\"13\" border=\"0\">&nbsp;Vanessa QUIN<\/td><td>27.11s<\/td><\/tr><tr><td>10<\/td><td><img loading=\"lazy\" decoding=\"async\" style=\"border: 0pt none; border-width: 0pt;\" src=\"\/fantamtb\/wp-content\/images\/swi.png\" width=\"20\" height=\"13\" alt=\"SWI\" border=\"0\">&nbsp;Arnelie TH\u00c9VOZ<\/td><td>32.17s<\/td><\/tr><tr><td>11<\/td><td><img loading=\"lazy\" decoding=\"async\" style=\"border: 0pt none; border-width: 0pt;\" src=\"\/fantamtb\/wp-content\/images\/swi.png\" width=\"20\" height=\"13\" alt=\"SWI\" border=\"0\">&nbsp;Marielle SANER<\/td><td>37.34s<\/td><\/tr><tr><td>12<\/td><td><img loading=\"lazy\" decoding=\"async\" style=\"border: 0pt none; border-width: 0pt;\" src=\"\/fantamtb\/wp-content\/images\/usa.png\" alt=\"USA\" width=\"19\" height=\"13\" border=\"0\">&nbsp;April LAWYER<\/td><td>38.67s<\/td><\/tr><tr><td>13<\/td><td><img loading=\"lazy\" decoding=\"async\" style=\"border: 0pt none; border-width: 0pt;\" src=\"\/fantamtb\/wp-content\/images\/esp.png\" alt=\"ESP\" width=\"20\" height=\"16\" border=\"0\">&nbsp;Miriam BLAS OTONDO<\/td><td>43.72s<\/td><\/tr><tr><td>14<\/td><td><img loading=\"lazy\" decoding=\"async\" style=\"border: 0pt none; border-width: 0pt;\" src=\"\/fantamtb\/wp-content\/images\/can.png\" alt=\"CAN\" width=\"19\" height=\"13\" border=\"0\">&nbsp;Danika SCHROETER<\/td><td>54.04s<\/td><\/tr><tr><td>15<\/td><td><img loading=\"lazy\" decoding=\"async\" style=\"border: 0pt none; border-width: 0pt;\" src=\"\/fantamtb\/wp-content\/images\/aut.png\" alt=\"AUT\" width=\"19\" height=\"13\" border=\"0\">&nbsp;Anita MOLCIK<\/td><td>56.24s<\/td><\/tr><tr><td>16<\/td><td><img loading=\"lazy\" decoding=\"async\" style=\"border: 0pt none; border-width: 0pt;\" src=\"\/fantamtb\/wp-content\/images\/aut.png\" alt=\"AUT\" width=\"19\" height=\"13\" border=\"0\">&nbsp;Petra BERNHARD<\/td><td>57.65s<\/td><\/tr><tr><td>17<\/td><td><img loading=\"lazy\" decoding=\"async\" style=\"border: 0pt none; border-width: 0pt;\" src=\"\/fantamtb\/wp-content\/images\/can.png\" alt=\"CAN\" width=\"19\" height=\"13\" border=\"0\">&nbsp;Michelle DUMARESQ<\/td><td>1:01.55<\/td><\/tr><tr><td>18<\/td><td><img loading=\"lazy\" decoding=\"async\" style=\"border: 0pt none; border-width: 0pt;\" src=\"\/fantamtb\/wp-content\/images\/can.png\" alt=\"CAN\" width=\"19\" height=\"13\" border=\"0\">&nbsp;Debra MACKILLOP<\/td><td>1:02.44<\/td><\/tr><tr><td>19<\/td><td><img loading=\"lazy\" decoding=\"async\" style=\"border: 0pt none; border-width: 0pt;\" src=\"\/fantamtb\/wp-content\/images\/usa.png\" alt=\"USA\" width=\"19\" height=\"13\" border=\"0\">&nbsp;Dawn BOURQUE<\/td><td>1:09.67<\/td><\/tr><tr><td>20<\/td><td><img loading=\"lazy\" decoding=\"async\" style=\"border: 0pt none; border-width: 0pt;\" src=\"\/fantamtb\/wp-content\/images\/ita.png\" alt=\"ITA\" width=\"19\" height=\"13\" border=\"0\">&nbsp;Sara MOLOGNI<\/td><td>1:10.46<\/td><\/tr><\/tbody><\/table><figcaption class=\"wp-element-caption\"><a target=\"_blank\" href=\"https:\/\/www.365mountainbike.it\/fantamtb\/wp-content\/images\/results\/worlds_dh\/2003_elitew.pdf\" rel=\"noopener\">CLASSIFICHE COMPLETE<\/a><\/figcaption><\/figure>\n\n\n\n<hr class=\"wp-block-separator has-css-opacity\"\/>\n\n\n\n<figure class=\"wp-block-table is-style-stripes\"><table class=\"has-black-color has-text-color\"><tbody><tr><td><span style=\"color: #ff0000;\"><strong><b>JUN M<\/b><\/strong><\/span><\/td><\/tr><tr><td><img loading=\"lazy\" decoding=\"async\" style=\"border: 0pt none;\" src=\"\/fantamtb\/wp-content\/images\/iride.jpg\" alt=\"Campione del Mondo\" width=\"25\" height=\"16\" border=\"0\"><\/td><td><img loading=\"lazy\" decoding=\"async\" width=\"19\" height=\"13\" border=\"0\" style=\"border: 0pt none; border-width: 0pt;\" src=\"\/fantamtb\/wp-content\/images\/aus.png\" alt=\"AUS\">&nbsp;<a href=\"https:\/\/www.365mountainbike.it\/fantamtb\/storia-mtb\/atleti\/sam-hill\/\">Sam HILL<\/a><\/td><td><strong><b>4:39.49<\/b><\/strong><\/td><\/tr><tr><td><strong>2<\/strong><\/td><td><img loading=\"lazy\" decoding=\"async\" style=\"border: 0pt none; border-width: 0pt;\" src=\"\/fantamtb\/wp-content\/images\/gbr.png\" alt=\"GBR\" width=\"19\" height=\"13\" border=\"0\">&nbsp;Gee ATHERTON<\/td><td><strong>11.00s<\/strong><\/td><\/tr><tr><td><strong>3<\/strong><\/td><td><img loading=\"lazy\" decoding=\"async\" style=\"border: 0pt none;\" src=\"\/fantamtb\/wp-content\/images\/fra.png\" alt=\"FRA\" width=\"19\" height=\"13\" border=\"0\">&nbsp;Cyrille KURTZ<\/td><td><strong>14.98s<\/strong><\/td><\/tr><tr><td>4<\/td><td><img loading=\"lazy\" decoding=\"async\" style=\"border: 0pt none; border-width: 0pt;\" src=\"\/fantamtb\/wp-content\/images\/usa.png\" alt=\"USA\" width=\"19\" height=\"13\" border=\"0\">&nbsp;Kyle STRAIT<\/td><td>18.07s<\/td><\/tr><tr><td>5<\/td><td><img loading=\"lazy\" decoding=\"async\" style=\"border: 0pt none; border-width: 0pt;\" src=\"\/fantamtb\/wp-content\/images\/usa.png\" alt=\"USA\" width=\"19\" height=\"13\" border=\"0\">&nbsp;Duncan RIFFLE<\/td><td>20.08s<\/td><\/tr><tr><td>6<\/td><td><img loading=\"lazy\" decoding=\"async\" style=\"border: 0pt none; border-width: 0pt;\" src=\"\/fantamtb\/wp-content\/images\/ita.png\" alt=\"ITA\" width=\"19\" height=\"13\" border=\"0\">&nbsp;Alan BEGGIN<\/td><td>20.46s<\/td><\/tr><tr><td>7<\/td><td><img loading=\"lazy\" decoding=\"async\" style=\"border: 0pt none; border-width: 0pt;\" src=\"\/fantamtb\/wp-content\/images\/aus.png\" alt=\"AUS\" width=\"19\" height=\"13\" border=\"0\">&nbsp;Liam PANOZZO<\/td><td>20.62s<\/td><\/tr><tr><td>8<\/td><td><img loading=\"lazy\" decoding=\"async\" style=\"border: 0pt none;\" src=\"\/fantamtb\/wp-content\/images\/fra.png\" alt=\"FRA\" width=\"19\" height=\"13\" border=\"0\">&nbsp;Romain SALADINI<\/td><td>21.15s<\/td><\/tr><tr><td>9<\/td><td><img loading=\"lazy\" decoding=\"async\" style=\"border: 0pt none;\" src=\"\/fantamtb\/wp-content\/images\/fra.png\" alt=\"FRA\" width=\"19\" height=\"13\" border=\"0\">&nbsp;Fabien CIBELLY<\/td><td>24.68s<\/td><\/tr><tr><td>10<\/td><td><img loading=\"lazy\" decoding=\"async\" style=\"border: 0pt none;\" src=\"\/fantamtb\/wp-content\/images\/fra.png\" alt=\"FRA\" width=\"19\" height=\"13\" border=\"0\">&nbsp;Yoann BARELLI<\/td><td>25.08s<\/td><\/tr><tr><td>11<\/td><td><img loading=\"lazy\" decoding=\"async\" style=\"border: 0pt none; border-width: 0pt;\" src=\"\/fantamtb\/wp-content\/images\/irl.png\" alt=\"IRL\" width=\"19\" height=\"13\" border=\"0\">&nbsp;Ben REID<\/td><td>26.50s<\/td><\/tr><tr><td>12<\/td><td><img loading=\"lazy\" decoding=\"async\" style=\"border: 0pt none; border-width: 0pt;\" src=\"\/fantamtb\/wp-content\/images\/usa.png\" alt=\"USA\" width=\"19\" height=\"13\" border=\"0\">&nbsp;Henry O&#8217;DONNELL<\/td><td>26.66s<\/td><\/tr><tr><td>13<\/td><td><img loading=\"lazy\" decoding=\"async\" style=\"border: 0pt none; border-width: 0pt;\" src=\"\/fantamtb\/wp-content\/images\/usa.png\" alt=\"USA\" width=\"19\" height=\"13\" border=\"0\">&nbsp;Cody WARREN<\/td><td>27.01s<\/td><\/tr><tr><td>14<\/td><td><img loading=\"lazy\" decoding=\"async\" style=\"border: 0pt none; border-width: 0pt;\" src=\"\/fantamtb\/wp-content\/images\/usa.png\" alt=\"USA\" width=\"19\" height=\"13\" border=\"0\">&nbsp;Garrick ANDERSON<\/td><td>27.08s<\/td><\/tr><tr><td>15<\/td><td><img loading=\"lazy\" decoding=\"async\" style=\"border: 0pt none; border-width: 0pt;\" src=\"\/fantamtb\/wp-content\/images\/esp.png\" alt=\"ESP\" width=\"20\" height=\"16\" border=\"0\">&nbsp;Hegoi ADO CELAYETA<\/td><td>28.40s<\/td><\/tr><tr><td>16<\/td><td><img loading=\"lazy\" decoding=\"async\" style=\"border: 0pt none; border-width: 0pt;\" src=\"\/fantamtb\/wp-content\/images\/irl.png\" alt=\"IRL\" width=\"19\" height=\"13\" border=\"0\">&nbsp;Jamie POPHAM<\/td><td>29.85s<\/td><\/tr><tr><td>17<\/td><td><img loading=\"lazy\" decoding=\"async\" style=\"border: 0pt none; border-width: 0pt;\" src=\"\/fantamtb\/wp-content\/images\/aus.png\" alt=\"AUS\" width=\"19\" height=\"13\" border=\"0\">&nbsp;Lindsay KLEIN<\/td><td>30.33s<\/td><\/tr><tr><td>18<\/td><td><img loading=\"lazy\" decoding=\"async\" style=\"border: 0pt none; border-width: 0pt;\" src=\"\/fantamtb\/wp-content\/images\/aus.png\" alt=\"AUS\" width=\"19\" height=\"13\" border=\"0\">&nbsp;Amiel CAVALIER<\/td><td>33.19s<\/td><\/tr><tr><td>19<\/td><td><img loading=\"lazy\" decoding=\"async\" style=\"border: 0pt none; border-width: 0pt;\" src=\"\/fantamtb\/wp-content\/images\/aus.png\" alt=\"AUS\" width=\"19\" height=\"13\" border=\"0\">&nbsp;David MCLAUGHLIN<\/td><td>35.30s<\/td><\/tr><tr><td>20<\/td><td><img loading=\"lazy\" decoding=\"async\" style=\"border: 0pt none; border-width: 0pt;\" src=\"\/fantamtb\/wp-content\/images\/swi.png\" width=\"20\" height=\"13\" alt=\"SWI\" border=\"0\">&nbsp;Nick BEER<\/td><td>35.78s<\/td><\/tr><tr><td>21<\/td><td><img loading=\"lazy\" decoding=\"async\" style=\"border: 0pt none; border-width: 0pt;\" src=\"\/fantamtb\/wp-content\/images\/ita.png\" alt=\"ITA\" width=\"19\" height=\"13\" border=\"0\">&nbsp;Carlo GAMBIRASIO<\/td><td>36.45s<\/td><\/tr><tr><td>22<\/td><td><img loading=\"lazy\" decoding=\"async\" style=\"border: 0pt none; border-width: 0pt;\" src=\"\/fantamtb\/wp-content\/images\/fin.png\" alt=\"FIN\" width=\"19\" height=\"13\" border=\"0\">&nbsp;Jukka KEINONEN<\/td><td>37.29s<\/td><\/tr><tr><td>23<\/td><td><img loading=\"lazy\" decoding=\"async\" style=\"border: 0pt none; border-width: 0pt;\" src=\"\/fantamtb\/wp-content\/images\/cze.png\" alt=\"CZE\" width=\"19\" height=\"13\" border=\"0\">&nbsp;Kamil TATARKOVIC<\/td><td>37.66s<\/td><\/tr><tr><td>24<\/td><td><img loading=\"lazy\" decoding=\"async\" style=\"border: 0pt none; border-width: 0pt;\" src=\"\/fantamtb\/wp-content\/images\/ita.png\" alt=\"ITA\" width=\"19\" height=\"13\" border=\"0\">&nbsp;Claudio COZZI<\/td><td>38.21s<\/td><\/tr><tr><td>25<\/td><td><img loading=\"lazy\" decoding=\"async\" style=\"border: 0pt none; border-width: 0pt;\" src=\"\/fantamtb\/wp-content\/images\/cze.png\" alt=\"CZE\" width=\"19\" height=\"13\" border=\"0\">&nbsp;Matej CHARVAT<\/td><td>38.70s<\/td><\/tr><\/tbody><\/table><figcaption class=\"wp-element-caption\"><a target=\"_blank\" href=\"https:\/\/www.365mountainbike.it\/fantamtb\/wp-content\/images\/results\/worlds_dh\/2003_juniorm.pdf\" rel=\"noopener\">CLASSIFICHE COMPLETE<\/a><\/figcaption><\/figure>\n\n\n\n<p><\/p>\n\n\n\n<figure id=\"cjuniorf\" class=\"wp-block-table list tablesorter is-style-stripes\"><table class=\"has-black-color has-text-color\"><tbody><tr><td><span style=\"color: #ff0000;\"><strong><b>JUN W<\/b><\/strong><\/span><\/td><\/tr><tr><td><img loading=\"lazy\" decoding=\"async\" style=\"border: 0pt none;\" src=\"\/fantamtb\/wp-content\/images\/iride.jpg\" alt=\"Campione del Mondo\" width=\"25\" height=\"16\" border=\"0\"><\/td><td><img loading=\"lazy\" decoding=\"async\" style=\"border: 0pt none;\" src=\"\/fantamtb\/wp-content\/images\/fra.png\" alt=\"FRA\" width=\"19\" height=\"13\" border=\"0\">&nbsp;<a href=\"https:\/\/www.365mountainbike.it\/fantamtb\/storia-mtb\/atleti\/emmeline-ragot\/\">Emmeline RAGOT<\/a><\/td><td><strong><b>5:41.07<\/b><\/strong><\/td><\/tr><tr><td><strong>2<\/strong><\/td><td><img loading=\"lazy\" decoding=\"async\" style=\"border: 0pt none; border-width: 0pt;\" src=\"\/fantamtb\/wp-content\/images\/nzl.png\" alt=\"NZL\" width=\"19\" height=\"13\" border=\"0\">&nbsp;Scarlett HAGEN<\/td><td><strong>5.51s<\/strong><\/td><\/tr><tr><td><strong>3<\/strong><\/td><td><img loading=\"lazy\" decoding=\"async\" style=\"border: 0pt none; border-width: 0pt;\" src=\"\/fantamtb\/wp-content\/images\/chi.png\" alt=\"CHI\" width=\"19\" height=\"13\" border=\"0\">&nbsp;Bernardita PIZARRO<\/td><td><strong>17.96s<\/strong><\/td><\/tr><tr><td>4<\/td><td><img loading=\"lazy\" decoding=\"async\" style=\"border: 0pt none;\" src=\"\/fantamtb\/wp-content\/images\/fra.png\" alt=\"FRA\" width=\"19\" height=\"13\" border=\"0\">&nbsp;Claire BAUCHET<\/td><td>1:05.27<\/td><\/tr><tr><td>5<\/td><td><img loading=\"lazy\" decoding=\"async\" style=\"border: 0pt none; border-width: 0pt;\" src=\"\/fantamtb\/wp-content\/images\/usa.png\" alt=\"USA\" width=\"19\" height=\"13\" border=\"0\">&nbsp;Leana GERRARD<\/td><td>1:47.97<\/td><\/tr><tr><td>6<\/td><td><img loading=\"lazy\" decoding=\"async\" style=\"border: 0pt none; border-width: 0pt;\" src=\"\/fantamtb\/wp-content\/images\/usa.png\" alt=\"USA\" width=\"19\" height=\"13\" border=\"0\">&nbsp;Jenny CORNELISON<\/td><td>2:03.45<\/td><\/tr><tr><td>7<\/td><td><img loading=\"lazy\" decoding=\"async\" style=\"border: 0pt none; border-width: 0pt;\" src=\"\/fantamtb\/wp-content\/images\/usa.png\" alt=\"USA\" width=\"19\" height=\"13\" border=\"0\">&nbsp;Katie HOLDEN<\/td><td>2:58.61<\/td><\/tr><\/tbody><\/table><figcaption class=\"wp-element-caption\"><a target=\"_blank\" href=\"https:\/\/www.365mountainbike.it\/fantamtb\/wp-content\/images\/results\/worlds_dh\/2003_juniorw.pdf\" rel=\"noopener\">CLASSIFICHE COMPLETE<\/a><\/figcaption><\/figure>\n\n\n\n<hr class=\"wp-block-separator has-css-opacity\"\/>\n\n\n\n<h1 class=\"wp-block-heading\" id=\"h-foto\">FOTO<\/h1>\n\n\n\n<figure class=\"wp-block-gallery has-nested-images columns-default is-cropped wp-block-gallery-1 is-layout-flex wp-block-gallery-is-layout-flex\">\n<figure class=\"wp-block-image size-medium\"><a href=\"https:\/\/www.365mountainbike.it\/fantamtb\/wp-content\/uploads\/2024\/01\/\u00a9GABRIELE-PUTZU-AFP-via-Getty-Images-GREG-MINNAAR-CAMPIONE-DEL-MONDO-2003-DH-MAN.jpg\"><picture><source srcset=\"https:\/\/www.365mountainbike.it\/fantamtb\/wp-content\/uploads\/2024\/01\/\u00a9GABRIELE-PUTZU-AFP-via-Getty-Images-GREG-MINNAAR-CAMPIONE-DEL-MONDO-2003-DH-MAN-300x236.jpg 300w, https:\/\/www.365mountainbike.it\/fantamtb\/wp-content\/uploads\/2024\/01\/\u00a9GABRIELE-PUTZU-AFP-via-Getty-Images-GREG-MINNAAR-CAMPIONE-DEL-MONDO-2003-DH-MAN-1024x806.jpg 1024w, https:\/\/www.365mountainbike.it\/fantamtb\/wp-content\/uploads\/2024\/01\/\u00a9GABRIELE-PUTZU-AFP-via-Getty-Images-GREG-MINNAAR-CAMPIONE-DEL-MONDO-2003-DH-MAN-768x604.jpg 768w,https:\/\/www.365mountainbike.it\/fantamtb\/wp-content\/uploads\/2024\/01\/\u00a9GABRIELE-PUTZU-AFP-via-Getty-Images-GREG-MINNAAR-CAMPIONE-DEL-MONDO-2003-DH-MAN-1536x1208.jpg.webp 1536w,https:\/\/www.365mountainbike.it\/fantamtb\/wp-content\/uploads\/2024\/01\/\u00a9GABRIELE-PUTZU-AFP-via-Getty-Images-GREG-MINNAAR-CAMPIONE-DEL-MONDO-2003-DH-MAN.jpg.webp 2048w\" sizes=\"auto, (max-width: 300px) 100vw, 300px\" type=\"image\/webp\"><img src=\"https:\/\/www.365mountainbike.it\/fantamtb\/wp-content\/uploads\/2024\/01\/\u00a9GABRIELE-PUTZU-AFP-via-Getty-Images-GREG-MINNAAR-CAMPIONE-DEL-MONDO-2003-DH-MAN-300x236.jpg\" height=\"236\" width=\"300\" srcset=\"https:\/\/www.365mountainbike.it\/fantamtb\/wp-content\/uploads\/2024\/01\/\u00a9GABRIELE-PUTZU-AFP-via-Getty-Images-GREG-MINNAAR-CAMPIONE-DEL-MONDO-2003-DH-MAN-300x236.jpg 300w, https:\/\/www.365mountainbike.it\/fantamtb\/wp-content\/uploads\/2024\/01\/\u00a9GABRIELE-PUTZU-AFP-via-Getty-Images-GREG-MINNAAR-CAMPIONE-DEL-MONDO-2003-DH-MAN-1024x806.jpg 1024w, https:\/\/www.365mountainbike.it\/fantamtb\/wp-content\/uploads\/2024\/01\/\u00a9GABRIELE-PUTZU-AFP-via-Getty-Images-GREG-MINNAAR-CAMPIONE-DEL-MONDO-2003-DH-MAN-768x604.jpg 768w, https:\/\/www.365mountainbike.it\/fantamtb\/wp-content\/uploads\/2024\/01\/\u00a9GABRIELE-PUTZU-AFP-via-Getty-Images-GREG-MINNAAR-CAMPIONE-DEL-MONDO-2003-DH-MAN-1536x1208.jpg 1536w, https:\/\/www.365mountainbike.it\/fantamtb\/wp-content\/uploads\/2024\/01\/\u00a9GABRIELE-PUTZU-AFP-via-Getty-Images-GREG-MINNAAR-CAMPIONE-DEL-MONDO-2003-DH-MAN.jpg 2048w\" sizes=\"auto, (max-width: 300px) 100vw, 300px\" class=\"wp-image-22396 sp-no-webp\" alt=\"\u00a9GABRIELE PUTZU\/AFP via Getty Images - GREG MINNAAR CAMPIONE DEL MONDO 2003 DH MAN\" loading=\"lazy\" decoding=\"async\" data-id=\"22396\" style=\"aspect-ratio:1\"  > <\/picture><\/a><figcaption class=\"wp-element-caption\">\u00a9GABRIELE PUTZU\/AFP via Getty Images &#8211; GREG MINNAAR CAMPIONE DEL MONDO 2003 DH MAN<\/figcaption><\/figure>\n\n\n\n<figure class=\"wp-block-image size-medium\"><a href=\"https:\/\/www.365mountainbike.it\/fantamtb\/wp-content\/uploads\/2024\/01\/\u00a9GABRIELE-PUTZU-AFP-via-Getty-Images-KRISTOF-LENSSENS-LUGANO-2003-DH-WC.jpg\"><picture><source srcset=\"https:\/\/www.365mountainbike.it\/fantamtb\/wp-content\/uploads\/2024\/01\/\u00a9GABRIELE-PUTZU-AFP-via-Getty-Images-KRISTOF-LENSSENS-LUGANO-2003-DH-WC-300x256.jpg 300w, https:\/\/www.365mountainbike.it\/fantamtb\/wp-content\/uploads\/2024\/01\/\u00a9GABRIELE-PUTZU-AFP-via-Getty-Images-KRISTOF-LENSSENS-LUGANO-2003-DH-WC-768x655.jpg 768w,https:\/\/www.365mountainbike.it\/fantamtb\/wp-content\/uploads\/2024\/01\/\u00a9GABRIELE-PUTZU-AFP-via-Getty-Images-KRISTOF-LENSSENS-LUGANO-2003-DH-WC.jpg.webp 1024w\" sizes=\"auto, (max-width: 300px) 100vw, 300px\" type=\"image\/webp\"><img src=\"https:\/\/www.365mountainbike.it\/fantamtb\/wp-content\/uploads\/2024\/01\/\u00a9GABRIELE-PUTZU-AFP-via-Getty-Images-KRISTOF-LENSSENS-LUGANO-2003-DH-WC-300x256.jpg\" height=\"256\" width=\"300\" srcset=\"https:\/\/www.365mountainbike.it\/fantamtb\/wp-content\/uploads\/2024\/01\/\u00a9GABRIELE-PUTZU-AFP-via-Getty-Images-KRISTOF-LENSSENS-LUGANO-2003-DH-WC-300x256.jpg 300w, https:\/\/www.365mountainbike.it\/fantamtb\/wp-content\/uploads\/2024\/01\/\u00a9GABRIELE-PUTZU-AFP-via-Getty-Images-KRISTOF-LENSSENS-LUGANO-2003-DH-WC-768x655.jpg 768w, https:\/\/www.365mountainbike.it\/fantamtb\/wp-content\/uploads\/2024\/01\/\u00a9GABRIELE-PUTZU-AFP-via-Getty-Images-KRISTOF-LENSSENS-LUGANO-2003-DH-WC.jpg 1024w\" sizes=\"auto, (max-width: 300px) 100vw, 300px\" class=\"wp-image-22416 sp-no-webp\" alt=\"\u00a9GABRIELE PUTZU\/AFP via Getty Images - KRISTOF LENSSENS LUGANO 2003 DH WC\" loading=\"lazy\" decoding=\"async\" data-id=\"22416\" style=\"aspect-ratio:1\"  > <\/picture><\/a><figcaption class=\"wp-element-caption\">\u00a9GABRIELE PUTZU\/AFP via Getty Images &#8211; KRISTOF LENSSENS LUGANO 2003 DH WC<\/figcaption><\/figure>\n\n\n\n<figure class=\"wp-block-image size-medium\"><a href=\"https:\/\/www.365mountainbike.it\/fantamtb\/wp-content\/uploads\/2024\/01\/\u00a9GABRIELE-PUTZU-AFP-via-Getty-Images-MICKAEL-PASCAL-2003-LUGANO.jpg\"><picture><source srcset=\"https:\/\/www.365mountainbike.it\/fantamtb\/wp-content\/uploads\/2024\/01\/\u00a9GABRIELE-PUTZU-AFP-via-Getty-Images-MICKAEL-PASCAL-2003-LUGANO-300x271.jpg 300w, https:\/\/www.365mountainbike.it\/fantamtb\/wp-content\/uploads\/2024\/01\/\u00a9GABRIELE-PUTZU-AFP-via-Getty-Images-MICKAEL-PASCAL-2003-LUGANO-768x694.jpg 768w,https:\/\/www.365mountainbike.it\/fantamtb\/wp-content\/uploads\/2024\/01\/\u00a9GABRIELE-PUTZU-AFP-via-Getty-Images-MICKAEL-PASCAL-2003-LUGANO.jpg.webp 1024w\" sizes=\"auto, (max-width: 300px) 100vw, 300px\" type=\"image\/webp\"><img src=\"https:\/\/www.365mountainbike.it\/fantamtb\/wp-content\/uploads\/2024\/01\/\u00a9GABRIELE-PUTZU-AFP-via-Getty-Images-MICKAEL-PASCAL-2003-LUGANO-300x271.jpg\" height=\"271\" width=\"300\" srcset=\"https:\/\/www.365mountainbike.it\/fantamtb\/wp-content\/uploads\/2024\/01\/\u00a9GABRIELE-PUTZU-AFP-via-Getty-Images-MICKAEL-PASCAL-2003-LUGANO-300x271.jpg 300w, https:\/\/www.365mountainbike.it\/fantamtb\/wp-content\/uploads\/2024\/01\/\u00a9GABRIELE-PUTZU-AFP-via-Getty-Images-MICKAEL-PASCAL-2003-LUGANO-768x694.jpg 768w, https:\/\/www.365mountainbike.it\/fantamtb\/wp-content\/uploads\/2024\/01\/\u00a9GABRIELE-PUTZU-AFP-via-Getty-Images-MICKAEL-PASCAL-2003-LUGANO.jpg 1024w\" sizes=\"auto, (max-width: 300px) 100vw, 300px\" class=\"wp-image-22412 sp-no-webp\" alt=\"\u00a9GABRIELE PUTZU\/AFP via Getty Images - MICKAEL PASCAL 2003 LUGANO\" loading=\"lazy\" decoding=\"async\" data-id=\"22412\" style=\"aspect-ratio:1\"  > <\/picture><\/a><figcaption class=\"wp-element-caption\">\u00a9GABRIELE PUTZU\/AFP via Getty Images &#8211; MICKAEL PASCAL 2003 LUGANO<\/figcaption><\/figure>\n\n\n\n<figure class=\"wp-block-image size-medium\"><a href=\"https:\/\/www.365mountainbike.it\/fantamtb\/wp-content\/uploads\/2024\/01\/gettyimages-76611742-612x612-1.jpg\"><picture><source srcset=\"https:\/\/www.365mountainbike.it\/fantamtb\/wp-content\/uploads\/2024\/01\/gettyimages-76611742-612x612-1-190x300.jpg 190w,https:\/\/www.365mountainbike.it\/fantamtb\/wp-content\/uploads\/2024\/01\/gettyimages-76611742-612x612-1.jpg.webp 387w\" sizes=\"auto, (max-width: 190px) 100vw, 190px\" type=\"image\/webp\"><img src=\"https:\/\/www.365mountainbike.it\/fantamtb\/wp-content\/uploads\/2024\/01\/gettyimages-76611742-612x612-1-190x300.jpg\" height=\"300\" width=\"190\" srcset=\"https:\/\/www.365mountainbike.it\/fantamtb\/wp-content\/uploads\/2024\/01\/gettyimages-76611742-612x612-1-190x300.jpg 190w, https:\/\/www.365mountainbike.it\/fantamtb\/wp-content\/uploads\/2024\/01\/gettyimages-76611742-612x612-1.jpg 387w\" sizes=\"auto, (max-width: 190px) 100vw, 190px\" class=\"wp-image-22409 sp-no-webp\" alt=\"\u00a9Leon Neal\/AFP via Getty Images - SABRINA JONNIER 2007 MONDIALI ELITE\" loading=\"lazy\" decoding=\"async\" data-id=\"22409\" style=\"aspect-ratio:1\"  > <\/picture><\/a><figcaption class=\"wp-element-caption\">\u00a9Leon Neal\/AFP via Getty Images &#8211; SABRINA JONNIER 2007 MONDIALI ELITE<\/figcaption><\/figure>\n\n\n\n<figure class=\"wp-block-image size-medium\"><a href=\"https:\/\/www.365mountainbike.it\/fantamtb\/wp-content\/uploads\/2024\/01\/\u00a9Tim-De-Waele-GGetty-Images-ANNE-CAROLINE-CHAUSSON-CAMPIONE-DEL-MONDO-2003-DH-WOMEN-LUGANO.jpg\"><picture><source srcset=\"https:\/\/www.365mountainbike.it\/fantamtb\/wp-content\/uploads\/2024\/01\/\u00a9Tim-De-Waele-GGetty-Images-ANNE-CAROLINE-CHAUSSON-CAMPIONE-DEL-MONDO-2003-DH-WOMEN-LUGANO-195x300.jpg 195w,https:\/\/www.365mountainbike.it\/fantamtb\/wp-content\/uploads\/2024\/01\/\u00a9Tim-De-Waele-GGetty-Images-ANNE-CAROLINE-CHAUSSON-CAMPIONE-DEL-MONDO-2003-DH-WOMEN-LUGANO.jpg.webp 397w\" sizes=\"auto, (max-width: 195px) 100vw, 195px\" type=\"image\/webp\"><img src=\"https:\/\/www.365mountainbike.it\/fantamtb\/wp-content\/uploads\/2024\/01\/\u00a9Tim-De-Waele-GGetty-Images-ANNE-CAROLINE-CHAUSSON-CAMPIONE-DEL-MONDO-2003-DH-WOMEN-LUGANO-195x300.jpg\" height=\"300\" width=\"195\" srcset=\"https:\/\/www.365mountainbike.it\/fantamtb\/wp-content\/uploads\/2024\/01\/\u00a9Tim-De-Waele-GGetty-Images-ANNE-CAROLINE-CHAUSSON-CAMPIONE-DEL-MONDO-2003-DH-WOMEN-LUGANO-195x300.jpg 195w, https:\/\/www.365mountainbike.it\/fantamtb\/wp-content\/uploads\/2024\/01\/\u00a9Tim-De-Waele-GGetty-Images-ANNE-CAROLINE-CHAUSSON-CAMPIONE-DEL-MONDO-2003-DH-WOMEN-LUGANO.jpg 397w\" sizes=\"auto, (max-width: 195px) 100vw, 195px\" class=\"wp-image-22415 sp-no-webp\" alt=\"\u00a9Tim De Waele GGetty Images) - ANNE CAROLINE CHAUSSON CAMPIONE DEL MONDO 2003 DH WOMEN LUGANO\" loading=\"lazy\" decoding=\"async\" data-id=\"22415\" style=\"aspect-ratio:1\"  > <\/picture><\/a><figcaption class=\"wp-element-caption\">\u00a9Tim De Waele GGetty Images) &#8211; ANNE CAROLINE CHAUSSON CAMPIONEssa DEL MONDO 2003 DH WOMEN LUGANO<\/figcaption><\/figure>\n\n\n\n<figure class=\"wp-block-image size-medium\"><a href=\"https:\/\/www.365mountainbike.it\/fantamtb\/wp-content\/uploads\/2024\/01\/\u00a9DAVIDE-AGOSTA-AFP-via-Getty-Images-PASCAL-MINNAAR-BAREL-MONDIALI-2003-DH-MAN-LUGANO.jpg\"><picture><source srcset=\"https:\/\/www.365mountainbike.it\/fantamtb\/wp-content\/uploads\/2024\/01\/\u00a9DAVIDE-AGOSTA-AFP-via-Getty-Images-PASCAL-MINNAAR-BAREL-MONDIALI-2003-DH-MAN-LUGANO-195x300.jpg 195w,https:\/\/www.365mountainbike.it\/fantamtb\/wp-content\/uploads\/2024\/01\/\u00a9DAVIDE-AGOSTA-AFP-via-Getty-Images-PASCAL-MINNAAR-BAREL-MONDIALI-2003-DH-MAN-LUGANO.jpg.webp 667w\" sizes=\"auto, (max-width: 195px) 100vw, 195px\" type=\"image\/webp\"><img src=\"https:\/\/www.365mountainbike.it\/fantamtb\/wp-content\/uploads\/2024\/01\/\u00a9DAVIDE-AGOSTA-AFP-via-Getty-Images-PASCAL-MINNAAR-BAREL-MONDIALI-2003-DH-MAN-LUGANO-195x300.jpg\" height=\"300\" width=\"195\" srcset=\"https:\/\/www.365mountainbike.it\/fantamtb\/wp-content\/uploads\/2024\/01\/\u00a9DAVIDE-AGOSTA-AFP-via-Getty-Images-PASCAL-MINNAAR-BAREL-MONDIALI-2003-DH-MAN-LUGANO-195x300.jpg 195w, https:\/\/www.365mountainbike.it\/fantamtb\/wp-content\/uploads\/2024\/01\/\u00a9DAVIDE-AGOSTA-AFP-via-Getty-Images-PASCAL-MINNAAR-BAREL-MONDIALI-2003-DH-MAN-LUGANO.jpg 667w\" sizes=\"auto, (max-width: 195px) 100vw, 195px\" class=\"wp-image-22413 sp-no-webp\" alt=\"\u00a9DAVIDE AGOSTA\/AFP via Getty Images - PASCAL-MINNAAR-BAREL, MONDIALI 2003 DH MAN LUGANO\" loading=\"lazy\" decoding=\"async\" data-id=\"22413\" style=\"aspect-ratio:1\"  > <\/picture><\/a><figcaption class=\"wp-element-caption\">\u00a9DAVIDE AGOSTA\/AFP via Getty Images &#8211; PASCAL-MINNAAR-BAREL, MONDIALI 2003 DH MAN LUGANO<\/figcaption><\/figure>\n\n\n\n<figure class=\"wp-block-image size-medium\"><a href=\"https:\/\/www.365mountainbike.it\/fantamtb\/wp-content\/uploads\/2024\/01\/\u00a9Tim-De-Waele-Getty-Images-ANNE-CAROLINE-CHAUSSON-CAMPIONE-DEL-MONDO-2003-DH-WOMEN-LUGANO.jpg\"><picture><source srcset=\"https:\/\/www.365mountainbike.it\/fantamtb\/wp-content\/uploads\/2024\/01\/\u00a9Tim-De-Waele-Getty-Images-ANNE-CAROLINE-CHAUSSON-CAMPIONE-DEL-MONDO-2003-DH-WOMEN-LUGANO-300x195.jpg 300w,https:\/\/www.365mountainbike.it\/fantamtb\/wp-content\/uploads\/2024\/01\/\u00a9Tim-De-Waele-Getty-Images-ANNE-CAROLINE-CHAUSSON-CAMPIONE-DEL-MONDO-2003-DH-WOMEN-LUGANO.jpg.webp 612w\" sizes=\"auto, (max-width: 300px) 100vw, 300px\" type=\"image\/webp\"><img src=\"https:\/\/www.365mountainbike.it\/fantamtb\/wp-content\/uploads\/2024\/01\/\u00a9Tim-De-Waele-Getty-Images-ANNE-CAROLINE-CHAUSSON-CAMPIONE-DEL-MONDO-2003-DH-WOMEN-LUGANO-300x195.jpg\" height=\"195\" width=\"300\" srcset=\"https:\/\/www.365mountainbike.it\/fantamtb\/wp-content\/uploads\/2024\/01\/\u00a9Tim-De-Waele-Getty-Images-ANNE-CAROLINE-CHAUSSON-CAMPIONE-DEL-MONDO-2003-DH-WOMEN-LUGANO-300x195.jpg 300w, https:\/\/www.365mountainbike.it\/fantamtb\/wp-content\/uploads\/2024\/01\/\u00a9Tim-De-Waele-Getty-Images-ANNE-CAROLINE-CHAUSSON-CAMPIONE-DEL-MONDO-2003-DH-WOMEN-LUGANO.jpg 612w\" sizes=\"auto, (max-width: 300px) 100vw, 300px\" class=\"wp-image-22414 sp-no-webp\" alt=\"\u00a9Tim De Waele Getty Images) - ANNE CAROLINE CHAUSSON CAMPIONE DEL MONDO 2003 DH WOMEN LUGANO\" loading=\"lazy\" decoding=\"async\" data-id=\"22414\" style=\"aspect-ratio:1\"  > <\/picture><\/a><figcaption class=\"wp-element-caption\">\u00a9Tim De Waele Getty Images) &#8211; ANNE CAROLINE CHAUSSON CAMPIONESSA DEL MONDO 2003 DH WOMEN LUGANO<\/figcaption><\/figure>\n\n\n\n<figure class=\"wp-block-image size-medium\"><a href=\"https:\/\/www.365mountainbike.it\/fantamtb\/wp-content\/uploads\/2024\/01\/\u00a9GABRIELE-PUTZU-AFP-via-Getty-Images-ANNE-CAROLINE-CHAUSSON-VINCE-MONDIALI-2003-LUGANO-DH-WOMEN.jpg\"><picture><source srcset=\"https:\/\/www.365mountainbike.it\/fantamtb\/wp-content\/uploads\/2024\/01\/\u00a9GABRIELE-PUTZU-AFP-via-Getty-Images-ANNE-CAROLINE-CHAUSSON-VINCE-MONDIALI-2003-LUGANO-DH-WOMEN-257x300.jpg 257w,https:\/\/www.365mountainbike.it\/fantamtb\/wp-content\/uploads\/2024\/01\/\u00a9GABRIELE-PUTZU-AFP-via-Getty-Images-ANNE-CAROLINE-CHAUSSON-VINCE-MONDIALI-2003-LUGANO-DH-WOMEN.jpg.webp 525w\" sizes=\"auto, (max-width: 257px) 100vw, 257px\" type=\"image\/webp\"><img src=\"https:\/\/www.365mountainbike.it\/fantamtb\/wp-content\/uploads\/2024\/01\/\u00a9GABRIELE-PUTZU-AFP-via-Getty-Images-ANNE-CAROLINE-CHAUSSON-VINCE-MONDIALI-2003-LUGANO-DH-WOMEN-257x300.jpg\" height=\"300\" width=\"257\" srcset=\"https:\/\/www.365mountainbike.it\/fantamtb\/wp-content\/uploads\/2024\/01\/\u00a9GABRIELE-PUTZU-AFP-via-Getty-Images-ANNE-CAROLINE-CHAUSSON-VINCE-MONDIALI-2003-LUGANO-DH-WOMEN-257x300.jpg 257w, https:\/\/www.365mountainbike.it\/fantamtb\/wp-content\/uploads\/2024\/01\/\u00a9GABRIELE-PUTZU-AFP-via-Getty-Images-ANNE-CAROLINE-CHAUSSON-VINCE-MONDIALI-2003-LUGANO-DH-WOMEN.jpg 525w\" sizes=\"auto, (max-width: 257px) 100vw, 257px\" class=\"wp-image-22417 sp-no-webp\" alt=\"\u00a9GABRIELE PUTZU\/AFP via Getty Images - ANNE CAROLINE CHAUSSON VINCE MONDIALI 2003 LUGANO DH WOMEN\" loading=\"lazy\" decoding=\"async\" data-id=\"22417\" style=\"aspect-ratio:1\"  > <\/picture><\/a><figcaption class=\"wp-element-caption\">\u00a9GABRIELE PUTZU\/AFP via Getty Images &#8211; ANNE CAROLINE CHAUSSON VINCE MONDIALI 2003 LUGANO DH WOMEN<\/figcaption><\/figure>\n\n\n\n<figure class=\"wp-block-image size-medium\"><a href=\"https:\/\/www.365mountainbike.it\/fantamtb\/wp-content\/uploads\/2011\/05\/podio-lugano-2003-juniores-mondiali.jpg\"><img loading=\"lazy\" decoding=\"async\" width=\"300\" height=\"195\" data-id=\"25397\" src=\"https:\/\/www.365mountainbike.it\/fantamtb\/wp-content\/uploads\/2011\/05\/podio-lugano-2003-juniores-mondiali-300x195.jpg\" alt=\"\" class=\"wp-image-25397\" style=\"aspect-ratio:1\" srcset=\"https:\/\/www.365mountainbike.it\/fantamtb\/wp-content\/uploads\/2011\/05\/podio-lugano-2003-juniores-mondiali-300x195.jpg 300w, https:\/\/www.365mountainbike.it\/fantamtb\/wp-content\/uploads\/2011\/05\/podio-lugano-2003-juniores-mondiali.jpg 612w\" sizes=\"auto, (max-width: 300px) 100vw, 300px\" \/><\/a><figcaption class=\"wp-element-caption\">Podio Juniores: Gee Atherton GBR), Samuel Hill (AUS), Cyrille Kurtz (FRA)<br><\/figcaption><\/figure>\n<\/figure>\n\n\n\n<h2 class=\"wp-block-heading has-text-align-center has-white-color has-pale-cyan-blue-background-color has-text-color has-background\" id=\"h-compra-foto-www-gettyimages-it\"> COMPRA FOTO -&gt; <a href=\"https:\/\/www.gettyimages.it\/immagine\/lugano-2003-world\" target=\"_blank\" rel=\"noreferrer noopener\">www.gettyimages.it<\/a><\/h2>\n","protected":false,"gt_translate_keys":[{"key":"rendered","format":"html"}]},"excerpt":{"rendered":"<p>Lugano 1\/7 Settembre &#8211; Greg Minnaar, dopo il 3\u00b0 posto l&#8217;anno scorso, si laurea Campione del Mondo DH, primo Sudafricano nella storia. Assenza pesante quella del campione in carica&nbsp;Nico Vouilloz che abbandona il circus della Downhill dopo 10 titoli iridati per trovare nuovi stimoli nel Rally partecipando al campionato mondiale WRC a bordo di una [&hellip;]<\/p>\n","protected":false,"gt_translate_keys":[{"key":"rendered","format":"html"}]},"author":1,"featured_media":22396,"comment_status":"closed","ping_status":"open","sticky":false,"template":"","format":"standard","meta":{"footnotes":""},"categories":[1258],"tags":[133,1281,257,123,149,137,185,234,18,236,140,128,129],"class_list":["post-2624","post","type-post","status-publish","format-standard","has-post-thumbnail","hentry","category-downhill-dh","tag-anne-caroline-chausson","tag-bernardita-pizarro","tag-cyrille-kurtz","tag-fabien-barel","tag-gee-atherton","tag-greg-minnaar","tag-lugano","tag-mickael-pascal","tag-mondiali","tag-nolvenn-le-caer","tag-sabrina-jonnier","tag-sam-hill","tag-scarlett-hagen"],"yoast_head":"<!-- This site is optimized with the Yoast SEO plugin v27.5 - https:\/\/yoast.com\/product\/yoast-seo-wordpress\/ -->\n<title>Classifiche Campionati Mondiali DH 2003, Lugano (SVIZZERA) | FANTAmtb<\/title>\n<meta name=\"robots\" content=\"index, follow, max-snippet:-1, max-image-preview:large, max-video-preview:-1\" \/>\n<link rel=\"canonical\" href=\"https:\/\/www.365mountainbike.it\/fantamtb\/storia-mtb\/downhill-dh\/campionato-del-mondo-downhill-2003\/\" \/>\n<meta property=\"og:locale\" content=\"it_IT\" \/>\n<meta property=\"og:type\" content=\"article\" \/>\n<meta property=\"og:title\" content=\"Classifiche Campionati Mondiali DH 2003, Lugano (SVIZZERA) | FANTAmtb\" \/>\n<meta property=\"og:description\" content=\"Lugano 1\/7 Settembre &#8211; Greg Minnaar, dopo il 3\u00b0 posto l&#8217;anno scorso, si laurea Campione del Mondo DH, primo Sudafricano nella storia. Assenza pesante quella del campione in carica&nbsp;Nico Vouilloz che abbandona il circus della Downhill dopo 10 titoli iridati per trovare nuovi stimoli nel Rally partecipando al campionato mondiale WRC a bordo di una [&hellip;]\" \/>\n<meta property=\"og:url\" content=\"https:\/\/www.365mountainbike.it\/fantamtb\/storia-mtb\/downhill-dh\/campionato-del-mondo-downhill-2003\/\" \/>\n<meta property=\"og:site_name\" content=\"FANTAmtb\" \/>\n<meta property=\"article:published_time\" content=\"2011-05-12T11:02:22+00:00\" \/>\n<meta property=\"article:modified_time\" content=\"2026-01-24T16:37:13+00:00\" \/>\n<meta property=\"og:image\" content=\"https:\/\/www.365mountainbike.it\/fantamtb\/wp-content\/uploads\/2024\/01\/\u00a9GABRIELE-PUTZU-AFP-via-Getty-Images-GREG-MINNAAR-CAMPIONE-DEL-MONDO-2003-DH-MAN.jpg\" \/>\n\t<meta property=\"og:image:width\" content=\"2048\" \/>\n\t<meta property=\"og:image:height\" content=\"1611\" \/>\n\t<meta property=\"og:image:type\" content=\"image\/jpeg\" \/>\n<meta name=\"author\" content=\"FANTAmtb\" \/>\n<meta name=\"twitter:card\" content=\"summary_large_image\" \/>\n<meta name=\"twitter:label1\" content=\"Scritto da\" \/>\n\t<meta name=\"twitter:data1\" content=\"FANTAmtb\" \/>\n\t<meta name=\"twitter:label2\" content=\"Tempo di lettura stimato\" \/>\n\t<meta name=\"twitter:data2\" content=\"24 minuti\" \/>\n<script type=\"application\/ld+json\" class=\"yoast-schema-graph\">{\"@context\":\"https:\\\/\\\/schema.org\",\"@graph\":[{\"@type\":\"Article\",\"@id\":\"https:\\\/\\\/www.365mountainbike.it\\\/fantamtb\\\/storia-mtb\\\/downhill-dh\\\/campionato-del-mondo-downhill-2003\\\/#article\",\"isPartOf\":{\"@id\":\"https:\\\/\\\/www.365mountainbike.it\\\/fantamtb\\\/storia-mtb\\\/downhill-dh\\\/campionato-del-mondo-downhill-2003\\\/\"},\"author\":{\"name\":\"FANTAmtb\",\"@id\":\"https:\\\/\\\/www.365mountainbike.it\\\/fantamtb\\\/#\\\/schema\\\/person\\\/7b4a30b446207c8d00024d9717c3b63b\"},\"headline\":\"Campionati Mondiali DH 2003, Lugano (SVIZZERA)\",\"datePublished\":\"2011-05-12T11:02:22+00:00\",\"dateModified\":\"2026-01-24T16:37:13+00:00\",\"mainEntityOfPage\":{\"@id\":\"https:\\\/\\\/www.365mountainbike.it\\\/fantamtb\\\/storia-mtb\\\/downhill-dh\\\/campionato-del-mondo-downhill-2003\\\/\"},\"wordCount\":907,\"image\":{\"@id\":\"https:\\\/\\\/www.365mountainbike.it\\\/fantamtb\\\/storia-mtb\\\/downhill-dh\\\/campionato-del-mondo-downhill-2003\\\/#primaryimage\"},\"thumbnailUrl\":\"https:\\\/\\\/www.365mountainbike.it\\\/fantamtb\\\/wp-content\\\/uploads\\\/2024\\\/01\\\/\u00a9GABRIELE-PUTZU-AFP-via-Getty-Images-GREG-MINNAAR-CAMPIONE-DEL-MONDO-2003-DH-MAN.jpg\",\"keywords\":[\"Anne Caroline Chausson\",\"Bernardita Pizarro\",\"Cyrille Kurtz\",\"Fabien Barel\",\"Gee Atherton\",\"Greg Minnaar\",\"Lugano\",\"Mickael Pascal\",\"Mondiali\",\"Nolvenn Le Caer\",\"Sabrina Jonnier\",\"Sam Hill\",\"Scarlett Hagen\"],\"articleSection\":[\"Downhill DH\"],\"inLanguage\":\"it-IT\"},{\"@type\":\"WebPage\",\"@id\":\"https:\\\/\\\/www.365mountainbike.it\\\/fantamtb\\\/storia-mtb\\\/downhill-dh\\\/campionato-del-mondo-downhill-2003\\\/\",\"url\":\"https:\\\/\\\/www.365mountainbike.it\\\/fantamtb\\\/storia-mtb\\\/downhill-dh\\\/campionato-del-mondo-downhill-2003\\\/\",\"name\":\"Classifiche Campionati Mondiali DH 2003, Lugano (SVIZZERA) | FANTAmtb\",\"isPartOf\":{\"@id\":\"https:\\\/\\\/www.365mountainbike.it\\\/fantamtb\\\/#website\"},\"primaryImageOfPage\":{\"@id\":\"https:\\\/\\\/www.365mountainbike.it\\\/fantamtb\\\/storia-mtb\\\/downhill-dh\\\/campionato-del-mondo-downhill-2003\\\/#primaryimage\"},\"image\":{\"@id\":\"https:\\\/\\\/www.365mountainbike.it\\\/fantamtb\\\/storia-mtb\\\/downhill-dh\\\/campionato-del-mondo-downhill-2003\\\/#primaryimage\"},\"thumbnailUrl\":\"https:\\\/\\\/www.365mountainbike.it\\\/fantamtb\\\/wp-content\\\/uploads\\\/2024\\\/01\\\/\u00a9GABRIELE-PUTZU-AFP-via-Getty-Images-GREG-MINNAAR-CAMPIONE-DEL-MONDO-2003-DH-MAN.jpg\",\"datePublished\":\"2011-05-12T11:02:22+00:00\",\"dateModified\":\"2026-01-24T16:37:13+00:00\",\"author\":{\"@id\":\"https:\\\/\\\/www.365mountainbike.it\\\/fantamtb\\\/#\\\/schema\\\/person\\\/7b4a30b446207c8d00024d9717c3b63b\"},\"breadcrumb\":{\"@id\":\"https:\\\/\\\/www.365mountainbike.it\\\/fantamtb\\\/storia-mtb\\\/downhill-dh\\\/campionato-del-mondo-downhill-2003\\\/#breadcrumb\"},\"inLanguage\":\"it-IT\",\"potentialAction\":[{\"@type\":\"ReadAction\",\"target\":[\"https:\\\/\\\/www.365mountainbike.it\\\/fantamtb\\\/storia-mtb\\\/downhill-dh\\\/campionato-del-mondo-downhill-2003\\\/\"]}]},{\"@type\":\"ImageObject\",\"inLanguage\":\"it-IT\",\"@id\":\"https:\\\/\\\/www.365mountainbike.it\\\/fantamtb\\\/storia-mtb\\\/downhill-dh\\\/campionato-del-mondo-downhill-2003\\\/#primaryimage\",\"url\":\"https:\\\/\\\/www.365mountainbike.it\\\/fantamtb\\\/wp-content\\\/uploads\\\/2024\\\/01\\\/\u00a9GABRIELE-PUTZU-AFP-via-Getty-Images-GREG-MINNAAR-CAMPIONE-DEL-MONDO-2003-DH-MAN.jpg\",\"contentUrl\":\"https:\\\/\\\/www.365mountainbike.it\\\/fantamtb\\\/wp-content\\\/uploads\\\/2024\\\/01\\\/\u00a9GABRIELE-PUTZU-AFP-via-Getty-Images-GREG-MINNAAR-CAMPIONE-DEL-MONDO-2003-DH-MAN.jpg\",\"width\":2048,\"height\":1611,\"caption\":\"\u00a9GABRIELE PUTZU\\\/AFP via Getty Images - GREG MINNAAR CAMPIONE DEL MONDO 2003 DH MAN\"},{\"@type\":\"BreadcrumbList\",\"@id\":\"https:\\\/\\\/www.365mountainbike.it\\\/fantamtb\\\/storia-mtb\\\/downhill-dh\\\/campionato-del-mondo-downhill-2003\\\/#breadcrumb\",\"itemListElement\":[{\"@type\":\"ListItem\",\"position\":1,\"name\":\"Home\",\"item\":\"https:\\\/\\\/www.365mountainbike.it\\\/fantamtb\\\/\"},{\"@type\":\"ListItem\",\"position\":2,\"name\":\"Storia MTB\",\"item\":\"https:\\\/\\\/www.365mountainbike.it\\\/fantamtb\\\/storia-mtb\\\/\"},{\"@type\":\"ListItem\",\"position\":3,\"name\":\"DH Downhill\",\"item\":\"https:\\\/\\\/www.365mountainbike.it\\\/fantamtb\\\/storia-mtb\\\/downhill-dh\\\/\"},{\"@type\":\"ListItem\",\"position\":4,\"name\":\"Campionati Mondiali DH 2003, Lugano (SVIZZERA)\"}]},{\"@type\":\"WebSite\",\"@id\":\"https:\\\/\\\/www.365mountainbike.it\\\/fantamtb\\\/#website\",\"url\":\"https:\\\/\\\/www.365mountainbike.it\\\/fantamtb\\\/\",\"name\":\"FANTAmtb\",\"description\":\"Il FANTAciclismo della Mountain Bike (FANTAcycling)\",\"potentialAction\":[{\"@type\":\"SearchAction\",\"target\":{\"@type\":\"EntryPoint\",\"urlTemplate\":\"https:\\\/\\\/www.365mountainbike.it\\\/fantamtb\\\/?s={search_term_string}\"},\"query-input\":{\"@type\":\"PropertyValueSpecification\",\"valueRequired\":true,\"valueName\":\"search_term_string\"}}],\"inLanguage\":\"it-IT\"},{\"@type\":\"Person\",\"@id\":\"https:\\\/\\\/www.365mountainbike.it\\\/fantamtb\\\/#\\\/schema\\\/person\\\/7b4a30b446207c8d00024d9717c3b63b\",\"name\":\"FANTAmtb\",\"image\":{\"@type\":\"ImageObject\",\"inLanguage\":\"it-IT\",\"@id\":\"\\\/\\\/www.365mountainbike.it\\\/fantamtb\\\/wp-content\\\/uploads\\\/wpforo\\\/avatars\\\/davide_1.png\",\"url\":\"\\\/\\\/www.365mountainbike.it\\\/fantamtb\\\/wp-content\\\/uploads\\\/wpforo\\\/avatars\\\/davide_1.png\",\"contentUrl\":\"\\\/\\\/www.365mountainbike.it\\\/fantamtb\\\/wp-content\\\/uploads\\\/wpforo\\\/avatars\\\/davide_1.png\",\"caption\":\"FANTAmtb\"},\"sameAs\":[\"https:\\\/\\\/www.365mountainbike.it\\\/fantamtb\"],\"url\":\"https:\\\/\\\/www.365mountainbike.it\\\/fantamtb\\\/author\\\/davide\\\/\"}]}<\/script>\n<!-- \/ Yoast SEO plugin. -->","yoast_head_json":{"title":"Classifiche Campionati Mondiali DH 2003, Lugano (SVIZZERA) | FANTAmtb","robots":{"index":"index","follow":"follow","max-snippet":"max-snippet:-1","max-image-preview":"max-image-preview:large","max-video-preview":"max-video-preview:-1"},"canonical":"https:\/\/www.365mountainbike.it\/fantamtb\/storia-mtb\/downhill-dh\/campionato-del-mondo-downhill-2003\/","og_locale":"it_IT","og_type":"article","og_title":"Classifiche Campionati Mondiali DH 2003, Lugano (SVIZZERA) | FANTAmtb","og_description":"Lugano 1\/7 Settembre &#8211; Greg Minnaar, dopo il 3\u00b0 posto l&#8217;anno scorso, si laurea Campione del Mondo DH, primo Sudafricano nella storia. Assenza pesante quella del campione in carica&nbsp;Nico Vouilloz che abbandona il circus della Downhill dopo 10 titoli iridati per trovare nuovi stimoli nel Rally partecipando al campionato mondiale WRC a bordo di una [&hellip;]","og_url":"https:\/\/www.365mountainbike.it\/fantamtb\/storia-mtb\/downhill-dh\/campionato-del-mondo-downhill-2003\/","og_site_name":"FANTAmtb","article_published_time":"2011-05-12T11:02:22+00:00","article_modified_time":"2026-01-24T16:37:13+00:00","og_image":[{"width":2048,"height":1611,"url":"https:\/\/www.365mountainbike.it\/fantamtb\/wp-content\/uploads\/2024\/01\/\u00a9GABRIELE-PUTZU-AFP-via-Getty-Images-GREG-MINNAAR-CAMPIONE-DEL-MONDO-2003-DH-MAN.jpg","type":"image\/jpeg"}],"author":"FANTAmtb","twitter_card":"summary_large_image","twitter_misc":{"Scritto da":"FANTAmtb","Tempo di lettura stimato":"24 minuti"},"schema":{"@context":"https:\/\/schema.org","@graph":[{"@type":"Article","@id":"https:\/\/www.365mountainbike.it\/fantamtb\/storia-mtb\/downhill-dh\/campionato-del-mondo-downhill-2003\/#article","isPartOf":{"@id":"https:\/\/www.365mountainbike.it\/fantamtb\/storia-mtb\/downhill-dh\/campionato-del-mondo-downhill-2003\/"},"author":{"name":"FANTAmtb","@id":"https:\/\/www.365mountainbike.it\/fantamtb\/#\/schema\/person\/7b4a30b446207c8d00024d9717c3b63b"},"headline":"Campionati Mondiali DH 2003, Lugano (SVIZZERA)","datePublished":"2011-05-12T11:02:22+00:00","dateModified":"2026-01-24T16:37:13+00:00","mainEntityOfPage":{"@id":"https:\/\/www.365mountainbike.it\/fantamtb\/storia-mtb\/downhill-dh\/campionato-del-mondo-downhill-2003\/"},"wordCount":907,"image":{"@id":"https:\/\/www.365mountainbike.it\/fantamtb\/storia-mtb\/downhill-dh\/campionato-del-mondo-downhill-2003\/#primaryimage"},"thumbnailUrl":"https:\/\/www.365mountainbike.it\/fantamtb\/wp-content\/uploads\/2024\/01\/\u00a9GABRIELE-PUTZU-AFP-via-Getty-Images-GREG-MINNAAR-CAMPIONE-DEL-MONDO-2003-DH-MAN.jpg","keywords":["Anne Caroline Chausson","Bernardita Pizarro","Cyrille Kurtz","Fabien Barel","Gee Atherton","Greg Minnaar","Lugano","Mickael Pascal","Mondiali","Nolvenn Le Caer","Sabrina Jonnier","Sam Hill","Scarlett Hagen"],"articleSection":["Downhill DH"],"inLanguage":"it-IT"},{"@type":"WebPage","@id":"https:\/\/www.365mountainbike.it\/fantamtb\/storia-mtb\/downhill-dh\/campionato-del-mondo-downhill-2003\/","url":"https:\/\/www.365mountainbike.it\/fantamtb\/storia-mtb\/downhill-dh\/campionato-del-mondo-downhill-2003\/","name":"Classifiche Campionati Mondiali DH 2003, Lugano (SVIZZERA) | FANTAmtb","isPartOf":{"@id":"https:\/\/www.365mountainbike.it\/fantamtb\/#website"},"primaryImageOfPage":{"@id":"https:\/\/www.365mountainbike.it\/fantamtb\/storia-mtb\/downhill-dh\/campionato-del-mondo-downhill-2003\/#primaryimage"},"image":{"@id":"https:\/\/www.365mountainbike.it\/fantamtb\/storia-mtb\/downhill-dh\/campionato-del-mondo-downhill-2003\/#primaryimage"},"thumbnailUrl":"https:\/\/www.365mountainbike.it\/fantamtb\/wp-content\/uploads\/2024\/01\/\u00a9GABRIELE-PUTZU-AFP-via-Getty-Images-GREG-MINNAAR-CAMPIONE-DEL-MONDO-2003-DH-MAN.jpg","datePublished":"2011-05-12T11:02:22+00:00","dateModified":"2026-01-24T16:37:13+00:00","author":{"@id":"https:\/\/www.365mountainbike.it\/fantamtb\/#\/schema\/person\/7b4a30b446207c8d00024d9717c3b63b"},"breadcrumb":{"@id":"https:\/\/www.365mountainbike.it\/fantamtb\/storia-mtb\/downhill-dh\/campionato-del-mondo-downhill-2003\/#breadcrumb"},"inLanguage":"it-IT","potentialAction":[{"@type":"ReadAction","target":["https:\/\/www.365mountainbike.it\/fantamtb\/storia-mtb\/downhill-dh\/campionato-del-mondo-downhill-2003\/"]}]},{"@type":"ImageObject","inLanguage":"it-IT","@id":"https:\/\/www.365mountainbike.it\/fantamtb\/storia-mtb\/downhill-dh\/campionato-del-mondo-downhill-2003\/#primaryimage","url":"https:\/\/www.365mountainbike.it\/fantamtb\/wp-content\/uploads\/2024\/01\/\u00a9GABRIELE-PUTZU-AFP-via-Getty-Images-GREG-MINNAAR-CAMPIONE-DEL-MONDO-2003-DH-MAN.jpg","contentUrl":"https:\/\/www.365mountainbike.it\/fantamtb\/wp-content\/uploads\/2024\/01\/\u00a9GABRIELE-PUTZU-AFP-via-Getty-Images-GREG-MINNAAR-CAMPIONE-DEL-MONDO-2003-DH-MAN.jpg","width":2048,"height":1611,"caption":"\u00a9GABRIELE PUTZU\/AFP via Getty Images - GREG MINNAAR CAMPIONE DEL MONDO 2003 DH MAN"},{"@type":"BreadcrumbList","@id":"https:\/\/www.365mountainbike.it\/fantamtb\/storia-mtb\/downhill-dh\/campionato-del-mondo-downhill-2003\/#breadcrumb","itemListElement":[{"@type":"ListItem","position":1,"name":"Home","item":"https:\/\/www.365mountainbike.it\/fantamtb\/"},{"@type":"ListItem","position":2,"name":"Storia MTB","item":"https:\/\/www.365mountainbike.it\/fantamtb\/storia-mtb\/"},{"@type":"ListItem","position":3,"name":"DH Downhill","item":"https:\/\/www.365mountainbike.it\/fantamtb\/storia-mtb\/downhill-dh\/"},{"@type":"ListItem","position":4,"name":"Campionati Mondiali DH 2003, Lugano (SVIZZERA)"}]},{"@type":"WebSite","@id":"https:\/\/www.365mountainbike.it\/fantamtb\/#website","url":"https:\/\/www.365mountainbike.it\/fantamtb\/","name":"FANTAmtb","description":"Il FANTAciclismo della Mountain Bike (FANTAcycling)","potentialAction":[{"@type":"SearchAction","target":{"@type":"EntryPoint","urlTemplate":"https:\/\/www.365mountainbike.it\/fantamtb\/?s={search_term_string}"},"query-input":{"@type":"PropertyValueSpecification","valueRequired":true,"valueName":"search_term_string"}}],"inLanguage":"it-IT"},{"@type":"Person","@id":"https:\/\/www.365mountainbike.it\/fantamtb\/#\/schema\/person\/7b4a30b446207c8d00024d9717c3b63b","name":"FANTAmtb","image":{"@type":"ImageObject","inLanguage":"it-IT","@id":"\/\/www.365mountainbike.it\/fantamtb\/wp-content\/uploads\/wpforo\/avatars\/davide_1.png","url":"\/\/www.365mountainbike.it\/fantamtb\/wp-content\/uploads\/wpforo\/avatars\/davide_1.png","contentUrl":"\/\/www.365mountainbike.it\/fantamtb\/wp-content\/uploads\/wpforo\/avatars\/davide_1.png","caption":"FANTAmtb"},"sameAs":["https:\/\/www.365mountainbike.it\/fantamtb"],"url":"https:\/\/www.365mountainbike.it\/fantamtb\/author\/davide\/"}]}},"gt_translate_keys":[{"key":"link","format":"url"}],"_links":{"self":[{"href":"https:\/\/www.365mountainbike.it\/fantamtb\/wp-json\/wp\/v2\/posts\/2624","targetHints":{"allow":["GET"]}}],"collection":[{"href":"https:\/\/www.365mountainbike.it\/fantamtb\/wp-json\/wp\/v2\/posts"}],"about":[{"href":"https:\/\/www.365mountainbike.it\/fantamtb\/wp-json\/wp\/v2\/types\/post"}],"author":[{"embeddable":true,"href":"https:\/\/www.365mountainbike.it\/fantamtb\/wp-json\/wp\/v2\/users\/1"}],"replies":[{"embeddable":true,"href":"https:\/\/www.365mountainbike.it\/fantamtb\/wp-json\/wp\/v2\/comments?post=2624"}],"version-history":[{"count":5,"href":"https:\/\/www.365mountainbike.it\/fantamtb\/wp-json\/wp\/v2\/posts\/2624\/revisions"}],"predecessor-version":[{"id":25398,"href":"https:\/\/www.365mountainbike.it\/fantamtb\/wp-json\/wp\/v2\/posts\/2624\/revisions\/25398"}],"wp:featuredmedia":[{"embeddable":true,"href":"https:\/\/www.365mountainbike.it\/fantamtb\/wp-json\/wp\/v2\/media\/22396"}],"wp:attachment":[{"href":"https:\/\/www.365mountainbike.it\/fantamtb\/wp-json\/wp\/v2\/media?parent=2624"}],"wp:term":[{"taxonomy":"category","embeddable":true,"href":"https:\/\/www.365mountainbike.it\/fantamtb\/wp-json\/wp\/v2\/categories?post=2624"},{"taxonomy":"post_tag","embeddable":true,"href":"https:\/\/www.365mountainbike.it\/fantamtb\/wp-json\/wp\/v2\/tags?post=2624"}],"curies":[{"name":"wp","href":"https:\/\/api.w.org\/{rel}","templated":true}]}}