{"id":25996,"date":"2026-03-04T18:52:14","date_gmt":"2026-03-04T18:52:14","guid":{"rendered":"https:\/\/www.365mountainbike.it\/fantamtb\/?p=25996"},"modified":"2026-03-04T18:52:15","modified_gmt":"2026-03-04T18:52:15","slug":"henri-kiefer","status":"publish","type":"post","link":"https:\/\/www.365mountainbike.it\/fantamtb\/atleti\/henri-kiefer\/","title":{"rendered":"Henri Kiefer","gt_translate_keys":[{"key":"rendered","format":"text"}]},"content":{"rendered":"\n<p>Henri Kiefer (nato nel 2001 in Germania) \u00e8 un biker specializzato nel downhill, cresciuto nel vivaio internazionale fino ad affermarsi tra gli \u00e9lite. Dopo risultati di rilievo nelle categorie giovanili, si \u00e8 distinto nel circuito della UCI Mountain Bike World Cup con piazzamenti di prestigio e costante crescita tecnica. Conosciuto per uno stile pulito e veloce, \u00e8 considerato uno dei talenti emergenti della scena gravity europea.<\/p>\n","protected":false,"gt_translate_keys":[{"key":"rendered","format":"html"}]},"excerpt":{"rendered":"<p>Henri Kiefer (nato nel 2001 in Germania) \u00e8 un biker specializzato nel downhill, cresciuto nel vivaio internazionale fino ad affermarsi tra gli \u00e9lite. Dopo risultati di rilievo nelle categorie giovanili, si \u00e8 distinto nel circuito della UCI Mountain Bike World Cup con piazzamenti di prestigio e costante crescita tecnica. Conosciuto per uno stile pulito e [&hellip;]<\/p>\n","protected":false,"gt_translate_keys":[{"key":"rendered","format":"html"}]},"author":1,"featured_media":25998,"comment_status":"closed","ping_status":"open","sticky":false,"template":"","format":"standard","meta":{"footnotes":""},"categories":[2],"tags":[509,1264],"class_list":["post-25996","post","type-post","status-publish","format-standard","has-post-thumbnail","hentry","category-atleti","tag-downhill","tag-henri-kiefer"],"yoast_head":"<!-- This site is optimized with the Yoast SEO plugin v27.5 - https:\/\/yoast.com\/product\/yoast-seo-wordpress\/ -->\n<title>Biografia Henri Kiefer - Atleta MTB (foto\/risultati) | FANTAmtb<\/title>\n<meta name=\"robots\" content=\"index, follow, max-snippet:-1, max-image-preview:large, max-video-preview:-1\" \/>\n<link rel=\"canonical\" href=\"https:\/\/www.365mountainbike.it\/fantamtb\/atleti\/henri-kiefer\/\" \/>\n<meta property=\"og:locale\" content=\"it_IT\" \/>\n<meta property=\"og:type\" content=\"article\" \/>\n<meta property=\"og:title\" content=\"Biografia Henri Kiefer - Atleta MTB (foto\/risultati) | FANTAmtb\" \/>\n<meta property=\"og:description\" content=\"Henri Kiefer (nato nel 2001 in Germania) \u00e8 un biker specializzato nel downhill, cresciuto nel vivaio internazionale fino ad affermarsi tra gli \u00e9lite. Dopo risultati di rilievo nelle categorie giovanili, si \u00e8 distinto nel circuito della UCI Mountain Bike World Cup con piazzamenti di prestigio e costante crescita tecnica. Conosciuto per uno stile pulito e [&hellip;]\" \/>\n<meta property=\"og:url\" content=\"https:\/\/www.365mountainbike.it\/fantamtb\/atleti\/henri-kiefer\/\" \/>\n<meta property=\"og:site_name\" content=\"FANTAmtb\" \/>\n<meta property=\"article:published_time\" content=\"2026-03-04T18:52:14+00:00\" \/>\n<meta property=\"article:modified_time\" content=\"2026-03-04T18:52:15+00:00\" \/>\n<meta property=\"og:image\" content=\"https:\/\/www.365mountainbike.it\/fantamtb\/wp-content\/uploads\/2026\/03\/Henri-Kiefer.jpg\" \/>\n\t<meta property=\"og:image:width\" content=\"1068\" \/>\n\t<meta property=\"og:image:height\" content=\"712\" \/>\n\t<meta property=\"og:image:type\" content=\"image\/jpeg\" \/>\n<meta name=\"author\" content=\"FANTAmtb\" \/>\n<meta name=\"twitter:card\" content=\"summary_large_image\" \/>\n<meta name=\"twitter:label1\" content=\"Scritto da\" \/>\n\t<meta name=\"twitter:data1\" content=\"FANTAmtb\" \/>\n\t<meta name=\"twitter:label2\" content=\"Tempo di lettura stimato\" \/>\n\t<meta name=\"twitter:data2\" content=\"1 minuto\" \/>\n<script type=\"application\/ld+json\" class=\"yoast-schema-graph\">{\"@context\":\"https:\\\/\\\/schema.org\",\"@graph\":[{\"@type\":\"Article\",\"@id\":\"https:\\\/\\\/www.365mountainbike.it\\\/fantamtb\\\/atleti\\\/henri-kiefer\\\/#article\",\"isPartOf\":{\"@id\":\"https:\\\/\\\/www.365mountainbike.it\\\/fantamtb\\\/atleti\\\/henri-kiefer\\\/\"},\"author\":{\"name\":\"FANTAmtb\",\"@id\":\"https:\\\/\\\/www.365mountainbike.it\\\/fantamtb\\\/#\\\/schema\\\/person\\\/7b4a30b446207c8d00024d9717c3b63b\"},\"headline\":\"Henri Kiefer\",\"datePublished\":\"2026-03-04T18:52:14+00:00\",\"dateModified\":\"2026-03-04T18:52:15+00:00\",\"mainEntityOfPage\":{\"@id\":\"https:\\\/\\\/www.365mountainbike.it\\\/fantamtb\\\/atleti\\\/henri-kiefer\\\/\"},\"wordCount\":64,\"image\":{\"@id\":\"https:\\\/\\\/www.365mountainbike.it\\\/fantamtb\\\/atleti\\\/henri-kiefer\\\/#primaryimage\"},\"thumbnailUrl\":\"https:\\\/\\\/www.365mountainbike.it\\\/fantamtb\\\/wp-content\\\/uploads\\\/2026\\\/03\\\/Henri-Kiefer.jpg\",\"keywords\":[\"Downhill\",\"Henri Kiefer\"],\"articleSection\":[\"Atleti\"],\"inLanguage\":\"it-IT\"},{\"@type\":\"WebPage\",\"@id\":\"https:\\\/\\\/www.365mountainbike.it\\\/fantamtb\\\/atleti\\\/henri-kiefer\\\/\",\"url\":\"https:\\\/\\\/www.365mountainbike.it\\\/fantamtb\\\/atleti\\\/henri-kiefer\\\/\",\"name\":\"Biografia Henri Kiefer - Atleta MTB (foto\\\/risultati) | FANTAmtb\",\"isPartOf\":{\"@id\":\"https:\\\/\\\/www.365mountainbike.it\\\/fantamtb\\\/#website\"},\"primaryImageOfPage\":{\"@id\":\"https:\\\/\\\/www.365mountainbike.it\\\/fantamtb\\\/atleti\\\/henri-kiefer\\\/#primaryimage\"},\"image\":{\"@id\":\"https:\\\/\\\/www.365mountainbike.it\\\/fantamtb\\\/atleti\\\/henri-kiefer\\\/#primaryimage\"},\"thumbnailUrl\":\"https:\\\/\\\/www.365mountainbike.it\\\/fantamtb\\\/wp-content\\\/uploads\\\/2026\\\/03\\\/Henri-Kiefer.jpg\",\"datePublished\":\"2026-03-04T18:52:14+00:00\",\"dateModified\":\"2026-03-04T18:52:15+00:00\",\"author\":{\"@id\":\"https:\\\/\\\/www.365mountainbike.it\\\/fantamtb\\\/#\\\/schema\\\/person\\\/7b4a30b446207c8d00024d9717c3b63b\"},\"breadcrumb\":{\"@id\":\"https:\\\/\\\/www.365mountainbike.it\\\/fantamtb\\\/atleti\\\/henri-kiefer\\\/#breadcrumb\"},\"inLanguage\":\"it-IT\",\"potentialAction\":[{\"@type\":\"ReadAction\",\"target\":[\"https:\\\/\\\/www.365mountainbike.it\\\/fantamtb\\\/atleti\\\/henri-kiefer\\\/\"]}]},{\"@type\":\"ImageObject\",\"inLanguage\":\"it-IT\",\"@id\":\"https:\\\/\\\/www.365mountainbike.it\\\/fantamtb\\\/atleti\\\/henri-kiefer\\\/#primaryimage\",\"url\":\"https:\\\/\\\/www.365mountainbike.it\\\/fantamtb\\\/wp-content\\\/uploads\\\/2026\\\/03\\\/Henri-Kiefer.jpg\",\"contentUrl\":\"https:\\\/\\\/www.365mountainbike.it\\\/fantamtb\\\/wp-content\\\/uploads\\\/2026\\\/03\\\/Henri-Kiefer.jpg\",\"width\":1068,\"height\":712,\"caption\":\"Henri Kiefer\"},{\"@type\":\"BreadcrumbList\",\"@id\":\"https:\\\/\\\/www.365mountainbike.it\\\/fantamtb\\\/atleti\\\/henri-kiefer\\\/#breadcrumb\",\"itemListElement\":[{\"@type\":\"ListItem\",\"position\":1,\"name\":\"Home\",\"item\":\"https:\\\/\\\/www.365mountainbike.it\\\/fantamtb\\\/\"},{\"@type\":\"ListItem\",\"position\":2,\"name\":\"Henri Kiefer\"}]},{\"@type\":\"WebSite\",\"@id\":\"https:\\\/\\\/www.365mountainbike.it\\\/fantamtb\\\/#website\",\"url\":\"https:\\\/\\\/www.365mountainbike.it\\\/fantamtb\\\/\",\"name\":\"FANTAmtb\",\"description\":\"Il FANTAciclismo della Mountain Bike (FANTAcycling)\",\"potentialAction\":[{\"@type\":\"SearchAction\",\"target\":{\"@type\":\"EntryPoint\",\"urlTemplate\":\"https:\\\/\\\/www.365mountainbike.it\\\/fantamtb\\\/?s={search_term_string}\"},\"query-input\":{\"@type\":\"PropertyValueSpecification\",\"valueRequired\":true,\"valueName\":\"search_term_string\"}}],\"inLanguage\":\"it-IT\"},{\"@type\":\"Person\",\"@id\":\"https:\\\/\\\/www.365mountainbike.it\\\/fantamtb\\\/#\\\/schema\\\/person\\\/7b4a30b446207c8d00024d9717c3b63b\",\"name\":\"FANTAmtb\",\"image\":{\"@type\":\"ImageObject\",\"inLanguage\":\"it-IT\",\"@id\":\"\\\/\\\/www.365mountainbike.it\\\/fantamtb\\\/wp-content\\\/uploads\\\/wpforo\\\/avatars\\\/davide_1.png\",\"url\":\"\\\/\\\/www.365mountainbike.it\\\/fantamtb\\\/wp-content\\\/uploads\\\/wpforo\\\/avatars\\\/davide_1.png\",\"contentUrl\":\"\\\/\\\/www.365mountainbike.it\\\/fantamtb\\\/wp-content\\\/uploads\\\/wpforo\\\/avatars\\\/davide_1.png\",\"caption\":\"FANTAmtb\"},\"sameAs\":[\"https:\\\/\\\/www.365mountainbike.it\\\/fantamtb\"],\"url\":\"https:\\\/\\\/www.365mountainbike.it\\\/fantamtb\\\/author\\\/davide\\\/\"}]}<\/script>\n<!-- \/ Yoast SEO plugin. -->","yoast_head_json":{"title":"Biografia Henri Kiefer - Atleta MTB (foto\/risultati) | FANTAmtb","robots":{"index":"index","follow":"follow","max-snippet":"max-snippet:-1","max-image-preview":"max-image-preview:large","max-video-preview":"max-video-preview:-1"},"canonical":"https:\/\/www.365mountainbike.it\/fantamtb\/atleti\/henri-kiefer\/","og_locale":"it_IT","og_type":"article","og_title":"Biografia Henri Kiefer - Atleta MTB (foto\/risultati) | FANTAmtb","og_description":"Henri Kiefer (nato nel 2001 in Germania) \u00e8 un biker specializzato nel downhill, cresciuto nel vivaio internazionale fino ad affermarsi tra gli \u00e9lite. Dopo risultati di rilievo nelle categorie giovanili, si \u00e8 distinto nel circuito della UCI Mountain Bike World Cup con piazzamenti di prestigio e costante crescita tecnica. Conosciuto per uno stile pulito e [&hellip;]","og_url":"https:\/\/www.365mountainbike.it\/fantamtb\/atleti\/henri-kiefer\/","og_site_name":"FANTAmtb","article_published_time":"2026-03-04T18:52:14+00:00","article_modified_time":"2026-03-04T18:52:15+00:00","og_image":[{"width":1068,"height":712,"url":"https:\/\/www.365mountainbike.it\/fantamtb\/wp-content\/uploads\/2026\/03\/Henri-Kiefer.jpg","type":"image\/jpeg"}],"author":"FANTAmtb","twitter_card":"summary_large_image","twitter_misc":{"Scritto da":"FANTAmtb","Tempo di lettura stimato":"1 minuto"},"schema":{"@context":"https:\/\/schema.org","@graph":[{"@type":"Article","@id":"https:\/\/www.365mountainbike.it\/fantamtb\/atleti\/henri-kiefer\/#article","isPartOf":{"@id":"https:\/\/www.365mountainbike.it\/fantamtb\/atleti\/henri-kiefer\/"},"author":{"name":"FANTAmtb","@id":"https:\/\/www.365mountainbike.it\/fantamtb\/#\/schema\/person\/7b4a30b446207c8d00024d9717c3b63b"},"headline":"Henri Kiefer","datePublished":"2026-03-04T18:52:14+00:00","dateModified":"2026-03-04T18:52:15+00:00","mainEntityOfPage":{"@id":"https:\/\/www.365mountainbike.it\/fantamtb\/atleti\/henri-kiefer\/"},"wordCount":64,"image":{"@id":"https:\/\/www.365mountainbike.it\/fantamtb\/atleti\/henri-kiefer\/#primaryimage"},"thumbnailUrl":"https:\/\/www.365mountainbike.it\/fantamtb\/wp-content\/uploads\/2026\/03\/Henri-Kiefer.jpg","keywords":["Downhill","Henri Kiefer"],"articleSection":["Atleti"],"inLanguage":"it-IT"},{"@type":"WebPage","@id":"https:\/\/www.365mountainbike.it\/fantamtb\/atleti\/henri-kiefer\/","url":"https:\/\/www.365mountainbike.it\/fantamtb\/atleti\/henri-kiefer\/","name":"Biografia Henri Kiefer - Atleta MTB (foto\/risultati) | FANTAmtb","isPartOf":{"@id":"https:\/\/www.365mountainbike.it\/fantamtb\/#website"},"primaryImageOfPage":{"@id":"https:\/\/www.365mountainbike.it\/fantamtb\/atleti\/henri-kiefer\/#primaryimage"},"image":{"@id":"https:\/\/www.365mountainbike.it\/fantamtb\/atleti\/henri-kiefer\/#primaryimage"},"thumbnailUrl":"https:\/\/www.365mountainbike.it\/fantamtb\/wp-content\/uploads\/2026\/03\/Henri-Kiefer.jpg","datePublished":"2026-03-04T18:52:14+00:00","dateModified":"2026-03-04T18:52:15+00:00","author":{"@id":"https:\/\/www.365mountainbike.it\/fantamtb\/#\/schema\/person\/7b4a30b446207c8d00024d9717c3b63b"},"breadcrumb":{"@id":"https:\/\/www.365mountainbike.it\/fantamtb\/atleti\/henri-kiefer\/#breadcrumb"},"inLanguage":"it-IT","potentialAction":[{"@type":"ReadAction","target":["https:\/\/www.365mountainbike.it\/fantamtb\/atleti\/henri-kiefer\/"]}]},{"@type":"ImageObject","inLanguage":"it-IT","@id":"https:\/\/www.365mountainbike.it\/fantamtb\/atleti\/henri-kiefer\/#primaryimage","url":"https:\/\/www.365mountainbike.it\/fantamtb\/wp-content\/uploads\/2026\/03\/Henri-Kiefer.jpg","contentUrl":"https:\/\/www.365mountainbike.it\/fantamtb\/wp-content\/uploads\/2026\/03\/Henri-Kiefer.jpg","width":1068,"height":712,"caption":"Henri Kiefer"},{"@type":"BreadcrumbList","@id":"https:\/\/www.365mountainbike.it\/fantamtb\/atleti\/henri-kiefer\/#breadcrumb","itemListElement":[{"@type":"ListItem","position":1,"name":"Home","item":"https:\/\/www.365mountainbike.it\/fantamtb\/"},{"@type":"ListItem","position":2,"name":"Henri Kiefer"}]},{"@type":"WebSite","@id":"https:\/\/www.365mountainbike.it\/fantamtb\/#website","url":"https:\/\/www.365mountainbike.it\/fantamtb\/","name":"FANTAmtb","description":"Il FANTAciclismo della Mountain Bike (FANTAcycling)","potentialAction":[{"@type":"SearchAction","target":{"@type":"EntryPoint","urlTemplate":"https:\/\/www.365mountainbike.it\/fantamtb\/?s={search_term_string}"},"query-input":{"@type":"PropertyValueSpecification","valueRequired":true,"valueName":"search_term_string"}}],"inLanguage":"it-IT"},{"@type":"Person","@id":"https:\/\/www.365mountainbike.it\/fantamtb\/#\/schema\/person\/7b4a30b446207c8d00024d9717c3b63b","name":"FANTAmtb","image":{"@type":"ImageObject","inLanguage":"it-IT","@id":"\/\/www.365mountainbike.it\/fantamtb\/wp-content\/uploads\/wpforo\/avatars\/davide_1.png","url":"\/\/www.365mountainbike.it\/fantamtb\/wp-content\/uploads\/wpforo\/avatars\/davide_1.png","contentUrl":"\/\/www.365mountainbike.it\/fantamtb\/wp-content\/uploads\/wpforo\/avatars\/davide_1.png","caption":"FANTAmtb"},"sameAs":["https:\/\/www.365mountainbike.it\/fantamtb"],"url":"https:\/\/www.365mountainbike.it\/fantamtb\/author\/davide\/"}]}},"gt_translate_keys":[{"key":"link","format":"url"}],"_links":{"self":[{"href":"https:\/\/www.365mountainbike.it\/fantamtb\/wp-json\/wp\/v2\/posts\/25996","targetHints":{"allow":["GET"]}}],"collection":[{"href":"https:\/\/www.365mountainbike.it\/fantamtb\/wp-json\/wp\/v2\/posts"}],"about":[{"href":"https:\/\/www.365mountainbike.it\/fantamtb\/wp-json\/wp\/v2\/types\/post"}],"author":[{"embeddable":true,"href":"https:\/\/www.365mountainbike.it\/fantamtb\/wp-json\/wp\/v2\/users\/1"}],"replies":[{"embeddable":true,"href":"https:\/\/www.365mountainbike.it\/fantamtb\/wp-json\/wp\/v2\/comments?post=25996"}],"version-history":[{"count":2,"href":"https:\/\/www.365mountainbike.it\/fantamtb\/wp-json\/wp\/v2\/posts\/25996\/revisions"}],"predecessor-version":[{"id":26001,"href":"https:\/\/www.365mountainbike.it\/fantamtb\/wp-json\/wp\/v2\/posts\/25996\/revisions\/26001"}],"wp:featuredmedia":[{"embeddable":true,"href":"https:\/\/www.365mountainbike.it\/fantamtb\/wp-json\/wp\/v2\/media\/25998"}],"wp:attachment":[{"href":"https:\/\/www.365mountainbike.it\/fantamtb\/wp-json\/wp\/v2\/media?parent=25996"}],"wp:term":[{"taxonomy":"category","embeddable":true,"href":"https:\/\/www.365mountainbike.it\/fantamtb\/wp-json\/wp\/v2\/categories?post=25996"},{"taxonomy":"post_tag","embeddable":true,"href":"https:\/\/www.365mountainbike.it\/fantamtb\/wp-json\/wp\/v2\/tags?post=25996"}],"curies":[{"name":"wp","href":"https:\/\/api.w.org\/{rel}","templated":true}]}}