{"id":2582,"date":"2014-11-25T13:06:47","date_gmt":"2014-11-25T12:06:47","guid":{"rendered":"\/database\/gare-enduro\/superenduro-2012\/"},"modified":"2026-01-23T17:52:37","modified_gmt":"2026-01-23T17:52:37","slug":"superenduro-2012","status":"publish","type":"post","link":"https:\/\/www.365mountainbike.it\/fantamtb\/storia-mtb\/enduro-mtb\/superenduro-2012\/","title":{"rendered":"Superenduro 2012","gt_translate_keys":[{"key":"rendered","format":"text"}]},"content":{"rendered":"\n<p>L\u2019inglese del team Atherton su GT ha letteralmente dominato l&#8217;ultima prova a Finale, vincendo tutte e cinque le PS, senza lasciare nulla agli avversari. Anche tra le donne fin dalle prime curve \u00e8 stato chiara la supremazia di Anne Caroline Chausson (Ibis \u2013 Sco Dijon), alla prima esperienza nel Superenduro ha chiuso con ben 3min di vantaggio sulle avversarie e addirittura quarantacinquesima assoluta!<\/p>\n\n\n\n<p>Ma questa volta non c\u2019era in gioco solo un weekend di gara, ma un intero circuito e bisognava incoronare i vincitori. Per la categoria maschile vince Davide Sottocornola, team Cicobikes Endura su Ibis, che aveva gi\u00e0 la vittoria in tasca, dopo una stagione sempre al top, confermata anche dal risultato della seconda posizione qui a Finale. Tra le donne la conquista del titolo \u00e8 stata pi\u00f9 combattuta e alla fine a spuntarla \u00e8 stata Maria Federica Zanotto (Trek, team Scavezzon), grazie al terzo gradino del podio di quest\u2019ultima tappa.<\/p>\n\n\n\n<p>Nella gara femminile, alle spalle della Chausson la campionessa del mondo under 23 slovena Tanja Zakelj (Orbea \u2013 Salcano Factory Team) seguita da Maria Federica Zanotto (Trek \u2013 Scavezzon).<\/p>\n\n\n\n<p>Dan Atherton: \u201c<em>Questa vittoria \u00e8 stata il frutto di un anno di duro lavoro, sono molto contento per la prestazione di oggi e per la mia prima vittoria nel circuito. L\u2019enduro \u00e8 in grande crescita e credo che il futuro della disciplina sia nelle mani del Superenduro<\/em>\u201d.<br>Davide Sottocornola: \u201c<em>E\u2019 stato un gran finale di stagione per me, ci tenevo molto a fare bene a Finale, sono soddisfattissimo della giornata. I miei sforzi sono stati premiati dopo tanto sacrificio, allenamenti dopo il lavoro, alla base di tutto c\u2019\u00e8 una grande passione e la voglia di fare bene<\/em>\u201d.<\/p>\n\n\n\n<p>Curtis Keene: \u201c<em>E\u2019 stata una giornata fantastica, un\u2019esperienza stupenda, spero di tornare il prossimo anno. Rispetto agli States i percorsi sono pi\u00f9 tecnici, ci vogliono i componenti adatti, specialmente le gomme. Anche le risalite sono toste, bisogna avere una preparazione completa<\/em>\u201d.<\/p>\n\n\n\n<p><\/p>\n\n\n\n<figure class=\"wp-block-table is-style-stripes\"><table class=\"has-black-color has-text-color\"><tbody><tr><td><img loading=\"lazy\" decoding=\"async\" width=\"20\" height=\"12\" border=\"0\" src=\"\/fantamtb\/wp-content\/images\/ita.png\" alt=\"ITA\">&nbsp;Golfo Dainese<br><a href=\"https:\/\/www.365mountainbike.it\/fantamtb\/wp-content\/images\/results\/superenduro\/2012_golfodainese_pro.pdf\" target=\"_blank\" rel=\"noreferrer noopener\">CLASSIFICA COMPLETA<\/a><\/td><td><img decoding=\"async\" border=\"0\" style=\"border: 0pt none;\" src=\"\/fantamtb\/wp-content\/images\/1.png\" alt=\"prima posizione\">&nbsp;<img loading=\"lazy\" decoding=\"async\" width=\"19\" height=\"13\" border=\"0\" src=\"\/fantamtb\/wp-content\/images\/ita.png\" alt=\"ITA\">&nbsp;<a href=\"https:\/\/www.365mountainbike.it\/fantamtb\/storia-mtb\/atleti\/davide-sottocornola\/\">Davide SOTTOCORNOLA<\/a><br><img decoding=\"async\" border=\"0\" style=\"border: 0pt none;\" src=\"\/fantamtb\/wp-content\/images\/2.png\" alt=\"seconda posizione\">&nbsp;<img loading=\"lazy\" decoding=\"async\" width=\"19\" height=\"13\" border=\"0\" src=\"\/fantamtb\/wp-content\/images\/ita.png\" alt=\"ITA\">&nbsp;Alex Lupato<br><img decoding=\"async\" border=\"0\" style=\"border: 0pt none;\" src=\"\/fantamtb\/wp-content\/images\/3.png\" alt=\"terza posizione\">&nbsp;<img loading=\"lazy\" decoding=\"async\" width=\"19\" height=\"13\" border=\"0\" src=\"\/fantamtb\/wp-content\/images\/ita.png\" alt=\"ITA\">&nbsp;Andrea Bruno<\/td><td><img decoding=\"async\" border=\"0\" style=\"border: 0pt none;\" src=\"\/fantamtb\/wp-content\/images\/1.png\" alt=\"prima posizione\">&nbsp;<img loading=\"lazy\" decoding=\"async\" width=\"19\" height=\"13\" border=\"0\" src=\"\/fantamtb\/wp-content\/images\/fra.png\" alt=\"FRA\"> <a href=\"https:\/\/www.365mountainbike.it\/fantamtb\/storia-mtb\/atleti\/courdurier-isabeau\/\">Isabeau COURDURIER<\/a><br><img decoding=\"async\" border=\"0\" style=\"border: 0pt none;\" src=\"\/fantamtb\/wp-content\/images\/2.png\" alt=\"seconda posizione\">&nbsp;<img loading=\"lazy\" decoding=\"async\" width=\"19\" height=\"13\" border=\"0\" src=\"\/fantamtb\/wp-content\/images\/fra.png\" alt=\"FRA\"> Morgane Such<br><img decoding=\"async\" border=\"0\" style=\"border: 0pt none;\" src=\"\/fantamtb\/wp-content\/images\/3.png\" alt=\"terza posizione\">&nbsp;<img loading=\"lazy\" decoding=\"async\" width=\"19\" height=\"13\" border=\"0\" src=\"\/fantamtb\/wp-content\/images\/ita.png\" alt=\"ITA\">&nbsp;Chiara Pastore<\/td><\/tr><tr><td>&nbsp;<\/td><td>&nbsp;<\/td><td>&nbsp;<\/td><\/tr><tr><td><img loading=\"lazy\" decoding=\"async\" width=\"20\" height=\"12\" border=\"0\" src=\"\/fantamtb\/wp-content\/images\/ita.png\" alt=\"ITA\">&nbsp;Punta Ala<br><a href=\"https:\/\/www.365mountainbike.it\/fantamtb\/wp-content\/images\/results\/superenduro\/2012_puntaala_pro.pdf\" target=\"_blank\" rel=\"noreferrer noopener\">CLASSIFICA COMPLETA<\/a><\/td><td><img decoding=\"async\" border=\"0\" style=\"border: 0pt none;\" src=\"\/fantamtb\/wp-content\/images\/1.png\" alt=\"prima posizione\">&nbsp;<img loading=\"lazy\" decoding=\"async\" width=\"19\" height=\"13\" border=\"0\" src=\"\/fantamtb\/wp-content\/images\/ita.png\" alt=\"ITA\"> <a href=\"https:\/\/www.365mountainbike.it\/fantamtb\/storia-mtb\/atleti\/andrea-bruno\/\">Andrea BRUNO<\/a><br><img decoding=\"async\" border=\"0\" style=\"border: 0pt none;\" src=\"\/fantamtb\/wp-content\/images\/2.png\" alt=\"seconda posizione\">&nbsp;<img loading=\"lazy\" decoding=\"async\" width=\"19\" height=\"13\" border=\"0\" src=\"\/fantamtb\/wp-content\/images\/gbr.png\" alt=\"GBR\">&nbsp;Alex Stock<br><img decoding=\"async\" border=\"0\" style=\"border: 0pt none;\" src=\"\/fantamtb\/wp-content\/images\/3.png\" alt=\"terza posizione\">&nbsp;<img loading=\"lazy\" decoding=\"async\" width=\"19\" height=\"13\" border=\"0\" src=\"\/fantamtb\/wp-content\/images\/ita.png\" alt=\"ITA\">&nbsp;Davide Sottocornola<\/td><td><img decoding=\"async\" border=\"0\" style=\"border: 0pt none;\" src=\"\/fantamtb\/wp-content\/images\/1.png\" alt=\"prima posizione\">&nbsp;<img loading=\"lazy\" decoding=\"async\" width=\"19\" height=\"13\" border=\"0\" src=\"\/fantamtb\/wp-content\/images\/ita.png\" alt=\"ITA\">&nbsp;<a href=\"https:\/\/www.365mountainbike.it\/fantamtb\/storia-mtb\/atleti\/maria-federica-zanotto\/\">Maria Federica ZANOTTO<\/a><br><img decoding=\"async\" border=\"0\" style=\"border: 0pt none;\" src=\"\/fantamtb\/wp-content\/images\/2.png\" alt=\"seconda posizione\">&nbsp;<img loading=\"lazy\" decoding=\"async\" width=\"19\" height=\"13\" border=\"0\" src=\"\/fantamtb\/wp-content\/images\/ita.png\" alt=\"ITA\">&nbsp;Marianna&nbsp;Uttini<br><img decoding=\"async\" border=\"0\" style=\"border: 0pt none;\" src=\"\/fantamtb\/wp-content\/images\/3.png\" alt=\"terza posizione\">&nbsp;<img loading=\"lazy\" decoding=\"async\" width=\"19\" height=\"13\" border=\"0\" src=\"\/fantamtb\/wp-content\/images\/ita.png\" alt=\"ITA\">&nbsp;Chiara Pastore<\/td><\/tr><tr><td>&nbsp;<\/td><td>&nbsp;<\/td><td>&nbsp;<\/td><\/tr><tr><td><img loading=\"lazy\" decoding=\"async\" width=\"20\" height=\"12\" border=\"0\" src=\"\/fantamtb\/wp-content\/images\/ita.png\" alt=\"ITA\">&nbsp;Pogno<br><a href=\"https:\/\/www.365mountainbike.it\/fantamtb\/wp-content\/images\/results\/superenduro\/2012_pogno_pro.pdf\" target=\"_blank\" rel=\"noreferrer noopener\">CLASSIFICA COMPLETA<\/a><\/td><td><img decoding=\"async\" style=\"border: 0pt none;\" src=\"\/fantamtb\/wp-content\/images\/1.png\" alt=\"prima posizione\" border=\"0\">&nbsp;<img loading=\"lazy\" decoding=\"async\" src=\"\/fantamtb\/wp-content\/images\/fra.png\" alt=\"FRA\" width=\"19\" height=\"13\" border=\"0\">&nbsp;<a href=\"https:\/\/www.365mountainbike.it\/fantamtb\/storia-mtb\/atleti\/nicolas-vouilloz\/\">Nicolas VOUILLOZ<\/a><br><img decoding=\"async\" style=\"border: 0pt none;\" src=\"\/fantamtb\/wp-content\/images\/2.png\" alt=\"seconda posizione\" border=\"0\">&nbsp;<img loading=\"lazy\" decoding=\"async\" src=\"\/fantamtb\/wp-content\/images\/ita.png\" alt=\"ITA\" width=\"19\" height=\"13\" border=\"0\">&nbsp;Davide Sottocornola<br><img decoding=\"async\" style=\"border: 0pt none;\" src=\"\/fantamtb\/wp-content\/images\/3.png\" alt=\"terza posizione\" border=\"0\">&nbsp;<img loading=\"lazy\" decoding=\"async\" src=\"\/fantamtb\/wp-content\/images\/ita.png\" alt=\"ITA\" width=\"19\" height=\"13\" border=\"0\">&nbsp;Alex Lupato<\/td><td><img decoding=\"async\" border=\"0\" style=\"border: 0pt none;\" src=\"\/fantamtb\/wp-content\/images\/1.png\" alt=\"prima posizione\">&nbsp;<img loading=\"lazy\" decoding=\"async\" width=\"19\" height=\"13\" border=\"0\" src=\"\/fantamtb\/wp-content\/images\/nzl.png\" alt=\"NZL\">&nbsp;<a href=\"https:\/\/www.365mountainbike.it\/fantamtb\/storia-mtb\/atleti\/anka-martin\/\">Anka MARTIN<\/a><br><img decoding=\"async\" border=\"0\" style=\"border: 0pt none;\" src=\"\/fantamtb\/wp-content\/images\/2.png\" alt=\"seconda posizione\">&nbsp;<img loading=\"lazy\" decoding=\"async\" width=\"19\" height=\"13\" border=\"0\" src=\"\/fantamtb\/wp-content\/images\/fra.png\" alt=\"FRA\"> Pauline Diffenthaler<br><img loading=\"lazy\" decoding=\"async\" width=\"20\" height=\"16\" border=\"0\" style=\"border: 0pt none;\" src=\"\/fantamtb\/wp-content\/images\/3.png\" alt=\"terza posizione\">&nbsp;<img loading=\"lazy\" decoding=\"async\" width=\"19\" height=\"13\" border=\"0\" src=\"\/fantamtb\/wp-content\/images\/ita.png\" alt=\"ITA\">&nbsp;Marianna Uttini<\/td><\/tr><tr><td><\/td><td><\/td><td><\/td><\/tr><tr><td><img loading=\"lazy\" decoding=\"async\" width=\"20\" height=\"12\" border=\"0\" src=\"\/fantamtb\/wp-content\/images\/ita.png\" alt=\"ITA\">&nbsp;Madesimo<br><a href=\"https:\/\/www.365mountainbike.it\/fantamtb\/wp-content\/images\/results\/superenduro\/2012_madesimo_pro.pdf\" target=\"_blank\" rel=\"noreferrer noopener\">CLASSIFICA COMPLETA<\/a><\/td><td><img decoding=\"async\" border=\"0\" style=\"border: 0pt none;\" src=\"\/fantamtb\/wp-content\/images\/1.png\" alt=\"prima posizione\">&nbsp;<img loading=\"lazy\" decoding=\"async\" width=\"19\" height=\"13\" border=\"0\" src=\"\/fantamtb\/wp-content\/images\/ita.png\" alt=\"ITA\">&nbsp;<a href=\"https:\/\/www.365mountainbike.it\/fantamtb\/storia-mtb\/atleti\/davide-sottocornola\/\">Davide SOTTOCORNOLA<\/a><br><img decoding=\"async\" border=\"0\" style=\"border: 0pt none;\" src=\"\/fantamtb\/wp-content\/images\/3.png\" alt=\"terza posizione\">&nbsp;<img loading=\"lazy\" decoding=\"async\" width=\"19\" height=\"13\" border=\"0\" src=\"\/fantamtb\/wp-content\/images\/ita.png\" alt=\"ITA\">&nbsp;Alex Lupato<br><img decoding=\"async\" border=\"0\" style=\"border: 0pt none;\" src=\"\/fantamtb\/wp-content\/images\/3.png\" alt=\"terza posizione\">&nbsp;<img loading=\"lazy\" decoding=\"async\" width=\"19\" height=\"13\" border=\"0\" src=\"\/fantamtb\/wp-content\/images\/ita.png\" alt=\"ITA\">&nbsp;Manuel Ducci<\/td><td><img decoding=\"async\" border=\"0\" style=\"border: 0pt none;\" src=\"\/fantamtb\/wp-content\/images\/1.png\" alt=\"prima posizione\">&nbsp;<img loading=\"lazy\" decoding=\"async\" width=\"19\" height=\"13\" border=\"0\" src=\"\/fantamtb\/wp-content\/images\/fra.png\" alt=\"FRA\"> <a href=\"https:\/\/www.365mountainbike.it\/fantamtb\/storia-mtb\/atleti\/courdurier-isabeau\/\">Isabeau COURDURIER<\/a><br><img decoding=\"async\" border=\"0\" style=\"border: 0pt none;\" src=\"\/fantamtb\/wp-content\/images\/2.png\" alt=\"seconda posizione\">&nbsp;<img loading=\"lazy\" decoding=\"async\" width=\"19\" height=\"13\" border=\"0\" src=\"\/fantamtb\/wp-content\/images\/fra.png\" alt=\"FRA\"> Morgane Such<br><img decoding=\"async\" border=\"0\" style=\"border: 0pt none;\" src=\"\/fantamtb\/wp-content\/images\/3.png\" alt=\"terza posizione\">&nbsp;<img loading=\"lazy\" decoding=\"async\" width=\"19\" height=\"13\" border=\"0\" src=\"\/fantamtb\/wp-content\/images\/ita.png\" alt=\"ITA\">&nbsp;Marianna Uttini<\/td><\/tr><tr><td><\/td><td><\/td><td><\/td><\/tr><tr><td><img loading=\"lazy\" decoding=\"async\" width=\"20\" height=\"15\" border=\"0\" src=\"\/fantamtb\/wp-content\/images\/ita.png\" alt=\"ITA\">&nbsp;Sauze D&#8217;Oulx<br><a href=\"https:\/\/www.365mountainbike.it\/fantamtb\/wp-content\/images\/results\/superenduro\/2012_sauzedoulx_pro.pdf\" target=\"_blank\" rel=\"noreferrer noopener\">CLASSIFICA COMPLETA<\/a><\/td><td><img decoding=\"async\" style=\"border: 0pt none;\" src=\"\/fantamtb\/wp-content\/images\/1.png\" alt=\"prima posizione\" border=\"0\">&nbsp;<img loading=\"lazy\" decoding=\"async\" src=\"\/fantamtb\/wp-content\/images\/fra.png\" alt=\"FRA\" width=\"19\" height=\"13\" border=\"0\"> <a href=\"https:\/\/www.365mountainbike.it\/fantamtb\/storia-mtb\/atleti\/jerome-clementz\/\">Jerome CLEMENTZ<\/a><br><img decoding=\"async\" style=\"border: 0pt none;\" src=\"\/fantamtb\/wp-content\/images\/2.png\" alt=\"seconda posizione\" border=\"0\">&nbsp;<img loading=\"lazy\" decoding=\"async\" src=\"\/fantamtb\/wp-content\/images\/fra.png\" alt=\"FRA\" width=\"19\" height=\"13\" border=\"0\">&nbsp;Nicolas Vouilloz<br><img decoding=\"async\" style=\"border: 0pt none;\" src=\"\/fantamtb\/wp-content\/images\/3.png\" alt=\"terza posizione\" border=\"0\"> <img loading=\"lazy\" decoding=\"async\" src=\"\/fantamtb\/wp-content\/images\/fra.png\" alt=\"FRA\" width=\"19\" height=\"13\" border=\"0\">&nbsp;Nicolas Lau<\/td><td><img decoding=\"async\" border=\"0\" style=\"border: 0pt none;\" src=\"\/fantamtb\/wp-content\/images\/1.png\" alt=\"prima posizione\">&nbsp;<img loading=\"lazy\" decoding=\"async\" width=\"19\" height=\"13\" border=\"0\" src=\"\/fantamtb\/wp-content\/images\/nzl.png\" alt=\"NZL\">&nbsp;<a href=\"https:\/\/www.365mountainbike.it\/fantamtb\/storia-mtb\/atleti\/anka-martin\/\">Anka MARTIN<\/a><br><img decoding=\"async\" border=\"0\" style=\"border: 0pt none;\" src=\"\/fantamtb\/wp-content\/images\/2.png\" alt=\"seconda posizione\">&nbsp;<img loading=\"lazy\" decoding=\"async\" width=\"19\" height=\"13\" border=\"0\" src=\"\/fantamtb\/wp-content\/images\/fra.png\" alt=\"FRA\"> Morgane Such<br><img decoding=\"async\" border=\"0\" style=\"border: 0pt none;\" src=\"\/fantamtb\/wp-content\/images\/3.png\" alt=\"terza posizione\">&nbsp;<img loading=\"lazy\" decoding=\"async\" width=\"19\" height=\"13\" border=\"0\" src=\"\/fantamtb\/wp-content\/images\/fra.png\" alt=\"FRA\"> Pauline Diffenthaler<\/td><\/tr><tr><td><\/td><td><\/td><td><\/td><\/tr><tr><td><img loading=\"lazy\" decoding=\"async\" width=\"20\" height=\"12\" border=\"0\" src=\"\/fantamtb\/wp-content\/images\/ita.png\" alt=\"ITA\">&nbsp;Finale Ligure<br><a href=\"https:\/\/www.365mountainbike.it\/fantamtb\/wp-content\/images\/results\/superenduro\/2012_finaleligure_pro.pdf\" target=\"_blank\" rel=\"noreferrer noopener\">CLASSIFICA COMPLETE<\/a><\/td><td><img decoding=\"async\" border=\"0\" style=\"border: 0pt none;\" src=\"\/fantamtb\/wp-content\/images\/1.png\" alt=\"prima posizione\">&nbsp;<img loading=\"lazy\" decoding=\"async\" width=\"19\" height=\"13\" border=\"0\" src=\"\/fantamtb\/wp-content\/images\/gbr.png\" alt=\"GBR\">&nbsp;<a href=\"https:\/\/www.365mountainbike.it\/fantamtb\/storia-mtb\/atleti\/dan-atherton\/\">Dan ATHERTON<\/a><br><img decoding=\"async\" border=\"0\" style=\"border: 0pt none;\" src=\"\/fantamtb\/wp-content\/images\/2.png\" alt=\"seconda posizione\">&nbsp;<img loading=\"lazy\" decoding=\"async\" width=\"19\" height=\"13\" border=\"0\" src=\"\/fantamtb\/wp-content\/images\/ita.png\" alt=\"ITA\">&nbsp;Davide Sottocornola<br><img decoding=\"async\" border=\"0\" style=\"border: 0pt none;\" src=\"\/fantamtb\/wp-content\/images\/3.png\" alt=\"terza posizione\">&nbsp;<img loading=\"lazy\" decoding=\"async\" width=\"19\" height=\"13\" border=\"0\" src=\"\/fantamtb\/wp-content\/images\/usa.png\" alt=\"USA\">&nbsp;Curtis Keene<\/td><td><img decoding=\"async\" style=\"border: 0pt none;\" src=\"\/fantamtb\/wp-content\/images\/1.png\" alt=\"prima posizione\" border=\"0\">&nbsp;<img loading=\"lazy\" decoding=\"async\" src=\"\/fantamtb\/wp-content\/images\/fra.png\" alt=\"FRA\" width=\"19\" height=\"13\" border=\"0\">&nbsp;<a href=\"https:\/\/www.365mountainbike.it\/fantamtb\/storia-mtb\/atleti\/anne-caroline-chausson\/\">Anne-Caroline CHAUSSON<\/a><br><img decoding=\"async\" style=\"border: 0pt none;\" src=\"\/fantamtb\/wp-content\/images\/2.png\" alt=\"seconda posizione\" border=\"0\">&nbsp;<img loading=\"lazy\" decoding=\"async\" src=\"\/fantamtb\/wp-content\/images\/slo.png\" alt=\"SLO\" width=\"19\" height=\"13\" border=\"0\"> Tanja Zakelj<br><img decoding=\"async\" style=\"border: 0pt none;\" src=\"\/fantamtb\/wp-content\/images\/3.png\" alt=\"terza posizione\" border=\"0\">&nbsp;<img loading=\"lazy\" decoding=\"async\" src=\"\/fantamtb\/wp-content\/images\/ita.png\" alt=\"ITA\" width=\"19\" height=\"13\" border=\"0\">&nbsp;Maria Federica Zanotto<\/td><\/tr><tr><td><\/td><td><\/td><td><\/td><\/tr><tr><td>&nbsp;<\/td><td><strong>Podio (Maschile)<\/strong><\/td><td><strong>Podio (Femminile)<\/strong><\/td><\/tr><tr><td><strong>Superenduro 2012<br><a href=\"https:\/\/www.365mountainbike.it\/fantamtb\/wp-content\/images\/results\/superenduro\/2012_pro.pdf\" target=\"_blank\" rel=\"noreferrer noopener\">CLASSIFICA GENERALE<\/a><br><\/strong><\/td><td><img decoding=\"async\" border=\"0\" style=\"border: 0pt none;\" src=\"\/fantamtb\/wp-content\/images\/1.png\" alt=\"prima posizione\">&nbsp;<img loading=\"lazy\" decoding=\"async\" width=\"19\" height=\"13\" border=\"0\" src=\"\/fantamtb\/wp-content\/images\/ita.png\" alt=\"ITA\">&nbsp;<a href=\"https:\/\/www.365mountainbike.it\/fantamtb\/storia-mtb\/atleti\/davide-sottocornola\/\">Davide SOTTOCORNOLA<\/a><br><img decoding=\"async\" border=\"0\" style=\"border: 0pt none;\" src=\"\/fantamtb\/wp-content\/images\/2.png\" alt=\"seconda posizione\">&nbsp;<img loading=\"lazy\" decoding=\"async\" width=\"19\" height=\"13\" border=\"0\" src=\"\/fantamtb\/wp-content\/images\/ita.png\" alt=\"ITA\">&nbsp;Alex Lupato<br><img decoding=\"async\" border=\"0\" style=\"border: 0pt none;\" src=\"\/fantamtb\/wp-content\/images\/3.png\" alt=\"terza posizione\">&nbsp;<img loading=\"lazy\" decoding=\"async\" width=\"19\" height=\"13\" border=\"0\" src=\"\/fantamtb\/wp-content\/images\/ita.png\" alt=\"ITA\">&nbsp;Vittorio Gambirasio<\/td><td><img decoding=\"async\" border=\"0\" style=\"border: 0pt none;\" src=\"\/fantamtb\/wp-content\/images\/1.png\" alt=\"prima posizione\">&nbsp;<img loading=\"lazy\" decoding=\"async\" width=\"19\" height=\"13\" border=\"0\" src=\"\/fantamtb\/wp-content\/images\/ita.png\" alt=\"ITA\">&nbsp;<a href=\"https:\/\/www.365mountainbike.it\/fantamtb\/storia-mtb\/atleti\/maria-federica-zanotto\/\">Maria Federica ZANOTTO<\/a><br><img decoding=\"async\" border=\"0\" style=\"border: 0pt none;\" src=\"\/fantamtb\/wp-content\/images\/2.png\" alt=\"seconda posizione\">&nbsp;<img loading=\"lazy\" decoding=\"async\" width=\"19\" height=\"13\" border=\"0\" src=\"\/fantamtb\/wp-content\/images\/ita.png\" alt=\"ITA\">&nbsp;Marianna Uttini<br><img decoding=\"async\" border=\"0\" style=\"border: 0pt none;\" src=\"\/fantamtb\/wp-content\/images\/3.png\" alt=\"terza posizione\">&nbsp;<img loading=\"lazy\" decoding=\"async\" width=\"19\" height=\"13\" border=\"0\" src=\"\/fantamtb\/wp-content\/images\/ita.png\" alt=\"ITA\">&nbsp;Chiara Pastore<\/td><\/tr><\/tbody><\/table><\/figure>\n\n\n\n<hr class=\"wp-block-separator has-css-opacity\"\/>\n\n\n\n<h1 class=\"wp-block-heading\" id=\"classifiche-prove-sprint\"><strong style=\"font-size: revert;\">CLASSIFICHE PROVE SPRINT<\/strong><\/h1>\n\n\n\n<p><span class=\"tappe\"><a href=\"https:\/\/www.365mountainbike.it\/fantamtb\/wp-content\/images\/results\/superenduro\/2012_sanremo_sprint.pdf\" target=\"_blank\" rel=\"noreferrer noopener\">SPRINT 1 \u2013 4 Marzo \u2013 Sanremo (IM)<\/a><\/span><\/p>\n\n\n\n<p><span class=\"tappe\"><a href=\"https:\/\/www.365mountainbike.it\/fantamtb\/wp-content\/images\/results\/superenduro\/2012_coggiola_sprint.pdf\" target=\"_blank\" rel=\"noreferrer noopener\">SPRINT 2 \u2013 1 Aprile \u2013 Coggiola (BI)<\/a><\/span><\/p>\n\n\n\n<p><span class=\"tappe\"><a href=\"https:\/\/www.365mountainbike.it\/fantamtb\/wp-content\/images\/results\/superenduro\/2012_palazzuolosulsenio_sprint.pdf\" target=\"_blank\" rel=\"noreferrer noopener\">SPRINT 3 \u2013 27 Maggio \u2013 Palazzuolo sul Senio (FI)<\/a><\/span><\/p>\n\n\n\n<p><span class=\"tappe\"><a href=\"https:\/\/www.365mountainbike.it\/fantamtb\/wp-content\/images\/results\/superenduro\/2012_priero_sprint.pdf\" target=\"_blank\" rel=\"noreferrer noopener\">SPRINT 4 \u2013 17 Giugno \u2013 Priero (CN)<\/a><\/span><\/p>\n\n\n\n<p><span class=\"tappe\"><a href=\"https:\/\/www.365mountainbike.it\/fantamtb\/wp-content\/images\/results\/superenduro\/2012_limonepiemonte_supermountain.pdf\" target=\"_blank\" rel=\"noreferrer noopener\">SUPERMOUNTAIN 1 \u2013 30 Giugno\/1 Luglio \u2013 Limone Piemonte (CN)<\/a><\/span><\/p>\n\n\n\n<p><span class=\"tappe\"><a href=\"https:\/\/www.365mountainbike.it\/fantamtb\/wp-content\/images\/results\/superenduro\/2012_montidellatolfa_sprint.pdf\" target=\"_blank\" rel=\"noreferrer noopener\">SPRINT 5 \u2013 9 Settembre \u2013 Monti della Tolfa (RM)<\/a><\/span><\/p>\n\n\n\n<p><span class=\"tappe\"><a href=\"https:\/\/www.365mountainbike.it\/fantamtb\/wp-content\/images\/results\/superenduro\/2012_pila_supermountain.pdf\" target=\"_blank\" rel=\"noreferrer noopener\">SUPERMOUNTAIN 2 \u2013 15\/16 Settembre \u2013 Pila (AO)<\/a><\/span><\/p>\n\n\n\n<p><span class=\"tappe\"><a href=\"https:\/\/www.365mountainbike.it\/fantamtb\/wp-content\/images\/results\/superenduro\/2012_scopello_supermountain.pdf\" target=\"_blank\" rel=\"noreferrer noopener\">SUPERMOUNTAIN 3 \u2013 29\/30 Settembre \u2013 Scopello (VC)<\/a><\/span><\/p>\n\n\n\n<p><span class=\"tappe\"><a href=\"https:\/\/www.365mountainbike.it\/fantamtb\/wp-content\/images\/results\/superenduro\/2012_gemona_sprint.pdf\" target=\"_blank\" rel=\"noreferrer noopener\">SPRINT 6 \u2013 7 Ottobre \u2013 Gemona (UD)<\/a><\/span><\/p>\n\n\n\n<h3 class=\"wp-block-heading\" id=\"classifica-generale-sprint\"><span class=\"tappe\"><a href=\"https:\/\/www.365mountainbike.it\/fantamtb\/wp-content\/images\/results\/superenduro\/2012_sprint.pdf\" target=\"_blank\" rel=\"noreferrer noopener\">CLASSIFICA GENERALE SPRINT<\/a><\/span><\/h3>\n\n\n\n<h3 class=\"wp-block-heading\" id=\"classifica-generale-supermountain\"><span class=\"tappe\"><a href=\"https:\/\/www.365mountainbike.it\/fantamtb\/wp-content\/images\/results\/superenduro\/2012_supermountain.pdf\" target=\"_blank\" rel=\"noreferrer noopener\">CLASSIFICA GENERALE SUPERMOUNTAIN<\/a><\/span><\/h3>\n\n\n\n<hr class=\"wp-block-separator has-css-opacity\"\/>\n\n\n\n<h1 class=\"wp-block-heading\" id=\"h-foto\">FOTO<\/h1>\n\n\n\n<figure class=\"wp-block-gallery has-nested-images columns-default is-cropped wp-block-gallery-1 is-layout-flex wp-block-gallery-is-layout-flex\">\n<figure class=\"wp-block-image size-medium\"><a href=\"https:\/\/www.365mountainbike.it\/fantamtb\/wp-content\/uploads\/2014\/11\/Ronny-Rossi-superenduro-2012.jpg\"><picture><source srcset=\"https:\/\/www.365mountainbike.it\/fantamtb\/wp-content\/uploads\/2014\/11\/Ronny-Rossi-superenduro-2012-300x200.jpg 300w, https:\/\/www.365mountainbike.it\/fantamtb\/wp-content\/uploads\/2014\/11\/Ronny-Rossi-superenduro-2012-1024x683.jpg 1024w, https:\/\/www.365mountainbike.it\/fantamtb\/wp-content\/uploads\/2014\/11\/Ronny-Rossi-superenduro-2012-768x512.jpg 768w,https:\/\/www.365mountainbike.it\/fantamtb\/wp-content\/uploads\/2014\/11\/Ronny-Rossi-superenduro-2012.jpg.webp 1200w\" sizes=\"auto, (max-width: 300px) 100vw, 300px\" type=\"image\/webp\"><img src=\"https:\/\/www.365mountainbike.it\/fantamtb\/wp-content\/uploads\/2014\/11\/Ronny-Rossi-superenduro-2012-300x200.jpg\" height=\"200\" width=\"300\" srcset=\"https:\/\/www.365mountainbike.it\/fantamtb\/wp-content\/uploads\/2014\/11\/Ronny-Rossi-superenduro-2012-300x200.jpg 300w, https:\/\/www.365mountainbike.it\/fantamtb\/wp-content\/uploads\/2014\/11\/Ronny-Rossi-superenduro-2012-1024x683.jpg 1024w, https:\/\/www.365mountainbike.it\/fantamtb\/wp-content\/uploads\/2014\/11\/Ronny-Rossi-superenduro-2012-768x512.jpg 768w, https:\/\/www.365mountainbike.it\/fantamtb\/wp-content\/uploads\/2014\/11\/Ronny-Rossi-superenduro-2012.jpg 1200w\" sizes=\"auto, (max-width: 300px) 100vw, 300px\" class=\"wp-image-10295 sp-no-webp\" alt=\"Ronny Rossi superenduro 2012\" loading=\"lazy\" decoding=\"async\" data-id=\"10295\" style=\"aspect-ratio:4\/3\"  > <\/picture><\/a><figcaption class=\"wp-element-caption\">Ronny Rossi superenduro 2012<\/figcaption><\/figure>\n\n\n\n<figure class=\"wp-block-image size-medium\"><a href=\"https:\/\/www.365mountainbike.it\/fantamtb\/wp-content\/uploads\/2014\/11\/Andrea-Bruno-campione-Italiano-enduro-durante-superenduro-2012.jpg\"><picture><source srcset=\"https:\/\/www.365mountainbike.it\/fantamtb\/wp-content\/uploads\/2014\/11\/Andrea-Bruno-campione-Italiano-enduro-durante-superenduro-2012-300x200.jpg 300w, https:\/\/www.365mountainbike.it\/fantamtb\/wp-content\/uploads\/2014\/11\/Andrea-Bruno-campione-Italiano-enduro-durante-superenduro-2012-1024x683.jpg 1024w, https:\/\/www.365mountainbike.it\/fantamtb\/wp-content\/uploads\/2014\/11\/Andrea-Bruno-campione-Italiano-enduro-durante-superenduro-2012-768x512.jpg 768w,https:\/\/www.365mountainbike.it\/fantamtb\/wp-content\/uploads\/2014\/11\/Andrea-Bruno-campione-Italiano-enduro-durante-superenduro-2012.jpg.webp 1200w\" sizes=\"auto, (max-width: 300px) 100vw, 300px\" type=\"image\/webp\"><img src=\"https:\/\/www.365mountainbike.it\/fantamtb\/wp-content\/uploads\/2014\/11\/Andrea-Bruno-campione-Italiano-enduro-durante-superenduro-2012-300x200.jpg\" height=\"200\" width=\"300\" srcset=\"https:\/\/www.365mountainbike.it\/fantamtb\/wp-content\/uploads\/2014\/11\/Andrea-Bruno-campione-Italiano-enduro-durante-superenduro-2012-300x200.jpg 300w, https:\/\/www.365mountainbike.it\/fantamtb\/wp-content\/uploads\/2014\/11\/Andrea-Bruno-campione-Italiano-enduro-durante-superenduro-2012-1024x683.jpg 1024w, https:\/\/www.365mountainbike.it\/fantamtb\/wp-content\/uploads\/2014\/11\/Andrea-Bruno-campione-Italiano-enduro-durante-superenduro-2012-768x512.jpg 768w, https:\/\/www.365mountainbike.it\/fantamtb\/wp-content\/uploads\/2014\/11\/Andrea-Bruno-campione-Italiano-enduro-durante-superenduro-2012.jpg 1200w\" sizes=\"auto, (max-width: 300px) 100vw, 300px\" class=\"wp-image-10296 sp-no-webp\" alt=\"Andrea Bruno campione Italiano enduro durante superenduro 2012\" loading=\"lazy\" decoding=\"async\" data-id=\"10296\" style=\"aspect-ratio:4\/3\"  > <\/picture><\/a><figcaption class=\"wp-element-caption\">Andrea Bruno campione Italiano enduro durante superenduro 2012<\/figcaption><\/figure>\n\n\n\n<figure class=\"wp-block-image size-medium\"><a href=\"https:\/\/www.365mountainbike.it\/fantamtb\/wp-content\/uploads\/2014\/11\/Alex-Lupato-superenduro2012.jpg\"><picture><source srcset=\"https:\/\/www.365mountainbike.it\/fantamtb\/wp-content\/uploads\/2014\/11\/Alex-Lupato-superenduro2012-300x200.jpg 300w, https:\/\/www.365mountainbike.it\/fantamtb\/wp-content\/uploads\/2014\/11\/Alex-Lupato-superenduro2012-1024x683.jpg 1024w, https:\/\/www.365mountainbike.it\/fantamtb\/wp-content\/uploads\/2014\/11\/Alex-Lupato-superenduro2012-768x512.jpg 768w,https:\/\/www.365mountainbike.it\/fantamtb\/wp-content\/uploads\/2014\/11\/Alex-Lupato-superenduro2012.jpg.webp 1200w\" sizes=\"auto, (max-width: 300px) 100vw, 300px\" type=\"image\/webp\"><img src=\"https:\/\/www.365mountainbike.it\/fantamtb\/wp-content\/uploads\/2014\/11\/Alex-Lupato-superenduro2012-300x200.jpg\" height=\"200\" width=\"300\" srcset=\"https:\/\/www.365mountainbike.it\/fantamtb\/wp-content\/uploads\/2014\/11\/Alex-Lupato-superenduro2012-300x200.jpg 300w, https:\/\/www.365mountainbike.it\/fantamtb\/wp-content\/uploads\/2014\/11\/Alex-Lupato-superenduro2012-1024x683.jpg 1024w, https:\/\/www.365mountainbike.it\/fantamtb\/wp-content\/uploads\/2014\/11\/Alex-Lupato-superenduro2012-768x512.jpg 768w, https:\/\/www.365mountainbike.it\/fantamtb\/wp-content\/uploads\/2014\/11\/Alex-Lupato-superenduro2012.jpg 1200w\" sizes=\"auto, (max-width: 300px) 100vw, 300px\" class=\"wp-image-10297 sp-no-webp\" alt=\"Alex Lupato superenduro2012\" loading=\"lazy\" decoding=\"async\" data-id=\"10297\" style=\"aspect-ratio:4\/3\"  > <\/picture><\/a><figcaption class=\"wp-element-caption\">Alex Lupato superenduro2012<\/figcaption><\/figure>\n\n\n\n<figure class=\"wp-block-image size-medium\"><a href=\"https:\/\/www.365mountainbike.it\/fantamtb\/wp-content\/uploads\/2014\/11\/Morgane-Such-2012.jpg\"><picture><source srcset=\"https:\/\/www.365mountainbike.it\/fantamtb\/wp-content\/uploads\/2014\/11\/Morgane-Such-2012-300x200.jpg 300w, https:\/\/www.365mountainbike.it\/fantamtb\/wp-content\/uploads\/2014\/11\/Morgane-Such-2012-1024x683.jpg 1024w, https:\/\/www.365mountainbike.it\/fantamtb\/wp-content\/uploads\/2014\/11\/Morgane-Such-2012-768x512.jpg 768w,https:\/\/www.365mountainbike.it\/fantamtb\/wp-content\/uploads\/2014\/11\/Morgane-Such-2012.jpg.webp 1200w\" sizes=\"auto, (max-width: 300px) 100vw, 300px\" type=\"image\/webp\"><img src=\"https:\/\/www.365mountainbike.it\/fantamtb\/wp-content\/uploads\/2014\/11\/Morgane-Such-2012-300x200.jpg\" height=\"200\" width=\"300\" srcset=\"https:\/\/www.365mountainbike.it\/fantamtb\/wp-content\/uploads\/2014\/11\/Morgane-Such-2012-300x200.jpg 300w, https:\/\/www.365mountainbike.it\/fantamtb\/wp-content\/uploads\/2014\/11\/Morgane-Such-2012-1024x683.jpg 1024w, https:\/\/www.365mountainbike.it\/fantamtb\/wp-content\/uploads\/2014\/11\/Morgane-Such-2012-768x512.jpg 768w, https:\/\/www.365mountainbike.it\/fantamtb\/wp-content\/uploads\/2014\/11\/Morgane-Such-2012.jpg 1200w\" sizes=\"auto, (max-width: 300px) 100vw, 300px\" class=\"wp-image-10303 sp-no-webp\" alt=\"Morgane Such 2012\" loading=\"lazy\" decoding=\"async\" data-id=\"10303\" style=\"aspect-ratio:4\/3\"  > <\/picture><\/a><figcaption class=\"wp-element-caption\">Morgane Such 2012<\/figcaption><\/figure>\n\n\n\n<figure class=\"wp-block-image size-medium\"><a href=\"https:\/\/www.365mountainbike.it\/fantamtb\/wp-content\/uploads\/2014\/11\/Alex-Lupato-Davide-Sottocornola-ed-Andrea-Bruno-podio-Golfo-Dianese-2012.jpg\"><picture><source srcset=\"https:\/\/www.365mountainbike.it\/fantamtb\/wp-content\/uploads\/2014\/11\/Alex-Lupato-Davide-Sottocornola-ed-Andrea-Bruno-podio-Golfo-Dianese-2012-300x200.jpg 300w, https:\/\/www.365mountainbike.it\/fantamtb\/wp-content\/uploads\/2014\/11\/Alex-Lupato-Davide-Sottocornola-ed-Andrea-Bruno-podio-Golfo-Dianese-2012-1024x683.jpg 1024w, https:\/\/www.365mountainbike.it\/fantamtb\/wp-content\/uploads\/2014\/11\/Alex-Lupato-Davide-Sottocornola-ed-Andrea-Bruno-podio-Golfo-Dianese-2012-768x512.jpg 768w,https:\/\/www.365mountainbike.it\/fantamtb\/wp-content\/uploads\/2014\/11\/Alex-Lupato-Davide-Sottocornola-ed-Andrea-Bruno-podio-Golfo-Dianese-2012.jpg.webp 1200w\" sizes=\"auto, (max-width: 300px) 100vw, 300px\" type=\"image\/webp\"><img src=\"https:\/\/www.365mountainbike.it\/fantamtb\/wp-content\/uploads\/2014\/11\/Alex-Lupato-Davide-Sottocornola-ed-Andrea-Bruno-podio-Golfo-Dianese-2012-300x200.jpg\" height=\"200\" width=\"300\" srcset=\"https:\/\/www.365mountainbike.it\/fantamtb\/wp-content\/uploads\/2014\/11\/Alex-Lupato-Davide-Sottocornola-ed-Andrea-Bruno-podio-Golfo-Dianese-2012-300x200.jpg 300w, https:\/\/www.365mountainbike.it\/fantamtb\/wp-content\/uploads\/2014\/11\/Alex-Lupato-Davide-Sottocornola-ed-Andrea-Bruno-podio-Golfo-Dianese-2012-1024x683.jpg 1024w, https:\/\/www.365mountainbike.it\/fantamtb\/wp-content\/uploads\/2014\/11\/Alex-Lupato-Davide-Sottocornola-ed-Andrea-Bruno-podio-Golfo-Dianese-2012-768x512.jpg 768w, https:\/\/www.365mountainbike.it\/fantamtb\/wp-content\/uploads\/2014\/11\/Alex-Lupato-Davide-Sottocornola-ed-Andrea-Bruno-podio-Golfo-Dianese-2012.jpg 1200w\" sizes=\"auto, (max-width: 300px) 100vw, 300px\" class=\"wp-image-10299 sp-no-webp\" alt=\"Alex Lupato, Davide Sottocornola ed Andrea Bruno - podio Golfo Dianese 2012\" loading=\"lazy\" decoding=\"async\" data-id=\"10299\" style=\"aspect-ratio:4\/3\"  > <\/picture><\/a><figcaption class=\"wp-element-caption\">Alex Lupato, Davide Sottocornola ed Andrea Bruno &#8211; podio Golfo Dianese 2012<\/figcaption><\/figure>\n\n\n\n<figure class=\"wp-block-image size-medium\"><a href=\"https:\/\/www.365mountainbike.it\/fantamtb\/wp-content\/uploads\/2014\/11\/Davide-Sottocornola-2012.jpg\"><picture><source srcset=\"https:\/\/www.365mountainbike.it\/fantamtb\/wp-content\/uploads\/2014\/11\/Davide-Sottocornola-2012-300x200.jpg 300w, https:\/\/www.365mountainbike.it\/fantamtb\/wp-content\/uploads\/2014\/11\/Davide-Sottocornola-2012-1024x683.jpg 1024w, https:\/\/www.365mountainbike.it\/fantamtb\/wp-content\/uploads\/2014\/11\/Davide-Sottocornola-2012-768x512.jpg 768w,https:\/\/www.365mountainbike.it\/fantamtb\/wp-content\/uploads\/2014\/11\/Davide-Sottocornola-2012.jpg.webp 1200w\" sizes=\"auto, (max-width: 300px) 100vw, 300px\" type=\"image\/webp\"><img src=\"https:\/\/www.365mountainbike.it\/fantamtb\/wp-content\/uploads\/2014\/11\/Davide-Sottocornola-2012-300x200.jpg\" height=\"200\" width=\"300\" srcset=\"https:\/\/www.365mountainbike.it\/fantamtb\/wp-content\/uploads\/2014\/11\/Davide-Sottocornola-2012-300x200.jpg 300w, https:\/\/www.365mountainbike.it\/fantamtb\/wp-content\/uploads\/2014\/11\/Davide-Sottocornola-2012-1024x683.jpg 1024w, https:\/\/www.365mountainbike.it\/fantamtb\/wp-content\/uploads\/2014\/11\/Davide-Sottocornola-2012-768x512.jpg 768w, https:\/\/www.365mountainbike.it\/fantamtb\/wp-content\/uploads\/2014\/11\/Davide-Sottocornola-2012.jpg 1200w\" sizes=\"auto, (max-width: 300px) 100vw, 300px\" class=\"wp-image-10300 sp-no-webp\" alt=\"Davide Sottocornola 2012\" loading=\"lazy\" decoding=\"async\" data-id=\"10300\" style=\"aspect-ratio:4\/3\"  > <\/picture><\/a><figcaption class=\"wp-element-caption\">Davide Sottocornola 2012<\/figcaption><\/figure>\n\n\n\n<figure class=\"wp-block-image size-medium\"><a href=\"https:\/\/www.365mountainbike.it\/fantamtb\/wp-content\/uploads\/2014\/11\/Campioni-Italiani-Enduro-2012.jpg\"><picture><source srcset=\"https:\/\/www.365mountainbike.it\/fantamtb\/wp-content\/uploads\/2014\/11\/Campioni-Italiani-Enduro-2012-300x200.jpg 300w, https:\/\/www.365mountainbike.it\/fantamtb\/wp-content\/uploads\/2014\/11\/Campioni-Italiani-Enduro-2012-1024x683.jpg 1024w, https:\/\/www.365mountainbike.it\/fantamtb\/wp-content\/uploads\/2014\/11\/Campioni-Italiani-Enduro-2012-768x512.jpg 768w,https:\/\/www.365mountainbike.it\/fantamtb\/wp-content\/uploads\/2014\/11\/Campioni-Italiani-Enduro-2012.jpg.webp 1200w\" sizes=\"auto, (max-width: 300px) 100vw, 300px\" type=\"image\/webp\"><img src=\"https:\/\/www.365mountainbike.it\/fantamtb\/wp-content\/uploads\/2014\/11\/Campioni-Italiani-Enduro-2012-300x200.jpg\" height=\"200\" width=\"300\" srcset=\"https:\/\/www.365mountainbike.it\/fantamtb\/wp-content\/uploads\/2014\/11\/Campioni-Italiani-Enduro-2012-300x200.jpg 300w, https:\/\/www.365mountainbike.it\/fantamtb\/wp-content\/uploads\/2014\/11\/Campioni-Italiani-Enduro-2012-1024x683.jpg 1024w, https:\/\/www.365mountainbike.it\/fantamtb\/wp-content\/uploads\/2014\/11\/Campioni-Italiani-Enduro-2012-768x512.jpg 768w, https:\/\/www.365mountainbike.it\/fantamtb\/wp-content\/uploads\/2014\/11\/Campioni-Italiani-Enduro-2012.jpg 1200w\" sizes=\"auto, (max-width: 300px) 100vw, 300px\" class=\"wp-image-10301 sp-no-webp\" alt=\"Campioni Italiani Enduro 2012\" loading=\"lazy\" decoding=\"async\" data-id=\"10301\" style=\"aspect-ratio:4\/3\"  > <\/picture><\/a><figcaption class=\"wp-element-caption\">Campioni Italiani Enduro 2012<\/figcaption><\/figure>\n\n\n\n<figure class=\"wp-block-image size-medium\"><a href=\"https:\/\/www.365mountainbike.it\/fantamtb\/wp-content\/uploads\/2014\/11\/Supermountain-2012-Limone-Piemonte.jpg\"><picture><source srcset=\"https:\/\/www.365mountainbike.it\/fantamtb\/wp-content\/uploads\/2014\/11\/Supermountain-2012-Limone-Piemonte-300x200.jpg 300w, https:\/\/www.365mountainbike.it\/fantamtb\/wp-content\/uploads\/2014\/11\/Supermountain-2012-Limone-Piemonte-1024x683.jpg 1024w, https:\/\/www.365mountainbike.it\/fantamtb\/wp-content\/uploads\/2014\/11\/Supermountain-2012-Limone-Piemonte-768x512.jpg 768w,https:\/\/www.365mountainbike.it\/fantamtb\/wp-content\/uploads\/2014\/11\/Supermountain-2012-Limone-Piemonte.jpg.webp 1200w\" sizes=\"auto, (max-width: 300px) 100vw, 300px\" type=\"image\/webp\"><img src=\"https:\/\/www.365mountainbike.it\/fantamtb\/wp-content\/uploads\/2014\/11\/Supermountain-2012-Limone-Piemonte-300x200.jpg\" height=\"200\" width=\"300\" srcset=\"https:\/\/www.365mountainbike.it\/fantamtb\/wp-content\/uploads\/2014\/11\/Supermountain-2012-Limone-Piemonte-300x200.jpg 300w, https:\/\/www.365mountainbike.it\/fantamtb\/wp-content\/uploads\/2014\/11\/Supermountain-2012-Limone-Piemonte-1024x683.jpg 1024w, https:\/\/www.365mountainbike.it\/fantamtb\/wp-content\/uploads\/2014\/11\/Supermountain-2012-Limone-Piemonte-768x512.jpg 768w, https:\/\/www.365mountainbike.it\/fantamtb\/wp-content\/uploads\/2014\/11\/Supermountain-2012-Limone-Piemonte.jpg 1200w\" sizes=\"auto, (max-width: 300px) 100vw, 300px\" class=\"wp-image-10302 sp-no-webp\" alt=\"Supermountain 2012 Limone Piemonte\" loading=\"lazy\" decoding=\"async\" data-id=\"10302\" style=\"aspect-ratio:4\/3\"  > <\/picture><\/a><figcaption class=\"wp-element-caption\">Supermountain 2012 Limone Piemonte<\/figcaption><\/figure>\n\n\n\n<figure class=\"wp-block-image size-medium\"><a href=\"https:\/\/www.365mountainbike.it\/fantamtb\/wp-content\/uploads\/2014\/11\/Chausson-superenduro-Finale-Ligure-2012.jpg\"><picture><source srcset=\"https:\/\/www.365mountainbike.it\/fantamtb\/wp-content\/uploads\/2014\/11\/Chausson-superenduro-Finale-Ligure-2012.jpg.webp 1200w, https:\/\/www.365mountainbike.it\/fantamtb\/wp-content\/uploads\/2014\/11\/Chausson-superenduro-Finale-Ligure-2012-300x200.jpg 300w, https:\/\/www.365mountainbike.it\/fantamtb\/wp-content\/uploads\/2014\/11\/Chausson-superenduro-Finale-Ligure-2012-1024x683.jpg 1024w, https:\/\/www.365mountainbike.it\/fantamtb\/wp-content\/uploads\/2014\/11\/Chausson-superenduro-Finale-Ligure-2012-768x512.jpg 768w\" sizes=\"auto, (max-width: 1200px) 100vw, 1200px\" type=\"image\/webp\"><img src=\"https:\/\/www.365mountainbike.it\/fantamtb\/wp-content\/uploads\/2014\/11\/Chausson-superenduro-Finale-Ligure-2012.jpg\" height=\"800\" width=\"1200\" srcset=\"https:\/\/www.365mountainbike.it\/fantamtb\/wp-content\/uploads\/2014\/11\/Chausson-superenduro-Finale-Ligure-2012.jpg 1200w, https:\/\/www.365mountainbike.it\/fantamtb\/wp-content\/uploads\/2014\/11\/Chausson-superenduro-Finale-Ligure-2012-300x200.jpg 300w, https:\/\/www.365mountainbike.it\/fantamtb\/wp-content\/uploads\/2014\/11\/Chausson-superenduro-Finale-Ligure-2012-1024x683.jpg 1024w, https:\/\/www.365mountainbike.it\/fantamtb\/wp-content\/uploads\/2014\/11\/Chausson-superenduro-Finale-Ligure-2012-768x512.jpg 768w\" sizes=\"auto, (max-width: 1200px) 100vw, 1200px\" class=\"wp-image-10305 sp-no-webp\" alt=\"Chausson superenduro Finale Ligure 2012\" loading=\"lazy\" decoding=\"async\" data-id=\"10305\" style=\"aspect-ratio:4\/3\"  > <\/picture><\/a><figcaption class=\"wp-element-caption\">Chausson superenduro Finale Ligure 2012<\/figcaption><\/figure>\n\n\n\n<figure class=\"wp-block-image size-medium\"><a href=\"https:\/\/www.365mountainbike.it\/fantamtb\/wp-content\/uploads\/2014\/11\/Sottocornola-e-Zanotto-vincitori-superenduro-2012.jpg\"><picture><source srcset=\"https:\/\/www.365mountainbike.it\/fantamtb\/wp-content\/uploads\/2014\/11\/Sottocornola-e-Zanotto-vincitori-superenduro-2012.jpg.webp 1200w, https:\/\/www.365mountainbike.it\/fantamtb\/wp-content\/uploads\/2014\/11\/Sottocornola-e-Zanotto-vincitori-superenduro-2012-300x200.jpg 300w, https:\/\/www.365mountainbike.it\/fantamtb\/wp-content\/uploads\/2014\/11\/Sottocornola-e-Zanotto-vincitori-superenduro-2012-1024x682.jpg 1024w, https:\/\/www.365mountainbike.it\/fantamtb\/wp-content\/uploads\/2014\/11\/Sottocornola-e-Zanotto-vincitori-superenduro-2012-768x511.jpg 768w\" sizes=\"auto, (max-width: 1200px) 100vw, 1200px\" type=\"image\/webp\"><img src=\"https:\/\/www.365mountainbike.it\/fantamtb\/wp-content\/uploads\/2014\/11\/Sottocornola-e-Zanotto-vincitori-superenduro-2012.jpg\" height=\"799\" width=\"1200\" srcset=\"https:\/\/www.365mountainbike.it\/fantamtb\/wp-content\/uploads\/2014\/11\/Sottocornola-e-Zanotto-vincitori-superenduro-2012.jpg 1200w, https:\/\/www.365mountainbike.it\/fantamtb\/wp-content\/uploads\/2014\/11\/Sottocornola-e-Zanotto-vincitori-superenduro-2012-300x200.jpg 300w, https:\/\/www.365mountainbike.it\/fantamtb\/wp-content\/uploads\/2014\/11\/Sottocornola-e-Zanotto-vincitori-superenduro-2012-1024x682.jpg 1024w, https:\/\/www.365mountainbike.it\/fantamtb\/wp-content\/uploads\/2014\/11\/Sottocornola-e-Zanotto-vincitori-superenduro-2012-768x511.jpg 768w\" sizes=\"auto, (max-width: 1200px) 100vw, 1200px\" class=\"wp-image-10306 sp-no-webp\" alt=\"Sottocornola e Zanotto - vincitori superenduro 2012\" loading=\"lazy\" decoding=\"async\" data-id=\"10306\" style=\"aspect-ratio:4\/3\"  > <\/picture><\/a><figcaption class=\"wp-element-caption\">Sottocornola e Zanotto &#8211; vincitori superenduro 2012<\/figcaption><\/figure>\n\n\n\n<figure class=\"wp-block-image size-medium\"><a href=\"https:\/\/www.365mountainbike.it\/fantamtb\/wp-content\/uploads\/2014\/11\/Davide-Sottocornola-superenduro-2012.jpg\"><picture><source srcset=\"https:\/\/www.365mountainbike.it\/fantamtb\/wp-content\/uploads\/2014\/11\/Davide-Sottocornola-superenduro-2012.jpg.webp 1200w, https:\/\/www.365mountainbike.it\/fantamtb\/wp-content\/uploads\/2014\/11\/Davide-Sottocornola-superenduro-2012-300x200.jpg 300w, https:\/\/www.365mountainbike.it\/fantamtb\/wp-content\/uploads\/2014\/11\/Davide-Sottocornola-superenduro-2012-1024x683.jpg 1024w, https:\/\/www.365mountainbike.it\/fantamtb\/wp-content\/uploads\/2014\/11\/Davide-Sottocornola-superenduro-2012-768x512.jpg 768w\" sizes=\"auto, (max-width: 1200px) 100vw, 1200px\" type=\"image\/webp\"><img src=\"https:\/\/www.365mountainbike.it\/fantamtb\/wp-content\/uploads\/2014\/11\/Davide-Sottocornola-superenduro-2012.jpg\" height=\"800\" width=\"1200\" srcset=\"https:\/\/www.365mountainbike.it\/fantamtb\/wp-content\/uploads\/2014\/11\/Davide-Sottocornola-superenduro-2012.jpg 1200w, https:\/\/www.365mountainbike.it\/fantamtb\/wp-content\/uploads\/2014\/11\/Davide-Sottocornola-superenduro-2012-300x200.jpg 300w, https:\/\/www.365mountainbike.it\/fantamtb\/wp-content\/uploads\/2014\/11\/Davide-Sottocornola-superenduro-2012-1024x683.jpg 1024w, https:\/\/www.365mountainbike.it\/fantamtb\/wp-content\/uploads\/2014\/11\/Davide-Sottocornola-superenduro-2012-768x512.jpg 768w\" sizes=\"auto, (max-width: 1200px) 100vw, 1200px\" class=\"wp-image-10307 sp-no-webp\" alt=\"Davide Sottocornola superenduro 2012\" loading=\"lazy\" decoding=\"async\" data-id=\"10307\" style=\"aspect-ratio:4\/3\"  > <\/picture><\/a><figcaption class=\"wp-element-caption\">Davide Sottocornola superenduro 2012<\/figcaption><\/figure>\n\n\n\n<figure class=\"wp-block-image size-medium\"><a href=\"https:\/\/www.365mountainbike.it\/fantamtb\/wp-content\/uploads\/2014\/11\/Dan-Atherton-superenduro-2012.jpg\"><picture><source srcset=\"https:\/\/www.365mountainbike.it\/fantamtb\/wp-content\/uploads\/2014\/11\/Dan-Atherton-superenduro-2012.jpg.webp 1199w, https:\/\/www.365mountainbike.it\/fantamtb\/wp-content\/uploads\/2014\/11\/Dan-Atherton-superenduro-2012-300x200.jpg 300w, https:\/\/www.365mountainbike.it\/fantamtb\/wp-content\/uploads\/2014\/11\/Dan-Atherton-superenduro-2012-1024x683.jpg 1024w, https:\/\/www.365mountainbike.it\/fantamtb\/wp-content\/uploads\/2014\/11\/Dan-Atherton-superenduro-2012-768x512.jpg 768w\" sizes=\"auto, (max-width: 1199px) 100vw, 1199px\" type=\"image\/webp\"><img src=\"https:\/\/www.365mountainbike.it\/fantamtb\/wp-content\/uploads\/2014\/11\/Dan-Atherton-superenduro-2012.jpg\" height=\"800\" width=\"1199\" srcset=\"https:\/\/www.365mountainbike.it\/fantamtb\/wp-content\/uploads\/2014\/11\/Dan-Atherton-superenduro-2012.jpg 1199w, https:\/\/www.365mountainbike.it\/fantamtb\/wp-content\/uploads\/2014\/11\/Dan-Atherton-superenduro-2012-300x200.jpg 300w, https:\/\/www.365mountainbike.it\/fantamtb\/wp-content\/uploads\/2014\/11\/Dan-Atherton-superenduro-2012-1024x683.jpg 1024w, https:\/\/www.365mountainbike.it\/fantamtb\/wp-content\/uploads\/2014\/11\/Dan-Atherton-superenduro-2012-768x512.jpg 768w\" sizes=\"auto, (max-width: 1199px) 100vw, 1199px\" class=\"wp-image-10308 sp-no-webp\" alt=\"Dan Atherton superenduro 2012\" loading=\"lazy\" decoding=\"async\" data-id=\"10308\" style=\"aspect-ratio:4\/3\"  > <\/picture><\/a><figcaption class=\"wp-element-caption\">Dan Atherton superenduro 2012<\/figcaption><\/figure>\n<\/figure>\n\n\n\n<h1 class=\"wp-block-heading\" id=\"video\">VIDEO<\/h1>\n\n\n\n<figure class=\"wp-block-embed is-type-video is-provider-youtube wp-block-embed-youtube wp-embed-aspect-16-9 wp-has-aspect-ratio\"><div class=\"wp-block-embed__wrapper\">\n<iframe loading=\"lazy\" title=\"Superenduro 2012: Pro 1 - Golfo Dianese\" width=\"740\" height=\"416\" src=\"https:\/\/www.youtube.com\/embed\/lopxqrLBlNA?feature=oembed\" frameborder=\"0\" allow=\"accelerometer; autoplay; clipboard-write; encrypted-media; gyroscope; picture-in-picture; web-share\" allowfullscreen><\/iframe>\n<\/div><\/figure>\n\n\n\n<h3 class=\"wp-block-heading\" id=\"h-pro1-golfo-dianese\">PRO1 GOLFO DIANESE<\/h3>\n\n\n\n<figure class=\"wp-block-embed is-type-video is-provider-youtube wp-block-embed-youtube wp-embed-aspect-16-9 wp-has-aspect-ratio\"><div class=\"wp-block-embed__wrapper\">\n<iframe loading=\"lazy\" title=\"Superenduro 2012: PRO 2 - Punta Ala\" width=\"740\" height=\"416\" src=\"https:\/\/www.youtube.com\/embed\/lwjhBLVTWjo?feature=oembed\" frameborder=\"0\" allow=\"accelerometer; autoplay; clipboard-write; encrypted-media; gyroscope; picture-in-picture; web-share\" allowfullscreen><\/iframe>\n<\/div><\/figure>\n\n\n\n<h3 class=\"wp-block-heading\" id=\"h-pro2-punta-ala\">PRO2 PUNTA ALA<\/h3>\n\n\n\n<figure class=\"wp-block-embed is-type-video is-provider-vimeo wp-block-embed-vimeo wp-embed-aspect-16-9 wp-has-aspect-ratio\"><div class=\"wp-block-embed__wrapper\">\n<iframe loading=\"lazy\" title=\"Supermountain 2012 - Round 2 race - Pila\" src=\"https:\/\/player.vimeo.com\/video\/49882098?dnt=1&amp;app_id=122963\" width=\"740\" height=\"416\" frameborder=\"0\" allow=\"autoplay; fullscreen; picture-in-picture\"><\/iframe>\n<\/div><\/figure>\n\n\n\n<h3 class=\"wp-block-heading\" id=\"h-supermontain-2-pila\">SUPERMONTAIN 2 &#8211; PILA<\/h3>\n\n\n\n<figure class=\"wp-block-embed is-type-video is-provider-youtube wp-block-embed-youtube wp-embed-aspect-16-9 wp-has-aspect-ratio\"><div class=\"wp-block-embed__wrapper\">\n<iframe loading=\"lazy\" title=\"Superenduro 2012: PRO 6 Finale Ligure\" width=\"740\" height=\"416\" src=\"https:\/\/www.youtube.com\/embed\/zWUT7DesJso?feature=oembed\" frameborder=\"0\" allow=\"accelerometer; autoplay; clipboard-write; encrypted-media; gyroscope; picture-in-picture; web-share\" allowfullscreen><\/iframe>\n<\/div><\/figure>\n\n\n\n<h3 class=\"wp-block-heading\" id=\"h-pro6-finale-ligure\">PRO6 FINALE LIGURE<\/h3>\n","protected":false,"gt_translate_keys":[{"key":"rendered","format":"html"}]},"excerpt":{"rendered":"<p>L\u2019inglese del team Atherton su GT ha letteralmente dominato l&#8217;ultima prova a Finale, vincendo tutte e cinque le PS, senza lasciare nulla agli avversari. Anche tra le donne fin dalle prime curve \u00e8 stato chiara la supremazia di Anne Caroline Chausson (Ibis \u2013 Sco Dijon), alla prima esperienza nel Superenduro ha chiuso con ben 3min [&hellip;]<\/p>\n","protected":false,"gt_translate_keys":[{"key":"rendered","format":"html"}]},"author":1,"featured_media":10302,"comment_status":"closed","ping_status":"open","sticky":false,"template":"","format":"standard","meta":{"footnotes":""},"categories":[1259],"tags":[851,857,879,739,757,740,880,719,709,871,853,864,865,881,849,235,872,882,743,874,866,49],"class_list":["post-2582","post","type-post","status-publish","format-standard","has-post-thumbnail","hentry","category-enduro-mtb","tag-alex-lupato","tag-alex-stock","tag-anka-martin","tag-curtis-keene","tag-dan-atherton","tag-finale-ligure","tag-golfo-dainese","tag-isabeau-courdurier","tag-jerome-clementz","tag-madesimo","tag-manuel-ducci","tag-maria-federica-zanotto","tag-marianna-uttini","tag-morgane-such","tag-nicolas-lau","tag-nicolas-vouilloz","tag-pauline-diffenthaler","tag-pogno","tag-punta-ala","tag-sauze-doulx","tag-superenduro","tag-tanja-zakelj"],"yoast_head":"<!-- This site is optimized with the Yoast SEO plugin v27.5 - https:\/\/yoast.com\/product\/yoast-seo-wordpress\/ -->\n<title>Classifiche Superenduro 2012 | FANTAmtb<\/title>\n<meta name=\"robots\" content=\"index, follow, max-snippet:-1, max-image-preview:large, max-video-preview:-1\" \/>\n<link rel=\"canonical\" href=\"https:\/\/www.365mountainbike.it\/fantamtb\/storia-mtb\/enduro-mtb\/superenduro-2012\/\" \/>\n<meta property=\"og:locale\" content=\"it_IT\" \/>\n<meta property=\"og:type\" content=\"article\" \/>\n<meta property=\"og:title\" content=\"Classifiche Superenduro 2012 | FANTAmtb\" \/>\n<meta property=\"og:description\" content=\"L\u2019inglese del team Atherton su GT ha letteralmente dominato l&#8217;ultima prova a Finale, vincendo tutte e cinque le PS, senza lasciare nulla agli avversari. Anche tra le donne fin dalle prime curve \u00e8 stato chiara la supremazia di Anne Caroline Chausson (Ibis \u2013 Sco Dijon), alla prima esperienza nel Superenduro ha chiuso con ben 3min [&hellip;]\" \/>\n<meta property=\"og:url\" content=\"https:\/\/www.365mountainbike.it\/fantamtb\/storia-mtb\/enduro-mtb\/superenduro-2012\/\" \/>\n<meta property=\"og:site_name\" content=\"FANTAmtb\" \/>\n<meta property=\"article:published_time\" content=\"2014-11-25T12:06:47+00:00\" \/>\n<meta property=\"article:modified_time\" content=\"2026-01-23T17:52:37+00:00\" \/>\n<meta property=\"og:image\" content=\"https:\/\/www.365mountainbike.it\/fantamtb\/wp-content\/uploads\/2014\/11\/Supermountain-2012-Limone-Piemonte.jpg\" \/>\n\t<meta property=\"og:image:width\" content=\"1200\" \/>\n\t<meta property=\"og:image:height\" content=\"800\" \/>\n\t<meta property=\"og:image:type\" content=\"image\/jpeg\" \/>\n<meta name=\"author\" content=\"FANTAmtb\" \/>\n<meta name=\"twitter:card\" content=\"summary_large_image\" \/>\n<meta name=\"twitter:label1\" content=\"Scritto da\" \/>\n\t<meta name=\"twitter:data1\" content=\"FANTAmtb\" \/>\n\t<meta name=\"twitter:label2\" content=\"Tempo di lettura stimato\" \/>\n\t<meta name=\"twitter:data2\" content=\"24 minuti\" \/>\n<script type=\"application\/ld+json\" class=\"yoast-schema-graph\">{\"@context\":\"https:\\\/\\\/schema.org\",\"@graph\":[{\"@type\":\"Article\",\"@id\":\"https:\\\/\\\/www.365mountainbike.it\\\/fantamtb\\\/storia-mtb\\\/enduro-mtb\\\/superenduro-2012\\\/#article\",\"isPartOf\":{\"@id\":\"https:\\\/\\\/www.365mountainbike.it\\\/fantamtb\\\/storia-mtb\\\/enduro-mtb\\\/superenduro-2012\\\/\"},\"author\":{\"name\":\"FANTAmtb\",\"@id\":\"https:\\\/\\\/www.365mountainbike.it\\\/fantamtb\\\/#\\\/schema\\\/person\\\/7b4a30b446207c8d00024d9717c3b63b\"},\"headline\":\"Superenduro 2012\",\"datePublished\":\"2014-11-25T12:06:47+00:00\",\"dateModified\":\"2026-01-23T17:52:37+00:00\",\"mainEntityOfPage\":{\"@id\":\"https:\\\/\\\/www.365mountainbike.it\\\/fantamtb\\\/storia-mtb\\\/enduro-mtb\\\/superenduro-2012\\\/\"},\"wordCount\":661,\"image\":{\"@id\":\"https:\\\/\\\/www.365mountainbike.it\\\/fantamtb\\\/storia-mtb\\\/enduro-mtb\\\/superenduro-2012\\\/#primaryimage\"},\"thumbnailUrl\":\"https:\\\/\\\/www.365mountainbike.it\\\/fantamtb\\\/wp-content\\\/uploads\\\/2014\\\/11\\\/Supermountain-2012-Limone-Piemonte.jpg\",\"keywords\":[\"Alex Lupato\",\"Alex Stock\",\"Anka Martin\",\"Curtis Keene\",\"Dan Atherton\",\"Finale Ligure\",\"Golfo Dainese\",\"Isabeau Courdurier\",\"Jerome Clementz\",\"Madesimo\",\"Manuel Ducci\",\"Maria Federica Zanotto\",\"Marianna Uttini\",\"Morgane Such\",\"Nicolas Lau\",\"Nicolas Vouilloz\",\"Pauline Diffenthaler\",\"Pogno\",\"Punta Ala\",\"Sauze D&#039;Oulx\",\"Superenduro\",\"Tanja Zakelj\"],\"articleSection\":[\"Enduro MTB\"],\"inLanguage\":\"it-IT\"},{\"@type\":\"WebPage\",\"@id\":\"https:\\\/\\\/www.365mountainbike.it\\\/fantamtb\\\/storia-mtb\\\/enduro-mtb\\\/superenduro-2012\\\/\",\"url\":\"https:\\\/\\\/www.365mountainbike.it\\\/fantamtb\\\/storia-mtb\\\/enduro-mtb\\\/superenduro-2012\\\/\",\"name\":\"Classifiche Superenduro 2012 | FANTAmtb\",\"isPartOf\":{\"@id\":\"https:\\\/\\\/www.365mountainbike.it\\\/fantamtb\\\/#website\"},\"primaryImageOfPage\":{\"@id\":\"https:\\\/\\\/www.365mountainbike.it\\\/fantamtb\\\/storia-mtb\\\/enduro-mtb\\\/superenduro-2012\\\/#primaryimage\"},\"image\":{\"@id\":\"https:\\\/\\\/www.365mountainbike.it\\\/fantamtb\\\/storia-mtb\\\/enduro-mtb\\\/superenduro-2012\\\/#primaryimage\"},\"thumbnailUrl\":\"https:\\\/\\\/www.365mountainbike.it\\\/fantamtb\\\/wp-content\\\/uploads\\\/2014\\\/11\\\/Supermountain-2012-Limone-Piemonte.jpg\",\"datePublished\":\"2014-11-25T12:06:47+00:00\",\"dateModified\":\"2026-01-23T17:52:37+00:00\",\"author\":{\"@id\":\"https:\\\/\\\/www.365mountainbike.it\\\/fantamtb\\\/#\\\/schema\\\/person\\\/7b4a30b446207c8d00024d9717c3b63b\"},\"breadcrumb\":{\"@id\":\"https:\\\/\\\/www.365mountainbike.it\\\/fantamtb\\\/storia-mtb\\\/enduro-mtb\\\/superenduro-2012\\\/#breadcrumb\"},\"inLanguage\":\"it-IT\",\"potentialAction\":[{\"@type\":\"ReadAction\",\"target\":[\"https:\\\/\\\/www.365mountainbike.it\\\/fantamtb\\\/storia-mtb\\\/enduro-mtb\\\/superenduro-2012\\\/\"]}]},{\"@type\":\"ImageObject\",\"inLanguage\":\"it-IT\",\"@id\":\"https:\\\/\\\/www.365mountainbike.it\\\/fantamtb\\\/storia-mtb\\\/enduro-mtb\\\/superenduro-2012\\\/#primaryimage\",\"url\":\"https:\\\/\\\/www.365mountainbike.it\\\/fantamtb\\\/wp-content\\\/uploads\\\/2014\\\/11\\\/Supermountain-2012-Limone-Piemonte.jpg\",\"contentUrl\":\"https:\\\/\\\/www.365mountainbike.it\\\/fantamtb\\\/wp-content\\\/uploads\\\/2014\\\/11\\\/Supermountain-2012-Limone-Piemonte.jpg\",\"width\":1200,\"height\":800,\"caption\":\"Supermountain 2012 Limone Piemonte\"},{\"@type\":\"BreadcrumbList\",\"@id\":\"https:\\\/\\\/www.365mountainbike.it\\\/fantamtb\\\/storia-mtb\\\/enduro-mtb\\\/superenduro-2012\\\/#breadcrumb\",\"itemListElement\":[{\"@type\":\"ListItem\",\"position\":1,\"name\":\"Home\",\"item\":\"https:\\\/\\\/www.365mountainbike.it\\\/fantamtb\\\/\"},{\"@type\":\"ListItem\",\"position\":2,\"name\":\"Storia MTB\",\"item\":\"https:\\\/\\\/www.365mountainbike.it\\\/fantamtb\\\/storia-mtb\\\/\"},{\"@type\":\"ListItem\",\"position\":3,\"name\":\"Enduro\",\"item\":\"https:\\\/\\\/www.365mountainbike.it\\\/fantamtb\\\/storia-mtb\\\/enduro-mtb\\\/\"},{\"@type\":\"ListItem\",\"position\":4,\"name\":\"Superenduro 2012\"}]},{\"@type\":\"WebSite\",\"@id\":\"https:\\\/\\\/www.365mountainbike.it\\\/fantamtb\\\/#website\",\"url\":\"https:\\\/\\\/www.365mountainbike.it\\\/fantamtb\\\/\",\"name\":\"FANTAmtb\",\"description\":\"Il FANTAciclismo della Mountain Bike (FANTAcycling)\",\"potentialAction\":[{\"@type\":\"SearchAction\",\"target\":{\"@type\":\"EntryPoint\",\"urlTemplate\":\"https:\\\/\\\/www.365mountainbike.it\\\/fantamtb\\\/?s={search_term_string}\"},\"query-input\":{\"@type\":\"PropertyValueSpecification\",\"valueRequired\":true,\"valueName\":\"search_term_string\"}}],\"inLanguage\":\"it-IT\"},{\"@type\":\"Person\",\"@id\":\"https:\\\/\\\/www.365mountainbike.it\\\/fantamtb\\\/#\\\/schema\\\/person\\\/7b4a30b446207c8d00024d9717c3b63b\",\"name\":\"FANTAmtb\",\"image\":{\"@type\":\"ImageObject\",\"inLanguage\":\"it-IT\",\"@id\":\"\\\/\\\/www.365mountainbike.it\\\/fantamtb\\\/wp-content\\\/uploads\\\/wpforo\\\/avatars\\\/davide_1.png\",\"url\":\"\\\/\\\/www.365mountainbike.it\\\/fantamtb\\\/wp-content\\\/uploads\\\/wpforo\\\/avatars\\\/davide_1.png\",\"contentUrl\":\"\\\/\\\/www.365mountainbike.it\\\/fantamtb\\\/wp-content\\\/uploads\\\/wpforo\\\/avatars\\\/davide_1.png\",\"caption\":\"FANTAmtb\"},\"sameAs\":[\"https:\\\/\\\/www.365mountainbike.it\\\/fantamtb\"],\"url\":\"https:\\\/\\\/www.365mountainbike.it\\\/fantamtb\\\/author\\\/davide\\\/\"}]}<\/script>\n<!-- \/ Yoast SEO plugin. -->","yoast_head_json":{"title":"Classifiche Superenduro 2012 | FANTAmtb","robots":{"index":"index","follow":"follow","max-snippet":"max-snippet:-1","max-image-preview":"max-image-preview:large","max-video-preview":"max-video-preview:-1"},"canonical":"https:\/\/www.365mountainbike.it\/fantamtb\/storia-mtb\/enduro-mtb\/superenduro-2012\/","og_locale":"it_IT","og_type":"article","og_title":"Classifiche Superenduro 2012 | FANTAmtb","og_description":"L\u2019inglese del team Atherton su GT ha letteralmente dominato l&#8217;ultima prova a Finale, vincendo tutte e cinque le PS, senza lasciare nulla agli avversari. Anche tra le donne fin dalle prime curve \u00e8 stato chiara la supremazia di Anne Caroline Chausson (Ibis \u2013 Sco Dijon), alla prima esperienza nel Superenduro ha chiuso con ben 3min [&hellip;]","og_url":"https:\/\/www.365mountainbike.it\/fantamtb\/storia-mtb\/enduro-mtb\/superenduro-2012\/","og_site_name":"FANTAmtb","article_published_time":"2014-11-25T12:06:47+00:00","article_modified_time":"2026-01-23T17:52:37+00:00","og_image":[{"width":1200,"height":800,"url":"https:\/\/www.365mountainbike.it\/fantamtb\/wp-content\/uploads\/2014\/11\/Supermountain-2012-Limone-Piemonte.jpg","type":"image\/jpeg"}],"author":"FANTAmtb","twitter_card":"summary_large_image","twitter_misc":{"Scritto da":"FANTAmtb","Tempo di lettura stimato":"24 minuti"},"schema":{"@context":"https:\/\/schema.org","@graph":[{"@type":"Article","@id":"https:\/\/www.365mountainbike.it\/fantamtb\/storia-mtb\/enduro-mtb\/superenduro-2012\/#article","isPartOf":{"@id":"https:\/\/www.365mountainbike.it\/fantamtb\/storia-mtb\/enduro-mtb\/superenduro-2012\/"},"author":{"name":"FANTAmtb","@id":"https:\/\/www.365mountainbike.it\/fantamtb\/#\/schema\/person\/7b4a30b446207c8d00024d9717c3b63b"},"headline":"Superenduro 2012","datePublished":"2014-11-25T12:06:47+00:00","dateModified":"2026-01-23T17:52:37+00:00","mainEntityOfPage":{"@id":"https:\/\/www.365mountainbike.it\/fantamtb\/storia-mtb\/enduro-mtb\/superenduro-2012\/"},"wordCount":661,"image":{"@id":"https:\/\/www.365mountainbike.it\/fantamtb\/storia-mtb\/enduro-mtb\/superenduro-2012\/#primaryimage"},"thumbnailUrl":"https:\/\/www.365mountainbike.it\/fantamtb\/wp-content\/uploads\/2014\/11\/Supermountain-2012-Limone-Piemonte.jpg","keywords":["Alex Lupato","Alex Stock","Anka Martin","Curtis Keene","Dan Atherton","Finale Ligure","Golfo Dainese","Isabeau Courdurier","Jerome Clementz","Madesimo","Manuel Ducci","Maria Federica Zanotto","Marianna Uttini","Morgane Such","Nicolas Lau","Nicolas Vouilloz","Pauline Diffenthaler","Pogno","Punta Ala","Sauze D&#039;Oulx","Superenduro","Tanja Zakelj"],"articleSection":["Enduro MTB"],"inLanguage":"it-IT"},{"@type":"WebPage","@id":"https:\/\/www.365mountainbike.it\/fantamtb\/storia-mtb\/enduro-mtb\/superenduro-2012\/","url":"https:\/\/www.365mountainbike.it\/fantamtb\/storia-mtb\/enduro-mtb\/superenduro-2012\/","name":"Classifiche Superenduro 2012 | FANTAmtb","isPartOf":{"@id":"https:\/\/www.365mountainbike.it\/fantamtb\/#website"},"primaryImageOfPage":{"@id":"https:\/\/www.365mountainbike.it\/fantamtb\/storia-mtb\/enduro-mtb\/superenduro-2012\/#primaryimage"},"image":{"@id":"https:\/\/www.365mountainbike.it\/fantamtb\/storia-mtb\/enduro-mtb\/superenduro-2012\/#primaryimage"},"thumbnailUrl":"https:\/\/www.365mountainbike.it\/fantamtb\/wp-content\/uploads\/2014\/11\/Supermountain-2012-Limone-Piemonte.jpg","datePublished":"2014-11-25T12:06:47+00:00","dateModified":"2026-01-23T17:52:37+00:00","author":{"@id":"https:\/\/www.365mountainbike.it\/fantamtb\/#\/schema\/person\/7b4a30b446207c8d00024d9717c3b63b"},"breadcrumb":{"@id":"https:\/\/www.365mountainbike.it\/fantamtb\/storia-mtb\/enduro-mtb\/superenduro-2012\/#breadcrumb"},"inLanguage":"it-IT","potentialAction":[{"@type":"ReadAction","target":["https:\/\/www.365mountainbike.it\/fantamtb\/storia-mtb\/enduro-mtb\/superenduro-2012\/"]}]},{"@type":"ImageObject","inLanguage":"it-IT","@id":"https:\/\/www.365mountainbike.it\/fantamtb\/storia-mtb\/enduro-mtb\/superenduro-2012\/#primaryimage","url":"https:\/\/www.365mountainbike.it\/fantamtb\/wp-content\/uploads\/2014\/11\/Supermountain-2012-Limone-Piemonte.jpg","contentUrl":"https:\/\/www.365mountainbike.it\/fantamtb\/wp-content\/uploads\/2014\/11\/Supermountain-2012-Limone-Piemonte.jpg","width":1200,"height":800,"caption":"Supermountain 2012 Limone Piemonte"},{"@type":"BreadcrumbList","@id":"https:\/\/www.365mountainbike.it\/fantamtb\/storia-mtb\/enduro-mtb\/superenduro-2012\/#breadcrumb","itemListElement":[{"@type":"ListItem","position":1,"name":"Home","item":"https:\/\/www.365mountainbike.it\/fantamtb\/"},{"@type":"ListItem","position":2,"name":"Storia MTB","item":"https:\/\/www.365mountainbike.it\/fantamtb\/storia-mtb\/"},{"@type":"ListItem","position":3,"name":"Enduro","item":"https:\/\/www.365mountainbike.it\/fantamtb\/storia-mtb\/enduro-mtb\/"},{"@type":"ListItem","position":4,"name":"Superenduro 2012"}]},{"@type":"WebSite","@id":"https:\/\/www.365mountainbike.it\/fantamtb\/#website","url":"https:\/\/www.365mountainbike.it\/fantamtb\/","name":"FANTAmtb","description":"Il FANTAciclismo della Mountain Bike (FANTAcycling)","potentialAction":[{"@type":"SearchAction","target":{"@type":"EntryPoint","urlTemplate":"https:\/\/www.365mountainbike.it\/fantamtb\/?s={search_term_string}"},"query-input":{"@type":"PropertyValueSpecification","valueRequired":true,"valueName":"search_term_string"}}],"inLanguage":"it-IT"},{"@type":"Person","@id":"https:\/\/www.365mountainbike.it\/fantamtb\/#\/schema\/person\/7b4a30b446207c8d00024d9717c3b63b","name":"FANTAmtb","image":{"@type":"ImageObject","inLanguage":"it-IT","@id":"\/\/www.365mountainbike.it\/fantamtb\/wp-content\/uploads\/wpforo\/avatars\/davide_1.png","url":"\/\/www.365mountainbike.it\/fantamtb\/wp-content\/uploads\/wpforo\/avatars\/davide_1.png","contentUrl":"\/\/www.365mountainbike.it\/fantamtb\/wp-content\/uploads\/wpforo\/avatars\/davide_1.png","caption":"FANTAmtb"},"sameAs":["https:\/\/www.365mountainbike.it\/fantamtb"],"url":"https:\/\/www.365mountainbike.it\/fantamtb\/author\/davide\/"}]}},"gt_translate_keys":[{"key":"link","format":"url"}],"_links":{"self":[{"href":"https:\/\/www.365mountainbike.it\/fantamtb\/wp-json\/wp\/v2\/posts\/2582","targetHints":{"allow":["GET"]}}],"collection":[{"href":"https:\/\/www.365mountainbike.it\/fantamtb\/wp-json\/wp\/v2\/posts"}],"about":[{"href":"https:\/\/www.365mountainbike.it\/fantamtb\/wp-json\/wp\/v2\/types\/post"}],"author":[{"embeddable":true,"href":"https:\/\/www.365mountainbike.it\/fantamtb\/wp-json\/wp\/v2\/users\/1"}],"replies":[{"embeddable":true,"href":"https:\/\/www.365mountainbike.it\/fantamtb\/wp-json\/wp\/v2\/comments?post=2582"}],"version-history":[{"count":2,"href":"https:\/\/www.365mountainbike.it\/fantamtb\/wp-json\/wp\/v2\/posts\/2582\/revisions"}],"predecessor-version":[{"id":25229,"href":"https:\/\/www.365mountainbike.it\/fantamtb\/wp-json\/wp\/v2\/posts\/2582\/revisions\/25229"}],"wp:featuredmedia":[{"embeddable":true,"href":"https:\/\/www.365mountainbike.it\/fantamtb\/wp-json\/wp\/v2\/media\/10302"}],"wp:attachment":[{"href":"https:\/\/www.365mountainbike.it\/fantamtb\/wp-json\/wp\/v2\/media?parent=2582"}],"wp:term":[{"taxonomy":"category","embeddable":true,"href":"https:\/\/www.365mountainbike.it\/fantamtb\/wp-json\/wp\/v2\/categories?post=2582"},{"taxonomy":"post_tag","embeddable":true,"href":"https:\/\/www.365mountainbike.it\/fantamtb\/wp-json\/wp\/v2\/tags?post=2582"}],"curies":[{"name":"wp","href":"https:\/\/api.w.org\/{rel}","templated":true}]}}