{"id":2580,"date":"2014-11-25T13:06:25","date_gmt":"2014-11-25T12:06:25","guid":{"rendered":"\/database\/gare-enduro\/superenduro-2013-powered-by-sram\/"},"modified":"2026-01-23T17:51:45","modified_gmt":"2026-01-23T17:51:45","slug":"superenduro-2013-powered-by-sram","status":"publish","type":"post","link":"https:\/\/www.365mountainbike.it\/fantamtb\/storia-mtb\/enduro-mtb\/superenduro-2013-powered-by-sram\/","title":{"rendered":"Superenduro 2013 Powered By Sram","gt_translate_keys":[{"key":"rendered","format":"text"}]},"content":{"rendered":"\n<p>Il titolo di Campione Superenduro PRO 2013 invece se l\u2019\u00e8 portato a casa Manuel Ducci, nonostante una gara tutta in difesa, al di sotto dei suoi standard. Il rider Ibis-Life Cycle ha coronato cos\u00ec una stagione che lo ha visto sempre protagonista, con una vittoria, un secondo e due terzi posti. Sulla spiaggia poco dopo l\u2019arrivo Ducci ha commentato cos\u00ec il suo risultato trionfale: \u201cVincere il titolo alla seconda stagione di Superenduro powered by SRAM \u00e8 fantastico. Il mio obiettivo ora \u00e8 diventare pi\u00f9 competitivo nella EWS. La gara oggi \u00e8 stata durissima per me, vengo da un infortunio fastidioso e il mio obiettivo era solamente il traguardo, senza cercare la prestazione\u201d.<\/p>\n\n\n\n<p>Il migliore degli italiani in gara invece \u00e8 stato Alex Lupato (Lapierre \u2013 FRM), diciannovesimo, con Marco Aurelio Fontana (Cannodale) e Francesco Colombo che hanno fatto meglio degli specialisti dell\u2019enduro Vittorio Gambirasio (Gt \u2013 Team 360) e Davide Sottocornola (SantaCruz \u2013 Cicobikes Dsb), entrambi attardati sabato da problemi tecnici. Caldissimo il tifo per Lupato, uno dei rider pi\u00f9 amati dal pubblico ed autore di una grande stagione tutta in salita, coronata con la maglia tricolore e la vittoria della classifica RedBull Time Rush.<\/p>\n\n\n\n<p>Anche nella gara femminile non \u00e8 mancato lo spettacolo, la prima tra le italiane \u00e8 Laura Rossin (Devinci \u2013 Dream Team Genova), che si aggiudica il titolo del Superenduro Powered By SRAM, chiudendo davanti a Valentina Macheda (Ibis \u2013 Life Cycle) e Chiara Pastore (SantaCruz \u2013 Cicobikes Dsb).<\/p>\n\n\n\n<p>Oggi a Finale Ligure \u00e8 finita una stagione ma \u00e8 iniziata una nuova era della mountain bike, ecco le parole di Fabien Barel, uno dei primi pro rider a credere nell\u2019enduro: \u201cOggi \u00e8 la vittoria dell\u2019enduro, la nascita di una nuova era grazie alla Enduro World Series ed al Superenduro che hanno aperto una via nuova in questo sport. Voglio ringraziare tutti coloro che hanno lavorato per questo obiettivo e che hanno portato la disciplina dell\u2019enduro a questi livelli\u201d.<\/p>\n\n\n\n<p><\/p>\n\n\n\n<figure class=\"wp-block-table is-style-stripes\"><table class=\"has-black-color has-text-color\"><tbody><tr><td><img loading=\"lazy\" decoding=\"async\" width=\"20\" height=\"12\" border=\"0\" src=\"\/fantamtb\/wp-content\/images\/ita.png\" alt=\"ITA\">&nbsp;Sestri Levante<br><a href=\"https:\/\/www.365mountainbike.it\/fantamtb\/wp-content\/images\/results\/superenduro\/2013_sestrilevante_pro.pdf\" target=\"_blank\" rel=\"noreferrer noopener\">CLASSIFICA COMPLETA<\/a><\/td><td><img decoding=\"async\" style=\"border: 0pt none;\" src=\"\/fantamtb\/wp-content\/images\/1.png\" alt=\"prima posizione\" border=\"0\">&nbsp;<img loading=\"lazy\" decoding=\"async\" src=\"\/fantamtb\/wp-content\/images\/fra.png\" alt=\"FRA\" width=\"19\" height=\"13\" border=\"0\">&nbsp;<a href=\"https:\/\/www.365mountainbike.it\/fantamtb\/storia-mtb\/atleti\/jerome-clementz\/\">Jerome CLEMENTZ<\/a><br><img decoding=\"async\" style=\"border: 0pt none;\" src=\"\/fantamtb\/wp-content\/images\/2.png\" alt=\"seconda posizione\" border=\"0\">&nbsp;<img loading=\"lazy\" decoding=\"async\" src=\"\/fantamtb\/wp-content\/images\/ita.png\" alt=\"ITA\" width=\"19\" height=\"13\" border=\"0\">&nbsp;Davide Sottocornola<br><img decoding=\"async\" style=\"border: 0pt none;\" src=\"\/fantamtb\/wp-content\/images\/3.png\" alt=\"terza posizione\" border=\"0\">&nbsp;<img loading=\"lazy\" decoding=\"async\" src=\"\/fantamtb\/wp-content\/images\/ita.png\" alt=\"ITA\" width=\"19\" height=\"13\" border=\"0\">&nbsp;Manuel Ducci<\/td><td><img decoding=\"async\" border=\"0\" style=\"border: 0pt none;\" src=\"\/fantamtb\/wp-content\/images\/1.png\" alt=\"prima posizione\">&nbsp;<img loading=\"lazy\" decoding=\"async\" width=\"19\" height=\"13\" border=\"0\" src=\"\/fantamtb\/wp-content\/images\/fra.png\" alt=\"FRA\">&nbsp;<a href=\"https:\/\/www.365mountainbike.it\/fantamtb\/storia-mtb\/atleti\/pauline-dieffenthaler\/\">Pauline DIEFFENTHALER<\/a><br><img decoding=\"async\" border=\"0\" style=\"border: 0pt none;\" src=\"\/fantamtb\/wp-content\/images\/2.png\" alt=\"seconda posizione\">&nbsp;<img loading=\"lazy\" decoding=\"async\" width=\"19\" height=\"13\" border=\"0\" src=\"\/fantamtb\/wp-content\/images\/ita.png\" alt=\"ITA\">&nbsp;Valentina Macheda<br><img decoding=\"async\" border=\"0\" style=\"border: 0pt none;\" src=\"\/fantamtb\/wp-content\/images\/3.png\" alt=\"terza posizione\">&nbsp;<img loading=\"lazy\" decoding=\"async\" width=\"19\" height=\"13\" border=\"0\" src=\"\/fantamtb\/wp-content\/images\/fra.png\" alt=\"FRA\">&nbsp;Isabeau Courdurier<\/td><\/tr><tr><td>&nbsp;<\/td><td>&nbsp;<\/td><td>&nbsp;<\/td><\/tr><tr><td><img loading=\"lazy\" decoding=\"async\" width=\"20\" height=\"12\" border=\"0\" src=\"\/fantamtb\/wp-content\/images\/ita.png\" alt=\"ITA\">&nbsp;Punta Ala<br><a href=\"https:\/\/www.365mountainbike.it\/fantamtb\/wp-content\/images\/results\/superenduro\/2013_puntaala_pro.pdf\" target=\"_blank\" rel=\"noreferrer noopener\">CLASSIFICA COMPLETA<\/a><\/td><td><img decoding=\"async\" border=\"0\" style=\"border: 0pt none;\" src=\"\/fantamtb\/wp-content\/images\/1.png\" alt=\"prima posizione\">&nbsp;<img loading=\"lazy\" decoding=\"async\" width=\"19\" height=\"13\" border=\"0\" src=\"\/fantamtb\/wp-content\/images\/fra.png\" alt=\"FRA\">&nbsp;<a href=\"https:\/\/www.365mountainbike.it\/fantamtb\/storia-mtb\/atleti\/fabien-barel\/\">Fabien BAREL<\/a><br><img decoding=\"async\" border=\"0\" style=\"border: 0pt none;\" src=\"\/fantamtb\/wp-content\/images\/2.png\" alt=\"seconda posizione\">&nbsp;<img loading=\"lazy\" decoding=\"async\" width=\"19\" height=\"13\" border=\"0\" src=\"\/fantamtb\/wp-content\/images\/fra.png\" alt=\"FRA\">&nbsp;Jerome Clementz<br><img decoding=\"async\" border=\"0\" style=\"border: 0pt none;\" src=\"\/fantamtb\/wp-content\/images\/3.png\" alt=\"terza posizione\">&nbsp;<img loading=\"lazy\" decoding=\"async\" width=\"19\" height=\"13\" border=\"0\" src=\"\/fantamtb\/wp-content\/images\/aus.png\" alt=\"AUS\">&nbsp;Jared Graves<\/td><td><img decoding=\"async\" border=\"0\" style=\"border: 0pt none;\" src=\"\/fantamtb\/wp-content\/images\/1.png\" alt=\"prima posizione\">&nbsp;<img loading=\"lazy\" decoding=\"async\" width=\"19\" height=\"13\" border=\"0\" src=\"\/fantamtb\/wp-content\/images\/gbr.png\" alt=\"GBR\">&nbsp;<a href=\"https:\/\/www.365mountainbike.it\/fantamtb\/storia-mtb\/atleti\/tracy-moseley\/\">Tracy MOSELEY<\/a><br><img decoding=\"async\" border=\"0\" style=\"border: 0pt none;\" src=\"\/fantamtb\/wp-content\/images\/2.png\" alt=\"seconda posizione\">&nbsp;<img loading=\"lazy\" decoding=\"async\" width=\"19\" height=\"13\" border=\"0\" src=\"\/fantamtb\/wp-content\/images\/fra.png\" alt=\"FRA\">&nbsp;Emmeline Ragot<br><img decoding=\"async\" border=\"0\" style=\"border: 0pt none;\" src=\"\/fantamtb\/wp-content\/images\/3.png\" alt=\"terza posizione\">&nbsp;<img loading=\"lazy\" decoding=\"async\" width=\"19\" height=\"13\" border=\"0\" src=\"\/fantamtb\/wp-content\/images\/fra.png\" alt=\"FRA\">&nbsp;Cecile Ravanel<\/td><\/tr><tr><td>&nbsp;<\/td><td>&nbsp;<\/td><td>&nbsp;<\/td><\/tr><tr><td><img loading=\"lazy\" decoding=\"async\" width=\"20\" height=\"12\" border=\"0\" src=\"\/fantamtb\/wp-content\/images\/ita.png\" alt=\"ITA\">&nbsp;Gemona<br><a href=\"https:\/\/www.365mountainbike.it\/fantamtb\/wp-content\/images\/results\/superenduro\/2013_gemona_pro.pdf\" target=\"_blank\" rel=\"noreferrer noopener\">CLASSIFICA COMPLETA<\/a><\/td><td><img decoding=\"async\" border=\"0\" style=\"border: 0pt none;\" src=\"\/fantamtb\/wp-content\/images\/1.png\" alt=\"prima posizione\">&nbsp;<img loading=\"lazy\" decoding=\"async\" width=\"19\" height=\"13\" border=\"0\" src=\"\/fantamtb\/wp-content\/images\/ita.png\" alt=\"ITA\"> <a href=\"https:\/\/www.365mountainbike.it\/fantamtb\/storia-mtb\/atleti\/manuel-ducci\/\">Manuel DUCCI<\/a><br><img decoding=\"async\" border=\"0\" style=\"border: 0pt none;\" src=\"\/fantamtb\/wp-content\/images\/2.png\" alt=\"seconda posizione\">&nbsp;<img loading=\"lazy\" decoding=\"async\" width=\"19\" height=\"13\" border=\"0\" src=\"\/fantamtb\/wp-content\/images\/ita.png\" alt=\"ITA\">&nbsp;Vittorio Gambirasio<br><img decoding=\"async\" border=\"0\" style=\"border: 0pt none;\" src=\"\/fantamtb\/wp-content\/images\/3.png\" alt=\"terza posizione\">&nbsp;<img loading=\"lazy\" decoding=\"async\" width=\"19\" height=\"13\" border=\"0\" src=\"\/fantamtb\/wp-content\/images\/ita.png\" alt=\"ITA\">&nbsp;Alex Lupato<\/td><td><img decoding=\"async\" border=\"0\" style=\"border: 0pt none;\" src=\"\/fantamtb\/wp-content\/images\/1.png\" alt=\"prima posizione\">&nbsp;<img loading=\"lazy\" decoding=\"async\" width=\"19\" height=\"13\" border=\"0\" src=\"\/fantamtb\/wp-content\/images\/ita.png\" alt=\"ITA\">&nbsp;<a href=\"https:\/\/www.365mountainbike.it\/fantamtb\/storia-mtb\/atleti\/maria-federica-zanotto\/\">Maria Federica ZANOTTO<\/a><br><img decoding=\"async\" border=\"0\" style=\"border: 0pt none;\" src=\"\/fantamtb\/wp-content\/images\/2.png\" alt=\"seconda posizione\">&nbsp;<img loading=\"lazy\" decoding=\"async\" width=\"19\" height=\"13\" border=\"0\" src=\"\/fantamtb\/wp-content\/images\/ita.png\" alt=\"ITA\">&nbsp;Laura Rossin<br><img loading=\"lazy\" decoding=\"async\" width=\"20\" height=\"16\" border=\"0\" style=\"border: 0pt none;\" src=\"\/fantamtb\/wp-content\/images\/3.png\" alt=\"terza posizione\">&nbsp;<img loading=\"lazy\" decoding=\"async\" width=\"19\" height=\"13\" border=\"0\" src=\"\/fantamtb\/wp-content\/images\/ita.png\" alt=\"ITA\">&nbsp;Chiara Pastore<\/td><\/tr><tr><td>&nbsp;<\/td><td>&nbsp;<\/td><td>&nbsp;<\/td><\/tr><tr><td><img loading=\"lazy\" decoding=\"async\" width=\"20\" height=\"12\" border=\"0\" src=\"\/fantamtb\/wp-content\/images\/ita.png\" alt=\"ITA\">&nbsp;Madesimo<br><a href=\"https:\/\/www.365mountainbike.it\/fantamtb\/wp-content\/images\/results\/superenduro\/2013_madesimo_pro.pdf\" target=\"_blank\" rel=\"noreferrer noopener\">CLASSIFICA COMPLETA<\/a><\/td><td><img decoding=\"async\" border=\"0\" style=\"border: 0pt none;\" src=\"\/fantamtb\/wp-content\/images\/1.png\" alt=\"prima posizione\">&nbsp;<img loading=\"lazy\" decoding=\"async\" width=\"19\" height=\"13\" border=\"0\" src=\"\/fantamtb\/wp-content\/images\/ita.png\" alt=\"ITA\">&nbsp;<a href=\"https:\/\/www.365mountainbike.it\/fantamtb\/storia-mtb\/atleti\/alex-lupato\/\">Alex LUPATO<\/a><br><img decoding=\"async\" border=\"0\" style=\"border: 0pt none;\" src=\"\/fantamtb\/wp-content\/images\/2.png\" alt=\"seconda posizione\">&nbsp;<img loading=\"lazy\" decoding=\"async\" width=\"19\" height=\"13\" border=\"0\" src=\"\/fantamtb\/wp-content\/images\/ita.png\" alt=\"ITA\">&nbsp;Davide Sottocornola<br><img decoding=\"async\" border=\"0\" style=\"border: 0pt none;\" src=\"\/fantamtb\/wp-content\/images\/3.png\" alt=\"terza posizione\">&nbsp;<img loading=\"lazy\" decoding=\"async\" width=\"19\" height=\"13\" border=\"0\" src=\"\/fantamtb\/wp-content\/images\/ita.png\" alt=\"ITA\">&nbsp;Manuel Ducci<\/td><td><img decoding=\"async\" border=\"0\" style=\"border: 0pt none;\" src=\"\/fantamtb\/wp-content\/images\/1.png\" alt=\"prima posizione\">&nbsp;<img loading=\"lazy\" decoding=\"async\" width=\"20\" height=\"13\" border=\"0\" src=\"\/fantamtb\/wp-content\/images\/swi.png\" alt=\"SWI\">&nbsp;<a href=\"https:\/\/www.365mountainbike.it\/fantamtb\/storia-mtb\/atleti\/anita-gehrig\/\">Anita GEHRIG<\/a><br><img decoding=\"async\" border=\"0\" style=\"border: 0pt none;\" src=\"\/fantamtb\/wp-content\/images\/2.png\" alt=\"seconda posizione\">&nbsp;<img loading=\"lazy\" decoding=\"async\" width=\"20\" height=\"13\" border=\"0\" src=\"\/fantamtb\/wp-content\/images\/swi.png\" alt=\"SWI\">&nbsp;Caro Gehrig<br><img decoding=\"async\" border=\"0\" style=\"border: 0pt none;\" src=\"\/fantamtb\/wp-content\/images\/3.png\" alt=\"terza posizione\">&nbsp;<img loading=\"lazy\" decoding=\"async\" width=\"19\" height=\"13\" border=\"0\" src=\"\/fantamtb\/wp-content\/images\/nzl.png\" alt=\"NZL\"> Gabby Molloy<\/td><\/tr><tr><td>&nbsp;<\/td><td>&nbsp;<\/td><td>&nbsp;<\/td><\/tr><tr><td><img loading=\"lazy\" decoding=\"async\" width=\"20\" height=\"15\" border=\"0\" src=\"\/fantamtb\/wp-content\/images\/ita.png\" alt=\"ITA\">&nbsp;Sauze D&#8217;Oulx<br><a href=\"https:\/\/www.365mountainbike.it\/fantamtb\/wp-content\/images\/results\/superenduro\/2013_sauzedoulx_pro.pdf\" target=\"_blank\" rel=\"noreferrer noopener\">CLASSIFICA COMPLETA<\/a><\/td><td><img decoding=\"async\" border=\"0\" style=\"border: 0pt none;\" src=\"\/fantamtb\/wp-content\/images\/1.png\" alt=\"prima posizione\">&nbsp;<img loading=\"lazy\" decoding=\"async\" width=\"19\" height=\"13\" border=\"0\" src=\"\/fantamtb\/wp-content\/images\/ita.png\" alt=\"ITA\">&nbsp;<a href=\"https:\/\/www.365mountainbike.it\/fantamtb\/storia-mtb\/atleti\/davide-sottocornola\/\">Davide SOTTOCORNOLA<\/a><br><img decoding=\"async\" border=\"0\" style=\"border: 0pt none;\" src=\"\/fantamtb\/wp-content\/images\/2.png\" alt=\"seconda posizione\">&nbsp;<img loading=\"lazy\" decoding=\"async\" width=\"19\" height=\"13\" border=\"0\" src=\"\/fantamtb\/wp-content\/images\/ita.png\" alt=\"ITA\">&nbsp;Manuel Ducci<br><img decoding=\"async\" border=\"0\" style=\"border: 0pt none;\" src=\"\/fantamtb\/wp-content\/images\/3.png\" alt=\"terza posizione\"> <img loading=\"lazy\" decoding=\"async\" width=\"20\" height=\"14\" border=\"0\" src=\"\/fantamtb\/wp-content\/images\/gbr.png\" alt=\"GBR\">&nbsp;Sam Shucksmith<\/td><td><img decoding=\"async\" border=\"0\" style=\"border: 0pt none;\" src=\"\/fantamtb\/wp-content\/images\/1.png\" alt=\"prima posizione\">&nbsp;<img loading=\"lazy\" decoding=\"async\" width=\"19\" height=\"13\" border=\"0\" src=\"\/fantamtb\/wp-content\/images\/ita.png\" alt=\"ITA\">&nbsp;<a href=\"https:\/\/www.365mountainbike.it\/fantamtb\/storia-mtb\/atleti\/laura-rossin\/\">Laura ROSSIN<\/a><br><img decoding=\"async\" border=\"0\" style=\"border: 0pt none;\" src=\"\/fantamtb\/wp-content\/images\/2.png\" alt=\"seconda posizione\">&nbsp;<img loading=\"lazy\" decoding=\"async\" width=\"19\" height=\"13\" border=\"0\" src=\"\/fantamtb\/wp-content\/images\/ita.png\" alt=\"ITA\">&nbsp;Chiara Pastore<br><img decoding=\"async\" border=\"0\" style=\"border: 0pt none;\" src=\"\/fantamtb\/wp-content\/images\/3.png\" alt=\"terza posizione\">&nbsp;<img loading=\"lazy\" decoding=\"async\" width=\"19\" height=\"13\" border=\"0\" src=\"\/fantamtb\/wp-content\/images\/irl.png\" alt=\"IRL\">&nbsp;Tarja Owens<\/td><\/tr><tr><td>&nbsp;<\/td><td>&nbsp;<\/td><td>&nbsp;<\/td><\/tr><tr><td><img loading=\"lazy\" decoding=\"async\" width=\"20\" height=\"12\" border=\"0\" src=\"\/fantamtb\/wp-content\/images\/ita.png\" alt=\"ITA\">&nbsp;Finale Ligure<br><a href=\"https:\/\/www.365mountainbike.it\/fantamtb\/wp-content\/images\/results\/superenduro\/2013_finaleligure_pro.pdf\" target=\"_blank\" rel=\"noreferrer noopener\">CLASSIFICA COMPLETA<\/a><\/td><td><img decoding=\"async\" border=\"0\" style=\"border: 0pt none;\" src=\"\/fantamtb\/wp-content\/images\/1.png\" alt=\"prima posizione\">&nbsp;<img loading=\"lazy\" decoding=\"async\" width=\"19\" height=\"13\" border=\"0\" src=\"\/fantamtb\/wp-content\/images\/fra.png\" alt=\"FRA\">&nbsp;<a href=\"https:\/\/www.365mountainbike.it\/fantamtb\/storia-mtb\/atleti\/jerome-clementz\/\">Jerome CLEMENTZ<\/a><br><img decoding=\"async\" border=\"0\" style=\"border: 0pt none;\" src=\"\/fantamtb\/wp-content\/images\/2.png\" alt=\"seconda posizione\">&nbsp;<img loading=\"lazy\" decoding=\"async\" width=\"19\" height=\"13\" border=\"0\" src=\"\/fantamtb\/wp-content\/images\/aus.png\" alt=\"AUS\">&nbsp;Jared Graves<br><img decoding=\"async\" border=\"0\" style=\"border: 0pt none;\" src=\"\/fantamtb\/wp-content\/images\/3.png\" alt=\"terza posizione\">&nbsp;<img loading=\"lazy\" decoding=\"async\" width=\"19\" height=\"13\" border=\"0\" src=\"\/fantamtb\/wp-content\/images\/bel.png\" alt=\"BEL\">&nbsp;Martin Maes<\/td><td><img decoding=\"async\" border=\"0\" style=\"border: 0pt none;\" src=\"\/fantamtb\/wp-content\/images\/1.png\" alt=\"prima posizione\">&nbsp;<img loading=\"lazy\" decoding=\"async\" width=\"19\" height=\"13\" border=\"0\" src=\"\/fantamtb\/wp-content\/images\/gbr.png\" alt=\"GBR\">&nbsp;<a href=\"https:\/\/www.365mountainbike.it\/fantamtb\/storia-mtb\/atleti\/tracy-moseley\/\">Tracy MOSELEY<\/a><br><img decoding=\"async\" border=\"0\" style=\"border: 0pt none;\" src=\"\/fantamtb\/wp-content\/images\/2.png\" alt=\"seconda posizione\">&nbsp;<img loading=\"lazy\" decoding=\"async\" width=\"19\" height=\"13\" border=\"0\" src=\"\/fantamtb\/wp-content\/images\/fra.png\" alt=\"FRA\">&nbsp;Anne-Caroline Chausson<br><img decoding=\"async\" border=\"0\" style=\"border: 0pt none;\" src=\"\/fantamtb\/wp-content\/images\/3.png\" alt=\"terza posizione\">&nbsp;<img loading=\"lazy\" decoding=\"async\" width=\"19\" height=\"13\" border=\"0\" src=\"\/fantamtb\/wp-content\/images\/fra.png\" alt=\"FRA\">&nbsp;Cecile Ravanel<\/td><\/tr><tr><td>&nbsp;<\/td><td>&nbsp;<\/td><td>&nbsp;<\/td><\/tr><tr><td><\/td><td><strong>Podio (Maschile)<\/strong><\/td><td><strong>Podio (Femminile)<\/strong><\/td><\/tr><tr><td><strong><strong>Superenduro 2013<br><a href=\"https:\/\/www.365mountainbike.it\/fantamtb\/wp-content\/images\/results\/superenduro\/2013_pro.pdf\" target=\"_blank\" rel=\"noreferrer noopener\">CLASSIFICA GENERALE<\/a><br><\/strong><\/strong><\/td><td><img decoding=\"async\" border=\"0\" style=\"border: 0pt none;\" src=\"\/fantamtb\/wp-content\/images\/1.png\" alt=\"prima posizione\">&nbsp;<img loading=\"lazy\" decoding=\"async\" width=\"19\" height=\"13\" border=\"0\" src=\"\/fantamtb\/wp-content\/images\/ita.png\" alt=\"ITA\"> <a href=\"https:\/\/www.365mountainbike.it\/fantamtb\/storia-mtb\/atleti\/manuel-ducci\/\">Manuel DUCCI<\/a><br><img decoding=\"async\" border=\"0\" style=\"border: 0pt none;\" src=\"\/fantamtb\/wp-content\/images\/2.png\" alt=\"seconda posizione\">&nbsp;<img loading=\"lazy\" decoding=\"async\" width=\"19\" height=\"13\" border=\"0\" src=\"\/fantamtb\/wp-content\/images\/ita.png\" alt=\"ITA\">&nbsp;Davide Sottocornola<br><img decoding=\"async\" border=\"0\" style=\"border: 0pt none;\" src=\"\/fantamtb\/wp-content\/images\/3.png\" alt=\"terza posizione\">&nbsp;<img loading=\"lazy\" decoding=\"async\" width=\"19\" height=\"13\" border=\"0\" src=\"\/fantamtb\/wp-content\/images\/fra.png\" alt=\"FRA\">&nbsp;Jerome Clementz<\/td><td><img decoding=\"async\" border=\"0\" style=\"border: 0pt none;\" src=\"\/fantamtb\/wp-content\/images\/1.png\" alt=\"prima posizione\">&nbsp;<img loading=\"lazy\" decoding=\"async\" width=\"19\" height=\"13\" border=\"0\" src=\"\/fantamtb\/wp-content\/images\/ita.png\" alt=\"ITA\">&nbsp;<a href=\"https:\/\/www.365mountainbike.it\/fantamtb\/storia-mtb\/atleti\/laura-rossin\/\">Laura ROSSIN<\/a><br><img decoding=\"async\" border=\"0\" style=\"border: 0pt none;\" src=\"\/fantamtb\/wp-content\/images\/2.png\" alt=\"seconda posizione\">&nbsp;<img loading=\"lazy\" decoding=\"async\" width=\"19\" height=\"13\" border=\"0\" src=\"\/fantamtb\/wp-content\/images\/ita.png\" alt=\"ITA\">&nbsp;Chiara Pastore<br><img decoding=\"async\" border=\"0\" style=\"border: 0pt none;\" src=\"\/fantamtb\/wp-content\/images\/3.png\" alt=\"terza posizione\">&nbsp;<img loading=\"lazy\" decoding=\"async\" width=\"19\" height=\"13\" border=\"0\" src=\"\/fantamtb\/wp-content\/images\/ita.png\" alt=\"ITA\">&nbsp;Valentina Macheda<\/td><\/tr><\/tbody><\/table><\/figure>\n\n\n\n<hr class=\"wp-block-separator has-css-opacity\"\/>\n\n\n\n<h1 class=\"wp-block-heading\" id=\"classifiche-prove-sprint\">CLASSIFICHE PROVE SPRINT<\/h1>\n\n\n\n<p><span class=\"tappe\"><a href=\"https:\/\/www.365mountainbike.it\/fantamtb\/wp-content\/images\/results\/superenduro\/2013_coggiola_sprint.pdf\" target=\"_blank\" rel=\"noreferrer noopener\">Sprint1 | 24 Marzo | Coggiola (BI)<\/a><\/span><\/p>\n\n\n\n<p><span class=\"tappe\"><a href=\"https:\/\/www.365mountainbike.it\/fantamtb\/wp-content\/images\/results\/superenduro\/2013_pogno_sprint.pdf\" target=\"_blank\" rel=\"noreferrer noopener\">Sprint2 | 28 Aprile | Pogno (NO)<\/a><\/span><\/p>\n\n\n\n<p><span class=\"tappe\"><a href=\"https:\/\/www.365mountainbike.it\/fantamtb\/wp-content\/images\/results\/superenduro\/2013_priero_sprint.pdf\" target=\"_blank\" rel=\"noreferrer noopener\">Sprint3 | 5 Maggio | Priero (CN)<\/a><\/span><\/p>\n\n\n\n<p><span class=\"tappe\"><a href=\"https:\/\/www.365mountainbike.it\/fantamtb\/wp-content\/images\/results\/superenduro\/2013_montidellatolfa_sprint.pdf\" target=\"_blank\" rel=\"noreferrer noopener\">Sprint4 | 8 Settembre | Tolfa (RM)<\/a><\/span><\/p>\n\n\n\n<p><span class=\"tappe\"><a href=\"https:\/\/www.365mountainbike.it\/fantamtb\/wp-content\/images\/results\/superenduro\/2013_palazzuolosulsenio_sprint.pdf\" target=\"_blank\" rel=\"noreferrer noopener\">Sprint5 | 29 Settembre | Palazzuolo sul Senio (FI)<\/a><\/span><\/p>\n\n\n\n<p><span class=\"tappe\"><a href=\"https:\/\/www.365mountainbike.it\/fantamtb\/wp-content\/images\/results\/superenduro\/2013_sprint.pdf\" target=\"_blank\" rel=\"noreferrer noopener\">CLASSIFICA GENERALE SPRINT<\/a><\/span><\/p>\n\n\n\n<p><span class=\"tappe\"><a href=\"https:\/\/www.365mountainbike.it\/fantamtb\/wp-content\/images\/results\/superenduro\/2013_timerush.pdf\" target=\"_blank\" rel=\"noreferrer noopener\">CLASSIFICA GENERALE TIME RUSH<\/a><\/span><\/p>\n\n\n\n<hr class=\"wp-block-separator has-css-opacity\"\/>\n\n\n\n<h1 class=\"wp-block-heading\" id=\"h-foto\">FOTO<\/h1>\n\n\n\n<figure class=\"wp-block-gallery has-nested-images columns-default is-cropped wp-block-gallery-1 is-layout-flex wp-block-gallery-is-layout-flex\">\n<figure class=\"wp-block-image size-medium\"><a href=\"https:\/\/www.365mountainbike.it\/fantamtb\/wp-content\/uploads\/2014\/11\/Superenduro-2013-Punta-Ala-Rockoh.jpg\"><picture><source srcset=\"https:\/\/www.365mountainbike.it\/fantamtb\/wp-content\/uploads\/2014\/11\/Superenduro-2013-Punta-Ala-Rockoh-300x200.jpg 300w, https:\/\/www.365mountainbike.it\/fantamtb\/wp-content\/uploads\/2014\/11\/Superenduro-2013-Punta-Ala-Rockoh-1024x683.jpg 1024w, https:\/\/www.365mountainbike.it\/fantamtb\/wp-content\/uploads\/2014\/11\/Superenduro-2013-Punta-Ala-Rockoh-768x512.jpg 768w,https:\/\/www.365mountainbike.it\/fantamtb\/wp-content\/uploads\/2014\/11\/Superenduro-2013-Punta-Ala-Rockoh-1536x1024.jpg.webp 1536w,https:\/\/www.365mountainbike.it\/fantamtb\/wp-content\/uploads\/2014\/11\/Superenduro-2013-Punta-Ala-Rockoh.jpg.webp 1599w\" sizes=\"auto, (max-width: 300px) 100vw, 300px\" type=\"image\/webp\"><img src=\"https:\/\/www.365mountainbike.it\/fantamtb\/wp-content\/uploads\/2014\/11\/Superenduro-2013-Punta-Ala-Rockoh-300x200.jpg\" height=\"200\" width=\"300\" srcset=\"https:\/\/www.365mountainbike.it\/fantamtb\/wp-content\/uploads\/2014\/11\/Superenduro-2013-Punta-Ala-Rockoh-300x200.jpg 300w, https:\/\/www.365mountainbike.it\/fantamtb\/wp-content\/uploads\/2014\/11\/Superenduro-2013-Punta-Ala-Rockoh-1024x683.jpg 1024w, https:\/\/www.365mountainbike.it\/fantamtb\/wp-content\/uploads\/2014\/11\/Superenduro-2013-Punta-Ala-Rockoh-768x512.jpg 768w, https:\/\/www.365mountainbike.it\/fantamtb\/wp-content\/uploads\/2014\/11\/Superenduro-2013-Punta-Ala-Rockoh-1536x1024.jpg 1536w, https:\/\/www.365mountainbike.it\/fantamtb\/wp-content\/uploads\/2014\/11\/Superenduro-2013-Punta-Ala-Rockoh.jpg 1599w\" sizes=\"auto, (max-width: 300px) 100vw, 300px\" class=\"wp-image-10313 sp-no-webp\" alt=\"Superenduro 2013 Punta Ala Rock&#039;oh\" loading=\"lazy\" decoding=\"async\" data-id=\"10313\" style=\"aspect-ratio:4\/3\"  > <\/picture><\/a><figcaption class=\"wp-element-caption\">Superenduro 2013 Punta Ala Rock&#8217;oh<\/figcaption><\/figure>\n\n\n\n<figure class=\"wp-block-image size-medium\"><a href=\"https:\/\/www.365mountainbike.it\/fantamtb\/wp-content\/uploads\/2014\/11\/Davide-Sottocornola-superenduro-2013.jpg\"><picture><source srcset=\"https:\/\/www.365mountainbike.it\/fantamtb\/wp-content\/uploads\/2014\/11\/Davide-Sottocornola-superenduro-2013-300x200.jpg 300w, https:\/\/www.365mountainbike.it\/fantamtb\/wp-content\/uploads\/2014\/11\/Davide-Sottocornola-superenduro-2013-1024x683.jpg 1024w, https:\/\/www.365mountainbike.it\/fantamtb\/wp-content\/uploads\/2014\/11\/Davide-Sottocornola-superenduro-2013-768x512.jpg 768w,https:\/\/www.365mountainbike.it\/fantamtb\/wp-content\/uploads\/2014\/11\/Davide-Sottocornola-superenduro-2013-1536x1024.jpg.webp 1536w,https:\/\/www.365mountainbike.it\/fantamtb\/wp-content\/uploads\/2014\/11\/Davide-Sottocornola-superenduro-2013.jpg.webp 1599w\" sizes=\"auto, (max-width: 300px) 100vw, 300px\" type=\"image\/webp\"><img src=\"https:\/\/www.365mountainbike.it\/fantamtb\/wp-content\/uploads\/2014\/11\/Davide-Sottocornola-superenduro-2013-300x200.jpg\" height=\"200\" width=\"300\" srcset=\"https:\/\/www.365mountainbike.it\/fantamtb\/wp-content\/uploads\/2014\/11\/Davide-Sottocornola-superenduro-2013-300x200.jpg 300w, https:\/\/www.365mountainbike.it\/fantamtb\/wp-content\/uploads\/2014\/11\/Davide-Sottocornola-superenduro-2013-1024x683.jpg 1024w, https:\/\/www.365mountainbike.it\/fantamtb\/wp-content\/uploads\/2014\/11\/Davide-Sottocornola-superenduro-2013-768x512.jpg 768w, https:\/\/www.365mountainbike.it\/fantamtb\/wp-content\/uploads\/2014\/11\/Davide-Sottocornola-superenduro-2013-1536x1024.jpg 1536w, https:\/\/www.365mountainbike.it\/fantamtb\/wp-content\/uploads\/2014\/11\/Davide-Sottocornola-superenduro-2013.jpg 1599w\" sizes=\"auto, (max-width: 300px) 100vw, 300px\" class=\"wp-image-10314 sp-no-webp\" alt=\"Davide Sottocornola, superenduro 2013\" loading=\"lazy\" decoding=\"async\" data-id=\"10314\" style=\"aspect-ratio:4\/3\"  > <\/picture><\/a><figcaption class=\"wp-element-caption\">Davide Sottocornola, superenduro 2013<\/figcaption><\/figure>\n\n\n\n<figure class=\"wp-block-image size-medium\"><a href=\"https:\/\/www.365mountainbike.it\/fantamtb\/wp-content\/uploads\/2014\/11\/Jerome-Clementz-superenduro-2013.jpg\"><picture><source srcset=\"https:\/\/www.365mountainbike.it\/fantamtb\/wp-content\/uploads\/2014\/11\/Jerome-Clementz-superenduro-2013-300x200.jpg 300w, https:\/\/www.365mountainbike.it\/fantamtb\/wp-content\/uploads\/2014\/11\/Jerome-Clementz-superenduro-2013-1024x683.jpg 1024w, https:\/\/www.365mountainbike.it\/fantamtb\/wp-content\/uploads\/2014\/11\/Jerome-Clementz-superenduro-2013-768x512.jpg 768w,https:\/\/www.365mountainbike.it\/fantamtb\/wp-content\/uploads\/2014\/11\/Jerome-Clementz-superenduro-2013-1536x1024.jpg.webp 1536w,https:\/\/www.365mountainbike.it\/fantamtb\/wp-content\/uploads\/2014\/11\/Jerome-Clementz-superenduro-2013.jpg.webp 1599w\" sizes=\"auto, (max-width: 300px) 100vw, 300px\" type=\"image\/webp\"><img src=\"https:\/\/www.365mountainbike.it\/fantamtb\/wp-content\/uploads\/2014\/11\/Jerome-Clementz-superenduro-2013-300x200.jpg\" height=\"200\" width=\"300\" srcset=\"https:\/\/www.365mountainbike.it\/fantamtb\/wp-content\/uploads\/2014\/11\/Jerome-Clementz-superenduro-2013-300x200.jpg 300w, https:\/\/www.365mountainbike.it\/fantamtb\/wp-content\/uploads\/2014\/11\/Jerome-Clementz-superenduro-2013-1024x683.jpg 1024w, https:\/\/www.365mountainbike.it\/fantamtb\/wp-content\/uploads\/2014\/11\/Jerome-Clementz-superenduro-2013-768x512.jpg 768w, https:\/\/www.365mountainbike.it\/fantamtb\/wp-content\/uploads\/2014\/11\/Jerome-Clementz-superenduro-2013-1536x1024.jpg 1536w, https:\/\/www.365mountainbike.it\/fantamtb\/wp-content\/uploads\/2014\/11\/Jerome-Clementz-superenduro-2013.jpg 1599w\" sizes=\"auto, (max-width: 300px) 100vw, 300px\" class=\"wp-image-10315 sp-no-webp\" alt=\"Jerome Clementz, superenduro 2013\" loading=\"lazy\" decoding=\"async\" data-id=\"10315\" style=\"aspect-ratio:4\/3\"  > <\/picture><\/a><figcaption class=\"wp-element-caption\">Jerome Clementz, superenduro 2013<\/figcaption><\/figure>\n\n\n\n<figure class=\"wp-block-image size-medium\"><a href=\"https:\/\/www.365mountainbike.it\/fantamtb\/wp-content\/uploads\/2014\/11\/Alex-Lupato-superenduro-2013.jpg\"><picture><source srcset=\"https:\/\/www.365mountainbike.it\/fantamtb\/wp-content\/uploads\/2014\/11\/Alex-Lupato-superenduro-2013-300x200.jpg 300w, https:\/\/www.365mountainbike.it\/fantamtb\/wp-content\/uploads\/2014\/11\/Alex-Lupato-superenduro-2013-1024x683.jpg 1024w, https:\/\/www.365mountainbike.it\/fantamtb\/wp-content\/uploads\/2014\/11\/Alex-Lupato-superenduro-2013-768x512.jpg 768w,https:\/\/www.365mountainbike.it\/fantamtb\/wp-content\/uploads\/2014\/11\/Alex-Lupato-superenduro-2013-1536x1024.jpg.webp 1536w,https:\/\/www.365mountainbike.it\/fantamtb\/wp-content\/uploads\/2014\/11\/Alex-Lupato-superenduro-2013.jpg.webp 1599w\" sizes=\"auto, (max-width: 300px) 100vw, 300px\" type=\"image\/webp\"><img src=\"https:\/\/www.365mountainbike.it\/fantamtb\/wp-content\/uploads\/2014\/11\/Alex-Lupato-superenduro-2013-300x200.jpg\" height=\"200\" width=\"300\" srcset=\"https:\/\/www.365mountainbike.it\/fantamtb\/wp-content\/uploads\/2014\/11\/Alex-Lupato-superenduro-2013-300x200.jpg 300w, https:\/\/www.365mountainbike.it\/fantamtb\/wp-content\/uploads\/2014\/11\/Alex-Lupato-superenduro-2013-1024x683.jpg 1024w, https:\/\/www.365mountainbike.it\/fantamtb\/wp-content\/uploads\/2014\/11\/Alex-Lupato-superenduro-2013-768x512.jpg 768w, https:\/\/www.365mountainbike.it\/fantamtb\/wp-content\/uploads\/2014\/11\/Alex-Lupato-superenduro-2013-1536x1024.jpg 1536w, https:\/\/www.365mountainbike.it\/fantamtb\/wp-content\/uploads\/2014\/11\/Alex-Lupato-superenduro-2013.jpg 1599w\" sizes=\"auto, (max-width: 300px) 100vw, 300px\" class=\"wp-image-10316 sp-no-webp\" alt=\"Alex Lupato, superenduro 2013\" loading=\"lazy\" decoding=\"async\" data-id=\"10316\" style=\"aspect-ratio:4\/3\"  > <\/picture><\/a><figcaption class=\"wp-element-caption\">Alex Lupato, superenduro 2013<\/figcaption><\/figure>\n\n\n\n<figure class=\"wp-block-image size-medium\"><a href=\"https:\/\/www.365mountainbike.it\/fantamtb\/wp-content\/uploads\/2014\/11\/Jerom-Clementz-vince-a-Sestri-Levante-2013-superenduro.jpg\"><picture><source srcset=\"https:\/\/www.365mountainbike.it\/fantamtb\/wp-content\/uploads\/2014\/11\/Jerom-Clementz-vince-a-Sestri-Levante-2013-superenduro-300x200.jpg 300w, https:\/\/www.365mountainbike.it\/fantamtb\/wp-content\/uploads\/2014\/11\/Jerom-Clementz-vince-a-Sestri-Levante-2013-superenduro-1024x682.jpg 1024w, https:\/\/www.365mountainbike.it\/fantamtb\/wp-content\/uploads\/2014\/11\/Jerom-Clementz-vince-a-Sestri-Levante-2013-superenduro-768x511.jpg 768w,https:\/\/www.365mountainbike.it\/fantamtb\/wp-content\/uploads\/2014\/11\/Jerom-Clementz-vince-a-Sestri-Levante-2013-superenduro-1536x1022.jpg.webp 1536w,https:\/\/www.365mountainbike.it\/fantamtb\/wp-content\/uploads\/2014\/11\/Jerom-Clementz-vince-a-Sestri-Levante-2013-superenduro.jpg.webp 1600w\" sizes=\"auto, (max-width: 300px) 100vw, 300px\" type=\"image\/webp\"><img src=\"https:\/\/www.365mountainbike.it\/fantamtb\/wp-content\/uploads\/2014\/11\/Jerom-Clementz-vince-a-Sestri-Levante-2013-superenduro-300x200.jpg\" height=\"200\" width=\"300\" srcset=\"https:\/\/www.365mountainbike.it\/fantamtb\/wp-content\/uploads\/2014\/11\/Jerom-Clementz-vince-a-Sestri-Levante-2013-superenduro-300x200.jpg 300w, https:\/\/www.365mountainbike.it\/fantamtb\/wp-content\/uploads\/2014\/11\/Jerom-Clementz-vince-a-Sestri-Levante-2013-superenduro-1024x682.jpg 1024w, https:\/\/www.365mountainbike.it\/fantamtb\/wp-content\/uploads\/2014\/11\/Jerom-Clementz-vince-a-Sestri-Levante-2013-superenduro-768x511.jpg 768w, https:\/\/www.365mountainbike.it\/fantamtb\/wp-content\/uploads\/2014\/11\/Jerom-Clementz-vince-a-Sestri-Levante-2013-superenduro-1536x1022.jpg 1536w, https:\/\/www.365mountainbike.it\/fantamtb\/wp-content\/uploads\/2014\/11\/Jerom-Clementz-vince-a-Sestri-Levante-2013-superenduro.jpg 1600w\" sizes=\"auto, (max-width: 300px) 100vw, 300px\" class=\"wp-image-10317 sp-no-webp\" alt=\"Jerome Clementz vince a Sestri Levante 2013, superenduro\" loading=\"lazy\" decoding=\"async\" data-id=\"10317\" style=\"aspect-ratio:4\/3\"  > <\/picture><\/a><figcaption class=\"wp-element-caption\">Jerome Clementz vince a Sestri Levante 2013, superenduro<\/figcaption><\/figure>\n\n\n\n<figure class=\"wp-block-image size-medium\"><a href=\"https:\/\/www.365mountainbike.it\/fantamtb\/wp-content\/uploads\/2014\/11\/Manuel-Ducci-vincea-Gemona-superenduro-2013.jpg\"><picture><source srcset=\"https:\/\/www.365mountainbike.it\/fantamtb\/wp-content\/uploads\/2014\/11\/Manuel-Ducci-vincea-Gemona-superenduro-2013-300x200.jpg 300w, https:\/\/www.365mountainbike.it\/fantamtb\/wp-content\/uploads\/2014\/11\/Manuel-Ducci-vincea-Gemona-superenduro-2013-1024x683.jpg 1024w, https:\/\/www.365mountainbike.it\/fantamtb\/wp-content\/uploads\/2014\/11\/Manuel-Ducci-vincea-Gemona-superenduro-2013-768x512.jpg 768w,https:\/\/www.365mountainbike.it\/fantamtb\/wp-content\/uploads\/2014\/11\/Manuel-Ducci-vincea-Gemona-superenduro-2013-1536x1024.jpg.webp 1536w,https:\/\/www.365mountainbike.it\/fantamtb\/wp-content\/uploads\/2014\/11\/Manuel-Ducci-vincea-Gemona-superenduro-2013.jpg.webp 1599w\" sizes=\"auto, (max-width: 300px) 100vw, 300px\" type=\"image\/webp\"><img src=\"https:\/\/www.365mountainbike.it\/fantamtb\/wp-content\/uploads\/2014\/11\/Manuel-Ducci-vincea-Gemona-superenduro-2013-300x200.jpg\" height=\"200\" width=\"300\" srcset=\"https:\/\/www.365mountainbike.it\/fantamtb\/wp-content\/uploads\/2014\/11\/Manuel-Ducci-vincea-Gemona-superenduro-2013-300x200.jpg 300w, https:\/\/www.365mountainbike.it\/fantamtb\/wp-content\/uploads\/2014\/11\/Manuel-Ducci-vincea-Gemona-superenduro-2013-1024x683.jpg 1024w, https:\/\/www.365mountainbike.it\/fantamtb\/wp-content\/uploads\/2014\/11\/Manuel-Ducci-vincea-Gemona-superenduro-2013-768x512.jpg 768w, https:\/\/www.365mountainbike.it\/fantamtb\/wp-content\/uploads\/2014\/11\/Manuel-Ducci-vincea-Gemona-superenduro-2013-1536x1024.jpg 1536w, https:\/\/www.365mountainbike.it\/fantamtb\/wp-content\/uploads\/2014\/11\/Manuel-Ducci-vincea-Gemona-superenduro-2013.jpg 1599w\" sizes=\"auto, (max-width: 300px) 100vw, 300px\" class=\"wp-image-10318 sp-no-webp\" alt=\"Manuel Ducci vincea Gemona, superenduro 2013\" loading=\"lazy\" decoding=\"async\" data-id=\"10318\" style=\"aspect-ratio:4\/3\"  > <\/picture><\/a><figcaption class=\"wp-element-caption\">Manuel Ducci vincea Gemona, superenduro 2013<\/figcaption><\/figure>\n\n\n\n<figure class=\"wp-block-image size-medium\"><a href=\"https:\/\/www.365mountainbike.it\/fantamtb\/wp-content\/uploads\/2014\/11\/Team-FRM-Italiani-enduro-2013.jpg\"><picture><source srcset=\"https:\/\/www.365mountainbike.it\/fantamtb\/wp-content\/uploads\/2014\/11\/Team-FRM-Italiani-enduro-2013-300x200.jpg 300w, https:\/\/www.365mountainbike.it\/fantamtb\/wp-content\/uploads\/2014\/11\/Team-FRM-Italiani-enduro-2013-1024x682.jpg 1024w, https:\/\/www.365mountainbike.it\/fantamtb\/wp-content\/uploads\/2014\/11\/Team-FRM-Italiani-enduro-2013-768x512.jpg 768w,https:\/\/www.365mountainbike.it\/fantamtb\/wp-content\/uploads\/2014\/11\/Team-FRM-Italiani-enduro-2013-1536x1023.jpg.webp 1536w,https:\/\/www.365mountainbike.it\/fantamtb\/wp-content\/uploads\/2014\/11\/Team-FRM-Italiani-enduro-2013.jpg.webp 1600w\" sizes=\"auto, (max-width: 300px) 100vw, 300px\" type=\"image\/webp\"><img src=\"https:\/\/www.365mountainbike.it\/fantamtb\/wp-content\/uploads\/2014\/11\/Team-FRM-Italiani-enduro-2013-300x200.jpg\" height=\"200\" width=\"300\" srcset=\"https:\/\/www.365mountainbike.it\/fantamtb\/wp-content\/uploads\/2014\/11\/Team-FRM-Italiani-enduro-2013-300x200.jpg 300w, https:\/\/www.365mountainbike.it\/fantamtb\/wp-content\/uploads\/2014\/11\/Team-FRM-Italiani-enduro-2013-1024x682.jpg 1024w, https:\/\/www.365mountainbike.it\/fantamtb\/wp-content\/uploads\/2014\/11\/Team-FRM-Italiani-enduro-2013-768x512.jpg 768w, https:\/\/www.365mountainbike.it\/fantamtb\/wp-content\/uploads\/2014\/11\/Team-FRM-Italiani-enduro-2013-1536x1023.jpg 1536w, https:\/\/www.365mountainbike.it\/fantamtb\/wp-content\/uploads\/2014\/11\/Team-FRM-Italiani-enduro-2013.jpg 1600w\" sizes=\"auto, (max-width: 300px) 100vw, 300px\" class=\"wp-image-10319 sp-no-webp\" alt=\"Team FRM Italiani enduro 2013\" loading=\"lazy\" decoding=\"async\" data-id=\"10319\" style=\"aspect-ratio:4\/3\"  > <\/picture><\/a><figcaption class=\"wp-element-caption\">Team FRM Italiani enduro 2013<\/figcaption><\/figure>\n\n\n\n<figure class=\"wp-block-image size-medium\"><a href=\"https:\/\/www.365mountainbike.it\/fantamtb\/wp-content\/uploads\/2014\/11\/Matteo-Raimondi-2013-superenduro.jpg\"><picture><source srcset=\"https:\/\/www.365mountainbike.it\/fantamtb\/wp-content\/uploads\/2014\/11\/Matteo-Raimondi-2013-superenduro-300x200.jpg 300w, https:\/\/www.365mountainbike.it\/fantamtb\/wp-content\/uploads\/2014\/11\/Matteo-Raimondi-2013-superenduro-1024x683.jpg 1024w, https:\/\/www.365mountainbike.it\/fantamtb\/wp-content\/uploads\/2014\/11\/Matteo-Raimondi-2013-superenduro-768x512.jpg 768w,https:\/\/www.365mountainbike.it\/fantamtb\/wp-content\/uploads\/2014\/11\/Matteo-Raimondi-2013-superenduro-1536x1024.jpg.webp 1536w,https:\/\/www.365mountainbike.it\/fantamtb\/wp-content\/uploads\/2014\/11\/Matteo-Raimondi-2013-superenduro.jpg.webp 1599w\" sizes=\"auto, (max-width: 300px) 100vw, 300px\" type=\"image\/webp\"><img src=\"https:\/\/www.365mountainbike.it\/fantamtb\/wp-content\/uploads\/2014\/11\/Matteo-Raimondi-2013-superenduro-300x200.jpg\" height=\"200\" width=\"300\" srcset=\"https:\/\/www.365mountainbike.it\/fantamtb\/wp-content\/uploads\/2014\/11\/Matteo-Raimondi-2013-superenduro-300x200.jpg 300w, https:\/\/www.365mountainbike.it\/fantamtb\/wp-content\/uploads\/2014\/11\/Matteo-Raimondi-2013-superenduro-1024x683.jpg 1024w, https:\/\/www.365mountainbike.it\/fantamtb\/wp-content\/uploads\/2014\/11\/Matteo-Raimondi-2013-superenduro-768x512.jpg 768w, https:\/\/www.365mountainbike.it\/fantamtb\/wp-content\/uploads\/2014\/11\/Matteo-Raimondi-2013-superenduro-1536x1024.jpg 1536w, https:\/\/www.365mountainbike.it\/fantamtb\/wp-content\/uploads\/2014\/11\/Matteo-Raimondi-2013-superenduro.jpg 1599w\" sizes=\"auto, (max-width: 300px) 100vw, 300px\" class=\"wp-image-10320 sp-no-webp\" alt=\"Matteo Raimondi 2013 superenduro\" loading=\"lazy\" decoding=\"async\" data-id=\"10320\" style=\"aspect-ratio:4\/3\"  > <\/picture><\/a><figcaption class=\"wp-element-caption\">Matteo Raimondi 2013 superenduro<\/figcaption><\/figure>\n\n\n\n<figure class=\"wp-block-image size-medium\"><a href=\"https:\/\/www.365mountainbike.it\/fantamtb\/wp-content\/uploads\/2014\/11\/Franco-Monchiero-partenza-supermountain-2013-Sauze-doulx.jpg\"><picture><source srcset=\"https:\/\/www.365mountainbike.it\/fantamtb\/wp-content\/uploads\/2014\/11\/Franco-Monchiero-partenza-supermountain-2013-Sauze-doulx-300x200.jpg 300w, https:\/\/www.365mountainbike.it\/fantamtb\/wp-content\/uploads\/2014\/11\/Franco-Monchiero-partenza-supermountain-2013-Sauze-doulx-1024x683.jpg 1024w, https:\/\/www.365mountainbike.it\/fantamtb\/wp-content\/uploads\/2014\/11\/Franco-Monchiero-partenza-supermountain-2013-Sauze-doulx-768x512.jpg 768w,https:\/\/www.365mountainbike.it\/fantamtb\/wp-content\/uploads\/2014\/11\/Franco-Monchiero-partenza-supermountain-2013-Sauze-doulx-1536x1024.jpg.webp 1536w,https:\/\/www.365mountainbike.it\/fantamtb\/wp-content\/uploads\/2014\/11\/Franco-Monchiero-partenza-supermountain-2013-Sauze-doulx.jpg.webp 1599w\" sizes=\"auto, (max-width: 300px) 100vw, 300px\" type=\"image\/webp\"><img src=\"https:\/\/www.365mountainbike.it\/fantamtb\/wp-content\/uploads\/2014\/11\/Franco-Monchiero-partenza-supermountain-2013-Sauze-doulx-300x200.jpg\" height=\"200\" width=\"300\" srcset=\"https:\/\/www.365mountainbike.it\/fantamtb\/wp-content\/uploads\/2014\/11\/Franco-Monchiero-partenza-supermountain-2013-Sauze-doulx-300x200.jpg 300w, https:\/\/www.365mountainbike.it\/fantamtb\/wp-content\/uploads\/2014\/11\/Franco-Monchiero-partenza-supermountain-2013-Sauze-doulx-1024x683.jpg 1024w, https:\/\/www.365mountainbike.it\/fantamtb\/wp-content\/uploads\/2014\/11\/Franco-Monchiero-partenza-supermountain-2013-Sauze-doulx-768x512.jpg 768w, https:\/\/www.365mountainbike.it\/fantamtb\/wp-content\/uploads\/2014\/11\/Franco-Monchiero-partenza-supermountain-2013-Sauze-doulx-1536x1024.jpg 1536w, https:\/\/www.365mountainbike.it\/fantamtb\/wp-content\/uploads\/2014\/11\/Franco-Monchiero-partenza-supermountain-2013-Sauze-doulx.jpg 1599w\" sizes=\"auto, (max-width: 300px) 100vw, 300px\" class=\"wp-image-10321 sp-no-webp\" alt=\"Franco Monchiero partenza supermountain 2013 Sauze d&#039;oulx\" loading=\"lazy\" decoding=\"async\" data-id=\"10321\" style=\"aspect-ratio:4\/3\"  > <\/picture><\/a><figcaption class=\"wp-element-caption\">Franco Monchiero partenza supermountain 2013 Sauze d&#8217;oulx<\/figcaption><\/figure>\n<\/figure>\n\n\n\n<h1 class=\"wp-block-heading\" id=\"video\">VIDEO<\/h1>\n\n\n\n<figure class=\"wp-block-embed is-type-video is-provider-youtube wp-block-embed-youtube wp-embed-aspect-16-9 wp-has-aspect-ratio\"><div class=\"wp-block-embed__wrapper\">\n<iframe loading=\"lazy\" title=\"Superenduro 2013: Pro 1 Sestri Levante con Andrea Bruno\" width=\"740\" height=\"416\" src=\"https:\/\/www.youtube.com\/embed\/EDdm6ry0-Co?feature=oembed\" frameborder=\"0\" allow=\"accelerometer; autoplay; clipboard-write; encrypted-media; gyroscope; picture-in-picture; web-share\" allowfullscreen><\/iframe>\n<\/div><\/figure>\n\n\n\n<figure class=\"wp-block-embed is-type-video is-provider-youtube wp-block-embed-youtube wp-embed-aspect-16-9 wp-has-aspect-ratio\"><div class=\"wp-block-embed__wrapper\">\n<iframe loading=\"lazy\" title=\"Superenduro 2013: Pro 1 Sestri Levante Report\" width=\"740\" height=\"416\" src=\"https:\/\/www.youtube.com\/embed\/cTIY-06K0dg?feature=oembed\" frameborder=\"0\" allow=\"accelerometer; autoplay; clipboard-write; encrypted-media; gyroscope; picture-in-picture; web-share\" allowfullscreen><\/iframe>\n<\/div><\/figure>\n\n\n\n<h3 class=\"wp-block-heading\" id=\"h-pro1-sestri-levante\">PRO1 SESTRI LEVANTE<\/h3>\n\n\n\n<figure class=\"wp-block-embed is-type-video is-provider-vimeo wp-block-embed-vimeo wp-embed-aspect-16-9 wp-has-aspect-ratio\"><div class=\"wp-block-embed__wrapper\">\n<iframe loading=\"lazy\" title=\"#SuperEnduro2013 - EWS #1 - PRO2 Punta Ala - Highlights\" src=\"https:\/\/player.vimeo.com\/video\/66557130?dnt=1&amp;app_id=122963\" width=\"740\" height=\"416\" frameborder=\"0\" allow=\"autoplay; fullscreen; picture-in-picture\"><\/iframe>\n<\/div><\/figure>\n\n\n\n<h3 class=\"wp-block-heading\" id=\"h-ews-1-pro2-punta-ala\">EWS #1 &#8211; PRO2 PUNTA ALA<\/h3>\n\n\n\n<figure class=\"wp-block-embed is-type-video is-provider-youtube wp-block-embed-youtube wp-embed-aspect-16-9 wp-has-aspect-ratio\"><div class=\"wp-block-embed__wrapper\">\n<iframe loading=\"lazy\" title=\"Superenduro 2013: PRO 4 Madesimo - Campionato Italiano Enduro MTB\" width=\"740\" height=\"416\" src=\"https:\/\/www.youtube.com\/embed\/EFOKMHNKMME?feature=oembed\" frameborder=\"0\" allow=\"accelerometer; autoplay; clipboard-write; encrypted-media; gyroscope; picture-in-picture; web-share\" allowfullscreen><\/iframe>\n<\/div><\/figure>\n\n\n\n<h3 class=\"wp-block-heading\" id=\"h-pro4-madesimo\">PRO4 &#8211; MADESIMO<\/h3>\n\n\n\n<figure class=\"wp-block-embed is-type-video is-provider-vimeo wp-block-embed-vimeo wp-embed-aspect-16-9 wp-has-aspect-ratio\"><div class=\"wp-block-embed__wrapper\">\n<iframe loading=\"lazy\" title=\"#SuperEnduro2013 - EWS #7 - PRO6 Finale Ligure - Highlights\" src=\"https:\/\/player.vimeo.com\/video\/77409904?dnt=1&amp;app_id=122963\" width=\"740\" height=\"416\" frameborder=\"0\" allow=\"autoplay; fullscreen; picture-in-picture\"><\/iframe>\n<\/div><\/figure>\n\n\n\n<h3 class=\"wp-block-heading\" id=\"h-ews-7-pro6-finale-ligure\">EWS #7 &#8211; PRO6 FINALE LIGURE<\/h3>\n","protected":false,"gt_translate_keys":[{"key":"rendered","format":"html"}]},"excerpt":{"rendered":"<p>Il titolo di Campione Superenduro PRO 2013 invece se l\u2019\u00e8 portato a casa Manuel Ducci, nonostante una gara tutta in difesa, al di sotto dei suoi standard. Il rider Ibis-Life Cycle ha coronato cos\u00ec una stagione che lo ha visto sempre protagonista, con una vittoria, un secondo e due terzi posti. Sulla spiaggia poco dopo [&hellip;]<\/p>\n","protected":false,"gt_translate_keys":[{"key":"rendered","format":"html"}]},"author":1,"featured_media":10319,"comment_status":"closed","ping_status":"open","sticky":false,"template":"","format":"standard","meta":{"footnotes":""},"categories":[1259],"tags":[851,712,133,868,213,860,854,123,740,869,870,719,619,709,862,871,853,864,742,872,743,873,874,875,866,876,147],"class_list":["post-2580","post","type-post","status-publish","format-standard","has-post-thumbnail","hentry","category-enduro-mtb","tag-alex-lupato","tag-anita-gehrig","tag-anne-caroline-chausson","tag-caro-gehrig","tag-cecile-ravanel","tag-chiara-pastore","tag-davide-sottocornola","tag-fabien-barel","tag-finale-ligure","tag-gabby-molloy","tag-gemona","tag-isabeau-courdurier","tag-jared-graves","tag-jerome-clementz","tag-laura-rossin","tag-madesimo","tag-manuel-ducci","tag-maria-federica-zanotto","tag-martin-maes","tag-pauline-diffenthaler","tag-punta-ala","tag-sam-shucksmith","tag-sauze-doulx","tag-sestri-levante","tag-superenduro","tag-tarja-owens","tag-tracy-moseley"],"yoast_head":"<!-- This site is optimized with the Yoast SEO plugin v27.5 - https:\/\/yoast.com\/product\/yoast-seo-wordpress\/ -->\n<title>Classifiche Superenduro 2013 Powered By Sram | FANTAmtb<\/title>\n<meta name=\"robots\" content=\"index, follow, max-snippet:-1, max-image-preview:large, max-video-preview:-1\" \/>\n<link rel=\"canonical\" href=\"https:\/\/www.365mountainbike.it\/fantamtb\/storia-mtb\/enduro-mtb\/superenduro-2013-powered-by-sram\/\" \/>\n<meta property=\"og:locale\" content=\"it_IT\" \/>\n<meta property=\"og:type\" content=\"article\" \/>\n<meta property=\"og:title\" content=\"Classifiche Superenduro 2013 Powered By Sram | FANTAmtb\" \/>\n<meta property=\"og:description\" content=\"Il titolo di Campione Superenduro PRO 2013 invece se l\u2019\u00e8 portato a casa Manuel Ducci, nonostante una gara tutta in difesa, al di sotto dei suoi standard. Il rider Ibis-Life Cycle ha coronato cos\u00ec una stagione che lo ha visto sempre protagonista, con una vittoria, un secondo e due terzi posti. Sulla spiaggia poco dopo [&hellip;]\" \/>\n<meta property=\"og:url\" content=\"https:\/\/www.365mountainbike.it\/fantamtb\/storia-mtb\/enduro-mtb\/superenduro-2013-powered-by-sram\/\" \/>\n<meta property=\"og:site_name\" content=\"FANTAmtb\" \/>\n<meta property=\"article:published_time\" content=\"2014-11-25T12:06:25+00:00\" \/>\n<meta property=\"article:modified_time\" content=\"2026-01-23T17:51:45+00:00\" \/>\n<meta property=\"og:image\" content=\"https:\/\/www.365mountainbike.it\/fantamtb\/wp-content\/uploads\/2014\/11\/Team-FRM-Italiani-enduro-2013.jpg\" \/>\n\t<meta property=\"og:image:width\" content=\"1600\" \/>\n\t<meta property=\"og:image:height\" content=\"1066\" \/>\n\t<meta property=\"og:image:type\" content=\"image\/jpeg\" \/>\n<meta name=\"author\" content=\"FANTAmtb\" \/>\n<meta name=\"twitter:card\" content=\"summary_large_image\" \/>\n<meta name=\"twitter:label1\" content=\"Scritto da\" \/>\n\t<meta name=\"twitter:data1\" content=\"FANTAmtb\" \/>\n\t<meta name=\"twitter:label2\" content=\"Tempo di lettura stimato\" \/>\n\t<meta name=\"twitter:data2\" content=\"24 minuti\" \/>\n<script type=\"application\/ld+json\" class=\"yoast-schema-graph\">{\"@context\":\"https:\\\/\\\/schema.org\",\"@graph\":[{\"@type\":\"Article\",\"@id\":\"https:\\\/\\\/www.365mountainbike.it\\\/fantamtb\\\/storia-mtb\\\/enduro-mtb\\\/superenduro-2013-powered-by-sram\\\/#article\",\"isPartOf\":{\"@id\":\"https:\\\/\\\/www.365mountainbike.it\\\/fantamtb\\\/storia-mtb\\\/enduro-mtb\\\/superenduro-2013-powered-by-sram\\\/\"},\"author\":{\"name\":\"FANTAmtb\",\"@id\":\"https:\\\/\\\/www.365mountainbike.it\\\/fantamtb\\\/#\\\/schema\\\/person\\\/7b4a30b446207c8d00024d9717c3b63b\"},\"headline\":\"Superenduro 2013 Powered By Sram\",\"datePublished\":\"2014-11-25T12:06:25+00:00\",\"dateModified\":\"2026-01-23T17:51:45+00:00\",\"mainEntityOfPage\":{\"@id\":\"https:\\\/\\\/www.365mountainbike.it\\\/fantamtb\\\/storia-mtb\\\/enduro-mtb\\\/superenduro-2013-powered-by-sram\\\/\"},\"wordCount\":654,\"image\":{\"@id\":\"https:\\\/\\\/www.365mountainbike.it\\\/fantamtb\\\/storia-mtb\\\/enduro-mtb\\\/superenduro-2013-powered-by-sram\\\/#primaryimage\"},\"thumbnailUrl\":\"https:\\\/\\\/www.365mountainbike.it\\\/fantamtb\\\/wp-content\\\/uploads\\\/2014\\\/11\\\/Team-FRM-Italiani-enduro-2013.jpg\",\"keywords\":[\"Alex Lupato\",\"Anita Gehrig\",\"Anne Caroline Chausson\",\"Caro Gehrig\",\"Cecile Ravanel\",\"Chiara Pastore\",\"Davide Sottocornola\",\"Fabien Barel\",\"Finale Ligure\",\"Gabby Molloy\",\"Gemona\",\"Isabeau Courdurier\",\"Jared Graves\",\"Jerome Clementz\",\"Laura Rossin\",\"Madesimo\",\"Manuel Ducci\",\"Maria Federica Zanotto\",\"Martin Maes\",\"Pauline Diffenthaler\",\"Punta Ala\",\"Sam Shucksmith\",\"Sauze D&#039;Oulx\",\"Sestri Levante\",\"Superenduro\",\"Tarja Owens\",\"Tracy Moseley\"],\"articleSection\":[\"Enduro MTB\"],\"inLanguage\":\"it-IT\"},{\"@type\":\"WebPage\",\"@id\":\"https:\\\/\\\/www.365mountainbike.it\\\/fantamtb\\\/storia-mtb\\\/enduro-mtb\\\/superenduro-2013-powered-by-sram\\\/\",\"url\":\"https:\\\/\\\/www.365mountainbike.it\\\/fantamtb\\\/storia-mtb\\\/enduro-mtb\\\/superenduro-2013-powered-by-sram\\\/\",\"name\":\"Classifiche Superenduro 2013 Powered By Sram | FANTAmtb\",\"isPartOf\":{\"@id\":\"https:\\\/\\\/www.365mountainbike.it\\\/fantamtb\\\/#website\"},\"primaryImageOfPage\":{\"@id\":\"https:\\\/\\\/www.365mountainbike.it\\\/fantamtb\\\/storia-mtb\\\/enduro-mtb\\\/superenduro-2013-powered-by-sram\\\/#primaryimage\"},\"image\":{\"@id\":\"https:\\\/\\\/www.365mountainbike.it\\\/fantamtb\\\/storia-mtb\\\/enduro-mtb\\\/superenduro-2013-powered-by-sram\\\/#primaryimage\"},\"thumbnailUrl\":\"https:\\\/\\\/www.365mountainbike.it\\\/fantamtb\\\/wp-content\\\/uploads\\\/2014\\\/11\\\/Team-FRM-Italiani-enduro-2013.jpg\",\"datePublished\":\"2014-11-25T12:06:25+00:00\",\"dateModified\":\"2026-01-23T17:51:45+00:00\",\"author\":{\"@id\":\"https:\\\/\\\/www.365mountainbike.it\\\/fantamtb\\\/#\\\/schema\\\/person\\\/7b4a30b446207c8d00024d9717c3b63b\"},\"breadcrumb\":{\"@id\":\"https:\\\/\\\/www.365mountainbike.it\\\/fantamtb\\\/storia-mtb\\\/enduro-mtb\\\/superenduro-2013-powered-by-sram\\\/#breadcrumb\"},\"inLanguage\":\"it-IT\",\"potentialAction\":[{\"@type\":\"ReadAction\",\"target\":[\"https:\\\/\\\/www.365mountainbike.it\\\/fantamtb\\\/storia-mtb\\\/enduro-mtb\\\/superenduro-2013-powered-by-sram\\\/\"]}]},{\"@type\":\"ImageObject\",\"inLanguage\":\"it-IT\",\"@id\":\"https:\\\/\\\/www.365mountainbike.it\\\/fantamtb\\\/storia-mtb\\\/enduro-mtb\\\/superenduro-2013-powered-by-sram\\\/#primaryimage\",\"url\":\"https:\\\/\\\/www.365mountainbike.it\\\/fantamtb\\\/wp-content\\\/uploads\\\/2014\\\/11\\\/Team-FRM-Italiani-enduro-2013.jpg\",\"contentUrl\":\"https:\\\/\\\/www.365mountainbike.it\\\/fantamtb\\\/wp-content\\\/uploads\\\/2014\\\/11\\\/Team-FRM-Italiani-enduro-2013.jpg\",\"width\":1600,\"height\":1066,\"caption\":\"\u00a9Matteo Capp\u00e8 - Team FRM Italiani enduro 2013\"},{\"@type\":\"BreadcrumbList\",\"@id\":\"https:\\\/\\\/www.365mountainbike.it\\\/fantamtb\\\/storia-mtb\\\/enduro-mtb\\\/superenduro-2013-powered-by-sram\\\/#breadcrumb\",\"itemListElement\":[{\"@type\":\"ListItem\",\"position\":1,\"name\":\"Home\",\"item\":\"https:\\\/\\\/www.365mountainbike.it\\\/fantamtb\\\/\"},{\"@type\":\"ListItem\",\"position\":2,\"name\":\"Storia MTB\",\"item\":\"https:\\\/\\\/www.365mountainbike.it\\\/fantamtb\\\/storia-mtb\\\/\"},{\"@type\":\"ListItem\",\"position\":3,\"name\":\"Enduro\",\"item\":\"https:\\\/\\\/www.365mountainbike.it\\\/fantamtb\\\/storia-mtb\\\/enduro-mtb\\\/\"},{\"@type\":\"ListItem\",\"position\":4,\"name\":\"Superenduro 2013 Powered By Sram\"}]},{\"@type\":\"WebSite\",\"@id\":\"https:\\\/\\\/www.365mountainbike.it\\\/fantamtb\\\/#website\",\"url\":\"https:\\\/\\\/www.365mountainbike.it\\\/fantamtb\\\/\",\"name\":\"FANTAmtb\",\"description\":\"Il FANTAciclismo della Mountain Bike (FANTAcycling)\",\"potentialAction\":[{\"@type\":\"SearchAction\",\"target\":{\"@type\":\"EntryPoint\",\"urlTemplate\":\"https:\\\/\\\/www.365mountainbike.it\\\/fantamtb\\\/?s={search_term_string}\"},\"query-input\":{\"@type\":\"PropertyValueSpecification\",\"valueRequired\":true,\"valueName\":\"search_term_string\"}}],\"inLanguage\":\"it-IT\"},{\"@type\":\"Person\",\"@id\":\"https:\\\/\\\/www.365mountainbike.it\\\/fantamtb\\\/#\\\/schema\\\/person\\\/7b4a30b446207c8d00024d9717c3b63b\",\"name\":\"FANTAmtb\",\"image\":{\"@type\":\"ImageObject\",\"inLanguage\":\"it-IT\",\"@id\":\"\\\/\\\/www.365mountainbike.it\\\/fantamtb\\\/wp-content\\\/uploads\\\/wpforo\\\/avatars\\\/davide_1.png\",\"url\":\"\\\/\\\/www.365mountainbike.it\\\/fantamtb\\\/wp-content\\\/uploads\\\/wpforo\\\/avatars\\\/davide_1.png\",\"contentUrl\":\"\\\/\\\/www.365mountainbike.it\\\/fantamtb\\\/wp-content\\\/uploads\\\/wpforo\\\/avatars\\\/davide_1.png\",\"caption\":\"FANTAmtb\"},\"sameAs\":[\"https:\\\/\\\/www.365mountainbike.it\\\/fantamtb\"],\"url\":\"https:\\\/\\\/www.365mountainbike.it\\\/fantamtb\\\/author\\\/davide\\\/\"}]}<\/script>\n<!-- \/ Yoast SEO plugin. -->","yoast_head_json":{"title":"Classifiche Superenduro 2013 Powered By Sram | FANTAmtb","robots":{"index":"index","follow":"follow","max-snippet":"max-snippet:-1","max-image-preview":"max-image-preview:large","max-video-preview":"max-video-preview:-1"},"canonical":"https:\/\/www.365mountainbike.it\/fantamtb\/storia-mtb\/enduro-mtb\/superenduro-2013-powered-by-sram\/","og_locale":"it_IT","og_type":"article","og_title":"Classifiche Superenduro 2013 Powered By Sram | FANTAmtb","og_description":"Il titolo di Campione Superenduro PRO 2013 invece se l\u2019\u00e8 portato a casa Manuel Ducci, nonostante una gara tutta in difesa, al di sotto dei suoi standard. Il rider Ibis-Life Cycle ha coronato cos\u00ec una stagione che lo ha visto sempre protagonista, con una vittoria, un secondo e due terzi posti. Sulla spiaggia poco dopo [&hellip;]","og_url":"https:\/\/www.365mountainbike.it\/fantamtb\/storia-mtb\/enduro-mtb\/superenduro-2013-powered-by-sram\/","og_site_name":"FANTAmtb","article_published_time":"2014-11-25T12:06:25+00:00","article_modified_time":"2026-01-23T17:51:45+00:00","og_image":[{"width":1600,"height":1066,"url":"https:\/\/www.365mountainbike.it\/fantamtb\/wp-content\/uploads\/2014\/11\/Team-FRM-Italiani-enduro-2013.jpg","type":"image\/jpeg"}],"author":"FANTAmtb","twitter_card":"summary_large_image","twitter_misc":{"Scritto da":"FANTAmtb","Tempo di lettura stimato":"24 minuti"},"schema":{"@context":"https:\/\/schema.org","@graph":[{"@type":"Article","@id":"https:\/\/www.365mountainbike.it\/fantamtb\/storia-mtb\/enduro-mtb\/superenduro-2013-powered-by-sram\/#article","isPartOf":{"@id":"https:\/\/www.365mountainbike.it\/fantamtb\/storia-mtb\/enduro-mtb\/superenduro-2013-powered-by-sram\/"},"author":{"name":"FANTAmtb","@id":"https:\/\/www.365mountainbike.it\/fantamtb\/#\/schema\/person\/7b4a30b446207c8d00024d9717c3b63b"},"headline":"Superenduro 2013 Powered By Sram","datePublished":"2014-11-25T12:06:25+00:00","dateModified":"2026-01-23T17:51:45+00:00","mainEntityOfPage":{"@id":"https:\/\/www.365mountainbike.it\/fantamtb\/storia-mtb\/enduro-mtb\/superenduro-2013-powered-by-sram\/"},"wordCount":654,"image":{"@id":"https:\/\/www.365mountainbike.it\/fantamtb\/storia-mtb\/enduro-mtb\/superenduro-2013-powered-by-sram\/#primaryimage"},"thumbnailUrl":"https:\/\/www.365mountainbike.it\/fantamtb\/wp-content\/uploads\/2014\/11\/Team-FRM-Italiani-enduro-2013.jpg","keywords":["Alex Lupato","Anita Gehrig","Anne Caroline Chausson","Caro Gehrig","Cecile Ravanel","Chiara Pastore","Davide Sottocornola","Fabien Barel","Finale Ligure","Gabby Molloy","Gemona","Isabeau Courdurier","Jared Graves","Jerome Clementz","Laura Rossin","Madesimo","Manuel Ducci","Maria Federica Zanotto","Martin Maes","Pauline Diffenthaler","Punta Ala","Sam Shucksmith","Sauze D&#039;Oulx","Sestri Levante","Superenduro","Tarja Owens","Tracy Moseley"],"articleSection":["Enduro MTB"],"inLanguage":"it-IT"},{"@type":"WebPage","@id":"https:\/\/www.365mountainbike.it\/fantamtb\/storia-mtb\/enduro-mtb\/superenduro-2013-powered-by-sram\/","url":"https:\/\/www.365mountainbike.it\/fantamtb\/storia-mtb\/enduro-mtb\/superenduro-2013-powered-by-sram\/","name":"Classifiche Superenduro 2013 Powered By Sram | FANTAmtb","isPartOf":{"@id":"https:\/\/www.365mountainbike.it\/fantamtb\/#website"},"primaryImageOfPage":{"@id":"https:\/\/www.365mountainbike.it\/fantamtb\/storia-mtb\/enduro-mtb\/superenduro-2013-powered-by-sram\/#primaryimage"},"image":{"@id":"https:\/\/www.365mountainbike.it\/fantamtb\/storia-mtb\/enduro-mtb\/superenduro-2013-powered-by-sram\/#primaryimage"},"thumbnailUrl":"https:\/\/www.365mountainbike.it\/fantamtb\/wp-content\/uploads\/2014\/11\/Team-FRM-Italiani-enduro-2013.jpg","datePublished":"2014-11-25T12:06:25+00:00","dateModified":"2026-01-23T17:51:45+00:00","author":{"@id":"https:\/\/www.365mountainbike.it\/fantamtb\/#\/schema\/person\/7b4a30b446207c8d00024d9717c3b63b"},"breadcrumb":{"@id":"https:\/\/www.365mountainbike.it\/fantamtb\/storia-mtb\/enduro-mtb\/superenduro-2013-powered-by-sram\/#breadcrumb"},"inLanguage":"it-IT","potentialAction":[{"@type":"ReadAction","target":["https:\/\/www.365mountainbike.it\/fantamtb\/storia-mtb\/enduro-mtb\/superenduro-2013-powered-by-sram\/"]}]},{"@type":"ImageObject","inLanguage":"it-IT","@id":"https:\/\/www.365mountainbike.it\/fantamtb\/storia-mtb\/enduro-mtb\/superenduro-2013-powered-by-sram\/#primaryimage","url":"https:\/\/www.365mountainbike.it\/fantamtb\/wp-content\/uploads\/2014\/11\/Team-FRM-Italiani-enduro-2013.jpg","contentUrl":"https:\/\/www.365mountainbike.it\/fantamtb\/wp-content\/uploads\/2014\/11\/Team-FRM-Italiani-enduro-2013.jpg","width":1600,"height":1066,"caption":"\u00a9Matteo Capp\u00e8 - Team FRM Italiani enduro 2013"},{"@type":"BreadcrumbList","@id":"https:\/\/www.365mountainbike.it\/fantamtb\/storia-mtb\/enduro-mtb\/superenduro-2013-powered-by-sram\/#breadcrumb","itemListElement":[{"@type":"ListItem","position":1,"name":"Home","item":"https:\/\/www.365mountainbike.it\/fantamtb\/"},{"@type":"ListItem","position":2,"name":"Storia MTB","item":"https:\/\/www.365mountainbike.it\/fantamtb\/storia-mtb\/"},{"@type":"ListItem","position":3,"name":"Enduro","item":"https:\/\/www.365mountainbike.it\/fantamtb\/storia-mtb\/enduro-mtb\/"},{"@type":"ListItem","position":4,"name":"Superenduro 2013 Powered By Sram"}]},{"@type":"WebSite","@id":"https:\/\/www.365mountainbike.it\/fantamtb\/#website","url":"https:\/\/www.365mountainbike.it\/fantamtb\/","name":"FANTAmtb","description":"Il FANTAciclismo della Mountain Bike (FANTAcycling)","potentialAction":[{"@type":"SearchAction","target":{"@type":"EntryPoint","urlTemplate":"https:\/\/www.365mountainbike.it\/fantamtb\/?s={search_term_string}"},"query-input":{"@type":"PropertyValueSpecification","valueRequired":true,"valueName":"search_term_string"}}],"inLanguage":"it-IT"},{"@type":"Person","@id":"https:\/\/www.365mountainbike.it\/fantamtb\/#\/schema\/person\/7b4a30b446207c8d00024d9717c3b63b","name":"FANTAmtb","image":{"@type":"ImageObject","inLanguage":"it-IT","@id":"\/\/www.365mountainbike.it\/fantamtb\/wp-content\/uploads\/wpforo\/avatars\/davide_1.png","url":"\/\/www.365mountainbike.it\/fantamtb\/wp-content\/uploads\/wpforo\/avatars\/davide_1.png","contentUrl":"\/\/www.365mountainbike.it\/fantamtb\/wp-content\/uploads\/wpforo\/avatars\/davide_1.png","caption":"FANTAmtb"},"sameAs":["https:\/\/www.365mountainbike.it\/fantamtb"],"url":"https:\/\/www.365mountainbike.it\/fantamtb\/author\/davide\/"}]}},"gt_translate_keys":[{"key":"link","format":"url"}],"_links":{"self":[{"href":"https:\/\/www.365mountainbike.it\/fantamtb\/wp-json\/wp\/v2\/posts\/2580","targetHints":{"allow":["GET"]}}],"collection":[{"href":"https:\/\/www.365mountainbike.it\/fantamtb\/wp-json\/wp\/v2\/posts"}],"about":[{"href":"https:\/\/www.365mountainbike.it\/fantamtb\/wp-json\/wp\/v2\/types\/post"}],"author":[{"embeddable":true,"href":"https:\/\/www.365mountainbike.it\/fantamtb\/wp-json\/wp\/v2\/users\/1"}],"replies":[{"embeddable":true,"href":"https:\/\/www.365mountainbike.it\/fantamtb\/wp-json\/wp\/v2\/comments?post=2580"}],"version-history":[{"count":3,"href":"https:\/\/www.365mountainbike.it\/fantamtb\/wp-json\/wp\/v2\/posts\/2580\/revisions"}],"predecessor-version":[{"id":25227,"href":"https:\/\/www.365mountainbike.it\/fantamtb\/wp-json\/wp\/v2\/posts\/2580\/revisions\/25227"}],"wp:featuredmedia":[{"embeddable":true,"href":"https:\/\/www.365mountainbike.it\/fantamtb\/wp-json\/wp\/v2\/media\/10319"}],"wp:attachment":[{"href":"https:\/\/www.365mountainbike.it\/fantamtb\/wp-json\/wp\/v2\/media?parent=2580"}],"wp:term":[{"taxonomy":"category","embeddable":true,"href":"https:\/\/www.365mountainbike.it\/fantamtb\/wp-json\/wp\/v2\/categories?post=2580"},{"taxonomy":"post_tag","embeddable":true,"href":"https:\/\/www.365mountainbike.it\/fantamtb\/wp-json\/wp\/v2\/tags?post=2580"}],"curies":[{"name":"wp","href":"https:\/\/api.w.org\/{rel}","templated":true}]}}