{"id":2499,"date":"2011-05-18T21:09:48","date_gmt":"2011-05-18T19:09:48","guid":{"rendered":"\/database\/gare-cross-country\/uci-mountain-bike-coppa-del-mondo-2003\/"},"modified":"2026-02-07T09:29:39","modified_gmt":"2026-02-07T09:29:39","slug":"uci-mountain-bike-coppa-del-mondo-2003-xc","status":"publish","type":"post","link":"https:\/\/www.365mountainbike.it\/fantamtb\/storia-mtb\/cross-country-xco\/uci-mountain-bike-coppa-del-mondo-2003-xc\/","title":{"rendered":"UCI Mountain Bike Coppa del Mondo 2003 XC","gt_translate_keys":[{"key":"rendered","format":"text"}]},"content":{"rendered":"\n<p>La Coppa del mondo di mountain bike 2003 organizzata dall&#8217;Unione Ciclistica Internazionale (UCI) si disputa su tre discipline: cross country, downhill e four-cross, con cinque tappe per ogni disciplina, dopo la defezione della localit\u00e0 statunitense di Telluride, che doveva ospitare la quarta tappa della coppa di tutte e tre le discipline il 5 e 6 luglio. Il four-cross si decide in sole quattro prove, a causa della forte pioggia che porta all&#8217;annullamento dell&#8217;ultima tappa, a Kaprun.<\/p>\n\n\n\n<p>Vittoria nella generale di Christoph Sauser davanti al giovanissimo Julien Absalon, in grado al 1\u00b0 anno da Elite di conquistare un bellissimo podio. 3\u00b0 Lado Fumic. In campo femminile, Gunn Rita Dahle domina la World Cup davanti all&#8217;esperta Sabine Spitz e Irina Kalentieva.<\/p>\n\n\n\n<p><\/p>\n\n\n<figure class=\"wp-block-table is-style-stripes\">\n<table class=\"has-black-color has-text-color\">\n<tbody>\n<tr>\n<td rowspan=\"3\"><img loading=\"lazy\" decoding=\"async\" style=\"border: 0pt none;\" src=\"\/fantamtb\/wp-content\/images\/ger.png\" alt=\"Germany\" width=\"20\" height=\"12\" border=\"0\"><br \/>St Wendel<br \/>&#8211; <a href=\"https:\/\/www.365mountainbike.it\/fantamtb\/wp-content\/images\/results\/worldcup_xc\/2003_stwendel_elitem.pdf\" target=\"_blank\" rel=\"noopener\">REPORT UOMINI<\/a><br \/>&#8211; <a href=\"https:\/\/www.365mountainbike.it\/fantamtb\/wp-content\/images\/results\/worldcup_xc\/2003_stwendel_elitew.pdf\" target=\"_blank\" rel=\"noopener\">REPORT DONNE<\/a><\/td>\n<td><img decoding=\"async\" style=\"border: 0pt none;\" src=\"\/fantamtb\/wp-content\/images\/1.png\" alt=\"prima posizione\" border=\"0\"> <img loading=\"lazy\" decoding=\"async\" style=\"border: 0pt none;\" src=\"\/fantamtb\/wp-content\/images\/swi.png\" width=\"20\" height=\"13\" alt=\"Switzerland\" border=\"0\"> <a href=\"https:\/\/www.365mountainbike.it\/fantamtb\/storia-mtb\/atleti\/christoph-sauser\/\">Christoph SAUSER<\/a><\/td>\n<td><img decoding=\"async\" style=\"border: 0pt none;\" src=\"\/fantamtb\/wp-content\/images\/1.png\" alt=\"prima posizione\" border=\"0\"> <img loading=\"lazy\" decoding=\"async\" style=\"border: 0pt none;\" src=\"\/fantamtb\/wp-content\/images\/nor.png\" alt=\"Norway\" width=\"20\" height=\"15\" border=\"0\"> <a href=\"https:\/\/www.365mountainbike.it\/fantamtb\/storia-mtb\/atleti\/gunn-rita-dahle-flesja\/\">Gunn-Rita DAHLE<\/a><\/td>\n<\/tr>\n<tr>\n<td><img decoding=\"async\" style=\"border: 0pt none;\" src=\"\/fantamtb\/wp-content\/images\/2.png\" alt=\"seconda posizione\" border=\"0\"> <img loading=\"lazy\" decoding=\"async\" style=\"border: 0pt none;\" src=\"\/fantamtb\/wp-content\/images\/pol.png\" alt=\"Polonie\" width=\"20\" height=\"13\" border=\"0\"> Marek Galinski<\/td>\n<td><img decoding=\"async\" style=\"border: 0pt none;\" src=\"\/fantamtb\/wp-content\/images\/2.png\" alt=\"seconda posizione\" border=\"0\"> <img loading=\"lazy\" decoding=\"async\" style=\"border: 0pt none;\" src=\"\/fantamtb\/wp-content\/images\/ger.png\" alt=\"Germany\" width=\"20\" height=\"12\" border=\"0\"> Sabine Spitz<\/td>\n<\/tr>\n<tr>\n<td><img decoding=\"async\" style=\"border: 0pt none;\" src=\"\/fantamtb\/wp-content\/images\/3.png\" alt=\"terza posizione\" border=\"0\"> <img loading=\"lazy\" decoding=\"async\" style=\"border: 0pt none;\" src=\"\/fantamtb\/wp-content\/images\/fra.png\" alt=\"France\" width=\"19\" height=\"13\" border=\"0\"> Julien Absalon<\/td>\n<td><img decoding=\"async\" style=\"border: 0pt none;\" src=\"\/fantamtb\/wp-content\/images\/3.png\" alt=\"terza posizione\" border=\"0\"> <img loading=\"lazy\" decoding=\"async\" style=\"border: 0pt none;\" src=\"\/fantamtb\/wp-content\/images\/rus.png\" alt=\"Russia\" width=\"20\" height=\"13\" border=\"0\"> Irina Kalentiev<\/td>\n<\/tr>\n<tr>\n<td colspan=\"4\">&nbsp;<\/td>\n<\/tr>\n<tr>\n<td rowspan=\"3\"><img loading=\"lazy\" decoding=\"async\" style=\"border: 0pt none;\" src=\"\/fantamtb\/wp-content\/images\/sco.png\" alt=\"Scotland\" width=\"20\" height=\"14\" border=\"0\"><br \/>Fort William<br \/>&#8211; <a href=\"https:\/\/www.365mountainbike.it\/fantamtb\/wp-content\/images\/results\/worldcup_xc\/2003_fortwilliam_elitem.pdf\" target=\"_blank\" rel=\"noopener\">REPORT UOMINI<\/a><br \/>&#8211; <a href=\"https:\/\/www.365mountainbike.it\/fantamtb\/wp-content\/images\/results\/worldcup_xc\/2003_fortwilliam_elitew.pdf\" target=\"_blank\" rel=\"noopener\">REPORT DONNE<\/a><\/td>\n<td><img decoding=\"async\" style=\"border: 0pt none;\" src=\"\/fantamtb\/wp-content\/images\/1.png\" alt=\"prima posizione\" border=\"0\"> <img loading=\"lazy\" decoding=\"async\" style=\"border: 0pt none;\" src=\"\/fantamtb\/wp-content\/images\/bel.png\" alt=\"Belgium\" width=\"20\" height=\"13\" border=\"0\"> <a href=\"https:\/\/www.365mountainbike.it\/fantamtb\/storia-mtb\/atleti\/filip-meirhaeghe\/\">Filip MEIRHAEGHE<\/a><\/td>\n<td><img decoding=\"async\" style=\"border: 0pt none;\" src=\"\/fantamtb\/wp-content\/images\/1.png\" alt=\"prima posizione\" border=\"0\"> <img loading=\"lazy\" decoding=\"async\" style=\"border: 0pt none;\" src=\"\/fantamtb\/wp-content\/images\/nor.png\" alt=\"Norway\" width=\"20\" height=\"15\" border=\"0\"> <a href=\"https:\/\/www.365mountainbike.it\/fantamtb\/storia-mtb\/atleti\/gunn-rita-dahle-flesja\/\"><span class=\"mw-redirect\">Gunn-Rita DAHLE<\/span><\/a><\/td>\n<\/tr>\n<tr>\n<td><img decoding=\"async\" style=\"border: 0pt none;\" src=\"\/fantamtb\/wp-content\/images\/2.png\" alt=\"seconda posizione\" border=\"0\"> <img loading=\"lazy\" decoding=\"async\" style=\"border: 0pt none;\" src=\"\/fantamtb\/wp-content\/images\/ger.png\" alt=\"Germany\" width=\"20\" height=\"12\" border=\"0\"> Lado Fumic<\/td>\n<td><img decoding=\"async\" style=\"border: 0pt none;\" src=\"\/fantamtb\/wp-content\/images\/2.png\" alt=\"seconda posizione\" border=\"0\"> <img loading=\"lazy\" decoding=\"async\" style=\"border: 0pt none;\" src=\"\/fantamtb\/wp-content\/images\/ger.png\" alt=\"Germany\" width=\"20\" height=\"12\" border=\"0\"> Sabine Spitz<\/td>\n<\/tr>\n<tr>\n<td><img decoding=\"async\" style=\"border: 0pt none;\" src=\"\/fantamtb\/wp-content\/images\/3.png\" alt=\"terza posizione\" border=\"0\"> <img loading=\"lazy\" decoding=\"async\" style=\"border: 0pt none;\" src=\"\/fantamtb\/wp-content\/images\/fra.png\" alt=\"France\" width=\"19\" height=\"13\" border=\"0\"> Julien Absalon<\/td>\n<td><img decoding=\"async\" style=\"border: 0pt none;\" src=\"\/fantamtb\/wp-content\/images\/3.png\" alt=\"terza posizione\" border=\"0\"> <img loading=\"lazy\" decoding=\"async\" style=\"border: 0pt none;\" src=\"\/fantamtb\/wp-content\/images\/swi.png\" width=\"20\" height=\"13\" alt=\"Switzerland\" border=\"0\"> Barbara Blatter<\/td>\n<\/tr>\n<tr>\n<td colspan=\"4\">&nbsp;<\/td>\n<\/tr>\n<tr>\n<td rowspan=\"3\"><img loading=\"lazy\" decoding=\"async\" style=\"border: 0pt none;\" src=\"\/fantamtb\/wp-content\/images\/can.png\" alt=\"Canada\" width=\"20\" height=\"14\" border=\"0\"><br \/>Mont St Anne<br \/>&#8211; <a href=\"https:\/\/www.365mountainbike.it\/fantamtb\/wp-content\/images\/results\/worldcup_xc\/2003_montstanne_elitem.pdf\" target=\"_blank\" rel=\"noopener\">REPORT UOMINI<\/a><br \/>&#8211; <a href=\"https:\/\/www.365mountainbike.it\/fantamtb\/wp-content\/images\/results\/worldcup_xc\/2003_montstanne_elitew.pdf\" target=\"_blank\" rel=\"noopener\">REPORT DONNE<\/a><\/td>\n<td><img decoding=\"async\" style=\"border: 0pt none;\" src=\"\/fantamtb\/wp-content\/images\/1.png\" alt=\"prima posizione\" border=\"0\"> <img loading=\"lazy\" decoding=\"async\" style=\"border: 0pt none;\" src=\"\/fantamtb\/wp-content\/images\/fra.png\" alt=\"France\" width=\"19\" height=\"13\" border=\"0\">&nbsp;<a href=\"https:\/\/www.365mountainbike.it\/fantamtb\/storia-mtb\/atleti\/julien-absalon\/\">Julien ABSALON<\/a><\/td>\n<td><img decoding=\"async\" style=\"border: 0pt none;\" src=\"\/fantamtb\/wp-content\/images\/1.png\" alt=\"prima posizione\" border=\"0\"> <img loading=\"lazy\" decoding=\"async\" style=\"border: 0pt none;\" src=\"\/fantamtb\/wp-content\/images\/nor.png\" alt=\"Norway\" width=\"20\" height=\"15\" border=\"0\"> <a href=\"https:\/\/www.365mountainbike.it\/fantamtb\/storia-mtb\/atleti\/gunn-rita-dahle-flesja\/\">Gunn-Rita DAHLE<\/a><\/td>\n<\/tr>\n<tr>\n<td><img decoding=\"async\" style=\"border: 0pt none;\" src=\"\/fantamtb\/wp-content\/images\/2.png\" alt=\"seconda posizione\" border=\"0\"> <img loading=\"lazy\" decoding=\"async\" style=\"border: 0pt none;\" src=\"\/fantamtb\/wp-content\/images\/swi.png\" width=\"20\" height=\"13\" alt=\"Switzerland\" border=\"0\"> Christoph Sauser<\/td>\n<td><img decoding=\"async\" style=\"border: 0pt none;\" src=\"\/fantamtb\/wp-content\/images\/2.png\" alt=\"seconda posizione\" border=\"0\"> <img loading=\"lazy\" decoding=\"async\" style=\"border: 0pt none;\" src=\"\/fantamtb\/wp-content\/images\/ger.png\" alt=\"Germany\" width=\"20\" height=\"12\" border=\"0\"> Sabine Spitz<\/td>\n<\/tr>\n<tr>\n<td><img decoding=\"async\" style=\"border: 0pt none;\" src=\"\/fantamtb\/wp-content\/images\/3.png\" alt=\"terza posizione\" border=\"0\"> <img loading=\"lazy\" decoding=\"async\" style=\"border: 0pt none;\" src=\"\/fantamtb\/wp-content\/images\/can.png\" alt=\"Canada\" width=\"20\" height=\"14\" border=\"0\"> Roland Green<\/td>\n<td><img decoding=\"async\" style=\"border: 0pt none;\" src=\"\/fantamtb\/wp-content\/images\/3.png\" alt=\"terza posizione\" border=\"0\"> <img loading=\"lazy\" decoding=\"async\" style=\"border: 0pt none;\" src=\"\/fantamtb\/wp-content\/images\/swi.png\" width=\"20\" height=\"13\" alt=\"Switzerland\" border=\"0\"> Barbara Blatter<\/td>\n<\/tr>\n<tr>\n<td colspan=\"4\">&nbsp;<\/td>\n<\/tr>\n<tr>\n<td rowspan=\"3\"><img loading=\"lazy\" decoding=\"async\" style=\"border: 0pt none;\" src=\"\/fantamtb\/wp-content\/images\/usa.png\" alt=\"United States\" width=\"20\" height=\"11\" border=\"0\"><br \/>Telluride<\/td>\n<td colspan=\"2\">&nbsp;<\/td>\n<\/tr>\n<tr>\n<td style=\"text-align: center;\" colspan=\"2\"><strong>#CANCELLED<\/strong><\/td>\n<\/tr>\n<tr>\n<td colspan=\"2\">&nbsp;<\/td>\n<\/tr>\n<tr>\n<td colspan=\"4\">&nbsp;<\/td>\n<\/tr>\n<tr>\n<td rowspan=\"3\"><img loading=\"lazy\" decoding=\"async\" style=\"border: 0pt none;\" src=\"\/fantamtb\/wp-content\/images\/can.png\" alt=\"United States\" width=\"20\" height=\"11\" border=\"0\"><br \/>Grouse Mountain<br \/>&#8211; <a href=\"https:\/\/www.365mountainbike.it\/fantamtb\/wp-content\/images\/results\/worldcup_xc\/2003_grousemountain_elitem.pdf\" target=\"_blank\" rel=\"noopener\">REPORT UOMINI<\/a><br \/>&#8211; <a href=\"https:\/\/www.365mountainbike.it\/fantamtb\/wp-content\/images\/results\/worldcup_xc\/2003_grousemountain_elitew.pdf\" target=\"_blank\" rel=\"noopener\">REPORT DONNE<\/a><\/td>\n<td><img decoding=\"async\" style=\"border: 0pt none;\" src=\"\/fantamtb\/wp-content\/images\/1.png\" alt=\"prima posizione\" border=\"0\"> <img loading=\"lazy\" decoding=\"async\" style=\"border: 0pt none;\" src=\"\/fantamtb\/wp-content\/images\/bel.png\" alt=\"Belgium\" width=\"20\" height=\"13\" border=\"0\"> <a href=\"https:\/\/www.365mountainbike.it\/fantamtb\/storia-mtb\/atleti\/filip-meirhaeghe\/\">Filip MEIRHAEGHE<\/a><\/td>\n<td><img decoding=\"async\" style=\"border: 0pt none;\" src=\"\/fantamtb\/wp-content\/images\/1.png\" alt=\"prima posizione\" border=\"0\"> <img loading=\"lazy\" decoding=\"async\" style=\"border: 0pt none;\" src=\"\/fantamtb\/wp-content\/images\/nor.png\" alt=\"Norway\" width=\"20\" height=\"15\" border=\"0\"> <a href=\"https:\/\/www.365mountainbike.it\/fantamtb\/storia-mtb\/atleti\/gunn-rita-dahle-flesja\/\"><span class=\"mw-redirect\">Gunn-Rita DAHLE<\/span><\/a><\/td>\n<\/tr>\n<tr>\n<td><img decoding=\"async\" style=\"border: 0pt none;\" src=\"\/fantamtb\/wp-content\/images\/2.png\" alt=\"seconda posizione\" border=\"0\"> <img loading=\"lazy\" decoding=\"async\" style=\"border: 0pt none;\" src=\"\/fantamtb\/wp-content\/images\/esp.png\" alt=\"Espana\" width=\"20\" height=\"13\" border=\"0\"> Jos\u00e8 Hermida<\/td>\n<td><img decoding=\"async\" style=\"border: 0pt none;\" src=\"\/fantamtb\/wp-content\/images\/2.png\" alt=\"seconda posizione\" border=\"0\"> <img loading=\"lazy\" decoding=\"async\" style=\"border: 0pt none;\" src=\"\/fantamtb\/wp-content\/images\/can.png\" alt=\"Canada\" width=\"20\" height=\"14\" border=\"0\"> Alison Sydor<\/td>\n<\/tr>\n<tr>\n<td><img decoding=\"async\" style=\"border: 0pt none;\" src=\"\/fantamtb\/wp-content\/images\/3.png\" alt=\"terza posizione\" border=\"0\"> <img loading=\"lazy\" decoding=\"async\" style=\"border: 0pt none;\" src=\"\/fantamtb\/wp-content\/images\/fra.png\" alt=\"France\" width=\"19\" height=\"13\" border=\"0\"> Julien Absalon<\/td>\n<td><img decoding=\"async\" style=\"border: 0pt none;\" src=\"\/fantamtb\/wp-content\/images\/3.png\" alt=\"terza posizione\" border=\"0\"> <img loading=\"lazy\" decoding=\"async\" style=\"border: 0pt none;\" src=\"\/fantamtb\/wp-content\/images\/usa.png\" alt=\"United States\" width=\"20\" height=\"11\" border=\"0\"> Susan Haywood<\/td>\n<\/tr>\n<tr>\n<td colspan=\"4\">&nbsp;<\/td>\n<\/tr>\n<tr>\n<td rowspan=\"3\"><img loading=\"lazy\" decoding=\"async\" style=\"border: 0pt none;\" src=\"\/fantamtb\/wp-content\/images\/can.png\" alt=\"Canada\" width=\"20\" height=\"14\" border=\"0\"><br \/>Kaprun<br \/>&#8211; <a href=\"https:\/\/www.365mountainbike.it\/fantamtb\/wp-content\/images\/results\/worldcup_xc\/2003_kaprun_elitem.pdf\" target=\"_blank\" rel=\"noopener\">REPORT UOMINI<\/a><br \/>&#8211; <a href=\"https:\/\/www.365mountainbike.it\/fantamtb\/wp-content\/images\/results\/worldcup_xc\/2003_kaprun_elitew.pdf\" target=\"_blank\" rel=\"noopener\">REPORT DONNE<\/a><\/td>\n<td><img decoding=\"async\" style=\"border: 0pt none;\" src=\"\/fantamtb\/wp-content\/images\/1.png\" alt=\"prima posizione\" border=\"0\"> <img loading=\"lazy\" decoding=\"async\" style=\"border: 0pt none;\" src=\"\/fantamtb\/wp-content\/images\/bel.png\" alt=\"Belgium\" width=\"20\" height=\"13\" border=\"0\"> <a href=\"https:\/\/www.365mountainbike.it\/fantamtb\/storia-mtb\/atleti\/filip-meirhaeghe\/\">Filip MEIRHAEGHE<\/a><\/td>\n<td><img decoding=\"async\" style=\"border: 0pt none;\" src=\"\/fantamtb\/wp-content\/images\/1.png\" alt=\"prima posizione\" border=\"0\"> <img loading=\"lazy\" decoding=\"async\" style=\"border: 0pt none;\" src=\"\/fantamtb\/wp-content\/images\/nor.png\" alt=\"Norway\" width=\"20\" height=\"15\" border=\"0\"> <a href=\"https:\/\/www.365mountainbike.it\/fantamtb\/storia-mtb\/atleti\/gunn-rita-dahle-flesja\/\"><span class=\"mw-redirect\">Gunn-Rita DAHLE<\/span><\/a><\/td>\n<\/tr>\n<tr>\n<td><img decoding=\"async\" style=\"border: 0pt none;\" src=\"\/fantamtb\/wp-content\/images\/2.png\" alt=\"seconda posizione\" border=\"0\"> <img loading=\"lazy\" decoding=\"async\" style=\"border: 0pt none;\" src=\"\/fantamtb\/wp-content\/images\/swi.png\" width=\"20\" height=\"13\" alt=\"Switzerland\" border=\"0\"> Thomas Frischknecht<\/td>\n<td><img decoding=\"async\" style=\"border: 0pt none;\" src=\"\/fantamtb\/wp-content\/images\/2.png\" alt=\"seconda posizione\" border=\"0\"> <img loading=\"lazy\" decoding=\"async\" style=\"border: 0pt none;\" src=\"\/fantamtb\/wp-content\/images\/ger.png\" alt=\"Germany\" width=\"20\" height=\"12\" border=\"0\"> Sabine Spitz<\/td>\n<\/tr>\n<tr>\n<td><img decoding=\"async\" style=\"border: 0pt none;\" src=\"\/fantamtb\/wp-content\/images\/3.png\" alt=\"terza posizione\" border=\"0\"> <img loading=\"lazy\" decoding=\"async\" style=\"border: 0pt none;\" src=\"\/fantamtb\/wp-content\/images\/fra.png\" alt=\"France\" width=\"19\" height=\"13\" border=\"0\"> Julien Absalon<\/td>\n<td><img decoding=\"async\" style=\"border: 0pt none;\" src=\"\/fantamtb\/wp-content\/images\/3.png\" alt=\"terza posizione\" border=\"0\"> <img loading=\"lazy\" decoding=\"async\" style=\"border: 0pt none;\" src=\"\/fantamtb\/wp-content\/images\/can.png\" alt=\"Canada\" width=\"20\" height=\"14\" border=\"0\"> Marie-H\u00e9l\u00e8ne Pr\u00e9mont<\/td>\n<\/tr>\n<tr>\n<td colspan=\"3\">&nbsp;<\/td>\n<\/tr>\n<tr>\n<td align=\"center\">&nbsp;<\/td>\n<td><strong>Podium (Men)<\/strong><\/td>\n<td><strong>Podium (Women)<\/strong><\/td>\n<\/tr>\n<tr>\n<td rowspan=\"3\"><strong>FINAL STANDINGS<br \/>&#8211; <a href=\"https:\/\/www.365mountainbike.it\/fantamtb\/wp-content\/images\/results\/worldcup_xc\/2003_elitem.pdf\" target=\"_blank\" rel=\"noopener\">MASCHILE<\/a><br \/>&#8211; <a href=\"https:\/\/www.365mountainbike.it\/fantamtb\/wp-content\/images\/results\/worldcup_xc\/2003_elitew.pdf\" target=\"_blank\" rel=\"noopener\">FEMMINILE<\/a><br \/><\/strong><\/td>\n<td><img decoding=\"async\" style=\"border: 0pt none;\" src=\"\/fantamtb\/wp-content\/images\/1.png\" alt=\"prima posizione\" border=\"0\"> <img loading=\"lazy\" decoding=\"async\" style=\"border: 0pt none;\" src=\"\/fantamtb\/wp-content\/images\/swi.png\" width=\"20\" height=\"13\" alt=\"Switzerland\" border=\"0\"> <a href=\"https:\/\/www.365mountainbike.it\/fantamtb\/storia-mtb\/atleti\/christoph-sauser\/\">Christoph SAUSER<\/a><\/td>\n<td><img decoding=\"async\" style=\"border: 0pt none;\" src=\"\/fantamtb\/wp-content\/images\/1.png\" alt=\"prima posizione\" border=\"0\"> <img loading=\"lazy\" decoding=\"async\" style=\"border: 0pt none;\" src=\"\/fantamtb\/wp-content\/images\/nor.png\" alt=\"Norway\" width=\"20\" height=\"15\" border=\"0\"> <a href=\"https:\/\/www.365mountainbike.it\/fantamtb\/storia-mtb\/atleti\/gunn-rita-dahle-flesja\/\"><span class=\"mw-redirect\">Gunn-Rita DAHLE<\/span><\/a><\/td>\n<\/tr>\n<tr>\n<td><img decoding=\"async\" style=\"border: 0pt none;\" src=\"\/fantamtb\/wp-content\/images\/2.png\" alt=\"seconda posizione\" border=\"0\"> <img loading=\"lazy\" decoding=\"async\" style=\"border: 0pt none;\" src=\"\/fantamtb\/wp-content\/images\/fra.png\" alt=\"France\" width=\"19\" height=\"13\" border=\"0\"> Julien Absalon<\/td>\n<td><img decoding=\"async\" style=\"border: 0pt none;\" src=\"\/fantamtb\/wp-content\/images\/2.png\" alt=\"seconda posizione\" border=\"0\"> <img loading=\"lazy\" decoding=\"async\" style=\"border: 0pt none;\" src=\"\/fantamtb\/wp-content\/images\/ger.png\" alt=\"Germany\" width=\"20\" height=\"12\" border=\"0\"> Sabine Spitz<\/td>\n<\/tr>\n<tr>\n<td><img decoding=\"async\" style=\"border: 0pt none;\" src=\"\/fantamtb\/wp-content\/images\/3.png\" alt=\"terza posizione\" border=\"0\"> <img loading=\"lazy\" decoding=\"async\" style=\"border: 0pt none;\" src=\"\/fantamtb\/wp-content\/images\/ger.png\" alt=\"Germany\" width=\"20\" height=\"12\" border=\"0\"> Lado Fumic<\/td>\n<td><img decoding=\"async\" style=\"border: 0pt none;\" src=\"\/fantamtb\/wp-content\/images\/3.png\" alt=\"terza posizione\" border=\"0\"> <img loading=\"lazy\" decoding=\"async\" style=\"border: 0pt none;\" src=\"\/fantamtb\/wp-content\/images\/rus.png\" alt=\"Russia\" width=\"20\" height=\"13\" border=\"0\"> Irina Kalentiev<\/td>\n<\/tr>\n<\/tbody>\n<\/table>\n<\/figure>\n\n\n<hr class=\"wp-block-separator has-css-opacity\"\/>\n\n\n\n<h1 class=\"wp-block-heading\" id=\"h-foto\">FOTO<\/h1>\n\n\n\n<figure class=\"wp-block-gallery has-nested-images columns-default is-cropped wp-block-gallery-1 is-layout-flex wp-block-gallery-is-layout-flex\">\n<figure class=\"wp-block-image size-medium\"><a href=\"https:\/\/www.365mountainbike.it\/fantamtb\/wp-content\/uploads\/2011\/05\/\u00a9Fat-Tire-Fotos-ABSALON-MEIRHAEGHE-FUMIC-PODIO-FORT-WILLIAM-2003-XC-MTb.jpg\"><picture><source srcset=\"https:\/\/www.365mountainbike.it\/fantamtb\/wp-content\/uploads\/2011\/05\/\u00a9Fat-Tire-Fotos-ABSALON-MEIRHAEGHE-FUMIC-PODIO-FORT-WILLIAM-2003-XC-MTb-300x201.jpg 300w, https:\/\/www.365mountainbike.it\/fantamtb\/wp-content\/uploads\/2011\/05\/\u00a9Fat-Tire-Fotos-ABSALON-MEIRHAEGHE-FUMIC-PODIO-FORT-WILLIAM-2003-XC-MTb-768x514.jpg 768w,https:\/\/www.365mountainbike.it\/fantamtb\/wp-content\/uploads\/2011\/05\/\u00a9Fat-Tire-Fotos-ABSALON-MEIRHAEGHE-FUMIC-PODIO-FORT-WILLIAM-2003-XC-MTb.jpg.webp 800w\" sizes=\"auto, (max-width: 300px) 100vw, 300px\" type=\"image\/webp\"><img src=\"https:\/\/www.365mountainbike.it\/fantamtb\/wp-content\/uploads\/2011\/05\/\u00a9Fat-Tire-Fotos-ABSALON-MEIRHAEGHE-FUMIC-PODIO-FORT-WILLIAM-2003-XC-MTb-300x201.jpg\" height=\"201\" width=\"300\" srcset=\"https:\/\/www.365mountainbike.it\/fantamtb\/wp-content\/uploads\/2011\/05\/\u00a9Fat-Tire-Fotos-ABSALON-MEIRHAEGHE-FUMIC-PODIO-FORT-WILLIAM-2003-XC-MTb-300x201.jpg 300w, https:\/\/www.365mountainbike.it\/fantamtb\/wp-content\/uploads\/2011\/05\/\u00a9Fat-Tire-Fotos-ABSALON-MEIRHAEGHE-FUMIC-PODIO-FORT-WILLIAM-2003-XC-MTb-768x514.jpg 768w, https:\/\/www.365mountainbike.it\/fantamtb\/wp-content\/uploads\/2011\/05\/\u00a9Fat-Tire-Fotos-ABSALON-MEIRHAEGHE-FUMIC-PODIO-FORT-WILLIAM-2003-XC-MTb.jpg 800w\" sizes=\"auto, (max-width: 300px) 100vw, 300px\" class=\"wp-image-23632 sp-no-webp\" alt=\"\u00a9Fat Tire Fotos - ABSALON-MEIRHAEGHE-FUMIC, PODIO FORT WILLIAM 2003 XC MTb\" loading=\"lazy\" decoding=\"async\" data-id=\"23632\" style=\"aspect-ratio:1\"  > <\/picture><\/a><figcaption class=\"wp-element-caption\">\u00a9Fat Tire Fotos &#8211; ABSALON-MEIRHAEGHE-FUMIC, PODIO FORT WILLIAM 2003 XC MTB <\/figcaption><\/figure>\n\n\n\n<figure class=\"wp-block-image size-medium\"><a href=\"https:\/\/www.365mountainbike.it\/fantamtb\/wp-content\/uploads\/2011\/05\/MEIRHAEGHE-FUMIC-HERMIDA-2003-WORLD-CUP-MTB.jpg\"><picture><source srcset=\"https:\/\/www.365mountainbike.it\/fantamtb\/wp-content\/uploads\/2011\/05\/MEIRHAEGHE-FUMIC-HERMIDA-2003-WORLD-CUP-MTB-300x201.jpg 300w, https:\/\/www.365mountainbike.it\/fantamtb\/wp-content\/uploads\/2011\/05\/MEIRHAEGHE-FUMIC-HERMIDA-2003-WORLD-CUP-MTB-768x514.jpg 768w,https:\/\/www.365mountainbike.it\/fantamtb\/wp-content\/uploads\/2011\/05\/MEIRHAEGHE-FUMIC-HERMIDA-2003-WORLD-CUP-MTB.jpg.webp 800w\" sizes=\"auto, (max-width: 300px) 100vw, 300px\" type=\"image\/webp\"><img src=\"https:\/\/www.365mountainbike.it\/fantamtb\/wp-content\/uploads\/2011\/05\/MEIRHAEGHE-FUMIC-HERMIDA-2003-WORLD-CUP-MTB-300x201.jpg\" height=\"201\" width=\"300\" srcset=\"https:\/\/www.365mountainbike.it\/fantamtb\/wp-content\/uploads\/2011\/05\/MEIRHAEGHE-FUMIC-HERMIDA-2003-WORLD-CUP-MTB-300x201.jpg 300w, https:\/\/www.365mountainbike.it\/fantamtb\/wp-content\/uploads\/2011\/05\/MEIRHAEGHE-FUMIC-HERMIDA-2003-WORLD-CUP-MTB-768x514.jpg 768w, https:\/\/www.365mountainbike.it\/fantamtb\/wp-content\/uploads\/2011\/05\/MEIRHAEGHE-FUMIC-HERMIDA-2003-WORLD-CUP-MTB.jpg 800w\" sizes=\"auto, (max-width: 300px) 100vw, 300px\" class=\"wp-image-5695 sp-no-webp\" alt=\"MEIRHAEGHE-FUMIC-HERMIDA 2003 WORLD CUP MTB\" loading=\"lazy\" decoding=\"async\" data-id=\"5695\" style=\"aspect-ratio:1\"  > <\/picture><\/a><figcaption class=\"wp-element-caption\">\u00a9Fat Tire Fotos &#8211; MEIRHAEGHE-FUMIC-HERMIDA 2003 WORLD CUP MTB<\/figcaption><\/figure>\n\n\n\n<figure class=\"wp-block-image size-medium\"><a href=\"https:\/\/www.365mountainbike.it\/fantamtb\/wp-content\/uploads\/2011\/05\/GUNN-RITA-DAHLE-2003-WORLD-CUP-MTB.jpg\"><picture><source srcset=\"https:\/\/www.365mountainbike.it\/fantamtb\/wp-content\/uploads\/2011\/05\/GUNN-RITA-DAHLE-2003-WORLD-CUP-MTB-300x201.jpg 300w, https:\/\/www.365mountainbike.it\/fantamtb\/wp-content\/uploads\/2011\/05\/GUNN-RITA-DAHLE-2003-WORLD-CUP-MTB-768x514.jpg 768w,https:\/\/www.365mountainbike.it\/fantamtb\/wp-content\/uploads\/2011\/05\/GUNN-RITA-DAHLE-2003-WORLD-CUP-MTB.jpg.webp 800w\" sizes=\"auto, (max-width: 300px) 100vw, 300px\" type=\"image\/webp\"><img src=\"https:\/\/www.365mountainbike.it\/fantamtb\/wp-content\/uploads\/2011\/05\/GUNN-RITA-DAHLE-2003-WORLD-CUP-MTB-300x201.jpg\" height=\"201\" width=\"300\" srcset=\"https:\/\/www.365mountainbike.it\/fantamtb\/wp-content\/uploads\/2011\/05\/GUNN-RITA-DAHLE-2003-WORLD-CUP-MTB-300x201.jpg 300w, https:\/\/www.365mountainbike.it\/fantamtb\/wp-content\/uploads\/2011\/05\/GUNN-RITA-DAHLE-2003-WORLD-CUP-MTB-768x514.jpg 768w, https:\/\/www.365mountainbike.it\/fantamtb\/wp-content\/uploads\/2011\/05\/GUNN-RITA-DAHLE-2003-WORLD-CUP-MTB.jpg 800w\" sizes=\"auto, (max-width: 300px) 100vw, 300px\" class=\"wp-image-5696 sp-no-webp\" alt=\"GUNN-RITA DAHLE 2003 WORLD CUP MTB\" loading=\"lazy\" decoding=\"async\" data-id=\"5696\" style=\"aspect-ratio:1\"  > <\/picture><\/a><figcaption class=\"wp-element-caption\">\u00a9Fat Tire Fotos &#8211; GUNN-RITA DAHLE 2003 WORLD CUP MTB<\/figcaption><\/figure>\n\n\n\n<figure class=\"wp-block-image size-medium\"><a href=\"https:\/\/www.365mountainbike.it\/fantamtb\/wp-content\/uploads\/2011\/05\/sabine-Spitz-2003-1.jpg\"><img loading=\"lazy\" decoding=\"async\" width=\"300\" height=\"201\" data-id=\"25901\" src=\"https:\/\/www.365mountainbike.it\/fantamtb\/wp-content\/uploads\/2011\/05\/sabine-Spitz-2003-1-300x201.jpg\" alt=\"\u00a9Fat Tire Fotos - SABINE SPITZ WORLD CUP 2003 MTB WOMEN\" class=\"wp-image-25901\" style=\"aspect-ratio:1\" srcset=\"https:\/\/www.365mountainbike.it\/fantamtb\/wp-content\/uploads\/2011\/05\/sabine-Spitz-2003-1-300x201.jpg 300w, https:\/\/www.365mountainbike.it\/fantamtb\/wp-content\/uploads\/2011\/05\/sabine-Spitz-2003-1-768x514.jpg 768w, https:\/\/www.365mountainbike.it\/fantamtb\/wp-content\/uploads\/2011\/05\/sabine-Spitz-2003-1.jpg 800w\" sizes=\"auto, (max-width: 300px) 100vw, 300px\" \/><\/a><figcaption class=\"wp-element-caption\">\u00a9Fat Tire Fotos &#8211; SABINE SPITZ WORLD CUP 2003 MTB WOMEN<\/figcaption><\/figure>\n\n\n\n<figure class=\"wp-block-image size-medium\"><a href=\"https:\/\/www.365mountainbike.it\/fantamtb\/wp-content\/uploads\/2011\/05\/CHRISTOPH-SAUSER-2003-WORLD-CUP-MTB.jpg\"><picture><source srcset=\"https:\/\/www.365mountainbike.it\/fantamtb\/wp-content\/uploads\/2011\/05\/CHRISTOPH-SAUSER-2003-WORLD-CUP-MTB-201x300.jpg 201w,https:\/\/www.365mountainbike.it\/fantamtb\/wp-content\/uploads\/2011\/05\/CHRISTOPH-SAUSER-2003-WORLD-CUP-MTB.jpg.webp 535w\" sizes=\"auto, (max-width: 201px) 100vw, 201px\" type=\"image\/webp\"><img src=\"https:\/\/www.365mountainbike.it\/fantamtb\/wp-content\/uploads\/2011\/05\/CHRISTOPH-SAUSER-2003-WORLD-CUP-MTB-201x300.jpg\" height=\"300\" width=\"201\" srcset=\"https:\/\/www.365mountainbike.it\/fantamtb\/wp-content\/uploads\/2011\/05\/CHRISTOPH-SAUSER-2003-WORLD-CUP-MTB-201x300.jpg 201w, https:\/\/www.365mountainbike.it\/fantamtb\/wp-content\/uploads\/2011\/05\/CHRISTOPH-SAUSER-2003-WORLD-CUP-MTB.jpg 535w\" sizes=\"auto, (max-width: 201px) 100vw, 201px\" class=\"wp-image-5698 sp-no-webp\" alt=\"CHRISTOPH SAUSER 2003 WORLD CUP MTB\" loading=\"lazy\" decoding=\"async\" data-id=\"5698\" style=\"aspect-ratio:1\"  > <\/picture><\/a><figcaption class=\"wp-element-caption\">\u00a9Fat Tire Fotos &#8211; CHRISTOPH SAUSER 2003 WORLD CUP MTB<\/figcaption><\/figure>\n\n\n\n<figure class=\"wp-block-image size-medium\"><a href=\"https:\/\/www.365mountainbike.it\/fantamtb\/wp-content\/uploads\/2011\/05\/Gunn-Rita-Dahle-campionessa-mondiale-2002.jpg\"><img loading=\"lazy\" decoding=\"async\" width=\"201\" height=\"300\" data-id=\"25902\" src=\"https:\/\/www.365mountainbike.it\/fantamtb\/wp-content\/uploads\/2011\/05\/Gunn-Rita-Dahle-campionessa-mondiale-2002-201x300.jpg\" alt=\"\u00a9Fat Tire Fotos - GUNN RITA DAHLE CAMPIONESSA DEL MONDO ELITE\" class=\"wp-image-25902\" style=\"aspect-ratio:1\" srcset=\"https:\/\/www.365mountainbike.it\/fantamtb\/wp-content\/uploads\/2011\/05\/Gunn-Rita-Dahle-campionessa-mondiale-2002-201x300.jpg 201w, https:\/\/www.365mountainbike.it\/fantamtb\/wp-content\/uploads\/2011\/05\/Gunn-Rita-Dahle-campionessa-mondiale-2002.jpg 535w\" sizes=\"auto, (max-width: 201px) 100vw, 201px\" \/><\/a><figcaption class=\"wp-element-caption\">\u00a9Fat Tire Fotos &#8211; GUNN RITA DAHLE CAMPIONESSA DEL MONDO ELITE<\/figcaption><\/figure>\n\n\n\n<figure class=\"wp-block-image size-medium\"><a href=\"https:\/\/www.365mountainbike.it\/fantamtb\/wp-content\/uploads\/2011\/05\/LADO-FUMIC-WORLD-CUP-FORT-WILLIAM-2003.jpg\"><picture><source srcset=\"https:\/\/www.365mountainbike.it\/fantamtb\/wp-content\/uploads\/2011\/05\/LADO-FUMIC-WORLD-CUP-FORT-WILLIAM-2003-300x201.jpg 300w, https:\/\/www.365mountainbike.it\/fantamtb\/wp-content\/uploads\/2011\/05\/LADO-FUMIC-WORLD-CUP-FORT-WILLIAM-2003-768x514.jpg 768w,https:\/\/www.365mountainbike.it\/fantamtb\/wp-content\/uploads\/2011\/05\/LADO-FUMIC-WORLD-CUP-FORT-WILLIAM-2003.jpg.webp 800w\" sizes=\"auto, (max-width: 300px) 100vw, 300px\" type=\"image\/webp\"><img src=\"https:\/\/www.365mountainbike.it\/fantamtb\/wp-content\/uploads\/2011\/05\/LADO-FUMIC-WORLD-CUP-FORT-WILLIAM-2003-300x201.jpg\" height=\"201\" width=\"300\" srcset=\"https:\/\/www.365mountainbike.it\/fantamtb\/wp-content\/uploads\/2011\/05\/LADO-FUMIC-WORLD-CUP-FORT-WILLIAM-2003-300x201.jpg 300w, https:\/\/www.365mountainbike.it\/fantamtb\/wp-content\/uploads\/2011\/05\/LADO-FUMIC-WORLD-CUP-FORT-WILLIAM-2003-768x514.jpg 768w, https:\/\/www.365mountainbike.it\/fantamtb\/wp-content\/uploads\/2011\/05\/LADO-FUMIC-WORLD-CUP-FORT-WILLIAM-2003.jpg 800w\" sizes=\"auto, (max-width: 300px) 100vw, 300px\" class=\"wp-image-5699 sp-no-webp\" alt=\"LADO FUMIC WORLD CUP FORT-WILLIAM 2003\" loading=\"lazy\" decoding=\"async\" data-id=\"5699\" style=\"aspect-ratio:1\"  > <\/picture><\/a><figcaption class=\"wp-element-caption\">\u00a9Fat Tire Fotos &#8211; LADO FUMIC WORLD CUP FORT-WILLIAM 2003<\/figcaption><\/figure>\n\n\n\n<figure class=\"wp-block-image size-medium\"><a href=\"https:\/\/www.365mountainbike.it\/fantamtb\/wp-content\/uploads\/2011\/05\/Podio-Fort-William-XC-2023-MTB.jpg\"><picture><source srcset=\"https:\/\/www.365mountainbike.it\/fantamtb\/wp-content\/uploads\/2011\/05\/Podio-Fort-William-XC-2023-MTB-300x201.jpg 300w, https:\/\/www.365mountainbike.it\/fantamtb\/wp-content\/uploads\/2011\/05\/Podio-Fort-William-XC-2023-MTB-768x514.jpg 768w,https:\/\/www.365mountainbike.it\/fantamtb\/wp-content\/uploads\/2011\/05\/Podio-Fort-William-XC-2023-MTB.jpg.webp 800w\" sizes=\"auto, (max-width: 300px) 100vw, 300px\" type=\"image\/webp\"><img src=\"https:\/\/www.365mountainbike.it\/fantamtb\/wp-content\/uploads\/2011\/05\/Podio-Fort-William-XC-2023-MTB-300x201.jpg\" height=\"201\" width=\"300\" srcset=\"https:\/\/www.365mountainbike.it\/fantamtb\/wp-content\/uploads\/2011\/05\/Podio-Fort-William-XC-2023-MTB-300x201.jpg 300w, https:\/\/www.365mountainbike.it\/fantamtb\/wp-content\/uploads\/2011\/05\/Podio-Fort-William-XC-2023-MTB-768x514.jpg 768w, https:\/\/www.365mountainbike.it\/fantamtb\/wp-content\/uploads\/2011\/05\/Podio-Fort-William-XC-2023-MTB.jpg 800w\" sizes=\"auto, (max-width: 300px) 100vw, 300px\" class=\"wp-image-23633 sp-no-webp\" alt=\"Podio Fort William XC 2023 MTB\" loading=\"lazy\" decoding=\"async\" data-id=\"23633\" style=\"aspect-ratio:1\"  > <\/picture><\/a><figcaption class=\"wp-element-caption\">\u00a9Fat Tire Fotos &#8211; Podio Fort William XC 2023 MTB<\/figcaption><\/figure>\n\n\n\n<figure class=\"wp-block-image size-medium\"><a href=\"https:\/\/www.365mountainbike.it\/fantamtb\/wp-content\/uploads\/2011\/05\/Lado-Fumic-Bart-Brentjens.jpg\"><img loading=\"lazy\" decoding=\"async\" width=\"201\" height=\"300\" data-id=\"25903\" src=\"https:\/\/www.365mountainbike.it\/fantamtb\/wp-content\/uploads\/2011\/05\/Lado-Fumic-Bart-Brentjens-201x300.jpg\" alt=\"Lado Fumic, Bart Brentjens\" class=\"wp-image-25903\" style=\"aspect-ratio:1\" srcset=\"https:\/\/www.365mountainbike.it\/fantamtb\/wp-content\/uploads\/2011\/05\/Lado-Fumic-Bart-Brentjens-201x300.jpg 201w, https:\/\/www.365mountainbike.it\/fantamtb\/wp-content\/uploads\/2011\/05\/Lado-Fumic-Bart-Brentjens.jpg 411w\" sizes=\"auto, (max-width: 201px) 100vw, 201px\" \/><\/a><figcaption class=\"wp-element-caption\">Lado Fumic, Bart Brentjens<\/figcaption><\/figure>\n<\/figure>\n\n\n\n<h2 class=\"wp-block-heading has-text-align-center has-white-color has-pale-cyan-blue-background-color has-text-color has-background\" id=\"h-compra-foto-www-fattirefotos-com\">COMPRA FOTO -&gt; <a href=\"https:\/\/www.fattirefotos.com\" target=\"_blank\" rel=\"noreferrer noopener\">www.fattirefotos.com<\/a><\/h2>\n","protected":false,"gt_translate_keys":[{"key":"rendered","format":"html"}]},"excerpt":{"rendered":"<p>La Coppa del mondo di mountain bike 2003 organizzata dall&#8217;Unione Ciclistica Internazionale (UCI) si disputa su tre discipline: cross country, downhill e four-cross, con cinque tappe per ogni disciplina, dopo la defezione della localit\u00e0 statunitense di Telluride, che doveva ospitare la quarta tappa della coppa di tutte e tre le discipline il 5 e 6 [&hellip;]<\/p>\n","protected":false,"gt_translate_keys":[{"key":"rendered","format":"html"}]},"author":1,"featured_media":5699,"comment_status":"closed","ping_status":"open","sticky":false,"template":"","format":"standard","meta":{"footnotes":""},"categories":[1257],"tags":[87,40,311,105,54,385,64,13,28,15,190,107,34,192,48,386,387,96],"class_list":["post-2499","post","type-post","status-publish","format-standard","has-post-thumbnail","hentry","category-cross-country-xco","tag-alison-sydor","tag-christoph-sauser","tag-coppa-del-mondo","tag-filip-meirhaeghe","tag-fort-william","tag-grouse-mountain","tag-gunn-rita-dahle","tag-irina-kalentieva","tag-jose-antonio-hermida","tag-julien-absalon","tag-kaprun","tag-lado-fumic","tag-mont-sainte-anne","tag-roland-green","tag-sabine-spitz","tag-saint-wendel","tag-telluride","tag-thomas-frischknecht"],"yoast_head":"<!-- This site is optimized with the Yoast SEO plugin v27.5 - https:\/\/yoast.com\/product\/yoast-seo-wordpress\/ -->\n<title>Classifiche UCI Mountain Bike Coppa del Mondo 2003 XC | FANTAmtb<\/title>\n<meta name=\"robots\" content=\"index, follow, max-snippet:-1, max-image-preview:large, max-video-preview:-1\" \/>\n<link rel=\"canonical\" href=\"https:\/\/www.365mountainbike.it\/fantamtb\/storia-mtb\/cross-country-xco\/uci-mountain-bike-coppa-del-mondo-2003-xc\/\" \/>\n<meta property=\"og:locale\" content=\"it_IT\" \/>\n<meta property=\"og:type\" content=\"article\" \/>\n<meta property=\"og:title\" content=\"Classifiche UCI Mountain Bike Coppa del Mondo 2003 XC | FANTAmtb\" \/>\n<meta property=\"og:description\" content=\"La Coppa del mondo di mountain bike 2003 organizzata dall&#8217;Unione Ciclistica Internazionale (UCI) si disputa su tre discipline: cross country, downhill e four-cross, con cinque tappe per ogni disciplina, dopo la defezione della localit\u00e0 statunitense di Telluride, che doveva ospitare la quarta tappa della coppa di tutte e tre le discipline il 5 e 6 [&hellip;]\" \/>\n<meta property=\"og:url\" content=\"https:\/\/www.365mountainbike.it\/fantamtb\/storia-mtb\/cross-country-xco\/uci-mountain-bike-coppa-del-mondo-2003-xc\/\" \/>\n<meta property=\"og:site_name\" content=\"FANTAmtb\" \/>\n<meta property=\"article:published_time\" content=\"2011-05-18T19:09:48+00:00\" \/>\n<meta property=\"article:modified_time\" content=\"2026-02-07T09:29:39+00:00\" \/>\n<meta property=\"og:image\" content=\"https:\/\/www.365mountainbike.it\/fantamtb\/wp-content\/uploads\/2011\/05\/LADO-FUMIC-WORLD-CUP-FORT-WILLIAM-2003.jpg\" \/>\n\t<meta property=\"og:image:width\" content=\"800\" \/>\n\t<meta property=\"og:image:height\" content=\"535\" \/>\n\t<meta property=\"og:image:type\" content=\"image\/jpeg\" \/>\n<meta name=\"author\" content=\"FANTAmtb\" \/>\n<meta name=\"twitter:card\" content=\"summary_large_image\" \/>\n<meta name=\"twitter:label1\" content=\"Scritto da\" \/>\n\t<meta name=\"twitter:data1\" content=\"FANTAmtb\" \/>\n\t<meta name=\"twitter:label2\" content=\"Tempo di lettura stimato\" \/>\n\t<meta name=\"twitter:data2\" content=\"19 minuti\" \/>\n<script type=\"application\/ld+json\" class=\"yoast-schema-graph\">{\"@context\":\"https:\\\/\\\/schema.org\",\"@graph\":[{\"@type\":\"Article\",\"@id\":\"https:\\\/\\\/www.365mountainbike.it\\\/fantamtb\\\/storia-mtb\\\/cross-country-xco\\\/uci-mountain-bike-coppa-del-mondo-2003-xc\\\/#article\",\"isPartOf\":{\"@id\":\"https:\\\/\\\/www.365mountainbike.it\\\/fantamtb\\\/storia-mtb\\\/cross-country-xco\\\/uci-mountain-bike-coppa-del-mondo-2003-xc\\\/\"},\"author\":{\"name\":\"FANTAmtb\",\"@id\":\"https:\\\/\\\/www.365mountainbike.it\\\/fantamtb\\\/#\\\/schema\\\/person\\\/7b4a30b446207c8d00024d9717c3b63b\"},\"headline\":\"UCI Mountain Bike Coppa del Mondo 2003 XC\",\"datePublished\":\"2011-05-18T19:09:48+00:00\",\"dateModified\":\"2026-02-07T09:29:39+00:00\",\"mainEntityOfPage\":{\"@id\":\"https:\\\/\\\/www.365mountainbike.it\\\/fantamtb\\\/storia-mtb\\\/cross-country-xco\\\/uci-mountain-bike-coppa-del-mondo-2003-xc\\\/\"},\"wordCount\":343,\"image\":{\"@id\":\"https:\\\/\\\/www.365mountainbike.it\\\/fantamtb\\\/storia-mtb\\\/cross-country-xco\\\/uci-mountain-bike-coppa-del-mondo-2003-xc\\\/#primaryimage\"},\"thumbnailUrl\":\"https:\\\/\\\/www.365mountainbike.it\\\/fantamtb\\\/wp-content\\\/uploads\\\/2011\\\/05\\\/LADO-FUMIC-WORLD-CUP-FORT-WILLIAM-2003.jpg\",\"keywords\":[\"Alison Sydor\",\"Christoph Sauser\",\"Coppa Del Mondo\",\"Filip Meirhaeghe\",\"Fort William\",\"Grouse Mountain\",\"Gunn Rita Dahle\",\"Irina Kalentieva\",\"Jose Antonio Hermida\",\"Julien Absalon\",\"Kaprun\",\"Lado Fumic\",\"Mont Sainte Anne\",\"Roland Green\",\"Sabine Spitz\",\"Saint Wendel\",\"Telluride\",\"Thomas Frischknecht\"],\"articleSection\":[\"Cross Country XCO\"],\"inLanguage\":\"it-IT\"},{\"@type\":\"WebPage\",\"@id\":\"https:\\\/\\\/www.365mountainbike.it\\\/fantamtb\\\/storia-mtb\\\/cross-country-xco\\\/uci-mountain-bike-coppa-del-mondo-2003-xc\\\/\",\"url\":\"https:\\\/\\\/www.365mountainbike.it\\\/fantamtb\\\/storia-mtb\\\/cross-country-xco\\\/uci-mountain-bike-coppa-del-mondo-2003-xc\\\/\",\"name\":\"Classifiche UCI Mountain Bike Coppa del Mondo 2003 XC | FANTAmtb\",\"isPartOf\":{\"@id\":\"https:\\\/\\\/www.365mountainbike.it\\\/fantamtb\\\/#website\"},\"primaryImageOfPage\":{\"@id\":\"https:\\\/\\\/www.365mountainbike.it\\\/fantamtb\\\/storia-mtb\\\/cross-country-xco\\\/uci-mountain-bike-coppa-del-mondo-2003-xc\\\/#primaryimage\"},\"image\":{\"@id\":\"https:\\\/\\\/www.365mountainbike.it\\\/fantamtb\\\/storia-mtb\\\/cross-country-xco\\\/uci-mountain-bike-coppa-del-mondo-2003-xc\\\/#primaryimage\"},\"thumbnailUrl\":\"https:\\\/\\\/www.365mountainbike.it\\\/fantamtb\\\/wp-content\\\/uploads\\\/2011\\\/05\\\/LADO-FUMIC-WORLD-CUP-FORT-WILLIAM-2003.jpg\",\"datePublished\":\"2011-05-18T19:09:48+00:00\",\"dateModified\":\"2026-02-07T09:29:39+00:00\",\"author\":{\"@id\":\"https:\\\/\\\/www.365mountainbike.it\\\/fantamtb\\\/#\\\/schema\\\/person\\\/7b4a30b446207c8d00024d9717c3b63b\"},\"breadcrumb\":{\"@id\":\"https:\\\/\\\/www.365mountainbike.it\\\/fantamtb\\\/storia-mtb\\\/cross-country-xco\\\/uci-mountain-bike-coppa-del-mondo-2003-xc\\\/#breadcrumb\"},\"inLanguage\":\"it-IT\",\"potentialAction\":[{\"@type\":\"ReadAction\",\"target\":[\"https:\\\/\\\/www.365mountainbike.it\\\/fantamtb\\\/storia-mtb\\\/cross-country-xco\\\/uci-mountain-bike-coppa-del-mondo-2003-xc\\\/\"]}]},{\"@type\":\"ImageObject\",\"inLanguage\":\"it-IT\",\"@id\":\"https:\\\/\\\/www.365mountainbike.it\\\/fantamtb\\\/storia-mtb\\\/cross-country-xco\\\/uci-mountain-bike-coppa-del-mondo-2003-xc\\\/#primaryimage\",\"url\":\"https:\\\/\\\/www.365mountainbike.it\\\/fantamtb\\\/wp-content\\\/uploads\\\/2011\\\/05\\\/LADO-FUMIC-WORLD-CUP-FORT-WILLIAM-2003.jpg\",\"contentUrl\":\"https:\\\/\\\/www.365mountainbike.it\\\/fantamtb\\\/wp-content\\\/uploads\\\/2011\\\/05\\\/LADO-FUMIC-WORLD-CUP-FORT-WILLIAM-2003.jpg\",\"width\":800,\"height\":535,\"caption\":\"\u00a9Fat Tire Fotos - LADO FUMIC WORLD CUP FORT-WILLIAM 2003\"},{\"@type\":\"BreadcrumbList\",\"@id\":\"https:\\\/\\\/www.365mountainbike.it\\\/fantamtb\\\/storia-mtb\\\/cross-country-xco\\\/uci-mountain-bike-coppa-del-mondo-2003-xc\\\/#breadcrumb\",\"itemListElement\":[{\"@type\":\"ListItem\",\"position\":1,\"name\":\"Home\",\"item\":\"https:\\\/\\\/www.365mountainbike.it\\\/fantamtb\\\/\"},{\"@type\":\"ListItem\",\"position\":2,\"name\":\"Storia MTB\",\"item\":\"https:\\\/\\\/www.365mountainbike.it\\\/fantamtb\\\/storia-mtb\\\/\"},{\"@type\":\"ListItem\",\"position\":3,\"name\":\"XCO Cross Country\",\"item\":\"https:\\\/\\\/www.365mountainbike.it\\\/fantamtb\\\/storia-mtb\\\/cross-country-xco\\\/\"},{\"@type\":\"ListItem\",\"position\":4,\"name\":\"UCI Mountain Bike Coppa del Mondo 2003 XC\"}]},{\"@type\":\"WebSite\",\"@id\":\"https:\\\/\\\/www.365mountainbike.it\\\/fantamtb\\\/#website\",\"url\":\"https:\\\/\\\/www.365mountainbike.it\\\/fantamtb\\\/\",\"name\":\"FANTAmtb\",\"description\":\"Il FANTAciclismo della Mountain Bike (FANTAcycling)\",\"potentialAction\":[{\"@type\":\"SearchAction\",\"target\":{\"@type\":\"EntryPoint\",\"urlTemplate\":\"https:\\\/\\\/www.365mountainbike.it\\\/fantamtb\\\/?s={search_term_string}\"},\"query-input\":{\"@type\":\"PropertyValueSpecification\",\"valueRequired\":true,\"valueName\":\"search_term_string\"}}],\"inLanguage\":\"it-IT\"},{\"@type\":\"Person\",\"@id\":\"https:\\\/\\\/www.365mountainbike.it\\\/fantamtb\\\/#\\\/schema\\\/person\\\/7b4a30b446207c8d00024d9717c3b63b\",\"name\":\"FANTAmtb\",\"image\":{\"@type\":\"ImageObject\",\"inLanguage\":\"it-IT\",\"@id\":\"\\\/\\\/www.365mountainbike.it\\\/fantamtb\\\/wp-content\\\/uploads\\\/wpforo\\\/avatars\\\/davide_1.png\",\"url\":\"\\\/\\\/www.365mountainbike.it\\\/fantamtb\\\/wp-content\\\/uploads\\\/wpforo\\\/avatars\\\/davide_1.png\",\"contentUrl\":\"\\\/\\\/www.365mountainbike.it\\\/fantamtb\\\/wp-content\\\/uploads\\\/wpforo\\\/avatars\\\/davide_1.png\",\"caption\":\"FANTAmtb\"},\"sameAs\":[\"https:\\\/\\\/www.365mountainbike.it\\\/fantamtb\"],\"url\":\"https:\\\/\\\/www.365mountainbike.it\\\/fantamtb\\\/author\\\/davide\\\/\"}]}<\/script>\n<!-- \/ Yoast SEO plugin. -->","yoast_head_json":{"title":"Classifiche UCI Mountain Bike Coppa del Mondo 2003 XC | FANTAmtb","robots":{"index":"index","follow":"follow","max-snippet":"max-snippet:-1","max-image-preview":"max-image-preview:large","max-video-preview":"max-video-preview:-1"},"canonical":"https:\/\/www.365mountainbike.it\/fantamtb\/storia-mtb\/cross-country-xco\/uci-mountain-bike-coppa-del-mondo-2003-xc\/","og_locale":"it_IT","og_type":"article","og_title":"Classifiche UCI Mountain Bike Coppa del Mondo 2003 XC | FANTAmtb","og_description":"La Coppa del mondo di mountain bike 2003 organizzata dall&#8217;Unione Ciclistica Internazionale (UCI) si disputa su tre discipline: cross country, downhill e four-cross, con cinque tappe per ogni disciplina, dopo la defezione della localit\u00e0 statunitense di Telluride, che doveva ospitare la quarta tappa della coppa di tutte e tre le discipline il 5 e 6 [&hellip;]","og_url":"https:\/\/www.365mountainbike.it\/fantamtb\/storia-mtb\/cross-country-xco\/uci-mountain-bike-coppa-del-mondo-2003-xc\/","og_site_name":"FANTAmtb","article_published_time":"2011-05-18T19:09:48+00:00","article_modified_time":"2026-02-07T09:29:39+00:00","og_image":[{"width":800,"height":535,"url":"https:\/\/www.365mountainbike.it\/fantamtb\/wp-content\/uploads\/2011\/05\/LADO-FUMIC-WORLD-CUP-FORT-WILLIAM-2003.jpg","type":"image\/jpeg"}],"author":"FANTAmtb","twitter_card":"summary_large_image","twitter_misc":{"Scritto da":"FANTAmtb","Tempo di lettura stimato":"19 minuti"},"schema":{"@context":"https:\/\/schema.org","@graph":[{"@type":"Article","@id":"https:\/\/www.365mountainbike.it\/fantamtb\/storia-mtb\/cross-country-xco\/uci-mountain-bike-coppa-del-mondo-2003-xc\/#article","isPartOf":{"@id":"https:\/\/www.365mountainbike.it\/fantamtb\/storia-mtb\/cross-country-xco\/uci-mountain-bike-coppa-del-mondo-2003-xc\/"},"author":{"name":"FANTAmtb","@id":"https:\/\/www.365mountainbike.it\/fantamtb\/#\/schema\/person\/7b4a30b446207c8d00024d9717c3b63b"},"headline":"UCI Mountain Bike Coppa del Mondo 2003 XC","datePublished":"2011-05-18T19:09:48+00:00","dateModified":"2026-02-07T09:29:39+00:00","mainEntityOfPage":{"@id":"https:\/\/www.365mountainbike.it\/fantamtb\/storia-mtb\/cross-country-xco\/uci-mountain-bike-coppa-del-mondo-2003-xc\/"},"wordCount":343,"image":{"@id":"https:\/\/www.365mountainbike.it\/fantamtb\/storia-mtb\/cross-country-xco\/uci-mountain-bike-coppa-del-mondo-2003-xc\/#primaryimage"},"thumbnailUrl":"https:\/\/www.365mountainbike.it\/fantamtb\/wp-content\/uploads\/2011\/05\/LADO-FUMIC-WORLD-CUP-FORT-WILLIAM-2003.jpg","keywords":["Alison Sydor","Christoph Sauser","Coppa Del Mondo","Filip Meirhaeghe","Fort William","Grouse Mountain","Gunn Rita Dahle","Irina Kalentieva","Jose Antonio Hermida","Julien Absalon","Kaprun","Lado Fumic","Mont Sainte Anne","Roland Green","Sabine Spitz","Saint Wendel","Telluride","Thomas Frischknecht"],"articleSection":["Cross Country XCO"],"inLanguage":"it-IT"},{"@type":"WebPage","@id":"https:\/\/www.365mountainbike.it\/fantamtb\/storia-mtb\/cross-country-xco\/uci-mountain-bike-coppa-del-mondo-2003-xc\/","url":"https:\/\/www.365mountainbike.it\/fantamtb\/storia-mtb\/cross-country-xco\/uci-mountain-bike-coppa-del-mondo-2003-xc\/","name":"Classifiche UCI Mountain Bike Coppa del Mondo 2003 XC | FANTAmtb","isPartOf":{"@id":"https:\/\/www.365mountainbike.it\/fantamtb\/#website"},"primaryImageOfPage":{"@id":"https:\/\/www.365mountainbike.it\/fantamtb\/storia-mtb\/cross-country-xco\/uci-mountain-bike-coppa-del-mondo-2003-xc\/#primaryimage"},"image":{"@id":"https:\/\/www.365mountainbike.it\/fantamtb\/storia-mtb\/cross-country-xco\/uci-mountain-bike-coppa-del-mondo-2003-xc\/#primaryimage"},"thumbnailUrl":"https:\/\/www.365mountainbike.it\/fantamtb\/wp-content\/uploads\/2011\/05\/LADO-FUMIC-WORLD-CUP-FORT-WILLIAM-2003.jpg","datePublished":"2011-05-18T19:09:48+00:00","dateModified":"2026-02-07T09:29:39+00:00","author":{"@id":"https:\/\/www.365mountainbike.it\/fantamtb\/#\/schema\/person\/7b4a30b446207c8d00024d9717c3b63b"},"breadcrumb":{"@id":"https:\/\/www.365mountainbike.it\/fantamtb\/storia-mtb\/cross-country-xco\/uci-mountain-bike-coppa-del-mondo-2003-xc\/#breadcrumb"},"inLanguage":"it-IT","potentialAction":[{"@type":"ReadAction","target":["https:\/\/www.365mountainbike.it\/fantamtb\/storia-mtb\/cross-country-xco\/uci-mountain-bike-coppa-del-mondo-2003-xc\/"]}]},{"@type":"ImageObject","inLanguage":"it-IT","@id":"https:\/\/www.365mountainbike.it\/fantamtb\/storia-mtb\/cross-country-xco\/uci-mountain-bike-coppa-del-mondo-2003-xc\/#primaryimage","url":"https:\/\/www.365mountainbike.it\/fantamtb\/wp-content\/uploads\/2011\/05\/LADO-FUMIC-WORLD-CUP-FORT-WILLIAM-2003.jpg","contentUrl":"https:\/\/www.365mountainbike.it\/fantamtb\/wp-content\/uploads\/2011\/05\/LADO-FUMIC-WORLD-CUP-FORT-WILLIAM-2003.jpg","width":800,"height":535,"caption":"\u00a9Fat Tire Fotos - LADO FUMIC WORLD CUP FORT-WILLIAM 2003"},{"@type":"BreadcrumbList","@id":"https:\/\/www.365mountainbike.it\/fantamtb\/storia-mtb\/cross-country-xco\/uci-mountain-bike-coppa-del-mondo-2003-xc\/#breadcrumb","itemListElement":[{"@type":"ListItem","position":1,"name":"Home","item":"https:\/\/www.365mountainbike.it\/fantamtb\/"},{"@type":"ListItem","position":2,"name":"Storia MTB","item":"https:\/\/www.365mountainbike.it\/fantamtb\/storia-mtb\/"},{"@type":"ListItem","position":3,"name":"XCO Cross Country","item":"https:\/\/www.365mountainbike.it\/fantamtb\/storia-mtb\/cross-country-xco\/"},{"@type":"ListItem","position":4,"name":"UCI Mountain Bike Coppa del Mondo 2003 XC"}]},{"@type":"WebSite","@id":"https:\/\/www.365mountainbike.it\/fantamtb\/#website","url":"https:\/\/www.365mountainbike.it\/fantamtb\/","name":"FANTAmtb","description":"Il FANTAciclismo della Mountain Bike (FANTAcycling)","potentialAction":[{"@type":"SearchAction","target":{"@type":"EntryPoint","urlTemplate":"https:\/\/www.365mountainbike.it\/fantamtb\/?s={search_term_string}"},"query-input":{"@type":"PropertyValueSpecification","valueRequired":true,"valueName":"search_term_string"}}],"inLanguage":"it-IT"},{"@type":"Person","@id":"https:\/\/www.365mountainbike.it\/fantamtb\/#\/schema\/person\/7b4a30b446207c8d00024d9717c3b63b","name":"FANTAmtb","image":{"@type":"ImageObject","inLanguage":"it-IT","@id":"\/\/www.365mountainbike.it\/fantamtb\/wp-content\/uploads\/wpforo\/avatars\/davide_1.png","url":"\/\/www.365mountainbike.it\/fantamtb\/wp-content\/uploads\/wpforo\/avatars\/davide_1.png","contentUrl":"\/\/www.365mountainbike.it\/fantamtb\/wp-content\/uploads\/wpforo\/avatars\/davide_1.png","caption":"FANTAmtb"},"sameAs":["https:\/\/www.365mountainbike.it\/fantamtb"],"url":"https:\/\/www.365mountainbike.it\/fantamtb\/author\/davide\/"}]}},"gt_translate_keys":[{"key":"link","format":"url"}],"_links":{"self":[{"href":"https:\/\/www.365mountainbike.it\/fantamtb\/wp-json\/wp\/v2\/posts\/2499","targetHints":{"allow":["GET"]}}],"collection":[{"href":"https:\/\/www.365mountainbike.it\/fantamtb\/wp-json\/wp\/v2\/posts"}],"about":[{"href":"https:\/\/www.365mountainbike.it\/fantamtb\/wp-json\/wp\/v2\/types\/post"}],"author":[{"embeddable":true,"href":"https:\/\/www.365mountainbike.it\/fantamtb\/wp-json\/wp\/v2\/users\/1"}],"replies":[{"embeddable":true,"href":"https:\/\/www.365mountainbike.it\/fantamtb\/wp-json\/wp\/v2\/comments?post=2499"}],"version-history":[{"count":3,"href":"https:\/\/www.365mountainbike.it\/fantamtb\/wp-json\/wp\/v2\/posts\/2499\/revisions"}],"predecessor-version":[{"id":25906,"href":"https:\/\/www.365mountainbike.it\/fantamtb\/wp-json\/wp\/v2\/posts\/2499\/revisions\/25906"}],"wp:featuredmedia":[{"embeddable":true,"href":"https:\/\/www.365mountainbike.it\/fantamtb\/wp-json\/wp\/v2\/media\/5699"}],"wp:attachment":[{"href":"https:\/\/www.365mountainbike.it\/fantamtb\/wp-json\/wp\/v2\/media?parent=2499"}],"wp:term":[{"taxonomy":"category","embeddable":true,"href":"https:\/\/www.365mountainbike.it\/fantamtb\/wp-json\/wp\/v2\/categories?post=2499"},{"taxonomy":"post_tag","embeddable":true,"href":"https:\/\/www.365mountainbike.it\/fantamtb\/wp-json\/wp\/v2\/tags?post=2499"}],"curies":[{"name":"wp","href":"https:\/\/api.w.org\/{rel}","templated":true}]}}