{"id":24777,"date":"2025-06-29T10:33:26","date_gmt":"2025-06-29T10:33:26","guid":{"rendered":"https:\/\/www.365mountainbike.it\/fantamtb\/?p=24777"},"modified":"2026-01-19T15:42:34","modified_gmt":"2026-01-19T15:42:34","slug":"uci-enduro-world-cup-2025","status":"publish","type":"post","link":"https:\/\/www.365mountainbike.it\/fantamtb\/storia-mtb\/enduro-mtb\/uci-enduro-world-cup-2025\/","title":{"rendered":"EDR | Enduro World Series 2025","gt_translate_keys":[{"key":"rendered","format":"text"}]},"content":{"rendered":"\n<p>La <strong>Coppa del Mondo UCI Enduro (EDR World Cup) 2025<\/strong> vede un dominio ben definito tra gli \u00e9lite. Tra gli uomini, <strong>S\u0142awomir \u0141ukasik<\/strong> \u00e8 in testa con <strong>2312 punti<\/strong>, seguito da <strong>Jesse Melamed<\/strong> con <strong>1880 p.<\/strong> e <strong>Charles Murray<\/strong> con <strong>1830pt.<\/strong> Questa graduatoria riflette una stagione consistente da parte di \u0141ukasik, capace di ritrovarsi per sette round, spesso piazzandosi al vertice.<\/p>\n\n\n\n<p>Nel femminile, spicca in modo netto <strong>Ella Conolly<\/strong>, salda al comando con ben <strong>2250 punti<\/strong>. Le insidie arrivano da <strong>Simona Kuchy\u0148kov\u00e1<\/strong>, a quota <strong>2030 p.<\/strong>, e da <strong>Nadine Ellecosta<\/strong> con <strong>1820 p.<\/strong> La supremazia di Conolly \u00e8 frutto di prestazioni quasi perfette: molte vittorie e buoni piazzamenti che l\u2019hanno portata a una leadership stabile.<\/p>\n\n\n\n<p>Nel settore junior maschile, <strong>Melvin Almueis<\/strong> guida con <strong>875 punti<\/strong>, con un margine confortevole su <strong>Cooper Millwood<\/strong> (595 p.) e <strong>\u00c1ron Bab\u00f3<\/strong> (400 p.). Anche tra le juniores, <strong>Lacey Adams<\/strong> domina con <strong>900 punti<\/strong>, precedendo <strong>Chloe Bear<\/strong> (700 p.) e <strong>Lucile Metge<\/strong> (650pt). Adams dimostra cos\u00ec una forma solida e costante, dimostrandosi l\u2019atleta di riferimento nella categoria.<\/p>\n\n\n\n<p><\/p>\n\n\n\n<figure class=\"wp-block-table is-style-stripes\"><table class=\"has-black-color has-text-color\"><tbody><tr><td><img loading=\"lazy\" decoding=\"async\" width=\"20\" height=\"15\" border=\"0\" src=\"\/fantamtb\/wp-content\/images\/ita.png\" alt=\"ITA\"> Pietra Ligure<br><a href=\"https:\/\/www.365mountainbike.it\/mondo-gare\/daniel-booker-e-harriet-harnden-aprono-la-coppa-del-mondo-enduro\/\">REPORT GARA<\/a><\/td><td><img decoding=\"async\" border=\"0\" style=\"border: 0pt none;\" src=\"\/fantamtb\/wp-content\/images\/1.png\" alt=\"prima posizione\">&nbsp;<img loading=\"lazy\" decoding=\"async\" width=\"20\" height=\"14\" src=\"https:\/\/www.365mountainbike.it\/fantamtb\/wp-content\/images\/aus.png\" alt=\"AUS\"> Daniel BOOKER<br><img decoding=\"async\" border=\"0\" style=\"border: 0pt none;\" src=\"\/fantamtb\/wp-content\/images\/2.png\" alt=\"seconda posizione\">&nbsp;<img loading=\"lazy\" decoding=\"async\" width=\"20\" height=\"14\" src=\"https:\/\/www.365mountainbike.it\/fantamtb\/wp-content\/images\/pol.png\" alt=\"POL\"> Slawomir LUKASIK<br><img decoding=\"async\" border=\"0\" style=\"border: 0pt none;\" src=\"\/fantamtb\/wp-content\/images\/3.png\" alt=\"terza posizione\">&nbsp;<img loading=\"lazy\" decoding=\"async\" width=\"19\" height=\"13\" class=\"\" src=\"https:\/\/www.365mountainbike.it\/fantamtb\/wp-content\/images\/fra.png\" alt=\"FRA\"> <a href=\"https:\/\/www.365mountainbike.it\/fantamtb\/atleti\/alex-rudeau\/\">Alex RUDEAU<\/a><\/td><td><img decoding=\"async\" border=\"0\" style=\"border: 0pt none;\" src=\"\/fantamtb\/wp-content\/images\/1.png\" alt=\"prima posizione\">&nbsp;<img loading=\"lazy\" decoding=\"async\" width=\"20\" height=\"16\" src=\"https:\/\/www.365mountainbike.it\/fantamtb\/wp-content\/images\/gbr.png\" alt=\"GBR\"> <a href=\"https:\/\/www.365mountainbike.it\/fantamtb\/storia-mtb\/atleti\/harriet-harnden\/\">Harriet HARNDEN<\/a><br><img decoding=\"async\" border=\"0\" style=\"border: 0pt none;\" src=\"\/fantamtb\/wp-content\/images\/2.png\" alt=\"seconda posizione\">&nbsp;<img loading=\"lazy\" decoding=\"async\" width=\"20\" height=\"16\" src=\"https:\/\/www.365mountainbike.it\/fantamtb\/wp-content\/images\/gbr.png\" alt=\"GBR\"> <a href=\"https:\/\/www.365mountainbike.it\/fantamtb\/atleti\/ella-conolly\/\">Ella CONOLLY<\/a><br><img decoding=\"async\" border=\"0\" style=\"border: 0pt none;\" src=\"\/fantamtb\/wp-content\/images\/3.png\" alt=\"terza posizione\"> <img loading=\"lazy\" decoding=\"async\" width=\"19\" height=\"13\" class=\"\" src=\"https:\/\/www.365mountainbike.it\/fantamtb\/wp-content\/images\/fra.png\" alt=\"FRA\"> <a href=\"https:\/\/www.365mountainbike.it\/fantamtb\/atleti\/morgane-charre\/\">Morgane CHARRE<\/a><\/td><\/tr><tr><td><\/td><td><\/td><td><\/td><\/tr><tr><td><img loading=\"lazy\" decoding=\"async\" width=\"20\" height=\"14\" src=\"https:\/\/www.365mountainbike.it\/fantamtb\/wp-content\/images\/pol.png\" alt=\"POL\"> Bielsko-Biala<br><a href=\"https:\/\/www.365mountainbike.it\/mondo-gare\/lukasik-profeta-in-patria-nella-coppa-del-mondo-di-bielsko-biala\/\">REPORT GARA<\/a><\/td><td><img decoding=\"async\" border=\"0\" style=\"border: 0pt none;\" src=\"\/fantamtb\/wp-content\/images\/1.png\" alt=\"prima posizione\"> <img loading=\"lazy\" decoding=\"async\" width=\"20\" height=\"14\" src=\"https:\/\/www.365mountainbike.it\/fantamtb\/wp-content\/images\/pol.png\" alt=\"POL\"> Slawomir LUKASIK<br><img decoding=\"async\" border=\"0\" style=\"border: 0pt none;\" src=\"\/fantamtb\/wp-content\/images\/2.png\" alt=\"seconda posizione\"> <img loading=\"lazy\" decoding=\"async\" width=\"20\" height=\"14\" src=\"https:\/\/www.365mountainbike.it\/fantamtb\/wp-content\/images\/aus.png\" alt=\"AUS\"> <a href=\"https:\/\/www.365mountainbike.it\/fantamtb\/atleti\/jack-moir\/\">Jack MOIR<\/a><br><img decoding=\"async\" border=\"0\" style=\"border: 0pt none;\" src=\"\/fantamtb\/wp-content\/images\/3.png\" alt=\"terza posizione\"> <img loading=\"lazy\" decoding=\"async\" width=\"20\" height=\"14\" src=\"https:\/\/www.365mountainbike.it\/fantamtb\/wp-content\/images\/irl.png\" alt=\"IRL\"> <a href=\"https:\/\/www.365mountainbike.it\/fantamtb\/atleti\/greg-callaghan\/\">Gregory CALLAGHAN<\/a><\/td><td><img decoding=\"async\" border=\"0\" style=\"border: 0pt none;\" src=\"\/fantamtb\/wp-content\/images\/1.png\" alt=\"prima posizione\"> <img loading=\"lazy\" decoding=\"async\" width=\"19\" height=\"13\" class=\"\" src=\"https:\/\/www.365mountainbike.it\/fantamtb\/wp-content\/images\/can.png\" alt=\"CAN\"> Elly HOSKIN<br><img decoding=\"async\" border=\"0\" style=\"border: 0pt none;\" src=\"\/fantamtb\/wp-content\/images\/2.png\" alt=\"seconda posizione\"> <img loading=\"lazy\" decoding=\"async\" width=\"20\" height=\"16\" src=\"https:\/\/www.365mountainbike.it\/fantamtb\/wp-content\/images\/gbr.png\" alt=\"GBR\"> <a href=\"https:\/\/www.365mountainbike.it\/fantamtb\/atleti\/ella-conolly\/\">Ella CONOLLY<\/a><br><img decoding=\"async\" border=\"0\" style=\"border: 0pt none;\" src=\"\/fantamtb\/wp-content\/images\/3.png\" alt=\"terza posizione\"> <img loading=\"lazy\" decoding=\"async\" width=\"19\" height=\"13\" class=\"\" src=\"https:\/\/www.365mountainbike.it\/fantamtb\/wp-content\/images\/fra.png\" alt=\"FRA\"> <a href=\"https:\/\/www.365mountainbike.it\/fantamtb\/atleti\/morgane-charre\/\">Morgane CHARRE<\/a><\/td><\/tr><tr><td>&nbsp;<\/td><td>&nbsp;<\/td><td>&nbsp;<\/td><\/tr><tr><td><img loading=\"lazy\" decoding=\"async\" width=\"19\" height=\"13\" class=\"\" src=\"https:\/\/www.365mountainbike.it\/fantamtb\/wp-content\/images\/fra.png\" alt=\"FRA\"> Loudenvielle<br><a href=\"https:\/\/www.365mountainbike.it\/mondo-gare\/uci-enduro-world-cup-booker-e-conolly-prevalgono-a-loudenvielle\/\">REPORT GARA<\/a><\/td><td><img decoding=\"async\" border=\"0\" style=\"border: 0pt none;\" src=\"\/fantamtb\/wp-content\/images\/1.png\" alt=\"prima posizione\"> <img loading=\"lazy\" decoding=\"async\" width=\"20\" height=\"14\" src=\"https:\/\/www.365mountainbike.it\/fantamtb\/wp-content\/images\/aus.png\" alt=\"AUS\"> Daniel BOOKER<br><img decoding=\"async\" border=\"0\" style=\"border: 0pt none;\" src=\"\/fantamtb\/wp-content\/images\/2.png\" alt=\"seconda posizione\"> <img loading=\"lazy\" decoding=\"async\" width=\"19\" height=\"13\" class=\"\" src=\"https:\/\/www.365mountainbike.it\/fantamtb\/wp-content\/images\/fra.png\" alt=\"FRA\"> <a href=\"https:\/\/www.365mountainbike.it\/fantamtb\/atleti\/alex-rudeau\/\">Alex RUDEAU<\/a><br><img decoding=\"async\" border=\"0\" style=\"border: 0pt none;\" src=\"\/fantamtb\/wp-content\/images\/3.png\" alt=\"terza posizione\"> <img loading=\"lazy\" decoding=\"async\" width=\"20\" height=\"14\" src=\"https:\/\/www.365mountainbike.it\/fantamtb\/wp-content\/images\/pol.png\" alt=\"POL\"> Slawomir LUKASIK<\/td><td><img decoding=\"async\" border=\"0\" style=\"border: 0pt none;\" src=\"\/fantamtb\/wp-content\/images\/1.png\" alt=\"prima posizione\"> <img loading=\"lazy\" decoding=\"async\" width=\"20\" height=\"16\" src=\"https:\/\/www.365mountainbike.it\/fantamtb\/wp-content\/images\/gbr.png\" alt=\"GBR\"> <a href=\"https:\/\/www.365mountainbike.it\/fantamtb\/atleti\/ella-conolly\/\">Ella CONOLLY<\/a><br><img decoding=\"async\" border=\"0\" style=\"border: 0pt none;\" src=\"\/fantamtb\/wp-content\/images\/2.png\" alt=\"seconda posizione\"> <img loading=\"lazy\" decoding=\"async\" width=\"19\" height=\"13\" class=\"\" src=\"https:\/\/www.365mountainbike.it\/fantamtb\/wp-content\/images\/fra.png\" alt=\"FRA\"> <a href=\"https:\/\/www.365mountainbike.it\/fantamtb\/atleti\/morgane-charre\/\">Morgane CHARRE<\/a><br><img decoding=\"async\" border=\"0\" style=\"border: 0pt none;\" src=\"\/fantamtb\/wp-content\/images\/3.png\" alt=\"terza posizione\"> <img loading=\"lazy\" decoding=\"async\" width=\"20\" height=\"14\" src=\"https:\/\/www.365mountainbike.it\/fantamtb\/wp-content\/images\/aus.png\" alt=\"AUS\"> Winnifred GOLDSBURY<\/td><\/tr><tr><td>&nbsp;<\/td><td>&nbsp;<\/td><td>&nbsp;<\/td><\/tr><tr><td><img loading=\"lazy\" decoding=\"async\" width=\"20\" height=\"15\" border=\"0\" src=\"\/fantamtb\/wp-content\/images\/aut.png\" alt=\"AUT\"> Leogang<br><a href=\"https:\/\/www.365mountainbike.it\/mondo-gare\/edr-leogang-nel-fango-vincono-jesse-melamed-ed-ella-conolly\/\">REPORT GARA<\/a><\/td><td><img decoding=\"async\" border=\"0\" style=\"border: 0pt none;\" src=\"\/fantamtb\/wp-content\/images\/1.png\" alt=\"prima posizione\"> <img loading=\"lazy\" decoding=\"async\" width=\"19\" height=\"13\" class=\"\" src=\"https:\/\/www.365mountainbike.it\/fantamtb\/wp-content\/images\/can.png\" alt=\"CAN\"> <a href=\"https:\/\/www.365mountainbike.it\/fantamtb\/atleti\/jesse-melamed\/\">Jesse MELAMED<\/a><br><img decoding=\"async\" border=\"0\" style=\"border: 0pt none;\" src=\"\/fantamtb\/wp-content\/images\/2.png\" alt=\"seconda posizione\"> <img loading=\"lazy\" decoding=\"async\" width=\"20\" height=\"14\" src=\"https:\/\/www.365mountainbike.it\/fantamtb\/wp-content\/images\/aus.png\" alt=\"AUS\"> Charles MURRAY<br><img decoding=\"async\" border=\"0\" style=\"border: 0pt none;\" src=\"\/fantamtb\/wp-content\/images\/3.png\" alt=\"terza posizione\"> <img loading=\"lazy\" decoding=\"async\" width=\"20\" height=\"14\" src=\"https:\/\/www.365mountainbike.it\/fantamtb\/wp-content\/images\/pol.png\" alt=\"POL\"> Slawomir LUKASIK<\/td><td><img decoding=\"async\" border=\"0\" style=\"border: 0pt none;\" src=\"\/fantamtb\/wp-content\/images\/1.png\" alt=\"prima posizione\"> <img loading=\"lazy\" decoding=\"async\" width=\"20\" height=\"16\" src=\"https:\/\/www.365mountainbike.it\/fantamtb\/wp-content\/images\/gbr.png\" alt=\"GBR\"> <a href=\"https:\/\/www.365mountainbike.it\/fantamtb\/atleti\/ella-conolly\/\">Ella CONOLLY<\/a><br><img decoding=\"async\" border=\"0\" style=\"border: 0pt none;\" src=\"\/fantamtb\/wp-content\/images\/2.png\" alt=\"seconda posizione\"> <img loading=\"lazy\" decoding=\"async\" width=\"19\" height=\"13\" class=\"\" src=\"https:\/\/www.365mountainbike.it\/fantamtb\/wp-content\/images\/svk.png\" alt=\"SVK\">&nbsp;Simona KUCHYNKOVA<br><img decoding=\"async\" border=\"0\" style=\"border: 0pt none;\" src=\"\/fantamtb\/wp-content\/images\/3.png\" alt=\"terza posizione\"> <img loading=\"lazy\" decoding=\"async\" width=\"20\" height=\"14\" src=\"https:\/\/www.365mountainbike.it\/fantamtb\/wp-content\/images\/aus.png\" alt=\"AUS\"> Winnifred GOLDSBURY<\/td><\/tr><tr><td>&nbsp;<\/td><td>&nbsp;<\/td><td>&nbsp;<\/td><\/tr><tr><td><img loading=\"lazy\" decoding=\"async\" width=\"20\" height=\"15\" border=\"0\" src=\"\/fantamtb\/wp-content\/images\/ita.png\" alt=\"ITA\"> Val di Fassa<br><a href=\"https:\/\/www.365mountainbike.it\/mondo-gare\/val-di-fassa-edr-nadine-ellecosta-sfiora-la-vittoria-lukasik-tra-gli-uomini\/\">REPORT GARA<\/a><\/td><td><img decoding=\"async\" border=\"0\" style=\"border: 0pt none;\" src=\"\/fantamtb\/wp-content\/images\/1.png\" alt=\"prima posizione\"> <img loading=\"lazy\" decoding=\"async\" width=\"20\" height=\"14\" src=\"https:\/\/www.365mountainbike.it\/fantamtb\/wp-content\/images\/pol.png\" alt=\"POL\"> Slawomir LUKASIK<br><img decoding=\"async\" border=\"0\" style=\"border: 0pt none;\" src=\"\/fantamtb\/wp-content\/images\/2.png\" alt=\"seconda posizione\"> <img loading=\"lazy\" decoding=\"async\" width=\"20\" height=\"14\" src=\"https:\/\/www.365mountainbike.it\/fantamtb\/wp-content\/images\/usa.png\" alt=\"USA\"> <a href=\"https:\/\/www.365mountainbike.it\/fantamtb\/atleti\/richie-rude\/\">Richie RUDE<\/a><br><img decoding=\"async\" border=\"0\" style=\"border: 0pt none;\" src=\"\/fantamtb\/wp-content\/images\/3.png\" alt=\"terza posizione\"> <img loading=\"lazy\" decoding=\"async\" width=\"19\" height=\"13\" class=\"\" src=\"https:\/\/www.365mountainbike.it\/fantamtb\/wp-content\/images\/can.png\" alt=\"CAN\"> <a href=\"https:\/\/www.365mountainbike.it\/fantamtb\/atleti\/jesse-melamed\/\">Jesse MELAMED<\/a><\/td><td><img decoding=\"async\" border=\"0\" style=\"border: 0pt none;\" src=\"\/fantamtb\/wp-content\/images\/1.png\" alt=\"prima posizione\"> <img loading=\"lazy\" decoding=\"async\" width=\"20\" height=\"16\" src=\"https:\/\/www.365mountainbike.it\/fantamtb\/wp-content\/images\/gbr.png\" alt=\"GBR\"> <a href=\"https:\/\/www.365mountainbike.it\/fantamtb\/atleti\/ella-conolly\/\">Ella CONOLLY<\/a><br><img decoding=\"async\" border=\"0\" style=\"border: 0pt none;\" src=\"\/fantamtb\/wp-content\/images\/2.png\" alt=\"seconda posizione\"> <img loading=\"lazy\" decoding=\"async\" width=\"20\" height=\"15\" border=\"0\" src=\"\/fantamtb\/wp-content\/images\/ita.png\" alt=\"ITA\"> Nadine ELLECOSTA<br><img decoding=\"async\" border=\"0\" style=\"border: 0pt none;\" src=\"\/fantamtb\/wp-content\/images\/3.png\" alt=\"terza posizione\"> <img loading=\"lazy\" decoding=\"async\" width=\"19\" height=\"13\" class=\"\" src=\"https:\/\/www.365mountainbike.it\/fantamtb\/wp-content\/images\/svk.png\" alt=\"SVK\">&nbsp;Simona KUCHYNKOVA<\/td><\/tr><tr><td><\/td><td><\/td><td><\/td><\/tr><tr><td><img loading=\"lazy\" decoding=\"async\" width=\"20\" height=\"15\" border=\"0\" src=\"\/fantamtb\/wp-content\/images\/ita.png\" alt=\"ITA\"> La Thuille<br><a href=\"https:\/\/www.365mountainbike.it\/mondo-gare\/coppa-del-mondo-enduro-lukasik-di-50-millesimi-su-charles-murray-a-la-thuile\/\" target=\"_blank\" rel=\"noreferrer noopener\">REPORT GARA<\/a><\/td><td><img decoding=\"async\" border=\"0\" style=\"border: 0pt none;\" src=\"\/fantamtb\/wp-content\/images\/1.png\" alt=\"prima posizione\"> <img loading=\"lazy\" decoding=\"async\" width=\"20\" height=\"14\" src=\"https:\/\/www.365mountainbike.it\/fantamtb\/wp-content\/images\/pol.png\" alt=\"POL\"> Slawomir LUKASIK<br><img decoding=\"async\" border=\"0\" style=\"border: 0pt none;\" src=\"\/fantamtb\/wp-content\/images\/2.png\" alt=\"seconda posizione\"> <img loading=\"lazy\" decoding=\"async\" width=\"20\" height=\"14\" src=\"https:\/\/www.365mountainbike.it\/fantamtb\/wp-content\/images\/aus.png\" alt=\"AUS\"> Charles MURRAY<br><img decoding=\"async\" border=\"0\" style=\"border: 0pt none;\" src=\"\/fantamtb\/wp-content\/images\/3.png\" alt=\"terza posizione\"> <img loading=\"lazy\" decoding=\"async\" width=\"19\" height=\"13\" class=\"\" src=\"https:\/\/www.365mountainbike.it\/fantamtb\/wp-content\/images\/can.png\" alt=\"CAN\"> <a href=\"https:\/\/www.365mountainbike.it\/fantamtb\/atleti\/jesse-melamed\/\">Jesse MELAMED<\/a><\/td><td><img decoding=\"async\" border=\"0\" style=\"border: 0pt none;\" src=\"\/fantamtb\/wp-content\/images\/1.png\" alt=\"prima posizione\"> <img loading=\"lazy\" decoding=\"async\" width=\"19\" height=\"13\" class=\"\" src=\"https:\/\/www.365mountainbike.it\/fantamtb\/wp-content\/images\/svk.png\" alt=\"SVK\">&nbsp;Simona KUCHYNKOVA<br><img decoding=\"async\" border=\"0\" style=\"border: 0pt none;\" src=\"\/fantamtb\/wp-content\/images\/2.png\" alt=\"seconda posizione\"> <img loading=\"lazy\" decoding=\"async\" width=\"20\" height=\"16\" src=\"https:\/\/www.365mountainbike.it\/fantamtb\/wp-content\/images\/gbr.png\" alt=\"GBR\"> <a href=\"https:\/\/www.365mountainbike.it\/fantamtb\/atleti\/ella-conolly\/\">Ella CONOLLY<\/a><br><img decoding=\"async\" border=\"0\" style=\"border: 0pt none;\" src=\"\/fantamtb\/wp-content\/images\/3.png\" alt=\"terza posizione\"> <img loading=\"lazy\" decoding=\"async\" width=\"19\" height=\"13\" class=\"\" src=\"https:\/\/www.365mountainbike.it\/fantamtb\/wp-content\/images\/fra.png\" alt=\"FRA\"> <a href=\"https:\/\/www.365mountainbike.it\/fantamtb\/atleti\/melanie-pugin\/\">Melanie PUGIN<\/a><\/td><\/tr><tr><td><\/td><td><\/td><td><\/td><\/tr><tr><td><img loading=\"lazy\" decoding=\"async\" width=\"19\" height=\"13\" class=\"\" src=\"https:\/\/www.365mountainbike.it\/fantamtb\/wp-content\/images\/fra.png\" alt=\"FRA\"> Les Gets<br><a href=\"https:\/\/www.365mountainbike.it\/mondo-gare\/coppa-del-mondo-rudeau-e-hoskin-i-vincitori-in-alta-savoia-enduro\/\">REPORT GARA<\/a><\/td><td><img decoding=\"async\" border=\"0\" style=\"border: 0pt none;\" src=\"\/fantamtb\/wp-content\/images\/1.png\" alt=\"prima posizione\"> <img loading=\"lazy\" decoding=\"async\" width=\"19\" height=\"13\" class=\"\" src=\"https:\/\/www.365mountainbike.it\/fantamtb\/wp-content\/images\/fra.png\" alt=\"FRA\"> <a href=\"https:\/\/www.365mountainbike.it\/fantamtb\/atleti\/alex-rudeau\/\">Alex RUDEAU<\/a><br><img decoding=\"async\" border=\"0\" style=\"border: 0pt none;\" src=\"\/fantamtb\/wp-content\/images\/2.png\" alt=\"seconda posizione\"> <img loading=\"lazy\" decoding=\"async\" width=\"19\" height=\"13\" class=\"\" src=\"https:\/\/www.365mountainbike.it\/fantamtb\/wp-content\/images\/can.png\" alt=\"CAN\"> <a href=\"https:\/\/www.365mountainbike.it\/fantamtb\/atleti\/jesse-melamed\/\">Jesse MELAMED<\/a><br><img decoding=\"async\" border=\"0\" style=\"border: 0pt none;\" src=\"\/fantamtb\/wp-content\/images\/3.png\" alt=\"terza posizione\"> <img loading=\"lazy\" decoding=\"async\" width=\"19\" height=\"13\" class=\"\" src=\"https:\/\/www.365mountainbike.it\/fantamtb\/wp-content\/images\/can.png\" alt=\"CAN\"> Lief RODGERS<\/td><td><img decoding=\"async\" border=\"0\" style=\"border: 0pt none;\" src=\"\/fantamtb\/wp-content\/images\/1.png\" alt=\"prima posizione\"> <img loading=\"lazy\" decoding=\"async\" width=\"19\" height=\"13\" class=\"\" src=\"https:\/\/www.365mountainbike.it\/fantamtb\/wp-content\/images\/can.png\" alt=\"CAN\"> Elly HOSKIN<br><img decoding=\"async\" border=\"0\" style=\"border: 0pt none;\" src=\"\/fantamtb\/wp-content\/images\/2.png\" alt=\"seconda posizione\"> <img loading=\"lazy\" decoding=\"async\" width=\"19\" height=\"13\" class=\"\" src=\"https:\/\/www.365mountainbike.it\/fantamtb\/wp-content\/images\/ger.png\" alt=\"GER\"> Raphaela RICHTER<br><img decoding=\"async\" border=\"0\" style=\"border: 0pt none;\" src=\"\/fantamtb\/wp-content\/images\/3.png\" alt=\"terza posizione\"> <img loading=\"lazy\" decoding=\"async\" width=\"19\" height=\"13\" class=\"\" src=\"https:\/\/www.365mountainbike.it\/fantamtb\/wp-content\/images\/svk.png\" alt=\"SVK\">&nbsp;Simona KUCHYNKOVA<\/td><\/tr><tr><td><\/td><td><\/td><td><\/td><\/tr><tr><td><strong>CLASSIFICA GENERALE<\/strong><br><a href=\"https:\/\/www.365mountainbike.it\/wp-content\/uploads\/2025\/08\/mori_edr_me_standing.pdf\" target=\"_blank\" rel=\"noreferrer noopener\">ranking men<\/a><br><a href=\"https:\/\/www.365mountainbike.it\/wp-content\/uploads\/2025\/08\/mori_edr_we_standing.pdf\" target=\"_blank\" rel=\"noreferrer noopener\">ranking women<\/a><\/td><td><img decoding=\"async\" border=\"0\" style=\"border: 0pt none;\" src=\"\/fantamtb\/wp-content\/images\/1.png\" alt=\"prima posizione\"> <img loading=\"lazy\" decoding=\"async\" width=\"20\" height=\"14\" src=\"https:\/\/www.365mountainbike.it\/fantamtb\/wp-content\/images\/pol.png\" alt=\"POL\"> Slawomir LUKASIK<br><img decoding=\"async\" border=\"0\" style=\"border: 0pt none;\" src=\"\/fantamtb\/wp-content\/images\/2.png\" alt=\"seconda posizione\"> <img loading=\"lazy\" decoding=\"async\" width=\"19\" height=\"13\" class=\"\" src=\"https:\/\/www.365mountainbike.it\/fantamtb\/wp-content\/images\/can.png\" alt=\"CAN\"> <a href=\"https:\/\/www.365mountainbike.it\/fantamtb\/atleti\/jesse-melamed\/\">Jesse MELAMED<\/a><br><img decoding=\"async\" border=\"0\" style=\"border: 0pt none;\" src=\"\/fantamtb\/wp-content\/images\/3.png\" alt=\"terza posizione\"> <img loading=\"lazy\" decoding=\"async\" width=\"20\" height=\"14\" src=\"https:\/\/www.365mountainbike.it\/fantamtb\/wp-content\/images\/aus.png\" alt=\"AUS\"> Charles MURRAY<\/td><td><img decoding=\"async\" border=\"0\" style=\"border: 0pt none;\" src=\"\/fantamtb\/wp-content\/images\/1.png\" alt=\"prima posizione\"> <img loading=\"lazy\" decoding=\"async\" width=\"20\" height=\"16\" src=\"https:\/\/www.365mountainbike.it\/fantamtb\/wp-content\/images\/gbr.png\" alt=\"GBR\"> <a href=\"https:\/\/www.365mountainbike.it\/fantamtb\/atleti\/ella-conolly\/\">Ella CONOLLY<\/a><br><img decoding=\"async\" border=\"0\" style=\"border: 0pt none;\" src=\"\/fantamtb\/wp-content\/images\/2.png\" alt=\"seconda posizione\"> <img loading=\"lazy\" decoding=\"async\" width=\"19\" height=\"13\" class=\"\" src=\"https:\/\/www.365mountainbike.it\/fantamtb\/wp-content\/images\/svk.png\" alt=\"SVK\">&nbsp;Simona KUCHYNKOVA<br><img decoding=\"async\" border=\"0\" style=\"border: 0pt none;\" src=\"\/fantamtb\/wp-content\/images\/3.png\" alt=\"terza posizione\"> <img loading=\"lazy\" decoding=\"async\" width=\"20\" height=\"15\" border=\"0\" src=\"\/fantamtb\/wp-content\/images\/ita.png\" alt=\"ITA\"> Nadine ELLECOSTA<\/td><\/tr><\/tbody><\/table><\/figure>\n\n\n\n<hr class=\"wp-block-separator has-css-opacity\"\/>\n\n\n\n<h1 class=\"wp-block-heading\" id=\"h-foto\">FOTO<\/h1>\n\n\n\n<figure class=\"wp-block-gallery has-nested-images columns-default is-cropped wp-block-gallery-1 is-layout-flex wp-block-gallery-is-layout-flex\">\n<figure class=\"wp-block-image size-medium\"><a href=\"https:\/\/www.365mountainbike.it\/fantamtb\/wp-content\/uploads\/2025\/06\/AF_PHOTO-17052025-WBD-UCI-135-2.jpg\"><picture><source srcset=\"https:\/\/www.365mountainbike.it\/fantamtb\/wp-content\/uploads\/2025\/06\/AF_PHOTO-17052025-WBD-UCI-135-2-300x200.jpg 300w, https:\/\/www.365mountainbike.it\/fantamtb\/wp-content\/uploads\/2025\/06\/AF_PHOTO-17052025-WBD-UCI-135-2-768x512.jpg 768w,https:\/\/www.365mountainbike.it\/fantamtb\/wp-content\/uploads\/2025\/06\/AF_PHOTO-17052025-WBD-UCI-135-2.jpg.webp 1024w\" sizes=\"auto, (max-width: 300px) 100vw, 300px\" type=\"image\/webp\"><img src=\"https:\/\/www.365mountainbike.it\/fantamtb\/wp-content\/uploads\/2025\/06\/AF_PHOTO-17052025-WBD-UCI-135-2-300x200.jpg\" height=\"200\" width=\"300\" srcset=\"https:\/\/www.365mountainbike.it\/fantamtb\/wp-content\/uploads\/2025\/06\/AF_PHOTO-17052025-WBD-UCI-135-2-300x200.jpg 300w, https:\/\/www.365mountainbike.it\/fantamtb\/wp-content\/uploads\/2025\/06\/AF_PHOTO-17052025-WBD-UCI-135-2-768x512.jpg 768w, https:\/\/www.365mountainbike.it\/fantamtb\/wp-content\/uploads\/2025\/06\/AF_PHOTO-17052025-WBD-UCI-135-2.jpg 1024w\" sizes=\"auto, (max-width: 300px) 100vw, 300px\" class=\"wp-image-24858 sp-no-webp\" alt=\"\" loading=\"lazy\" decoding=\"async\" data-id=\"24858\"  > <\/picture><\/a><\/figure>\n\n\n\n<figure class=\"wp-block-image size-medium\"><a href=\"https:\/\/www.365mountainbike.it\/fantamtb\/wp-content\/uploads\/2025\/06\/AF_PHOTO-17052025-WBD-UCI-1188-1.jpg\"><picture><source srcset=\"https:\/\/www.365mountainbike.it\/fantamtb\/wp-content\/uploads\/2025\/06\/AF_PHOTO-17052025-WBD-UCI-1188-1-300x200.jpg 300w, https:\/\/www.365mountainbike.it\/fantamtb\/wp-content\/uploads\/2025\/06\/AF_PHOTO-17052025-WBD-UCI-1188-1-768x512.jpg 768w,https:\/\/www.365mountainbike.it\/fantamtb\/wp-content\/uploads\/2025\/06\/AF_PHOTO-17052025-WBD-UCI-1188-1.jpg.webp 1024w\" sizes=\"auto, (max-width: 300px) 100vw, 300px\" type=\"image\/webp\"><img src=\"https:\/\/www.365mountainbike.it\/fantamtb\/wp-content\/uploads\/2025\/06\/AF_PHOTO-17052025-WBD-UCI-1188-1-300x200.jpg\" height=\"200\" width=\"300\" srcset=\"https:\/\/www.365mountainbike.it\/fantamtb\/wp-content\/uploads\/2025\/06\/AF_PHOTO-17052025-WBD-UCI-1188-1-300x200.jpg 300w, https:\/\/www.365mountainbike.it\/fantamtb\/wp-content\/uploads\/2025\/06\/AF_PHOTO-17052025-WBD-UCI-1188-1-768x512.jpg 768w, https:\/\/www.365mountainbike.it\/fantamtb\/wp-content\/uploads\/2025\/06\/AF_PHOTO-17052025-WBD-UCI-1188-1.jpg 1024w\" sizes=\"auto, (max-width: 300px) 100vw, 300px\" class=\"wp-image-24853 sp-no-webp\" alt=\"\" loading=\"lazy\" decoding=\"async\" data-id=\"24853\"  > <\/picture><\/a><\/figure>\n\n\n\n<figure class=\"wp-block-image size-medium\"><a href=\"https:\/\/www.365mountainbike.it\/fantamtb\/wp-content\/uploads\/2025\/06\/WBD_IG_LATHUILE_EDR-003.jpeg\"><picture><source srcset=\"https:\/\/www.365mountainbike.it\/fantamtb\/wp-content\/uploads\/2025\/06\/WBD_IG_LATHUILE_EDR-003-300x200.jpeg 300w, https:\/\/www.365mountainbike.it\/fantamtb\/wp-content\/uploads\/2025\/06\/WBD_IG_LATHUILE_EDR-003-768x512.jpeg 768w,https:\/\/www.365mountainbike.it\/fantamtb\/wp-content\/uploads\/2025\/06\/WBD_IG_LATHUILE_EDR-003.jpeg.webp 1024w\" sizes=\"auto, (max-width: 300px) 100vw, 300px\" type=\"image\/webp\"><img src=\"https:\/\/www.365mountainbike.it\/fantamtb\/wp-content\/uploads\/2025\/06\/WBD_IG_LATHUILE_EDR-003-300x200.jpeg\" height=\"200\" width=\"300\" srcset=\"https:\/\/www.365mountainbike.it\/fantamtb\/wp-content\/uploads\/2025\/06\/WBD_IG_LATHUILE_EDR-003-300x200.jpeg 300w, https:\/\/www.365mountainbike.it\/fantamtb\/wp-content\/uploads\/2025\/06\/WBD_IG_LATHUILE_EDR-003-768x512.jpeg 768w, https:\/\/www.365mountainbike.it\/fantamtb\/wp-content\/uploads\/2025\/06\/WBD_IG_LATHUILE_EDR-003.jpeg 1024w\" sizes=\"auto, (max-width: 300px) 100vw, 300px\" class=\"wp-image-24850 sp-no-webp\" alt=\"\" loading=\"lazy\" decoding=\"async\" data-id=\"24850\"  > <\/picture><\/a><\/figure>\n\n\n\n<figure class=\"wp-block-image size-medium\"><a href=\"https:\/\/www.365mountainbike.it\/fantamtb\/wp-content\/uploads\/2025\/06\/WBD_IG_LATHUILE_EDR-002.jpeg\"><picture><source srcset=\"https:\/\/www.365mountainbike.it\/fantamtb\/wp-content\/uploads\/2025\/06\/WBD_IG_LATHUILE_EDR-002-300x200.jpeg 300w, https:\/\/www.365mountainbike.it\/fantamtb\/wp-content\/uploads\/2025\/06\/WBD_IG_LATHUILE_EDR-002-768x512.jpeg 768w,https:\/\/www.365mountainbike.it\/fantamtb\/wp-content\/uploads\/2025\/06\/WBD_IG_LATHUILE_EDR-002.jpeg.webp 1024w\" sizes=\"auto, (max-width: 300px) 100vw, 300px\" type=\"image\/webp\"><img src=\"https:\/\/www.365mountainbike.it\/fantamtb\/wp-content\/uploads\/2025\/06\/WBD_IG_LATHUILE_EDR-002-300x200.jpeg\" height=\"200\" width=\"300\" srcset=\"https:\/\/www.365mountainbike.it\/fantamtb\/wp-content\/uploads\/2025\/06\/WBD_IG_LATHUILE_EDR-002-300x200.jpeg 300w, https:\/\/www.365mountainbike.it\/fantamtb\/wp-content\/uploads\/2025\/06\/WBD_IG_LATHUILE_EDR-002-768x512.jpeg 768w, https:\/\/www.365mountainbike.it\/fantamtb\/wp-content\/uploads\/2025\/06\/WBD_IG_LATHUILE_EDR-002.jpeg 1024w\" sizes=\"auto, (max-width: 300px) 100vw, 300px\" class=\"wp-image-24855 sp-no-webp\" alt=\"\" loading=\"lazy\" decoding=\"async\" data-id=\"24855\"  > <\/picture><\/a><\/figure>\n\n\n\n<figure class=\"wp-block-image size-medium\"><a href=\"https:\/\/www.365mountainbike.it\/fantamtb\/wp-content\/uploads\/2025\/06\/WBD_IG_LEOGANG001.jpeg\"><picture><source srcset=\"https:\/\/www.365mountainbike.it\/fantamtb\/wp-content\/uploads\/2025\/06\/WBD_IG_LEOGANG001-300x200.jpeg 300w, https:\/\/www.365mountainbike.it\/fantamtb\/wp-content\/uploads\/2025\/06\/WBD_IG_LEOGANG001-768x512.jpeg 768w,https:\/\/www.365mountainbike.it\/fantamtb\/wp-content\/uploads\/2025\/06\/WBD_IG_LEOGANG001.jpeg.webp 1024w\" sizes=\"auto, (max-width: 300px) 100vw, 300px\" type=\"image\/webp\"><img src=\"https:\/\/www.365mountainbike.it\/fantamtb\/wp-content\/uploads\/2025\/06\/WBD_IG_LEOGANG001-300x200.jpeg\" height=\"200\" width=\"300\" srcset=\"https:\/\/www.365mountainbike.it\/fantamtb\/wp-content\/uploads\/2025\/06\/WBD_IG_LEOGANG001-300x200.jpeg 300w, https:\/\/www.365mountainbike.it\/fantamtb\/wp-content\/uploads\/2025\/06\/WBD_IG_LEOGANG001-768x512.jpeg 768w, https:\/\/www.365mountainbike.it\/fantamtb\/wp-content\/uploads\/2025\/06\/WBD_IG_LEOGANG001.jpeg 1024w\" sizes=\"auto, (max-width: 300px) 100vw, 300px\" class=\"wp-image-24851 sp-no-webp\" alt=\"\" loading=\"lazy\" decoding=\"async\" data-id=\"24851\"  > <\/picture><\/a><\/figure>\n\n\n\n<figure class=\"wp-block-image size-medium\"><a href=\"https:\/\/www.365mountainbike.it\/fantamtb\/wp-content\/uploads\/2025\/06\/AF_PHOTO-11052025-WBD-UCI-1056-2.jpg\"><picture><source srcset=\"https:\/\/www.365mountainbike.it\/fantamtb\/wp-content\/uploads\/2025\/06\/AF_PHOTO-11052025-WBD-UCI-1056-2-300x200.jpg 300w, https:\/\/www.365mountainbike.it\/fantamtb\/wp-content\/uploads\/2025\/06\/AF_PHOTO-11052025-WBD-UCI-1056-2-768x512.jpg 768w,https:\/\/www.365mountainbike.it\/fantamtb\/wp-content\/uploads\/2025\/06\/AF_PHOTO-11052025-WBD-UCI-1056-2.jpg.webp 1024w\" sizes=\"auto, (max-width: 300px) 100vw, 300px\" type=\"image\/webp\"><img src=\"https:\/\/www.365mountainbike.it\/fantamtb\/wp-content\/uploads\/2025\/06\/AF_PHOTO-11052025-WBD-UCI-1056-2-300x200.jpg\" height=\"200\" width=\"300\" srcset=\"https:\/\/www.365mountainbike.it\/fantamtb\/wp-content\/uploads\/2025\/06\/AF_PHOTO-11052025-WBD-UCI-1056-2-300x200.jpg 300w, https:\/\/www.365mountainbike.it\/fantamtb\/wp-content\/uploads\/2025\/06\/AF_PHOTO-11052025-WBD-UCI-1056-2-768x512.jpg 768w, https:\/\/www.365mountainbike.it\/fantamtb\/wp-content\/uploads\/2025\/06\/AF_PHOTO-11052025-WBD-UCI-1056-2.jpg 1024w\" sizes=\"auto, (max-width: 300px) 100vw, 300px\" class=\"wp-image-24852 sp-no-webp\" alt=\"\" loading=\"lazy\" decoding=\"async\" data-id=\"24852\"  > <\/picture><\/a><\/figure>\n\n\n\n<figure class=\"wp-block-image size-medium\"><a href=\"https:\/\/www.365mountainbike.it\/fantamtb\/wp-content\/uploads\/2025\/06\/AF_PHOTO-11052025-WBD-UCI-1031-2.jpg\"><picture><source srcset=\"https:\/\/www.365mountainbike.it\/fantamtb\/wp-content\/uploads\/2025\/06\/AF_PHOTO-11052025-WBD-UCI-1031-2-300x200.jpg 300w, https:\/\/www.365mountainbike.it\/fantamtb\/wp-content\/uploads\/2025\/06\/AF_PHOTO-11052025-WBD-UCI-1031-2-768x512.jpg 768w,https:\/\/www.365mountainbike.it\/fantamtb\/wp-content\/uploads\/2025\/06\/AF_PHOTO-11052025-WBD-UCI-1031-2.jpg.webp 1024w\" sizes=\"auto, (max-width: 300px) 100vw, 300px\" type=\"image\/webp\"><img src=\"https:\/\/www.365mountainbike.it\/fantamtb\/wp-content\/uploads\/2025\/06\/AF_PHOTO-11052025-WBD-UCI-1031-2-300x200.jpg\" height=\"200\" width=\"300\" srcset=\"https:\/\/www.365mountainbike.it\/fantamtb\/wp-content\/uploads\/2025\/06\/AF_PHOTO-11052025-WBD-UCI-1031-2-300x200.jpg 300w, https:\/\/www.365mountainbike.it\/fantamtb\/wp-content\/uploads\/2025\/06\/AF_PHOTO-11052025-WBD-UCI-1031-2-768x512.jpg 768w, https:\/\/www.365mountainbike.it\/fantamtb\/wp-content\/uploads\/2025\/06\/AF_PHOTO-11052025-WBD-UCI-1031-2.jpg 1024w\" sizes=\"auto, (max-width: 300px) 100vw, 300px\" class=\"wp-image-24854 sp-no-webp\" alt=\"\" loading=\"lazy\" decoding=\"async\" data-id=\"24854\"  > <\/picture><\/a><\/figure>\n\n\n\n<figure class=\"wp-block-image size-medium\"><a href=\"https:\/\/www.365mountainbike.it\/fantamtb\/wp-content\/uploads\/2025\/06\/WBD_EL_MorillonHaute-Savoie_EDR-01.jpeg\"><picture><source srcset=\"https:\/\/www.365mountainbike.it\/fantamtb\/wp-content\/uploads\/2025\/06\/WBD_EL_MorillonHaute-Savoie_EDR-01-300x200.jpeg 300w, https:\/\/www.365mountainbike.it\/fantamtb\/wp-content\/uploads\/2025\/06\/WBD_EL_MorillonHaute-Savoie_EDR-01-768x512.jpeg 768w,https:\/\/www.365mountainbike.it\/fantamtb\/wp-content\/uploads\/2025\/06\/WBD_EL_MorillonHaute-Savoie_EDR-01.jpeg.webp 1024w\" sizes=\"auto, (max-width: 300px) 100vw, 300px\" type=\"image\/webp\"><img src=\"https:\/\/www.365mountainbike.it\/fantamtb\/wp-content\/uploads\/2025\/06\/WBD_EL_MorillonHaute-Savoie_EDR-01-300x200.jpeg\" height=\"200\" width=\"300\" srcset=\"https:\/\/www.365mountainbike.it\/fantamtb\/wp-content\/uploads\/2025\/06\/WBD_EL_MorillonHaute-Savoie_EDR-01-300x200.jpeg 300w, https:\/\/www.365mountainbike.it\/fantamtb\/wp-content\/uploads\/2025\/06\/WBD_EL_MorillonHaute-Savoie_EDR-01-768x512.jpeg 768w, https:\/\/www.365mountainbike.it\/fantamtb\/wp-content\/uploads\/2025\/06\/WBD_EL_MorillonHaute-Savoie_EDR-01.jpeg 1024w\" sizes=\"auto, (max-width: 300px) 100vw, 300px\" class=\"wp-image-24857 sp-no-webp\" alt=\"\" loading=\"lazy\" decoding=\"async\" data-id=\"24857\"  > <\/picture><\/a><\/figure>\n\n\n\n<figure class=\"wp-block-image size-medium\"><a href=\"https:\/\/www.365mountainbike.it\/fantamtb\/wp-content\/uploads\/2025\/06\/WBD_EL_MorillonHaute-Savoie_EDR-08.jpeg\"><picture><source srcset=\"https:\/\/www.365mountainbike.it\/fantamtb\/wp-content\/uploads\/2025\/06\/WBD_EL_MorillonHaute-Savoie_EDR-08-300x200.jpeg 300w, https:\/\/www.365mountainbike.it\/fantamtb\/wp-content\/uploads\/2025\/06\/WBD_EL_MorillonHaute-Savoie_EDR-08-768x512.jpeg 768w,https:\/\/www.365mountainbike.it\/fantamtb\/wp-content\/uploads\/2025\/06\/WBD_EL_MorillonHaute-Savoie_EDR-08.jpeg.webp 1024w\" sizes=\"auto, (max-width: 300px) 100vw, 300px\" type=\"image\/webp\"><img src=\"https:\/\/www.365mountainbike.it\/fantamtb\/wp-content\/uploads\/2025\/06\/WBD_EL_MorillonHaute-Savoie_EDR-08-300x200.jpeg\" height=\"200\" width=\"300\" srcset=\"https:\/\/www.365mountainbike.it\/fantamtb\/wp-content\/uploads\/2025\/06\/WBD_EL_MorillonHaute-Savoie_EDR-08-300x200.jpeg 300w, https:\/\/www.365mountainbike.it\/fantamtb\/wp-content\/uploads\/2025\/06\/WBD_EL_MorillonHaute-Savoie_EDR-08-768x512.jpeg 768w, https:\/\/www.365mountainbike.it\/fantamtb\/wp-content\/uploads\/2025\/06\/WBD_EL_MorillonHaute-Savoie_EDR-08.jpeg 1024w\" sizes=\"auto, (max-width: 300px) 100vw, 300px\" class=\"wp-image-24856 sp-no-webp\" alt=\"\" loading=\"lazy\" decoding=\"async\" data-id=\"24856\"  > <\/picture><\/a><\/figure>\n<\/figure>\n\n\n\n<hr class=\"wp-block-separator has-alpha-channel-opacity\"\/>\n\n\n\n<h1 class=\"wp-block-heading\" id=\"video\">VIDEO<\/h1>\n\n\n\n<figure class=\"wp-block-embed is-type-video is-provider-youtube wp-block-embed-youtube wp-embed-aspect-16-9 wp-has-aspect-ratio\"><div class=\"wp-block-embed__wrapper\">\n<iframe loading=\"lazy\" title=\"Pietra Ligure Race Day 2 RAW | WHOOP UCI Mountain Bike World Series\" width=\"740\" height=\"416\" src=\"https:\/\/www.youtube.com\/embed\/6k5wNv_ZsKE?feature=oembed\" frameborder=\"0\" allow=\"accelerometer; autoplay; clipboard-write; encrypted-media; gyroscope; picture-in-picture; web-share\" referrerpolicy=\"strict-origin-when-cross-origin\" allowfullscreen><\/iframe>\n<\/div><\/figure>\n\n\n\n<h3 class=\"wp-block-heading\" id=\"1-rotorua\">#1 PIETRA LIGURE<\/h3>\n\n\n\n<figure class=\"wp-block-embed is-type-video is-provider-youtube wp-block-embed-youtube wp-embed-aspect-16-9 wp-has-aspect-ratio\"><div class=\"wp-block-embed__wrapper\">\n<iframe loading=\"lazy\" title=\"All-Out Racing in Poland! \ud83c\uddf5\ud83c\uddf1 | Bielsko-Bia\u0142a UCI Enduro World Cup\" width=\"740\" height=\"416\" src=\"https:\/\/www.youtube.com\/embed\/26FyAHOMmRE?feature=oembed\" frameborder=\"0\" allow=\"accelerometer; autoplay; clipboard-write; encrypted-media; gyroscope; picture-in-picture; web-share\" referrerpolicy=\"strict-origin-when-cross-origin\" allowfullscreen><\/iframe>\n<\/div><\/figure>\n\n\n\n<h3 class=\"wp-block-heading\" id=\"h-2-petzen-jamnica\">#2 BIELSKO-BIALA<\/h3>\n\n\n\n<figure class=\"wp-block-embed is-type-video is-provider-youtube wp-block-embed-youtube wp-embed-aspect-16-9 wp-has-aspect-ratio\"><div class=\"wp-block-embed__wrapper\">\n<iframe loading=\"lazy\" title=\"Untouchable In The Pyrenees! \ud83c\uddeb\ud83c\uddf7 | Loudenvielle - Peyragudes UCI EDR World Cup\" width=\"740\" height=\"416\" src=\"https:\/\/www.youtube.com\/embed\/6QtHqlYks6s?feature=oembed\" frameborder=\"0\" allow=\"accelerometer; autoplay; clipboard-write; encrypted-media; gyroscope; picture-in-picture; web-share\" referrerpolicy=\"strict-origin-when-cross-origin\" allowfullscreen><\/iframe>\n<\/div><\/figure>\n\n\n\n<h3 class=\"wp-block-heading\" id=\"h-3-val-di-fassa\">#3 LOUDENVIELLE<\/h3>\n\n\n\n<figure class=\"wp-block-embed is-type-video is-provider-youtube wp-block-embed-youtube wp-embed-aspect-16-9 wp-has-aspect-ratio\"><div class=\"wp-block-embed__wrapper\">\n<iframe loading=\"lazy\" title=\"Muddy Mayhem in Leogang! \ud83c\udf27\ufe0f | UCI EDR World Cup Race Highlights\" width=\"740\" height=\"416\" src=\"https:\/\/www.youtube.com\/embed\/NFzexpapaLI?feature=oembed\" frameborder=\"0\" allow=\"accelerometer; autoplay; clipboard-write; encrypted-media; gyroscope; picture-in-picture; web-share\" referrerpolicy=\"strict-origin-when-cross-origin\" allowfullscreen><\/iframe>\n<\/div><\/figure>\n\n\n\n<h3 class=\"wp-block-heading\" id=\"h-4-whistler\">#4 LEOGANG<\/h3>\n\n\n\n<figure class=\"wp-block-embed is-type-video is-provider-youtube wp-block-embed-youtube wp-embed-aspect-16-9 wp-has-aspect-ratio\"><div class=\"wp-block-embed__wrapper\">\n<iframe loading=\"lazy\" title=\"More Race Action and Access All Areas from Val Di Fassa Race Day 2 \ud83d\udd25 | UCI Enduro World Cup\" width=\"740\" height=\"416\" src=\"https:\/\/www.youtube.com\/embed\/KsbT4M2xioM?feature=oembed\" frameborder=\"0\" allow=\"accelerometer; autoplay; clipboard-write; encrypted-media; gyroscope; picture-in-picture; web-share\" referrerpolicy=\"strict-origin-when-cross-origin\" allowfullscreen><\/iframe>\n<\/div><\/figure>\n\n\n\n<h3 class=\"wp-block-heading\" id=\"h-5-burke\">#5 VAL DI FASSA<\/h3>\n\n\n\n<figure class=\"wp-block-embed is-type-video is-provider-youtube wp-block-embed-youtube wp-embed-aspect-16-9 wp-has-aspect-ratio\"><div class=\"wp-block-embed__wrapper\">\n<iframe loading=\"lazy\" title=\"EDR Goes Full Carnage At Night In La Thuile! \ud83c\udf0c | UCI Enduro World Cup Race Highlights\" width=\"740\" height=\"416\" src=\"https:\/\/www.youtube.com\/embed\/Z7ijRokBFoA?feature=oembed\" frameborder=\"0\" allow=\"accelerometer; autoplay; clipboard-write; encrypted-media; gyroscope; picture-in-picture; web-share\" referrerpolicy=\"strict-origin-when-cross-origin\" allowfullscreen><\/iframe>\n<\/div><\/figure>\n\n\n\n<h3 class=\"wp-block-heading\" id=\"h-6-sugarloaf\">#6 LA THUILE<\/h3>\n\n\n\n<figure class=\"wp-block-embed is-type-video is-provider-youtube wp-block-embed-youtube wp-embed-aspect-16-9 wp-has-aspect-ratio\"><div class=\"wp-block-embed__wrapper\">\n<iframe loading=\"lazy\" title=\"EDR Goes Full Carnage At Night In La Thuile! \ud83c\udf0c | UCI Enduro World Cup Race Highlights\" width=\"740\" height=\"416\" src=\"https:\/\/www.youtube.com\/embed\/Z7ijRokBFoA?feature=oembed\" frameborder=\"0\" allow=\"accelerometer; autoplay; clipboard-write; encrypted-media; gyroscope; picture-in-picture; web-share\" referrerpolicy=\"strict-origin-when-cross-origin\" allowfullscreen><\/iframe>\n<\/div><\/figure>\n\n\n\n<h3 class=\"wp-block-heading\">#7 LES GETS<\/h3>\n\n\n\n<figure class=\"wp-block-embed is-type-video is-provider-youtube wp-block-embed-youtube wp-embed-aspect-16-9 wp-has-aspect-ratio\"><div class=\"wp-block-embed__wrapper\">\n<iframe loading=\"lazy\" title=\"A Season Finale Like No Other... \ud83c\uddeb\ud83c\uddf7 | UCI Enduro World Cup Race Day 2 Highlights\" width=\"740\" height=\"416\" src=\"https:\/\/www.youtube.com\/embed\/RpKyxMcQeNQ?feature=oembed\" frameborder=\"0\" allow=\"accelerometer; autoplay; clipboard-write; encrypted-media; gyroscope; picture-in-picture; web-share\" referrerpolicy=\"strict-origin-when-cross-origin\" allowfullscreen><\/iframe>\n<\/div><\/figure>\n","protected":false,"gt_translate_keys":[{"key":"rendered","format":"html"}]},"excerpt":{"rendered":"<p>La Coppa del Mondo UCI Enduro (EDR World Cup) 2025 vede un dominio ben definito tra gli \u00e9lite. Tra gli uomini, S\u0142awomir \u0141ukasik \u00e8 in testa con 2312 punti, seguito da Jesse Melamed con 1880 p. e Charles Murray con 1830pt. Questa graduatoria riflette una stagione consistente da parte di \u0141ukasik, capace di ritrovarsi per [&hellip;]<\/p>\n","protected":false,"gt_translate_keys":[{"key":"rendered","format":"html"}]},"author":1,"featured_media":24306,"comment_status":"closed","ping_status":"open","sticky":false,"template":"","format":"standard","meta":{"footnotes":""},"categories":[1259],"tags":[1205,1291,1171,1335,1158,1333,715,717,718,720,748,375,90,1173,157,599,1337,1169,942,725,1336,1225,1299,1334],"class_list":["post-24777","post","type-post","status-publish","format-standard","has-post-thumbnail","hentry","category-enduro-mtb","tag-alex-rudeau","tag-bielsko-biala","tag-charles-murray","tag-daniel-booker","tag-ella-conolly","tag-elly-hoskin","tag-enduro-world-series","tag-greg-callaghan","tag-harriet-harnden","tag-jack-moir","tag-la-thuile","tag-leogang","tag-les-gets","tag-loudenvielle","tag-melanie-pugin","tag-morgane-charre","tag-nadine-ellecosta","tag-pietra-ligure","tag-raphaela-richter","tag-richie-rude","tag-simona-kuchynkova","tag-slawomir-lukasik","tag-val-di-fassa","tag-winnifred-goldsbury"],"yoast_head":"<!-- This site is optimized with the Yoast SEO plugin v27.5 - https:\/\/yoast.com\/product\/yoast-seo-wordpress\/ -->\n<title>Classifiche EDR | Enduro World Series 2025 | FANTAmtb<\/title>\n<meta name=\"robots\" content=\"index, follow, max-snippet:-1, max-image-preview:large, max-video-preview:-1\" \/>\n<link rel=\"canonical\" href=\"https:\/\/www.365mountainbike.it\/fantamtb\/storia-mtb\/enduro-mtb\/uci-enduro-world-cup-2025\/\" \/>\n<meta property=\"og:locale\" content=\"it_IT\" \/>\n<meta property=\"og:type\" content=\"article\" \/>\n<meta property=\"og:title\" content=\"Classifiche EDR | Enduro World Series 2025 | FANTAmtb\" \/>\n<meta property=\"og:description\" content=\"La Coppa del Mondo UCI Enduro (EDR World Cup) 2025 vede un dominio ben definito tra gli \u00e9lite. Tra gli uomini, S\u0142awomir \u0141ukasik \u00e8 in testa con 2312 punti, seguito da Jesse Melamed con 1880 p. e Charles Murray con 1830pt. Questa graduatoria riflette una stagione consistente da parte di \u0141ukasik, capace di ritrovarsi per [&hellip;]\" \/>\n<meta property=\"og:url\" content=\"https:\/\/www.365mountainbike.it\/fantamtb\/storia-mtb\/enduro-mtb\/uci-enduro-world-cup-2025\/\" \/>\n<meta property=\"og:site_name\" content=\"FANTAmtb\" \/>\n<meta property=\"article:published_time\" content=\"2025-06-29T10:33:26+00:00\" \/>\n<meta property=\"article:modified_time\" content=\"2026-01-19T15:42:34+00:00\" \/>\n<meta property=\"og:image\" content=\"https:\/\/www.365mountainbike.it\/fantamtb\/wp-content\/uploads\/2024\/05\/mirco-vendemmia-finale-ligure.jpg\" \/>\n\t<meta property=\"og:image:width\" content=\"1800\" \/>\n\t<meta property=\"og:image:height\" content=\"1200\" \/>\n\t<meta property=\"og:image:type\" content=\"image\/jpeg\" \/>\n<meta name=\"author\" content=\"FANTAmtb\" \/>\n<meta name=\"twitter:card\" content=\"summary_large_image\" \/>\n<meta name=\"twitter:label1\" content=\"Scritto da\" \/>\n\t<meta name=\"twitter:data1\" content=\"FANTAmtb\" \/>\n\t<meta name=\"twitter:label2\" content=\"Tempo di lettura stimato\" \/>\n\t<meta name=\"twitter:data2\" content=\"31 minuti\" \/>\n<script type=\"application\/ld+json\" class=\"yoast-schema-graph\">{\"@context\":\"https:\\\/\\\/schema.org\",\"@graph\":[{\"@type\":\"Article\",\"@id\":\"https:\\\/\\\/www.365mountainbike.it\\\/fantamtb\\\/storia-mtb\\\/enduro-mtb\\\/uci-enduro-world-cup-2025\\\/#article\",\"isPartOf\":{\"@id\":\"https:\\\/\\\/www.365mountainbike.it\\\/fantamtb\\\/storia-mtb\\\/enduro-mtb\\\/uci-enduro-world-cup-2025\\\/\"},\"author\":{\"name\":\"FANTAmtb\",\"@id\":\"https:\\\/\\\/www.365mountainbike.it\\\/fantamtb\\\/#\\\/schema\\\/person\\\/7b4a30b446207c8d00024d9717c3b63b\"},\"headline\":\"EDR | Enduro World Series 2025\",\"datePublished\":\"2025-06-29T10:33:26+00:00\",\"dateModified\":\"2026-01-19T15:42:34+00:00\",\"mainEntityOfPage\":{\"@id\":\"https:\\\/\\\/www.365mountainbike.it\\\/fantamtb\\\/storia-mtb\\\/enduro-mtb\\\/uci-enduro-world-cup-2025\\\/\"},\"wordCount\":391,\"image\":{\"@id\":\"https:\\\/\\\/www.365mountainbike.it\\\/fantamtb\\\/storia-mtb\\\/enduro-mtb\\\/uci-enduro-world-cup-2025\\\/#primaryimage\"},\"thumbnailUrl\":\"https:\\\/\\\/www.365mountainbike.it\\\/fantamtb\\\/wp-content\\\/uploads\\\/2024\\\/05\\\/mirco-vendemmia-finale-ligure.jpg\",\"keywords\":[\"Alex Rudeau\",\"Bielsko-Biala\",\"Charles Murray\",\"Daniel Booker\",\"Ella Conolly\",\"Elly Hoskin\",\"Enduro World Series\",\"Greg Callaghan\",\"Harriet Harnden\",\"Jack Moir\",\"La Thuile\",\"Leogang\",\"Les Gets\",\"Loudenvielle\",\"Melanie Pugin\",\"Morgane Charre\",\"Nadine Ellecosta\",\"Pietra Ligure\",\"Raphaela Richter\",\"Richie Rude\",\"Simona Kuchynkova\",\"Slawomir Lukasik\",\"Val di Fassa\",\"Winnifred Goldsbury\"],\"articleSection\":[\"Enduro MTB\"],\"inLanguage\":\"it-IT\"},{\"@type\":\"WebPage\",\"@id\":\"https:\\\/\\\/www.365mountainbike.it\\\/fantamtb\\\/storia-mtb\\\/enduro-mtb\\\/uci-enduro-world-cup-2025\\\/\",\"url\":\"https:\\\/\\\/www.365mountainbike.it\\\/fantamtb\\\/storia-mtb\\\/enduro-mtb\\\/uci-enduro-world-cup-2025\\\/\",\"name\":\"Classifiche EDR | Enduro World Series 2025 | FANTAmtb\",\"isPartOf\":{\"@id\":\"https:\\\/\\\/www.365mountainbike.it\\\/fantamtb\\\/#website\"},\"primaryImageOfPage\":{\"@id\":\"https:\\\/\\\/www.365mountainbike.it\\\/fantamtb\\\/storia-mtb\\\/enduro-mtb\\\/uci-enduro-world-cup-2025\\\/#primaryimage\"},\"image\":{\"@id\":\"https:\\\/\\\/www.365mountainbike.it\\\/fantamtb\\\/storia-mtb\\\/enduro-mtb\\\/uci-enduro-world-cup-2025\\\/#primaryimage\"},\"thumbnailUrl\":\"https:\\\/\\\/www.365mountainbike.it\\\/fantamtb\\\/wp-content\\\/uploads\\\/2024\\\/05\\\/mirco-vendemmia-finale-ligure.jpg\",\"datePublished\":\"2025-06-29T10:33:26+00:00\",\"dateModified\":\"2026-01-19T15:42:34+00:00\",\"author\":{\"@id\":\"https:\\\/\\\/www.365mountainbike.it\\\/fantamtb\\\/#\\\/schema\\\/person\\\/7b4a30b446207c8d00024d9717c3b63b\"},\"breadcrumb\":{\"@id\":\"https:\\\/\\\/www.365mountainbike.it\\\/fantamtb\\\/storia-mtb\\\/enduro-mtb\\\/uci-enduro-world-cup-2025\\\/#breadcrumb\"},\"inLanguage\":\"it-IT\",\"potentialAction\":[{\"@type\":\"ReadAction\",\"target\":[\"https:\\\/\\\/www.365mountainbike.it\\\/fantamtb\\\/storia-mtb\\\/enduro-mtb\\\/uci-enduro-world-cup-2025\\\/\"]}]},{\"@type\":\"ImageObject\",\"inLanguage\":\"it-IT\",\"@id\":\"https:\\\/\\\/www.365mountainbike.it\\\/fantamtb\\\/storia-mtb\\\/enduro-mtb\\\/uci-enduro-world-cup-2025\\\/#primaryimage\",\"url\":\"https:\\\/\\\/www.365mountainbike.it\\\/fantamtb\\\/wp-content\\\/uploads\\\/2024\\\/05\\\/mirco-vendemmia-finale-ligure.jpg\",\"contentUrl\":\"https:\\\/\\\/www.365mountainbike.it\\\/fantamtb\\\/wp-content\\\/uploads\\\/2024\\\/05\\\/mirco-vendemmia-finale-ligure.jpg\",\"width\":1800,\"height\":1200,\"caption\":\"mirco vendemmia finale ligure\"},{\"@type\":\"BreadcrumbList\",\"@id\":\"https:\\\/\\\/www.365mountainbike.it\\\/fantamtb\\\/storia-mtb\\\/enduro-mtb\\\/uci-enduro-world-cup-2025\\\/#breadcrumb\",\"itemListElement\":[{\"@type\":\"ListItem\",\"position\":1,\"name\":\"Home\",\"item\":\"https:\\\/\\\/www.365mountainbike.it\\\/fantamtb\\\/\"},{\"@type\":\"ListItem\",\"position\":2,\"name\":\"Storia MTB\",\"item\":\"https:\\\/\\\/www.365mountainbike.it\\\/fantamtb\\\/storia-mtb\\\/\"},{\"@type\":\"ListItem\",\"position\":3,\"name\":\"Enduro\",\"item\":\"https:\\\/\\\/www.365mountainbike.it\\\/fantamtb\\\/storia-mtb\\\/enduro-mtb\\\/\"},{\"@type\":\"ListItem\",\"position\":4,\"name\":\"EDR | Enduro World Series 2025\"}]},{\"@type\":\"WebSite\",\"@id\":\"https:\\\/\\\/www.365mountainbike.it\\\/fantamtb\\\/#website\",\"url\":\"https:\\\/\\\/www.365mountainbike.it\\\/fantamtb\\\/\",\"name\":\"FANTAmtb\",\"description\":\"Il FANTAciclismo della Mountain Bike (FANTAcycling)\",\"potentialAction\":[{\"@type\":\"SearchAction\",\"target\":{\"@type\":\"EntryPoint\",\"urlTemplate\":\"https:\\\/\\\/www.365mountainbike.it\\\/fantamtb\\\/?s={search_term_string}\"},\"query-input\":{\"@type\":\"PropertyValueSpecification\",\"valueRequired\":true,\"valueName\":\"search_term_string\"}}],\"inLanguage\":\"it-IT\"},{\"@type\":\"Person\",\"@id\":\"https:\\\/\\\/www.365mountainbike.it\\\/fantamtb\\\/#\\\/schema\\\/person\\\/7b4a30b446207c8d00024d9717c3b63b\",\"name\":\"FANTAmtb\",\"image\":{\"@type\":\"ImageObject\",\"inLanguage\":\"it-IT\",\"@id\":\"\\\/\\\/www.365mountainbike.it\\\/fantamtb\\\/wp-content\\\/uploads\\\/wpforo\\\/avatars\\\/davide_1.png\",\"url\":\"\\\/\\\/www.365mountainbike.it\\\/fantamtb\\\/wp-content\\\/uploads\\\/wpforo\\\/avatars\\\/davide_1.png\",\"contentUrl\":\"\\\/\\\/www.365mountainbike.it\\\/fantamtb\\\/wp-content\\\/uploads\\\/wpforo\\\/avatars\\\/davide_1.png\",\"caption\":\"FANTAmtb\"},\"sameAs\":[\"https:\\\/\\\/www.365mountainbike.it\\\/fantamtb\"],\"url\":\"https:\\\/\\\/www.365mountainbike.it\\\/fantamtb\\\/author\\\/davide\\\/\"}]}<\/script>\n<!-- \/ Yoast SEO plugin. -->","yoast_head_json":{"title":"Classifiche EDR | Enduro World Series 2025 | FANTAmtb","robots":{"index":"index","follow":"follow","max-snippet":"max-snippet:-1","max-image-preview":"max-image-preview:large","max-video-preview":"max-video-preview:-1"},"canonical":"https:\/\/www.365mountainbike.it\/fantamtb\/storia-mtb\/enduro-mtb\/uci-enduro-world-cup-2025\/","og_locale":"it_IT","og_type":"article","og_title":"Classifiche EDR | Enduro World Series 2025 | FANTAmtb","og_description":"La Coppa del Mondo UCI Enduro (EDR World Cup) 2025 vede un dominio ben definito tra gli \u00e9lite. Tra gli uomini, S\u0142awomir \u0141ukasik \u00e8 in testa con 2312 punti, seguito da Jesse Melamed con 1880 p. e Charles Murray con 1830pt. Questa graduatoria riflette una stagione consistente da parte di \u0141ukasik, capace di ritrovarsi per [&hellip;]","og_url":"https:\/\/www.365mountainbike.it\/fantamtb\/storia-mtb\/enduro-mtb\/uci-enduro-world-cup-2025\/","og_site_name":"FANTAmtb","article_published_time":"2025-06-29T10:33:26+00:00","article_modified_time":"2026-01-19T15:42:34+00:00","og_image":[{"width":1800,"height":1200,"url":"https:\/\/www.365mountainbike.it\/fantamtb\/wp-content\/uploads\/2024\/05\/mirco-vendemmia-finale-ligure.jpg","type":"image\/jpeg"}],"author":"FANTAmtb","twitter_card":"summary_large_image","twitter_misc":{"Scritto da":"FANTAmtb","Tempo di lettura stimato":"31 minuti"},"schema":{"@context":"https:\/\/schema.org","@graph":[{"@type":"Article","@id":"https:\/\/www.365mountainbike.it\/fantamtb\/storia-mtb\/enduro-mtb\/uci-enduro-world-cup-2025\/#article","isPartOf":{"@id":"https:\/\/www.365mountainbike.it\/fantamtb\/storia-mtb\/enduro-mtb\/uci-enduro-world-cup-2025\/"},"author":{"name":"FANTAmtb","@id":"https:\/\/www.365mountainbike.it\/fantamtb\/#\/schema\/person\/7b4a30b446207c8d00024d9717c3b63b"},"headline":"EDR | Enduro World Series 2025","datePublished":"2025-06-29T10:33:26+00:00","dateModified":"2026-01-19T15:42:34+00:00","mainEntityOfPage":{"@id":"https:\/\/www.365mountainbike.it\/fantamtb\/storia-mtb\/enduro-mtb\/uci-enduro-world-cup-2025\/"},"wordCount":391,"image":{"@id":"https:\/\/www.365mountainbike.it\/fantamtb\/storia-mtb\/enduro-mtb\/uci-enduro-world-cup-2025\/#primaryimage"},"thumbnailUrl":"https:\/\/www.365mountainbike.it\/fantamtb\/wp-content\/uploads\/2024\/05\/mirco-vendemmia-finale-ligure.jpg","keywords":["Alex Rudeau","Bielsko-Biala","Charles Murray","Daniel Booker","Ella Conolly","Elly Hoskin","Enduro World Series","Greg Callaghan","Harriet Harnden","Jack Moir","La Thuile","Leogang","Les Gets","Loudenvielle","Melanie Pugin","Morgane Charre","Nadine Ellecosta","Pietra Ligure","Raphaela Richter","Richie Rude","Simona Kuchynkova","Slawomir Lukasik","Val di Fassa","Winnifred Goldsbury"],"articleSection":["Enduro MTB"],"inLanguage":"it-IT"},{"@type":"WebPage","@id":"https:\/\/www.365mountainbike.it\/fantamtb\/storia-mtb\/enduro-mtb\/uci-enduro-world-cup-2025\/","url":"https:\/\/www.365mountainbike.it\/fantamtb\/storia-mtb\/enduro-mtb\/uci-enduro-world-cup-2025\/","name":"Classifiche EDR | Enduro World Series 2025 | FANTAmtb","isPartOf":{"@id":"https:\/\/www.365mountainbike.it\/fantamtb\/#website"},"primaryImageOfPage":{"@id":"https:\/\/www.365mountainbike.it\/fantamtb\/storia-mtb\/enduro-mtb\/uci-enduro-world-cup-2025\/#primaryimage"},"image":{"@id":"https:\/\/www.365mountainbike.it\/fantamtb\/storia-mtb\/enduro-mtb\/uci-enduro-world-cup-2025\/#primaryimage"},"thumbnailUrl":"https:\/\/www.365mountainbike.it\/fantamtb\/wp-content\/uploads\/2024\/05\/mirco-vendemmia-finale-ligure.jpg","datePublished":"2025-06-29T10:33:26+00:00","dateModified":"2026-01-19T15:42:34+00:00","author":{"@id":"https:\/\/www.365mountainbike.it\/fantamtb\/#\/schema\/person\/7b4a30b446207c8d00024d9717c3b63b"},"breadcrumb":{"@id":"https:\/\/www.365mountainbike.it\/fantamtb\/storia-mtb\/enduro-mtb\/uci-enduro-world-cup-2025\/#breadcrumb"},"inLanguage":"it-IT","potentialAction":[{"@type":"ReadAction","target":["https:\/\/www.365mountainbike.it\/fantamtb\/storia-mtb\/enduro-mtb\/uci-enduro-world-cup-2025\/"]}]},{"@type":"ImageObject","inLanguage":"it-IT","@id":"https:\/\/www.365mountainbike.it\/fantamtb\/storia-mtb\/enduro-mtb\/uci-enduro-world-cup-2025\/#primaryimage","url":"https:\/\/www.365mountainbike.it\/fantamtb\/wp-content\/uploads\/2024\/05\/mirco-vendemmia-finale-ligure.jpg","contentUrl":"https:\/\/www.365mountainbike.it\/fantamtb\/wp-content\/uploads\/2024\/05\/mirco-vendemmia-finale-ligure.jpg","width":1800,"height":1200,"caption":"mirco vendemmia finale ligure"},{"@type":"BreadcrumbList","@id":"https:\/\/www.365mountainbike.it\/fantamtb\/storia-mtb\/enduro-mtb\/uci-enduro-world-cup-2025\/#breadcrumb","itemListElement":[{"@type":"ListItem","position":1,"name":"Home","item":"https:\/\/www.365mountainbike.it\/fantamtb\/"},{"@type":"ListItem","position":2,"name":"Storia MTB","item":"https:\/\/www.365mountainbike.it\/fantamtb\/storia-mtb\/"},{"@type":"ListItem","position":3,"name":"Enduro","item":"https:\/\/www.365mountainbike.it\/fantamtb\/storia-mtb\/enduro-mtb\/"},{"@type":"ListItem","position":4,"name":"EDR | Enduro World Series 2025"}]},{"@type":"WebSite","@id":"https:\/\/www.365mountainbike.it\/fantamtb\/#website","url":"https:\/\/www.365mountainbike.it\/fantamtb\/","name":"FANTAmtb","description":"Il FANTAciclismo della Mountain Bike (FANTAcycling)","potentialAction":[{"@type":"SearchAction","target":{"@type":"EntryPoint","urlTemplate":"https:\/\/www.365mountainbike.it\/fantamtb\/?s={search_term_string}"},"query-input":{"@type":"PropertyValueSpecification","valueRequired":true,"valueName":"search_term_string"}}],"inLanguage":"it-IT"},{"@type":"Person","@id":"https:\/\/www.365mountainbike.it\/fantamtb\/#\/schema\/person\/7b4a30b446207c8d00024d9717c3b63b","name":"FANTAmtb","image":{"@type":"ImageObject","inLanguage":"it-IT","@id":"\/\/www.365mountainbike.it\/fantamtb\/wp-content\/uploads\/wpforo\/avatars\/davide_1.png","url":"\/\/www.365mountainbike.it\/fantamtb\/wp-content\/uploads\/wpforo\/avatars\/davide_1.png","contentUrl":"\/\/www.365mountainbike.it\/fantamtb\/wp-content\/uploads\/wpforo\/avatars\/davide_1.png","caption":"FANTAmtb"},"sameAs":["https:\/\/www.365mountainbike.it\/fantamtb"],"url":"https:\/\/www.365mountainbike.it\/fantamtb\/author\/davide\/"}]}},"gt_translate_keys":[{"key":"link","format":"url"}],"_links":{"self":[{"href":"https:\/\/www.365mountainbike.it\/fantamtb\/wp-json\/wp\/v2\/posts\/24777","targetHints":{"allow":["GET"]}}],"collection":[{"href":"https:\/\/www.365mountainbike.it\/fantamtb\/wp-json\/wp\/v2\/posts"}],"about":[{"href":"https:\/\/www.365mountainbike.it\/fantamtb\/wp-json\/wp\/v2\/types\/post"}],"author":[{"embeddable":true,"href":"https:\/\/www.365mountainbike.it\/fantamtb\/wp-json\/wp\/v2\/users\/1"}],"replies":[{"embeddable":true,"href":"https:\/\/www.365mountainbike.it\/fantamtb\/wp-json\/wp\/v2\/comments?post=24777"}],"version-history":[{"count":6,"href":"https:\/\/www.365mountainbike.it\/fantamtb\/wp-json\/wp\/v2\/posts\/24777\/revisions"}],"predecessor-version":[{"id":25209,"href":"https:\/\/www.365mountainbike.it\/fantamtb\/wp-json\/wp\/v2\/posts\/24777\/revisions\/25209"}],"wp:featuredmedia":[{"embeddable":true,"href":"https:\/\/www.365mountainbike.it\/fantamtb\/wp-json\/wp\/v2\/media\/24306"}],"wp:attachment":[{"href":"https:\/\/www.365mountainbike.it\/fantamtb\/wp-json\/wp\/v2\/media?parent=24777"}],"wp:term":[{"taxonomy":"category","embeddable":true,"href":"https:\/\/www.365mountainbike.it\/fantamtb\/wp-json\/wp\/v2\/categories?post=24777"},{"taxonomy":"post_tag","embeddable":true,"href":"https:\/\/www.365mountainbike.it\/fantamtb\/wp-json\/wp\/v2\/tags?post=24777"}],"curies":[{"name":"wp","href":"https:\/\/api.w.org\/{rel}","templated":true}]}}