{"id":24775,"date":"2025-06-29T08:00:40","date_gmt":"2025-06-29T08:00:40","guid":{"rendered":"https:\/\/www.365mountainbike.it\/fantamtb\/?p=24775"},"modified":"2026-02-04T12:29:02","modified_gmt":"2026-02-04T12:29:02","slug":"uci-mountain-bike-coppa-del-mondo-2025-dh","status":"publish","type":"post","link":"https:\/\/www.365mountainbike.it\/fantamtb\/storia-mtb\/downhill-dh\/uci-mountain-bike-coppa-del-mondo-2025-dh\/","title":{"rendered":"UCI Mountain Bike Coppa del Mondo 2025 DH","gt_translate_keys":[{"key":"rendered","format":"text"}]},"content":{"rendered":"\n<p>Tra le donne Elite la stagione \u00e8 stata equilibrata, con Valentina H\u00f6ll che ha finalmente conquistato pi\u00f9 vittorie cruciali (inclusa Lake Placid) e si \u00e8 assicurata il titolo generale grazie a consistenza e prestazioni solide. Gracey Hemstreet ha vinto alcune prove e ha lottato per la leadership, ma alla fine non \u00e8 riuscita a insidiare il primato di H\u00f6ll.<\/p>\n\n\n\n<p>Tra gli Uomini Elite, Jackson Goldstone \u00e8 stato praticamente dominante anche se ha avuto degli alti e bassi che hanno permesso al fuoriclasse Loic Bruni, super costante, di arrivare all&#8217;ultima prova di Coppa ancora in lotta. Goldstone ha vinto molte prove World Cup, e nel finale di stagione ha chiuso in testa alla classifica generale, eguagliando record di vittorie consecutive in DH World Cup.<\/p>\n\n\n\n<p><\/p>\n\n\n\n<figure class=\"wp-block-table is-style-stripes\"><table class=\"has-black-color has-text-color\"><tbody><tr><td><img loading=\"lazy\" decoding=\"async\" width=\"20\" height=\"14\" src=\"https:\/\/www.365mountainbike.it\/fantamtb\/wp-content\/images\/pol.png\" alt=\"POL\"> Bielsko-Biala<br>&#8211; <a href=\"https:\/\/www.365mountainbike.it\/mondo-gare\/sempre-loic-bruni-allapertura-coppa-del-mondo-dh-a-bielsko-biala\/\" target=\"_blank\" rel=\"noreferrer noopener\">REPORT UOMINI<\/a><br>&#8211; <a href=\"https:\/\/www.365mountainbike.it\/mondo-gare\/sempre-loic-bruni-allapertura-coppa-del-mondo-dh-a-bielsko-biala\/\" target=\"_blank\" rel=\"noreferrer noopener\">REPORT DONNE<\/a><br>&#8211;<em> <a href=\"http:\/\/www.365mountainbike.it\/fantamtb\/wp-content\/images\/results\/worldcup_dh\/2025_bielskobiala_juniorm.pdf\" target=\"_blank\" rel=\"noreferrer noopener\">JUN M<\/a><\/em> <em>| <a href=\"http:\/\/www.365mountainbike.it\/fantamtb\/wp-content\/images\/results\/worldcup_dh\/2025_bielskobiala_juniorw.pdf\" target=\"_blank\" rel=\"noreferrer noopener\">JUN W<\/a><\/em><\/td><td><img decoding=\"async\" border=\"0\" style=\"border: 0pt none;\" src=\"\/fantamtb\/wp-content\/images\/1.png\" alt=\"prima posizione\">&nbsp;<img loading=\"lazy\" decoding=\"async\" width=\"19\" height=\"13\" border=\"0\" style=\"border: 0pt none;\" src=\"\/fantamtb\/wp-content\/images\/fra.png\" alt=\"France\">&nbsp;<a href=\"https:\/\/www.365mountainbike.it\/fantamtb\/storia-mtb\/atleti\/loic-bruni\/\">Loic BRUNI<\/a><br><img decoding=\"async\" border=\"0\" style=\"border: 0pt none;\" src=\"\/fantamtb\/wp-content\/images\/2.png\" alt=\"seconda posizione\"> <img loading=\"lazy\" decoding=\"async\" width=\"19\" height=\"13\" border=\"0\" style=\"border: 0pt none;\" src=\"\/fantamtb\/wp-content\/images\/irl.png\" alt=\"Ireland\">&nbsp;<a href=\"https:\/\/www.365mountainbike.it\/fantamtb\/atleti\/oisin-ocallaghan\/\">Oisin O&#8217;CALLAGHAN<\/a><br><img decoding=\"async\" border=\"0\" style=\"border: 0pt none;\" src=\"\/fantamtb\/wp-content\/images\/3.png\" alt=\"terza posizione\">&nbsp;<img loading=\"lazy\" decoding=\"async\" width=\"19\" height=\"13\" border=\"0\" style=\"border: 0pt none;\" src=\"\/fantamtb\/wp-content\/images\/fra.png\" alt=\"France\">&nbsp;<a href=\"https:\/\/www.365mountainbike.it\/fantamtb\/atleti\/amaury-pierron\/\">Amaury PIERRON<\/a><\/td><td><img decoding=\"async\" border=\"0\" style=\"border: 0pt none;\" src=\"\/fantamtb\/wp-content\/images\/1.png\" alt=\"prima posizione\"> <img loading=\"lazy\" decoding=\"async\" width=\"19\" height=\"13\" src=\"https:\/\/www.365mountainbike.it\/fantamtb\/wp-content\/images\/gbr.png\" alt=\"Great Britain\">&nbsp;<a href=\"https:\/\/www.365mountainbike.it\/fantamtb\/storia-mtb\/atleti\/tahnee-seagrave\/\">Tahnee SEAGRAVE<\/a><br><img decoding=\"async\" border=\"0\" style=\"border: 0pt none;\" src=\"\/fantamtb\/wp-content\/images\/2.png\" alt=\"seconda posizione\">&nbsp;<img loading=\"lazy\" decoding=\"async\" width=\"19\" height=\"13\" src=\"https:\/\/www.365mountainbike.it\/fantamtb\/wp-content\/images\/usa.png\" alt=\"USA\"> Anna NEWKIRK<br><img decoding=\"async\" border=\"0\" style=\"border: 0pt none;\" src=\"\/fantamtb\/wp-content\/images\/3.png\" alt=\"terza posizione\"> <img loading=\"lazy\" decoding=\"async\" width=\"20\" height=\"16\" src=\"https:\/\/www.365mountainbike.it\/fantamtb\/wp-content\/images\/ger.png\" alt=\"GER\"> <a href=\"https:\/\/www.365mountainbike.it\/fantamtb\/atleti\/nina-hoffmann\/\"><\/a><a href=\"https:\/\/www.365mountainbike.it\/fantamtb\/storia-mtb\/atleti\/nina-hoffmann\/\">Nina HOFFMANN<\/a><\/td><\/tr><tr><td><\/td><td><\/td><td><\/td><\/tr><tr><td><img loading=\"lazy\" decoding=\"async\" width=\"19\" height=\"13\" src=\"https:\/\/www.365mountainbike.it\/fantamtb\/wp-content\/images\/fra.png\" alt=\"France\"> Loudenvielle<br>&#8211; <a href=\"https:\/\/www.365mountainbike.it\/news\/coppa-del-mondo-dh-spettacolare-goldstone-a-loudenvielle\/\" target=\"_blank\" rel=\"noreferrer noopener\">REPORT UOMINI<\/a><br>&#8211; <a href=\"https:\/\/www.365mountainbike.it\/mondo-gare\/loudenvielle-coppa-del-mondo-dh-gracey-hemstrett-batte-vali-holl\/\" target=\"_blank\" rel=\"noreferrer noopener\">REPORT DONNE<\/a><br>&#8211; <a href=\"https:\/\/www.365mountainbike.it\/fantamtb\/wp-content\/images\/results\/worldcup_dh\/2025_loudenvielle_juniorm.pdf\" target=\"_blank\" rel=\"noreferrer noopener\">JUN M<\/a> | <a href=\"https:\/\/www.365mountainbike.it\/fantamtb\/wp-content\/images\/results\/worldcup_dh\/2025_loudenvielle_juniorw.pdf\" target=\"_blank\" rel=\"noreferrer noopener\">JUN W<\/a><\/td><td><img decoding=\"async\" border=\"0\" style=\"border: 0pt none;\" src=\"\/fantamtb\/wp-content\/images\/1.png\" alt=\"prima posizione\">&nbsp;<img loading=\"lazy\" decoding=\"async\" width=\"19\" height=\"13\" src=\"https:\/\/www.365mountainbike.it\/fantamtb\/wp-content\/images\/can.png\" alt=\"Canada\"> <a href=\"https:\/\/www.365mountainbike.it\/fantamtb\/atleti\/jackson-goldstone\/\">Jackson GOLDSTONE<\/a><br><img decoding=\"async\" border=\"0\" style=\"border: 0pt none;\" src=\"\/fantamtb\/wp-content\/images\/2.png\" alt=\"seconda posizione\"> <img loading=\"lazy\" decoding=\"async\" width=\"19\" height=\"13\" border=\"0\" style=\"border: 0pt none;\" src=\"\/fantamtb\/wp-content\/images\/fra.png\" alt=\"France\">&nbsp;<a href=\"https:\/\/www.365mountainbike.it\/fantamtb\/atleti\/amaury-pierron\/\">Amaury PIERRON<\/a><br><img decoding=\"async\" border=\"0\" style=\"border: 0pt none;\" src=\"\/fantamtb\/wp-content\/images\/3.png\" alt=\"terza posizione\"> <img loading=\"lazy\" decoding=\"async\" width=\"19\" height=\"13\" src=\"https:\/\/www.365mountainbike.it\/fantamtb\/wp-content\/images\/gbr.png\" alt=\"Great Britain\"> Jordan WILLIAMS<\/td><td><img decoding=\"async\" border=\"0\" style=\"border: 0pt none;\" src=\"\/fantamtb\/wp-content\/images\/1.png\" alt=\"prima posizione\">&nbsp;<img loading=\"lazy\" decoding=\"async\" width=\"19\" height=\"13\" src=\"https:\/\/www.365mountainbike.it\/fantamtb\/wp-content\/images\/can.png\" alt=\"Canada\"> <a href=\"https:\/\/www.365mountainbike.it\/fantamtb\/tag\/gracey-hemstreet\/\">Gracey HEMSTREET<\/a><br><img decoding=\"async\" border=\"0\" style=\"border: 0pt none;\" src=\"\/fantamtb\/wp-content\/images\/2.png\" alt=\"seconda posizione\">&nbsp;<img loading=\"lazy\" decoding=\"async\" width=\"20\" height=\"14\" src=\"https:\/\/www.365mountainbike.it\/fantamtb\/wp-content\/images\/aut.png\" alt=\"Austria\"> <a href=\"https:\/\/www.365mountainbike.it\/fantamtb\/storia-mtb\/atleti\/valentina-holl\/\">Valentina HOLL<\/a><br><img decoding=\"async\" border=\"0\" style=\"border: 0pt none;\" src=\"\/fantamtb\/wp-content\/images\/3.png\" alt=\"terza posizione\"> <img loading=\"lazy\" decoding=\"async\" width=\"19\" height=\"13\" src=\"https:\/\/www.365mountainbike.it\/fantamtb\/wp-content\/images\/gbr.png\" alt=\"Great Britain\">&nbsp;<a href=\"https:\/\/www.365mountainbike.it\/fantamtb\/storia-mtb\/atleti\/tahnee-seagrave\/\">Tahnee SEAGRAVE<\/a><\/td><\/tr><tr><td><\/td><td><\/td><td><\/td><\/tr><tr><td><img loading=\"lazy\" decoding=\"async\" width=\"20\" height=\"14\" src=\"https:\/\/www.365mountainbike.it\/fantamtb\/wp-content\/images\/aut.png\" alt=\"Austria\"> Leogang<br>&#8211; <a href=\"https:\/\/www.365mountainbike.it\/mondo-gare\/a-leogang-ancora-canada-con-gracey-hemstreet-e-jackson-goldstone\/\" target=\"_blank\" rel=\"noreferrer noopener\">REPORT UOMINI<\/a><br>&#8211; <a href=\"https:\/\/www.365mountainbike.it\/mondo-gare\/a-leogang-ancora-canada-con-gracey-hemstreet-e-jackson-goldstone\/\" target=\"_blank\" rel=\"noreferrer noopener\">REPORT DONNE<\/a><br>&#8211; <a href=\"https:\/\/www.365mountainbike.it\/fantamtb\/wp-content\/images\/results\/worldcup_dh\/2025_leogang_juniorm.pdf\" target=\"_blank\" rel=\"noreferrer noopener\">JUN M<\/a> | <a href=\"https:\/\/www.365mountainbike.it\/fantamtb\/wp-content\/images\/results\/worldcup_dh\/2025_leogang_juniorw.pdf\" target=\"_blank\" rel=\"noreferrer noopener\">JUN W<\/a><\/td><td><img decoding=\"async\" border=\"0\" style=\"border: 0pt none;\" src=\"\/fantamtb\/wp-content\/images\/1.png\" alt=\"prima posizione\">&nbsp;<img loading=\"lazy\" decoding=\"async\" width=\"19\" height=\"13\" src=\"https:\/\/www.365mountainbike.it\/fantamtb\/wp-content\/images\/can.png\" alt=\"Canada\"> <a href=\"https:\/\/www.365mountainbike.it\/fantamtb\/atleti\/jackson-goldstone\/\">Jackson GOLDSTONE<\/a><br><img decoding=\"async\" border=\"0\" style=\"border: 0pt none;\" src=\"\/fantamtb\/wp-content\/images\/2.png\" alt=\"seconda posizione\"> <img loading=\"lazy\" decoding=\"async\" width=\"19\" height=\"13\" border=\"0\" style=\"border: 0pt none;\" src=\"\/fantamtb\/wp-content\/images\/fra.png\" alt=\"France\">&nbsp;<a href=\"https:\/\/www.365mountainbike.it\/fantamtb\/storia-mtb\/atleti\/loic-bruni\/\">Loic BRUNI<\/a><br><img decoding=\"async\" border=\"0\" style=\"border: 0pt none;\" src=\"\/fantamtb\/wp-content\/images\/3.png\" alt=\"terza posizione\"> <img loading=\"lazy\" decoding=\"async\" width=\"19\" height=\"13\" src=\"https:\/\/www.365mountainbike.it\/fantamtb\/wp-content\/images\/ger.png\" alt=\"Germania\"> <a href=\"https:\/\/www.365mountainbike.it\/fantamtb\/tag\/henri-kiefer\/\">Henri KIEFER<\/a><\/td><td><img decoding=\"async\" border=\"0\" style=\"border: 0pt none;\" src=\"\/fantamtb\/wp-content\/images\/1.png\" alt=\"prima posizione\"> <img loading=\"lazy\" decoding=\"async\" width=\"19\" height=\"13\" src=\"https:\/\/www.365mountainbike.it\/fantamtb\/wp-content\/images\/can.png\" alt=\"Canada\"> <a href=\"https:\/\/www.365mountainbike.it\/fantamtb\/tag\/gracey-hemstreet\/\">Gracey HEMSTREET<\/a><br><img decoding=\"async\" border=\"0\" style=\"border: 0pt none;\" src=\"\/fantamtb\/wp-content\/images\/2.png\" alt=\"seconda posizione\">&nbsp;<img loading=\"lazy\" decoding=\"async\" width=\"19\" height=\"13\" src=\"https:\/\/www.365mountainbike.it\/fantamtb\/wp-content\/images\/usa.png\" alt=\"USA\"> Anna NEWKIRK<br><img decoding=\"async\" border=\"0\" style=\"border: 0pt none;\" src=\"\/fantamtb\/wp-content\/images\/3.png\" alt=\"terza posizione\"> <img loading=\"lazy\" decoding=\"async\" width=\"20\" height=\"14\" src=\"https:\/\/www.365mountainbike.it\/fantamtb\/wp-content\/images\/aut.png\" alt=\"Austria\"> <a href=\"https:\/\/www.365mountainbike.it\/fantamtb\/storia-mtb\/atleti\/valentina-holl\/\">Valentina HOLL<\/a><\/td><\/tr><tr><td><\/td><td><\/td><td><\/td><\/tr><tr><td><img loading=\"lazy\" decoding=\"async\" width=\"19\" height=\"13\" src=\"https:\/\/www.365mountainbike.it\/fantamtb\/wp-content\/images\/ita.png\" alt=\"ITA\">&nbsp;Val di Sole<br>&#8211; <a href=\"https:\/\/www.365mountainbike.it\/mondo-gare\/la-val-di-sole-applaude-il-capolavoro-di-jackson-goldstone\/\" target=\"_blank\" rel=\"noreferrer noopener\">REPORT UOMINI<\/a><br>&#8211; <a href=\"https:\/\/www.365mountainbike.it\/mondo-gare\/downhill-6-anni-dopo-marine-caribou-e-regina-della-black-snake\/\" target=\"_blank\" rel=\"noreferrer noopener\">REPORT DONNE<\/a><br>&#8211;<em> <a href=\"https:\/\/www.365mountainbike.it\/mondo-gare\/downhill-val-di-sole-tra-gli-junior-dominio-dei-gemelli-alran\/\">JUNIOR<\/a><\/em><\/td><td><img decoding=\"async\" border=\"0\" style=\"border: 0pt none;\" src=\"\/fantamtb\/wp-content\/images\/1.png\" alt=\"prima posizione\">&nbsp;<img loading=\"lazy\" decoding=\"async\" width=\"19\" height=\"13\" src=\"https:\/\/www.365mountainbike.it\/fantamtb\/wp-content\/images\/can.png\" alt=\"Canada\"> <a href=\"https:\/\/www.365mountainbike.it\/fantamtb\/atleti\/jackson-goldstone\/\">Jackson GOLDSTONE<\/a><br><img decoding=\"async\" border=\"0\" style=\"border: 0pt none;\" src=\"\/fantamtb\/wp-content\/images\/2.png\" alt=\"seconda posizione\"> <img loading=\"lazy\" decoding=\"async\" width=\"19\" height=\"13\" src=\"https:\/\/www.365mountainbike.it\/fantamtb\/wp-content\/images\/aus.png\" alt=\"AUS\"> <a href=\"https:\/\/www.365mountainbike.it\/fantamtb\/atleti\/troy-brosnan\/\">Troy BROSNAN<\/a><br><img decoding=\"async\" border=\"0\" style=\"border: 0pt none;\" src=\"\/fantamtb\/wp-content\/images\/3.png\" alt=\"terza posizione\">&nbsp;<img loading=\"lazy\" decoding=\"async\" width=\"19\" height=\"13\" border=\"0\" style=\"border: 0pt none;\" src=\"\/fantamtb\/wp-content\/images\/fra.png\" alt=\"France\">&nbsp;<a href=\"https:\/\/www.365mountainbike.it\/fantamtb\/atleti\/thibaut-daprela\/\">Thibaut DAPRELA<\/a><\/td><td><img decoding=\"async\" border=\"0\" style=\"border: 0pt none;\" src=\"\/fantamtb\/wp-content\/images\/1.png\" alt=\"prima posizione\"> <img loading=\"lazy\" decoding=\"async\" width=\"19\" height=\"13\" border=\"0\" style=\"border: 0pt none;\" src=\"\/fantamtb\/wp-content\/images\/fra.png\" alt=\"France\"> <a href=\"https:\/\/www.365mountainbike.it\/fantamtb\/atleti\/marine-cabirou\/\">Marine CABIROU<\/a><br><img decoding=\"async\" border=\"0\" style=\"border: 0pt none;\" src=\"\/fantamtb\/wp-content\/images\/2.png\" alt=\"seconda posizione\"> <img loading=\"lazy\" decoding=\"async\" width=\"20\" height=\"14\" src=\"https:\/\/www.365mountainbike.it\/fantamtb\/wp-content\/images\/aut.png\" alt=\"Austria\"> <a href=\"https:\/\/www.365mountainbike.it\/fantamtb\/storia-mtb\/atleti\/valentina-holl\/\">Valentina HOLL<\/a><br><img decoding=\"async\" border=\"0\" style=\"border: 0pt none;\" src=\"\/fantamtb\/wp-content\/images\/3.png\" alt=\"terza posizione\"> <img loading=\"lazy\" decoding=\"async\" width=\"19\" height=\"13\" border=\"0\" style=\"border: 0pt none;\" src=\"\/fantamtb\/wp-content\/images\/slo.png\" alt=\"Slovenia\"> <a href=\"https:\/\/www.365mountainbike.it\/fantamtb\/atleti\/monika-hrastnik\/\">Monika HRASTNIK<\/a><\/td><\/tr><tr><td><\/td><td><\/td><td><\/td><\/tr><tr><td><img loading=\"lazy\" decoding=\"async\" width=\"19\" height=\"13\" src=\"https:\/\/www.365mountainbike.it\/fantamtb\/wp-content\/images\/ita.png\" alt=\"ITA\"> La Thuille<br>&#8211; <a href=\"https:\/\/www.365mountainbike.it\/mondo-gare\/coppa-del-mondo-dh-jackson-goldstone-4-su-4-a-la-thuile\/\" target=\"_blank\" rel=\"noreferrer noopener\">REPORT UOMINI<\/a><br>&#8211; <a href=\"https:\/\/www.365mountainbike.it\/mondo-gare\/coppa-del-mondo-dh-nina-hoffman-vince-a-la-thuile\/\" target=\"_blank\" rel=\"noreferrer noopener\">REPORT DONNE<\/a><br>&#8211; <em><a href=\"https:\/\/www.365mountainbike.it\/fantamtb\/wp-content\/images\/results\/worldcup_dh\/2025_lathuile_juniorm.pdf\" target=\"_blank\" rel=\"noreferrer noopener\">JUN M<\/a><\/em> <em>| <a href=\"https:\/\/www.365mountainbike.it\/fantamtb\/wp-content\/images\/results\/worldcup_dh\/2025_lathuile_juniorw.pdf\" target=\"_blank\" rel=\"noreferrer noopener\">JUN W<\/a><\/em><\/td><td><img decoding=\"async\" border=\"0\" style=\"border: 0pt none;\" src=\"\/fantamtb\/wp-content\/images\/1.png\" alt=\"prima posizione\"> <img loading=\"lazy\" decoding=\"async\" width=\"19\" height=\"13\" src=\"https:\/\/www.365mountainbike.it\/fantamtb\/wp-content\/images\/can.png\" alt=\"Canada\"> <a href=\"https:\/\/www.365mountainbike.it\/fantamtb\/atleti\/jackson-goldstone\/\">Jackson GOLDSTONE<\/a><br><img decoding=\"async\" border=\"0\" style=\"border: 0pt none;\" src=\"\/fantamtb\/wp-content\/images\/2.png\" alt=\"seconda posizione\"> <img loading=\"lazy\" decoding=\"async\" width=\"19\" height=\"13\" border=\"0\" style=\"border: 0pt none;\" src=\"\/fantamtb\/wp-content\/images\/fra.png\" alt=\"France\">&nbsp;<a href=\"https:\/\/www.365mountainbike.it\/fantamtb\/atleti\/loris-vergier\/\">Loris VERGIER<\/a><br><img decoding=\"async\" border=\"0\" style=\"border: 0pt none;\" src=\"\/fantamtb\/wp-content\/images\/3.png\" alt=\"terza posizione\"> <img loading=\"lazy\" decoding=\"async\" width=\"19\" height=\"13\" border=\"0\" style=\"border: 0pt none;\" src=\"\/fantamtb\/wp-content\/images\/fra.png\" alt=\"France\">&nbsp;<a href=\"https:\/\/www.365mountainbike.it\/fantamtb\/storia-mtb\/atleti\/loic-bruni\/\">Loic BRUNI<\/a><\/td><td><img decoding=\"async\" border=\"0\" style=\"border: 0pt none;\" src=\"\/fantamtb\/wp-content\/images\/1.png\" alt=\"prima posizione\"> <img loading=\"lazy\" decoding=\"async\" width=\"20\" height=\"16\" src=\"https:\/\/www.365mountainbike.it\/fantamtb\/wp-content\/images\/ger.png\" alt=\"GER\"> <a href=\"https:\/\/www.365mountainbike.it\/fantamtb\/atleti\/nina-hoffmann\/\"><\/a><a href=\"https:\/\/www.365mountainbike.it\/fantamtb\/storia-mtb\/atleti\/nina-hoffmann\/\">Nina HOFFMANN<\/a><br><img decoding=\"async\" border=\"0\" style=\"border: 0pt none;\" src=\"\/fantamtb\/wp-content\/images\/2.png\" alt=\"seconda posizione\"> <img loading=\"lazy\" decoding=\"async\" width=\"20\" height=\"14\" src=\"https:\/\/www.365mountainbike.it\/fantamtb\/wp-content\/images\/aut.png\" alt=\"Austria\"> <a href=\"https:\/\/www.365mountainbike.it\/fantamtb\/storia-mtb\/atleti\/valentina-holl\/\">Valentina HOLL<\/a><br><img decoding=\"async\" border=\"0\" style=\"border: 0pt none;\" src=\"\/fantamtb\/wp-content\/images\/3.png\" alt=\"terza posizione\"> <img loading=\"lazy\" decoding=\"async\" width=\"19\" height=\"13\" src=\"https:\/\/www.365mountainbike.it\/fantamtb\/wp-content\/images\/can.png\" alt=\"Canada\"> <a href=\"https:\/\/www.365mountainbike.it\/fantamtb\/tag\/gracey-hemstreet\/\">Gracey HEMSTREET<\/a><\/td><\/tr><tr><td><\/td><td><\/td><td><\/td><\/tr><tr><td><img loading=\"lazy\" decoding=\"async\" width=\"19\" height=\"13\" src=\"https:\/\/www.365mountainbike.it\/fantamtb\/wp-content\/images\/and.png\" alt=\"AND\"> Pal Arinsal<br>&#8211; <a href=\"https:\/\/www.365mountainbike.it\/mondo-gare\/coppa-del-mondo-dh-loic-bruni-davanti-a-jackson-goldstone-a-pal-arinsal\/\" target=\"_blank\" rel=\"noreferrer noopener\">REPORT UOMINI<\/a><br>&#8211; <a href=\"https:\/\/www.365mountainbike.it\/mondo-gare\/coppa-del-mondo-dh-vali-holl-ancora-2-vince-tahnee-seagrave\/\" target=\"_blank\" rel=\"noreferrer noopener\">REPORT DONNE<\/a><br>&#8211; <em>JUN M<\/em> <em>| JUN W<\/em><\/td><td><img decoding=\"async\" border=\"0\" style=\"border: 0pt none;\" src=\"\/fantamtb\/wp-content\/images\/1.png\" alt=\"prima posizione\"> <img loading=\"lazy\" decoding=\"async\" width=\"19\" height=\"13\" border=\"0\" style=\"border: 0pt none;\" src=\"\/fantamtb\/wp-content\/images\/fra.png\" alt=\"France\">&nbsp;<a href=\"https:\/\/www.365mountainbike.it\/fantamtb\/storia-mtb\/atleti\/loic-bruni\/\">Loic BRUNI<\/a><br><img decoding=\"async\" border=\"0\" style=\"border: 0pt none;\" src=\"\/fantamtb\/wp-content\/images\/2.png\" alt=\"seconda posizione\"> <img loading=\"lazy\" decoding=\"async\" width=\"19\" height=\"13\" src=\"https:\/\/www.365mountainbike.it\/fantamtb\/wp-content\/images\/can.png\" alt=\"Canada\"> <a href=\"https:\/\/www.365mountainbike.it\/fantamtb\/atleti\/jackson-goldstone\/\">Jackson GOLDSTONE<\/a><br><img decoding=\"async\" border=\"0\" style=\"border: 0pt none;\" src=\"\/fantamtb\/wp-content\/images\/3.png\" alt=\"terza posizione\"> <img loading=\"lazy\" decoding=\"async\" width=\"19\" height=\"13\" border=\"0\" style=\"border: 0pt none;\" src=\"\/fantamtb\/wp-content\/images\/fra.png\" alt=\"France\">&nbsp;<a href=\"https:\/\/www.365mountainbike.it\/fantamtb\/atleti\/loris-vergier\/\">Loris VERGIER<\/a><\/td><td><img decoding=\"async\" border=\"0\" style=\"border: 0pt none;\" src=\"\/fantamtb\/wp-content\/images\/1.png\" alt=\"prima posizione\"> <img loading=\"lazy\" decoding=\"async\" width=\"19\" height=\"13\" src=\"https:\/\/www.365mountainbike.it\/fantamtb\/wp-content\/images\/gbr.png\" alt=\"Great Britain\">&nbsp;<a href=\"https:\/\/www.365mountainbike.it\/fantamtb\/storia-mtb\/atleti\/tahnee-seagrave\/\">Tahnee SEAGRAVE<\/a><br><img decoding=\"async\" border=\"0\" style=\"border: 0pt none;\" src=\"\/fantamtb\/wp-content\/images\/2.png\" alt=\"seconda posizione\"> <img loading=\"lazy\" decoding=\"async\" width=\"20\" height=\"14\" src=\"https:\/\/www.365mountainbike.it\/fantamtb\/wp-content\/images\/aut.png\" alt=\"Austria\"> <a href=\"https:\/\/www.365mountainbike.it\/fantamtb\/storia-mtb\/atleti\/valentina-holl\/\">Valentina HOLL<\/a><br><img decoding=\"async\" border=\"0\" style=\"border: 0pt none;\" src=\"\/fantamtb\/wp-content\/images\/3.png\" alt=\"terza posizione\"> <img loading=\"lazy\" decoding=\"async\" width=\"20\" height=\"14\" src=\"https:\/\/www.365mountainbike.it\/fantamtb\/wp-content\/images\/nor.png\" alt=\"Norway\"> Mille JOHNSET<\/td><\/tr><tr><td><\/td><td><\/td><td><\/td><\/tr><tr><td><img loading=\"lazy\" decoding=\"async\" width=\"19\" height=\"13\" border=\"0\" style=\"border: 0pt none;\" src=\"\/fantamtb\/wp-content\/images\/fra.png\" alt=\"France\"> Les Gets<br>&#8211; <a href=\"https:\/\/www.365mountainbike.it\/mondo-gare\/coppa-del-mondo-dh-hemstreet-e-dunne-vincitori-a-les-gets\/\">REPORT UOMINI<\/a><br>&#8211; <a href=\"https:\/\/www.365mountainbike.it\/mondo-gare\/coppa-del-mondo-dh-hemstreet-e-dunne-vincitori-a-les-gets\/\">REPORT DONNE<\/a><br>&#8211; <em><a href=\"https:\/\/www.365mountainbike.it\/fantamtb\/wp-content\/images\/results\/worldcup_dh\/2025_lesgets_juniorm.pdf\">JUN M<\/a><\/em> <em>| <a href=\"https:\/\/www.365mountainbike.it\/fantamtb\/wp-content\/images\/results\/worldcup_dh\/2025_lesgets_juniorw.pdf\" target=\"_blank\" rel=\"noreferrer noopener\">JUN W<\/a><\/em><\/td><td><img decoding=\"async\" border=\"0\" style=\"border: 0pt none;\" src=\"\/fantamtb\/wp-content\/images\/1.png\" alt=\"prima posizione\"> <img loading=\"lazy\" decoding=\"async\" width=\"19\" height=\"13\" border=\"0\" style=\"border: 0pt none;\" src=\"\/fantamtb\/wp-content\/images\/irl.png\" alt=\"Ireland\">&nbsp;Ronan DUNNE<br><img decoding=\"async\" border=\"0\" style=\"border: 0pt none;\" src=\"\/fantamtb\/wp-content\/images\/2.png\" alt=\"seconda posizione\"> <img loading=\"lazy\" decoding=\"async\" width=\"19\" height=\"13\" src=\"https:\/\/www.365mountainbike.it\/fantamtb\/wp-content\/images\/bel.png\" alt=\"Belgium\"> <a href=\"https:\/\/www.365mountainbike.it\/fantamtb\/atleti\/martin-maes\/\">Martin MAES<\/a><br><img decoding=\"async\" border=\"0\" style=\"border: 0pt none;\" src=\"\/fantamtb\/wp-content\/images\/3.png\" alt=\"terza posizione\"> <img loading=\"lazy\" decoding=\"async\" width=\"20\" height=\"14\" src=\"https:\/\/www.365mountainbike.it\/fantamtb\/wp-content\/images\/aut.png\" alt=\"Austria\"> <a href=\"https:\/\/www.365mountainbike.it\/fantamtb\/atleti\/andreas-kolb\/\">Andreas KOLB<\/a><\/td><td><img decoding=\"async\" border=\"0\" style=\"border: 0pt none;\" src=\"\/fantamtb\/wp-content\/images\/1.png\" alt=\"prima posizione\"> <img loading=\"lazy\" decoding=\"async\" width=\"19\" height=\"13\" src=\"https:\/\/www.365mountainbike.it\/fantamtb\/wp-content\/images\/can.png\" alt=\"Canada\"> <a href=\"https:\/\/www.365mountainbike.it\/fantamtb\/tag\/gracey-hemstreet\/\">Gracey HEMSTREET<\/a><br><img decoding=\"async\" border=\"0\" style=\"border: 0pt none;\" src=\"\/fantamtb\/wp-content\/images\/2.png\" alt=\"seconda posizione\"> <img loading=\"lazy\" decoding=\"async\" width=\"19\" height=\"13\" border=\"0\" style=\"border: 0pt none;\" src=\"\/fantamtb\/wp-content\/images\/fra.png\" alt=\"France\"> <a href=\"https:\/\/www.365mountainbike.it\/fantamtb\/atleti\/marine-cabirou\/\">Marine CABIROU<\/a><br><img decoding=\"async\" border=\"0\" style=\"border: 0pt none;\" src=\"\/fantamtb\/wp-content\/images\/3.png\" alt=\"terza posizione\"> <img loading=\"lazy\" decoding=\"async\" width=\"20\" height=\"14\" src=\"https:\/\/www.365mountainbike.it\/fantamtb\/wp-content\/images\/aut.png\" alt=\"Austria\"> <a href=\"https:\/\/www.365mountainbike.it\/fantamtb\/storia-mtb\/atleti\/valentina-holl\/\">Valentina HOLL<\/a><\/td><\/tr><tr><td><\/td><td><\/td><td><\/td><\/tr><tr><td><img loading=\"lazy\" decoding=\"async\" width=\"19\" height=\"13\" border=\"0\" style=\"border: 0pt none;\" src=\"\/fantamtb\/wp-content\/images\/swi.png\" alt=\"SWI\"> Lenzerheide<br>&#8211; <a href=\"https:\/\/www.365mountainbike.it\/mondo-gare\/classifiche-downhill-lenzerheide-pierron-e-seagrave-mattatori\/\" target=\"_blank\" rel=\"noreferrer noopener\">REPORT UOMINI<\/a><br>&#8211; <a href=\"https:\/\/www.365mountainbike.it\/mondo-gare\/classifiche-downhill-lenzerheide-pierron-e-seagrave-mattatori\/\" target=\"_blank\" rel=\"noreferrer noopener\">REPORT DONNE<\/a><br>&#8211; <em><a href=\"https:\/\/www.365mountainbike.it\/fantamtb\/wp-content\/images\/results\/worldcup_dh\/2025_lenzerheide_juniorm.pdf\" target=\"_blank\" rel=\"noreferrer noopener\">JUN M<\/a><\/em> <em>| <a href=\"https:\/\/www.365mountainbike.it\/fantamtb\/wp-content\/images\/results\/worldcup_dh\/2025_lenzerheide_juniorw.pdf\" target=\"_blank\" rel=\"noreferrer noopener\">JUN W<\/a><\/em><\/td><td><img decoding=\"async\" border=\"0\" style=\"border: 0pt none;\" src=\"\/fantamtb\/wp-content\/images\/1.png\" alt=\"prima posizione\"> <img loading=\"lazy\" decoding=\"async\" width=\"19\" height=\"13\" border=\"0\" style=\"border: 0pt none;\" src=\"\/fantamtb\/wp-content\/images\/fra.png\" alt=\"France\">&nbsp;<a href=\"https:\/\/www.365mountainbike.it\/fantamtb\/atleti\/amaury-pierron\/\">Amaury PIERRON<\/a><br><img decoding=\"async\" border=\"0\" style=\"border: 0pt none;\" src=\"\/fantamtb\/wp-content\/images\/2.png\" alt=\"seconda posizione\"> <img loading=\"lazy\" decoding=\"async\" width=\"20\" height=\"16\" src=\"https:\/\/www.365mountainbike.it\/fantamtb\/wp-content\/images\/ger.png\" alt=\"GER\"> Henri KIEFER<br><img decoding=\"async\" border=\"0\" style=\"border: 0pt none;\" src=\"\/fantamtb\/wp-content\/images\/3.png\" alt=\"terza posizione\"> <img loading=\"lazy\" decoding=\"async\" width=\"19\" height=\"13\" src=\"https:\/\/www.365mountainbike.it\/fantamtb\/wp-content\/images\/aus.png\" alt=\"AUS\"> Lachlan STEVENS-MCNAB<\/td><td><img decoding=\"async\" border=\"0\" style=\"border: 0pt none;\" src=\"\/fantamtb\/wp-content\/images\/1.png\" alt=\"prima posizione\"> <img loading=\"lazy\" decoding=\"async\" width=\"19\" height=\"13\" src=\"https:\/\/www.365mountainbike.it\/fantamtb\/wp-content\/images\/gbr.png\" alt=\"Great Britain\">&nbsp;<a href=\"https:\/\/www.365mountainbike.it\/fantamtb\/storia-mtb\/atleti\/tahnee-seagrave\/\">Tahnee SEAGRAVE<\/a><br><img decoding=\"async\" border=\"0\" style=\"border: 0pt none;\" src=\"\/fantamtb\/wp-content\/images\/2.png\" alt=\"seconda posizione\"> <img loading=\"lazy\" decoding=\"async\" width=\"20\" height=\"16\" src=\"https:\/\/www.365mountainbike.it\/fantamtb\/wp-content\/images\/ger.png\" alt=\"GER\"> <a href=\"https:\/\/www.365mountainbike.it\/fantamtb\/atleti\/nina-hoffmann\/\"><\/a><a href=\"https:\/\/www.365mountainbike.it\/fantamtb\/storia-mtb\/atleti\/nina-hoffmann\/\">Nina HOFFMANN<\/a><br><img decoding=\"async\" border=\"0\" style=\"border: 0pt none;\" src=\"\/fantamtb\/wp-content\/images\/3.png\" alt=\"terza posizione\"> <img loading=\"lazy\" decoding=\"async\" width=\"20\" height=\"14\" src=\"https:\/\/www.365mountainbike.it\/fantamtb\/wp-content\/images\/aut.png\" alt=\"Austria\"> <a href=\"https:\/\/www.365mountainbike.it\/fantamtb\/storia-mtb\/atleti\/valentina-holl\/\">Valentina HOLL<\/a><\/td><\/tr><tr><td><\/td><td><\/td><td><\/td><\/tr><tr><td><img loading=\"lazy\" decoding=\"async\" width=\"19\" height=\"13\" src=\"https:\/\/www.365mountainbike.it\/fantamtb\/wp-content\/images\/usa.png\" alt=\"USA\"> Lake Placid<br>&#8211; <a href=\"https:\/\/www.365mountainbike.it\/mondo-gare\/luke-meier-smith-sorprende-tutti-a-lake-placid-coppa-del-mondo-dh\/\">REPORT UOMINI<\/a><br>&#8211; <a href=\"https:\/\/www.365mountainbike.it\/mondo-gare\/coppa-del-mondo-dh-vali-holl-bottino-pieno-a-lake-placid\/\" target=\"_blank\" rel=\"noreferrer noopener\">REPORT DONNE<\/a><br>&#8211; <em><a href=\"https:\/\/www.365mountainbike.it\/fantamtb\/wp-content\/images\/results\/worldcup_dh\/2025_lakeplacid_juniorm.pdf\" target=\"_blank\" rel=\"noreferrer noopener\">JUN M<\/a><\/em> <em>| <a href=\"https:\/\/www.365mountainbike.it\/fantamtb\/wp-content\/images\/results\/worldcup_dh\/2025_lakeplacid_juniorw.pdf\" target=\"_blank\" rel=\"noreferrer noopener\">JUN W<\/a><\/em><\/td><td><img decoding=\"async\" border=\"0\" style=\"border: 0pt none;\" src=\"\/fantamtb\/wp-content\/images\/1.png\" alt=\"prima posizione\"> <img loading=\"lazy\" decoding=\"async\" width=\"19\" height=\"13\" src=\"https:\/\/www.365mountainbike.it\/fantamtb\/wp-content\/images\/aus.png\" alt=\"AUS\"> <a href=\"https:\/\/www.365mountainbike.it\/fantamtb\/atleti\/luke-meier-smith\/\">Luke MEIER-SMITH<\/a><br><img decoding=\"async\" border=\"0\" style=\"border: 0pt none;\" src=\"\/fantamtb\/wp-content\/images\/2.png\" alt=\"seconda posizione\"> <img loading=\"lazy\" decoding=\"async\" width=\"19\" height=\"13\" src=\"https:\/\/www.365mountainbike.it\/fantamtb\/wp-content\/images\/usa.png\" alt=\"USA\"> <a href=\"https:\/\/www.365mountainbike.it\/fantamtb\/atleti\/luca-shaw\/\">Luca SHAW<\/a><br><img decoding=\"async\" border=\"0\" style=\"border: 0pt none;\" src=\"\/fantamtb\/wp-content\/images\/3.png\" alt=\"terza posizione\"> <img loading=\"lazy\" decoding=\"async\" width=\"20\" height=\"16\" src=\"https:\/\/www.365mountainbike.it\/fantamtb\/wp-content\/images\/ger.png\" alt=\"GER\"> Henri KIEFER<\/td><td><img decoding=\"async\" border=\"0\" style=\"border: 0pt none;\" src=\"\/fantamtb\/wp-content\/images\/1.png\" alt=\"prima posizione\"> <img loading=\"lazy\" decoding=\"async\" width=\"20\" height=\"14\" src=\"https:\/\/www.365mountainbike.it\/fantamtb\/wp-content\/images\/aut.png\" alt=\"Austria\"> <a href=\"https:\/\/www.365mountainbike.it\/fantamtb\/storia-mtb\/atleti\/valentina-holl\/\">Valentina HOLL<\/a><br><img decoding=\"async\" border=\"0\" style=\"border: 0pt none;\" src=\"\/fantamtb\/wp-content\/images\/2.png\" alt=\"seconda posizione\"> <img loading=\"lazy\" decoding=\"async\" width=\"19\" height=\"13\" border=\"0\" style=\"border: 0pt none;\" src=\"\/fantamtb\/wp-content\/images\/fra.png\" alt=\"France\"> <a href=\"https:\/\/www.365mountainbike.it\/fantamtb\/atleti\/myriam-nicole\/\">Myriam NICOLE<\/a><br><img decoding=\"async\" border=\"0\" style=\"border: 0pt none;\" src=\"\/fantamtb\/wp-content\/images\/3.png\" alt=\"terza posizione\"> <img loading=\"lazy\" decoding=\"async\" width=\"19\" height=\"13\" src=\"https:\/\/www.365mountainbike.it\/fantamtb\/wp-content\/images\/aus.png\" alt=\"AUS\"> Sacha EARNEST<\/td><\/tr><tr><td><\/td><td><\/td><td><\/td><\/tr><tr><td><img loading=\"lazy\" decoding=\"async\" width=\"19\" height=\"13\" src=\"https:\/\/www.365mountainbike.it\/fantamtb\/wp-content\/images\/can.png\" alt=\"Canada\"> Mont Sainte Anne<br>&#8211; <a href=\"https:\/\/www.365mountainbike.it\/mondo-gare\/jackson-goldstone-vince-tappa-e-generale-dh-a-mont-sainte-anne\/\" target=\"_blank\" rel=\"noreferrer noopener\">REPORT UOMINI<\/a><br>&#8211; <a href=\"https:\/\/www.365mountainbike.it\/mondo-gare\/coppa-del-mondo-dh-marine-cabirou-vince-il-finale-di-mont-sainte-anne\/\" target=\"_blank\" rel=\"noreferrer noopener\">REPORT DONNE<\/a><br>&#8211; <em><a href=\"https:\/\/www.365mountainbike.it\/fantamtb\/wp-content\/images\/results\/worldcup_dh\/2025_montsainteanne_juniorm.pdf\" target=\"_blank\" rel=\"noreferrer noopener\">JUN M<\/a> | <a href=\"https:\/\/www.365mountainbike.it\/fantamtb\/wp-content\/images\/results\/worldcup_dh\/2025_montsainteanne_juniorw.pdf\">JUN W<\/a><\/em><\/td><td><img decoding=\"async\" border=\"0\" style=\"border: 0pt none;\" src=\"\/fantamtb\/wp-content\/images\/1.png\" alt=\"prima posizione\"> <img loading=\"lazy\" decoding=\"async\" width=\"19\" height=\"13\" src=\"https:\/\/www.365mountainbike.it\/fantamtb\/wp-content\/images\/can.png\" alt=\"Canada\"> <a href=\"https:\/\/www.365mountainbike.it\/fantamtb\/atleti\/jackson-goldstone\/\">Jackson GOLDSTONE<\/a><br><img decoding=\"async\" border=\"0\" style=\"border: 0pt none;\" src=\"\/fantamtb\/wp-content\/images\/2.png\" alt=\"seconda posizione\"> <img loading=\"lazy\" decoding=\"async\" width=\"19\" height=\"13\" src=\"https:\/\/www.365mountainbike.it\/fantamtb\/wp-content\/images\/usa.png\" alt=\"USA\"> <a href=\"https:\/\/www.365mountainbike.it\/fantamtb\/atleti\/luca-shaw\/\">Luca SHAW<\/a><br><img decoding=\"async\" border=\"0\" style=\"border: 0pt none;\" src=\"\/fantamtb\/wp-content\/images\/3.png\" alt=\"terza posizione\"> <img loading=\"lazy\" decoding=\"async\" width=\"20\" height=\"14\" src=\"https:\/\/www.365mountainbike.it\/fantamtb\/wp-content\/images\/aut.png\" alt=\"Austria\"> <a href=\"https:\/\/www.365mountainbike.it\/fantamtb\/atleti\/andreas-kolb\/\">Andreas KOLB<\/a><\/td><td><img decoding=\"async\" border=\"0\" style=\"border: 0pt none;\" src=\"\/fantamtb\/wp-content\/images\/1.png\" alt=\"prima posizione\"> <img loading=\"lazy\" decoding=\"async\" width=\"19\" height=\"13\" border=\"0\" style=\"border: 0pt none;\" src=\"\/fantamtb\/wp-content\/images\/fra.png\" alt=\"France\"> <a href=\"https:\/\/www.365mountainbike.it\/fantamtb\/atleti\/marine-cabirou\/\">Marine CABIROU<\/a><br><img decoding=\"async\" border=\"0\" style=\"border: 0pt none;\" src=\"\/fantamtb\/wp-content\/images\/2.png\" alt=\"seconda posizione\"> <img loading=\"lazy\" decoding=\"async\" width=\"20\" height=\"16\" src=\"https:\/\/www.365mountainbike.it\/fantamtb\/wp-content\/images\/ger.png\" alt=\"GER\"> <a href=\"https:\/\/www.365mountainbike.it\/fantamtb\/atleti\/nina-hoffmann\/\"><\/a><a href=\"https:\/\/www.365mountainbike.it\/fantamtb\/storia-mtb\/atleti\/nina-hoffmann\/\">Nina HOFFMANN<\/a><br><img decoding=\"async\" border=\"0\" style=\"border: 0pt none;\" src=\"\/fantamtb\/wp-content\/images\/3.png\" alt=\"terza posizione\"> <img loading=\"lazy\" decoding=\"async\" width=\"19\" height=\"13\" border=\"0\" style=\"border: 0pt none;\" src=\"\/fantamtb\/wp-content\/images\/fra.png\" alt=\"France\"> <a href=\"https:\/\/www.365mountainbike.it\/fantamtb\/atleti\/myriam-nicole\/\">Myriam NICOLE<\/a><\/td><\/tr><tr><td><\/td><td><\/td><td><\/td><\/tr><tr><td><strong>CLASSIFICA GENERALE<br>&#8211; <a href=\"https:\/\/www.365mountainbike.it\/fantamtb\/wp-content\/images\/results\/worldcup_dh\/2025_elitem.pdf\" target=\"_blank\" rel=\"noreferrer noopener\">MASCHILE<\/a><br>&#8211; <a href=\"https:\/\/www.365mountainbike.it\/fantamtb\/wp-content\/images\/results\/worldcup_dh\/2025_elitew.pdf\" target=\"_blank\" rel=\"noreferrer noopener\">FEMMINILE<\/a><\/strong><br>&#8211; <em><a href=\"https:\/\/www.365mountainbike.it\/fantamtb\/wp-content\/images\/results\/worldcup_dh\/2025_juniorm.pdf\" target=\"_blank\" rel=\"noreferrer noopener\">JUN M<\/a><\/em> \/ <em><a href=\"https:\/\/www.365mountainbike.it\/fantamtb\/wp-content\/images\/results\/worldcup_dh\/2025_juniorm.pdf\" target=\"_blank\" rel=\"noreferrer noopener\">JUN W<\/a><\/em><\/td><td><img decoding=\"async\" border=\"0\" style=\"border: 0pt none;\" src=\"\/fantamtb\/wp-content\/images\/1.png\" alt=\"prima posizione\"> <img loading=\"lazy\" decoding=\"async\" width=\"19\" height=\"13\" src=\"https:\/\/www.365mountainbike.it\/fantamtb\/wp-content\/images\/can.png\" alt=\"Canada\"> <a href=\"https:\/\/www.365mountainbike.it\/fantamtb\/atleti\/jackson-goldstone\/\">Jackson GOLDSTONE<\/a><br><img decoding=\"async\" border=\"0\" style=\"border: 0pt none;\" src=\"\/fantamtb\/wp-content\/images\/2.png\" alt=\"seconda posizione\"> <img loading=\"lazy\" decoding=\"async\" width=\"19\" height=\"13\" border=\"0\" style=\"border: 0pt none;\" src=\"\/fantamtb\/wp-content\/images\/fra.png\" alt=\"France\">&nbsp;<a href=\"https:\/\/www.365mountainbike.it\/fantamtb\/storia-mtb\/atleti\/loic-bruni\/\">Loic BRUNI<\/a><br><img decoding=\"async\" border=\"0\" style=\"border: 0pt none;\" src=\"\/fantamtb\/wp-content\/images\/3.png\" alt=\"terza posizione\"> <img loading=\"lazy\" decoding=\"async\" width=\"19\" height=\"13\" src=\"https:\/\/www.365mountainbike.it\/fantamtb\/wp-content\/images\/usa.png\" alt=\"USA\"> <a href=\"https:\/\/www.365mountainbike.it\/fantamtb\/atleti\/luca-shaw\/\">Luca SHAW<\/a><\/td><td><img decoding=\"async\" border=\"0\" style=\"border: 0pt none;\" src=\"\/fantamtb\/wp-content\/images\/1.png\" alt=\"prima posizione\"> <img loading=\"lazy\" decoding=\"async\" width=\"20\" height=\"14\" src=\"https:\/\/www.365mountainbike.it\/fantamtb\/wp-content\/images\/aut.png\" alt=\"Austria\"> <a href=\"https:\/\/www.365mountainbike.it\/fantamtb\/storia-mtb\/atleti\/valentina-holl\/\">Valentina HOLL<\/a><br><img decoding=\"async\" border=\"0\" style=\"border: 0pt none;\" src=\"\/fantamtb\/wp-content\/images\/2.png\" alt=\"seconda posizione\"> <img loading=\"lazy\" decoding=\"async\" width=\"19\" height=\"13\" src=\"https:\/\/www.365mountainbike.it\/fantamtb\/wp-content\/images\/can.png\" alt=\"Canada\"> <a href=\"https:\/\/www.365mountainbike.it\/fantamtb\/tag\/gracey-hemstreet\/\">Gracey HEMSTREET<\/a><br><img decoding=\"async\" border=\"0\" style=\"border: 0pt none;\" src=\"\/fantamtb\/wp-content\/images\/3.png\" alt=\"terza posizione\"> <img loading=\"lazy\" decoding=\"async\" width=\"19\" height=\"13\" src=\"https:\/\/www.365mountainbike.it\/fantamtb\/wp-content\/images\/gbr.png\" alt=\"Great Britain\">&nbsp;<a href=\"https:\/\/www.365mountainbike.it\/fantamtb\/storia-mtb\/atleti\/tahnee-seagrave\/\">Tahnee SEAGRAVE<\/a><a href=\"https:\/\/www.365mountainbike.it\/fantamtb\/storia-mtb\/atleti\/jackson-goldstone\/\"><\/a><\/td><\/tr><\/tbody><\/table><\/figure>\n\n\n\n<hr class=\"wp-block-separator has-css-opacity\"\/>\n\n\n\n<h1 class=\"wp-block-heading\" id=\"photos\">FOTO<\/h1>\n\n\n\n<figure class=\"wp-block-gallery has-nested-images columns-default is-cropped wp-block-gallery-1 is-layout-flex wp-block-gallery-is-layout-flex\">\n<figure class=\"wp-block-image size-medium\"><a href=\"https:\/\/www.365mountainbike.it\/fantamtb\/wp-content\/uploads\/2025\/06\/goldstone-world-cup-winner-dh-2025-scaled.jpg\"><img loading=\"lazy\" decoding=\"async\" width=\"300\" height=\"200\" data-id=\"25171\" src=\"https:\/\/www.365mountainbike.it\/fantamtb\/wp-content\/uploads\/2025\/06\/goldstone-world-cup-winner-dh-2025-300x200.jpg\" alt=\"\" class=\"wp-image-25171\" style=\"aspect-ratio:1\" srcset=\"https:\/\/www.365mountainbike.it\/fantamtb\/wp-content\/uploads\/2025\/06\/goldstone-world-cup-winner-dh-2025-300x200.jpg 300w, https:\/\/www.365mountainbike.it\/fantamtb\/wp-content\/uploads\/2025\/06\/goldstone-world-cup-winner-dh-2025-1024x683.jpg 1024w, https:\/\/www.365mountainbike.it\/fantamtb\/wp-content\/uploads\/2025\/06\/goldstone-world-cup-winner-dh-2025-768x512.jpg 768w, https:\/\/www.365mountainbike.it\/fantamtb\/wp-content\/uploads\/2025\/06\/goldstone-world-cup-winner-dh-2025-1536x1024.jpg 1536w, https:\/\/www.365mountainbike.it\/fantamtb\/wp-content\/uploads\/2025\/06\/goldstone-world-cup-winner-dh-2025-2048x1365.jpg 2048w\" sizes=\"auto, (max-width: 300px) 100vw, 300px\" \/><\/a><figcaption class=\"wp-element-caption\">Jackson Goldstone &#8211; Mont-Saint-Anne, Canada on October 11, 2025 \/\/ Boris Beyer \/ Red Bull Content Pool<\/figcaption><\/figure>\n\n\n\n<figure class=\"wp-block-image size-medium\"><a href=\"https:\/\/www.365mountainbike.it\/fantamtb\/wp-content\/uploads\/2025\/06\/vali-holl-2025-scaled.jpg\"><img loading=\"lazy\" decoding=\"async\" width=\"300\" height=\"200\" data-id=\"25172\" src=\"https:\/\/www.365mountainbike.it\/fantamtb\/wp-content\/uploads\/2025\/06\/vali-holl-2025-300x200.jpg\" alt=\"\" class=\"wp-image-25172\" style=\"aspect-ratio:1\" srcset=\"https:\/\/www.365mountainbike.it\/fantamtb\/wp-content\/uploads\/2025\/06\/vali-holl-2025-300x200.jpg 300w, https:\/\/www.365mountainbike.it\/fantamtb\/wp-content\/uploads\/2025\/06\/vali-holl-2025-1024x683.jpg 1024w, https:\/\/www.365mountainbike.it\/fantamtb\/wp-content\/uploads\/2025\/06\/vali-holl-2025-768x512.jpg 768w, https:\/\/www.365mountainbike.it\/fantamtb\/wp-content\/uploads\/2025\/06\/vali-holl-2025-1536x1024.jpg 1536w, https:\/\/www.365mountainbike.it\/fantamtb\/wp-content\/uploads\/2025\/06\/vali-holl-2025-2048x1365.jpg 2048w\" sizes=\"auto, (max-width: 300px) 100vw, 300px\" \/><\/a><figcaption class=\"wp-element-caption\">Valentina H\u00f6ll Mountain Bike World Series 2025 Stop 07 in Leogang, Austria on June 7th, 2025. \/\/ Bartek Wolinski<\/figcaption><\/figure>\n\n\n\n<figure class=\"wp-block-image size-medium\"><a href=\"https:\/\/www.365mountainbike.it\/fantamtb\/wp-content\/uploads\/2025\/06\/vali-holl-scaled.jpg\"><img loading=\"lazy\" decoding=\"async\" width=\"300\" height=\"200\" data-id=\"25173\" src=\"https:\/\/www.365mountainbike.it\/fantamtb\/wp-content\/uploads\/2025\/06\/vali-holl-300x200.jpg\" alt=\"Valentina H\u00f6ll\" class=\"wp-image-25173\" style=\"aspect-ratio:1\" srcset=\"https:\/\/www.365mountainbike.it\/fantamtb\/wp-content\/uploads\/2025\/06\/vali-holl-300x200.jpg 300w, https:\/\/www.365mountainbike.it\/fantamtb\/wp-content\/uploads\/2025\/06\/vali-holl-1024x683.jpg 1024w, https:\/\/www.365mountainbike.it\/fantamtb\/wp-content\/uploads\/2025\/06\/vali-holl-768x512.jpg 768w, https:\/\/www.365mountainbike.it\/fantamtb\/wp-content\/uploads\/2025\/06\/vali-holl-1536x1024.jpg 1536w, https:\/\/www.365mountainbike.it\/fantamtb\/wp-content\/uploads\/2025\/06\/vali-holl-2048x1365.jpg 2048w\" sizes=\"auto, (max-width: 300px) 100vw, 300px\" \/><\/a><figcaption class=\"wp-element-caption\">Valentina H\u00f6ll Mountain Bike World Series 2025 Stop 07 in Leogang, Austria on June 7th, 2025. \/\/ Bartek Wolinski<\/figcaption><\/figure>\n\n\n\n<figure class=\"wp-block-image size-medium\"><a href=\"https:\/\/www.365mountainbike.it\/fantamtb\/wp-content\/uploads\/2025\/06\/loic-bruni.jpg\"><picture><source srcset=\"https:\/\/www.365mountainbike.it\/fantamtb\/wp-content\/uploads\/2025\/06\/loic-bruni-300x200.jpg 300w, https:\/\/www.365mountainbike.it\/fantamtb\/wp-content\/uploads\/2025\/06\/loic-bruni-1024x683.jpg 1024w, https:\/\/www.365mountainbike.it\/fantamtb\/wp-content\/uploads\/2025\/06\/loic-bruni-768x512.jpg 768w, https:\/\/www.365mountainbike.it\/fantamtb\/wp-content\/uploads\/2025\/06\/loic-bruni-1536x1025.jpg 1536w,https:\/\/www.365mountainbike.it\/fantamtb\/wp-content\/uploads\/2025\/06\/loic-bruni.webp 2048w\" sizes=\"auto, (max-width: 300px) 100vw, 300px\" type=\"image\/webp\"><img src=\"https:\/\/www.365mountainbike.it\/fantamtb\/wp-content\/uploads\/2025\/06\/loic-bruni-300x200.jpg\" height=\"200\" width=\"300\" srcset=\"https:\/\/www.365mountainbike.it\/fantamtb\/wp-content\/uploads\/2025\/06\/loic-bruni-300x200.jpg 300w, https:\/\/www.365mountainbike.it\/fantamtb\/wp-content\/uploads\/2025\/06\/loic-bruni-1024x683.jpg 1024w, https:\/\/www.365mountainbike.it\/fantamtb\/wp-content\/uploads\/2025\/06\/loic-bruni-768x512.jpg 768w, https:\/\/www.365mountainbike.it\/fantamtb\/wp-content\/uploads\/2025\/06\/loic-bruni-1536x1025.jpg 1536w, https:\/\/www.365mountainbike.it\/fantamtb\/wp-content\/uploads\/2025\/06\/loic-bruni.jpg 2048w\" sizes=\"auto, (max-width: 300px) 100vw, 300px\" class=\"wp-image-25174 sp-no-webp\" alt=\"loic bruni\" loading=\"lazy\" decoding=\"async\" data-id=\"25174\" style=\"aspect-ratio:1\"  > <\/picture><\/a><figcaption class=\"wp-element-caption\">Loic Bruni<\/figcaption><\/figure>\n\n\n\n<figure class=\"wp-block-image size-medium\"><a href=\"https:\/\/www.365mountainbike.it\/fantamtb\/wp-content\/uploads\/2025\/06\/gracey-hemstreet.jpg\"><img loading=\"lazy\" decoding=\"async\" width=\"300\" height=\"200\" data-id=\"25175\" src=\"https:\/\/www.365mountainbike.it\/fantamtb\/wp-content\/uploads\/2025\/06\/gracey-hemstreet-300x200.jpg\" alt=\"gracey hemstreet\" class=\"wp-image-25175\" style=\"aspect-ratio:1\" srcset=\"https:\/\/www.365mountainbike.it\/fantamtb\/wp-content\/uploads\/2025\/06\/gracey-hemstreet-300x200.jpg 300w, https:\/\/www.365mountainbike.it\/fantamtb\/wp-content\/uploads\/2025\/06\/gracey-hemstreet-1024x683.jpg 1024w, https:\/\/www.365mountainbike.it\/fantamtb\/wp-content\/uploads\/2025\/06\/gracey-hemstreet-768x512.jpg 768w, https:\/\/www.365mountainbike.it\/fantamtb\/wp-content\/uploads\/2025\/06\/gracey-hemstreet-1536x1024.jpg 1536w, https:\/\/www.365mountainbike.it\/fantamtb\/wp-content\/uploads\/2025\/06\/gracey-hemstreet-2048x1365.jpg 2048w\" sizes=\"auto, (max-width: 300px) 100vw, 300px\" \/><\/a><figcaption class=\"wp-element-caption\">Gracey Hemstreet<\/figcaption><\/figure>\n\n\n\n<figure class=\"wp-block-image size-medium\"><a href=\"https:\/\/www.365mountainbike.it\/fantamtb\/wp-content\/uploads\/2025\/06\/nina-hoffman.jpg\"><picture><source srcset=\"https:\/\/www.365mountainbike.it\/fantamtb\/wp-content\/uploads\/2025\/06\/nina-hoffman-300x200.jpg 300w, https:\/\/www.365mountainbike.it\/fantamtb\/wp-content\/uploads\/2025\/06\/nina-hoffman-1024x683.jpg 1024w, https:\/\/www.365mountainbike.it\/fantamtb\/wp-content\/uploads\/2025\/06\/nina-hoffman-768x512.jpg 768w, https:\/\/www.365mountainbike.it\/fantamtb\/wp-content\/uploads\/2025\/06\/nina-hoffman-1536x1025.jpg 1536w,https:\/\/www.365mountainbike.it\/fantamtb\/wp-content\/uploads\/2025\/06\/nina-hoffman.webp 2048w\" sizes=\"auto, (max-width: 300px) 100vw, 300px\" type=\"image\/webp\"><img src=\"https:\/\/www.365mountainbike.it\/fantamtb\/wp-content\/uploads\/2025\/06\/nina-hoffman-300x200.jpg\" height=\"200\" width=\"300\" srcset=\"https:\/\/www.365mountainbike.it\/fantamtb\/wp-content\/uploads\/2025\/06\/nina-hoffman-300x200.jpg 300w, https:\/\/www.365mountainbike.it\/fantamtb\/wp-content\/uploads\/2025\/06\/nina-hoffman-1024x683.jpg 1024w, https:\/\/www.365mountainbike.it\/fantamtb\/wp-content\/uploads\/2025\/06\/nina-hoffman-768x512.jpg 768w, https:\/\/www.365mountainbike.it\/fantamtb\/wp-content\/uploads\/2025\/06\/nina-hoffman-1536x1025.jpg 1536w, https:\/\/www.365mountainbike.it\/fantamtb\/wp-content\/uploads\/2025\/06\/nina-hoffman.jpg 2048w\" sizes=\"auto, (max-width: 300px) 100vw, 300px\" class=\"wp-image-25176 sp-no-webp\" alt=\"nina hoffman\" loading=\"lazy\" decoding=\"async\" data-id=\"25176\" style=\"aspect-ratio:1\"  > <\/picture><\/a><figcaption class=\"wp-element-caption\">Nina Hoffman<\/figcaption><\/figure>\n\n\n\n<figure class=\"wp-block-image size-medium\"><a href=\"https:\/\/www.365mountainbike.it\/fantamtb\/wp-content\/uploads\/2025\/06\/Stefano-Introzzi.jpg\"><img loading=\"lazy\" decoding=\"async\" width=\"300\" height=\"200\" data-id=\"25177\" src=\"https:\/\/www.365mountainbike.it\/fantamtb\/wp-content\/uploads\/2025\/06\/Stefano-Introzzi-300x200.jpg\" alt=\"Stefano Introzzi\" class=\"wp-image-25177\" style=\"aspect-ratio:1\" srcset=\"https:\/\/www.365mountainbike.it\/fantamtb\/wp-content\/uploads\/2025\/06\/Stefano-Introzzi-300x200.jpg 300w, https:\/\/www.365mountainbike.it\/fantamtb\/wp-content\/uploads\/2025\/06\/Stefano-Introzzi-1024x683.jpg 1024w, https:\/\/www.365mountainbike.it\/fantamtb\/wp-content\/uploads\/2025\/06\/Stefano-Introzzi-768x512.jpg 768w, https:\/\/www.365mountainbike.it\/fantamtb\/wp-content\/uploads\/2025\/06\/Stefano-Introzzi-1536x1024.jpg 1536w, https:\/\/www.365mountainbike.it\/fantamtb\/wp-content\/uploads\/2025\/06\/Stefano-Introzzi.jpg 1920w\" sizes=\"auto, (max-width: 300px) 100vw, 300px\" \/><\/a><figcaption class=\"wp-element-caption\">Stefano Introzzi \u00e8 stato il migliore degli italiani (Credits: Giacomo Podetti);<\/figcaption><\/figure>\n\n\n\n<figure class=\"wp-block-image size-medium\"><a href=\"https:\/\/www.365mountainbike.it\/fantamtb\/wp-content\/uploads\/2025\/06\/podio-loudenvielle-donne-dh.jpg\"><picture><source srcset=\"https:\/\/www.365mountainbike.it\/fantamtb\/wp-content\/uploads\/2025\/06\/podio-loudenvielle-donne-dh-300x200.jpg 300w, https:\/\/www.365mountainbike.it\/fantamtb\/wp-content\/uploads\/2025\/06\/podio-loudenvielle-donne-dh-1024x683.jpg 1024w, https:\/\/www.365mountainbike.it\/fantamtb\/wp-content\/uploads\/2025\/06\/podio-loudenvielle-donne-dh-768x512.jpg 768w, https:\/\/www.365mountainbike.it\/fantamtb\/wp-content\/uploads\/2025\/06\/podio-loudenvielle-donne-dh-1536x1024.jpg 1536w,https:\/\/www.365mountainbike.it\/fantamtb\/wp-content\/uploads\/2025\/06\/podio-loudenvielle-donne-dh.webp 1600w\" sizes=\"auto, (max-width: 300px) 100vw, 300px\" type=\"image\/webp\"><img src=\"https:\/\/www.365mountainbike.it\/fantamtb\/wp-content\/uploads\/2025\/06\/podio-loudenvielle-donne-dh-300x200.jpg\" height=\"200\" width=\"300\" srcset=\"https:\/\/www.365mountainbike.it\/fantamtb\/wp-content\/uploads\/2025\/06\/podio-loudenvielle-donne-dh-300x200.jpg 300w, https:\/\/www.365mountainbike.it\/fantamtb\/wp-content\/uploads\/2025\/06\/podio-loudenvielle-donne-dh-1024x683.jpg 1024w, https:\/\/www.365mountainbike.it\/fantamtb\/wp-content\/uploads\/2025\/06\/podio-loudenvielle-donne-dh-768x512.jpg 768w, https:\/\/www.365mountainbike.it\/fantamtb\/wp-content\/uploads\/2025\/06\/podio-loudenvielle-donne-dh-1536x1024.jpg 1536w, https:\/\/www.365mountainbike.it\/fantamtb\/wp-content\/uploads\/2025\/06\/podio-loudenvielle-donne-dh.jpg 1600w\" sizes=\"auto, (max-width: 300px) 100vw, 300px\" class=\"wp-image-25178 sp-no-webp\" alt=\"\" loading=\"lazy\" decoding=\"async\" data-id=\"25178\" style=\"aspect-ratio:1\"  > <\/picture><\/a><\/figure>\n\n\n\n<figure class=\"wp-block-image size-medium\"><a href=\"https:\/\/www.365mountainbike.it\/fantamtb\/wp-content\/uploads\/2025\/06\/loic-bruni-bielsko-1.jpg\"><picture><source srcset=\"https:\/\/www.365mountainbike.it\/fantamtb\/wp-content\/uploads\/2025\/06\/loic-bruni-bielsko-1-300x199.jpg 300w, https:\/\/www.365mountainbike.it\/fantamtb\/wp-content\/uploads\/2025\/06\/loic-bruni-bielsko-1-1024x678.jpg 1024w, https:\/\/www.365mountainbike.it\/fantamtb\/wp-content\/uploads\/2025\/06\/loic-bruni-bielsko-1-768x509.jpg 768w,https:\/\/www.365mountainbike.it\/fantamtb\/wp-content\/uploads\/2025\/06\/loic-bruni-bielsko-1.webp 1030w\" sizes=\"auto, (max-width: 300px) 100vw, 300px\" type=\"image\/webp\"><img src=\"https:\/\/www.365mountainbike.it\/fantamtb\/wp-content\/uploads\/2025\/06\/loic-bruni-bielsko-1-300x199.jpg\" height=\"199\" width=\"300\" srcset=\"https:\/\/www.365mountainbike.it\/fantamtb\/wp-content\/uploads\/2025\/06\/loic-bruni-bielsko-1-300x199.jpg 300w, https:\/\/www.365mountainbike.it\/fantamtb\/wp-content\/uploads\/2025\/06\/loic-bruni-bielsko-1-1024x678.jpg 1024w, https:\/\/www.365mountainbike.it\/fantamtb\/wp-content\/uploads\/2025\/06\/loic-bruni-bielsko-1-768x509.jpg 768w, https:\/\/www.365mountainbike.it\/fantamtb\/wp-content\/uploads\/2025\/06\/loic-bruni-bielsko-1.jpg 1030w\" sizes=\"auto, (max-width: 300px) 100vw, 300px\" class=\"wp-image-25179 sp-no-webp\" alt=\"loic-bruni-bielsko\" loading=\"lazy\" decoding=\"async\" data-id=\"25179\" style=\"aspect-ratio:1\"  > <\/picture><\/a><figcaption class=\"wp-element-caption\">Loic Bruni Bielsko<\/figcaption><\/figure>\n\n\n\n<figure class=\"wp-block-image size-large\"><a href=\"https:\/\/www.365mountainbike.it\/fantamtb\/wp-content\/uploads\/2025\/06\/goldstone-mont-sainte-anne-2025-scaled.jpg\"><img loading=\"lazy\" decoding=\"async\" width=\"1024\" height=\"683\" data-id=\"25180\" src=\"https:\/\/www.365mountainbike.it\/fantamtb\/wp-content\/uploads\/2025\/06\/goldstone-mont-sainte-anne-2025-1024x683.jpg\" alt=\"Jackson Goldstone\" class=\"wp-image-25180\" style=\"aspect-ratio:1\" srcset=\"https:\/\/www.365mountainbike.it\/fantamtb\/wp-content\/uploads\/2025\/06\/goldstone-mont-sainte-anne-2025-1024x683.jpg 1024w, https:\/\/www.365mountainbike.it\/fantamtb\/wp-content\/uploads\/2025\/06\/goldstone-mont-sainte-anne-2025-300x200.jpg 300w, https:\/\/www.365mountainbike.it\/fantamtb\/wp-content\/uploads\/2025\/06\/goldstone-mont-sainte-anne-2025-768x512.jpg 768w, https:\/\/www.365mountainbike.it\/fantamtb\/wp-content\/uploads\/2025\/06\/goldstone-mont-sainte-anne-2025-1536x1024.jpg 1536w, https:\/\/www.365mountainbike.it\/fantamtb\/wp-content\/uploads\/2025\/06\/goldstone-mont-sainte-anne-2025-2048x1365.jpg 2048w\" sizes=\"auto, (max-width: 1024px) 100vw, 1024px\" \/><\/a><figcaption class=\"wp-element-caption\">Jackson Goldstone festeggia a Mont-Saint-Anne, Canada on October 11, 2025 \/\/ Boris Beyer \/ Red Bull Content Pool<\/figcaption><\/figure>\n<\/figure>\n\n\n\n<hr class=\"wp-block-separator has-alpha-channel-opacity\"\/>\n\n\n\n<h1 class=\"wp-block-heading\" id=\"videos\">VIDEO<\/h1>\n\n\n\n<h3 class=\"wp-block-heading\" id=\"block-072e70b9-8e81-40a6-867d-5fb6b28f182c\">#1 BIELSKO-BIALA &#8211; <a href=\"https:\/\/www.youtube.com\/watch?v=Mu64rRFL9UI\" target=\"_blank\" rel=\"noreferrer noopener\">donne<\/a><\/h3>\n\n\n\n<figure class=\"wp-block-embed is-type-video is-provider-youtube wp-block-embed-youtube wp-embed-aspect-16-9 wp-has-aspect-ratio\"><div class=\"wp-block-embed__wrapper\">\n<iframe loading=\"lazy\" title=\"RACE HIGHLIGHTS | Round 1 Elite Men UCI Downhill World Cup | Poland Bielsko Biala\" width=\"740\" height=\"416\" src=\"https:\/\/www.youtube.com\/embed\/WipaVkqirCM?feature=oembed\" frameborder=\"0\" allow=\"accelerometer; autoplay; clipboard-write; encrypted-media; gyroscope; picture-in-picture; web-share\" referrerpolicy=\"strict-origin-when-cross-origin\" allowfullscreen><\/iframe>\n<\/div><\/figure>\n\n\n\n<h3 class=\"wp-block-heading\">#2 LOUDENVIELLE &#8211; <a href=\"https:\/\/www.youtube.com\/watch?v=OUzi1wBg3g4\" target=\"_blank\" rel=\"noreferrer noopener\">donne<\/a><\/h3>\n\n\n\n<figure class=\"wp-block-embed is-type-video is-provider-youtube wp-block-embed-youtube wp-embed-aspect-16-9 wp-has-aspect-ratio\"><div class=\"wp-block-embed__wrapper\">\n<iframe loading=\"lazy\" title=\"RACE HIGHLIGHTS | Elite Men | Loudenvielle Round 2 | UCI Downhill World Cup\" width=\"740\" height=\"416\" src=\"https:\/\/www.youtube.com\/embed\/dweqxkpEjVY?feature=oembed\" frameborder=\"0\" allow=\"accelerometer; autoplay; clipboard-write; encrypted-media; gyroscope; picture-in-picture; web-share\" referrerpolicy=\"strict-origin-when-cross-origin\" allowfullscreen><\/iframe>\n<\/div><\/figure>\n\n\n\n<h3 class=\"wp-block-heading\" id=\"2-les-gets-full-replay\">#3 LEOGANG &#8211; <a href=\"https:\/\/www.youtube.com\/watch?v=vidz1jM8wMM\">donne<\/a><\/h3>\n\n\n\n<figure class=\"wp-block-embed is-type-video is-provider-youtube wp-block-embed-youtube wp-embed-aspect-16-9 wp-has-aspect-ratio\"><div class=\"wp-block-embed__wrapper\">\n<iframe loading=\"lazy\" title=\"RACE HIGHLIGHTS | Elite Men | Leogang Round 3 | UCI Downhill World Cup\" width=\"740\" height=\"416\" src=\"https:\/\/www.youtube.com\/embed\/G814AD2QKmQ?feature=oembed\" frameborder=\"0\" allow=\"accelerometer; autoplay; clipboard-write; encrypted-media; gyroscope; picture-in-picture; web-share\" referrerpolicy=\"strict-origin-when-cross-origin\" allowfullscreen><\/iframe>\n<\/div><\/figure>\n\n\n\n<h3 class=\"wp-block-heading\" id=\"block-0110be62-d30b-4d52-a80d-46fcbee5f5a2\">#4 VAL DI SOLE &#8211; <a href=\"https:\/\/www.youtube.com\/watch?v=lpfdklkdSUU\" target=\"_blank\" rel=\"noreferrer noopener\">donne<\/a><\/h3>\n\n\n\n<figure class=\"wp-block-embed is-type-video is-provider-youtube wp-block-embed-youtube wp-embed-aspect-16-9 wp-has-aspect-ratio\"><div class=\"wp-block-embed__wrapper\">\n<iframe loading=\"lazy\" title=\"RACE HIGHLIGHTS | Elite Men | Val Di Sole Round 4 | UCI Downhill World Cup\" width=\"740\" height=\"416\" src=\"https:\/\/www.youtube.com\/embed\/ZOXSggcGRLE?feature=oembed\" frameborder=\"0\" allow=\"accelerometer; autoplay; clipboard-write; encrypted-media; gyroscope; picture-in-picture; web-share\" referrerpolicy=\"strict-origin-when-cross-origin\" allowfullscreen><\/iframe>\n<\/div><\/figure>\n\n\n\n<h3 class=\"wp-block-heading\" id=\"block-88bec129-e996-45a8-b5d4-d4766c6ab485\">#5 LA THUILE &#8211; <a href=\"https:\/\/www.youtube.com\/watch?v=mv1SK_TGK7E\" target=\"_blank\" rel=\"noreferrer noopener\">DONNE<\/a><\/h3>\n\n\n\n<figure class=\"wp-block-embed is-type-video is-provider-youtube wp-block-embed-youtube wp-embed-aspect-16-9 wp-has-aspect-ratio\"><div class=\"wp-block-embed__wrapper\">\n<iframe loading=\"lazy\" title=\"RACE HIGHLIGHTS | Elite Men | La Thuile Round 5 | UCI Downhill World Cup\" width=\"740\" height=\"416\" src=\"https:\/\/www.youtube.com\/embed\/jlbksI66-Vg?feature=oembed\" frameborder=\"0\" allow=\"accelerometer; autoplay; clipboard-write; encrypted-media; gyroscope; picture-in-picture; web-share\" referrerpolicy=\"strict-origin-when-cross-origin\" allowfullscreen><\/iframe>\n<\/div><\/figure>\n\n\n\n<h3 class=\"wp-block-heading\" id=\"block-88bec129-e996-45a8-b5d4-d4766c6ab485\">#6 PAL ARINSAL &#8211; <a href=\"https:\/\/www.youtube.com\/watch?v=QQuutSduN4E\" target=\"_blank\" rel=\"noreferrer noopener\">DONNE<\/a><\/h3>\n\n\n\n<figure class=\"wp-block-embed is-type-video is-provider-youtube wp-block-embed-youtube wp-embed-aspect-16-9 wp-has-aspect-ratio\"><div class=\"wp-block-embed__wrapper\">\n<iframe loading=\"lazy\" title=\"RACE HIGHLIGHTS | Elite Men | Round 6 Pal Arinsal | UCI Downhill World Cup\" width=\"740\" height=\"416\" src=\"https:\/\/www.youtube.com\/embed\/_yY584hKmf8?feature=oembed\" frameborder=\"0\" allow=\"accelerometer; autoplay; clipboard-write; encrypted-media; gyroscope; picture-in-picture; web-share\" referrerpolicy=\"strict-origin-when-cross-origin\" allowfullscreen><\/iframe>\n<\/div><\/figure>\n\n\n\n<h3 class=\"wp-block-heading\">#7 LES GETS &#8211; <a href=\"https:\/\/www.youtube.com\/watch?v=NiZoSIqYtyM\" target=\"_blank\" rel=\"noreferrer noopener\">DONNE<\/a><\/h3>\n\n\n\n<figure class=\"wp-block-embed is-type-video is-provider-youtube wp-block-embed-youtube wp-embed-aspect-16-9 wp-has-aspect-ratio\"><div class=\"wp-block-embed__wrapper\">\n<iframe loading=\"lazy\" title=\"RACE HIGHLIGHTS | Elite Men | Les Gets, Haute-Savoie | UCI Downhill World Cup\" width=\"740\" height=\"416\" src=\"https:\/\/www.youtube.com\/embed\/3xwyDpqiJCg?feature=oembed\" frameborder=\"0\" allow=\"accelerometer; autoplay; clipboard-write; encrypted-media; gyroscope; picture-in-picture; web-share\" referrerpolicy=\"strict-origin-when-cross-origin\" allowfullscreen><\/iframe>\n<\/div><\/figure>\n\n\n\n<h3 class=\"wp-block-heading\">#8 LENZERHEIDE &#8211; <a href=\"https:\/\/www.youtube.com\/watch?v=KKselQHfArk\" target=\"_blank\" rel=\"noreferrer noopener\">DONNE<\/a><\/h3>\n\n\n\n<figure class=\"wp-block-embed is-type-video is-provider-youtube wp-block-embed-youtube wp-embed-aspect-16-9 wp-has-aspect-ratio\"><div class=\"wp-block-embed__wrapper\">\n<iframe loading=\"lazy\" title=\"RACE HIGHLIGHTS | Elite Men | Round 8 Lenzerheide | UCI Downhill World Cup\" width=\"740\" height=\"416\" src=\"https:\/\/www.youtube.com\/embed\/2kxefUZKhQw?feature=oembed\" frameborder=\"0\" allow=\"accelerometer; autoplay; clipboard-write; encrypted-media; gyroscope; picture-in-picture; web-share\" referrerpolicy=\"strict-origin-when-cross-origin\" allowfullscreen><\/iframe>\n<\/div><\/figure>\n\n\n\n<h3 class=\"wp-block-heading\">#9 LAKE PLACID &#8211; <a href=\"https:\/\/www.youtube.com\/watch?v=xp2SNclReOI\" target=\"_blank\" rel=\"noreferrer noopener\">DONNE<\/a><\/h3>\n\n\n\n<figure class=\"wp-block-embed is-type-video is-provider-youtube wp-block-embed-youtube wp-embed-aspect-16-9 wp-has-aspect-ratio\"><div class=\"wp-block-embed__wrapper\">\n<iframe loading=\"lazy\" title=\"RACE HIGHLIGHTS | Elite Men | Round 9 Lake Placid | UCI Downhill World Cup\" width=\"740\" height=\"416\" src=\"https:\/\/www.youtube.com\/embed\/2mTgdyaeoxk?feature=oembed\" frameborder=\"0\" allow=\"accelerometer; autoplay; clipboard-write; encrypted-media; gyroscope; picture-in-picture; web-share\" referrerpolicy=\"strict-origin-when-cross-origin\" allowfullscreen><\/iframe>\n<\/div><\/figure>\n\n\n\n<h3 class=\"wp-block-heading\" id=\"block-88bec129-e996-45a8-b5d4-d4766c6ab485\">#10 MONT SAINTE ANNE &#8211; <a href=\"https:\/\/www.youtube.com\/watch?v=X2UvyhXJgTI\" target=\"_blank\" rel=\"noreferrer noopener\">DONNE<\/a><\/h3>\n\n\n\n<figure class=\"wp-block-embed is-type-video is-provider-youtube wp-block-embed-youtube wp-embed-aspect-16-9 wp-has-aspect-ratio\"><div class=\"wp-block-embed__wrapper\">\n<iframe loading=\"lazy\" title=\"RACE HIGHLIGHTS | Elite Men | Round 10 Mont-Sainte-Anne | UCI Downhill World Cup\" width=\"740\" height=\"416\" src=\"https:\/\/www.youtube.com\/embed\/7fIPsHa7fig?feature=oembed\" frameborder=\"0\" allow=\"accelerometer; autoplay; clipboard-write; encrypted-media; gyroscope; picture-in-picture; web-share\" referrerpolicy=\"strict-origin-when-cross-origin\" allowfullscreen><\/iframe>\n<\/div><\/figure>\n","protected":false,"gt_translate_keys":[{"key":"rendered","format":"html"}]},"excerpt":{"rendered":"<p>Tra le donne Elite la stagione \u00e8 stata equilibrata, con Valentina H\u00f6ll che ha finalmente conquistato pi\u00f9 vittorie cruciali (inclusa Lake Placid) e si \u00e8 assicurata il titolo generale grazie a consistenza e prestazioni solide. Gracey Hemstreet ha vinto alcune prove e ha lottato per la leadership, ma alla fine non \u00e8 riuscita a insidiare [&hellip;]<\/p>\n","protected":false,"gt_translate_keys":[{"key":"rendered","format":"html"}]},"author":1,"featured_media":24793,"comment_status":"closed","ping_status":"open","sticky":false,"template":"","format":"standard","meta":{"footnotes":""},"categories":[1258],"tags":[1050,1291,311,1271,1264,1073,1074,748,1075,1290,440,375,90,598,620,1173,1114,1222,692,1054,1069,34,153,730,1070,1228,1340,1268,602,957,165,50,732],"class_list":["post-24775","post","type-post","status-publish","format-standard","has-post-thumbnail","hentry","category-downhill-dh","tag-anna-newkirk","tag-bielsko-biala","tag-coppa-del-mondo","tag-gracey-hemstreet","tag-henri-kiefer","tag-jackson-goldstone","tag-jordan-williams","tag-la-thuile","tag-lachlan-stevens-mcnab","tag-lake-placid","tag-lenzerheide","tag-leogang","tag-les-gets","tag-loic-bruni","tag-loris-vergier","tag-loudenvielle","tag-luca-shaw","tag-luke-meier-smith","tag-marine-cabirou","tag-mille-johnset","tag-monika-hrastnik","tag-mont-sainte-anne","tag-myriam-nicole","tag-nina-hoffmann","tag-oisin-ocallaghan","tag-pal-arinsal","tag-ronan-dunne","tag-sacha-earnest","tag-tahnee-seagrave","tag-thibaut-daprela","tag-troy-brosnan","tag-val-di-sole","tag-vali-holl"],"yoast_head":"<!-- This site is optimized with the Yoast SEO plugin v27.5 - https:\/\/yoast.com\/product\/yoast-seo-wordpress\/ -->\n<title>Classifiche UCI Mountain Bike Coppa del Mondo 2025 DH | FANTAmtb<\/title>\n<meta name=\"robots\" content=\"index, follow, max-snippet:-1, max-image-preview:large, max-video-preview:-1\" \/>\n<link rel=\"canonical\" href=\"https:\/\/www.365mountainbike.it\/fantamtb\/storia-mtb\/downhill-dh\/uci-mountain-bike-coppa-del-mondo-2025-dh\/\" \/>\n<meta property=\"og:locale\" content=\"it_IT\" \/>\n<meta property=\"og:type\" content=\"article\" \/>\n<meta property=\"og:title\" content=\"Classifiche UCI Mountain Bike Coppa del Mondo 2025 DH | FANTAmtb\" \/>\n<meta property=\"og:description\" content=\"Tra le donne Elite la stagione \u00e8 stata equilibrata, con Valentina H\u00f6ll che ha finalmente conquistato pi\u00f9 vittorie cruciali (inclusa Lake Placid) e si \u00e8 assicurata il titolo generale grazie a consistenza e prestazioni solide. Gracey Hemstreet ha vinto alcune prove e ha lottato per la leadership, ma alla fine non \u00e8 riuscita a insidiare [&hellip;]\" \/>\n<meta property=\"og:url\" content=\"https:\/\/www.365mountainbike.it\/fantamtb\/storia-mtb\/downhill-dh\/uci-mountain-bike-coppa-del-mondo-2025-dh\/\" \/>\n<meta property=\"og:site_name\" content=\"FANTAmtb\" \/>\n<meta property=\"article:published_time\" content=\"2025-06-29T08:00:40+00:00\" \/>\n<meta property=\"article:modified_time\" content=\"2026-02-04T12:29:02+00:00\" \/>\n<meta property=\"og:image\" content=\"https:\/\/www.365mountainbike.it\/fantamtb\/wp-content\/uploads\/2025\/06\/jackson-goldstone-loudenvielle.jpg\" \/>\n\t<meta property=\"og:image:width\" content=\"1600\" \/>\n\t<meta property=\"og:image:height\" content=\"1067\" \/>\n\t<meta property=\"og:image:type\" content=\"image\/jpeg\" \/>\n<meta name=\"author\" content=\"FANTAmtb\" \/>\n<meta name=\"twitter:card\" content=\"summary_large_image\" \/>\n<meta name=\"twitter:label1\" content=\"Scritto da\" \/>\n\t<meta name=\"twitter:data1\" content=\"FANTAmtb\" \/>\n\t<meta name=\"twitter:label2\" content=\"Tempo di lettura stimato\" \/>\n\t<meta name=\"twitter:data2\" content=\"23 minuti\" \/>\n<script type=\"application\/ld+json\" class=\"yoast-schema-graph\">{\"@context\":\"https:\\\/\\\/schema.org\",\"@graph\":[{\"@type\":\"Article\",\"@id\":\"https:\\\/\\\/www.365mountainbike.it\\\/fantamtb\\\/storia-mtb\\\/downhill-dh\\\/uci-mountain-bike-coppa-del-mondo-2025-dh\\\/#article\",\"isPartOf\":{\"@id\":\"https:\\\/\\\/www.365mountainbike.it\\\/fantamtb\\\/storia-mtb\\\/downhill-dh\\\/uci-mountain-bike-coppa-del-mondo-2025-dh\\\/\"},\"author\":{\"name\":\"FANTAmtb\",\"@id\":\"https:\\\/\\\/www.365mountainbike.it\\\/fantamtb\\\/#\\\/schema\\\/person\\\/7b4a30b446207c8d00024d9717c3b63b\"},\"headline\":\"UCI Mountain Bike Coppa del Mondo 2025 DH\",\"datePublished\":\"2025-06-29T08:00:40+00:00\",\"dateModified\":\"2026-02-04T12:29:02+00:00\",\"mainEntityOfPage\":{\"@id\":\"https:\\\/\\\/www.365mountainbike.it\\\/fantamtb\\\/storia-mtb\\\/downhill-dh\\\/uci-mountain-bike-coppa-del-mondo-2025-dh\\\/\"},\"wordCount\":609,\"image\":{\"@id\":\"https:\\\/\\\/www.365mountainbike.it\\\/fantamtb\\\/storia-mtb\\\/downhill-dh\\\/uci-mountain-bike-coppa-del-mondo-2025-dh\\\/#primaryimage\"},\"thumbnailUrl\":\"https:\\\/\\\/www.365mountainbike.it\\\/fantamtb\\\/wp-content\\\/uploads\\\/2025\\\/06\\\/jackson-goldstone-loudenvielle.jpg\",\"keywords\":[\"Anna Newkirk\",\"Bielsko-Biala\",\"Coppa Del Mondo\",\"Gracey Hemstreet\",\"Henri Kiefer\",\"Jackson Goldstone\",\"Jordan Williams\",\"La Thuile\",\"Lachlan Stevens Mcnab\",\"Lake Placid\",\"Lenzerheide\",\"Leogang\",\"Les Gets\",\"Loic Bruni\",\"Loris Vergier\",\"Loudenvielle\",\"Luca Shaw\",\"Luke Meier-Smith\",\"Marine Cabirou\",\"Mille Johnset\",\"Monika Hrastnik\",\"Mont Sainte Anne\",\"Myriam Nicole\",\"Nina Hoffmann\",\"Oisin O&#039;Callaghan\",\"Pal Arinsal\",\"Ronan Dunne\",\"Sacha Earnest\",\"Tahnee Seagrave\",\"Thibaut Daprela\",\"Troy Brosnan\",\"Val Di Sole\",\"Vali Holl\"],\"articleSection\":[\"Downhill DH\"],\"inLanguage\":\"it-IT\"},{\"@type\":\"WebPage\",\"@id\":\"https:\\\/\\\/www.365mountainbike.it\\\/fantamtb\\\/storia-mtb\\\/downhill-dh\\\/uci-mountain-bike-coppa-del-mondo-2025-dh\\\/\",\"url\":\"https:\\\/\\\/www.365mountainbike.it\\\/fantamtb\\\/storia-mtb\\\/downhill-dh\\\/uci-mountain-bike-coppa-del-mondo-2025-dh\\\/\",\"name\":\"Classifiche UCI Mountain Bike Coppa del Mondo 2025 DH | FANTAmtb\",\"isPartOf\":{\"@id\":\"https:\\\/\\\/www.365mountainbike.it\\\/fantamtb\\\/#website\"},\"primaryImageOfPage\":{\"@id\":\"https:\\\/\\\/www.365mountainbike.it\\\/fantamtb\\\/storia-mtb\\\/downhill-dh\\\/uci-mountain-bike-coppa-del-mondo-2025-dh\\\/#primaryimage\"},\"image\":{\"@id\":\"https:\\\/\\\/www.365mountainbike.it\\\/fantamtb\\\/storia-mtb\\\/downhill-dh\\\/uci-mountain-bike-coppa-del-mondo-2025-dh\\\/#primaryimage\"},\"thumbnailUrl\":\"https:\\\/\\\/www.365mountainbike.it\\\/fantamtb\\\/wp-content\\\/uploads\\\/2025\\\/06\\\/jackson-goldstone-loudenvielle.jpg\",\"datePublished\":\"2025-06-29T08:00:40+00:00\",\"dateModified\":\"2026-02-04T12:29:02+00:00\",\"author\":{\"@id\":\"https:\\\/\\\/www.365mountainbike.it\\\/fantamtb\\\/#\\\/schema\\\/person\\\/7b4a30b446207c8d00024d9717c3b63b\"},\"breadcrumb\":{\"@id\":\"https:\\\/\\\/www.365mountainbike.it\\\/fantamtb\\\/storia-mtb\\\/downhill-dh\\\/uci-mountain-bike-coppa-del-mondo-2025-dh\\\/#breadcrumb\"},\"inLanguage\":\"it-IT\",\"potentialAction\":[{\"@type\":\"ReadAction\",\"target\":[\"https:\\\/\\\/www.365mountainbike.it\\\/fantamtb\\\/storia-mtb\\\/downhill-dh\\\/uci-mountain-bike-coppa-del-mondo-2025-dh\\\/\"]}]},{\"@type\":\"ImageObject\",\"inLanguage\":\"it-IT\",\"@id\":\"https:\\\/\\\/www.365mountainbike.it\\\/fantamtb\\\/storia-mtb\\\/downhill-dh\\\/uci-mountain-bike-coppa-del-mondo-2025-dh\\\/#primaryimage\",\"url\":\"https:\\\/\\\/www.365mountainbike.it\\\/fantamtb\\\/wp-content\\\/uploads\\\/2025\\\/06\\\/jackson-goldstone-loudenvielle.jpg\",\"contentUrl\":\"https:\\\/\\\/www.365mountainbike.it\\\/fantamtb\\\/wp-content\\\/uploads\\\/2025\\\/06\\\/jackson-goldstone-loudenvielle.jpg\",\"width\":1600,\"height\":1067},{\"@type\":\"BreadcrumbList\",\"@id\":\"https:\\\/\\\/www.365mountainbike.it\\\/fantamtb\\\/storia-mtb\\\/downhill-dh\\\/uci-mountain-bike-coppa-del-mondo-2025-dh\\\/#breadcrumb\",\"itemListElement\":[{\"@type\":\"ListItem\",\"position\":1,\"name\":\"Home\",\"item\":\"https:\\\/\\\/www.365mountainbike.it\\\/fantamtb\\\/\"},{\"@type\":\"ListItem\",\"position\":2,\"name\":\"Storia MTB\",\"item\":\"https:\\\/\\\/www.365mountainbike.it\\\/fantamtb\\\/storia-mtb\\\/\"},{\"@type\":\"ListItem\",\"position\":3,\"name\":\"DH Downhill\",\"item\":\"https:\\\/\\\/www.365mountainbike.it\\\/fantamtb\\\/storia-mtb\\\/downhill-dh\\\/\"},{\"@type\":\"ListItem\",\"position\":4,\"name\":\"UCI Mountain Bike Coppa del Mondo 2025 DH\"}]},{\"@type\":\"WebSite\",\"@id\":\"https:\\\/\\\/www.365mountainbike.it\\\/fantamtb\\\/#website\",\"url\":\"https:\\\/\\\/www.365mountainbike.it\\\/fantamtb\\\/\",\"name\":\"FANTAmtb\",\"description\":\"Il FANTAciclismo della Mountain Bike (FANTAcycling)\",\"potentialAction\":[{\"@type\":\"SearchAction\",\"target\":{\"@type\":\"EntryPoint\",\"urlTemplate\":\"https:\\\/\\\/www.365mountainbike.it\\\/fantamtb\\\/?s={search_term_string}\"},\"query-input\":{\"@type\":\"PropertyValueSpecification\",\"valueRequired\":true,\"valueName\":\"search_term_string\"}}],\"inLanguage\":\"it-IT\"},{\"@type\":\"Person\",\"@id\":\"https:\\\/\\\/www.365mountainbike.it\\\/fantamtb\\\/#\\\/schema\\\/person\\\/7b4a30b446207c8d00024d9717c3b63b\",\"name\":\"FANTAmtb\",\"image\":{\"@type\":\"ImageObject\",\"inLanguage\":\"it-IT\",\"@id\":\"\\\/\\\/www.365mountainbike.it\\\/fantamtb\\\/wp-content\\\/uploads\\\/wpforo\\\/avatars\\\/davide_1.png\",\"url\":\"\\\/\\\/www.365mountainbike.it\\\/fantamtb\\\/wp-content\\\/uploads\\\/wpforo\\\/avatars\\\/davide_1.png\",\"contentUrl\":\"\\\/\\\/www.365mountainbike.it\\\/fantamtb\\\/wp-content\\\/uploads\\\/wpforo\\\/avatars\\\/davide_1.png\",\"caption\":\"FANTAmtb\"},\"sameAs\":[\"https:\\\/\\\/www.365mountainbike.it\\\/fantamtb\"],\"url\":\"https:\\\/\\\/www.365mountainbike.it\\\/fantamtb\\\/author\\\/davide\\\/\"}]}<\/script>\n<!-- \/ Yoast SEO plugin. -->","yoast_head_json":{"title":"Classifiche UCI Mountain Bike Coppa del Mondo 2025 DH | FANTAmtb","robots":{"index":"index","follow":"follow","max-snippet":"max-snippet:-1","max-image-preview":"max-image-preview:large","max-video-preview":"max-video-preview:-1"},"canonical":"https:\/\/www.365mountainbike.it\/fantamtb\/storia-mtb\/downhill-dh\/uci-mountain-bike-coppa-del-mondo-2025-dh\/","og_locale":"it_IT","og_type":"article","og_title":"Classifiche UCI Mountain Bike Coppa del Mondo 2025 DH | FANTAmtb","og_description":"Tra le donne Elite la stagione \u00e8 stata equilibrata, con Valentina H\u00f6ll che ha finalmente conquistato pi\u00f9 vittorie cruciali (inclusa Lake Placid) e si \u00e8 assicurata il titolo generale grazie a consistenza e prestazioni solide. Gracey Hemstreet ha vinto alcune prove e ha lottato per la leadership, ma alla fine non \u00e8 riuscita a insidiare [&hellip;]","og_url":"https:\/\/www.365mountainbike.it\/fantamtb\/storia-mtb\/downhill-dh\/uci-mountain-bike-coppa-del-mondo-2025-dh\/","og_site_name":"FANTAmtb","article_published_time":"2025-06-29T08:00:40+00:00","article_modified_time":"2026-02-04T12:29:02+00:00","og_image":[{"width":1600,"height":1067,"url":"https:\/\/www.365mountainbike.it\/fantamtb\/wp-content\/uploads\/2025\/06\/jackson-goldstone-loudenvielle.jpg","type":"image\/jpeg"}],"author":"FANTAmtb","twitter_card":"summary_large_image","twitter_misc":{"Scritto da":"FANTAmtb","Tempo di lettura stimato":"23 minuti"},"schema":{"@context":"https:\/\/schema.org","@graph":[{"@type":"Article","@id":"https:\/\/www.365mountainbike.it\/fantamtb\/storia-mtb\/downhill-dh\/uci-mountain-bike-coppa-del-mondo-2025-dh\/#article","isPartOf":{"@id":"https:\/\/www.365mountainbike.it\/fantamtb\/storia-mtb\/downhill-dh\/uci-mountain-bike-coppa-del-mondo-2025-dh\/"},"author":{"name":"FANTAmtb","@id":"https:\/\/www.365mountainbike.it\/fantamtb\/#\/schema\/person\/7b4a30b446207c8d00024d9717c3b63b"},"headline":"UCI Mountain Bike Coppa del Mondo 2025 DH","datePublished":"2025-06-29T08:00:40+00:00","dateModified":"2026-02-04T12:29:02+00:00","mainEntityOfPage":{"@id":"https:\/\/www.365mountainbike.it\/fantamtb\/storia-mtb\/downhill-dh\/uci-mountain-bike-coppa-del-mondo-2025-dh\/"},"wordCount":609,"image":{"@id":"https:\/\/www.365mountainbike.it\/fantamtb\/storia-mtb\/downhill-dh\/uci-mountain-bike-coppa-del-mondo-2025-dh\/#primaryimage"},"thumbnailUrl":"https:\/\/www.365mountainbike.it\/fantamtb\/wp-content\/uploads\/2025\/06\/jackson-goldstone-loudenvielle.jpg","keywords":["Anna Newkirk","Bielsko-Biala","Coppa Del Mondo","Gracey Hemstreet","Henri Kiefer","Jackson Goldstone","Jordan Williams","La Thuile","Lachlan Stevens Mcnab","Lake Placid","Lenzerheide","Leogang","Les Gets","Loic Bruni","Loris Vergier","Loudenvielle","Luca Shaw","Luke Meier-Smith","Marine Cabirou","Mille Johnset","Monika Hrastnik","Mont Sainte Anne","Myriam Nicole","Nina Hoffmann","Oisin O&#039;Callaghan","Pal Arinsal","Ronan Dunne","Sacha Earnest","Tahnee Seagrave","Thibaut Daprela","Troy Brosnan","Val Di Sole","Vali Holl"],"articleSection":["Downhill DH"],"inLanguage":"it-IT"},{"@type":"WebPage","@id":"https:\/\/www.365mountainbike.it\/fantamtb\/storia-mtb\/downhill-dh\/uci-mountain-bike-coppa-del-mondo-2025-dh\/","url":"https:\/\/www.365mountainbike.it\/fantamtb\/storia-mtb\/downhill-dh\/uci-mountain-bike-coppa-del-mondo-2025-dh\/","name":"Classifiche UCI Mountain Bike Coppa del Mondo 2025 DH | FANTAmtb","isPartOf":{"@id":"https:\/\/www.365mountainbike.it\/fantamtb\/#website"},"primaryImageOfPage":{"@id":"https:\/\/www.365mountainbike.it\/fantamtb\/storia-mtb\/downhill-dh\/uci-mountain-bike-coppa-del-mondo-2025-dh\/#primaryimage"},"image":{"@id":"https:\/\/www.365mountainbike.it\/fantamtb\/storia-mtb\/downhill-dh\/uci-mountain-bike-coppa-del-mondo-2025-dh\/#primaryimage"},"thumbnailUrl":"https:\/\/www.365mountainbike.it\/fantamtb\/wp-content\/uploads\/2025\/06\/jackson-goldstone-loudenvielle.jpg","datePublished":"2025-06-29T08:00:40+00:00","dateModified":"2026-02-04T12:29:02+00:00","author":{"@id":"https:\/\/www.365mountainbike.it\/fantamtb\/#\/schema\/person\/7b4a30b446207c8d00024d9717c3b63b"},"breadcrumb":{"@id":"https:\/\/www.365mountainbike.it\/fantamtb\/storia-mtb\/downhill-dh\/uci-mountain-bike-coppa-del-mondo-2025-dh\/#breadcrumb"},"inLanguage":"it-IT","potentialAction":[{"@type":"ReadAction","target":["https:\/\/www.365mountainbike.it\/fantamtb\/storia-mtb\/downhill-dh\/uci-mountain-bike-coppa-del-mondo-2025-dh\/"]}]},{"@type":"ImageObject","inLanguage":"it-IT","@id":"https:\/\/www.365mountainbike.it\/fantamtb\/storia-mtb\/downhill-dh\/uci-mountain-bike-coppa-del-mondo-2025-dh\/#primaryimage","url":"https:\/\/www.365mountainbike.it\/fantamtb\/wp-content\/uploads\/2025\/06\/jackson-goldstone-loudenvielle.jpg","contentUrl":"https:\/\/www.365mountainbike.it\/fantamtb\/wp-content\/uploads\/2025\/06\/jackson-goldstone-loudenvielle.jpg","width":1600,"height":1067},{"@type":"BreadcrumbList","@id":"https:\/\/www.365mountainbike.it\/fantamtb\/storia-mtb\/downhill-dh\/uci-mountain-bike-coppa-del-mondo-2025-dh\/#breadcrumb","itemListElement":[{"@type":"ListItem","position":1,"name":"Home","item":"https:\/\/www.365mountainbike.it\/fantamtb\/"},{"@type":"ListItem","position":2,"name":"Storia MTB","item":"https:\/\/www.365mountainbike.it\/fantamtb\/storia-mtb\/"},{"@type":"ListItem","position":3,"name":"DH Downhill","item":"https:\/\/www.365mountainbike.it\/fantamtb\/storia-mtb\/downhill-dh\/"},{"@type":"ListItem","position":4,"name":"UCI Mountain Bike Coppa del Mondo 2025 DH"}]},{"@type":"WebSite","@id":"https:\/\/www.365mountainbike.it\/fantamtb\/#website","url":"https:\/\/www.365mountainbike.it\/fantamtb\/","name":"FANTAmtb","description":"Il FANTAciclismo della Mountain Bike (FANTAcycling)","potentialAction":[{"@type":"SearchAction","target":{"@type":"EntryPoint","urlTemplate":"https:\/\/www.365mountainbike.it\/fantamtb\/?s={search_term_string}"},"query-input":{"@type":"PropertyValueSpecification","valueRequired":true,"valueName":"search_term_string"}}],"inLanguage":"it-IT"},{"@type":"Person","@id":"https:\/\/www.365mountainbike.it\/fantamtb\/#\/schema\/person\/7b4a30b446207c8d00024d9717c3b63b","name":"FANTAmtb","image":{"@type":"ImageObject","inLanguage":"it-IT","@id":"\/\/www.365mountainbike.it\/fantamtb\/wp-content\/uploads\/wpforo\/avatars\/davide_1.png","url":"\/\/www.365mountainbike.it\/fantamtb\/wp-content\/uploads\/wpforo\/avatars\/davide_1.png","contentUrl":"\/\/www.365mountainbike.it\/fantamtb\/wp-content\/uploads\/wpforo\/avatars\/davide_1.png","caption":"FANTAmtb"},"sameAs":["https:\/\/www.365mountainbike.it\/fantamtb"],"url":"https:\/\/www.365mountainbike.it\/fantamtb\/author\/davide\/"}]}},"gt_translate_keys":[{"key":"link","format":"url"}],"_links":{"self":[{"href":"https:\/\/www.365mountainbike.it\/fantamtb\/wp-json\/wp\/v2\/posts\/24775","targetHints":{"allow":["GET"]}}],"collection":[{"href":"https:\/\/www.365mountainbike.it\/fantamtb\/wp-json\/wp\/v2\/posts"}],"about":[{"href":"https:\/\/www.365mountainbike.it\/fantamtb\/wp-json\/wp\/v2\/types\/post"}],"author":[{"embeddable":true,"href":"https:\/\/www.365mountainbike.it\/fantamtb\/wp-json\/wp\/v2\/users\/1"}],"replies":[{"embeddable":true,"href":"https:\/\/www.365mountainbike.it\/fantamtb\/wp-json\/wp\/v2\/comments?post=24775"}],"version-history":[{"count":11,"href":"https:\/\/www.365mountainbike.it\/fantamtb\/wp-json\/wp\/v2\/posts\/24775\/revisions"}],"predecessor-version":[{"id":25613,"href":"https:\/\/www.365mountainbike.it\/fantamtb\/wp-json\/wp\/v2\/posts\/24775\/revisions\/25613"}],"wp:featuredmedia":[{"embeddable":true,"href":"https:\/\/www.365mountainbike.it\/fantamtb\/wp-json\/wp\/v2\/media\/24793"}],"wp:attachment":[{"href":"https:\/\/www.365mountainbike.it\/fantamtb\/wp-json\/wp\/v2\/media?parent=24775"}],"wp:term":[{"taxonomy":"category","embeddable":true,"href":"https:\/\/www.365mountainbike.it\/fantamtb\/wp-json\/wp\/v2\/categories?post=24775"},{"taxonomy":"post_tag","embeddable":true,"href":"https:\/\/www.365mountainbike.it\/fantamtb\/wp-json\/wp\/v2\/tags?post=24775"}],"curies":[{"name":"wp","href":"https:\/\/api.w.org\/{rel}","templated":true}]}}