{"id":24773,"date":"2025-06-29T07:46:35","date_gmt":"2025-06-29T07:46:35","guid":{"rendered":"https:\/\/www.365mountainbike.it\/fantamtb\/?p=24773"},"modified":"2026-02-07T16:01:53","modified_gmt":"2026-02-07T16:01:53","slug":"uci-mountain-bike-coppa-del-mondo-2025-xc","status":"publish","type":"post","link":"https:\/\/www.365mountainbike.it\/fantamtb\/storia-mtb\/cross-country-xco\/uci-mountain-bike-coppa-del-mondo-2025-xc\/","title":{"rendered":"UCI Mountain Bike Coppa del Mondo 2025 MTB XC","gt_translate_keys":[{"key":"rendered","format":"text"}]},"content":{"rendered":"\n<p>Nella Coppa del Mondo femminile, Samara Maxwell ha vinto il titolo generale grazie a una stagione consistete con pi\u00f9 podi e vittorie, chiudendo davanti a Jenny Rissveds e Alessandra Keller. Maxwell \u00e8 stata la prima neozelandese a vincere l\u2019XCO World Cup. Tra gli uomini, Christopher Blevins ha dominato la classifica generale, con vittorie chiave e punti accumulati per chiudere in testa davanti a Mart\u00edn Vidaurre Kossmann e Luca Martin. Tra gli Under 23, Valentina Corvi (donne) ha trionfato nell\u2019XCO U23 con diverse vittorie e punti solidi mentre Finn Treudler (uomini) ha dominato entrambe le classifiche Under 23 (XCO e XCC), vincendo un bel numero di gare.<\/p>\n\n\n\n<p><\/p>\n\n\n\n<figure class=\"wp-block-table is-style-stripes\"><table class=\"has-black-color has-text-color\"><tbody><tr><td><img loading=\"lazy\" decoding=\"async\" width=\"19\" height=\"13\" src=\"https:\/\/www.365mountainbike.it\/fantamtb\/wp-content\/images\/bra.png\" alt=\"BRA\">&nbsp;Araxa<br>&#8211; <a href=\"https:\/\/www.365mountainbike.it\/mondo-gare\/dominio-specialized-ad-araxa-1-koretzky-su-blevins-e-vidaurre\/\" target=\"_blank\" rel=\"noreferrer noopener\">REPORT UOMINI<\/a><br>&#8211; <a href=\"https:\/\/www.365mountainbike.it\/mondo-gare\/samara-maxwell-vince-tra-le-elite-ad-araxa-world-cup-1\/\" target=\"_blank\" rel=\"noreferrer noopener\">REPORT DONNE<\/a><br>&#8211;<em> <a href=\"https:\/\/www.365mountainbike.it\/mondo-gare\/classifiche-u23-araxa-coppa-del-mondo-1-2025\/\" target=\"_blank\" rel=\"noreferrer noopener\">U23<\/a><\/em><\/td><td><img decoding=\"async\" src=\"https:\/\/www.365mountainbike.it\/fantamtb\/wp-content\/images\/1.png\" alt=\"prima posizione\">&nbsp;<img loading=\"lazy\" decoding=\"async\" width=\"19\" height=\"13\" src=\"https:\/\/www.365mountainbike.it\/fantamtb\/wp-content\/images\/fra.png\" alt=\"FRA\"> <a href=\"https:\/\/www.365mountainbike.it\/fantamtb\/storia-mtb\/atleti\/victor-koretzky\/\">Victor KORETZKY<\/a><br><img decoding=\"async\" src=\"https:\/\/www.365mountainbike.it\/fantamtb\/wp-content\/images\/2.png\" alt=\"seconda posizione\"> <img loading=\"lazy\" decoding=\"async\" width=\"19\" height=\"13\" border=\"0\" style=\"border: 0pt none; border-width: 0pt;\" src=\"\/fantamtb\/wp-content\/images\/usa.png\" alt=\"United States\"> <a href=\"https:\/\/www.365mountainbike.it\/fantamtb\/atleti\/christopher-blevins\/\">Christopher BLEVINS<\/a><br><img decoding=\"async\" src=\"https:\/\/www.365mountainbike.it\/fantamtb\/wp-content\/images\/3.png\" alt=\"terza posizione\"> <img loading=\"lazy\" decoding=\"async\" width=\"20\" height=\"16\" src=\"https:\/\/www.365mountainbike.it\/fantamtb\/wp-content\/images\/chi.png\" alt=\"CHI\"> <a href=\"https:\/\/www.365mountainbike.it\/fantamtb\/atleti\/martin-vidaurre-kossmann\/\">Martin VIDAURRE<\/a><\/td><td><img decoding=\"async\" src=\"https:\/\/www.365mountainbike.it\/fantamtb\/wp-content\/images\/1.png\" alt=\"prima posizione\">&nbsp;<img loading=\"lazy\" decoding=\"async\" width=\"19\" height=\"13\" src=\"https:\/\/www.365mountainbike.it\/fantamtb\/wp-content\/images\/aus.png\" alt=\"AUS\"> <a href=\"https:\/\/www.365mountainbike.it\/fantamtb\/atleti\/samara-maxwell\/\">Samara MAXWELL<\/a><br><img decoding=\"async\" src=\"https:\/\/www.365mountainbike.it\/fantamtb\/wp-content\/images\/2.png\" alt=\"seconda posizione\">&nbsp;<img loading=\"lazy\" decoding=\"async\" width=\"20\" height=\"16\" src=\"https:\/\/www.365mountainbike.it\/fantamtb\/wp-content\/images\/swi.png\" alt=\"SWI\"> <a href=\"https:\/\/www.365mountainbike.it\/fantamtb\/atleti\/nicole-koller\/\">Nicole KOLLER<\/a><br><img decoding=\"async\" border=\"0\" style=\"border: 0pt none;\" src=\"\/fantamtb\/wp-content\/images\/3.png\" alt=\"terza posizione\"> <img loading=\"lazy\" decoding=\"async\" width=\"19\" height=\"13\" border=\"0\" style=\"border: 0pt none; border-width: 0pt;\" src=\"\/fantamtb\/wp-content\/images\/usa.png\" alt=\"United States\"> <a href=\"https:\/\/www.365mountainbike.it\/fantamtb\/atleti\/savilia-blunk\/\">Savilia BLUNK<\/a><\/td><\/tr><tr><td><\/td><td><\/td><td><\/td><\/tr><tr><td><img loading=\"lazy\" decoding=\"async\" width=\"19\" height=\"13\" src=\"https:\/\/www.365mountainbike.it\/fantamtb\/wp-content\/images\/bra.png\" alt=\"BRA\">&nbsp;Araxa<br>&#8211; <a href=\"https:\/\/www.365mountainbike.it\/mondo-gare\/ancora-dominio-specialized-ad-araxa-2-blevins-su-tutti\/\" target=\"_blank\" rel=\"noreferrer noopener\">REPORT UOMINI<\/a><br>&#8211; <a href=\"https:\/\/www.365mountainbike.it\/mondo-gare\/jenny-rissveds-vince-ad-araxa-su-samara-maxwell\/\" target=\"_blank\" rel=\"noreferrer noopener\">REPORT DONNE<\/a><br>&#8211;<em> <a href=\"https:\/\/www.365mountainbike.it\/fantamtb\/wp-content\/images\/results\/worldcup_xc\/2025_araxa2_u23m.pdf\" target=\"_blank\" rel=\"noreferrer noopener\">U23 M<\/a> | <a href=\"https:\/\/www.365mountainbike.it\/fantamtb\/wp-content\/images\/results\/worldcup_xc\/2025_araxa2_u23w.pdf\" target=\"_blank\" rel=\"noreferrer noopener\">U23 W<\/a><\/em><\/td><td><img decoding=\"async\" src=\"https:\/\/www.365mountainbike.it\/fantamtb\/wp-content\/images\/1.png\" alt=\"prima posizione\">&nbsp;<img loading=\"lazy\" decoding=\"async\" width=\"19\" height=\"13\" border=\"0\" style=\"border: 0pt none; border-width: 0pt;\" src=\"\/fantamtb\/wp-content\/images\/usa.png\" alt=\"United States\"> <a href=\"https:\/\/www.365mountainbike.it\/fantamtb\/atleti\/christopher-blevins\/\">Christopher BLEVINS<\/a><br><img decoding=\"async\" src=\"https:\/\/www.365mountainbike.it\/fantamtb\/wp-content\/images\/2.png\" alt=\"seconda posizione\"> <a href=\"https:\/\/www.365mountainbike.it\/fantamtb\/storia-mtb\/atleti\/victor-koretzky\/\"><img loading=\"lazy\" decoding=\"async\" width=\"20\" height=\"16\" src=\"https:\/\/www.365mountainbike.it\/fantamtb\/wp-content\/images\/chi.png\" alt=\"CHI\"> <\/a><a href=\"https:\/\/www.365mountainbike.it\/fantamtb\/atleti\/martin-vidaurre-kossmann\/\">Martin VIDAURRE<\/a><br><img decoding=\"async\" src=\"https:\/\/www.365mountainbike.it\/fantamtb\/wp-content\/images\/3.png\" alt=\"terza posizione\"> <img loading=\"lazy\" decoding=\"async\" width=\"19\" height=\"13\" src=\"https:\/\/www.365mountainbike.it\/fantamtb\/wp-content\/images\/fra.png\" alt=\"FRA\"> <a href=\"https:\/\/www.365mountainbike.it\/fantamtb\/atleti\/adrien-boichis\/\">Adrien BOICHIS<\/a><\/td><td><img decoding=\"async\" src=\"https:\/\/www.365mountainbike.it\/fantamtb\/wp-content\/images\/1.png\" alt=\"Prima posizione\">&nbsp;<img loading=\"lazy\" decoding=\"async\" width=\"19\" height=\"13\" src=\"https:\/\/www.365mountainbike.it\/fantamtb\/wp-content\/images\/swe.png\" alt=\"SwE\"> <a href=\"https:\/\/www.365mountainbike.it\/fantamtb\/storia-mtb\/atleti\/jenny-rissveds\/\">Jenny RISSVEDS<\/a><br><img decoding=\"async\" src=\"https:\/\/www.365mountainbike.it\/fantamtb\/wp-content\/images\/2.png\" alt=\"seconda posizione\">&nbsp;<img loading=\"lazy\" decoding=\"async\" width=\"19\" height=\"13\" src=\"https:\/\/www.365mountainbike.it\/fantamtb\/wp-content\/images\/aus.png\" alt=\"AUS\"> <a href=\"https:\/\/www.365mountainbike.it\/fantamtb\/atleti\/samara-maxwell\/\">Samara MAXWELL<\/a><br><img decoding=\"async\" border=\"0\" style=\"border: 0pt none;\" src=\"\/fantamtb\/wp-content\/images\/3.png\" alt=\"terza posizione\"> <img loading=\"lazy\" decoding=\"async\" width=\"20\" height=\"16\" src=\"https:\/\/www.365mountainbike.it\/fantamtb\/wp-content\/images\/gbr.png\" alt=\"GBR\"> <a href=\"https:\/\/www.365mountainbike.it\/fantamtb\/atleti\/evie-richards\/\">Evie RICHARDS<\/a><\/td><\/tr><tr><td><\/td><td><\/td><td><\/td><\/tr><tr><td><img loading=\"lazy\" decoding=\"async\" width=\"19\" height=\"13\" src=\"https:\/\/www.365mountainbike.it\/fantamtb\/wp-content\/images\/cze.png\" alt=\"CZE\">&nbsp;Nove Mesto<br>&#8211; <a href=\"https:\/\/www.365mountainbike.it\/mondo-gare\/nove-mesto-van-der-poel-cade-e-si-ritira-filippo-fontana-nei-10\/\" target=\"_blank\" rel=\"noreferrer noopener\">REPORT UOMINI<\/a><br>&#8211; <a href=\"https:\/\/www.365mountainbike.it\/mondo-gare\/nove-mesto-xco-mona-mitterwallner-vince-sfortuna-pieterse\/\" target=\"_blank\" rel=\"noreferrer noopener\">REPORT DONNE<\/a><br>&#8211;<em> <a href=\"https:\/\/www.365mountainbike.it\/fantamtb\/wp-content\/images\/results\/worldcup_xc\/2025_novemesto_u23m.pdf\" target=\"_blank\" rel=\"noreferrer noopener\">U23 M<\/a> | <a href=\"https:\/\/www.365mountainbike.it\/fantamtb\/wp-content\/images\/results\/worldcup_xc\/2025_novemesto_u23w.pdf\" target=\"_blank\" rel=\"noreferrer noopener\">U23 W<\/a><\/em><\/td><td><img decoding=\"async\" src=\"https:\/\/www.365mountainbike.it\/fantamtb\/wp-content\/images\/1.png\" alt=\"prima posizione\"> <img loading=\"lazy\" decoding=\"async\" width=\"19\" height=\"13\" border=\"0\" style=\"border: 0pt none; border-width: 0pt;\" src=\"\/fantamtb\/wp-content\/images\/usa.png\" alt=\"United States\"> <a href=\"https:\/\/www.365mountainbike.it\/fantamtb\/atleti\/christopher-blevins\/\">Christopher BLEVINS<\/a><br><img decoding=\"async\" src=\"https:\/\/www.365mountainbike.it\/fantamtb\/wp-content\/images\/2.png\" alt=\"seconda posizione\"> <img loading=\"lazy\" decoding=\"async\" width=\"19\" height=\"13\" src=\"https:\/\/www.365mountainbike.it\/fantamtb\/wp-content\/images\/fra.png\" alt=\"FRA\"> <a href=\"https:\/\/www.365mountainbike.it\/fantamtb\/atleti\/mathis-azzaro\/\">Mathis AZZARO<\/a><br><img decoding=\"async\" src=\"https:\/\/www.365mountainbike.it\/fantamtb\/wp-content\/images\/3.png\" alt=\"terza posizione\"> <img loading=\"lazy\" decoding=\"async\" width=\"20\" height=\"16\" src=\"https:\/\/www.365mountainbike.it\/fantamtb\/wp-content\/images\/swi.png\" alt=\"SWI\"> <a href=\"https:\/\/www.365mountainbike.it\/fantamtb\/atleti\/lars-forster\/\">Lars FORSTER<\/a><\/td><td><img decoding=\"async\" src=\"https:\/\/www.365mountainbike.it\/fantamtb\/wp-content\/images\/1.png\" alt=\"prima posizione\"> <img loading=\"lazy\" decoding=\"async\" width=\"19\" height=\"13\" border=\"0\" style=\"border: 0pt none; border-width: 0pt;\" src=\"\/fantamtb\/wp-content\/images\/aut.png\" alt=\"Austria\"> <a href=\"https:\/\/www.365mountainbike.it\/fantamtb\/atleti\/mona-mitterwallner\/\">Mona MITTERWALLNER<\/a><br><img decoding=\"async\" src=\"https:\/\/www.365mountainbike.it\/fantamtb\/wp-content\/images\/2.png\" alt=\"seconda posizione\"> <img loading=\"lazy\" decoding=\"async\" width=\"19\" height=\"13\" src=\"https:\/\/www.365mountainbike.it\/fantamtb\/wp-content\/images\/aus.png\" alt=\"AUS\"> <a href=\"https:\/\/www.365mountainbike.it\/fantamtb\/atleti\/samara-maxwell\/\">Samara MAXWELL<\/a><br><img decoding=\"async\" border=\"0\" style=\"border: 0pt none;\" src=\"\/fantamtb\/wp-content\/images\/3.png\" alt=\"terza posizione\"> <img loading=\"lazy\" decoding=\"async\" width=\"19\" height=\"13\" src=\"https:\/\/www.365mountainbike.it\/fantamtb\/wp-content\/images\/saf.png\" alt=\"SDA\"> <a href=\"https:\/\/www.365mountainbike.it\/fantamtb\/tag\/candice-lill\/\">Candice LILL<\/a><\/td><\/tr><tr><td>&nbsp;<\/td><td>&nbsp;<\/td><td>&nbsp;<\/td><\/tr><tr><td><img loading=\"lazy\" decoding=\"async\" width=\"19\" height=\"13\" border=\"0\" style=\"border: 0pt none; border-width: 0pt;\" src=\"\/fantamtb\/wp-content\/images\/aut.png\" alt=\"Austria\">&nbsp;Leogang<br>&#8211; <a href=\"https:\/\/www.365mountainbike.it\/mondo-gare\/world-cup-xco-sorpresa-ondrej-cink-a-leogang-pieterse-tra-le-donne\/\" target=\"_blank\" rel=\"noreferrer noopener\">REPORT UOMINI<\/a><br>&#8211; <a href=\"https:\/\/www.365mountainbike.it\/mondo-gare\/world-cup-xco-sorpresa-ondrej-cink-a-leogang-pieterse-tra-le-donne\/\" target=\"_blank\" rel=\"noreferrer noopener\">REPORT DONNE<\/a><br>&#8211; <em><a href=\"https:\/\/www.365mountainbike.it\/fantamtb\/wp-content\/images\/results\/worldcup_xc\/2025_leogang_u23m.pdf\" target=\"_blank\" rel=\"noreferrer noopener\">U23 M<\/a> | <em><a href=\"https:\/\/www.365mountainbike.it\/fantamtb\/wp-content\/images\/results\/worldcup_xc\/2025_leogang_u23w.pdf\" target=\"_blank\" rel=\"noreferrer noopener\">U23 W<\/a><\/em><\/em><\/td><td><img decoding=\"async\" src=\"https:\/\/www.365mountainbike.it\/fantamtb\/wp-content\/images\/1.png\" alt=\"prima posizione\"> <img loading=\"lazy\" decoding=\"async\" width=\"19\" height=\"13\" src=\"https:\/\/www.365mountainbike.it\/fantamtb\/wp-content\/images\/cze.png\" alt=\"CZE\"> <a href=\"https:\/\/www.365mountainbike.it\/fantamtb\/atleti\/nino-schurter\/\">Ondrej CINK<\/a><br><img decoding=\"async\" src=\"https:\/\/www.365mountainbike.it\/fantamtb\/wp-content\/images\/2.png\" alt=\"seconda posizione\"> <img loading=\"lazy\" decoding=\"async\" width=\"20\" height=\"16\" src=\"https:\/\/www.365mountainbike.it\/fantamtb\/wp-content\/images\/swi.png\" alt=\"SWI\"> <a href=\"https:\/\/www.365mountainbike.it\/fantamtb\/atleti\/mathias-fluckiger\/\">Mathias FLUCKIGER<\/a><br><img decoding=\"async\" src=\"https:\/\/www.365mountainbike.it\/fantamtb\/wp-content\/images\/3.png\" alt=\"terza posizione\"> <img loading=\"lazy\" decoding=\"async\" width=\"20\" height=\"16\" src=\"https:\/\/www.365mountainbike.it\/fantamtb\/wp-content\/images\/swi.png\" alt=\"SWI\"> Fabio PUNTENER<\/td><td><img decoding=\"async\" src=\"https:\/\/www.365mountainbike.it\/fantamtb\/wp-content\/images\/1.png\" alt=\"prima posizione\"> <img loading=\"lazy\" decoding=\"async\" width=\"19\" height=\"13\" src=\"https:\/\/www.365mountainbike.it\/fantamtb\/wp-content\/images\/ned.png\" alt=\"NED\"> <a href=\"https:\/\/www.365mountainbike.it\/fantamtb\/atleti\/puck-pieterse\/\">Puck PIETERSE<\/a><br><img decoding=\"async\" src=\"https:\/\/www.365mountainbike.it\/fantamtb\/wp-content\/images\/2.png\" alt=\"seconda posizione\"> <img loading=\"lazy\" decoding=\"async\" width=\"19\" height=\"13\" src=\"https:\/\/www.365mountainbike.it\/fantamtb\/wp-content\/images\/aus.png\" alt=\"AUS\"> <a href=\"https:\/\/www.365mountainbike.it\/fantamtb\/atleti\/samara-maxwell\/\">Samara MAXWELL<\/a><br><img decoding=\"async\" src=\"https:\/\/www.365mountainbike.it\/fantamtb\/wp-content\/images\/3.png\" alt=\"terza posizione\"> <img loading=\"lazy\" decoding=\"async\" width=\"20\" height=\"16\" src=\"https:\/\/www.365mountainbike.it\/fantamtb\/wp-content\/images\/swi.png\" alt=\"SWI\"> <a href=\"https:\/\/www.365mountainbike.it\/fantamtb\/atleti\/ramona-forchini\/\">Ramona FORCHINI<\/a><\/td><\/tr><tr><td><\/td><td><\/td><td><\/td><\/tr><tr><td><img loading=\"lazy\" decoding=\"async\" width=\"19\" height=\"13\" border=\"0\" style=\"border: 0pt none; border-width: 0pt;\" src=\"\/fantamtb\/wp-content\/images\/ita.png\" alt=\"Italy\"> Val di Sole<br>&#8211; <a href=\"https:\/\/www.365mountainbike.it\/mondo-gare\/pidcock-inarrestabile-sua-anche-la-tappa-di-crans-montana\/\" target=\"_blank\" rel=\"noreferrer noopener\">REPORT UOMINI<\/a><br>&#8211; <a href=\"https:\/\/www.365mountainbike.it\/mondo-gare\/val-di-sole-xco-donne-splende-liride-di-puck-pieterse\/\" target=\"_blank\" rel=\"noreferrer noopener\">REPORT DONNE<\/a><br>&#8211;<em> <a href=\"https:\/\/www.365mountainbike.it\/mondo-gare\/coppa-del-mondo-u23-valentina-corvi-vince-in-val-di-sole\/\" target=\"_blank\" rel=\"noreferrer noopener\">U23<\/a><\/em><\/td><td><img decoding=\"async\" src=\"https:\/\/www.365mountainbike.it\/fantamtb\/wp-content\/images\/1.png\" alt=\"prima posizione\"> <a href=\"https:\/\/www.365mountainbike.it\/fantamtb\/storia-mtb\/atleti\/victor-koretzky\/\"><img loading=\"lazy\" decoding=\"async\" width=\"20\" height=\"16\" src=\"https:\/\/www.365mountainbike.it\/fantamtb\/wp-content\/images\/chi.png\" alt=\"CHI\"> <\/a><a href=\"https:\/\/www.365mountainbike.it\/fantamtb\/atleti\/martin-vidaurre-kossmann\/\">Martin VIDAURRE<\/a><br><img decoding=\"async\" src=\"https:\/\/www.365mountainbike.it\/fantamtb\/wp-content\/images\/2.png\" alt=\"seconda posizione\"> <img loading=\"lazy\" decoding=\"async\" width=\"19\" height=\"13\" src=\"https:\/\/www.365mountainbike.it\/fantamtb\/wp-content\/images\/fra.png\" alt=\"FRA\"> <a href=\"https:\/\/www.365mountainbike.it\/fantamtb\/atleti\/mathis-azzaro\/\">Mathis AZZARO<\/a><br><img decoding=\"async\" src=\"https:\/\/www.365mountainbike.it\/fantamtb\/wp-content\/images\/3.png\" alt=\"terza posizione\"> <img loading=\"lazy\" decoding=\"async\" width=\"20\" height=\"16\" src=\"https:\/\/www.365mountainbike.it\/fantamtb\/wp-content\/images\/swi.png\" alt=\"SWI\"> Fabio PUNTENER<\/td><td><img decoding=\"async\" src=\"https:\/\/www.365mountainbike.it\/fantamtb\/wp-content\/images\/1.png\" alt=\"prima posizione\"> <img loading=\"lazy\" decoding=\"async\" width=\"19\" height=\"13\" src=\"https:\/\/www.365mountainbike.it\/fantamtb\/wp-content\/images\/ned.png\" alt=\"NED\"> <a href=\"https:\/\/www.365mountainbike.it\/fantamtb\/atleti\/puck-pieterse\/\">Puck PIETERSE<\/a><br><img decoding=\"async\" src=\"https:\/\/www.365mountainbike.it\/fantamtb\/wp-content\/images\/2.png\" alt=\"seconda posizione\"> <img loading=\"lazy\" decoding=\"async\" width=\"19\" height=\"13\" src=\"https:\/\/www.365mountainbike.it\/fantamtb\/wp-content\/images\/aus.png\" alt=\"AUS\"> <a href=\"https:\/\/www.365mountainbike.it\/fantamtb\/atleti\/samara-maxwell\/\">Samara MAXWELL<\/a><br><img decoding=\"async\" src=\"https:\/\/www.365mountainbike.it\/fantamtb\/wp-content\/images\/3.png\" alt=\"terza posizione\"> <img loading=\"lazy\" decoding=\"async\" width=\"19\" height=\"13\" border=\"0\" style=\"border: 0pt none; border-width: 0pt;\" src=\"\/fantamtb\/wp-content\/images\/aut.png\" alt=\"Austria\"> <a href=\"https:\/\/www.365mountainbike.it\/fantamtb\/atleti\/laura-stigger\/\">Laura STIGGER<\/a><\/td><\/tr><tr><td><\/td><td><\/td><td><\/td><\/tr><tr><td><img loading=\"lazy\" decoding=\"async\" width=\"19\" height=\"13\" src=\"https:\/\/www.365mountainbike.it\/fantamtb\/wp-content\/images\/and.png\" alt=\"ANDORRA\"> Pal Arinsal<br>&#8211; <a href=\"https:\/\/www.365mountainbike.it\/mondo-gare\/tom-pidcock-sorprendente-in-mtb-vince-la-coppa-del-mondo-a-pal-arinsal\/\" target=\"_blank\" rel=\"noreferrer noopener\">REPORT UOMINI<\/a><br>&#8211; <a href=\"https:\/\/www.365mountainbike.it\/mondo-gare\/coppa-del-mondo-xco-samara-maxell-vince-a-pal-arinsal\/\" target=\"_blank\" rel=\"noreferrer noopener\">REPORT DONNE<\/a><br>&#8211;<em> <a href=\"https:\/\/www.365mountainbike.it\/mondo-gare\/valentina-corvi-vince-in-coppa-del-mondo-u23-a-pal-arinsal\/\" target=\"_blank\" rel=\"noreferrer noopener\">U23<\/a><\/em><\/td><td><img decoding=\"async\" src=\"https:\/\/www.365mountainbike.it\/fantamtb\/wp-content\/images\/1.png\" alt=\"prima posizione\"> <img loading=\"lazy\" decoding=\"async\" width=\"20\" height=\"16\" src=\"https:\/\/www.365mountainbike.it\/fantamtb\/wp-content\/images\/gbr.png\" alt=\"GBR\"> <a href=\"https:\/\/www.365mountainbike.it\/fantamtb\/atleti\/tom-pidcock\/\">Tom PIDCOCK<\/a><br><img decoding=\"async\" src=\"https:\/\/www.365mountainbike.it\/fantamtb\/wp-content\/images\/2.png\" alt=\"seconda posizione\"> <img loading=\"lazy\" decoding=\"async\" width=\"19\" height=\"13\" src=\"https:\/\/www.365mountainbike.it\/fantamtb\/wp-content\/images\/fra.png\" alt=\"FRA\"> <a href=\"https:\/\/www.365mountainbike.it\/fantamtb\/atleti\/luca-martin\/\">Luca MARTIN<\/a><br><img decoding=\"async\" src=\"https:\/\/www.365mountainbike.it\/fantamtb\/wp-content\/images\/3.png\" alt=\"terza posizione\"> <img loading=\"lazy\" decoding=\"async\" width=\"20\" height=\"16\" src=\"https:\/\/www.365mountainbike.it\/fantamtb\/wp-content\/images\/gbr.png\" alt=\"GBR\"> <a href=\"https:\/\/www.365mountainbike.it\/fantamtb\/atleti\/charlie-aldridge\/\">Charlie ALDRIDGE<\/a><\/td><td><img decoding=\"async\" src=\"https:\/\/www.365mountainbike.it\/fantamtb\/wp-content\/images\/1.png\" alt=\"prima posizione\"> <img loading=\"lazy\" decoding=\"async\" width=\"19\" height=\"13\" src=\"https:\/\/www.365mountainbike.it\/fantamtb\/wp-content\/images\/aus.png\" alt=\"AUS\"> <a href=\"https:\/\/www.365mountainbike.it\/fantamtb\/atleti\/samara-maxwell\/\">Samara MAXWELL<\/a><br><img decoding=\"async\" src=\"https:\/\/www.365mountainbike.it\/fantamtb\/wp-content\/images\/2.png\" alt=\"seconda posizione\"> <img loading=\"lazy\" decoding=\"async\" width=\"20\" height=\"16\" src=\"https:\/\/www.365mountainbike.it\/fantamtb\/wp-content\/images\/swi.png\" alt=\"SWI\"> <a href=\"https:\/\/www.365mountainbike.it\/fantamtb\/atleti\/alessandra-keller\/\">Alessandra KELLER<\/a><br><img decoding=\"async\" src=\"https:\/\/www.365mountainbike.it\/fantamtb\/wp-content\/images\/3.png\" alt=\"terza posizione\"> <img loading=\"lazy\" decoding=\"async\" width=\"19\" height=\"13\" src=\"https:\/\/www.365mountainbike.it\/fantamtb\/wp-content\/images\/swe.png\" alt=\"SwE\"> <a href=\"https:\/\/www.365mountainbike.it\/fantamtb\/storia-mtb\/atleti\/jenny-rissveds\/\">Jenny RISSVEDS<\/a><\/td><\/tr><tr><td><\/td><td><\/td><td><\/td><\/tr><tr><td><img loading=\"lazy\" decoding=\"async\" width=\"19\" height=\"13\" src=\"https:\/\/www.365mountainbike.it\/fantamtb\/wp-content\/images\/fra.png\" alt=\"FRA\"> Les Gets<br>&#8211; <a href=\"https:\/\/www.365mountainbike.it\/mondo-gare\/luca-braidot-sfiora-la-vittoria-a-les-gets-vince-luca-martin\/\">REPORT UOMINI<\/a><br>&#8211; <a href=\"https:\/\/www.365mountainbike.it\/mondo-gare\/jenny-rissveds-vince-in-coppa-del-mondo-a-les-gets-davanti-a-keller\/\">REPORT DONNE<\/a><br>&#8211; <em><a href=\"https:\/\/www.365mountainbike.it\/fantamtb\/wp-content\/images\/results\/worldcup_xc\/2025_lesgets_u23m.pdf\" target=\"_blank\" rel=\"noreferrer noopener\">U23 M<\/a> | <em><a href=\"https:\/\/www.365mountainbike.it\/fantamtb\/wp-content\/images\/results\/worldcup_xc\/2025_lesgets_u23w.pdf\" target=\"_blank\" rel=\"noreferrer noopener\">U23 W<\/a><\/em><\/em><\/td><td><img decoding=\"async\" src=\"https:\/\/www.365mountainbike.it\/fantamtb\/wp-content\/images\/1.png\" alt=\"prima posizione\"> <img loading=\"lazy\" decoding=\"async\" width=\"19\" height=\"13\" src=\"https:\/\/www.365mountainbike.it\/fantamtb\/wp-content\/images\/fra.png\" alt=\"FRA\"> <a href=\"https:\/\/www.365mountainbike.it\/fantamtb\/atleti\/luca-martin\/\">Luca MARTIN<\/a><br><img decoding=\"async\" src=\"https:\/\/www.365mountainbike.it\/fantamtb\/wp-content\/images\/2.png\" alt=\"seconda posizione\"> <img loading=\"lazy\" decoding=\"async\" width=\"19\" height=\"13\" border=\"0\" style=\"border: 0pt none; border-width: 0pt;\" src=\"\/fantamtb\/wp-content\/images\/ita.png\" alt=\"Italy\"> <a href=\"https:\/\/www.365mountainbike.it\/fantamtb\/atleti\/luca-braidot\/\">Luca BRAIDOT<\/a><br><img decoding=\"async\" src=\"https:\/\/www.365mountainbike.it\/fantamtb\/wp-content\/images\/3.png\" alt=\"terza posizione\"> <img loading=\"lazy\" decoding=\"async\" width=\"20\" height=\"16\" src=\"https:\/\/www.365mountainbike.it\/fantamtb\/wp-content\/images\/swi.png\" alt=\"SWI\"> <a href=\"https:\/\/www.365mountainbike.it\/fantamtb\/atleti\/mathias-fluckiger\/\">Mathias FLUCKIGER<\/a><\/td><td><img decoding=\"async\" src=\"https:\/\/www.365mountainbike.it\/fantamtb\/wp-content\/images\/1.png\" alt=\"prima posizione\"> <img loading=\"lazy\" decoding=\"async\" width=\"19\" height=\"13\" src=\"https:\/\/www.365mountainbike.it\/fantamtb\/wp-content\/images\/swe.png\" alt=\"SwE\"> <a href=\"https:\/\/www.365mountainbike.it\/fantamtb\/storia-mtb\/atleti\/jenny-rissveds\/\">Jenny RISSVEDS<\/a><br><img decoding=\"async\" src=\"https:\/\/www.365mountainbike.it\/fantamtb\/wp-content\/images\/2.png\" alt=\"seconda posizione\"> <img loading=\"lazy\" decoding=\"async\" width=\"20\" height=\"16\" src=\"https:\/\/www.365mountainbike.it\/fantamtb\/wp-content\/images\/swi.png\" alt=\"SWI\"> <a href=\"https:\/\/www.365mountainbike.it\/fantamtb\/atleti\/alessandra-keller\/\">Alessandra KELLER<\/a><br><img decoding=\"async\" src=\"https:\/\/www.365mountainbike.it\/fantamtb\/wp-content\/images\/3.png\" alt=\"terza posizione\"> <img loading=\"lazy\" decoding=\"async\" width=\"19\" height=\"13\" src=\"https:\/\/www.365mountainbike.it\/fantamtb\/wp-content\/images\/aus.png\" alt=\"AUS\"> <a href=\"https:\/\/www.365mountainbike.it\/fantamtb\/atleti\/samara-maxwell\/\">Samara MAXWELL<\/a><\/td><\/tr><tr><td><\/td><td><\/td><td><\/td><\/tr><tr><td><img loading=\"lazy\" decoding=\"async\" width=\"20\" height=\"16\" src=\"https:\/\/www.365mountainbike.it\/fantamtb\/wp-content\/images\/swi.png\" alt=\"SWI\"> Lenzerheide<br>&#8211; <a href=\"https:\/\/www.365mountainbike.it\/mondo-gare\/coppa-del-mondo-alan-hatherly-vince-a-lenzerheide-schurter-dice-addio\/\">REPORT UOMINI<\/a><br>&#8211; <a href=\"https:\/\/www.365mountainbike.it\/mondo-gare\/alessandra-keller-vince-a-lenzerheide-in-coppa-del-mondo\/\">REPORT DONNE<\/a><br>&#8211; <em><a href=\"https:\/\/www.365mountainbike.it\/fantamtb\/wp-content\/images\/results\/worldcup_xc\/2025_lenzerheide_u23m.pdf\" target=\"_blank\" rel=\"noreferrer noopener\">U23 M<\/a> | <em><a href=\"https:\/\/www.365mountainbike.it\/fantamtb\/wp-content\/images\/results\/worldcup_xc\/2025_lenzerheide_u23w.pdf\" target=\"_blank\" rel=\"noreferrer noopener\">U23 W<\/a><\/em><\/em><\/td><td><img decoding=\"async\" src=\"https:\/\/www.365mountainbike.it\/fantamtb\/wp-content\/images\/1.png\" alt=\"prima posizione\"> <img loading=\"lazy\" decoding=\"async\" width=\"20\" height=\"16\" src=\"https:\/\/www.365mountainbike.it\/fantamtb\/wp-content\/images\/rsa.png\" alt=\"RSA\"> <a href=\"https:\/\/www.365mountainbike.it\/fantamtb\/atleti\/alan-hatherly\/\">Alan HATHERLY<\/a><br><img decoding=\"async\" src=\"https:\/\/www.365mountainbike.it\/fantamtb\/wp-content\/images\/2.png\" alt=\"seconda posizione\"> <img loading=\"lazy\" decoding=\"async\" width=\"20\" height=\"16\" src=\"https:\/\/www.365mountainbike.it\/fantamtb\/wp-content\/images\/gbr.png\" alt=\"GBR\"> <a href=\"https:\/\/www.365mountainbike.it\/fantamtb\/atleti\/charlie-aldridge\/\">Charlie ALDRIDGE<\/a><br><img decoding=\"async\" src=\"https:\/\/www.365mountainbike.it\/fantamtb\/wp-content\/images\/3.png\" alt=\"terza posizione\"> <img loading=\"lazy\" decoding=\"async\" width=\"19\" height=\"13\" src=\"https:\/\/www.365mountainbike.it\/fantamtb\/wp-content\/images\/fra.png\" alt=\"FRA\"> <a href=\"https:\/\/www.365mountainbike.it\/fantamtb\/atleti\/adrien-boichis\/\">Adrien BOICHIS<\/a><\/td><td><img decoding=\"async\" src=\"https:\/\/www.365mountainbike.it\/fantamtb\/wp-content\/images\/1.png\" alt=\"prima posizione\"> <img loading=\"lazy\" decoding=\"async\" width=\"20\" height=\"16\" src=\"https:\/\/www.365mountainbike.it\/fantamtb\/wp-content\/images\/swi.png\" alt=\"SWI\"> <a href=\"https:\/\/www.365mountainbike.it\/fantamtb\/atleti\/alessandra-keller\/\">Alessandra KELLER<\/a><br><img decoding=\"async\" src=\"https:\/\/www.365mountainbike.it\/fantamtb\/wp-content\/images\/2.png\" alt=\"seconda posizione\"> <img loading=\"lazy\" decoding=\"async\" width=\"19\" height=\"13\" src=\"https:\/\/www.365mountainbike.it\/fantamtb\/wp-content\/images\/swe.png\" alt=\"SwE\"> <a href=\"https:\/\/www.365mountainbike.it\/fantamtb\/storia-mtb\/atleti\/jenny-rissveds\/\">Jenny RISSVEDS<\/a><br><img decoding=\"async\" src=\"https:\/\/www.365mountainbike.it\/fantamtb\/wp-content\/images\/3.png\" alt=\"terza posizione\"> <img loading=\"lazy\" decoding=\"async\" width=\"19\" height=\"13\" border=\"0\" style=\"border: 0pt none; border-width: 0pt;\" src=\"\/fantamtb\/wp-content\/images\/usa.png\" alt=\"United States\"> <a href=\"https:\/\/www.365mountainbike.it\/fantamtb\/atleti\/savilia-blunk\/\">Savilia BLUNK<\/a><\/td><\/tr><tr><td><\/td><td><\/td><td><\/td><\/tr><tr><td><img loading=\"lazy\" decoding=\"async\" width=\"19\" height=\"13\" border=\"0\" style=\"border: 0pt none; border-width: 0pt;\" src=\"\/fantamtb\/wp-content\/images\/usa.png\" alt=\"United States\"> Lake Placid<br>&#8211; <a href=\"https:\/\/www.365mountainbike.it\/mondo-gare\/coppa-del-mondo-xco-dominio-specialized-a-lake-placid\/\">REPORT UOMINI<\/a><br>&#8211; <a href=\"https:\/\/www.365mountainbike.it\/mondo-gare\/coppa-del-mondo-xco-jenny-rissveds-domina-a-lake-placid\/\">REPORT DONNE<\/a><br>&#8211;<em> <\/em><a href=\"https:\/\/www.365mountainbike.it\/fantamtb\/wp-content\/images\/results\/worldcup_xc\/2025_lakeplacid_u23m.pdf\" target=\"_blank\" rel=\"noreferrer noopener\"><em>U23<\/em> M<\/a> &#8211; <a href=\"https:\/\/www.365mountainbike.it\/fantamtb\/wp-content\/images\/results\/worldcup_xc\/2025_lakeplacid_u23w.pdf\" target=\"_blank\" rel=\"noreferrer noopener\">U23 W<\/a><\/td><td><img decoding=\"async\" src=\"https:\/\/www.365mountainbike.it\/fantamtb\/wp-content\/images\/1.png\" alt=\"prima posizione\"> <img loading=\"lazy\" decoding=\"async\" width=\"19\" height=\"13\" border=\"0\" style=\"border: 0pt none; border-width: 0pt;\" src=\"\/fantamtb\/wp-content\/images\/usa.png\" alt=\"United States\"> <a href=\"https:\/\/www.365mountainbike.it\/fantamtb\/atleti\/christopher-blevins\/\">Christopher BLEVINS<\/a><br><img decoding=\"async\" src=\"https:\/\/www.365mountainbike.it\/fantamtb\/wp-content\/images\/2.png\" alt=\"seconda posizione\"> <img loading=\"lazy\" decoding=\"async\" width=\"19\" height=\"13\" src=\"https:\/\/www.365mountainbike.it\/fantamtb\/wp-content\/images\/fra.png\" alt=\"FRA\"> <a href=\"https:\/\/www.365mountainbike.it\/fantamtb\/atleti\/adrien-boichis\/\">Adrien BOICHIS<\/a><br><img decoding=\"async\" src=\"https:\/\/www.365mountainbike.it\/fantamtb\/wp-content\/images\/3.png\" alt=\"terza posizione\"> <img loading=\"lazy\" decoding=\"async\" width=\"19\" height=\"13\" src=\"https:\/\/www.365mountainbike.it\/fantamtb\/wp-content\/images\/fra.png\" alt=\"FRA\"> <a href=\"https:\/\/www.365mountainbike.it\/fantamtb\/atleti\/mathis-azzaro\/\">Mathis AZZARO<\/a><\/td><td><img decoding=\"async\" src=\"https:\/\/www.365mountainbike.it\/fantamtb\/wp-content\/images\/1.png\" alt=\"prima posizione\"> <img loading=\"lazy\" decoding=\"async\" width=\"19\" height=\"13\" src=\"https:\/\/www.365mountainbike.it\/fantamtb\/wp-content\/images\/swe.png\" alt=\"SwE\"> <a href=\"https:\/\/www.365mountainbike.it\/fantamtb\/storia-mtb\/atleti\/jenny-rissveds\/\">Jenny RISSVEDS<\/a><br><img decoding=\"async\" src=\"https:\/\/www.365mountainbike.it\/fantamtb\/wp-content\/images\/2.png\" alt=\"seconda posizione\"> <img loading=\"lazy\" decoding=\"async\" width=\"20\" height=\"16\" src=\"https:\/\/www.365mountainbike.it\/fantamtb\/wp-content\/images\/gbr.png\" alt=\"GBR\"> <a href=\"https:\/\/www.365mountainbike.it\/fantamtb\/atleti\/evie-richards\/\">Evie RICHARDS<\/a><br><img decoding=\"async\" src=\"https:\/\/www.365mountainbike.it\/fantamtb\/wp-content\/images\/3.png\" alt=\"terza posizione\"> <img loading=\"lazy\" decoding=\"async\" width=\"19\" height=\"13\" src=\"https:\/\/www.365mountainbike.it\/fantamtb\/wp-content\/images\/aus.png\" alt=\"AUS\"> <a href=\"https:\/\/www.365mountainbike.it\/fantamtb\/atleti\/samara-maxwell\/\">Samara MAXWELL<\/a><\/td><\/tr><tr><td><\/td><td><\/td><td><\/td><\/tr><tr><td><img loading=\"lazy\" decoding=\"async\" width=\"19\" height=\"13\" border=\"0\" style=\"border: 0pt none; border-width: 0pt;\" src=\"\/fantamtb\/wp-content\/images\/can.png\" alt=\"Canada\"> Mont Sainte Anne<br>&#8211; <a href=\"https:\/\/www.365mountainbike.it\/mondo-gare\/coppa-del-mondo-xco-charlie-aldridge-vince-la-sua-prima-a-mont-sainte-anne\/\" target=\"_blank\" rel=\"noreferrer noopener\">REPORT UOMINI<\/a><br>&#8211; <a href=\"https:\/\/www.365mountainbike.it\/mondo-gare\/jenny-rissveds-sbaraglia-le-avversarie-in-coppa-del-mondo-xco-a-mont-sainte-anne\/\" target=\"_blank\" rel=\"noreferrer noopener\">REPORT DONNE<\/a><br>&#8211;<em> <\/em><a href=\"https:\/\/www.365mountainbike.it\/fantamtb\/wp-content\/images\/results\/worldcup_xc\/2025_montsainteanne_u23m.pdf\" target=\"_blank\" rel=\"noreferrer noopener\"><em>U23<\/em> M<\/a> &#8211; <a href=\"https:\/\/www.365mountainbike.it\/fantamtb\/wp-content\/images\/results\/worldcup_xc\/2025_montsainteanne_u23w.pdf\" target=\"_blank\" rel=\"noreferrer noopener\">U23 W<\/a><\/td><td><img decoding=\"async\" src=\"https:\/\/www.365mountainbike.it\/fantamtb\/wp-content\/images\/1.png\" alt=\"prima posizione\"> <img loading=\"lazy\" decoding=\"async\" width=\"20\" height=\"16\" src=\"https:\/\/www.365mountainbike.it\/fantamtb\/wp-content\/images\/gbr.png\" alt=\"GBR\"> <a href=\"https:\/\/www.365mountainbike.it\/fantamtb\/atleti\/charlie-aldridge\/\">Charlie ALDRIDGE<\/a><br><img decoding=\"async\" src=\"https:\/\/www.365mountainbike.it\/fantamtb\/wp-content\/images\/2.png\" alt=\"seconda posizione\"> <a href=\"https:\/\/www.365mountainbike.it\/fantamtb\/storia-mtb\/atleti\/victor-koretzky\/\"><img loading=\"lazy\" decoding=\"async\" width=\"20\" height=\"16\" src=\"https:\/\/www.365mountainbike.it\/fantamtb\/wp-content\/images\/chi.png\" alt=\"CHI\"> <\/a><a href=\"https:\/\/www.365mountainbike.it\/fantamtb\/atleti\/martin-vidaurre-kossmann\/\">Martin VIDAURRE<\/a><br><img decoding=\"async\" src=\"https:\/\/www.365mountainbike.it\/fantamtb\/wp-content\/images\/3.png\" alt=\"terza posizione\"> <img loading=\"lazy\" decoding=\"async\" width=\"19\" height=\"13\" src=\"https:\/\/www.365mountainbike.it\/fantamtb\/wp-content\/images\/fra.png\" alt=\"FRA\"> <a href=\"https:\/\/www.365mountainbike.it\/fantamtb\/atleti\/mathis-azzaro\/\">Mathis AZZARO<\/a><\/td><td><img decoding=\"async\" src=\"https:\/\/www.365mountainbike.it\/fantamtb\/wp-content\/images\/1.png\" alt=\"prima posizione\"> <img loading=\"lazy\" decoding=\"async\" width=\"19\" height=\"13\" src=\"https:\/\/www.365mountainbike.it\/fantamtb\/wp-content\/images\/swe.png\" alt=\"SwE\"> <a href=\"https:\/\/www.365mountainbike.it\/fantamtb\/storia-mtb\/atleti\/jenny-rissveds\/\">Jenny RISSVEDS<\/a><br><img decoding=\"async\" src=\"https:\/\/www.365mountainbike.it\/fantamtb\/wp-content\/images\/2.png\" alt=\"seconda posizione\"> <img loading=\"lazy\" decoding=\"async\" width=\"19\" height=\"13\" src=\"https:\/\/www.365mountainbike.it\/fantamtb\/wp-content\/images\/aus.png\" alt=\"AUS\"> <a href=\"https:\/\/www.365mountainbike.it\/fantamtb\/atleti\/samara-maxwell\/\">Samara MAXWELL<\/a><br><img decoding=\"async\" src=\"https:\/\/www.365mountainbike.it\/fantamtb\/wp-content\/images\/3.png\" alt=\"terza posizione\"> <img loading=\"lazy\" decoding=\"async\" width=\"20\" height=\"16\" src=\"https:\/\/www.365mountainbike.it\/fantamtb\/wp-content\/images\/gbr.png\" alt=\"GBR\"> <a href=\"https:\/\/www.365mountainbike.it\/fantamtb\/atleti\/evie-richards\/\">Evie RICHARDS<\/a><\/td><\/tr><tr><td>&nbsp;<\/td><td>&nbsp;<\/td><td>&nbsp;<\/td><\/tr><tr><td><strong>CLASSIFICA GENERALE<br><strong>&#8211; <a href=\"https:\/\/www.365mountainbike.it\/fantamtb\/wp-content\/images\/results\/worldcup_xc\/2025_elitem.pdf\" target=\"_blank\" rel=\"noreferrer noopener\">MASCHILE<\/a><br>&#8211; <a href=\"https:\/\/www.365mountainbike.it\/fantamtb\/wp-content\/images\/results\/worldcup_xc\/2025_elitew.pdf\" target=\"_blank\" rel=\"noreferrer noopener\">FEMMINILE<\/a><\/strong><br><\/strong>&#8211; <em><a href=\"https:\/\/www.365mountainbike.it\/fantamtb\/wp-content\/images\/results\/worldcup_xc\/2025_u23m.pdf\" target=\"_blank\" rel=\"noreferrer noopener\">U23 M<\/a> | <a href=\"https:\/\/www.365mountainbike.it\/fantamtb\/wp-content\/images\/results\/worldcup_xc\/2025_u23w.pdf\" target=\"_blank\" rel=\"noreferrer noopener\">U23 W<\/a><\/em><\/td><td><img decoding=\"async\" src=\"https:\/\/www.365mountainbike.it\/fantamtb\/wp-content\/images\/1.png\" alt=\"prima posizione\"> <img loading=\"lazy\" decoding=\"async\" width=\"19\" height=\"13\" border=\"0\" style=\"border: 0pt none; border-width: 0pt;\" src=\"\/fantamtb\/wp-content\/images\/usa.png\" alt=\"United States\"> <a href=\"https:\/\/www.365mountainbike.it\/fantamtb\/atleti\/christopher-blevins\/\">Christopher BLEVINS<\/a><br><img decoding=\"async\" src=\"https:\/\/www.365mountainbike.it\/fantamtb\/wp-content\/images\/2.png\" alt=\"seconda posizione\"> <a href=\"https:\/\/www.365mountainbike.it\/fantamtb\/storia-mtb\/atleti\/victor-koretzky\/\"><img loading=\"lazy\" decoding=\"async\" width=\"20\" height=\"16\" src=\"https:\/\/www.365mountainbike.it\/fantamtb\/wp-content\/images\/chi.png\" alt=\"CHI\"> <\/a><a href=\"https:\/\/www.365mountainbike.it\/fantamtb\/atleti\/martin-vidaurre-kossmann\/\">Martin VIDAURRE<\/a><br><img decoding=\"async\" src=\"https:\/\/www.365mountainbike.it\/fantamtb\/wp-content\/images\/3.png\" alt=\"terza posizione\"> <img loading=\"lazy\" decoding=\"async\" width=\"19\" height=\"13\" src=\"https:\/\/www.365mountainbike.it\/fantamtb\/wp-content\/images\/fra.png\" alt=\"FRA\"> <a href=\"https:\/\/www.365mountainbike.it\/fantamtb\/atleti\/luca-martin\/\">Luca MARTIN<\/a><\/td><td><img decoding=\"async\" src=\"https:\/\/www.365mountainbike.it\/fantamtb\/wp-content\/images\/1.png\" alt=\"prima posizione\"> <img loading=\"lazy\" decoding=\"async\" width=\"19\" height=\"13\" src=\"https:\/\/www.365mountainbike.it\/fantamtb\/wp-content\/images\/aus.png\" alt=\"AUS\"> <a href=\"https:\/\/www.365mountainbike.it\/fantamtb\/atleti\/samara-maxwell\/\">Samara MAXWELL<\/a><br><img decoding=\"async\" src=\"https:\/\/www.365mountainbike.it\/fantamtb\/wp-content\/images\/2.png\" alt=\"seconda posizione\"> <img loading=\"lazy\" decoding=\"async\" width=\"19\" height=\"13\" src=\"https:\/\/www.365mountainbike.it\/fantamtb\/wp-content\/images\/swe.png\" alt=\"SwE\"> <a href=\"https:\/\/www.365mountainbike.it\/fantamtb\/storia-mtb\/atleti\/jenny-rissveds\/\">Jenny RISSVEDS<\/a><br><img decoding=\"async\" src=\"https:\/\/www.365mountainbike.it\/fantamtb\/wp-content\/images\/3.png\" alt=\"terza posizione\"> <img loading=\"lazy\" decoding=\"async\" width=\"20\" height=\"16\" src=\"https:\/\/www.365mountainbike.it\/fantamtb\/wp-content\/images\/swi.png\" alt=\"SWI\"> <a href=\"https:\/\/www.365mountainbike.it\/fantamtb\/atleti\/alessandra-keller\/\">Alessandra KELLER<\/a><\/td><\/tr><\/tbody><\/table><\/figure>\n\n\n\n<hr class=\"wp-block-separator has-css-opacity\"\/>\n\n\n\n<h1 class=\"wp-block-heading\" id=\"photos\">FOTO<\/h1>\n\n\n\n<figure class=\"wp-block-gallery has-nested-images columns-default is-cropped wp-block-gallery-1 is-layout-flex wp-block-gallery-is-layout-flex\">\n<figure class=\"wp-block-image size-medium\"><img loading=\"lazy\" decoding=\"async\" width=\"300\" height=\"200\" data-id=\"25184\" src=\"https:\/\/www.365mountainbike.it\/fantamtb\/wp-content\/uploads\/2025\/06\/kate-courtney-2025-300x200.jpg\" alt=\"Kate Courtney\" class=\"wp-image-25184\" style=\"aspect-ratio:1\" srcset=\"https:\/\/www.365mountainbike.it\/fantamtb\/wp-content\/uploads\/2025\/06\/kate-courtney-2025-300x200.jpg 300w, https:\/\/www.365mountainbike.it\/fantamtb\/wp-content\/uploads\/2025\/06\/kate-courtney-2025-1024x683.jpg 1024w, https:\/\/www.365mountainbike.it\/fantamtb\/wp-content\/uploads\/2025\/06\/kate-courtney-2025-768x512.jpg 768w, https:\/\/www.365mountainbike.it\/fantamtb\/wp-content\/uploads\/2025\/06\/kate-courtney-2025-1536x1024.jpg 1536w, https:\/\/www.365mountainbike.it\/fantamtb\/wp-content\/uploads\/2025\/06\/kate-courtney-2025-2048x1365.jpg 2048w\" sizes=\"auto, (max-width: 300px) 100vw, 300px\" \/><figcaption class=\"wp-element-caption\">Kate Courtney \/\/ Fabio Piva \/ Red Bull Content Pool<\/figcaption><\/figure>\n\n\n\n<figure class=\"wp-block-image size-medium\"><img loading=\"lazy\" decoding=\"async\" width=\"300\" height=\"200\" data-id=\"25185\" src=\"https:\/\/www.365mountainbike.it\/fantamtb\/wp-content\/uploads\/2025\/06\/vie-richards-2025-300x200.jpg\" alt=\"Evie Richards\" class=\"wp-image-25185\" style=\"aspect-ratio:1\" srcset=\"https:\/\/www.365mountainbike.it\/fantamtb\/wp-content\/uploads\/2025\/06\/vie-richards-2025-300x200.jpg 300w, https:\/\/www.365mountainbike.it\/fantamtb\/wp-content\/uploads\/2025\/06\/vie-richards-2025-1024x683.jpg 1024w, https:\/\/www.365mountainbike.it\/fantamtb\/wp-content\/uploads\/2025\/06\/vie-richards-2025-768x512.jpg 768w, https:\/\/www.365mountainbike.it\/fantamtb\/wp-content\/uploads\/2025\/06\/vie-richards-2025-1536x1024.jpg 1536w, https:\/\/www.365mountainbike.it\/fantamtb\/wp-content\/uploads\/2025\/06\/vie-richards-2025-2048x1365.jpg 2048w\" sizes=\"auto, (max-width: 300px) 100vw, 300px\" \/><figcaption class=\"wp-element-caption\">Evie Richards World Cup in Araxa, Brazil on April 12, 2025 \/\/ Fabio Piva \/ Red Bull Content Pool<\/figcaption><\/figure>\n\n\n\n<figure class=\"wp-block-image size-medium\"><img loading=\"lazy\" decoding=\"async\" width=\"300\" height=\"200\" data-id=\"25186\" src=\"https:\/\/www.365mountainbike.it\/fantamtb\/wp-content\/uploads\/2025\/06\/primo-piano-vie-richards-2025-300x200.jpg\" alt=\"Evie Richards\" class=\"wp-image-25186\" style=\"aspect-ratio:1\" srcset=\"https:\/\/www.365mountainbike.it\/fantamtb\/wp-content\/uploads\/2025\/06\/primo-piano-vie-richards-2025-300x200.jpg 300w, https:\/\/www.365mountainbike.it\/fantamtb\/wp-content\/uploads\/2025\/06\/primo-piano-vie-richards-2025-1024x683.jpg 1024w, https:\/\/www.365mountainbike.it\/fantamtb\/wp-content\/uploads\/2025\/06\/primo-piano-vie-richards-2025-768x512.jpg 768w, https:\/\/www.365mountainbike.it\/fantamtb\/wp-content\/uploads\/2025\/06\/primo-piano-vie-richards-2025-1536x1024.jpg 1536w, https:\/\/www.365mountainbike.it\/fantamtb\/wp-content\/uploads\/2025\/06\/primo-piano-vie-richards-2025-2048x1365.jpg 2048w\" sizes=\"auto, (max-width: 300px) 100vw, 300px\" \/><figcaption class=\"wp-element-caption\">Evie Richards \/\/ Fabio Piva \/ Red Bull Content Pool<\/figcaption><\/figure>\n\n\n\n<figure class=\"wp-block-image size-medium\"><img loading=\"lazy\" decoding=\"async\" width=\"300\" height=\"200\" data-id=\"25187\" src=\"https:\/\/www.365mountainbike.it\/fantamtb\/wp-content\/uploads\/2025\/06\/martin-vidaurre-300x200.jpg\" alt=\"Martin Vidaurre\" class=\"wp-image-25187\" style=\"aspect-ratio:1\" srcset=\"https:\/\/www.365mountainbike.it\/fantamtb\/wp-content\/uploads\/2025\/06\/martin-vidaurre-300x200.jpg 300w, https:\/\/www.365mountainbike.it\/fantamtb\/wp-content\/uploads\/2025\/06\/martin-vidaurre-1024x683.jpg 1024w, https:\/\/www.365mountainbike.it\/fantamtb\/wp-content\/uploads\/2025\/06\/martin-vidaurre-768x512.jpg 768w, https:\/\/www.365mountainbike.it\/fantamtb\/wp-content\/uploads\/2025\/06\/martin-vidaurre-1536x1024.jpg 1536w, https:\/\/www.365mountainbike.it\/fantamtb\/wp-content\/uploads\/2025\/06\/martin-vidaurre-2048x1365.jpg 2048w\" sizes=\"auto, (max-width: 300px) 100vw, 300px\" \/><figcaption class=\"wp-element-caption\">Martin Vidaurre UCI XCO World Cup in Araxa, Brazil on April 12, 2025 \/\/ Fabio Piva<\/figcaption><\/figure>\n\n\n\n<figure class=\"wp-block-image size-medium\"><img loading=\"lazy\" decoding=\"async\" width=\"300\" height=\"200\" data-id=\"25188\" src=\"https:\/\/www.365mountainbike.it\/fantamtb\/wp-content\/uploads\/2025\/06\/podio-coppa-del-mondo-xc-elite-brasile-2025-300x200.jpg\" alt=\"Christopher Blevins, Martin Vidaurre and Adrien Boichis\" class=\"wp-image-25188\" style=\"aspect-ratio:1\" srcset=\"https:\/\/www.365mountainbike.it\/fantamtb\/wp-content\/uploads\/2025\/06\/podio-coppa-del-mondo-xc-elite-brasile-2025-300x200.jpg 300w, https:\/\/www.365mountainbike.it\/fantamtb\/wp-content\/uploads\/2025\/06\/podio-coppa-del-mondo-xc-elite-brasile-2025-1024x683.jpg 1024w, https:\/\/www.365mountainbike.it\/fantamtb\/wp-content\/uploads\/2025\/06\/podio-coppa-del-mondo-xc-elite-brasile-2025-768x512.jpg 768w, https:\/\/www.365mountainbike.it\/fantamtb\/wp-content\/uploads\/2025\/06\/podio-coppa-del-mondo-xc-elite-brasile-2025-1536x1024.jpg 1536w, https:\/\/www.365mountainbike.it\/fantamtb\/wp-content\/uploads\/2025\/06\/podio-coppa-del-mondo-xc-elite-brasile-2025-2048x1365.jpg 2048w\" sizes=\"auto, (max-width: 300px) 100vw, 300px\" \/><figcaption class=\"wp-element-caption\">Christopher Blevins, Martin Vidaurre and Adrien Boichis UCI XCO World Cup in Araxa, Brazil on April 12, 2025 \/\/ Fabio Piva \/ Red Bull Content Pool<\/figcaption><\/figure>\n\n\n\n<figure class=\"wp-block-image size-medium\"><img loading=\"lazy\" decoding=\"async\" width=\"300\" height=\"200\" data-id=\"25189\" src=\"https:\/\/www.365mountainbike.it\/fantamtb\/wp-content\/uploads\/2025\/06\/simon-andreassen-2025-300x200.jpg\" alt=\"Simon Andreassen\" class=\"wp-image-25189\" style=\"aspect-ratio:1\" srcset=\"https:\/\/www.365mountainbike.it\/fantamtb\/wp-content\/uploads\/2025\/06\/simon-andreassen-2025-300x200.jpg 300w, https:\/\/www.365mountainbike.it\/fantamtb\/wp-content\/uploads\/2025\/06\/simon-andreassen-2025-1024x683.jpg 1024w, https:\/\/www.365mountainbike.it\/fantamtb\/wp-content\/uploads\/2025\/06\/simon-andreassen-2025-768x512.jpg 768w, https:\/\/www.365mountainbike.it\/fantamtb\/wp-content\/uploads\/2025\/06\/simon-andreassen-2025-1536x1024.jpg 1536w, https:\/\/www.365mountainbike.it\/fantamtb\/wp-content\/uploads\/2025\/06\/simon-andreassen-2025-2048x1365.jpg 2048w\" sizes=\"auto, (max-width: 300px) 100vw, 300px\" \/><figcaption class=\"wp-element-caption\">Simon Andreassen World Cup in Araxa, Brazil on April 12, 2025 \/\/ Fabio Piva \/ Red Bull Content Pool<\/figcaption><\/figure>\n\n\n\n<figure class=\"wp-block-image size-medium\"><img loading=\"lazy\" decoding=\"async\" width=\"300\" height=\"200\" data-id=\"25190\" src=\"https:\/\/www.365mountainbike.it\/fantamtb\/wp-content\/uploads\/2025\/06\/nino-schurter-2025-300x200.jpg\" alt=\"Nino Schurter\" class=\"wp-image-25190\" style=\"aspect-ratio:1\" srcset=\"https:\/\/www.365mountainbike.it\/fantamtb\/wp-content\/uploads\/2025\/06\/nino-schurter-2025-300x200.jpg 300w, https:\/\/www.365mountainbike.it\/fantamtb\/wp-content\/uploads\/2025\/06\/nino-schurter-2025-1024x683.jpg 1024w, https:\/\/www.365mountainbike.it\/fantamtb\/wp-content\/uploads\/2025\/06\/nino-schurter-2025-768x512.jpg 768w, https:\/\/www.365mountainbike.it\/fantamtb\/wp-content\/uploads\/2025\/06\/nino-schurter-2025-1536x1024.jpg 1536w, https:\/\/www.365mountainbike.it\/fantamtb\/wp-content\/uploads\/2025\/06\/nino-schurter-2025-2048x1365.jpg 2048w\" sizes=\"auto, (max-width: 300px) 100vw, 300px\" \/><figcaption class=\"wp-element-caption\">Nino Schurter World Cup in Araxa, Brazil on April 11, 2025 \/\/ Fabio Piva \/ Red Bull Content Pool<\/figcaption><\/figure>\n\n\n\n<figure class=\"wp-block-image size-medium\"><img loading=\"lazy\" decoding=\"async\" width=\"300\" height=\"200\" data-id=\"25191\" src=\"https:\/\/www.365mountainbike.it\/fantamtb\/wp-content\/uploads\/2025\/06\/laura-stigger-2025-300x200.jpg\" alt=\"Laura Stigger\" class=\"wp-image-25191\" style=\"aspect-ratio:1\" srcset=\"https:\/\/www.365mountainbike.it\/fantamtb\/wp-content\/uploads\/2025\/06\/laura-stigger-2025-300x200.jpg 300w, https:\/\/www.365mountainbike.it\/fantamtb\/wp-content\/uploads\/2025\/06\/laura-stigger-2025-1024x683.jpg 1024w, https:\/\/www.365mountainbike.it\/fantamtb\/wp-content\/uploads\/2025\/06\/laura-stigger-2025-768x512.jpg 768w, https:\/\/www.365mountainbike.it\/fantamtb\/wp-content\/uploads\/2025\/06\/laura-stigger-2025-1536x1024.jpg 1536w, https:\/\/www.365mountainbike.it\/fantamtb\/wp-content\/uploads\/2025\/06\/laura-stigger-2025-2048x1365.jpg 2048w\" sizes=\"auto, (max-width: 300px) 100vw, 300px\" \/><figcaption class=\"wp-element-caption\">Laura Stigger UCI Mountain Bike World Series 2025 Stop 07 in Leogang, Austria on June 7th, 2025. \/\/ Bartek Wolinski<\/figcaption><\/figure>\n\n\n\n<figure class=\"wp-block-image size-medium\"><picture><source srcset=\"https:\/\/www.365mountainbike.it\/fantamtb\/wp-content\/uploads\/2025\/06\/blevis-araxa-2-300x200.jpeg 300w, https:\/\/www.365mountainbike.it\/fantamtb\/wp-content\/uploads\/2025\/06\/blevis-araxa-2-1024x683.jpeg 1024w, https:\/\/www.365mountainbike.it\/fantamtb\/wp-content\/uploads\/2025\/06\/blevis-araxa-2-768x512.jpeg 768w,https:\/\/www.365mountainbike.it\/fantamtb\/wp-content\/uploads\/2025\/06\/blevis-araxa-2-1536x1025.jpeg.webp 1536w,https:\/\/www.365mountainbike.it\/fantamtb\/wp-content\/uploads\/2025\/06\/blevis-araxa-2.jpeg.webp 2048w\" sizes=\"auto, (max-width: 300px) 100vw, 300px\" type=\"image\/webp\"><img src=\"https:\/\/www.365mountainbike.it\/fantamtb\/wp-content\/uploads\/2025\/06\/blevis-araxa-2-300x200.jpeg\" height=\"200\" width=\"300\" srcset=\"https:\/\/www.365mountainbike.it\/fantamtb\/wp-content\/uploads\/2025\/06\/blevis-araxa-2-300x200.jpeg 300w, https:\/\/www.365mountainbike.it\/fantamtb\/wp-content\/uploads\/2025\/06\/blevis-araxa-2-1024x683.jpeg 1024w, https:\/\/www.365mountainbike.it\/fantamtb\/wp-content\/uploads\/2025\/06\/blevis-araxa-2-768x512.jpeg 768w, https:\/\/www.365mountainbike.it\/fantamtb\/wp-content\/uploads\/2025\/06\/blevis-araxa-2-1536x1025.jpeg 1536w, https:\/\/www.365mountainbike.it\/fantamtb\/wp-content\/uploads\/2025\/06\/blevis-araxa-2.jpeg 2048w\" sizes=\"auto, (max-width: 300px) 100vw, 300px\" class=\"wp-image-24781 sp-no-webp\" alt=\"blevis-araxa-2\" loading=\"lazy\" decoding=\"async\" data-id=\"24781\" style=\"aspect-ratio:1\"  > <\/picture><figcaption class=\"wp-element-caption\">blevis-araxa-2<\/figcaption><\/figure>\n<\/figure>\n\n\n\n<hr class=\"wp-block-separator has-alpha-channel-opacity\"\/>\n\n\n\n<h1 class=\"wp-block-heading\" id=\"videos\">VIDEO<\/h1>\n\n\n\n<h3 class=\"wp-block-heading\" id=\"block-93aa61eb-2a1b-4734-92fa-142d52959ae9\">#1 ARAXA &#8211; <a href=\"https:\/\/www.youtube.com\/watch?v=CitA4RrrQNc\" target=\"_blank\" rel=\"noreferrer noopener\">donne<\/a><\/h3>\n\n\n\n<figure class=\"wp-block-embed is-type-video is-provider-youtube wp-block-embed-youtube wp-embed-aspect-16-9 wp-has-aspect-ratio\"><div class=\"wp-block-embed__wrapper\">\n<iframe loading=\"lazy\" title=\"RACE HIGHLIGHTS | Elite Men 2025 XCO World Cup - Round 1 Araxa, Brazil\" width=\"740\" height=\"416\" src=\"https:\/\/www.youtube.com\/embed\/PVqwpCwOgOI?feature=oembed\" frameborder=\"0\" allow=\"accelerometer; autoplay; clipboard-write; encrypted-media; gyroscope; picture-in-picture; web-share\" referrerpolicy=\"strict-origin-when-cross-origin\" allowfullscreen><\/iframe>\n<\/div><\/figure>\n\n\n\n<h3 class=\"wp-block-heading\" id=\"block-93aa61eb-2a1b-4734-92fa-142d52959ae9\">#2 ARAXA &#8211; <a href=\"https:\/\/www.youtube.com\/watch?v=niBDISrCb90\" target=\"_blank\" rel=\"noreferrer noopener\">donne<\/a><\/h3>\n\n\n\n<figure class=\"wp-block-embed is-type-video is-provider-youtube wp-block-embed-youtube wp-embed-aspect-16-9 wp-has-aspect-ratio\"><div class=\"wp-block-embed__wrapper\">\n<iframe loading=\"lazy\" title=\"RACE HIGHLIGHTS | Elite Men 2025 XCO World Cup - Round 2 Araxa, Brazil\" width=\"740\" height=\"416\" src=\"https:\/\/www.youtube.com\/embed\/p_6xOisMrE0?feature=oembed\" frameborder=\"0\" allow=\"accelerometer; autoplay; clipboard-write; encrypted-media; gyroscope; picture-in-picture; web-share\" referrerpolicy=\"strict-origin-when-cross-origin\" allowfullscreen><\/iframe>\n<\/div><\/figure>\n\n\n\n<h3 class=\"wp-block-heading\" id=\"block-40275355-1236-4fe1-a774-bf7e9d694ecc\">#3 NOVE MESTO &#8211; <a href=\"https:\/\/www.youtube.com\/watch?v=6D4Q8qiZz4A\" target=\"_blank\" rel=\"noreferrer noopener\">donne<\/a><\/h3>\n\n\n\n<figure class=\"wp-block-embed is-type-video is-provider-youtube wp-block-embed-youtube wp-embed-aspect-16-9 wp-has-aspect-ratio\"><div class=\"wp-block-embed__wrapper\">\n<iframe loading=\"lazy\" title=\"RACE HIGHLIGHTS | Elite Men 2025 UCI XCO World Cup - Round 3 Nov\u00e9 M\u011bsto Na Morav\u011b \ud83c\udde8\ud83c\uddff\" width=\"740\" height=\"416\" src=\"https:\/\/www.youtube.com\/embed\/O7W9rKaaYAA?feature=oembed\" frameborder=\"0\" allow=\"accelerometer; autoplay; clipboard-write; encrypted-media; gyroscope; picture-in-picture; web-share\" referrerpolicy=\"strict-origin-when-cross-origin\" allowfullscreen><\/iframe>\n<\/div><\/figure>\n\n\n\n<h3 class=\"wp-block-heading\" id=\"block-40275355-1236-4fe1-a774-bf7e9d694ecc\">#4 LEOGANG &#8211; <a href=\"https:\/\/www.youtube.com\/watch?v=TtsO16omFlY\" target=\"_blank\" rel=\"noreferrer noopener\">donne<\/a><\/h3>\n\n\n\n<figure class=\"wp-block-embed is-type-video is-provider-youtube wp-block-embed-youtube wp-embed-aspect-16-9 wp-has-aspect-ratio\"><div class=\"wp-block-embed__wrapper\">\n<iframe loading=\"lazy\" title=\"RACE HIGHLIGHTS | Elite Men 2025 UCI XCO World Cup - Round 4 Leogang \ud83c\udde6\ud83c\uddf9\" width=\"740\" height=\"416\" src=\"https:\/\/www.youtube.com\/embed\/5KAlnESkt_A?feature=oembed\" frameborder=\"0\" allow=\"accelerometer; autoplay; clipboard-write; encrypted-media; gyroscope; picture-in-picture; web-share\" referrerpolicy=\"strict-origin-when-cross-origin\" allowfullscreen><\/iframe>\n<\/div><\/figure>\n\n\n\n<h3 class=\"wp-block-heading\">#5 VAL DI SOLE &#8211; <a href=\"https:\/\/www.youtube.com\/watch?v=fjbV1g5rYr4\" target=\"_blank\" rel=\"noreferrer noopener\">donne<\/a><\/h3>\n\n\n\n<figure class=\"wp-block-embed is-type-video is-provider-youtube wp-block-embed-youtube wp-embed-aspect-16-9 wp-has-aspect-ratio\"><div class=\"wp-block-embed__wrapper\">\n<iframe loading=\"lazy\" title=\"RACE HIGHLIGHTS | Elite Men 2025 UCI XCO World Cup - Round 5 Val Di Sole \ud83c\uddee\ud83c\uddf9\" width=\"740\" height=\"416\" src=\"https:\/\/www.youtube.com\/embed\/wIEwsIetLWw?feature=oembed\" frameborder=\"0\" allow=\"accelerometer; autoplay; clipboard-write; encrypted-media; gyroscope; picture-in-picture; web-share\" referrerpolicy=\"strict-origin-when-cross-origin\" allowfullscreen><\/iframe>\n<\/div><\/figure>\n\n\n\n<h3 class=\"wp-block-heading\" id=\"block-0110be62-d30b-4d52-a80d-46fcbee5f5a2\">#6 PAL ARINSAL &#8211; <a href=\"https:\/\/www.youtube.com\/watch?v=PGPOBKAmiqM\" target=\"_blank\" rel=\"noreferrer noopener\">donne<\/a><\/h3>\n\n\n\n<figure class=\"wp-block-embed is-type-video is-provider-youtube wp-block-embed-youtube wp-embed-aspect-16-9 wp-has-aspect-ratio\"><div class=\"wp-block-embed__wrapper\">\n<iframe loading=\"lazy\" title=\"RACE HIGHLIGHTS | Elite Men 2025 UCI XCO World Cup - Round 6 Pal Arinsal \ud83c\udde6\ud83c\udde9\" width=\"740\" height=\"416\" src=\"https:\/\/www.youtube.com\/embed\/pO_Eqe4WgM8?feature=oembed\" frameborder=\"0\" allow=\"accelerometer; autoplay; clipboard-write; encrypted-media; gyroscope; picture-in-picture; web-share\" referrerpolicy=\"strict-origin-when-cross-origin\" allowfullscreen><\/iframe>\n<\/div><\/figure>\n\n\n\n<h3 class=\"wp-block-heading\">#7 LES GETS &#8211; <a href=\"https:\/\/www.youtube.com\/watch?v=IwZ_GsS34I4\" target=\"_blank\" rel=\"noreferrer noopener\">donne<\/a><\/h3>\n\n\n\n<figure class=\"wp-block-embed is-type-video is-provider-youtube wp-block-embed-youtube wp-embed-aspect-16-9 wp-has-aspect-ratio\"><div class=\"wp-block-embed__wrapper\">\n<iframe loading=\"lazy\" title=\"RACE HIGHLIGHTS | Elite Men 2025 UCI XCO World Cup | Round 7 Haute-Savoie\" width=\"740\" height=\"416\" src=\"https:\/\/www.youtube.com\/embed\/amb2Opdh8zo?feature=oembed\" frameborder=\"0\" allow=\"accelerometer; autoplay; clipboard-write; encrypted-media; gyroscope; picture-in-picture; web-share\" referrerpolicy=\"strict-origin-when-cross-origin\" allowfullscreen><\/iframe>\n<\/div><\/figure>\n\n\n\n<h3 class=\"wp-block-heading\">#8 LENZERHEIDE &#8211; <a href=\"https:\/\/www.youtube.com\/watch?v=ZHYp3WGsON4\" target=\"_blank\" rel=\"noreferrer noopener\">donne<\/a><\/h3>\n\n\n\n<figure class=\"wp-block-embed is-type-video is-provider-youtube wp-block-embed-youtube wp-embed-aspect-16-9 wp-has-aspect-ratio\"><div class=\"wp-block-embed__wrapper\">\n<iframe loading=\"lazy\" title=\"RACE HIGHLIGHTS | Elite Men 2025 UCI XCO World Cup | Round 8 Lenzerheide\" width=\"740\" height=\"416\" src=\"https:\/\/www.youtube.com\/embed\/KRf7VLCmdF8?feature=oembed\" frameborder=\"0\" allow=\"accelerometer; autoplay; clipboard-write; encrypted-media; gyroscope; picture-in-picture; web-share\" referrerpolicy=\"strict-origin-when-cross-origin\" allowfullscreen><\/iframe>\n<\/div><\/figure>\n\n\n\n<h3 class=\"wp-block-heading\" id=\"block-24bb7bb3-2219-4ced-ba77-0154a01acea3\">#9 LAKE PLACID- <a href=\"https:\/\/www.youtube.com\/watch?v=x9LdfYZqNbk&amp;t=1s\" target=\"_blank\" rel=\"noreferrer noopener\">donne<\/a><\/h3>\n\n\n\n<figure class=\"wp-block-embed is-type-video is-provider-youtube wp-block-embed-youtube wp-embed-aspect-16-9 wp-has-aspect-ratio\"><div class=\"wp-block-embed__wrapper\">\n<iframe loading=\"lazy\" title=\"RACE HIGHLIGHTS | Elite Men 2025 UCI XCO World Cup - Round 9 Lake Placid \ud83c\uddfa\ud83c\uddf8\" width=\"740\" height=\"416\" src=\"https:\/\/www.youtube.com\/embed\/Y4j_5spGdIc?feature=oembed\" frameborder=\"0\" allow=\"accelerometer; autoplay; clipboard-write; encrypted-media; gyroscope; picture-in-picture; web-share\" referrerpolicy=\"strict-origin-when-cross-origin\" allowfullscreen><\/iframe>\n<\/div><\/figure>\n\n\n\n<h3 class=\"wp-block-heading\" id=\"block-4c38e10a-2204-4bf8-8e77-cb7e367841e6\">#10 MONT SAINTE ANNE &#8211; <a href=\"https:\/\/www.youtube.com\/watch?v=Zjf6Qyctvgw\" target=\"_blank\" rel=\"noreferrer noopener\">donne<\/a><\/h3>\n\n\n\n<figure class=\"wp-block-embed is-type-video is-provider-youtube wp-block-embed-youtube wp-embed-aspect-16-9 wp-has-aspect-ratio\"><div class=\"wp-block-embed__wrapper\">\n<iframe loading=\"lazy\" title=\"RACE HIGHLIGHTS | Elite Men | 2025 UCI XCO World Cup - Round 10 Mont-Sainte-Anne Canada \ud83c\udde8\ud83c\udde6\" width=\"740\" height=\"416\" src=\"https:\/\/www.youtube.com\/embed\/4pwlQt7bv_I?feature=oembed\" frameborder=\"0\" allow=\"accelerometer; autoplay; clipboard-write; encrypted-media; gyroscope; picture-in-picture; web-share\" referrerpolicy=\"strict-origin-when-cross-origin\" allowfullscreen><\/iframe>\n<\/div><\/figure>\n","protected":false,"gt_translate_keys":[{"key":"rendered","format":"html"}]},"excerpt":{"rendered":"<p>Nella Coppa del Mondo femminile, Samara Maxwell ha vinto il titolo generale grazie a una stagione consistete con pi\u00f9 podi e vittorie, chiudendo davanti a Jenny Rissveds e Alessandra Keller. Maxwell \u00e8 stata la prima neozelandese a vincere l\u2019XCO World Cup. Tra gli uomini, Christopher Blevins ha dominato la classifica generale, con vittorie chiave e [&hellip;]<\/p>\n","protected":false,"gt_translate_keys":[{"key":"rendered","format":"html"}]},"author":1,"featured_media":24781,"comment_status":"closed","ping_status":"open","sticky":false,"template":"","format":"standard","meta":{"footnotes":""},"categories":[1257],"tags":[564,611,1288,1056,958,311,487,1332,502,1290,700,1046,440,375,90,578,579,1078,32,1003,34,684,593,494,1228,495,1240,960,506,50,424],"class_list":["post-24773","post","type-post","status-publish","format-standard","has-post-thumbnail","hentry","category-cross-country-xco","tag-adrien-boichis","tag-alessandra-keller","tag-araxa","tag-charlie-aldridge","tag-christopher-blevins","tag-coppa-del-mondo","tag-evie-richards","tag-fabio-puntener","tag-jenny-rissveds","tag-lake-placid","tag-lars-forster","tag-laura-stigger","tag-lenzerheide","tag-leogang","tag-les-gets","tag-luca-braidot","tag-luca-martin","tag-martin-vidaurre-kossmann","tag-mathias-fluckiger","tag-mona-mitterwallner","tag-mont-sainte-anne","tag-nicole-koller","tag-nove-mesto","tag-ondrej-cink","tag-pal-arinsal","tag-puck-pieterse","tag-samara-maxwell","tag-savilia-blunk","tag-tom-pidcock","tag-val-di-sole","tag-victor-koretzky"],"yoast_head":"<!-- This site is optimized with the Yoast SEO plugin v27.5 - https:\/\/yoast.com\/product\/yoast-seo-wordpress\/ -->\n<title>Classifiche UCI Mountain Bike Coppa del Mondo 2025 MTB XC | FANTAmtb<\/title>\n<meta name=\"robots\" content=\"index, follow, max-snippet:-1, max-image-preview:large, max-video-preview:-1\" \/>\n<link rel=\"canonical\" href=\"https:\/\/www.365mountainbike.it\/fantamtb\/storia-mtb\/cross-country-xco\/uci-mountain-bike-coppa-del-mondo-2025-xc\/\" \/>\n<meta property=\"og:locale\" content=\"it_IT\" \/>\n<meta property=\"og:type\" content=\"article\" \/>\n<meta property=\"og:title\" content=\"Classifiche UCI Mountain Bike Coppa del Mondo 2025 MTB XC | FANTAmtb\" \/>\n<meta property=\"og:description\" content=\"Nella Coppa del Mondo femminile, Samara Maxwell ha vinto il titolo generale grazie a una stagione consistete con pi\u00f9 podi e vittorie, chiudendo davanti a Jenny Rissveds e Alessandra Keller. Maxwell \u00e8 stata la prima neozelandese a vincere l\u2019XCO World Cup. Tra gli uomini, Christopher Blevins ha dominato la classifica generale, con vittorie chiave e [&hellip;]\" \/>\n<meta property=\"og:url\" content=\"https:\/\/www.365mountainbike.it\/fantamtb\/storia-mtb\/cross-country-xco\/uci-mountain-bike-coppa-del-mondo-2025-xc\/\" \/>\n<meta property=\"og:site_name\" content=\"FANTAmtb\" \/>\n<meta property=\"article:published_time\" content=\"2025-06-29T07:46:35+00:00\" \/>\n<meta property=\"article:modified_time\" content=\"2026-02-07T16:01:53+00:00\" \/>\n<meta property=\"og:image\" content=\"https:\/\/www.365mountainbike.it\/fantamtb\/wp-content\/uploads\/2025\/06\/blevis-araxa-2.jpeg\" \/>\n\t<meta property=\"og:image:width\" content=\"2048\" \/>\n\t<meta property=\"og:image:height\" content=\"1366\" \/>\n\t<meta property=\"og:image:type\" content=\"image\/jpeg\" \/>\n<meta name=\"author\" content=\"FANTAmtb\" \/>\n<meta name=\"twitter:card\" content=\"summary_large_image\" \/>\n<meta name=\"twitter:label1\" content=\"Scritto da\" \/>\n\t<meta name=\"twitter:data1\" content=\"FANTAmtb\" \/>\n\t<meta name=\"twitter:label2\" content=\"Tempo di lettura stimato\" \/>\n\t<meta name=\"twitter:data2\" content=\"24 minuti\" \/>\n<script type=\"application\/ld+json\" class=\"yoast-schema-graph\">{\"@context\":\"https:\\\/\\\/schema.org\",\"@graph\":[{\"@type\":\"Article\",\"@id\":\"https:\\\/\\\/www.365mountainbike.it\\\/fantamtb\\\/storia-mtb\\\/cross-country-xco\\\/uci-mountain-bike-coppa-del-mondo-2025-xc\\\/#article\",\"isPartOf\":{\"@id\":\"https:\\\/\\\/www.365mountainbike.it\\\/fantamtb\\\/storia-mtb\\\/cross-country-xco\\\/uci-mountain-bike-coppa-del-mondo-2025-xc\\\/\"},\"author\":{\"name\":\"FANTAmtb\",\"@id\":\"https:\\\/\\\/www.365mountainbike.it\\\/fantamtb\\\/#\\\/schema\\\/person\\\/7b4a30b446207c8d00024d9717c3b63b\"},\"headline\":\"UCI Mountain Bike Coppa del Mondo 2025 MTB XC\",\"datePublished\":\"2025-06-29T07:46:35+00:00\",\"dateModified\":\"2026-02-07T16:01:53+00:00\",\"mainEntityOfPage\":{\"@id\":\"https:\\\/\\\/www.365mountainbike.it\\\/fantamtb\\\/storia-mtb\\\/cross-country-xco\\\/uci-mountain-bike-coppa-del-mondo-2025-xc\\\/\"},\"wordCount\":619,\"image\":{\"@id\":\"https:\\\/\\\/www.365mountainbike.it\\\/fantamtb\\\/storia-mtb\\\/cross-country-xco\\\/uci-mountain-bike-coppa-del-mondo-2025-xc\\\/#primaryimage\"},\"thumbnailUrl\":\"https:\\\/\\\/www.365mountainbike.it\\\/fantamtb\\\/wp-content\\\/uploads\\\/2025\\\/06\\\/blevis-araxa-2.jpeg\",\"keywords\":[\"Adrien Boichis\",\"Alessandra Keller\",\"Araxa\",\"Charlie Aldridge\",\"Christopher Blevins\",\"Coppa Del Mondo\",\"Evie Richards\",\"Fabio Puntener\",\"Jenny Rissveds\",\"Lake Placid\",\"Lars Forster\",\"Laura Stigger\",\"Lenzerheide\",\"Leogang\",\"Les Gets\",\"Luca Braidot\",\"Luca Martin\",\"Martin Vidaurre Kossmann\",\"Mathias Fluckiger\",\"Mona Mitterwallner\",\"Mont Sainte Anne\",\"Nicole Koller\",\"Nove Mesto\",\"Ondrej Cink\",\"Pal Arinsal\",\"Puck Pieterse\",\"Samara Maxwell\",\"Savilia Blunk\",\"Tom Pidcock\",\"Val Di Sole\",\"Victor Koretzky\"],\"articleSection\":[\"Cross Country XCO\"],\"inLanguage\":\"it-IT\"},{\"@type\":\"WebPage\",\"@id\":\"https:\\\/\\\/www.365mountainbike.it\\\/fantamtb\\\/storia-mtb\\\/cross-country-xco\\\/uci-mountain-bike-coppa-del-mondo-2025-xc\\\/\",\"url\":\"https:\\\/\\\/www.365mountainbike.it\\\/fantamtb\\\/storia-mtb\\\/cross-country-xco\\\/uci-mountain-bike-coppa-del-mondo-2025-xc\\\/\",\"name\":\"Classifiche UCI Mountain Bike Coppa del Mondo 2025 MTB XC | FANTAmtb\",\"isPartOf\":{\"@id\":\"https:\\\/\\\/www.365mountainbike.it\\\/fantamtb\\\/#website\"},\"primaryImageOfPage\":{\"@id\":\"https:\\\/\\\/www.365mountainbike.it\\\/fantamtb\\\/storia-mtb\\\/cross-country-xco\\\/uci-mountain-bike-coppa-del-mondo-2025-xc\\\/#primaryimage\"},\"image\":{\"@id\":\"https:\\\/\\\/www.365mountainbike.it\\\/fantamtb\\\/storia-mtb\\\/cross-country-xco\\\/uci-mountain-bike-coppa-del-mondo-2025-xc\\\/#primaryimage\"},\"thumbnailUrl\":\"https:\\\/\\\/www.365mountainbike.it\\\/fantamtb\\\/wp-content\\\/uploads\\\/2025\\\/06\\\/blevis-araxa-2.jpeg\",\"datePublished\":\"2025-06-29T07:46:35+00:00\",\"dateModified\":\"2026-02-07T16:01:53+00:00\",\"author\":{\"@id\":\"https:\\\/\\\/www.365mountainbike.it\\\/fantamtb\\\/#\\\/schema\\\/person\\\/7b4a30b446207c8d00024d9717c3b63b\"},\"breadcrumb\":{\"@id\":\"https:\\\/\\\/www.365mountainbike.it\\\/fantamtb\\\/storia-mtb\\\/cross-country-xco\\\/uci-mountain-bike-coppa-del-mondo-2025-xc\\\/#breadcrumb\"},\"inLanguage\":\"it-IT\",\"potentialAction\":[{\"@type\":\"ReadAction\",\"target\":[\"https:\\\/\\\/www.365mountainbike.it\\\/fantamtb\\\/storia-mtb\\\/cross-country-xco\\\/uci-mountain-bike-coppa-del-mondo-2025-xc\\\/\"]}]},{\"@type\":\"ImageObject\",\"inLanguage\":\"it-IT\",\"@id\":\"https:\\\/\\\/www.365mountainbike.it\\\/fantamtb\\\/storia-mtb\\\/cross-country-xco\\\/uci-mountain-bike-coppa-del-mondo-2025-xc\\\/#primaryimage\",\"url\":\"https:\\\/\\\/www.365mountainbike.it\\\/fantamtb\\\/wp-content\\\/uploads\\\/2025\\\/06\\\/blevis-araxa-2.jpeg\",\"contentUrl\":\"https:\\\/\\\/www.365mountainbike.it\\\/fantamtb\\\/wp-content\\\/uploads\\\/2025\\\/06\\\/blevis-araxa-2.jpeg\",\"width\":2048,\"height\":1366,\"caption\":\"blevis-araxa-2\"},{\"@type\":\"BreadcrumbList\",\"@id\":\"https:\\\/\\\/www.365mountainbike.it\\\/fantamtb\\\/storia-mtb\\\/cross-country-xco\\\/uci-mountain-bike-coppa-del-mondo-2025-xc\\\/#breadcrumb\",\"itemListElement\":[{\"@type\":\"ListItem\",\"position\":1,\"name\":\"Home\",\"item\":\"https:\\\/\\\/www.365mountainbike.it\\\/fantamtb\\\/\"},{\"@type\":\"ListItem\",\"position\":2,\"name\":\"Storia MTB\",\"item\":\"https:\\\/\\\/www.365mountainbike.it\\\/fantamtb\\\/storia-mtb\\\/\"},{\"@type\":\"ListItem\",\"position\":3,\"name\":\"XCO Cross Country\",\"item\":\"https:\\\/\\\/www.365mountainbike.it\\\/fantamtb\\\/storia-mtb\\\/cross-country-xco\\\/\"},{\"@type\":\"ListItem\",\"position\":4,\"name\":\"UCI Mountain Bike Coppa del Mondo 2025 MTB XC\"}]},{\"@type\":\"WebSite\",\"@id\":\"https:\\\/\\\/www.365mountainbike.it\\\/fantamtb\\\/#website\",\"url\":\"https:\\\/\\\/www.365mountainbike.it\\\/fantamtb\\\/\",\"name\":\"FANTAmtb\",\"description\":\"Il FANTAciclismo della Mountain Bike (FANTAcycling)\",\"potentialAction\":[{\"@type\":\"SearchAction\",\"target\":{\"@type\":\"EntryPoint\",\"urlTemplate\":\"https:\\\/\\\/www.365mountainbike.it\\\/fantamtb\\\/?s={search_term_string}\"},\"query-input\":{\"@type\":\"PropertyValueSpecification\",\"valueRequired\":true,\"valueName\":\"search_term_string\"}}],\"inLanguage\":\"it-IT\"},{\"@type\":\"Person\",\"@id\":\"https:\\\/\\\/www.365mountainbike.it\\\/fantamtb\\\/#\\\/schema\\\/person\\\/7b4a30b446207c8d00024d9717c3b63b\",\"name\":\"FANTAmtb\",\"image\":{\"@type\":\"ImageObject\",\"inLanguage\":\"it-IT\",\"@id\":\"\\\/\\\/www.365mountainbike.it\\\/fantamtb\\\/wp-content\\\/uploads\\\/wpforo\\\/avatars\\\/davide_1.png\",\"url\":\"\\\/\\\/www.365mountainbike.it\\\/fantamtb\\\/wp-content\\\/uploads\\\/wpforo\\\/avatars\\\/davide_1.png\",\"contentUrl\":\"\\\/\\\/www.365mountainbike.it\\\/fantamtb\\\/wp-content\\\/uploads\\\/wpforo\\\/avatars\\\/davide_1.png\",\"caption\":\"FANTAmtb\"},\"sameAs\":[\"https:\\\/\\\/www.365mountainbike.it\\\/fantamtb\"],\"url\":\"https:\\\/\\\/www.365mountainbike.it\\\/fantamtb\\\/author\\\/davide\\\/\"}]}<\/script>\n<!-- \/ Yoast SEO plugin. -->","yoast_head_json":{"title":"Classifiche UCI Mountain Bike Coppa del Mondo 2025 MTB XC | FANTAmtb","robots":{"index":"index","follow":"follow","max-snippet":"max-snippet:-1","max-image-preview":"max-image-preview:large","max-video-preview":"max-video-preview:-1"},"canonical":"https:\/\/www.365mountainbike.it\/fantamtb\/storia-mtb\/cross-country-xco\/uci-mountain-bike-coppa-del-mondo-2025-xc\/","og_locale":"it_IT","og_type":"article","og_title":"Classifiche UCI Mountain Bike Coppa del Mondo 2025 MTB XC | FANTAmtb","og_description":"Nella Coppa del Mondo femminile, Samara Maxwell ha vinto il titolo generale grazie a una stagione consistete con pi\u00f9 podi e vittorie, chiudendo davanti a Jenny Rissveds e Alessandra Keller. Maxwell \u00e8 stata la prima neozelandese a vincere l\u2019XCO World Cup. Tra gli uomini, Christopher Blevins ha dominato la classifica generale, con vittorie chiave e [&hellip;]","og_url":"https:\/\/www.365mountainbike.it\/fantamtb\/storia-mtb\/cross-country-xco\/uci-mountain-bike-coppa-del-mondo-2025-xc\/","og_site_name":"FANTAmtb","article_published_time":"2025-06-29T07:46:35+00:00","article_modified_time":"2026-02-07T16:01:53+00:00","og_image":[{"width":2048,"height":1366,"url":"https:\/\/www.365mountainbike.it\/fantamtb\/wp-content\/uploads\/2025\/06\/blevis-araxa-2.jpeg","type":"image\/jpeg"}],"author":"FANTAmtb","twitter_card":"summary_large_image","twitter_misc":{"Scritto da":"FANTAmtb","Tempo di lettura stimato":"24 minuti"},"schema":{"@context":"https:\/\/schema.org","@graph":[{"@type":"Article","@id":"https:\/\/www.365mountainbike.it\/fantamtb\/storia-mtb\/cross-country-xco\/uci-mountain-bike-coppa-del-mondo-2025-xc\/#article","isPartOf":{"@id":"https:\/\/www.365mountainbike.it\/fantamtb\/storia-mtb\/cross-country-xco\/uci-mountain-bike-coppa-del-mondo-2025-xc\/"},"author":{"name":"FANTAmtb","@id":"https:\/\/www.365mountainbike.it\/fantamtb\/#\/schema\/person\/7b4a30b446207c8d00024d9717c3b63b"},"headline":"UCI Mountain Bike Coppa del Mondo 2025 MTB XC","datePublished":"2025-06-29T07:46:35+00:00","dateModified":"2026-02-07T16:01:53+00:00","mainEntityOfPage":{"@id":"https:\/\/www.365mountainbike.it\/fantamtb\/storia-mtb\/cross-country-xco\/uci-mountain-bike-coppa-del-mondo-2025-xc\/"},"wordCount":619,"image":{"@id":"https:\/\/www.365mountainbike.it\/fantamtb\/storia-mtb\/cross-country-xco\/uci-mountain-bike-coppa-del-mondo-2025-xc\/#primaryimage"},"thumbnailUrl":"https:\/\/www.365mountainbike.it\/fantamtb\/wp-content\/uploads\/2025\/06\/blevis-araxa-2.jpeg","keywords":["Adrien Boichis","Alessandra Keller","Araxa","Charlie Aldridge","Christopher Blevins","Coppa Del Mondo","Evie Richards","Fabio Puntener","Jenny Rissveds","Lake Placid","Lars Forster","Laura Stigger","Lenzerheide","Leogang","Les Gets","Luca Braidot","Luca Martin","Martin Vidaurre Kossmann","Mathias Fluckiger","Mona Mitterwallner","Mont Sainte Anne","Nicole Koller","Nove Mesto","Ondrej Cink","Pal Arinsal","Puck Pieterse","Samara Maxwell","Savilia Blunk","Tom Pidcock","Val Di Sole","Victor Koretzky"],"articleSection":["Cross Country XCO"],"inLanguage":"it-IT"},{"@type":"WebPage","@id":"https:\/\/www.365mountainbike.it\/fantamtb\/storia-mtb\/cross-country-xco\/uci-mountain-bike-coppa-del-mondo-2025-xc\/","url":"https:\/\/www.365mountainbike.it\/fantamtb\/storia-mtb\/cross-country-xco\/uci-mountain-bike-coppa-del-mondo-2025-xc\/","name":"Classifiche UCI Mountain Bike Coppa del Mondo 2025 MTB XC | FANTAmtb","isPartOf":{"@id":"https:\/\/www.365mountainbike.it\/fantamtb\/#website"},"primaryImageOfPage":{"@id":"https:\/\/www.365mountainbike.it\/fantamtb\/storia-mtb\/cross-country-xco\/uci-mountain-bike-coppa-del-mondo-2025-xc\/#primaryimage"},"image":{"@id":"https:\/\/www.365mountainbike.it\/fantamtb\/storia-mtb\/cross-country-xco\/uci-mountain-bike-coppa-del-mondo-2025-xc\/#primaryimage"},"thumbnailUrl":"https:\/\/www.365mountainbike.it\/fantamtb\/wp-content\/uploads\/2025\/06\/blevis-araxa-2.jpeg","datePublished":"2025-06-29T07:46:35+00:00","dateModified":"2026-02-07T16:01:53+00:00","author":{"@id":"https:\/\/www.365mountainbike.it\/fantamtb\/#\/schema\/person\/7b4a30b446207c8d00024d9717c3b63b"},"breadcrumb":{"@id":"https:\/\/www.365mountainbike.it\/fantamtb\/storia-mtb\/cross-country-xco\/uci-mountain-bike-coppa-del-mondo-2025-xc\/#breadcrumb"},"inLanguage":"it-IT","potentialAction":[{"@type":"ReadAction","target":["https:\/\/www.365mountainbike.it\/fantamtb\/storia-mtb\/cross-country-xco\/uci-mountain-bike-coppa-del-mondo-2025-xc\/"]}]},{"@type":"ImageObject","inLanguage":"it-IT","@id":"https:\/\/www.365mountainbike.it\/fantamtb\/storia-mtb\/cross-country-xco\/uci-mountain-bike-coppa-del-mondo-2025-xc\/#primaryimage","url":"https:\/\/www.365mountainbike.it\/fantamtb\/wp-content\/uploads\/2025\/06\/blevis-araxa-2.jpeg","contentUrl":"https:\/\/www.365mountainbike.it\/fantamtb\/wp-content\/uploads\/2025\/06\/blevis-araxa-2.jpeg","width":2048,"height":1366,"caption":"blevis-araxa-2"},{"@type":"BreadcrumbList","@id":"https:\/\/www.365mountainbike.it\/fantamtb\/storia-mtb\/cross-country-xco\/uci-mountain-bike-coppa-del-mondo-2025-xc\/#breadcrumb","itemListElement":[{"@type":"ListItem","position":1,"name":"Home","item":"https:\/\/www.365mountainbike.it\/fantamtb\/"},{"@type":"ListItem","position":2,"name":"Storia MTB","item":"https:\/\/www.365mountainbike.it\/fantamtb\/storia-mtb\/"},{"@type":"ListItem","position":3,"name":"XCO Cross Country","item":"https:\/\/www.365mountainbike.it\/fantamtb\/storia-mtb\/cross-country-xco\/"},{"@type":"ListItem","position":4,"name":"UCI Mountain Bike Coppa del Mondo 2025 MTB XC"}]},{"@type":"WebSite","@id":"https:\/\/www.365mountainbike.it\/fantamtb\/#website","url":"https:\/\/www.365mountainbike.it\/fantamtb\/","name":"FANTAmtb","description":"Il FANTAciclismo della Mountain Bike (FANTAcycling)","potentialAction":[{"@type":"SearchAction","target":{"@type":"EntryPoint","urlTemplate":"https:\/\/www.365mountainbike.it\/fantamtb\/?s={search_term_string}"},"query-input":{"@type":"PropertyValueSpecification","valueRequired":true,"valueName":"search_term_string"}}],"inLanguage":"it-IT"},{"@type":"Person","@id":"https:\/\/www.365mountainbike.it\/fantamtb\/#\/schema\/person\/7b4a30b446207c8d00024d9717c3b63b","name":"FANTAmtb","image":{"@type":"ImageObject","inLanguage":"it-IT","@id":"\/\/www.365mountainbike.it\/fantamtb\/wp-content\/uploads\/wpforo\/avatars\/davide_1.png","url":"\/\/www.365mountainbike.it\/fantamtb\/wp-content\/uploads\/wpforo\/avatars\/davide_1.png","contentUrl":"\/\/www.365mountainbike.it\/fantamtb\/wp-content\/uploads\/wpforo\/avatars\/davide_1.png","caption":"FANTAmtb"},"sameAs":["https:\/\/www.365mountainbike.it\/fantamtb"],"url":"https:\/\/www.365mountainbike.it\/fantamtb\/author\/davide\/"}]}},"gt_translate_keys":[{"key":"link","format":"url"}],"_links":{"self":[{"href":"https:\/\/www.365mountainbike.it\/fantamtb\/wp-json\/wp\/v2\/posts\/24773","targetHints":{"allow":["GET"]}}],"collection":[{"href":"https:\/\/www.365mountainbike.it\/fantamtb\/wp-json\/wp\/v2\/posts"}],"about":[{"href":"https:\/\/www.365mountainbike.it\/fantamtb\/wp-json\/wp\/v2\/types\/post"}],"author":[{"embeddable":true,"href":"https:\/\/www.365mountainbike.it\/fantamtb\/wp-json\/wp\/v2\/users\/1"}],"replies":[{"embeddable":true,"href":"https:\/\/www.365mountainbike.it\/fantamtb\/wp-json\/wp\/v2\/comments?post=24773"}],"version-history":[{"count":7,"href":"https:\/\/www.365mountainbike.it\/fantamtb\/wp-json\/wp\/v2\/posts\/24773\/revisions"}],"predecessor-version":[{"id":25958,"href":"https:\/\/www.365mountainbike.it\/fantamtb\/wp-json\/wp\/v2\/posts\/24773\/revisions\/25958"}],"wp:featuredmedia":[{"embeddable":true,"href":"https:\/\/www.365mountainbike.it\/fantamtb\/wp-json\/wp\/v2\/media\/24781"}],"wp:attachment":[{"href":"https:\/\/www.365mountainbike.it\/fantamtb\/wp-json\/wp\/v2\/media?parent=24773"}],"wp:term":[{"taxonomy":"category","embeddable":true,"href":"https:\/\/www.365mountainbike.it\/fantamtb\/wp-json\/wp\/v2\/categories?post=24773"},{"taxonomy":"post_tag","embeddable":true,"href":"https:\/\/www.365mountainbike.it\/fantamtb\/wp-json\/wp\/v2\/tags?post=24773"}],"curies":[{"name":"wp","href":"https:\/\/api.w.org\/{rel}","templated":true}]}}