{"id":2471,"date":"2011-05-16T15:01:24","date_gmt":"2011-05-16T13:01:24","guid":{"rendered":"\/database\/gare-cross-country\/campionato-del-mondo-cross-country-1999\/"},"modified":"2026-02-05T16:43:59","modified_gmt":"2026-02-05T16:43:59","slug":"campionato-del-mondo-cross-country-1999","status":"publish","type":"post","link":"https:\/\/www.365mountainbike.it\/fantamtb\/storia-mtb\/cross-country-xco\/campionato-del-mondo-cross-country-1999\/","title":{"rendered":"Campionati Mondiali MTB XC 1999, \u00c5re (SVEZIA)","gt_translate_keys":[{"key":"rendered","format":"text"}]},"content":{"rendered":"\n<p>In Svezia, precisamente ad Are (11\/19 Settembre 1999), si sono svolti i mondiali 1999. Presenti 11.000 spettatori paganti, un risultato straordinario. Michael Rasmussen (DEN) vince il suo 1\u00b0 mondiale in MTB che lo proietta tra i corridori pi\u00f9 forti del circus. Dopo questo risultato lo noter\u00e0 Bjarne Riis che lo far\u00e0 passare nel 2002 alla CSC-Tiscali su strada. Al 2\u00b0 posto un altro futuro biker che tenter\u00e0 la la via della strada con la Quick Step, vale a dire <strong>Miguel Martinez<\/strong> (FRA). Al terzo posto <strong>Filip Meirhaeghe<\/strong> (BEL).<br><strong>Margarita Fullana<\/strong> (ESP) vince il suo primo mondiale davanti ad <strong>Alison Sydor <\/strong>(CAN), gi\u00e0 bi-campionessa del mondo in passato, e a <strong>Paola Pezzo<\/strong> (ITA), campionessa del mondo nel 1997.<\/p>\n\n\n\n<p>Tra gli U23 una prestazione sensazionale dell&#8217;Italia che riescono a battere il favoritissimo Cadel Evans con i 2 funamboli Martino Fruet e Marco Bui, con quest&#8217;ultimo che ha costruito il suo successo in discesa, provocando polemiche con Cadel Evans il quale riferisce di essere stato ostacolato. Il percorso era molto tecnico e reso difficile dalle condizioni di meteo avverse e questo ha fatto si che Marco Bui volasse verso la vittoria.<\/p>\n\n\n\n<p><\/p>\n\n\n\n<figure class=\"wp-block-table is-style-stripes\"><table class=\"has-black-color has-text-color\"><tbody><tr><td><span style=\"color: #ff0000;\"><strong>EL M<\/strong><\/span><\/td><\/tr><tr><td><img loading=\"lazy\" decoding=\"async\" src=\"\/fantamtb\/wp-content\/images\/iride.jpg\" alt=\"Campione del Mondo\" width=\"25\" height=\"16\" border=\"0\"><\/td><td><img loading=\"lazy\" decoding=\"async\" src=\"\/fantamtb\/wp-content\/images\/den.png\" alt=\"DEN\" width=\"20\" height=\"15\" border=\"0\"> <a href=\"https:\/\/www.365mountainbike.it\/fantamtb\/storia-mtb\/atleti\/michael-rasmussen\/\">RASMUSSEN<\/a>, Michael<\/td><td><strong>2h14&#8217;08&#8221;<\/strong><\/td><\/tr><tr><td><strong>2<\/strong><\/td><td><img decoding=\"async\" src=\"\/fantamtb\/wp-content\/images\/fra.png\" alt=\"FRA\" border=\"0\"> <a href=\"https:\/\/www.365mountainbike.it\/fantamtb\/storia-mtb\/atleti\/miguel-martinez\/\">MARTINEZ<\/a>, Miguel<\/td><td><strong>1&#8217;52&#8221;<\/strong><\/td><\/tr><tr><td><strong>3<\/strong><\/td><td><img loading=\"lazy\" decoding=\"async\" src=\"\/fantamtb\/wp-content\/images\/bel.png\" alt=\"BEL\" width=\"20\" height=\"13\" border=\"0\"> <a href=\"https:\/\/www.365mountainbike.it\/fantamtb\/storia-mtb\/atleti\/filip-meirhaeghe\/\">MEIRHAEGHE<\/a>, Filip<\/td><td><strong>3&#8217;36&#8221;<\/strong><\/td><\/tr><tr><td>4<\/td><td><img loading=\"lazy\" decoding=\"async\" src=\"\/fantamtb\/wp-content\/images\/bel.png\" alt=\"BEL\" width=\"20\" height=\"13\" border=\"0\"> PAULISSEN, Roel<\/td><td>4&#8217;02&#8221;<\/td><\/tr><tr><td>5<\/td><td><img loading=\"lazy\" decoding=\"async\" src=\"\/fantamtb\/wp-content\/images\/hol.png\" alt=\"HOL\" width=\"20\" height=\"14\" border=\"0\"> VAN DOOREN, Bas<\/td><td>4&#8217;32&#8221;<\/td><\/tr><tr><td>6<\/td><td><img decoding=\"async\" src=\"\/fantamtb\/wp-content\/images\/ita.png\" alt=\"ITA\" border=\"0\"> ACQUAROLI, Dario<\/td><td>6&#8217;55&#8221;<\/td><\/tr><tr><td>7<\/td><td><img loading=\"lazy\" decoding=\"async\" src=\"\/fantamtb\/wp-content\/images\/hol.png\" alt=\"HOL\" width=\"20\" height=\"14\" border=\"0\"> HOCHSTRASSER, Thomas<\/td><td>7&#8217;35&#8221;<\/td><\/tr><tr><td>8<\/td><td><img decoding=\"async\" src=\"\/fantamtb\/wp-content\/images\/fra.png\" alt=\"FRA\" border=\"0\"> CHIOTTI, Jerome<\/td><td>8&#8217;45&#8221;<\/td><\/tr><tr><td>9<\/td><td><img loading=\"lazy\" decoding=\"async\" src=\"\/fantamtb\/wp-content\/images\/den.png\" alt=\"DEN\" width=\"20\" height=\"15\" border=\"0\"> AGERGAARD, Jesper<\/td><td>9&#8217;09&#8221;<\/td><\/tr><tr><td>10<\/td><td><img loading=\"lazy\" decoding=\"async\" src=\"\/fantamtb\/wp-content\/images\/swi.png\" width=\"20\" height=\"13\" alt=\"SWI\" border=\"0\"> SAUSER, Christophe<\/td><td>9&#8217;40&#8221;<\/td><\/tr><tr><td>11<\/td><td><img loading=\"lazy\" decoding=\"async\" src=\"\/fantamtb\/wp-content\/images\/hol.png\" alt=\"HOL\" width=\"20\" height=\"14\" border=\"0\"> BRENTJENS, Bart<\/td><td>10&#8217;19&#8221;<\/td><\/tr><tr><td>12<\/td><td><img loading=\"lazy\" decoding=\"async\" src=\"\/fantamtb\/wp-content\/images\/bel.png\" alt=\"BEL\" width=\"20\" height=\"13\" border=\"0\"> VAN DEN ABEELE, Peter<\/td><td>12&#8217;12&#8221;<\/td><\/tr><tr><td>13<\/td><td><img decoding=\"async\" src=\"\/fantamtb\/wp-content\/images\/ita.png\" alt=\"ITA\" border=\"0\"> PONTONI, Daniele<\/td><td>12&#8217;25&#8221;<\/td><\/tr><tr><td>14<\/td><td><img decoding=\"async\" src=\"\/fantamtb\/wp-content\/images\/rus.png\" alt=\"RUS\" border=\"0\"> TCHERKASSOV, Pavel<\/td><td>12&#8217;56&#8221;<\/td><\/tr><tr><td>15<\/td><td><img loading=\"lazy\" decoding=\"async\" src=\"\/fantamtb\/wp-content\/images\/ger.png\" alt=\"GER\" width=\"20\" height=\"12\" border=\"0\"> FUMIC, Lado<\/td><td>13&#8217;05&#8221;<\/td><\/tr><tr><td>16<\/td><td><img decoding=\"async\" src=\"\/fantamtb\/wp-content\/images\/fra.png\" alt=\"FRA\" border=\"0\"> DUBAU, Ludovic<\/td><td>13&#8217;25&#8221;<\/td><\/tr><tr><td>17<\/td><td><img loading=\"lazy\" decoding=\"async\" src=\"\/fantamtb\/wp-content\/images\/den.png\" alt=\"DEN\" width=\"20\" height=\"15\" border=\"0\"> DJERNIS, Henrik<\/td><td>13&#8217;38&#8221;<\/td><\/tr><tr><td>18<\/td><td><img decoding=\"async\" src=\"\/fantamtb\/wp-content\/images\/fra.png\" alt=\"FRA\" border=\"0\"> VOLLET, Gregory<\/td><td>13&#8217;41&#8221;<\/td><\/tr><tr><td>19<\/td><td><img loading=\"lazy\" decoding=\"async\" src=\"\/fantamtb\/wp-content\/images\/swi.png\" width=\"20\" height=\"13\" alt=\"SWI\" border=\"0\"> BINKERT, Markus<\/td><td>14&#8217;14&#8221;<\/td><\/tr><tr><td>20<\/td><td><img loading=\"lazy\" decoding=\"async\" src=\"\/fantamtb\/wp-content\/images\/nor.png\" alt=\"NOR\" width=\"20\" height=\"15\" border=\"0\">LARSEN, Tom<\/td><td>15&#8217;44&#8221;<\/td><\/tr><tr><td>21<\/td><td><img loading=\"lazy\" decoding=\"async\" src=\"\/fantamtb\/wp-content\/images\/slo.png\" alt=\"SLO\" width=\"20\" height=\"13\" border=\"0\"> STRANCAR, Primoz<\/td><td>16&#8217;01&#8221;<\/td><\/tr><tr><td>22<\/td><td><img loading=\"lazy\" decoding=\"async\" src=\"\/fantamtb\/wp-content\/images\/swi.png\" width=\"20\" height=\"13\" alt=\"SWI\" border=\"0\"> FRISCHKNECHT, Thomas<\/td><td>16&#8217;07&#8221;<\/td><\/tr><tr><td>23<\/td><td><img loading=\"lazy\" decoding=\"async\" src=\"\/fantamtb\/wp-content\/images\/hol.png\" alt=\"HOL\" width=\"20\" height=\"14\" border=\"0\"> TOLHOEK, Patrick<\/td><td>16&#8217;32&#8221;<\/td><\/tr><tr><td>24<\/td><td><img decoding=\"async\" src=\"\/fantamtb\/wp-content\/images\/ita.png\" alt=\"ITA\" border=\"0\"> CIONI, Dario<\/td><td>16&#8217;47&#8221;<\/td><\/tr><tr><td>25<\/td><td><img loading=\"lazy\" decoding=\"async\" style=\"border: 0pt none;\" src=\"\/fantamtb\/wp-content\/images\/gbr.png\" alt=\"GBR\" width=\"20\" height=\"14\" border=\"0\"> CRAIG, Nick<\/td><td>16&#8217;55&#8221;<\/td><\/tr><tr><td>26<\/td><td><img loading=\"lazy\" decoding=\"async\" src=\"\/fantamtb\/wp-content\/images\/ger.png\" alt=\"GER\" width=\"20\" height=\"12\" border=\"0\"> BRESSER, Carsten<\/td><td>17&#8217;24&#8221;<\/td><\/tr><tr><td>27<\/td><td><img decoding=\"async\" src=\"\/fantamtb\/wp-content\/images\/can.png\" alt=\"CAN\" border=\"0\"> MC GRATH, Seamus<\/td><td>17&#8217;44&#8221;<\/td><\/tr><tr><td>28<\/td><td><img loading=\"lazy\" decoding=\"async\" src=\"\/fantamtb\/wp-content\/images\/pol.png\" alt=\"POL\" width=\"20\" height=\"13\" border=\"0\"> GALINSKI, Marek<\/td><td>18&#8217;22&#8221;<\/td><\/tr><tr><td>29<\/td><td><img decoding=\"async\" src=\"\/fantamtb\/wp-content\/images\/ita.png\" alt=\"ITA\" border=\"0\"> PALLHUBER, Hubert<\/td><td>18&#8217;46&#8221;<\/td><\/tr><tr><td>30<\/td><td><img loading=\"lazy\" decoding=\"async\" src=\"\/fantamtb\/wp-content\/images\/esp.png\" alt=\"ESP\" width=\"20\" height=\"13\" border=\"0\"> LEZAUN, Roberto<\/td><td>19&#8217;00<\/td><\/tr><\/tbody><\/table><figcaption class=\"wp-element-caption\"><a target=\"_blank\" href=\"https:\/\/www.365mountainbike.it\/fantamtb\/wp-content\/images\/results\/worlds_xc\/1999_elitem.pdf\" rel=\"noopener\">CLASSIFICHE COMPLETE<\/a><\/figcaption><\/figure>\n\n\n\n<p><\/p>\n\n\n\n<figure class=\"wp-block-table is-style-stripes\"><table class=\"has-black-color has-text-color\"><tbody><tr><td><span style=\"color: #ff0000;\"><strong>EL W<\/strong><\/span><\/td><\/tr><tr><td><img loading=\"lazy\" decoding=\"async\" src=\"\/fantamtb\/wp-content\/images\/iride.jpg\" alt=\"Campione del Mondo\" width=\"25\" height=\"16\" border=\"0\"><\/td><td><img loading=\"lazy\" decoding=\"async\" src=\"\/fantamtb\/wp-content\/images\/esp.png\" alt=\"ESP\" width=\"20\" height=\"13\" border=\"0\"> <a href=\"https:\/\/www.365mountainbike.it\/fantamtb\/storia-mtb\/atleti\/margarita-fullana\/\">FULLANA<\/a>, Margarita<\/td><td><strong>2h31&#8217;59&#8221;<\/strong><\/td><\/tr><tr><td><strong>2<\/strong><\/td><td><img decoding=\"async\" border=\"0\" src=\"\/fantamtb\/wp-content\/images\/can.png\" alt=\"CAN\"> <a href=\"https:\/\/www.365mountainbike.it\/fantamtb\/storia-mtb\/atleti\/alison-sydor\/\">SYDOR<\/a>, Alison<\/td><td><strong>1&#8217;47&#8221;<\/strong><\/td><\/tr><tr><td><strong>3<\/strong><\/td><td><img decoding=\"async\" src=\"\/fantamtb\/wp-content\/images\/ita.png\" alt=\"ITA\" border=\"0\"> <a href=\"https:\/\/www.365mountainbike.it\/fantamtb\/storia-mtb\/atleti\/paola-pezzo\/\">PEZZO<\/a>, Paola<\/td><td><strong>3&#8217;09&#8221;<\/strong><\/td><\/tr><tr><td>4<\/td><td><img loading=\"lazy\" decoding=\"async\" src=\"\/fantamtb\/wp-content\/images\/usa.png\" alt=\"USA\" width=\"20\" height=\"11\" border=\"0\"> DUNLAP, Alison<\/td><td>4&#8217;00&#8221;<\/td><\/tr><tr><td>5<\/td><td><img loading=\"lazy\" decoding=\"async\" src=\"\/fantamtb\/wp-content\/images\/swi.png\" width=\"20\" height=\"13\" alt=\"SWI\" border=\"0\"> BLATTER, Barbara<\/td><td>4&#8217;51&#8221;<\/td><\/tr><tr><td>6<\/td><td><img decoding=\"async\" src=\"\/fantamtb\/wp-content\/images\/ita.png\" alt=\"ITA\" border=\"0\"> STROPPARO, Annabella<\/td><td>8&#8217;43&#8221;<\/td><\/tr><tr><td>7<\/td><td><img loading=\"lazy\" decoding=\"async\" src=\"\/fantamtb\/wp-content\/images\/swi.png\" width=\"20\" height=\"13\" alt=\"SWI\" border=\"0\"> DAUCOURT, Chantal<\/td><td>9&#8217;51&#8221;<\/td><\/tr><tr><td>8<\/td><td><img decoding=\"async\" src=\"\/fantamtb\/wp-content\/images\/fra.png\" alt=\"FRA\" border=\"0\"> LEBOUCHER, Laurence<\/td><td>10&#8217;47&#8221;<\/td><\/tr><tr><td>9<\/td><td><img decoding=\"async\" src=\"\/fantamtb\/wp-content\/images\/fra.png\" alt=\"FRA\" border=\"0\"> TEMPORELLI, Sandra<\/td><td>11&#8217;51&#8221;<\/td><\/tr><tr><td>10<\/td><td><img loading=\"lazy\" decoding=\"async\" src=\"\/fantamtb\/wp-content\/images\/esp.png\" alt=\"ESP\" width=\"20\" height=\"13\" border=\"0\"> ROVIRA PLANAS, Silvia<\/td><td>14&#8217;06&#8221;<\/td><\/tr><tr><td>11<\/td><td><img loading=\"lazy\" decoding=\"async\" src=\"\/fantamtb\/wp-content\/images\/usa.png\" alt=\"USA\" width=\"20\" height=\"11\" border=\"0\"> MATTHES, Ruthie<\/td><td>14&#8217;07&#8221;<\/td><\/tr><tr><td>12<\/td><td><img loading=\"lazy\" decoding=\"async\" src=\"\/fantamtb\/wp-content\/images\/ger.png\" alt=\"GER\" width=\"20\" height=\"12\" border=\"0\"> ZU PUTLITZ, Hedda<\/td><td>14&#8217;08&#8221;<\/td><\/tr><tr><td>13<\/td><td><img decoding=\"async\" src=\"\/fantamtb\/wp-content\/images\/rus.png\" alt=\"RUS\" border=\"0\"> IAGOUPOVA, Irina<\/td><td>14&#8217;56&#8221;<\/td><\/tr><tr><td>14<\/td><td><img decoding=\"async\" src=\"\/fantamtb\/wp-content\/images\/can.png\" alt=\"CAN\" border=\"0\"> REDDEN, Christina<\/td><td>15&#8217;24&#8221;<\/td><\/tr><tr><td>15<\/td><td><img loading=\"lazy\" decoding=\"async\" src=\"\/fantamtb\/wp-content\/images\/swe.png\" alt=\"SWE\" width=\"20\" height=\"13\" border=\"0\"> JONSSON, Annica<\/td><td>16&#8217;38&#8221;<\/td><\/tr><tr><td>16<\/td><td><img decoding=\"async\" src=\"\/fantamtb\/wp-content\/images\/rus.png\" alt=\"RUS\" border=\"0\"> EPIFANOVA, Alla<\/td><td>17&#8217;44&#8221;<\/td><\/tr><tr><td>17<\/td><td><img decoding=\"async\" src=\"\/fantamtb\/wp-content\/images\/fra.png\" alt=\"FRA\" border=\"0\"> VILLENEUVE, Sophie<\/td><td>17&#8217;55&#8221;<\/td><\/tr><tr><td>18<\/td><td><img loading=\"lazy\" decoding=\"async\" src=\"\/fantamtb\/wp-content\/images\/usa.png\" alt=\"USA\" width=\"20\" height=\"11\" border=\"0\"> KAIN, Shari<\/td><td>18&#8217;26&#8221;<\/td><\/tr><tr><td>19<\/td><td><img loading=\"lazy\" decoding=\"async\" src=\"\/fantamtb\/wp-content\/images\/swi.png\" width=\"20\" height=\"13\" alt=\"SWI\" border=\"0\"> RUSCA, Maroussia<\/td><td>19&#8217;30&#8221;<\/td><\/tr><tr><td>20<\/td><td><img loading=\"lazy\" decoding=\"async\" src=\"\/fantamtb\/wp-content\/images\/usa.png\" alt=\"USA\" width=\"20\" height=\"11\" border=\"0\"> TROMBLEY, Ann<\/td><td>19&#8217;32&#8221;<\/td><\/tr><\/tbody><\/table><figcaption class=\"wp-element-caption\"> <a target=\"_blank\" href=\"https:\/\/www.365mountainbike.it\/fantamtb\/wp-content\/images\/results\/worlds_xc\/1999_elitew.pdf\" rel=\"noopener\">CLASSIFICHE COMPLETE<\/a> <\/figcaption><\/figure>\n\n\n\n<p><\/p>\n\n\n\n<figure class=\"wp-block-table is-style-stripes\"><table class=\"has-black-color has-text-color\"><tbody><tr><td><strong><span style=\"color: #ff0000;\">JUN W<\/span><\/strong><\/td><\/tr><tr><td><img loading=\"lazy\" decoding=\"async\" src=\"\/fantamtb\/wp-content\/images\/iride.jpg\" alt=\"Campione del Mondo\" width=\"25\" height=\"16\" border=\"0\"><\/td><td><img loading=\"lazy\" decoding=\"async\" src=\"\/fantamtb\/wp-content\/images\/pol.png\" alt=\"POL\" width=\"20\" height=\"13\" border=\"0\"> <a href=\"https:\/\/www.365mountainbike.it\/fantamtb\/storia-mtb\/atleti\/anna-szafraniec\/\">SZAFRANIEC<\/a>, Anna<\/td><td><strong>1h24&#8217;42&#8221;<\/strong><\/td><\/tr><tr><td><strong>2<\/strong><\/td><td><img loading=\"lazy\" decoding=\"async\" border=\"0\" src=\"\/fantamtb\/wp-content\/images\/swi.png\" width=\"20\" height=\"13\" alt=\"SWI\"> <a href=\"https:\/\/www.365mountainbike.it\/fantamtb\/storia-mtb\/atleti\/lea-fluckiger\/\">FLUCKIGER<\/a>, Lea<\/td><td><strong>27&#8243;<\/strong><\/td><\/tr><tr><td><strong>3<\/strong><\/td><td><img loading=\"lazy\" decoding=\"async\" border=\"0\" src=\"\/fantamtb\/wp-content\/images\/swi.png\" width=\"20\" height=\"13\" alt=\"SWI\"> <a href=\"https:\/\/www.365mountainbike.it\/fantamtb\/storia-mtb\/atleti\/sonja-traxel\/\">TRAXEL<\/a>, Sonja<\/td><td><strong>1&#8217;35&#8221;<\/strong><\/td><\/tr><tr><td>4<\/td><td><img decoding=\"async\" src=\"\/fantamtb\/wp-content\/images\/fra.png\" alt=\"FRA\" border=\"0\"> RAVANEL RODE, Cecile<\/td><td>1&#8217;56&#8221;<\/td><\/tr><tr><td>5<\/td><td><img decoding=\"async\" src=\"\/fantamtb\/wp-content\/images\/ita.png\" alt=\"ITA\" border=\"0\"> LAMASTRA, Lucrezia<\/td><td>3&#8217;27&#8221;<\/td><\/tr><tr><td>6<\/td><td><img loading=\"lazy\" decoding=\"async\" src=\"\/fantamtb\/wp-content\/images\/swi.png\" width=\"20\" height=\"13\" alt=\"SWI\" border=\"0\"> RUPF, Katja<\/td><td>4&#8217;20&#8221;<\/td><\/tr><tr><td>7<\/td><td><img loading=\"lazy\" decoding=\"async\" src=\"\/fantamtb\/wp-content\/images\/pol.png\" alt=\"POL\" width=\"20\" height=\"13\" border=\"0\"> SADLECKA, Magdialena<\/td><td>4&#8217;22&#8221;<\/td><\/tr><tr><td>8<\/td><td><strong><img decoding=\"async\" src=\"\/fantamtb\/wp-content\/images\/fra.png\" alt=\"FRA\" border=\"0\"><\/strong> THEVENET, Marion<\/td><td>5&#8217;27&#8221;<\/td><\/tr><tr><td>9<\/td><td><img decoding=\"async\" src=\"\/fantamtb\/wp-content\/images\/ger.png\" alt=\"GER\" border=\"0\"> MENDE, Anna-Maria<\/td><td>6&#8217;32&#8221;<\/td><\/tr><tr><td>10<\/td><td><img decoding=\"async\" src=\"\/fantamtb\/wp-content\/images\/can.png\" alt=\"CAN\" border=\"0\"> HALL-PATCH, Clare<\/td><td>9&#8217;04&#8221;<\/td><\/tr><\/tbody><\/table><figcaption class=\"wp-element-caption\"> <a target=\"_blank\" href=\"https:\/\/www.365mountainbike.it\/fantamtb\/wp-content\/images\/results\/worlds_xc\/1999_juniorw.pdf\" rel=\"noopener\">CLASSIFICHE COMPLETE<\/a> <\/figcaption><\/figure>\n\n\n\n<hr class=\"wp-block-separator has-css-opacity\"\/>\n\n\n\n<figure class=\"wp-block-table is-style-stripes\"><table class=\"has-black-color has-text-color\"><tbody><tr><td><span style=\"color: #ff0000;\"><strong>U23 M<\/strong><\/span><\/td><\/tr><tr><td><img loading=\"lazy\" decoding=\"async\" src=\"\/fantamtb\/wp-content\/images\/iride.jpg\" alt=\"Campione del Mondo\" width=\"25\" height=\"16\" border=\"0\"><\/td><td><img decoding=\"async\" border=\"0\" src=\"\/fantamtb\/wp-content\/images\/ita.png\" alt=\"ITA\"> <a href=\"https:\/\/www.365mountainbike.it\/fantamtb\/storia-mtb\/atleti\/marco-bui\/\">BUI<\/a>, Marco<\/td><td><strong>2h19&#8217;46&#8221;<\/strong><\/td><\/tr><tr><td><strong>2<\/strong><\/td><td><img loading=\"lazy\" decoding=\"async\" style=\"border: 0pt none;\" src=\"\/fantamtb\/wp-content\/images\/aus.png\" alt=\"AUS\" width=\"20\" height=\"14\" border=\"0\"> <a href=\"https:\/\/www.365mountainbike.it\/fantamtb\/storia-mtb\/atleti\/cadel-evans\/\">EVANS<\/a>, Cadel<\/td><td><strong>20&#8243;<\/strong><\/td><\/tr><tr><td><strong>3<\/strong><\/td><td><img decoding=\"async\" border=\"0\" src=\"\/fantamtb\/wp-content\/images\/ita.png\" alt=\"ITA\"> <a href=\"https:\/\/www.365mountainbike.it\/fantamtb\/storia-mtb\/atleti\/martino-fruet\/\">FRUET<\/a>, Martino<\/td><td><strong>3&#8217;21&#8221;<\/strong><\/td><\/tr><tr><td>4<\/td><td><img loading=\"lazy\" decoding=\"async\" style=\"border: 0pt none;\" src=\"\/fantamtb\/wp-content\/images\/slo.png\" alt=\"SLO\" width=\"20\" height=\"13\" border=\"0\"> GOLCER, Jure<\/td><td>4&#8217;50&#8221;<\/td><\/tr><tr><td>5<\/td><td><img decoding=\"async\" src=\"\/fantamtb\/wp-content\/images\/fra.png\" alt=\"FRA\" border=\"0\"> ABSALON, Julien<\/td><td>7&#8217;32&#8221;<\/td><\/tr><tr><td>6<\/td><td><img decoding=\"async\" src=\"\/fantamtb\/wp-content\/images\/ger.png\" alt=\"GER\" border=\"0\"> MENDE, Matthias<\/td><td>7&#8217;53&#8221;<\/td><\/tr><tr><td>7<\/td><td><img loading=\"lazy\" decoding=\"async\" style=\"border: 0pt none;\" src=\"\/fantamtb\/wp-content\/images\/slo.png\" alt=\"SLO\" width=\"20\" height=\"13\" border=\"0\"> DRASLER, Rok<\/td><td>8&#8217;22&#8221;<\/td><\/tr><tr><td>8<\/td><td><img loading=\"lazy\" decoding=\"async\" src=\"\/fantamtb\/wp-content\/images\/esp.png\" alt=\"ESP\" width=\"20\" height=\"13\" border=\"0\"> HERMIDA, Jos\u00e8 Ramos<\/td><td>9&#8217;48&#8221;<\/td><\/tr><tr><td>9<\/td><td><img decoding=\"async\" src=\"\/fantamtb\/wp-content\/images\/can.png\" alt=\"CAN\" border=\"0\"> KABUSH, Geoff<\/td><td>11&#8217;53&#8221;<\/td><\/tr><tr><td>10<\/td><td><img loading=\"lazy\" decoding=\"async\" src=\"\/fantamtb\/wp-content\/images\/bel.png\" alt=\"BEL\" width=\"20\" height=\"13\" border=\"0\"> TREVISAN, Patrick<\/td><td>13&#8217;26&#8221;<\/td><\/tr><\/tbody><\/table><figcaption class=\"wp-element-caption\"> <a target=\"_blank\" href=\"https:\/\/www.365mountainbike.it\/fantamtb\/wp-content\/images\/results\/worlds_xc\/1999_u23m.pdf\" rel=\"noopener\">CLASSIFICHE COMPLETE<\/a> <\/figcaption><\/figure>\n\n\n\n<p><\/p>\n\n\n\n<figure class=\"wp-block-table is-style-stripes\"><table class=\"has-black-color has-text-color\"><tbody><tr><td><span style=\"color: #ff0000;\"><strong>JUN M<\/strong><\/span><\/td><\/tr><tr><td><img loading=\"lazy\" decoding=\"async\" src=\"\/fantamtb\/wp-content\/images\/iride.jpg\" alt=\"Campione del Mondo\" width=\"25\" height=\"16\" border=\"0\"><\/td><td><img decoding=\"async\" src=\"\/fantamtb\/wp-content\/images\/fra.png\" alt=\"FRA\" border=\"0\"> <a href=\"index.php?option=com_content&amp;view=article&amp;id=496&amp;catid=31&amp;Itemid=265\">FILIPPI<\/a>, Nicolas<\/td><td><strong>1h45&#8217;55&#8221;<\/strong><\/td><\/tr><tr><td><strong>2<\/strong><\/td><td><img loading=\"lazy\" decoding=\"async\" src=\"\/fantamtb\/wp-content\/images\/esp.png\" alt=\"ESP\" width=\"20\" height=\"13\" border=\"0\"> <a href=\"https:\/\/www.365mountainbike.it\/fantamtb\/storia-mtb\/atleti\/carlos-coloma\/\">COLOMA<\/a>, Carlos<\/td><td><strong>1&#8217;19&#8221;<\/strong><\/td><\/tr><tr><td><strong>3<\/strong><\/td><td><img loading=\"lazy\" decoding=\"async\" src=\"\/fantamtb\/wp-content\/images\/swi.png\" width=\"20\" height=\"13\" alt=\"SWI\" border=\"0\"> <a href=\"https:\/\/www.365mountainbike.it\/fantamtb\/storia-mtb\/atleti\/florian-vogel\/\">VOGEL<\/a>, Florian<\/td><td><strong>1&#8217;56&#8221;<\/strong><\/td><\/tr><tr><td>4<\/td><td><img decoding=\"async\" src=\"\/fantamtb\/wp-content\/images\/ger.png\" alt=\"GER\" border=\"0\"> KAESS, Jochen<\/td><td>3&#8217;46&#8221;<\/td><\/tr><tr><td>5<\/td><td><img loading=\"lazy\" decoding=\"async\" style=\"border: 0pt none;\" src=\"\/fantamtb\/wp-content\/images\/rus.png\" alt=\"RUS\" width=\"20\" height=\"13\" border=\"0\"> GOGOLEV, Maxim<\/td><td>4&#8217;54&#8221;<\/td><\/tr><tr><td>6<\/td><td><img loading=\"lazy\" decoding=\"async\" src=\"\/fantamtb\/wp-content\/images\/usa.png\" alt=\"USA\" width=\"20\" height=\"11\" border=\"0\"> KELLY, Matt<\/td><td>4&#8217;59&#8221;<\/td><\/tr><tr><td>7<\/td><td><img decoding=\"async\" src=\"\/fantamtb\/wp-content\/images\/ger.png\" alt=\"GER\" border=\"0\"> GENZE, Hannes<\/td><td>5&#8217;01&#8221;<\/td><\/tr><tr><td>8<\/td><td><img loading=\"lazy\" decoding=\"async\" style=\"border: 0pt none;\" src=\"\/fantamtb\/wp-content\/images\/gbr.png\" alt=\"GBR\" width=\"20\" height=\"14\" border=\"0\"> PHILLIPS, Richard<\/td><td>7&#8217;15&#8221;<\/td><\/tr><tr><td>9<\/td><td><img loading=\"lazy\" decoding=\"async\" style=\"border: 0pt none;\" src=\"\/fantamtb\/wp-content\/images\/aut.png\" alt=\"AUT\" width=\"20\" height=\"13\" border=\"0\"> WEBER, Markus<\/td><td>7&#8217;31&#8221;<\/td><\/tr><tr><td>10<\/td><td><img loading=\"lazy\" decoding=\"async\" style=\"border: 0pt none;\" src=\"\/fantamtb\/wp-content\/images\/gbr.png\" alt=\"GBR\" width=\"20\" height=\"14\" border=\"0\"> KILLEEN, Liam<\/td><td>8&#8217;21&#8221;<\/td><\/tr><\/tbody><\/table><figcaption class=\"wp-element-caption\"> <a target=\"_blank\" href=\"https:\/\/www.365mountainbike.it\/fantamtb\/wp-content\/images\/results\/worlds_xc\/1999_juniorm.pdf\" rel=\"noopener\">CLASSIFICA COMPLE<\/a><a target=\"_blank\" href=\"https:\/\/www.365mountainbike.it\/fantamtb\/wp-content\/images\/results\/worlds_xc\/1999_junm.pdf\" rel=\"noopener\">TA<\/a> <\/figcaption><\/figure>\n\n\n\n<hr class=\"wp-block-separator has-css-opacity\"\/>\n\n\n\n<h1 class=\"wp-block-heading\" id=\"h-foto\">FOTO<\/h1>\n\n\n\n<figure class=\"wp-block-gallery has-nested-images columns-default is-cropped wp-block-gallery-1 is-layout-flex wp-block-gallery-is-layout-flex\">\n<figure class=\"wp-block-image size-medium\"><a href=\"https:\/\/www.365mountainbike.it\/fantamtb\/wp-content\/uploads\/2011\/05\/margarita-fullana-are-world-1999-mtb.jpg\"><picture><source srcset=\"https:\/\/www.365mountainbike.it\/fantamtb\/wp-content\/uploads\/2011\/05\/margarita-fullana-are-world-1999-mtb-200x300.jpg 200w,https:\/\/www.365mountainbike.it\/fantamtb\/wp-content\/uploads\/2011\/05\/margarita-fullana-are-world-1999-mtb.jpg.webp 533w\" sizes=\"auto, (max-width: 200px) 100vw, 200px\" type=\"image\/webp\"><img src=\"https:\/\/www.365mountainbike.it\/fantamtb\/wp-content\/uploads\/2011\/05\/margarita-fullana-are-world-1999-mtb-200x300.jpg\" height=\"300\" width=\"200\" srcset=\"https:\/\/www.365mountainbike.it\/fantamtb\/wp-content\/uploads\/2011\/05\/margarita-fullana-are-world-1999-mtb-200x300.jpg 200w, https:\/\/www.365mountainbike.it\/fantamtb\/wp-content\/uploads\/2011\/05\/margarita-fullana-are-world-1999-mtb.jpg 533w\" sizes=\"auto, (max-width: 200px) 100vw, 200px\" class=\"wp-image-5295 sp-no-webp\" alt=\"Margarita Fullana Are world 1999 mtb\" loading=\"lazy\" decoding=\"async\" data-id=\"5295\" style=\"aspect-ratio:1\"  > <\/picture><\/a><figcaption class=\"wp-element-caption\">\u00a9Fat Tire Fotos &#8211; Margarita Fullana in action, Are 1999 mtb worlds<\/figcaption><\/figure>\n\n\n\n<figure class=\"wp-block-image size-medium\"><a href=\"https:\/\/www.365mountainbike.it\/fantamtb\/wp-content\/uploads\/2011\/05\/podium-world-championship-1999-are-u23-cross-country.jpg\"><picture><source srcset=\"https:\/\/www.365mountainbike.it\/fantamtb\/wp-content\/uploads\/2011\/05\/podium-world-championship-1999-are-u23-cross-country-280x300.jpg 280w,https:\/\/www.365mountainbike.it\/fantamtb\/wp-content\/uploads\/2011\/05\/podium-world-championship-1999-are-u23-cross-country.jpg.webp 300w\" sizes=\"auto, (max-width: 280px) 100vw, 280px\" type=\"image\/webp\"><img src=\"https:\/\/www.365mountainbike.it\/fantamtb\/wp-content\/uploads\/2011\/05\/podium-world-championship-1999-are-u23-cross-country-280x300.jpg\" height=\"300\" width=\"280\" srcset=\"https:\/\/www.365mountainbike.it\/fantamtb\/wp-content\/uploads\/2011\/05\/podium-world-championship-1999-are-u23-cross-country-280x300.jpg 280w, https:\/\/www.365mountainbike.it\/fantamtb\/wp-content\/uploads\/2011\/05\/podium-world-championship-1999-are-u23-cross-country.jpg 300w\" sizes=\"auto, (max-width: 280px) 100vw, 280px\" class=\"wp-image-5296 sp-no-webp\" alt=\"Evans-Bui-Fruet Podio mondiali u23 1999\" loading=\"lazy\" decoding=\"async\" data-id=\"5296\" style=\"aspect-ratio:1\"  > <\/picture><\/a><figcaption class=\"wp-element-caption\">Evans-Bui-Fruet Podio mondiali u23 1999<\/figcaption><\/figure>\n\n\n\n<figure class=\"wp-block-image size-medium\"><a href=\"https:\/\/www.365mountainbike.it\/fantamtb\/wp-content\/uploads\/2024\/01\/\u00a9Fat-Tire-Fotos-Rasmussen-in-action-Are-1999-mtb-worlds.jpg\"><picture><source srcset=\"https:\/\/www.365mountainbike.it\/fantamtb\/wp-content\/uploads\/2024\/01\/\u00a9Fat-Tire-Fotos-Rasmussen-in-action-Are-1999-mtb-worlds-300x206.jpg 300w, https:\/\/www.365mountainbike.it\/fantamtb\/wp-content\/uploads\/2024\/01\/\u00a9Fat-Tire-Fotos-Rasmussen-in-action-Are-1999-mtb-worlds-768x527.jpg 768w,https:\/\/www.365mountainbike.it\/fantamtb\/wp-content\/uploads\/2024\/01\/\u00a9Fat-Tire-Fotos-Rasmussen-in-action-Are-1999-mtb-worlds.jpg.webp 800w\" sizes=\"auto, (max-width: 300px) 100vw, 300px\" type=\"image\/webp\"><img src=\"https:\/\/www.365mountainbike.it\/fantamtb\/wp-content\/uploads\/2024\/01\/\u00a9Fat-Tire-Fotos-Rasmussen-in-action-Are-1999-mtb-worlds-300x206.jpg\" height=\"206\" width=\"300\" srcset=\"https:\/\/www.365mountainbike.it\/fantamtb\/wp-content\/uploads\/2024\/01\/\u00a9Fat-Tire-Fotos-Rasmussen-in-action-Are-1999-mtb-worlds-300x206.jpg 300w, https:\/\/www.365mountainbike.it\/fantamtb\/wp-content\/uploads\/2024\/01\/\u00a9Fat-Tire-Fotos-Rasmussen-in-action-Are-1999-mtb-worlds-768x527.jpg 768w, https:\/\/www.365mountainbike.it\/fantamtb\/wp-content\/uploads\/2024\/01\/\u00a9Fat-Tire-Fotos-Rasmussen-in-action-Are-1999-mtb-worlds.jpg 800w\" sizes=\"auto, (max-width: 300px) 100vw, 300px\" class=\"wp-image-22352 sp-no-webp\" alt=\"\u00a9Fat Tire Fotos - Rasmussen in action, Are 1999 mtb worlds\" loading=\"lazy\" decoding=\"async\" data-id=\"22352\" style=\"aspect-ratio:1\"  > <\/picture><\/a><figcaption class=\"wp-element-caption\">\u00a9Fat Tire Fotos &#8211; Rasmussen in action, Are 1999 mtb worlds<\/figcaption><\/figure>\n<\/figure>\n\n\n\n<h2 class=\"wp-block-heading has-text-align-center has-white-color has-pale-cyan-blue-background-color has-text-color has-background\" id=\"h-compra-foto-www-fattirefotos-com\"> COMPRA FOTO -&gt; <a href=\"https:\/\/www.fattirefotos.com\" target=\"_blank\" rel=\"noreferrer noopener\">www.fattirefotos.com<\/a> <\/h2>\n\n\n\n<hr class=\"wp-block-separator has-css-opacity\"\/>\n\n\n\n<h1 class=\"wp-block-heading\" id=\"h-video\">VIDEO<\/h1>\n\n\n\n<figure class=\"wp-block-embed is-type-rich is-provider-handler-delloggetto-incorporato wp-block-embed-handler-delloggetto-incorporato wp-embed-aspect-4-3 wp-has-aspect-ratio\"><div class=\"wp-block-embed__wrapper\">\n<iframe loading=\"lazy\" title=\"Championnat du Monde VTT 1999 Michael Rasmussen , Miguel Martinez 2em\" width=\"740\" height=\"555\" src=\"https:\/\/www.youtube.com\/embed\/tcGov20glag?feature=oembed\" frameborder=\"0\" allow=\"accelerometer; autoplay; clipboard-write; encrypted-media; gyroscope; picture-in-picture; web-share\" referrerpolicy=\"strict-origin-when-cross-origin\" allowfullscreen><\/iframe>\n<\/div><\/figure>\n\n\n\n<p><\/p>\n","protected":false,"gt_translate_keys":[{"key":"rendered","format":"html"}]},"excerpt":{"rendered":"<p>In Svezia, precisamente ad Are (11\/19 Settembre 1999), si sono svolti i mondiali 1999. Presenti 11.000 spettatori paganti, un risultato straordinario. Michael Rasmussen (DEN) vince il suo 1\u00b0 mondiale in MTB che lo proietta tra i corridori pi\u00f9 forti del circus. Dopo questo risultato lo noter\u00e0 Bjarne Riis che lo far\u00e0 passare nel 2002 alla [&hellip;]<\/p>\n","protected":false,"gt_translate_keys":[{"key":"rendered","format":"html"}]},"author":1,"featured_media":5301,"comment_status":"closed","ping_status":"open","sticky":false,"template":"","format":"standard","meta":{"footnotes":""},"categories":[1257],"tags":[87,189,208,104,209,105,11,210,108,42,68,211,109,18,212,81,200],"class_list":["post-2471","post","type-post","status-publish","format-standard","has-post-thumbnail","hentry","category-cross-country-xco","tag-alison-sydor","tag-anna-szafraniec","tag-are","tag-cadel-evans","tag-carlos-coloma","tag-filip-meirhaeghe","tag-florian-vogel","tag-lea-fluckiger","tag-marco-bui","tag-margarita-fullana","tag-martino-fruet","tag-michael-rasmussen","tag-miguel-martinez","tag-mondiali","tag-nicolas-filippi","tag-paola-pezzo","tag-sonja-traxel"],"yoast_head":"<!-- This site is optimized with the Yoast SEO plugin v27.5 - https:\/\/yoast.com\/product\/yoast-seo-wordpress\/ -->\n<title>Classifiche Campionati Mondiali MTB XC 1999, \u00c5re (SVEZIA) | FANTAmtb<\/title>\n<meta name=\"robots\" content=\"index, follow, max-snippet:-1, max-image-preview:large, max-video-preview:-1\" \/>\n<link rel=\"canonical\" href=\"https:\/\/www.365mountainbike.it\/fantamtb\/storia-mtb\/cross-country-xco\/campionato-del-mondo-cross-country-1999\/\" \/>\n<meta property=\"og:locale\" content=\"it_IT\" \/>\n<meta property=\"og:type\" content=\"article\" \/>\n<meta property=\"og:title\" content=\"Classifiche Campionati Mondiali MTB XC 1999, \u00c5re (SVEZIA) | FANTAmtb\" \/>\n<meta property=\"og:description\" content=\"In Svezia, precisamente ad Are (11\/19 Settembre 1999), si sono svolti i mondiali 1999. Presenti 11.000 spettatori paganti, un risultato straordinario. Michael Rasmussen (DEN) vince il suo 1\u00b0 mondiale in MTB che lo proietta tra i corridori pi\u00f9 forti del circus. Dopo questo risultato lo noter\u00e0 Bjarne Riis che lo far\u00e0 passare nel 2002 alla [&hellip;]\" \/>\n<meta property=\"og:url\" content=\"https:\/\/www.365mountainbike.it\/fantamtb\/storia-mtb\/cross-country-xco\/campionato-del-mondo-cross-country-1999\/\" \/>\n<meta property=\"og:site_name\" content=\"FANTAmtb\" \/>\n<meta property=\"article:published_time\" content=\"2011-05-16T13:01:24+00:00\" \/>\n<meta property=\"article:modified_time\" content=\"2026-02-05T16:43:59+00:00\" \/>\n<meta property=\"og:image\" content=\"https:\/\/www.365mountainbike.it\/fantamtb\/wp-content\/uploads\/2011\/05\/podium-world-championship-1999-are-mtb-women-cross-country.jpg\" \/>\n\t<meta property=\"og:image:width\" content=\"800\" \/>\n\t<meta property=\"og:image:height\" content=\"541\" \/>\n\t<meta property=\"og:image:type\" content=\"image\/jpeg\" \/>\n<meta name=\"author\" content=\"FANTAmtb\" \/>\n<meta name=\"twitter:card\" content=\"summary_large_image\" \/>\n<meta name=\"twitter:label1\" content=\"Scritto da\" \/>\n\t<meta name=\"twitter:data1\" content=\"FANTAmtb\" \/>\n\t<meta name=\"twitter:label2\" content=\"Tempo di lettura stimato\" \/>\n\t<meta name=\"twitter:data2\" content=\"22 minuti\" \/>\n<script type=\"application\/ld+json\" class=\"yoast-schema-graph\">{\"@context\":\"https:\\\/\\\/schema.org\",\"@graph\":[{\"@type\":\"Article\",\"@id\":\"https:\\\/\\\/www.365mountainbike.it\\\/fantamtb\\\/storia-mtb\\\/cross-country-xco\\\/campionato-del-mondo-cross-country-1999\\\/#article\",\"isPartOf\":{\"@id\":\"https:\\\/\\\/www.365mountainbike.it\\\/fantamtb\\\/storia-mtb\\\/cross-country-xco\\\/campionato-del-mondo-cross-country-1999\\\/\"},\"author\":{\"name\":\"FANTAmtb\",\"@id\":\"https:\\\/\\\/www.365mountainbike.it\\\/fantamtb\\\/#\\\/schema\\\/person\\\/7b4a30b446207c8d00024d9717c3b63b\"},\"headline\":\"Campionati Mondiali MTB XC 1999, \u00c5re (SVEZIA)\",\"datePublished\":\"2011-05-16T13:01:24+00:00\",\"dateModified\":\"2026-02-05T16:43:59+00:00\",\"mainEntityOfPage\":{\"@id\":\"https:\\\/\\\/www.365mountainbike.it\\\/fantamtb\\\/storia-mtb\\\/cross-country-xco\\\/campionato-del-mondo-cross-country-1999\\\/\"},\"wordCount\":422,\"image\":{\"@id\":\"https:\\\/\\\/www.365mountainbike.it\\\/fantamtb\\\/storia-mtb\\\/cross-country-xco\\\/campionato-del-mondo-cross-country-1999\\\/#primaryimage\"},\"thumbnailUrl\":\"https:\\\/\\\/www.365mountainbike.it\\\/fantamtb\\\/wp-content\\\/uploads\\\/2011\\\/05\\\/podium-world-championship-1999-are-mtb-women-cross-country.jpg\",\"keywords\":[\"Alison Sydor\",\"Anna Szafraniec\",\"Are\",\"Cadel Evans\",\"Carlos Coloma\",\"Filip Meirhaeghe\",\"Florian Vogel\",\"Lea Fluckiger\",\"Marco Bui\",\"Margarita Fullana\",\"Martino Fruet\",\"Michael Rasmussen\",\"Miguel Martinez\",\"Mondiali\",\"Nicolas Filippi\",\"Paola Pezzo\",\"Sonja Traxel\"],\"articleSection\":[\"Cross Country XCO\"],\"inLanguage\":\"it-IT\"},{\"@type\":\"WebPage\",\"@id\":\"https:\\\/\\\/www.365mountainbike.it\\\/fantamtb\\\/storia-mtb\\\/cross-country-xco\\\/campionato-del-mondo-cross-country-1999\\\/\",\"url\":\"https:\\\/\\\/www.365mountainbike.it\\\/fantamtb\\\/storia-mtb\\\/cross-country-xco\\\/campionato-del-mondo-cross-country-1999\\\/\",\"name\":\"Classifiche Campionati Mondiali MTB XC 1999, \u00c5re (SVEZIA) | FANTAmtb\",\"isPartOf\":{\"@id\":\"https:\\\/\\\/www.365mountainbike.it\\\/fantamtb\\\/#website\"},\"primaryImageOfPage\":{\"@id\":\"https:\\\/\\\/www.365mountainbike.it\\\/fantamtb\\\/storia-mtb\\\/cross-country-xco\\\/campionato-del-mondo-cross-country-1999\\\/#primaryimage\"},\"image\":{\"@id\":\"https:\\\/\\\/www.365mountainbike.it\\\/fantamtb\\\/storia-mtb\\\/cross-country-xco\\\/campionato-del-mondo-cross-country-1999\\\/#primaryimage\"},\"thumbnailUrl\":\"https:\\\/\\\/www.365mountainbike.it\\\/fantamtb\\\/wp-content\\\/uploads\\\/2011\\\/05\\\/podium-world-championship-1999-are-mtb-women-cross-country.jpg\",\"datePublished\":\"2011-05-16T13:01:24+00:00\",\"dateModified\":\"2026-02-05T16:43:59+00:00\",\"author\":{\"@id\":\"https:\\\/\\\/www.365mountainbike.it\\\/fantamtb\\\/#\\\/schema\\\/person\\\/7b4a30b446207c8d00024d9717c3b63b\"},\"breadcrumb\":{\"@id\":\"https:\\\/\\\/www.365mountainbike.it\\\/fantamtb\\\/storia-mtb\\\/cross-country-xco\\\/campionato-del-mondo-cross-country-1999\\\/#breadcrumb\"},\"inLanguage\":\"it-IT\",\"potentialAction\":[{\"@type\":\"ReadAction\",\"target\":[\"https:\\\/\\\/www.365mountainbike.it\\\/fantamtb\\\/storia-mtb\\\/cross-country-xco\\\/campionato-del-mondo-cross-country-1999\\\/\"]}]},{\"@type\":\"ImageObject\",\"inLanguage\":\"it-IT\",\"@id\":\"https:\\\/\\\/www.365mountainbike.it\\\/fantamtb\\\/storia-mtb\\\/cross-country-xco\\\/campionato-del-mondo-cross-country-1999\\\/#primaryimage\",\"url\":\"https:\\\/\\\/www.365mountainbike.it\\\/fantamtb\\\/wp-content\\\/uploads\\\/2011\\\/05\\\/podium-world-championship-1999-are-mtb-women-cross-country.jpg\",\"contentUrl\":\"https:\\\/\\\/www.365mountainbike.it\\\/fantamtb\\\/wp-content\\\/uploads\\\/2011\\\/05\\\/podium-world-championship-1999-are-mtb-women-cross-country.jpg\",\"width\":800,\"height\":541,\"caption\":\"\u00a9Fat Tire Fotos - Fullana,Sydor,Pezzo podio mondiali 1999 mtb women\"},{\"@type\":\"BreadcrumbList\",\"@id\":\"https:\\\/\\\/www.365mountainbike.it\\\/fantamtb\\\/storia-mtb\\\/cross-country-xco\\\/campionato-del-mondo-cross-country-1999\\\/#breadcrumb\",\"itemListElement\":[{\"@type\":\"ListItem\",\"position\":1,\"name\":\"Home\",\"item\":\"https:\\\/\\\/www.365mountainbike.it\\\/fantamtb\\\/\"},{\"@type\":\"ListItem\",\"position\":2,\"name\":\"Storia MTB\",\"item\":\"https:\\\/\\\/www.365mountainbike.it\\\/fantamtb\\\/storia-mtb\\\/\"},{\"@type\":\"ListItem\",\"position\":3,\"name\":\"XCO Cross Country\",\"item\":\"https:\\\/\\\/www.365mountainbike.it\\\/fantamtb\\\/storia-mtb\\\/cross-country-xco\\\/\"},{\"@type\":\"ListItem\",\"position\":4,\"name\":\"Campionati Mondiali MTB XC 1999, \u00c5re (SVEZIA)\"}]},{\"@type\":\"WebSite\",\"@id\":\"https:\\\/\\\/www.365mountainbike.it\\\/fantamtb\\\/#website\",\"url\":\"https:\\\/\\\/www.365mountainbike.it\\\/fantamtb\\\/\",\"name\":\"FANTAmtb\",\"description\":\"Il FANTAciclismo della Mountain Bike (FANTAcycling)\",\"potentialAction\":[{\"@type\":\"SearchAction\",\"target\":{\"@type\":\"EntryPoint\",\"urlTemplate\":\"https:\\\/\\\/www.365mountainbike.it\\\/fantamtb\\\/?s={search_term_string}\"},\"query-input\":{\"@type\":\"PropertyValueSpecification\",\"valueRequired\":true,\"valueName\":\"search_term_string\"}}],\"inLanguage\":\"it-IT\"},{\"@type\":\"Person\",\"@id\":\"https:\\\/\\\/www.365mountainbike.it\\\/fantamtb\\\/#\\\/schema\\\/person\\\/7b4a30b446207c8d00024d9717c3b63b\",\"name\":\"FANTAmtb\",\"image\":{\"@type\":\"ImageObject\",\"inLanguage\":\"it-IT\",\"@id\":\"\\\/\\\/www.365mountainbike.it\\\/fantamtb\\\/wp-content\\\/uploads\\\/wpforo\\\/avatars\\\/davide_1.png\",\"url\":\"\\\/\\\/www.365mountainbike.it\\\/fantamtb\\\/wp-content\\\/uploads\\\/wpforo\\\/avatars\\\/davide_1.png\",\"contentUrl\":\"\\\/\\\/www.365mountainbike.it\\\/fantamtb\\\/wp-content\\\/uploads\\\/wpforo\\\/avatars\\\/davide_1.png\",\"caption\":\"FANTAmtb\"},\"sameAs\":[\"https:\\\/\\\/www.365mountainbike.it\\\/fantamtb\"],\"url\":\"https:\\\/\\\/www.365mountainbike.it\\\/fantamtb\\\/author\\\/davide\\\/\"}]}<\/script>\n<!-- \/ Yoast SEO plugin. -->","yoast_head_json":{"title":"Classifiche Campionati Mondiali MTB XC 1999, \u00c5re (SVEZIA) | FANTAmtb","robots":{"index":"index","follow":"follow","max-snippet":"max-snippet:-1","max-image-preview":"max-image-preview:large","max-video-preview":"max-video-preview:-1"},"canonical":"https:\/\/www.365mountainbike.it\/fantamtb\/storia-mtb\/cross-country-xco\/campionato-del-mondo-cross-country-1999\/","og_locale":"it_IT","og_type":"article","og_title":"Classifiche Campionati Mondiali MTB XC 1999, \u00c5re (SVEZIA) | FANTAmtb","og_description":"In Svezia, precisamente ad Are (11\/19 Settembre 1999), si sono svolti i mondiali 1999. Presenti 11.000 spettatori paganti, un risultato straordinario. Michael Rasmussen (DEN) vince il suo 1\u00b0 mondiale in MTB che lo proietta tra i corridori pi\u00f9 forti del circus. Dopo questo risultato lo noter\u00e0 Bjarne Riis che lo far\u00e0 passare nel 2002 alla [&hellip;]","og_url":"https:\/\/www.365mountainbike.it\/fantamtb\/storia-mtb\/cross-country-xco\/campionato-del-mondo-cross-country-1999\/","og_site_name":"FANTAmtb","article_published_time":"2011-05-16T13:01:24+00:00","article_modified_time":"2026-02-05T16:43:59+00:00","og_image":[{"width":800,"height":541,"url":"https:\/\/www.365mountainbike.it\/fantamtb\/wp-content\/uploads\/2011\/05\/podium-world-championship-1999-are-mtb-women-cross-country.jpg","type":"image\/jpeg"}],"author":"FANTAmtb","twitter_card":"summary_large_image","twitter_misc":{"Scritto da":"FANTAmtb","Tempo di lettura stimato":"22 minuti"},"schema":{"@context":"https:\/\/schema.org","@graph":[{"@type":"Article","@id":"https:\/\/www.365mountainbike.it\/fantamtb\/storia-mtb\/cross-country-xco\/campionato-del-mondo-cross-country-1999\/#article","isPartOf":{"@id":"https:\/\/www.365mountainbike.it\/fantamtb\/storia-mtb\/cross-country-xco\/campionato-del-mondo-cross-country-1999\/"},"author":{"name":"FANTAmtb","@id":"https:\/\/www.365mountainbike.it\/fantamtb\/#\/schema\/person\/7b4a30b446207c8d00024d9717c3b63b"},"headline":"Campionati Mondiali MTB XC 1999, \u00c5re (SVEZIA)","datePublished":"2011-05-16T13:01:24+00:00","dateModified":"2026-02-05T16:43:59+00:00","mainEntityOfPage":{"@id":"https:\/\/www.365mountainbike.it\/fantamtb\/storia-mtb\/cross-country-xco\/campionato-del-mondo-cross-country-1999\/"},"wordCount":422,"image":{"@id":"https:\/\/www.365mountainbike.it\/fantamtb\/storia-mtb\/cross-country-xco\/campionato-del-mondo-cross-country-1999\/#primaryimage"},"thumbnailUrl":"https:\/\/www.365mountainbike.it\/fantamtb\/wp-content\/uploads\/2011\/05\/podium-world-championship-1999-are-mtb-women-cross-country.jpg","keywords":["Alison Sydor","Anna Szafraniec","Are","Cadel Evans","Carlos Coloma","Filip Meirhaeghe","Florian Vogel","Lea Fluckiger","Marco Bui","Margarita Fullana","Martino Fruet","Michael Rasmussen","Miguel Martinez","Mondiali","Nicolas Filippi","Paola Pezzo","Sonja Traxel"],"articleSection":["Cross Country XCO"],"inLanguage":"it-IT"},{"@type":"WebPage","@id":"https:\/\/www.365mountainbike.it\/fantamtb\/storia-mtb\/cross-country-xco\/campionato-del-mondo-cross-country-1999\/","url":"https:\/\/www.365mountainbike.it\/fantamtb\/storia-mtb\/cross-country-xco\/campionato-del-mondo-cross-country-1999\/","name":"Classifiche Campionati Mondiali MTB XC 1999, \u00c5re (SVEZIA) | FANTAmtb","isPartOf":{"@id":"https:\/\/www.365mountainbike.it\/fantamtb\/#website"},"primaryImageOfPage":{"@id":"https:\/\/www.365mountainbike.it\/fantamtb\/storia-mtb\/cross-country-xco\/campionato-del-mondo-cross-country-1999\/#primaryimage"},"image":{"@id":"https:\/\/www.365mountainbike.it\/fantamtb\/storia-mtb\/cross-country-xco\/campionato-del-mondo-cross-country-1999\/#primaryimage"},"thumbnailUrl":"https:\/\/www.365mountainbike.it\/fantamtb\/wp-content\/uploads\/2011\/05\/podium-world-championship-1999-are-mtb-women-cross-country.jpg","datePublished":"2011-05-16T13:01:24+00:00","dateModified":"2026-02-05T16:43:59+00:00","author":{"@id":"https:\/\/www.365mountainbike.it\/fantamtb\/#\/schema\/person\/7b4a30b446207c8d00024d9717c3b63b"},"breadcrumb":{"@id":"https:\/\/www.365mountainbike.it\/fantamtb\/storia-mtb\/cross-country-xco\/campionato-del-mondo-cross-country-1999\/#breadcrumb"},"inLanguage":"it-IT","potentialAction":[{"@type":"ReadAction","target":["https:\/\/www.365mountainbike.it\/fantamtb\/storia-mtb\/cross-country-xco\/campionato-del-mondo-cross-country-1999\/"]}]},{"@type":"ImageObject","inLanguage":"it-IT","@id":"https:\/\/www.365mountainbike.it\/fantamtb\/storia-mtb\/cross-country-xco\/campionato-del-mondo-cross-country-1999\/#primaryimage","url":"https:\/\/www.365mountainbike.it\/fantamtb\/wp-content\/uploads\/2011\/05\/podium-world-championship-1999-are-mtb-women-cross-country.jpg","contentUrl":"https:\/\/www.365mountainbike.it\/fantamtb\/wp-content\/uploads\/2011\/05\/podium-world-championship-1999-are-mtb-women-cross-country.jpg","width":800,"height":541,"caption":"\u00a9Fat Tire Fotos - Fullana,Sydor,Pezzo podio mondiali 1999 mtb women"},{"@type":"BreadcrumbList","@id":"https:\/\/www.365mountainbike.it\/fantamtb\/storia-mtb\/cross-country-xco\/campionato-del-mondo-cross-country-1999\/#breadcrumb","itemListElement":[{"@type":"ListItem","position":1,"name":"Home","item":"https:\/\/www.365mountainbike.it\/fantamtb\/"},{"@type":"ListItem","position":2,"name":"Storia MTB","item":"https:\/\/www.365mountainbike.it\/fantamtb\/storia-mtb\/"},{"@type":"ListItem","position":3,"name":"XCO Cross Country","item":"https:\/\/www.365mountainbike.it\/fantamtb\/storia-mtb\/cross-country-xco\/"},{"@type":"ListItem","position":4,"name":"Campionati Mondiali MTB XC 1999, \u00c5re (SVEZIA)"}]},{"@type":"WebSite","@id":"https:\/\/www.365mountainbike.it\/fantamtb\/#website","url":"https:\/\/www.365mountainbike.it\/fantamtb\/","name":"FANTAmtb","description":"Il FANTAciclismo della Mountain Bike (FANTAcycling)","potentialAction":[{"@type":"SearchAction","target":{"@type":"EntryPoint","urlTemplate":"https:\/\/www.365mountainbike.it\/fantamtb\/?s={search_term_string}"},"query-input":{"@type":"PropertyValueSpecification","valueRequired":true,"valueName":"search_term_string"}}],"inLanguage":"it-IT"},{"@type":"Person","@id":"https:\/\/www.365mountainbike.it\/fantamtb\/#\/schema\/person\/7b4a30b446207c8d00024d9717c3b63b","name":"FANTAmtb","image":{"@type":"ImageObject","inLanguage":"it-IT","@id":"\/\/www.365mountainbike.it\/fantamtb\/wp-content\/uploads\/wpforo\/avatars\/davide_1.png","url":"\/\/www.365mountainbike.it\/fantamtb\/wp-content\/uploads\/wpforo\/avatars\/davide_1.png","contentUrl":"\/\/www.365mountainbike.it\/fantamtb\/wp-content\/uploads\/wpforo\/avatars\/davide_1.png","caption":"FANTAmtb"},"sameAs":["https:\/\/www.365mountainbike.it\/fantamtb"],"url":"https:\/\/www.365mountainbike.it\/fantamtb\/author\/davide\/"}]}},"gt_translate_keys":[{"key":"link","format":"url"}],"_links":{"self":[{"href":"https:\/\/www.365mountainbike.it\/fantamtb\/wp-json\/wp\/v2\/posts\/2471","targetHints":{"allow":["GET"]}}],"collection":[{"href":"https:\/\/www.365mountainbike.it\/fantamtb\/wp-json\/wp\/v2\/posts"}],"about":[{"href":"https:\/\/www.365mountainbike.it\/fantamtb\/wp-json\/wp\/v2\/types\/post"}],"author":[{"embeddable":true,"href":"https:\/\/www.365mountainbike.it\/fantamtb\/wp-json\/wp\/v2\/users\/1"}],"replies":[{"embeddable":true,"href":"https:\/\/www.365mountainbike.it\/fantamtb\/wp-json\/wp\/v2\/comments?post=2471"}],"version-history":[{"count":6,"href":"https:\/\/www.365mountainbike.it\/fantamtb\/wp-json\/wp\/v2\/posts\/2471\/revisions"}],"predecessor-version":[{"id":25515,"href":"https:\/\/www.365mountainbike.it\/fantamtb\/wp-json\/wp\/v2\/posts\/2471\/revisions\/25515"}],"wp:featuredmedia":[{"embeddable":true,"href":"https:\/\/www.365mountainbike.it\/fantamtb\/wp-json\/wp\/v2\/media\/5301"}],"wp:attachment":[{"href":"https:\/\/www.365mountainbike.it\/fantamtb\/wp-json\/wp\/v2\/media?parent=2471"}],"wp:term":[{"taxonomy":"category","embeddable":true,"href":"https:\/\/www.365mountainbike.it\/fantamtb\/wp-json\/wp\/v2\/categories?post=2471"},{"taxonomy":"post_tag","embeddable":true,"href":"https:\/\/www.365mountainbike.it\/fantamtb\/wp-json\/wp\/v2\/tags?post=2471"}],"curies":[{"name":"wp","href":"https:\/\/api.w.org\/{rel}","templated":true}]}}