{"id":2469,"date":"2011-05-16T11:50:08","date_gmt":"2011-05-16T09:50:08","guid":{"rendered":"\/database\/gare-cross-country\/campionato-del-mondo-cross-country-2000\/"},"modified":"2026-02-05T15:50:59","modified_gmt":"2026-02-05T15:50:59","slug":"campionato-del-mondo-cross-country-2000","status":"publish","type":"post","link":"https:\/\/www.365mountainbike.it\/fantamtb\/storia-mtb\/cross-country-xco\/campionato-del-mondo-cross-country-2000\/","title":{"rendered":"Campionati Mondiali MTB XC 2000, Sierra Nevada (SPAGNA)","gt_translate_keys":[{"key":"rendered","format":"text"}]},"content":{"rendered":"\n<p>3\/11 Giugno: rassegna iridata a Sierra Nevada. <strong>Miguel Martinez<\/strong> (FRA, Full Dynamix) si presenta come il grande favorito per le prossime olimpiadi che si svolgeranno in Australia, precisamente a Sydney il prossimo 24 Settembre. Mini mig riesce ad infliggere ben 2&#8217;52&#8221; al secondo arrivato, <strong>Roland Green<\/strong> (CAN), mentre al 3\u00b0 posto si piazza il campione olimpico uscente <strong>Bart Brentjens<\/strong> (NED).<\/p>\n\n\n\n<p><strong>Margarita Fullana<\/strong> (ESP) non ha rivali in questo campionato del mondo dando oltre 3 minuti alla seconda arrivata <strong>Alison Sydor <\/strong>(CAN) e oltre 4 alla campionessa olimpica uscente <strong>Paola Pezzo<\/strong> (ITA). Fullana bissa il successo mondiale dell&#8217;anno precedente e si presenta cos\u00ec in ottima forma per le olimpiadi di Sydney che si svolger\u00e0 tra circa 2 mesi mesi. Piccola curiosit\u00e0, il podio femminile dei campionati mondiali 2000 \u00e8 risultato uguale a quello dell&#8217;anno precedente in Svezia!<\/p>\n\n\n\n<p><\/p>\n\n\n\n<figure class=\"wp-block-table is-style-stripes\"><table class=\"has-black-color has-text-color\"><tbody><tr><td><span style=\"color: #ff0000;\"><strong>EL M<\/strong><\/span><\/td><\/tr><tr><td><img loading=\"lazy\" decoding=\"async\" src=\"\/fantamtb\/wp-content\/images\/iride.jpg\" alt=\"Campione del Mondo\" width=\"25\" height=\"16\" border=\"0\"><\/td><td><img decoding=\"async\" border=\"0\" style=\"border: 0pt none;\" src=\"\/fantamtb\/wp-content\/images\/fra.png\" alt=\"FRA\"> <a href=\"https:\/\/www.365mountainbike.it\/fantamtb\/storia-mtb\/atleti\/miguel-martinez\/\">MARTINEZ Miguel<\/a><\/td><td><strong>2h17&#8217;38&#8221;<\/strong><\/td><\/tr><tr><td><strong>2<\/strong><\/td><td><img decoding=\"async\" border=\"0\" style=\"border: 0pt none;\" src=\"\/fantamtb\/wp-content\/images\/can.png\" alt=\"CAN\"> <a href=\"https:\/\/www.365mountainbike.it\/fantamtb\/storia-mtb\/atleti\/roland-green\/\">GREEN Roland<\/a><\/td><td><strong>2&#8217;52&#8221;<\/strong><\/td><\/tr><tr><td><strong>3<\/strong><\/td><td><img loading=\"lazy\" decoding=\"async\" width=\"20\" height=\"14\" border=\"0\" style=\"border: 0pt none;\" src=\"\/fantamtb\/wp-content\/images\/hol.png\" alt=\"HOL\"> <a href=\"https:\/\/www.365mountainbike.it\/fantamtb\/storia-mtb\/atleti\/bart-brentjens\/\">BRENTJENS Bart<\/a><\/td><td><strong>4&#8217;51&#8221;<\/strong><\/td><\/tr><tr><td>4<\/td><td><strong><img loading=\"lazy\" decoding=\"async\" width=\"20\" height=\"13\" border=\"0\" style=\"border: 0pt none;\" src=\"\/fantamtb\/wp-content\/images\/esp.png\" alt=\"ESP\"> <\/strong>MARQUEZ Jose<\/td><td>6&#8217;14&#8221;<\/td><\/tr><tr><td>5<\/td><td><img decoding=\"async\" border=\"0\" style=\"border: 0pt none;\" src=\"\/fantamtb\/wp-content\/images\/fra.png\" alt=\"FRA\"> DUBAU Ludovic<\/td><td>6&#8217;20&#8221;<\/td><\/tr><tr><td>6<\/td><td><img loading=\"lazy\" decoding=\"async\" width=\"20\" height=\"14\" border=\"0\" style=\"border: 0pt none;\" src=\"\/fantamtb\/wp-content\/images\/hol.png\" alt=\"HOL\"> TOLHOEK Patrick<\/td><td>6&#8217;37&#8221;<\/td><\/tr><tr><td>7<\/td><td><img decoding=\"async\" border=\"0\" style=\"border: 0pt none;\" src=\"\/fantamtb\/wp-content\/images\/fra.png\" alt=\"FRA\"> VOLLET Gregory<\/td><td>7&#8217;41&#8221;<\/td><\/tr><tr><td>8<\/td><td><strong><img decoding=\"async\" border=\"0\" style=\"border: 0pt none;\" src=\"\/fantamtb\/wp-content\/images\/ita.png\" alt=\"ITA\"> <\/strong>PALLHUBER Hubert<\/td><td>7&#8217;56&#8221;<\/td><\/tr><tr><td>9<\/td><td><img loading=\"lazy\" decoding=\"async\" width=\"20\" height=\"13\" border=\"0\" style=\"border: 0pt none;\" src=\"\/fantamtb\/wp-content\/images\/bel.png\" alt=\"BEL\"> MEIRHAEGHE Filip<\/td><td>8&#8217;26&#8221;<\/td><\/tr><tr><td>10<\/td><td><img loading=\"lazy\" decoding=\"async\" width=\"20\" height=\"15\" border=\"0\" style=\"border: 0pt none;\" src=\"\/fantamtb\/wp-content\/images\/nor.png\" alt=\"NOR\"> LARSEN Tom<\/td><td>8&#8217;45&#8221;<\/td><\/tr><tr><td>11<\/td><td><strong><img decoding=\"async\" border=\"0\" style=\"border: 0pt none;\" src=\"\/fantamtb\/wp-content\/images\/ita.png\" alt=\"ITA\"> <\/strong>BRAMATI Luca<\/td><td>9&#8217;27&#8221;<\/td><\/tr><tr><td>12<\/td><td><img loading=\"lazy\" decoding=\"async\" width=\"20\" height=\"12\" border=\"0\" style=\"border: 0pt none;\" src=\"\/fantamtb\/wp-content\/images\/ger.png\" alt=\"GER\"> FUMIC Lado<\/td><td>9&#8217;45&#8221;<\/td><\/tr><tr><td>13<\/td><td><img loading=\"lazy\" decoding=\"async\" width=\"20\" height=\"14\" border=\"0\" style=\"border: 0pt none;\" src=\"\/fantamtb\/wp-content\/images\/aus.png\" alt=\"AUS\"> EVANS Cadel<\/td><td>10&#8217;14&#8221;<\/td><\/tr><tr><td>14<\/td><td><img loading=\"lazy\" decoding=\"async\" border=\"0\" style=\"border: 0pt none;\" src=\"\/fantamtb\/wp-content\/images\/swi.png\" width=\"20\" height=\"13\" alt=\"SWI\"> FRISCHKNECHT Thomas<\/td><td>10&#8217;44&#8221;<\/td><\/tr><tr><td>15<\/td><td><strong><img decoding=\"async\" border=\"0\" style=\"border: 0pt none;\" src=\"\/fantamtb\/wp-content\/images\/ita.png\" alt=\"ITA\"> <\/strong>CIONI Dario<\/td><td>10&#8217;50&#8221;<\/td><\/tr><tr><td>16<\/td><td><img decoding=\"async\" border=\"0\" style=\"border: 0pt none;\" src=\"\/fantamtb\/wp-content\/images\/rus.png\" alt=\"RUS\"> TCHERKASSOV Pavel<\/td><td>11&#8217;03&#8221;<\/td><\/tr><tr><td>17<\/td><td><img loading=\"lazy\" decoding=\"async\" width=\"20\" height=\"11\" border=\"0\" style=\"border: 0pt none;\" src=\"\/fantamtb\/wp-content\/images\/usa.png\" alt=\"USA\"> RANDOLPH Greg<\/td><td>11&#8217;15&#8221;<\/td><\/tr><tr><td>18<\/td><td><img loading=\"lazy\" decoding=\"async\" width=\"20\" height=\"14\" border=\"0\" style=\"border: 0pt none;\" src=\"\/fantamtb\/wp-content\/images\/aus.png\" alt=\"AUS\"> WOODS Rob<\/td><td>11&#8217;37&#8221;<\/td><\/tr><tr><td>19<\/td><td><img loading=\"lazy\" decoding=\"async\" width=\"20\" height=\"12\" border=\"0\" style=\"border: 0pt none;\" src=\"\/fantamtb\/wp-content\/images\/ger.png\" alt=\"GER\"> HANISCH Marc<\/td><td>12&#8217;05&#8221;<\/td><\/tr><tr><td>20<\/td><td><img decoding=\"async\" border=\"0\" style=\"border: 0pt none;\" src=\"\/fantamtb\/wp-content\/images\/can.png\" alt=\"CAN\"> MCGRATH Seamus<\/td><td>12&#8217;42&#8221;<\/td><\/tr><tr><td>21<\/td><td><img loading=\"lazy\" decoding=\"async\" width=\"20\" height=\"14\" border=\"0\" style=\"border: 0pt none;\" src=\"\/fantamtb\/wp-content\/images\/aus.png\" alt=\"AUS\"> GORDON Craig<\/td><td>13&#8217;14&#8221;<\/td><\/tr><tr><td>22<\/td><td><img loading=\"lazy\" decoding=\"async\" border=\"0\" style=\"border: 0pt none;\" src=\"\/fantamtb\/wp-content\/images\/swi.png\" width=\"20\" height=\"13\" alt=\"SWI\"> KABUSH Geoff<\/td><td>14&#8217;04&#8221;<\/td><\/tr><tr><td>23<\/td><td><img loading=\"lazy\" decoding=\"async\" width=\"20\" height=\"11\" border=\"0\" style=\"border: 0pt none;\" src=\"\/fantamtb\/wp-content\/images\/usa.png\" alt=\"USA\"> LARSEN Steve<\/td><td>14&#8217;19&#8221;<\/td><\/tr><tr><td>24<\/td><td><img loading=\"lazy\" decoding=\"async\" width=\"20\" height=\"14\" border=\"0\" style=\"border: 0pt none;\" src=\"\/fantamtb\/wp-content\/images\/aus.png\" alt=\"AUS\"> ROWNEY Paul<\/td><td>14&#8217;23&#8221;<\/td><\/tr><tr><td>25<\/td><td><img loading=\"lazy\" decoding=\"async\" width=\"20\" height=\"13\" border=\"0\" style=\"border: 0pt none;\" src=\"\/fantamtb\/wp-content\/images\/aut.png\" alt=\"AUT\"> GALINSKI Marek<\/td><td>14&#8217;26&#8221;<\/td><\/tr><tr><td>26<\/td><td><img decoding=\"async\" border=\"0\" style=\"border: 0pt none;\" src=\"\/fantamtb\/wp-content\/images\/fra.png\" alt=\"FRA\"> ARNOULD Dominique<\/td><td>14&#8217;46&#8221;<\/td><\/tr><tr><td>27<\/td><td><img loading=\"lazy\" decoding=\"async\" border=\"0\" style=\"border: 0pt none;\" src=\"\/fantamtb\/wp-content\/images\/swi.png\" width=\"20\" height=\"13\" alt=\"SWI\"> SHEPPARD Chris<\/td><td>15&#8217;15&#8221;<\/td><\/tr><tr><td>28<\/td><td><img loading=\"lazy\" decoding=\"async\" width=\"20\" height=\"11\" border=\"0\" style=\"border: 0pt none;\" src=\"\/fantamtb\/wp-content\/images\/mex.png\" alt=\"MEX\"> MADRIGAL Ziranda<\/td><td>15&#8217;34&#8221;<\/td><\/tr><tr><td>29<\/td><td><img loading=\"lazy\" decoding=\"async\" width=\"20\" height=\"11\" border=\"0\" style=\"border: 0pt none;\" src=\"\/fantamtb\/wp-content\/images\/usa.png\" alt=\"USA\"> GULLICKSON Marc<\/td><td>15&#8217;46&#8221;<\/td><\/tr><tr><td>30<\/td><td><img loading=\"lazy\" decoding=\"async\" border=\"0\" style=\"border: 0pt none;\" src=\"\/fantamtb\/wp-content\/images\/swi.png\" width=\"20\" height=\"13\" alt=\"SWI\"> HELLER Marcel<\/td><td>15&#8217;54&#8221;<\/td><\/tr><\/tbody><\/table><figcaption class=\"wp-element-caption\"><a target=\"_blank\" href=\"https:\/\/www.365mountainbike.it\/fantamtb\/wp-content\/images\/results\/worlds_xc\/2000_elitem.pdf\" rel=\"noopener\">CLASSIFICHE COMPLETE<\/a><\/figcaption><\/figure>\n\n\n\n<p><\/p>\n\n\n\n<figure class=\"wp-block-table is-style-stripes\"><table class=\"has-black-color has-text-color\"><tbody><tr><td><span style=\"color: #ff0000;\"><strong>EL W<\/strong><\/span><\/td><\/tr><tr><td><img loading=\"lazy\" decoding=\"async\" src=\"\/fantamtb\/wp-content\/images\/iride.jpg\" alt=\"Campione del Mondo\" width=\"25\" height=\"16\" border=\"0\"><\/td><td><img loading=\"lazy\" decoding=\"async\" width=\"20\" height=\"13\" border=\"0\" style=\"border: 0pt none;\" src=\"\/fantamtb\/wp-content\/images\/esp.png\" alt=\"ESP\"> <a href=\"https:\/\/www.365mountainbike.it\/fantamtb\/storia-mtb\/atleti\/margarita-fullana\/\">FULLANA Margarita<\/a><\/td><td><strong>2h07&#8217;42&#8221;<\/strong><\/td><\/tr><tr><td><strong>2<\/strong><\/td><td><img decoding=\"async\" border=\"0\" style=\"border: 0pt none;\" src=\"\/fantamtb\/wp-content\/images\/can.png\" alt=\"CAN\"> <a href=\"https:\/\/www.365mountainbike.it\/fantamtb\/storia-mtb\/atleti\/alison-sydor\/\">SYDOR Alison<\/a><\/td><td><strong>3&#8217;27&#8221;<\/strong><\/td><\/tr><tr><td><strong>3<\/strong><\/td><td><img decoding=\"async\" border=\"0\" style=\"border: 0pt none;\" src=\"\/fantamtb\/wp-content\/images\/ita.png\" alt=\"ITA\"> <a href=\"https:\/\/www.365mountainbike.it\/fantamtb\/storia-mtb\/atleti\/paola-pezzo\/\">PEZZO Paola<\/a><\/td><td><strong>4&#8217;14&#8221;<\/strong><\/td><\/tr><tr><td>4<\/td><td><img loading=\"lazy\" decoding=\"async\" border=\"0\" style=\"border: 0pt none;\" src=\"\/fantamtb\/wp-content\/images\/swi.png\" width=\"20\" height=\"13\" alt=\"SWI\"> BLATTER Barbara<\/td><td>4&#8217;23&#8221;<\/td><\/tr><tr><td>5<\/td><td><img loading=\"lazy\" decoding=\"async\" width=\"20\" height=\"13\" border=\"0\" style=\"border: 0pt none;\" src=\"\/fantamtb\/wp-content\/images\/aut.png\" alt=\"AUT\"> GRIGSON Mary<\/td><td>6&#8217;00&#8221;<\/td><\/tr><tr><td>6<\/td><td><img loading=\"lazy\" decoding=\"async\" width=\"20\" height=\"11\" border=\"0\" style=\"border: 0pt none;\" src=\"\/fantamtb\/wp-content\/images\/usa.png\" alt=\"USA\"> DUNLAP Alison<\/td><td>6&#8217;56&#8221;<\/td><\/tr><tr><td>7<\/td><td><img decoding=\"async\" border=\"0\" style=\"border: 0pt none;\" src=\"\/fantamtb\/wp-content\/images\/can.png\" alt=\"CAN\"> REDDEN Chrissy<\/td><td>6&#8217;56&#8221;<\/td><\/tr><tr><td>8<\/td><td><img loading=\"lazy\" decoding=\"async\" width=\"20\" height=\"13\" border=\"0\" style=\"border: 0pt none;\" src=\"\/fantamtb\/wp-content\/images\/arg.png\" alt=\"ARG\"> FLORIT Jimena<\/td><td>8&#8217;44&#8221;<\/td><\/tr><tr><td>9<\/td><td><img decoding=\"async\" border=\"0\" style=\"border: 0pt none;\" src=\"\/fantamtb\/wp-content\/images\/fra.png\" alt=\"FRA\"> VILLENEUVE Sophie<\/td><td>9&#8217;34&#8221;<\/td><\/tr><tr><td>10<\/td><td><img loading=\"lazy\" decoding=\"async\" width=\"22\" height=\"13\" border=\"0\" style=\"border: 0pt none;\" src=\"\/fantamtb\/wp-content\/images\/cos.png\" alt=\"COS\"> MARUNDE Regina<\/td><td>9&#8217;57&#8221;<\/td><\/tr><tr><td>11<\/td><td><img decoding=\"async\" border=\"0\" style=\"border: 0pt none;\" src=\"\/fantamtb\/wp-content\/images\/rus.png\" alt=\"RUS\"> IAGOUPOVA Irina<\/td><td>10&#8217;37&#8221;<\/td><\/tr><tr><td>12<\/td><td><img loading=\"lazy\" decoding=\"async\" width=\"20\" height=\"11\" border=\"0\" style=\"border: 0pt none;\" src=\"\/fantamtb\/wp-content\/images\/usa.png\" alt=\"USA\"> TROMBLEY Ann<\/td><td>11&#8217;15&#8221;<\/td><\/tr><tr><td>13<\/td><td><img decoding=\"async\" border=\"0\" style=\"border: 0pt none;\" src=\"\/fantamtb\/wp-content\/images\/rus.png\" alt=\"RUS\"> EPIFANOVA Alla<\/td><td>11&#8217;22&#8221;<\/td><\/tr><tr><td>14<\/td><td><img decoding=\"async\" border=\"0\" style=\"border: 0pt none;\" src=\"\/fantamtb\/wp-content\/images\/can.png\" alt=\"CAN\"> TOMLINSON Lesley<\/td><td>11&#8217;36&#8221;<\/td><\/tr><tr><td>15<\/td><td><img loading=\"lazy\" decoding=\"async\" width=\"20\" height=\"14\" border=\"0\" style=\"border: 0pt none;\" src=\"\/fantamtb\/wp-content\/images\/hol.png\" alt=\"HOL\"> DORLAND Corine<\/td><td>12&#8217;16&#8221;<\/td><\/tr><tr><td>16<\/td><td><img loading=\"lazy\" decoding=\"async\" width=\"20\" height=\"11\" border=\"0\" style=\"border: 0pt none;\" src=\"\/fantamtb\/wp-content\/images\/usa.png\" alt=\"USA\"> MATTHES Ruthie<\/td><td>13&#8217;06&#8221;<\/td><\/tr><tr><td>17<\/td><td><img decoding=\"async\" border=\"0\" style=\"border: 0pt none;\" src=\"\/fantamtb\/wp-content\/images\/can.png\" alt=\"CAN\"> SINCLAIR Patricia<\/td><td>13&#8217;57&#8221;<\/td><\/tr><tr><td>18<\/td><td><img loading=\"lazy\" decoding=\"async\" border=\"0\" style=\"border: 0pt none;\" src=\"\/fantamtb\/wp-content\/images\/swi.png\" width=\"20\" height=\"13\" alt=\"SWI\"> DAUCOURT Chantal<\/td><td>14&#8217;26&#8221;<\/td><\/tr><tr><td>19<\/td><td><img loading=\"lazy\" decoding=\"async\" width=\"20\" height=\"12\" border=\"0\" style=\"border: 0pt none;\" src=\"\/fantamtb\/wp-content\/images\/ger.png\" alt=\"GER\"> SPITZ Sabine<\/td><td>14&#8217;55&#8221;<\/td><\/tr><tr><td>20<\/td><td><img decoding=\"async\" border=\"0\" style=\"border: 0pt none;\" src=\"\/fantamtb\/wp-content\/images\/ita.png\" alt=\"ITA\"> STROPPARO Annabella<\/td><td>15&#8217;36&#8221;<\/td><\/tr><\/tbody><\/table><figcaption class=\"wp-element-caption\"><a target=\"_blank\" href=\"https:\/\/www.365mountainbike.it\/fantamtb\/wp-content\/images\/results\/worlds_xc\/2000_elitew.pdf\" rel=\"noopener\">CLASSIFICHE COMPLETE<\/a><\/figcaption><\/figure>\n\n\n\n<p><\/p>\n\n\n\n<figure class=\"wp-block-table is-style-stripes\"><table class=\"has-black-color has-text-color\"><tbody><tr><td><span style=\"color: #ff0000;\"><strong>JUN W<\/strong><\/span><\/td><\/tr><tr><td><img loading=\"lazy\" decoding=\"async\" style=\"border: 0pt none;\" src=\"\/fantamtb\/wp-content\/images\/iride.jpg\" alt=\"Campione del Mondo\" width=\"25\" height=\"16\" border=\"0\"><\/td><td><img loading=\"lazy\" decoding=\"async\" border=\"0\" style=\"border: 0pt none;\" src=\"\/fantamtb\/wp-content\/images\/swi.png\" width=\"20\" height=\"13\" alt=\"SWI\"> <a href=\"https:\/\/www.365mountainbike.it\/fantamtb\/storia-mtb\/atleti\/sonja-traxel\/\">TRAXEL Sonja<\/a><\/td><td><strong>1h23&#8217;40&#8221;<\/strong><\/td><\/tr><tr><td><strong>2<\/strong><\/td><td><img loading=\"lazy\" decoding=\"async\" width=\"20\" height=\"13\" border=\"0\" src=\"\/fantamtb\/wp-content\/images\/pol.png\" alt=\"POL\"> <a href=\"https:\/\/www.365mountainbike.it\/fantamtb\/storia-mtb\/atleti\/maja-wloszczowska\/\">WLOSZCZOWSKA Maja<\/a><\/td><td><strong>1&#8217;44&#8221;<\/strong><\/td><\/tr><tr><td><strong>3<\/strong><\/td><td><img loading=\"lazy\" decoding=\"async\" width=\"20\" height=\"14\" border=\"0\" style=\"border: 0pt none;\" src=\"\/fantamtb\/wp-content\/images\/gbr.png\" alt=\"GBR\"> <a href=\"https:\/\/www.365mountainbike.it\/fantamtb\/storia-mtb\/atleti\/nicole-cooke\/\">COOKE Nicole<\/a><\/td><td><strong>2&#8217;19&#8221;<\/strong><\/td><\/tr><tr><td>4<\/td><td><img loading=\"lazy\" decoding=\"async\" style=\"border: 0pt none;\" src=\"\/fantamtb\/wp-content\/images\/swi.png\" width=\"20\" height=\"13\" alt=\"SWI\" border=\"0\"> TRACHSEL Simone<\/td><td>2&#8217;58&#8221;<\/td><\/tr><tr><td>5<\/td><td><img decoding=\"async\" style=\"border: 0pt none;\" src=\"\/fantamtb\/wp-content\/images\/ita.png\" alt=\"ITA\" border=\"0\"> BRONZINI Giorga<\/td><td>3&#8217;46&#8221;<\/td><\/tr><tr><td>6<\/td><td><img decoding=\"async\" style=\"border: 0pt none;\" src=\"\/fantamtb\/wp-content\/images\/can.png\" alt=\"CAN\" border=\"0\"> DREW Erica<\/td><td>3&#8217;52&#8221;<\/td><\/tr><tr><td>7<\/td><td><img loading=\"lazy\" decoding=\"async\" style=\"border: 0pt none;\" src=\"\/fantamtb\/wp-content\/images\/aus.png\" alt=\"AUS\" width=\"20\" height=\"14\" border=\"0\"> BAXTER Claire<\/td><td>5&#8217;32&#8221;<\/td><\/tr><tr><td>8<\/td><td><img decoding=\"async\" style=\"border: 0pt none;\" src=\"\/fantamtb\/wp-content\/images\/fra.png\" alt=\"FRA\" border=\"0\"> PESENTI Julie<\/td><td>7&#8217;28&#8221;<\/td><\/tr><tr><td>9<\/td><td><img decoding=\"async\" style=\"border: 0pt none;\" src=\"\/fantamtb\/wp-content\/images\/can.png\" alt=\"CAN\" border=\"0\"> SANDERS Julie<\/td><td>8&#8217;06&#8221;<\/td><\/tr><tr><td>10<\/td><td><img decoding=\"async\" style=\"border: 0pt none;\" src=\"\/fantamtb\/wp-content\/images\/fra.png\" alt=\"FRA\" border=\"0\"> BARELLI Caroline<\/td><td>9&#8217;24&#8221;<\/td><\/tr><\/tbody><\/table><figcaption class=\"wp-element-caption\"><a target=\"_blank\" href=\"https:\/\/www.365mountainbike.it\/fantamtb\/wp-content\/images\/results\/worlds_xc\/2000_juniorw.pdf\" rel=\"noopener\">CLASSIFICHE COMPLETE<\/a><\/figcaption><\/figure>\n\n\n\n<hr class=\"wp-block-separator has-css-opacity\"\/>\n\n\n\n<figure class=\"wp-block-table is-style-stripes\"><table class=\"has-black-color has-text-color\"><tbody><tr><td><span style=\"color: #ff0000;\"><strong>U23 M<\/strong><\/span><\/td><\/tr><tr><td><img loading=\"lazy\" decoding=\"async\" style=\"border: 0pt none;\" src=\"\/fantamtb\/wp-content\/images\/iride.jpg\" alt=\"Campione del Mondo\" width=\"25\" height=\"16\" border=\"0\"><\/td><td><img loading=\"lazy\" decoding=\"async\" width=\"20\" height=\"13\" border=\"0\" style=\"border: 0pt none;\" src=\"\/fantamtb\/wp-content\/images\/esp.png\" alt=\"ESP\"> <a href=\"https:\/\/www.365mountainbike.it\/fantamtb\/storia-mtb\/atleti\/jose-antonio-hermida\/\">HERMIDA RAMOS Jos\u00e8 Antonio<\/a><\/td><td><strong>2h08&#8217;34&#8221;<\/strong><\/td><\/tr><tr><td><strong>2<\/strong><\/td><td><img loading=\"lazy\" decoding=\"async\" width=\"20\" height=\"13\" border=\"0\" style=\"border: 0pt none;\" src=\"\/fantamtb\/wp-content\/images\/esp.png\" alt=\"ESP\"> <a href=\"https:\/\/www.365mountainbike.it\/fantamtb\/storia-mtb\/atleti\/marti-gispert-labarta\/\">GISPER LABART Marti<\/a><\/td><td><strong>3&#8217;42&#8221;<\/strong><\/td><\/tr><tr><td><strong>3<\/strong><\/td><td><img loading=\"lazy\" decoding=\"async\" width=\"20\" height=\"14\" border=\"0\" style=\"border: 0pt none;\" src=\"\/fantamtb\/wp-content\/images\/aus.png\" alt=\"NZL\"> <a href=\"https:\/\/www.365mountainbike.it\/fantamtb\/storia-mtb\/atleti\/kashi-leuchs\/\">LEUCHS Kashi<\/a><\/td><td><strong>4&#8217;15&#8221;<\/strong><\/td><\/tr><tr><td>4<\/td><td><img decoding=\"async\" style=\"border: 0pt none;\" src=\"\/fantamtb\/wp-content\/images\/fra.png\" alt=\"FRA\" border=\"0\"> ABSALON Julien<\/td><td>5&#8217;30&#8221;<\/td><\/tr><tr><td>5<\/td><td><img decoding=\"async\" style=\"border: 0pt none;\" src=\"\/fantamtb\/wp-content\/images\/fra.png\" alt=\"FRA\" border=\"0\"> RAVANEL Cedric<\/td><td>6&#8217;17&#8221;<\/td><\/tr><tr><td>6<\/td><td><img loading=\"lazy\" decoding=\"async\" style=\"border: 0pt none;\" src=\"\/fantamtb\/wp-content\/images\/esp.png\" alt=\"ESP\" width=\"20\" height=\"13\" border=\"0\"> COLOMA Carlos<\/td><td>6&#8217;56&#8221;<\/td><\/tr><tr><td>7<\/td><td><img loading=\"lazy\" decoding=\"async\" style=\"border: 0pt none;\" src=\"\/fantamtb\/wp-content\/images\/usa.png\" alt=\"USA\" width=\"20\" height=\"11\" border=\"0\"> SWIGGERS Jess<\/td><td>6&#8217;59&#8221;<\/td><\/tr><tr><td>8<\/td><td><img loading=\"lazy\" decoding=\"async\" style=\"border: 0pt none;\" src=\"\/fantamtb\/wp-content\/images\/slo.png\" alt=\"SLO\" width=\"20\" height=\"13\" border=\"0\"> DRASLER Rok<\/td><td>8&#8217;52&#8221;<\/td><\/tr><tr><td>9<\/td><td><img decoding=\"async\" style=\"border: 0pt none;\" src=\"\/fantamtb\/wp-content\/images\/ita.png\" alt=\"ITA\" border=\"0\"> STEINER Manfred<\/td><td>9&#8217;25&#8221;<\/td><\/tr><tr><td>10<\/td><td><img loading=\"lazy\" decoding=\"async\" style=\"border: 0pt none;\" src=\"\/fantamtb\/wp-content\/images\/aut.png\" alt=\"AUT\" width=\"20\" height=\"13\" border=\"0\"> PRESSLAUER Peter<\/td><td>10&#8217;41&#8221;<\/td><\/tr><\/tbody><\/table><figcaption class=\"wp-element-caption\"><a target=\"_blank\" href=\"https:\/\/www.365mountainbike.it\/fantamtb\/wp-content\/images\/results\/worlds_xc\/2000_u23m.pdf\" rel=\"noopener\">CLASSIFICHE COMPLETE<\/a><\/figcaption><\/figure>\n\n\n\n<p><\/p>\n\n\n\n<figure class=\"wp-block-table is-style-stripes\"><table class=\"has-black-color has-text-color\"><tbody><tr><td><span style=\"color: #ff0000;\"><strong>JUN M<\/strong><\/span><\/td><\/tr><tr><td><img loading=\"lazy\" decoding=\"async\" style=\"border: 0pt none;\" src=\"\/fantamtb\/wp-content\/images\/iride.jpg\" alt=\"Campione del Mondo\" width=\"25\" height=\"16\" border=\"0\"><\/td><td><img loading=\"lazy\" decoding=\"async\" width=\"20\" height=\"11\" border=\"0\" style=\"border: 0pt none;\" src=\"\/fantamtb\/wp-content\/images\/usa.png\" alt=\"USA\"> <a href=\"https:\/\/www.365mountainbike.it\/fantamtb\/storia-mtb\/atleti\/walker-ferguson\/\">FERGUSON Walker<\/a><\/td><td><strong>1h43&#8217;31&#8221;<\/strong><\/td><\/tr><tr><td><strong>2<\/strong><\/td><td><img loading=\"lazy\" decoding=\"async\" style=\"border: 0pt none;\" src=\"\/fantamtb\/wp-content\/images\/esp.png\" alt=\"ESP\" width=\"20\" height=\"13\" border=\"0\"> <a href=\"https:\/\/www.365mountainbike.it\/fantamtb\/storia-mtb\/atleti\/inaki-lejarreta-errasti\n\n\/\">LEJARRETA ERRASTI Inaki Lejarreta<\/a><\/td><td><strong>30&#8243;<\/strong><\/td><\/tr><tr><td><strong>3<\/strong><\/td><td><img loading=\"lazy\" decoding=\"async\" style=\"border: 0pt none;\" src=\"\/fantamtb\/wp-content\/images\/swi.png\" width=\"20\" height=\"13\" alt=\"SWI\" border=\"0\"> <a href=\"https:\/\/www.365mountainbike.it\/fantamtb\/storia-mtb\/atleti\/florian-vogel\/\">VOGEL Florian<\/a><\/td><td><strong>48&#8243;<\/strong><\/td><\/tr><tr><td>4<\/td><td><img loading=\"lazy\" decoding=\"async\" style=\"border: 0pt none;\" src=\"\/fantamtb\/wp-content\/images\/arg.png\" alt=\"ARG\" width=\"20\" height=\"13\" border=\"0\"> BOSC Eduardo<\/td><td>52&#8243;<\/td><\/tr><tr><td>5<\/td><td><img loading=\"lazy\" decoding=\"async\" style=\"border: 0pt none;\" src=\"\/fantamtb\/wp-content\/images\/gbr.png\" alt=\"GBR\" width=\"20\" height=\"14\" border=\"0\"> KILLEEN Liam<\/td><td>59&#8243;<\/td><\/tr><tr><td>6<\/td><td><img decoding=\"async\" style=\"border: 0pt none;\" src=\"\/fantamtb\/wp-content\/images\/fra.png\" alt=\"FRA\" border=\"0\"> JOUTY Mathieu<\/td><td>2&#8217;39&#8221;<\/td><\/tr><tr><td>7<\/td><td><img loading=\"lazy\" decoding=\"async\" style=\"border: 0pt none;\" src=\"\/fantamtb\/wp-content\/images\/swi.png\" width=\"20\" height=\"13\" alt=\"SWI\" border=\"0\"> DERUNGS Flavio<\/td><td>2&#8217;54&#8221;<\/td><\/tr><tr><td>8<\/td><td><img loading=\"lazy\" decoding=\"async\" style=\"border: 0pt none;\" src=\"\/fantamtb\/wp-content\/images\/swi.png\" width=\"20\" height=\"13\" alt=\"SWI\" border=\"0\"> GUJAN Martin<\/td><td>3&#8217;18&#8221;<\/td><\/tr><tr><td>9<\/td><td><img decoding=\"async\" style=\"border: 0pt none;\" src=\"\/fantamtb\/wp-content\/images\/fra.png\" alt=\"FRA\" border=\"0\"> SEVESSAND Benjamin<\/td><td>3&#8217;20&#8221;<\/td><\/tr><tr><td>10<\/td><td><img loading=\"lazy\" decoding=\"async\" style=\"border: 0pt none;\" src=\"\/fantamtb\/wp-content\/images\/aut.png\" alt=\"AUT\" width=\"20\" height=\"13\" border=\"0\"> WEBER Markus<\/td><td>4&#8217;10&#8221;<\/td><\/tr><\/tbody><\/table><figcaption class=\"wp-element-caption\"><a target=\"_blank\" href=\"https:\/\/www.365mountainbike.it\/fantamtb\/wp-content\/images\/results\/worlds_xc\/2000_juniorm.pdf\" rel=\"noopener\">FULL RESULT <\/a><\/figcaption><\/figure>\n\n\n\n<hr class=\"wp-block-separator has-css-opacity\"\/>\n\n\n\n<h1 class=\"wp-block-heading\">FOTO<\/h1>\n\n\n\n<figure class=\"wp-block-gallery has-nested-images columns-default is-cropped wp-block-gallery-1 is-layout-flex wp-block-gallery-is-layout-flex\">\n<figure class=\"wp-block-image size-medium\"><a href=\"https:\/\/www.365mountainbike.it\/fantamtb\/wp-content\/uploads\/2011\/05\/PODIUM-SIERRA-NEVADA-2000-MTB-ELITE-MEN.jpg\"><picture><source srcset=\"https:\/\/www.365mountainbike.it\/fantamtb\/wp-content\/uploads\/2011\/05\/PODIUM-SIERRA-NEVADA-2000-MTB-ELITE-MEN-300x200.jpg 300w, https:\/\/www.365mountainbike.it\/fantamtb\/wp-content\/uploads\/2011\/05\/PODIUM-SIERRA-NEVADA-2000-MTB-ELITE-MEN-768x512.jpg 768w,https:\/\/www.365mountainbike.it\/fantamtb\/wp-content\/uploads\/2011\/05\/PODIUM-SIERRA-NEVADA-2000-MTB-ELITE-MEN.jpg.webp 800w\" sizes=\"auto, (max-width: 300px) 100vw, 300px\" type=\"image\/webp\"><img src=\"https:\/\/www.365mountainbike.it\/fantamtb\/wp-content\/uploads\/2011\/05\/PODIUM-SIERRA-NEVADA-2000-MTB-ELITE-MEN-300x200.jpg\" height=\"200\" width=\"300\" srcset=\"https:\/\/www.365mountainbike.it\/fantamtb\/wp-content\/uploads\/2011\/05\/PODIUM-SIERRA-NEVADA-2000-MTB-ELITE-MEN-300x200.jpg 300w, https:\/\/www.365mountainbike.it\/fantamtb\/wp-content\/uploads\/2011\/05\/PODIUM-SIERRA-NEVADA-2000-MTB-ELITE-MEN-768x512.jpg 768w, https:\/\/www.365mountainbike.it\/fantamtb\/wp-content\/uploads\/2011\/05\/PODIUM-SIERRA-NEVADA-2000-MTB-ELITE-MEN.jpg 800w\" sizes=\"auto, (max-width: 300px) 100vw, 300px\" class=\"wp-image-5410 sp-no-webp\" alt=\"PODIUM SIERRA NEVADA 2000 MTB ELITE MASCHILE\" loading=\"lazy\" decoding=\"async\" data-id=\"5410\" style=\"aspect-ratio:1\"  > <\/picture><\/a><figcaption class=\"wp-element-caption\">\u00a9Fat Tire Fotos &#8211; PODIO SIERRA NEVADA 2000 MTB ELITE MASCHILE<\/figcaption><\/figure>\n\n\n\n<figure class=\"wp-block-image size-medium\"><a href=\"https:\/\/www.365mountainbike.it\/fantamtb\/wp-content\/uploads\/2024\/01\/\u00a9FTF2014_01576.jpg\"><picture><source srcset=\"https:\/\/www.365mountainbike.it\/fantamtb\/wp-content\/uploads\/2024\/01\/\u00a9FTF2014_01576-197x300.jpg 197w,https:\/\/www.365mountainbike.it\/fantamtb\/wp-content\/uploads\/2024\/01\/\u00a9FTF2014_01576.jpg.webp 526w\" sizes=\"auto, (max-width: 197px) 100vw, 197px\" type=\"image\/webp\"><img src=\"https:\/\/www.365mountainbike.it\/fantamtb\/wp-content\/uploads\/2024\/01\/\u00a9FTF2014_01576-197x300.jpg\" height=\"300\" width=\"197\" srcset=\"https:\/\/www.365mountainbike.it\/fantamtb\/wp-content\/uploads\/2024\/01\/\u00a9FTF2014_01576-197x300.jpg 197w, https:\/\/www.365mountainbike.it\/fantamtb\/wp-content\/uploads\/2024\/01\/\u00a9FTF2014_01576.jpg 526w\" sizes=\"auto, (max-width: 197px) 100vw, 197px\" class=\"wp-image-22363 sp-no-webp\" alt=\"\u00a9Fat Tire Fotos - MIGUEL MARTINEZ SIERRA NEVADA 2000\" loading=\"lazy\" decoding=\"async\" data-id=\"22363\" style=\"aspect-ratio:1\"  > <\/picture><\/a><figcaption class=\"wp-element-caption\">\u00a9Fat Tire Fotos &#8211; MIGUEL MARTINEZ SIERRA NEVADA 2000<\/figcaption><\/figure>\n\n\n\n<figure class=\"wp-block-image size-medium\"><a href=\"https:\/\/www.365mountainbike.it\/fantamtb\/wp-content\/uploads\/2011\/05\/ROLAND-GREEN-SIERRA-NEVADA-2000.jpg\"><picture><source srcset=\"https:\/\/www.365mountainbike.it\/fantamtb\/wp-content\/uploads\/2011\/05\/ROLAND-GREEN-SIERRA-NEVADA-2000-200x300.jpg 200w,https:\/\/www.365mountainbike.it\/fantamtb\/wp-content\/uploads\/2011\/05\/ROLAND-GREEN-SIERRA-NEVADA-2000.jpg.webp 533w\" sizes=\"auto, (max-width: 200px) 100vw, 200px\" type=\"image\/webp\"><img src=\"https:\/\/www.365mountainbike.it\/fantamtb\/wp-content\/uploads\/2011\/05\/ROLAND-GREEN-SIERRA-NEVADA-2000-200x300.jpg\" height=\"300\" width=\"200\" srcset=\"https:\/\/www.365mountainbike.it\/fantamtb\/wp-content\/uploads\/2011\/05\/ROLAND-GREEN-SIERRA-NEVADA-2000-200x300.jpg 200w, https:\/\/www.365mountainbike.it\/fantamtb\/wp-content\/uploads\/2011\/05\/ROLAND-GREEN-SIERRA-NEVADA-2000.jpg 533w\" sizes=\"auto, (max-width: 200px) 100vw, 200px\" class=\"wp-image-5409 sp-no-webp\" alt=\"ROLAND GREEN SIERRA NEVADA 2000\" loading=\"lazy\" decoding=\"async\" data-id=\"5409\" style=\"aspect-ratio:1\"  > <\/picture><\/a><figcaption class=\"wp-element-caption\">\u00a9Fat Tire Fotos &#8211; ROLAND GREEN SIERRA NEVADA 2000<\/figcaption><\/figure>\n\n\n\n<figure class=\"wp-block-image size-medium\"><a href=\"https:\/\/www.365mountainbike.it\/fantamtb\/wp-content\/uploads\/2024\/01\/\u00a9Fat-Tire-Fotos-MARGARITA-FULLANA-SIERRA-NEVADA-2000.jpg\"><picture><source srcset=\"https:\/\/www.365mountainbike.it\/fantamtb\/wp-content\/uploads\/2024\/01\/\u00a9Fat-Tire-Fotos-MARGARITA-FULLANA-SIERRA-NEVADA-2000-200x300.jpg 200w,https:\/\/www.365mountainbike.it\/fantamtb\/wp-content\/uploads\/2024\/01\/\u00a9Fat-Tire-Fotos-MARGARITA-FULLANA-SIERRA-NEVADA-2000.jpg.webp 533w\" sizes=\"auto, (max-width: 200px) 100vw, 200px\" type=\"image\/webp\"><img src=\"https:\/\/www.365mountainbike.it\/fantamtb\/wp-content\/uploads\/2024\/01\/\u00a9Fat-Tire-Fotos-MARGARITA-FULLANA-SIERRA-NEVADA-2000-200x300.jpg\" height=\"300\" width=\"200\" srcset=\"https:\/\/www.365mountainbike.it\/fantamtb\/wp-content\/uploads\/2024\/01\/\u00a9Fat-Tire-Fotos-MARGARITA-FULLANA-SIERRA-NEVADA-2000-200x300.jpg 200w, https:\/\/www.365mountainbike.it\/fantamtb\/wp-content\/uploads\/2024\/01\/\u00a9Fat-Tire-Fotos-MARGARITA-FULLANA-SIERRA-NEVADA-2000.jpg 533w\" sizes=\"auto, (max-width: 200px) 100vw, 200px\" class=\"wp-image-22364 sp-no-webp\" alt=\"\u00a9Fat Tire Fotos - MARGARITA FULLANA SIERRA NEVADA 2000\" loading=\"lazy\" decoding=\"async\" data-id=\"22364\" style=\"aspect-ratio:1\"  > <\/picture><\/a><figcaption class=\"wp-element-caption\">\u00a9Fat Tire Fotos &#8211; MARGARITA FULLANA SIERRA NEVADA 2000<\/figcaption><\/figure>\n\n\n\n<figure class=\"wp-block-image size-medium\"><a href=\"https:\/\/www.365mountainbike.it\/fantamtb\/wp-content\/uploads\/2024\/01\/FERGUSON-WALKER-CAMPIONE-DEL-MONDO-JUNIOR-MTB-MEN.jpg\"><picture><source srcset=\"https:\/\/www.365mountainbike.it\/fantamtb\/wp-content\/uploads\/2024\/01\/FERGUSON-WALKER-CAMPIONE-DEL-MONDO-JUNIOR-MTB-MEN-200x300.jpg 200w,https:\/\/www.365mountainbike.it\/fantamtb\/wp-content\/uploads\/2024\/01\/FERGUSON-WALKER-CAMPIONE-DEL-MONDO-JUNIOR-MTB-MEN.jpg.webp 533w\" sizes=\"auto, (max-width: 200px) 100vw, 200px\" type=\"image\/webp\"><img src=\"https:\/\/www.365mountainbike.it\/fantamtb\/wp-content\/uploads\/2024\/01\/FERGUSON-WALKER-CAMPIONE-DEL-MONDO-JUNIOR-MTB-MEN-200x300.jpg\" height=\"300\" width=\"200\" srcset=\"https:\/\/www.365mountainbike.it\/fantamtb\/wp-content\/uploads\/2024\/01\/FERGUSON-WALKER-CAMPIONE-DEL-MONDO-JUNIOR-MTB-MEN-200x300.jpg 200w, https:\/\/www.365mountainbike.it\/fantamtb\/wp-content\/uploads\/2024\/01\/FERGUSON-WALKER-CAMPIONE-DEL-MONDO-JUNIOR-MTB-MEN.jpg 533w\" sizes=\"auto, (max-width: 200px) 100vw, 200px\" class=\"wp-image-22738 sp-no-webp\" alt=\"\u00a9Fat Tire Fotos - FERGUSON WALKER CAMPIONE DEL MONDO JUNIOR MTB MEN\" loading=\"lazy\" decoding=\"async\" data-id=\"22738\" style=\"aspect-ratio:1\"  > <\/picture><\/a><figcaption class=\"wp-element-caption\">\u00a9Fat Tire Fotos &#8211; FERGUSON WALKER CAMPIONE DEL MONDO JUNIOR MTB MEN<\/figcaption><\/figure>\n\n\n\n<figure class=\"wp-block-image size-medium\"><a href=\"https:\/\/www.365mountainbike.it\/fantamtb\/wp-content\/uploads\/2011\/05\/PODIUM-SIERRA-NEVADA-2000-MTB-JUN-MEN.jpg\"><picture><source srcset=\"https:\/\/www.365mountainbike.it\/fantamtb\/wp-content\/uploads\/2011\/05\/PODIUM-SIERRA-NEVADA-2000-MTB-JUN-MEN-300x199.jpg 300w, https:\/\/www.365mountainbike.it\/fantamtb\/wp-content\/uploads\/2011\/05\/PODIUM-SIERRA-NEVADA-2000-MTB-JUN-MEN-768x510.jpg 768w,https:\/\/www.365mountainbike.it\/fantamtb\/wp-content\/uploads\/2011\/05\/PODIUM-SIERRA-NEVADA-2000-MTB-JUN-MEN.jpg.webp 800w\" sizes=\"auto, (max-width: 300px) 100vw, 300px\" type=\"image\/webp\"><img src=\"https:\/\/www.365mountainbike.it\/fantamtb\/wp-content\/uploads\/2011\/05\/PODIUM-SIERRA-NEVADA-2000-MTB-JUN-MEN-300x199.jpg\" height=\"199\" width=\"300\" srcset=\"https:\/\/www.365mountainbike.it\/fantamtb\/wp-content\/uploads\/2011\/05\/PODIUM-SIERRA-NEVADA-2000-MTB-JUN-MEN-300x199.jpg 300w, https:\/\/www.365mountainbike.it\/fantamtb\/wp-content\/uploads\/2011\/05\/PODIUM-SIERRA-NEVADA-2000-MTB-JUN-MEN-768x510.jpg 768w, https:\/\/www.365mountainbike.it\/fantamtb\/wp-content\/uploads\/2011\/05\/PODIUM-SIERRA-NEVADA-2000-MTB-JUN-MEN.jpg 800w\" sizes=\"auto, (max-width: 300px) 100vw, 300px\" class=\"wp-image-5415 sp-no-webp\" alt=\"PODIUM SIERRA NEVADA 2000 MTB JUN MEN\" loading=\"lazy\" decoding=\"async\" data-id=\"5415\" style=\"aspect-ratio:1\"  > <\/picture><\/a><figcaption class=\"wp-element-caption\">\u00a9Fat Tire Fotos &#8211; PODIO SIERRA NEVADA 2000 MTB JUN MEN<\/figcaption><\/figure>\n\n\n\n<figure class=\"wp-block-image size-medium\"><a href=\"https:\/\/www.365mountainbike.it\/fantamtb\/wp-content\/uploads\/2011\/05\/FERGUSON-WALKER-WC-JUNIOR-2000-MTB.jpg\"><picture><source srcset=\"https:\/\/www.365mountainbike.it\/fantamtb\/wp-content\/uploads\/2011\/05\/FERGUSON-WALKER-WC-JUNIOR-2000-MTB-200x300.jpg 200w,https:\/\/www.365mountainbike.it\/fantamtb\/wp-content\/uploads\/2011\/05\/FERGUSON-WALKER-WC-JUNIOR-2000-MTB.jpg.webp 532w\" sizes=\"auto, (max-width: 200px) 100vw, 200px\" type=\"image\/webp\"><img src=\"https:\/\/www.365mountainbike.it\/fantamtb\/wp-content\/uploads\/2011\/05\/FERGUSON-WALKER-WC-JUNIOR-2000-MTB-200x300.jpg\" height=\"300\" width=\"200\" srcset=\"https:\/\/www.365mountainbike.it\/fantamtb\/wp-content\/uploads\/2011\/05\/FERGUSON-WALKER-WC-JUNIOR-2000-MTB-200x300.jpg 200w, https:\/\/www.365mountainbike.it\/fantamtb\/wp-content\/uploads\/2011\/05\/FERGUSON-WALKER-WC-JUNIOR-2000-MTB.jpg 532w\" sizes=\"auto, (max-width: 200px) 100vw, 200px\" class=\"wp-image-5416 sp-no-webp\" alt=\"FERGUSON WALKER WC JUNIOR 2000 MTB\" loading=\"lazy\" decoding=\"async\" data-id=\"5416\" style=\"aspect-ratio:1\"  > <\/picture><\/a><figcaption class=\"wp-element-caption\">\u00a9Fat Tire Fotos &#8211; FERGUSON WALKER WC JUNIOR 2000 MTB<\/figcaption><\/figure>\n\n\n\n<figure class=\"wp-block-image size-medium\"><a href=\"https:\/\/www.365mountainbike.it\/fantamtb\/wp-content\/uploads\/2011\/05\/Jose-Antonio-Hermida-2000.jpg\"><img loading=\"lazy\" decoding=\"async\" width=\"237\" height=\"300\" data-id=\"25518\" src=\"https:\/\/www.365mountainbike.it\/fantamtb\/wp-content\/uploads\/2011\/05\/Jose-Antonio-Hermida-2000-237x300.jpg\" alt=\"Jos\u00e8 Antonio Hermida 2000\" class=\"wp-image-25518\" style=\"aspect-ratio:1\" srcset=\"https:\/\/www.365mountainbike.it\/fantamtb\/wp-content\/uploads\/2011\/05\/Jose-Antonio-Hermida-2000-237x300.jpg 237w, https:\/\/www.365mountainbike.it\/fantamtb\/wp-content\/uploads\/2011\/05\/Jose-Antonio-Hermida-2000-810x1024.jpg 810w, https:\/\/www.365mountainbike.it\/fantamtb\/wp-content\/uploads\/2011\/05\/Jose-Antonio-Hermida-2000-768x971.jpg 768w, https:\/\/www.365mountainbike.it\/fantamtb\/wp-content\/uploads\/2011\/05\/Jose-Antonio-Hermida-2000.jpg 1126w\" sizes=\"auto, (max-width: 237px) 100vw, 237px\" \/><\/a><figcaption class=\"wp-element-caption\">Jos\u00e8 Antonio Hermida 2000<\/figcaption><\/figure>\n\n\n\n<figure class=\"wp-block-image size-medium\"><a href=\"https:\/\/www.365mountainbike.it\/fantamtb\/wp-content\/uploads\/2011\/05\/Miguel-Martinez-2000-Sierra-Nevada.jpg\"><img loading=\"lazy\" decoding=\"async\" width=\"119\" height=\"300\" data-id=\"25519\" src=\"https:\/\/www.365mountainbike.it\/fantamtb\/wp-content\/uploads\/2011\/05\/Miguel-Martinez-2000-Sierra-Nevada-119x300.jpg\" alt=\"Miguel Martinez 2000 Sierra Nevada\" class=\"wp-image-25519\" style=\"aspect-ratio:1\" srcset=\"https:\/\/www.365mountainbike.it\/fantamtb\/wp-content\/uploads\/2011\/05\/Miguel-Martinez-2000-Sierra-Nevada-119x300.jpg 119w, https:\/\/www.365mountainbike.it\/fantamtb\/wp-content\/uploads\/2011\/05\/Miguel-Martinez-2000-Sierra-Nevada-406x1024.jpg 406w, https:\/\/www.365mountainbike.it\/fantamtb\/wp-content\/uploads\/2011\/05\/Miguel-Martinez-2000-Sierra-Nevada.jpg 604w\" sizes=\"auto, (max-width: 119px) 100vw, 119px\" \/><\/a><figcaption class=\"wp-element-caption\">Miguel Martinez 2000 Sierra Nevada<\/figcaption><\/figure>\n\n\n\n<figure class=\"wp-block-image size-medium\"><a href=\"https:\/\/www.365mountainbike.it\/fantamtb\/wp-content\/uploads\/2011\/05\/Roland-Green-2000-Sierra-Nevada.jpg\"><img loading=\"lazy\" decoding=\"async\" width=\"230\" height=\"300\" data-id=\"25520\" src=\"https:\/\/www.365mountainbike.it\/fantamtb\/wp-content\/uploads\/2011\/05\/Roland-Green-2000-Sierra-Nevada-230x300.jpg\" alt=\"Roland Green 2000 Sierra Nevada\" class=\"wp-image-25520\" style=\"aspect-ratio:1\" srcset=\"https:\/\/www.365mountainbike.it\/fantamtb\/wp-content\/uploads\/2011\/05\/Roland-Green-2000-Sierra-Nevada-230x300.jpg 230w, https:\/\/www.365mountainbike.it\/fantamtb\/wp-content\/uploads\/2011\/05\/Roland-Green-2000-Sierra-Nevada-786x1024.jpg 786w, https:\/\/www.365mountainbike.it\/fantamtb\/wp-content\/uploads\/2011\/05\/Roland-Green-2000-Sierra-Nevada-768x1000.jpg 768w, https:\/\/www.365mountainbike.it\/fantamtb\/wp-content\/uploads\/2011\/05\/Roland-Green-2000-Sierra-Nevada-1180x1536.jpg 1180w, https:\/\/www.365mountainbike.it\/fantamtb\/wp-content\/uploads\/2011\/05\/Roland-Green-2000-Sierra-Nevada.jpg 1440w\" sizes=\"auto, (max-width: 230px) 100vw, 230px\" \/><\/a><figcaption class=\"wp-element-caption\">Roland Green 2000 Sierra Nevada<\/figcaption><\/figure>\n\n\n\n<figure class=\"wp-block-image size-medium\"><a href=\"https:\/\/www.365mountainbike.it\/fantamtb\/wp-content\/uploads\/2011\/05\/Paola-Pezzo-2000-Sierra-Nevada.jpg\"><img loading=\"lazy\" decoding=\"async\" width=\"300\" height=\"300\" data-id=\"25521\" src=\"https:\/\/www.365mountainbike.it\/fantamtb\/wp-content\/uploads\/2011\/05\/Paola-Pezzo-2000-Sierra-Nevada-300x300.jpg\" alt=\"Paola Pezzo 2000 Sierra Nevada\" class=\"wp-image-25521\" style=\"aspect-ratio:1\" srcset=\"https:\/\/www.365mountainbike.it\/fantamtb\/wp-content\/uploads\/2011\/05\/Paola-Pezzo-2000-Sierra-Nevada-300x300.jpg 300w, https:\/\/www.365mountainbike.it\/fantamtb\/wp-content\/uploads\/2011\/05\/Paola-Pezzo-2000-Sierra-Nevada-1021x1024.jpg 1021w, https:\/\/www.365mountainbike.it\/fantamtb\/wp-content\/uploads\/2011\/05\/Paola-Pezzo-2000-Sierra-Nevada-150x150.jpg 150w, https:\/\/www.365mountainbike.it\/fantamtb\/wp-content\/uploads\/2011\/05\/Paola-Pezzo-2000-Sierra-Nevada-768x770.jpg 768w, https:\/\/www.365mountainbike.it\/fantamtb\/wp-content\/uploads\/2011\/05\/Paola-Pezzo-2000-Sierra-Nevada-1531x1536.jpg 1531w, https:\/\/www.365mountainbike.it\/fantamtb\/wp-content\/uploads\/2011\/05\/Paola-Pezzo-2000-Sierra-Nevada-80x80.jpg 80w, https:\/\/www.365mountainbike.it\/fantamtb\/wp-content\/uploads\/2011\/05\/Paola-Pezzo-2000-Sierra-Nevada.jpg 1874w\" sizes=\"auto, (max-width: 300px) 100vw, 300px\" \/><\/a><figcaption class=\"wp-element-caption\">Paola Pezzo 2000 Sierra Nevada<\/figcaption><\/figure>\n\n\n\n<figure class=\"wp-block-image size-medium\"><a href=\"https:\/\/www.365mountainbike.it\/fantamtb\/wp-content\/uploads\/2011\/05\/Marco-Bui-Sierra-Nevada-2000.jpg\"><img loading=\"lazy\" decoding=\"async\" width=\"167\" height=\"300\" data-id=\"25522\" src=\"https:\/\/www.365mountainbike.it\/fantamtb\/wp-content\/uploads\/2011\/05\/Marco-Bui-Sierra-Nevada-2000-167x300.jpg\" alt=\"Marco Bui Sierra Nevada 2000\" class=\"wp-image-25522\" style=\"aspect-ratio:1\" srcset=\"https:\/\/www.365mountainbike.it\/fantamtb\/wp-content\/uploads\/2011\/05\/Marco-Bui-Sierra-Nevada-2000-167x300.jpg 167w, https:\/\/www.365mountainbike.it\/fantamtb\/wp-content\/uploads\/2011\/05\/Marco-Bui-Sierra-Nevada-2000-570x1024.jpg 570w, https:\/\/www.365mountainbike.it\/fantamtb\/wp-content\/uploads\/2011\/05\/Marco-Bui-Sierra-Nevada-2000-768x1380.jpg 768w, https:\/\/www.365mountainbike.it\/fantamtb\/wp-content\/uploads\/2011\/05\/Marco-Bui-Sierra-Nevada-2000-855x1536.jpg 855w, https:\/\/www.365mountainbike.it\/fantamtb\/wp-content\/uploads\/2011\/05\/Marco-Bui-Sierra-Nevada-2000.jpg 1140w\" sizes=\"auto, (max-width: 167px) 100vw, 167px\" \/><\/a><figcaption class=\"wp-element-caption\">Marco Bui Sierra Nevada 2000<\/figcaption><\/figure>\n\n\n\n<figure class=\"wp-block-image size-large\"><a href=\"https:\/\/www.365mountainbike.it\/fantamtb\/wp-content\/uploads\/2011\/05\/Italia-Team-Relay-2000.jpg\"><img loading=\"lazy\" decoding=\"async\" width=\"1024\" height=\"476\" data-id=\"25523\" src=\"https:\/\/www.365mountainbike.it\/fantamtb\/wp-content\/uploads\/2011\/05\/Italia-Team-Relay-2000-1024x476.jpg\" alt=\"Italia Team Relay 2000\" class=\"wp-image-25523\" style=\"aspect-ratio:1\" srcset=\"https:\/\/www.365mountainbike.it\/fantamtb\/wp-content\/uploads\/2011\/05\/Italia-Team-Relay-2000-1024x476.jpg 1024w, https:\/\/www.365mountainbike.it\/fantamtb\/wp-content\/uploads\/2011\/05\/Italia-Team-Relay-2000-300x140.jpg 300w, https:\/\/www.365mountainbike.it\/fantamtb\/wp-content\/uploads\/2011\/05\/Italia-Team-Relay-2000-768x357.jpg 768w, https:\/\/www.365mountainbike.it\/fantamtb\/wp-content\/uploads\/2011\/05\/Italia-Team-Relay-2000.jpg 1376w\" sizes=\"auto, (max-width: 1024px) 100vw, 1024px\" \/><\/a><figcaption class=\"wp-element-caption\">Italia Team Relay 2000: Marco Bui,<br>Leonardo Zanotti,<br>Mirko Farnisi,<br>Paola Pezzo<\/figcaption><\/figure>\n\n\n\n<figure class=\"wp-block-image size-large\"><a href=\"https:\/\/www.365mountainbike.it\/fantamtb\/wp-content\/uploads\/2011\/05\/Giorgia-Bronzini-2000-Sierra-Nevada.jpg\"><img loading=\"lazy\" decoding=\"async\" width=\"671\" height=\"1024\" data-id=\"25524\" src=\"https:\/\/www.365mountainbike.it\/fantamtb\/wp-content\/uploads\/2011\/05\/Giorgia-Bronzini-2000-Sierra-Nevada-671x1024.jpg\" alt=\"Giorgia Bronzini 2000 Sierra Nevada\" class=\"wp-image-25524\" style=\"aspect-ratio:1\" srcset=\"https:\/\/www.365mountainbike.it\/fantamtb\/wp-content\/uploads\/2011\/05\/Giorgia-Bronzini-2000-Sierra-Nevada-671x1024.jpg 671w, https:\/\/www.365mountainbike.it\/fantamtb\/wp-content\/uploads\/2011\/05\/Giorgia-Bronzini-2000-Sierra-Nevada-197x300.jpg 197w, https:\/\/www.365mountainbike.it\/fantamtb\/wp-content\/uploads\/2011\/05\/Giorgia-Bronzini-2000-Sierra-Nevada-768x1172.jpg 768w, https:\/\/www.365mountainbike.it\/fantamtb\/wp-content\/uploads\/2011\/05\/Giorgia-Bronzini-2000-Sierra-Nevada-1006x1536.jpg 1006w, https:\/\/www.365mountainbike.it\/fantamtb\/wp-content\/uploads\/2011\/05\/Giorgia-Bronzini-2000-Sierra-Nevada.jpg 1219w\" sizes=\"auto, (max-width: 671px) 100vw, 671px\" \/><\/a><figcaption class=\"wp-element-caption\">Giorgia Bronzini 2000 Sierra Nevada<\/figcaption><\/figure>\n<\/figure>\n\n\n\n<h2 class=\"wp-block-heading has-text-align-center has-white-color has-pale-cyan-blue-background-color has-text-color has-background\">COMPRA FOTO -&gt; <a href=\"https:\/\/www.fattirefotos.com\" target=\"_blank\" rel=\"noreferrer noopener\">www.fattirefotos.com<\/a><\/h2>\n\n\n\n<h2 class=\"wp-block-heading\">VIDEO<\/h2>\n\n\n\n<figure class=\"wp-block-embed is-type-video is-provider-youtube wp-block-embed-youtube wp-embed-aspect-4-3 wp-has-aspect-ratio\"><div class=\"wp-block-embed__wrapper\">\n<iframe loading=\"lazy\" title=\"Campeonato del Mundo Sierra Nevada 2000\" width=\"740\" height=\"555\" src=\"https:\/\/www.youtube.com\/embed\/l2mLke4vZwk?feature=oembed\" frameborder=\"0\" allow=\"accelerometer; autoplay; clipboard-write; encrypted-media; gyroscope; picture-in-picture; web-share\" referrerpolicy=\"strict-origin-when-cross-origin\" allowfullscreen><\/iframe>\n<\/div><\/figure>\n","protected":false,"gt_translate_keys":[{"key":"rendered","format":"html"}]},"excerpt":{"rendered":"<p>3\/11 Giugno: rassegna iridata a Sierra Nevada. Miguel Martinez (FRA, Full Dynamix) si presenta come il grande favorito per le prossime olimpiadi che si svolgeranno in Australia, precisamente a Sydney il prossimo 24 Settembre. Mini mig riesce ad infliggere ben 2&#8217;52&#8221; al secondo arrivato, Roland Green (CAN), mentre al 3\u00b0 posto si piazza il campione [&hellip;]<\/p>\n","protected":false,"gt_translate_keys":[{"key":"rendered","format":"html"}]},"author":1,"featured_media":5410,"comment_status":"closed","ping_status":"open","sticky":false,"template":"","format":"standard","meta":{"footnotes":""},"categories":[1257],"tags":[87,1364,28,196,31,42,197,18,198,81,199,200],"class_list":["post-2469","post","type-post","status-publish","format-standard","has-post-thumbnail","hentry","category-cross-country-xco","tag-alison-sydor","tag-giorgia-bronzini","tag-jose-antonio-hermida","tag-kashi-leuchs","tag-maja-wloszczowska","tag-margarita-fullana","tag-marti-gisper-labart","tag-mondiali","tag-nicole-cooke","tag-paola-pezzo","tag-sierra-nevada","tag-sonja-traxel"],"yoast_head":"<!-- This site is optimized with the Yoast SEO plugin v27.5 - https:\/\/yoast.com\/product\/yoast-seo-wordpress\/ -->\n<title>Classifiche Campionati Mondiali MTB XC 2000, Sierra Nevada (SPAGNA) | FANTAmtb<\/title>\n<meta name=\"robots\" content=\"index, follow, max-snippet:-1, max-image-preview:large, max-video-preview:-1\" \/>\n<link rel=\"canonical\" href=\"https:\/\/www.365mountainbike.it\/fantamtb\/storia-mtb\/cross-country-xco\/campionato-del-mondo-cross-country-2000\/\" \/>\n<meta property=\"og:locale\" content=\"it_IT\" \/>\n<meta property=\"og:type\" content=\"article\" \/>\n<meta property=\"og:title\" content=\"Classifiche Campionati Mondiali MTB XC 2000, Sierra Nevada (SPAGNA) | FANTAmtb\" \/>\n<meta property=\"og:description\" content=\"3\/11 Giugno: rassegna iridata a Sierra Nevada. Miguel Martinez (FRA, Full Dynamix) si presenta come il grande favorito per le prossime olimpiadi che si svolgeranno in Australia, precisamente a Sydney il prossimo 24 Settembre. Mini mig riesce ad infliggere ben 2&#8217;52&#8221; al secondo arrivato, Roland Green (CAN), mentre al 3\u00b0 posto si piazza il campione [&hellip;]\" \/>\n<meta property=\"og:url\" content=\"https:\/\/www.365mountainbike.it\/fantamtb\/storia-mtb\/cross-country-xco\/campionato-del-mondo-cross-country-2000\/\" \/>\n<meta property=\"og:site_name\" content=\"FANTAmtb\" \/>\n<meta property=\"article:published_time\" content=\"2011-05-16T09:50:08+00:00\" \/>\n<meta property=\"article:modified_time\" content=\"2026-02-05T15:50:59+00:00\" \/>\n<meta property=\"og:image\" content=\"https:\/\/www.365mountainbike.it\/fantamtb\/wp-content\/uploads\/2011\/05\/PODIUM-SIERRA-NEVADA-2000-MTB-ELITE-MEN.jpg\" \/>\n\t<meta property=\"og:image:width\" content=\"800\" \/>\n\t<meta property=\"og:image:height\" content=\"533\" \/>\n\t<meta property=\"og:image:type\" content=\"image\/jpeg\" \/>\n<meta name=\"author\" content=\"FANTAmtb\" \/>\n<meta name=\"twitter:card\" content=\"summary_large_image\" \/>\n<meta name=\"twitter:label1\" content=\"Scritto da\" \/>\n\t<meta name=\"twitter:data1\" content=\"FANTAmtb\" \/>\n\t<meta name=\"twitter:label2\" content=\"Tempo di lettura stimato\" \/>\n\t<meta name=\"twitter:data2\" content=\"23 minuti\" \/>\n<script type=\"application\/ld+json\" class=\"yoast-schema-graph\">{\"@context\":\"https:\\\/\\\/schema.org\",\"@graph\":[{\"@type\":\"Article\",\"@id\":\"https:\\\/\\\/www.365mountainbike.it\\\/fantamtb\\\/storia-mtb\\\/cross-country-xco\\\/campionato-del-mondo-cross-country-2000\\\/#article\",\"isPartOf\":{\"@id\":\"https:\\\/\\\/www.365mountainbike.it\\\/fantamtb\\\/storia-mtb\\\/cross-country-xco\\\/campionato-del-mondo-cross-country-2000\\\/\"},\"author\":{\"name\":\"FANTAmtb\",\"@id\":\"https:\\\/\\\/www.365mountainbike.it\\\/fantamtb\\\/#\\\/schema\\\/person\\\/7b4a30b446207c8d00024d9717c3b63b\"},\"headline\":\"Campionati Mondiali MTB XC 2000, Sierra Nevada (SPAGNA)\",\"datePublished\":\"2011-05-16T09:50:08+00:00\",\"dateModified\":\"2026-02-05T15:50:59+00:00\",\"mainEntityOfPage\":{\"@id\":\"https:\\\/\\\/www.365mountainbike.it\\\/fantamtb\\\/storia-mtb\\\/cross-country-xco\\\/campionato-del-mondo-cross-country-2000\\\/\"},\"wordCount\":443,\"image\":{\"@id\":\"https:\\\/\\\/www.365mountainbike.it\\\/fantamtb\\\/storia-mtb\\\/cross-country-xco\\\/campionato-del-mondo-cross-country-2000\\\/#primaryimage\"},\"thumbnailUrl\":\"https:\\\/\\\/www.365mountainbike.it\\\/fantamtb\\\/wp-content\\\/uploads\\\/2011\\\/05\\\/PODIUM-SIERRA-NEVADA-2000-MTB-ELITE-MEN.jpg\",\"keywords\":[\"Alison Sydor\",\"Giorgia Bronzini\",\"Jose Antonio Hermida\",\"Kashi Leuchs\",\"Maja Wloszczowska\",\"Margarita Fullana\",\"Marti Gisper Labart\",\"Mondiali\",\"Nicole Cooke\",\"Paola Pezzo\",\"Sierra Nevada\",\"Sonja Traxel\"],\"articleSection\":[\"Cross Country XCO\"],\"inLanguage\":\"it-IT\"},{\"@type\":\"WebPage\",\"@id\":\"https:\\\/\\\/www.365mountainbike.it\\\/fantamtb\\\/storia-mtb\\\/cross-country-xco\\\/campionato-del-mondo-cross-country-2000\\\/\",\"url\":\"https:\\\/\\\/www.365mountainbike.it\\\/fantamtb\\\/storia-mtb\\\/cross-country-xco\\\/campionato-del-mondo-cross-country-2000\\\/\",\"name\":\"Classifiche Campionati Mondiali MTB XC 2000, Sierra Nevada (SPAGNA) | FANTAmtb\",\"isPartOf\":{\"@id\":\"https:\\\/\\\/www.365mountainbike.it\\\/fantamtb\\\/#website\"},\"primaryImageOfPage\":{\"@id\":\"https:\\\/\\\/www.365mountainbike.it\\\/fantamtb\\\/storia-mtb\\\/cross-country-xco\\\/campionato-del-mondo-cross-country-2000\\\/#primaryimage\"},\"image\":{\"@id\":\"https:\\\/\\\/www.365mountainbike.it\\\/fantamtb\\\/storia-mtb\\\/cross-country-xco\\\/campionato-del-mondo-cross-country-2000\\\/#primaryimage\"},\"thumbnailUrl\":\"https:\\\/\\\/www.365mountainbike.it\\\/fantamtb\\\/wp-content\\\/uploads\\\/2011\\\/05\\\/PODIUM-SIERRA-NEVADA-2000-MTB-ELITE-MEN.jpg\",\"datePublished\":\"2011-05-16T09:50:08+00:00\",\"dateModified\":\"2026-02-05T15:50:59+00:00\",\"author\":{\"@id\":\"https:\\\/\\\/www.365mountainbike.it\\\/fantamtb\\\/#\\\/schema\\\/person\\\/7b4a30b446207c8d00024d9717c3b63b\"},\"breadcrumb\":{\"@id\":\"https:\\\/\\\/www.365mountainbike.it\\\/fantamtb\\\/storia-mtb\\\/cross-country-xco\\\/campionato-del-mondo-cross-country-2000\\\/#breadcrumb\"},\"inLanguage\":\"it-IT\",\"potentialAction\":[{\"@type\":\"ReadAction\",\"target\":[\"https:\\\/\\\/www.365mountainbike.it\\\/fantamtb\\\/storia-mtb\\\/cross-country-xco\\\/campionato-del-mondo-cross-country-2000\\\/\"]}]},{\"@type\":\"ImageObject\",\"inLanguage\":\"it-IT\",\"@id\":\"https:\\\/\\\/www.365mountainbike.it\\\/fantamtb\\\/storia-mtb\\\/cross-country-xco\\\/campionato-del-mondo-cross-country-2000\\\/#primaryimage\",\"url\":\"https:\\\/\\\/www.365mountainbike.it\\\/fantamtb\\\/wp-content\\\/uploads\\\/2011\\\/05\\\/PODIUM-SIERRA-NEVADA-2000-MTB-ELITE-MEN.jpg\",\"contentUrl\":\"https:\\\/\\\/www.365mountainbike.it\\\/fantamtb\\\/wp-content\\\/uploads\\\/2011\\\/05\\\/PODIUM-SIERRA-NEVADA-2000-MTB-ELITE-MEN.jpg\",\"width\":800,\"height\":533,\"caption\":\"\u00a9Fat Tire Fotos - PODIO SIERRA NEVADA 2000 MTB ELITE MASCHILE\"},{\"@type\":\"BreadcrumbList\",\"@id\":\"https:\\\/\\\/www.365mountainbike.it\\\/fantamtb\\\/storia-mtb\\\/cross-country-xco\\\/campionato-del-mondo-cross-country-2000\\\/#breadcrumb\",\"itemListElement\":[{\"@type\":\"ListItem\",\"position\":1,\"name\":\"Home\",\"item\":\"https:\\\/\\\/www.365mountainbike.it\\\/fantamtb\\\/\"},{\"@type\":\"ListItem\",\"position\":2,\"name\":\"Storia MTB\",\"item\":\"https:\\\/\\\/www.365mountainbike.it\\\/fantamtb\\\/storia-mtb\\\/\"},{\"@type\":\"ListItem\",\"position\":3,\"name\":\"XCO Cross Country\",\"item\":\"https:\\\/\\\/www.365mountainbike.it\\\/fantamtb\\\/storia-mtb\\\/cross-country-xco\\\/\"},{\"@type\":\"ListItem\",\"position\":4,\"name\":\"Campionati Mondiali MTB XC 2000, Sierra Nevada (SPAGNA)\"}]},{\"@type\":\"WebSite\",\"@id\":\"https:\\\/\\\/www.365mountainbike.it\\\/fantamtb\\\/#website\",\"url\":\"https:\\\/\\\/www.365mountainbike.it\\\/fantamtb\\\/\",\"name\":\"FANTAmtb\",\"description\":\"Il FANTAciclismo della Mountain Bike (FANTAcycling)\",\"potentialAction\":[{\"@type\":\"SearchAction\",\"target\":{\"@type\":\"EntryPoint\",\"urlTemplate\":\"https:\\\/\\\/www.365mountainbike.it\\\/fantamtb\\\/?s={search_term_string}\"},\"query-input\":{\"@type\":\"PropertyValueSpecification\",\"valueRequired\":true,\"valueName\":\"search_term_string\"}}],\"inLanguage\":\"it-IT\"},{\"@type\":\"Person\",\"@id\":\"https:\\\/\\\/www.365mountainbike.it\\\/fantamtb\\\/#\\\/schema\\\/person\\\/7b4a30b446207c8d00024d9717c3b63b\",\"name\":\"FANTAmtb\",\"image\":{\"@type\":\"ImageObject\",\"inLanguage\":\"it-IT\",\"@id\":\"\\\/\\\/www.365mountainbike.it\\\/fantamtb\\\/wp-content\\\/uploads\\\/wpforo\\\/avatars\\\/davide_1.png\",\"url\":\"\\\/\\\/www.365mountainbike.it\\\/fantamtb\\\/wp-content\\\/uploads\\\/wpforo\\\/avatars\\\/davide_1.png\",\"contentUrl\":\"\\\/\\\/www.365mountainbike.it\\\/fantamtb\\\/wp-content\\\/uploads\\\/wpforo\\\/avatars\\\/davide_1.png\",\"caption\":\"FANTAmtb\"},\"sameAs\":[\"https:\\\/\\\/www.365mountainbike.it\\\/fantamtb\"],\"url\":\"https:\\\/\\\/www.365mountainbike.it\\\/fantamtb\\\/author\\\/davide\\\/\"}]}<\/script>\n<!-- \/ Yoast SEO plugin. -->","yoast_head_json":{"title":"Classifiche Campionati Mondiali MTB XC 2000, Sierra Nevada (SPAGNA) | FANTAmtb","robots":{"index":"index","follow":"follow","max-snippet":"max-snippet:-1","max-image-preview":"max-image-preview:large","max-video-preview":"max-video-preview:-1"},"canonical":"https:\/\/www.365mountainbike.it\/fantamtb\/storia-mtb\/cross-country-xco\/campionato-del-mondo-cross-country-2000\/","og_locale":"it_IT","og_type":"article","og_title":"Classifiche Campionati Mondiali MTB XC 2000, Sierra Nevada (SPAGNA) | FANTAmtb","og_description":"3\/11 Giugno: rassegna iridata a Sierra Nevada. Miguel Martinez (FRA, Full Dynamix) si presenta come il grande favorito per le prossime olimpiadi che si svolgeranno in Australia, precisamente a Sydney il prossimo 24 Settembre. Mini mig riesce ad infliggere ben 2&#8217;52&#8221; al secondo arrivato, Roland Green (CAN), mentre al 3\u00b0 posto si piazza il campione [&hellip;]","og_url":"https:\/\/www.365mountainbike.it\/fantamtb\/storia-mtb\/cross-country-xco\/campionato-del-mondo-cross-country-2000\/","og_site_name":"FANTAmtb","article_published_time":"2011-05-16T09:50:08+00:00","article_modified_time":"2026-02-05T15:50:59+00:00","og_image":[{"width":800,"height":533,"url":"https:\/\/www.365mountainbike.it\/fantamtb\/wp-content\/uploads\/2011\/05\/PODIUM-SIERRA-NEVADA-2000-MTB-ELITE-MEN.jpg","type":"image\/jpeg"}],"author":"FANTAmtb","twitter_card":"summary_large_image","twitter_misc":{"Scritto da":"FANTAmtb","Tempo di lettura stimato":"23 minuti"},"schema":{"@context":"https:\/\/schema.org","@graph":[{"@type":"Article","@id":"https:\/\/www.365mountainbike.it\/fantamtb\/storia-mtb\/cross-country-xco\/campionato-del-mondo-cross-country-2000\/#article","isPartOf":{"@id":"https:\/\/www.365mountainbike.it\/fantamtb\/storia-mtb\/cross-country-xco\/campionato-del-mondo-cross-country-2000\/"},"author":{"name":"FANTAmtb","@id":"https:\/\/www.365mountainbike.it\/fantamtb\/#\/schema\/person\/7b4a30b446207c8d00024d9717c3b63b"},"headline":"Campionati Mondiali MTB XC 2000, Sierra Nevada (SPAGNA)","datePublished":"2011-05-16T09:50:08+00:00","dateModified":"2026-02-05T15:50:59+00:00","mainEntityOfPage":{"@id":"https:\/\/www.365mountainbike.it\/fantamtb\/storia-mtb\/cross-country-xco\/campionato-del-mondo-cross-country-2000\/"},"wordCount":443,"image":{"@id":"https:\/\/www.365mountainbike.it\/fantamtb\/storia-mtb\/cross-country-xco\/campionato-del-mondo-cross-country-2000\/#primaryimage"},"thumbnailUrl":"https:\/\/www.365mountainbike.it\/fantamtb\/wp-content\/uploads\/2011\/05\/PODIUM-SIERRA-NEVADA-2000-MTB-ELITE-MEN.jpg","keywords":["Alison Sydor","Giorgia Bronzini","Jose Antonio Hermida","Kashi Leuchs","Maja Wloszczowska","Margarita Fullana","Marti Gisper Labart","Mondiali","Nicole Cooke","Paola Pezzo","Sierra Nevada","Sonja Traxel"],"articleSection":["Cross Country XCO"],"inLanguage":"it-IT"},{"@type":"WebPage","@id":"https:\/\/www.365mountainbike.it\/fantamtb\/storia-mtb\/cross-country-xco\/campionato-del-mondo-cross-country-2000\/","url":"https:\/\/www.365mountainbike.it\/fantamtb\/storia-mtb\/cross-country-xco\/campionato-del-mondo-cross-country-2000\/","name":"Classifiche Campionati Mondiali MTB XC 2000, Sierra Nevada (SPAGNA) | FANTAmtb","isPartOf":{"@id":"https:\/\/www.365mountainbike.it\/fantamtb\/#website"},"primaryImageOfPage":{"@id":"https:\/\/www.365mountainbike.it\/fantamtb\/storia-mtb\/cross-country-xco\/campionato-del-mondo-cross-country-2000\/#primaryimage"},"image":{"@id":"https:\/\/www.365mountainbike.it\/fantamtb\/storia-mtb\/cross-country-xco\/campionato-del-mondo-cross-country-2000\/#primaryimage"},"thumbnailUrl":"https:\/\/www.365mountainbike.it\/fantamtb\/wp-content\/uploads\/2011\/05\/PODIUM-SIERRA-NEVADA-2000-MTB-ELITE-MEN.jpg","datePublished":"2011-05-16T09:50:08+00:00","dateModified":"2026-02-05T15:50:59+00:00","author":{"@id":"https:\/\/www.365mountainbike.it\/fantamtb\/#\/schema\/person\/7b4a30b446207c8d00024d9717c3b63b"},"breadcrumb":{"@id":"https:\/\/www.365mountainbike.it\/fantamtb\/storia-mtb\/cross-country-xco\/campionato-del-mondo-cross-country-2000\/#breadcrumb"},"inLanguage":"it-IT","potentialAction":[{"@type":"ReadAction","target":["https:\/\/www.365mountainbike.it\/fantamtb\/storia-mtb\/cross-country-xco\/campionato-del-mondo-cross-country-2000\/"]}]},{"@type":"ImageObject","inLanguage":"it-IT","@id":"https:\/\/www.365mountainbike.it\/fantamtb\/storia-mtb\/cross-country-xco\/campionato-del-mondo-cross-country-2000\/#primaryimage","url":"https:\/\/www.365mountainbike.it\/fantamtb\/wp-content\/uploads\/2011\/05\/PODIUM-SIERRA-NEVADA-2000-MTB-ELITE-MEN.jpg","contentUrl":"https:\/\/www.365mountainbike.it\/fantamtb\/wp-content\/uploads\/2011\/05\/PODIUM-SIERRA-NEVADA-2000-MTB-ELITE-MEN.jpg","width":800,"height":533,"caption":"\u00a9Fat Tire Fotos - PODIO SIERRA NEVADA 2000 MTB ELITE MASCHILE"},{"@type":"BreadcrumbList","@id":"https:\/\/www.365mountainbike.it\/fantamtb\/storia-mtb\/cross-country-xco\/campionato-del-mondo-cross-country-2000\/#breadcrumb","itemListElement":[{"@type":"ListItem","position":1,"name":"Home","item":"https:\/\/www.365mountainbike.it\/fantamtb\/"},{"@type":"ListItem","position":2,"name":"Storia MTB","item":"https:\/\/www.365mountainbike.it\/fantamtb\/storia-mtb\/"},{"@type":"ListItem","position":3,"name":"XCO Cross Country","item":"https:\/\/www.365mountainbike.it\/fantamtb\/storia-mtb\/cross-country-xco\/"},{"@type":"ListItem","position":4,"name":"Campionati Mondiali MTB XC 2000, Sierra Nevada (SPAGNA)"}]},{"@type":"WebSite","@id":"https:\/\/www.365mountainbike.it\/fantamtb\/#website","url":"https:\/\/www.365mountainbike.it\/fantamtb\/","name":"FANTAmtb","description":"Il FANTAciclismo della Mountain Bike (FANTAcycling)","potentialAction":[{"@type":"SearchAction","target":{"@type":"EntryPoint","urlTemplate":"https:\/\/www.365mountainbike.it\/fantamtb\/?s={search_term_string}"},"query-input":{"@type":"PropertyValueSpecification","valueRequired":true,"valueName":"search_term_string"}}],"inLanguage":"it-IT"},{"@type":"Person","@id":"https:\/\/www.365mountainbike.it\/fantamtb\/#\/schema\/person\/7b4a30b446207c8d00024d9717c3b63b","name":"FANTAmtb","image":{"@type":"ImageObject","inLanguage":"it-IT","@id":"\/\/www.365mountainbike.it\/fantamtb\/wp-content\/uploads\/wpforo\/avatars\/davide_1.png","url":"\/\/www.365mountainbike.it\/fantamtb\/wp-content\/uploads\/wpforo\/avatars\/davide_1.png","contentUrl":"\/\/www.365mountainbike.it\/fantamtb\/wp-content\/uploads\/wpforo\/avatars\/davide_1.png","caption":"FANTAmtb"},"sameAs":["https:\/\/www.365mountainbike.it\/fantamtb"],"url":"https:\/\/www.365mountainbike.it\/fantamtb\/author\/davide\/"}]}},"gt_translate_keys":[{"key":"link","format":"url"}],"_links":{"self":[{"href":"https:\/\/www.365mountainbike.it\/fantamtb\/wp-json\/wp\/v2\/posts\/2469","targetHints":{"allow":["GET"]}}],"collection":[{"href":"https:\/\/www.365mountainbike.it\/fantamtb\/wp-json\/wp\/v2\/posts"}],"about":[{"href":"https:\/\/www.365mountainbike.it\/fantamtb\/wp-json\/wp\/v2\/types\/post"}],"author":[{"embeddable":true,"href":"https:\/\/www.365mountainbike.it\/fantamtb\/wp-json\/wp\/v2\/users\/1"}],"replies":[{"embeddable":true,"href":"https:\/\/www.365mountainbike.it\/fantamtb\/wp-json\/wp\/v2\/comments?post=2469"}],"version-history":[{"count":7,"href":"https:\/\/www.365mountainbike.it\/fantamtb\/wp-json\/wp\/v2\/posts\/2469\/revisions"}],"predecessor-version":[{"id":25687,"href":"https:\/\/www.365mountainbike.it\/fantamtb\/wp-json\/wp\/v2\/posts\/2469\/revisions\/25687"}],"wp:featuredmedia":[{"embeddable":true,"href":"https:\/\/www.365mountainbike.it\/fantamtb\/wp-json\/wp\/v2\/media\/5410"}],"wp:attachment":[{"href":"https:\/\/www.365mountainbike.it\/fantamtb\/wp-json\/wp\/v2\/media?parent=2469"}],"wp:term":[{"taxonomy":"category","embeddable":true,"href":"https:\/\/www.365mountainbike.it\/fantamtb\/wp-json\/wp\/v2\/categories?post=2469"},{"taxonomy":"post_tag","embeddable":true,"href":"https:\/\/www.365mountainbike.it\/fantamtb\/wp-json\/wp\/v2\/tags?post=2469"}],"curies":[{"name":"wp","href":"https:\/\/api.w.org\/{rel}","templated":true}]}}