{"id":2461,"date":"2011-05-09T20:52:50","date_gmt":"2011-05-09T18:52:50","guid":{"rendered":"\/database\/gare-cross-country\/campionato-del-mondo-cross-country-2010\/"},"modified":"2026-02-06T17:55:55","modified_gmt":"2026-02-06T17:55:55","slug":"campionato-del-mondo-cross-country-2010","status":"publish","type":"post","link":"https:\/\/www.365mountainbike.it\/fantamtb\/storia-mtb\/cross-country-xco\/campionato-del-mondo-cross-country-2010\/","title":{"rendered":"Campionati Mondiali MTB XC 2010, Mont Sainte-Anne (CANADA)","gt_translate_keys":[{"key":"rendered","format":"text"}]},"content":{"rendered":"\n<p>1\/4 Settembre 2010 &#8211; In 14 anni di carriera lo spagnolo Jos\u00e9 Antonio Hermida non aveva mai vinto un campionato del mondo cross country \u00e9lite. Ci \u00e8 riuscito per la prima volta a Mont-Sainte Anne precedendo di 29&#8243; il ceco <strong>Jaroslav Kulhavy<\/strong> e di 1&#8217;10&#8221; il sudafricano<strong>Burry Stander<\/strong>. Incontenibili la sua gioia e la sua commozione per questo titolo, baciato s\u00ec dalla dea bendata, che in questo Mondiale si \u00e8 divertita come non mai a scompigliare le carte, ma giusto premio a una gara sempre all&#8217;attacco e a un&#8217;intera carriera. Vittime illustri in varia misura e varie fasi, lo svizzero <strong>Nino Schurter<\/strong> (autore di una scivolata e 2 forature), il francese <strong>Julien Absalon<\/strong> (anche lui alle prese con tante sbavature nei tratti tecnici) e, soprattutto, per quanto ci riguarda, il nostro <strong>Marco Aurelio Fontana<\/strong>, costretto al ritiro da un guasto meccanico (rottura del telaio). Al termine il migliore degli azzurri \u00e8 risultato <strong>Tony Longo<\/strong>, 24esimo a 9&#8217;13&#8221; con un finale in forte rimonta, seguito poco dietro da <strong>Martino Fruet<\/strong>, 25esimo, mentre <strong>Andrea Tiberi<\/strong> ha concluso al 51esimo posto. Il vincitore \u00e8 quindi Antonio Hermida davanti ad Jaroslav Kulhavy, staccato di soli 29&#8243;, e Burry Stander.<\/p>\n\n\n\n<p>La polacca <strong>Maja Wloszczowska <\/strong>ha interpretato alla perfezione la gara, con un percorso reso scivoloso dalla pioggia. In seconda e terza posizione rispettivamente <strong>Irina Kalentieva<\/strong> e <strong>Willow Koerber<\/strong>, mentre la nostra <strong>Eva Lechner<\/strong> ha chiuso poco pi\u00f9 indietro, pesantemente attardata da una foratura. L&#8217;ultimo giro \u00e8 molto avvincente per le posizioni di rincalzo, poich\u00e8 la minuta statunitense Willow Koerber si avvantaggia su <strong>Catharine Pendrel<\/strong>, tallonata da vicino da Irina Kalentieva. Ma la Koerber scivola in discesa, e le avversarie la superano. Una serie di errori, cadute e scivolate in salita fanno s\u00ec che alla fine, dietro a Maja Wloszczowska che vince meritatamente l&#8217;oro, Irina Kalentieva in netto recupero conquisti l&#8217;argento. La medaglia di bronzo va a Willow Koerber, mentre in quarta posizione la canadese Pendrel precede l&#8217;austriaca Elisabeth Osl. Eva Lechner paga lo sforzo del giro precedente, chiudendo in decima posizione.<\/p>\n\n\n\n<p><\/p>\n\n\n\n<figure class=\"wp-block-table is-style-stripes\"><table class=\"has-black-color has-text-color\"><tbody><tr><td><span style=\"color: #ff0000;\"><strong>EL M<\/strong><\/span><\/td><\/tr><tr><td><img loading=\"lazy\" decoding=\"async\" style=\"border: 0pt none;\" src=\"\/fantamtb\/wp-content\/images\/iride.jpg\" alt=\"Campione del Mondo\" width=\"25\" height=\"16\" border=\"0\"><\/td><td><img decoding=\"async\" border=\"0\" style=\"border: 0pt none;\" src=\"\/fantamtb\/wp-content\/images\/esp.png\" alt=\"ESP\"> <a href=\"https:\/\/www.365mountainbike.it\/fantamtb\/storia-mtb\/atleti\/jose-antonio-hermida\/\">Jos\u00e9 Antonio HERMIDA<\/a><\/td><td><strong>1h52&#8217;26&#8221;<\/strong><\/td><\/tr><tr><td><strong>2<\/strong><\/td><td><img decoding=\"async\" border=\"0\" style=\"border: 0pt none;\" src=\"\/fantamtb\/wp-content\/images\/cze.png\" alt=\"CZE\"> <a href=\"https:\/\/www.365mountainbike.it\/fantamtb\/storia-mtb\/atleti\/jaroslav-kulhavy\/\">Jaroslav KULHAVY<\/a><\/td><td><strong>29&#8243;<\/strong><\/td><\/tr><tr><td><strong>3<\/strong><\/td><td><img decoding=\"async\" border=\"0\" style=\"border: 0pt none;\" src=\"\/fantamtb\/wp-content\/images\/saf.png\" alt=\"SOU\"> <a href=\"https:\/\/www.365mountainbike.it\/fantamtb\/storia-mtb\/atleti\/burry-stander\/\">Burry STANDER<\/a><\/td><td><strong>1&#8217;10&#8221;<\/strong><\/td><\/tr><tr><td>4<\/td><td><img loading=\"lazy\" decoding=\"async\" style=\"border: 0pt none;\" src=\"\/fantamtb\/wp-content\/images\/swi.png\" width=\"20\" height=\"13\" alt=\"SWI\" border=\"0\"> Nino Schurter<\/td><td>2&#8217;03&#8221;<\/td><\/tr><tr><td>5<\/td><td><img decoding=\"async\" style=\"border: 0pt none;\" src=\"\/fantamtb\/wp-content\/images\/fra.png\" alt=\"FRA\" border=\"0\"> Julien Absalon<\/td><td>2&#8217;23&#8221;<\/td><\/tr><tr><td>6<\/td><td><img decoding=\"async\" style=\"border: 0pt none;\" src=\"\/fantamtb\/wp-content\/images\/esp.png\" alt=\"ESP\" border=\"0\"> Carlos Coloma<\/td><td>2&#8217;43&#8221;<\/td><\/tr><tr><td>7<\/td><td><img loading=\"lazy\" decoding=\"async\" style=\"border: 0pt none;\" src=\"\/fantamtb\/wp-content\/images\/gbr.png\" alt=\"GBR\" width=\"20\" height=\"14\" border=\"0\"> Liam Killen<\/td><td>2&#8217;51&#8221;<\/td><\/tr><tr><td>8<\/td><td><img decoding=\"async\" style=\"border: 0pt none;\" src=\"\/fantamtb\/wp-content\/images\/can.png\" alt=\"CAN\" border=\"0\"> Geoff Kabush<\/td><td>3&#8217;58&#8221;<\/td><\/tr><tr><td>9<\/td><td><img loading=\"lazy\" decoding=\"async\" style=\"border: 0pt none;\" src=\"\/fantamtb\/wp-content\/images\/swi.png\" width=\"20\" height=\"13\" alt=\"SWI\" border=\"0\"> Florian Vogel<\/td><td>4&#8217;14&#8221;<\/td><\/tr><tr><td>10<\/td><td><img decoding=\"async\" style=\"border: 0pt none;\" src=\"\/fantamtb\/wp-content\/images\/esp.png\" alt=\"ESP\" border=\"0\"> Ivan Alvarez Gutierrez<\/td><td>4&#8217;30&#8221;<\/td><\/tr><tr><td>11<\/td><td><img loading=\"lazy\" decoding=\"async\" style=\"border: 0pt none;\" src=\"\/fantamtb\/wp-content\/images\/swi.png\" width=\"20\" height=\"13\" alt=\"SWI\" border=\"0\"> Ralph Naef<\/td><td>4&#8217;35&#8221;<\/td><\/tr><tr><td>12<\/td><td><img decoding=\"async\" style=\"border: 0pt none;\" src=\"\/fantamtb\/wp-content\/images\/fra.png\" alt=\"FRA\" border=\"0\"> Cedric Ravanel<\/td><td>4&#8217;57&#8221;<\/td><\/tr><tr><td>13<\/td><td><img decoding=\"async\" style=\"border: 0pt none;\" src=\"\/fantamtb\/wp-content\/images\/ger.png\" alt=\"GER\" border=\"0\"> Manuel Fumic<\/td><td>5&#8217;23&#8221;<\/td><\/tr><tr><td>14<\/td><td><img decoding=\"async\" style=\"border: 0pt none;\" src=\"\/fantamtb\/wp-content\/images\/ger.png\" alt=\"GER\" border=\"0\"> Moritz Milatz<\/td><td>5&#8217;41&#8221;<\/td><\/tr><tr><td>15<\/td><td><img decoding=\"async\" style=\"border: 0pt none;\" src=\"\/fantamtb\/wp-content\/images\/fra.png\" alt=\"FRA\" border=\"0\"> Stephane Tempier<\/td><td>6&#8217;37&#8221;<\/td><\/tr><tr><td>16<\/td><td><img loading=\"lazy\" decoding=\"async\" style=\"border: 0pt none;\" src=\"\/fantamtb\/wp-content\/images\/swi.png\" width=\"20\" height=\"13\" alt=\"SWI\" border=\"0\"> Martin Gujan<\/td><td>7&#8217;42&#8221;<\/td><\/tr><tr><td>17<\/td><td><img loading=\"lazy\" decoding=\"async\" style=\"border: 0pt none;\" src=\"\/fantamtb\/wp-content\/images\/swi.png\" width=\"20\" height=\"13\" alt=\"SWI\" border=\"0\"> Lukas Fluckiger<\/td><td>7&#8217;58&#8221;<\/td><\/tr><tr><td>18<\/td><td><img decoding=\"async\" style=\"border: 0pt none;\" src=\"\/fantamtb\/wp-content\/images\/fra.png\" alt=\"FRA\" border=\"0\"> Maxime Marotte<\/td><td>8&#8217;21&#8221;<\/td><\/tr><tr><td>19<\/td><td><img loading=\"lazy\" decoding=\"async\" style=\"border: 0pt none;\" src=\"\/fantamtb\/wp-content\/images\/swe.png\" alt=\"SWE\" width=\"20\" height=\"13\" border=\"0\"> Emil Lindgren<\/td><td>8&#8217;31&#8221;<\/td><\/tr><tr><td>20<\/td><td><img loading=\"lazy\" decoding=\"async\" style=\"border: 0pt none;\" src=\"\/fantamtb\/wp-content\/images\/usa.png\" alt=\"USA\" width=\"20\" height=\"11\" border=\"0\"> Samuel Schultz<\/td><td>8&#8217;31&#8221;<\/td><\/tr><tr><td>21<\/td><td><img loading=\"lazy\" decoding=\"async\" style=\"border: 0pt none;\" src=\"\/fantamtb\/wp-content\/images\/usa.png\" alt=\"USA\" width=\"20\" height=\"11\" border=\"0\"> Todd Wells<\/td><td>8&#8217;32&#8221;<\/td><\/tr><tr><td>22<\/td><td><img loading=\"lazy\" decoding=\"async\" style=\"border: 0pt none;\" src=\"\/fantamtb\/wp-content\/images\/swi.png\" width=\"20\" height=\"13\" alt=\"SWI\" border=\"0\"> Fabian Giger<\/td><td>8&#8217;45&#8221;<\/td><\/tr><tr><td>23<\/td><td><img decoding=\"async\" style=\"border: 0pt none;\" src=\"\/fantamtb\/wp-content\/images\/cze.png\" alt=\"CZE\" border=\"0\"> Jan Skarnitzl<\/td><td>8&#8217;45&#8221;<\/td><\/tr><tr><td>24<\/td><td><img loading=\"lazy\" decoding=\"async\" style=\"border: 0pt none;\" src=\"\/fantamtb\/wp-content\/images\/ita.png\" alt=\"ITA\" width=\"19\" height=\"13\" border=\"0\"> Tony Longo<\/td><td>9&#8217;13&#8221;<\/td><\/tr><tr><td>25<\/td><td><img loading=\"lazy\" decoding=\"async\" style=\"border: 0pt none;\" src=\"\/fantamtb\/wp-content\/images\/ita.png\" alt=\"ITA\" width=\"19\" height=\"13\" border=\"0\"> Martino Fruet<\/td><td>9&#8217;23&#8221;<\/td><\/tr><tr><td>26<\/td><td><img loading=\"lazy\" decoding=\"async\" style=\"border: 0pt none;\" src=\"\/fantamtb\/wp-content\/images\/gbr.png\" alt=\"GBR\" width=\"20\" height=\"14\" border=\"0\"> Olivier Beckingsale<\/td><td>9&#8217;39&#8221;<\/td><\/tr><tr><td>27<\/td><td><img decoding=\"async\" style=\"border: 0pt none;\" src=\"\/fantamtb\/wp-content\/images\/fin.png\" alt=\"FIN\" border=\"0\"> Jukka Vastaranta<\/td><td>9&#8217;45&#8221;<\/td><\/tr><tr><td>28<\/td><td><img loading=\"lazy\" decoding=\"async\" style=\"border: 0pt none;\" src=\"\/fantamtb\/wp-content\/images\/jap.png\" alt=\"JAP\" width=\"20\" height=\"13\" border=\"0\"> Kohei Yamamoto<\/td><td>10&#8217;18&#8221;<\/td><\/tr><tr><td>29<\/td><td><img loading=\"lazy\" decoding=\"async\" style=\"border: 0pt none;\" src=\"\/fantamtb\/wp-content\/images\/usa.png\" alt=\"USA\" width=\"20\" height=\"11\" border=\"0\"> Adam Craig<\/td><td>10&#8217;29&#8221;<\/td><\/tr><tr><td>30<\/td><td><img decoding=\"async\" style=\"border: 0pt none;\" src=\"\/fantamtb\/wp-content\/images\/arg.png\" alt=\"ARG\" border=\"0\"> Catriel Soto<\/td><td>10&#8217;37&#8221;<\/td><\/tr><\/tbody><\/table><figcaption class=\"wp-element-caption\"><a target=\"_blank\" href=\"https:\/\/www.365mountainbike.it\/fantamtb\/wp-content\/images\/results\/worlds_xc\/2010_elitem.pdf\" rel=\"noopener\">CLASSIFICHE COMPLETE<\/a><\/figcaption><\/figure>\n\n\n\n<p><\/p>\n\n\n\n<figure class=\"wp-block-table is-style-stripes\"><table class=\"has-black-color has-text-color\"><tbody><tr><td><span style=\"color: #ff0000;\"><strong>EL W<\/strong><\/span><\/td><\/tr><tr><td><img loading=\"lazy\" decoding=\"async\" style=\"border: 0pt none;\" src=\"\/fantamtb\/wp-content\/images\/iride.jpg\" alt=\"Campione del Mondo\" width=\"25\" height=\"16\" border=\"0\"><\/td><td><img loading=\"lazy\" decoding=\"async\" width=\"20\" height=\"13\" border=\"0\" src=\"\/fantamtb\/wp-content\/images\/pol.png\" alt=\"POL\"> <a href=\"https:\/\/www.365mountainbike.it\/fantamtb\/storia-mtb\/atleti\/maja-wloszczowska\/\">Maja WLOSZCZOWSKA<\/a><\/td><td><strong>1h48&#8217;21&#8221;<\/strong><\/td><\/tr><tr><td><strong>2<\/strong><\/td><td><img decoding=\"async\" border=\"0\" style=\"border: 0pt none;\" src=\"\/fantamtb\/wp-content\/images\/rus.png\" alt=\"RUS\"> <a href=\"https:\/\/www.365mountainbike.it\/fantamtb\/storia-mtb\/atleti\/irina-kalentieva\/\">Irina KALENTIEVA<\/a><\/td><td><strong>48&#8243;<\/strong><\/td><\/tr><tr><td><strong>3<\/strong><\/td><td><img loading=\"lazy\" decoding=\"async\" width=\"20\" height=\"11\" border=\"0\" style=\"border: 0pt none;\" src=\"\/fantamtb\/wp-content\/images\/usa.png\" alt=\"USA\"> <a href=\"https:\/\/www.365mountainbike.it\/fantamtb\/storia-mtb\/atleti\/willow-koerber\/\">Willow KOERBER<\/a><\/td><td><strong>52&#8243;<\/strong><\/td><\/tr><tr><td>4<\/td><td><img decoding=\"async\" style=\"border: 0pt none;\" src=\"\/fantamtb\/wp-content\/images\/can.png\" alt=\"CAN\" border=\"0\"> Catharine Pendrel<\/td><td>54&#8243;<\/td><\/tr><tr><td>5<\/td><td><img loading=\"lazy\" decoding=\"async\" src=\"\/fantamtb\/wp-content\/images\/aut.png\" alt=\"AUT\" width=\"20\" height=\"13\" border=\"0\"> Elisabeth Osl<\/td><td>2&#8217;00&#8221;<\/td><\/tr><tr><td>6<\/td><td><img loading=\"lazy\" decoding=\"async\" style=\"border: 0pt none;\" src=\"\/fantamtb\/wp-content\/images\/usa.png\" alt=\"USA\" width=\"20\" height=\"11\" border=\"0\"> Heather Irmiger<\/td><td>2&#8217;03&#8221;<\/td><\/tr><tr><td>7<\/td><td><img loading=\"lazy\" decoding=\"async\" src=\"\/fantamtb\/wp-content\/images\/pol.png\" alt=\"POL\" width=\"20\" height=\"13\" border=\"0\"> Anna Szafraniec<\/td><td>2&#8217;16&#8221;<\/td><\/tr><tr><td>8<\/td><td><img loading=\"lazy\" decoding=\"async\" style=\"border: 0pt none;\" src=\"\/fantamtb\/wp-content\/images\/ger.png\" alt=\"GER\" width=\"20\" height=\"12\" border=\"0\"> Sabine Spitz<\/td><td>2&#8217;32&#8221;<\/td><\/tr><tr><td>9<\/td><td><img decoding=\"async\" style=\"border: 0pt none;\" src=\"\/fantamtb\/wp-content\/images\/can.png\" alt=\"CAN\" border=\"0\"> Marie-Helene Premont<\/td><td>2&#8217;57&#8221;<\/td><\/tr><tr><td>10<\/td><td><img decoding=\"async\" style=\"border: 0pt none;\" src=\"\/fantamtb\/wp-content\/images\/ita.png\" alt=\"ITA\" border=\"0\"> Eva Lechner<\/td><td>3&#8217;43&#8221;<\/td><\/tr><tr><td>11<\/td><td><img loading=\"lazy\" decoding=\"async\" style=\"border: 0pt none;\" src=\"\/fantamtb\/wp-content\/images\/swi.png\" width=\"20\" height=\"13\" alt=\"SWI\" border=\"0\"> Nathalie Schneitter<\/td><td>4&#8217;32&#8221;<\/td><\/tr><tr><td>12<\/td><td><img loading=\"lazy\" decoding=\"async\" style=\"border: 0pt none;\" src=\"\/fantamtb\/wp-content\/images\/swi.png\" width=\"20\" height=\"13\" alt=\"SWI\" border=\"0\"> Marielle Guinchard<\/td><td>4&#8217;50&#8221;<\/td><\/tr><tr><td>13<\/td><td><img loading=\"lazy\" decoding=\"async\" style=\"border: 0pt none;\" src=\"\/fantamtb\/wp-content\/images\/usa.png\" alt=\"USA\" width=\"20\" height=\"11\" border=\"0\"> Mary McConneloug<\/td><td>5&#8217;31&#8221;<\/td><\/tr><tr><td>14<\/td><td><img loading=\"lazy\" decoding=\"async\" style=\"border: 0pt none;\" src=\"\/fantamtb\/wp-content\/images\/swi.png\" width=\"20\" height=\"13\" alt=\"SWI\" border=\"0\"> Katrin Leumann<\/td><td>6&#8217;34&#8221;<\/td><\/tr><tr><td>15<\/td><td><img decoding=\"async\" style=\"border: 0pt none;\" src=\"\/fantamtb\/wp-content\/images\/cin.png\" alt=\"CHI\" border=\"0\"> Chengyuan Ren<\/td><td>7&#8217;00&#8221;<\/td><\/tr><tr><td>16<\/td><td><img loading=\"lazy\" decoding=\"async\" style=\"border: 0pt none;\" src=\"\/fantamtb\/wp-content\/images\/cze.png\" alt=\"CZE\" width=\"20\" height=\"13\" border=\"0\"> Katerina Nash<\/td><td>7&#8217;17&#8221;<\/td><\/tr><tr><td>17<\/td><td><img decoding=\"async\" style=\"border: 0pt none;\" src=\"\/fantamtb\/wp-content\/images\/nze.png\" alt=\"NZE\" border=\"0\"> Rosara Joseph<\/td><td>7&#8217;18&#8221;<\/td><\/tr><tr><td>18<\/td><td><img loading=\"lazy\" decoding=\"async\" style=\"border: 0pt none;\" src=\"\/fantamtb\/wp-content\/images\/nor.png\" alt=\"NOR\" width=\"20\" height=\"15\" border=\"0\"> Gunn Rita Dahle<\/td><td>8&#8217;42&#8221;<\/td><\/tr><tr><td>19<\/td><td><img decoding=\"async\" style=\"border: 0pt none;\" src=\"\/fantamtb\/wp-content\/images\/den.png\" alt=\"DEN\" border=\"0\"> Annika Langvad<\/td><td>8&#8217;54&#8221;<\/td><\/tr><tr><td>20<\/td><td><img decoding=\"async\" style=\"border: 0pt none;\" src=\"\/fantamtb\/wp-content\/images\/fra.png\" alt=\"FRA\" border=\"0\"> Cecile Rode Ravanel<\/td><td>9&#8217;53&#8221;<\/td><\/tr><\/tbody><\/table><figcaption class=\"wp-element-caption\"><a target=\"_blank\" href=\"https:\/\/www.365mountainbike.it\/fantamtb\/wp-content\/images\/results\/worlds_xc\/2010_elitew.pdf\" rel=\"noopener\">CLASSIFICHE COMPLETE<\/a><\/figcaption><\/figure>\n\n\n\n<hr class=\"wp-block-separator has-css-opacity\"\/>\n\n\n\n<figure class=\"wp-block-table is-style-stripes\"><table class=\"has-black-color has-text-color\"><tbody><tr><td><span style=\"color: #ff0000;\"><strong>U23 M<\/strong><\/span><\/td><\/tr><tr><td><img loading=\"lazy\" decoding=\"async\" style=\"border: 0pt none;\" src=\"\/fantamtb\/wp-content\/images\/iride.jpg\" alt=\"Campione del Mondo\" width=\"25\" height=\"16\" border=\"0\"><\/td><td><img loading=\"lazy\" decoding=\"async\" border=\"0\" style=\"border: 0pt none;\" src=\"\/fantamtb\/wp-content\/images\/swi.png\" width=\"20\" height=\"13\" alt=\"SWI\"> <a href=\"https:\/\/www.365mountainbike.it\/fantamtb\/storia-mtb\/atleti\/mathias-fluckiger\/\">Mathias FLUCKIGER<\/a> <\/td><td><strong>1h45&#8217;15&#8221;<\/strong><\/td><\/tr><tr><td><strong>2<\/strong><\/td><td><img loading=\"lazy\" decoding=\"async\" border=\"0\" style=\"border: 0pt none;\" src=\"\/fantamtb\/wp-content\/images\/swi.png\" width=\"20\" height=\"13\" alt=\"SWI\"> <a href=\"https:\/\/www.365mountainbike.it\/fantamtb\/storia-mtb\/atleti\/thomas-litscher\/\">Thomas LITSCHER<\/a><\/td><td><strong>30&#8243;<\/strong><\/td><\/tr><tr><td><strong>3<\/strong><\/td><td><img loading=\"lazy\" decoding=\"async\" border=\"0\" style=\"border: 0pt none;\" src=\"\/fantamtb\/wp-content\/images\/swi.png\" width=\"20\" height=\"13\" alt=\"SWI\"> <a href=\"https:\/\/www.365mountainbike.it\/fantamtb\/storia-mtb\/atleti\/patrik-gallati\/\">Patrik GALLATI<\/a> <\/td><td><strong>1&#8217;04&#8221;<\/strong><\/td><\/tr><tr><td>4<\/td><td><img decoding=\"async\" style=\"border: 0pt none;\" src=\"\/fantamtb\/wp-content\/images\/fra.png\" alt=\"FRA\" border=\"0\"> Alexis Vuillermoz<\/td><td>1&#8217;49&#8221;<\/td><\/tr><tr><td>5<\/td><td><img decoding=\"async\" style=\"border: 0pt none;\" src=\"\/fantamtb\/wp-content\/images\/ita.png\" alt=\"ITA\" border=\"0\"> Gerard Kerschbaumer<\/td><td>3&#8217;28&#8221;<\/td><\/tr><tr><td>6<\/td><td><img loading=\"lazy\" decoding=\"async\" src=\"\/fantamtb\/wp-content\/images\/pol.png\" alt=\"POL\" width=\"20\" height=\"13\" border=\"0\"> Marek Konwa<\/td><td>3&#8217;37&#8221;<\/td><\/tr><tr><td>7<\/td><td><img loading=\"lazy\" decoding=\"async\" style=\"border: 0pt none;\" src=\"\/fantamtb\/wp-content\/images\/swi.png\" width=\"20\" height=\"13\" alt=\"SWI\" border=\"0\"> Martin Fanger<\/td><td>3&#8217;53&#8221;<\/td><\/tr><tr><td>8<\/td><td><img loading=\"lazy\" decoding=\"async\" style=\"border: 0pt none;\" src=\"\/fantamtb\/wp-content\/images\/bel.png\" alt=\"BEL\" width=\"20\" height=\"13\" border=\"0\"> Ruben Scheire<\/td><td>4&#8217;25&#8221;<\/td><\/tr><tr><td>9<\/td><td><img loading=\"lazy\" decoding=\"async\" style=\"border: 0pt none;\" src=\"\/fantamtb\/wp-content\/images\/hol.png\" alt=\"HOL\" width=\"20\" height=\"14\" border=\"0\"> Henk Jaap Moorlag<\/td><td>4&#8217;37&#8221;<\/td><\/tr><tr><td>10<\/td><td><img loading=\"lazy\" decoding=\"async\" style=\"border: 0pt none;\" src=\"\/fantamtb\/wp-content\/images\/swi.png\" width=\"20\" height=\"13\" alt=\"SWI\" border=\"0\"> Pascal Meyer<\/td><td>4&#8217;59&#8221;<\/td><\/tr><\/tbody><\/table><figcaption class=\"wp-element-caption\"><a target=\"_blank\" href=\"https:\/\/www.365mountainbike.it\/fantamtb\/wp-content\/images\/results\/worlds_xc\/2010_u23m.pdf\" rel=\"noopener\">CLASSIFICHE COMPLETE<\/a><\/figcaption><\/figure>\n\n\n\n<figure class=\"wp-block-table is-style-stripes\"><table class=\"has-black-color has-text-color\"><tbody><tr><td><span style=\"color: #ff0000;\"><strong>U23 W<\/strong><\/span><\/td><\/tr><tr><td><img loading=\"lazy\" decoding=\"async\" style=\"border: 0pt none;\" src=\"\/fantamtb\/wp-content\/images\/iride.jpg\" alt=\"Campione del Mondo\" width=\"25\" height=\"16\" border=\"0\"><\/td><td><img loading=\"lazy\" decoding=\"async\" width=\"20\" height=\"13\" border=\"0\" style=\"border: 0pt none;\" src=\"\/fantamtb\/wp-content\/images\/swe.png\" alt=\"SWE\"> <a href=\"index.php?option=com_content&amp;view=article&amp;id=510&amp;catid=31&amp;Itemid=265\">Alexandra ENGEN<\/a><\/td><td><strong>1h30&#8217;33&#8221;<\/strong><\/td><\/tr><tr><td><strong>2<\/strong><\/td><td><img loading=\"lazy\" decoding=\"async\" width=\"20\" height=\"14\" border=\"0\" style=\"border: 0pt none;\" src=\"\/fantamtb\/wp-content\/images\/gbr.png\" alt=\"GBR\"> <a href=\"https:\/\/www.365mountainbike.it\/fantamtb\/storia-mtb\/atleti\/annie-last\/\">Annie LAST<\/a> <\/td><td><strong>43&#8243;<\/strong><\/td><\/tr><tr><td><strong>3<\/strong><\/td><td><img loading=\"lazy\" decoding=\"async\" width=\"20\" height=\"13\" border=\"0\" src=\"\/fantamtb\/wp-content\/images\/pol.png\" alt=\"POL\"> <a href=\"https:\/\/www.365mountainbike.it\/fantamtb\/storia-mtb\/atleti\/paula-gorycka\/\">Paula GORYCKA<\/a> <\/td><td><strong>3&#8217;04&#8221;<\/strong><\/td><\/tr><tr><td>4<\/td><td><img loading=\"lazy\" decoding=\"async\" style=\"border: 0pt none;\" src=\"\/fantamtb\/wp-content\/images\/slo.png\" alt=\"SLO\" width=\"20\" height=\"13\" border=\"0\"> Tanja Zakelj<\/td><td>3&#8217;31&#8221;<\/td><\/tr><tr><td>5<\/td><td><img decoding=\"async\" style=\"border: 0pt none;\" src=\"\/fantamtb\/wp-content\/images\/can.png\" alt=\"CAN\" border=\"0\"> Emily Batty<\/td><td>3&#8217;49&#8221;<\/td><\/tr><tr><td>6<\/td><td><img decoding=\"async\" style=\"border: 0pt none;\" src=\"\/fantamtb\/wp-content\/images\/fra.png\" alt=\"FRA\" border=\"0\"> Fanny Bourdon<\/td><td>4&#8217;33&#8221;<\/td><\/tr><tr><td>7<\/td><td><img loading=\"lazy\" decoding=\"async\" style=\"border: 0pt none;\" src=\"\/fantamtb\/wp-content\/images\/ukr.png\" alt=\"UKR\" width=\"20\" height=\"13\" border=\"0\"> Barbara Benko<\/td><td>4&#8217;46&#8221;<\/td><\/tr><tr><td>8<\/td><td><img loading=\"lazy\" decoding=\"async\" style=\"border: 0pt none;\" src=\"\/fantamtb\/wp-content\/images\/swi.png\" width=\"20\" height=\"13\" alt=\"SWI\" border=\"0\"> Kathrin Stirnemann<\/td><td>5&#8217;09&#8221;<\/td><\/tr><tr><td>9<\/td><td><img loading=\"lazy\" decoding=\"async\" src=\"\/fantamtb\/wp-content\/images\/pol.png\" alt=\"POL\" width=\"20\" height=\"13\" border=\"0\"> Katarzyna Miskowiez<\/td><td>6&#8217;24&#8221;<\/td><\/tr><tr><td>10<\/td><td><img decoding=\"async\" style=\"border: 0pt none;\" src=\"\/fantamtb\/wp-content\/images\/rus.png\" alt=\"RUS\" border=\"0\"> Vera Andreeva<\/td><td>7&#8217;03&#8221;<\/td><\/tr><\/tbody><\/table><figcaption class=\"wp-element-caption\"><a target=\"_blank\" href=\"https:\/\/www.365mountainbike.it\/fantamtb\/wp-content\/images\/results\/worlds_xc\/2010_u23w.pdf\" rel=\"noopener\">CLASSIFICHE COMPLETE<\/a><\/figcaption><\/figure>\n\n\n\n<hr class=\"wp-block-separator has-css-opacity\"\/>\n\n\n\n<figure class=\"wp-block-table is-style-stripes\"><table class=\"has-black-color has-text-color\"><tbody><tr><td><span style=\"color: #ff0000;\"><strong>JUN M<\/strong><\/span><\/td><\/tr><tr><td><img loading=\"lazy\" decoding=\"async\" style=\"border: 0pt none;\" src=\"\/fantamtb\/wp-content\/images\/iride.jpg\" alt=\"Campione del Mondo\" width=\"25\" height=\"16\" border=\"0\"><\/td><td><img loading=\"lazy\" decoding=\"async\" width=\"20\" height=\"14\" border=\"0\" style=\"border: 0pt none;\" src=\"\/fantamtb\/wp-content\/images\/hol.png\" alt=\"HOL\"> <a href=\"https:\/\/www.365mountainbike.it\/fantamtb\/storia-mtb\/atleti\/michiel-van-der-heijden\/\">Michiel VAN DER HEIJDEN<\/a> <\/td><td><strong>1h33&#8217;54&#8221;<\/strong><\/td><\/tr><tr><td><strong>2<\/strong><\/td><td><img decoding=\"async\" border=\"0\" style=\"border: 0pt none;\" src=\"\/fantamtb\/wp-content\/images\/fra.png\" alt=\"FRA\"> <a href=\"https:\/\/www.365mountainbike.it\/fantamtb\/storia-mtb\/atleti\/julien-trarieux\/\">Julien TRARIEUX<\/a> <\/td><td><strong>1&#8217;48&#8221;<\/strong><\/td><\/tr><tr><td><strong>3<\/strong><\/td><td><img decoding=\"async\" border=\"0\" style=\"border: 0pt none;\" src=\"\/fantamtb\/wp-content\/images\/ger.png\" alt=\"GER\"> <a href=\"https:\/\/www.365mountainbike.it\/fantamtb\/storia-mtb\/atleti\/julian-schelb\/\">Julian SCHELB<\/a> <\/td><td><strong>2&#8217;14&#8221;<\/strong><\/td><\/tr><tr><td>4<\/td><td><img decoding=\"async\" style=\"border: 0pt none;\" src=\"\/fantamtb\/wp-content\/images\/ita.png\" alt=\"ITA\" border=\"0\"> Maximilian Vieder<\/td><td>2&#8217;35&#8221;<\/td><\/tr><tr><td>5<\/td><td><img loading=\"lazy\" decoding=\"async\" style=\"border: 0pt none;\" src=\"\/fantamtb\/wp-content\/images\/bel.png\" alt=\"BEL\" width=\"20\" height=\"13\" border=\"0\"> Jeff Luyten<\/td><td>2&#8217;39&#8221;<\/td><\/tr><tr><td>6<\/td><td><img decoding=\"async\" style=\"border: 0pt none;\" src=\"\/fantamtb\/wp-content\/images\/fra.png\" alt=\"FRA\" border=\"0\"> Marvin Gruget<\/td><td>3&#8217;06&#8221;<\/td><\/tr><tr><td>7<\/td><td><img loading=\"lazy\" decoding=\"async\" style=\"border: 0pt none;\" src=\"\/fantamtb\/wp-content\/images\/swi.png\" width=\"20\" height=\"13\" alt=\"SWI\" border=\"0\"> Roger Walder<\/td><td>3&#8217;38&#8221;<\/td><\/tr><tr><td>8<\/td><td><img decoding=\"async\" style=\"border: 0pt none;\" src=\"\/fantamtb\/wp-content\/images\/fra.png\" alt=\"FRA\" border=\"0\"> Alrick Martin<\/td><td>4&#8217;06&#8221;<\/td><\/tr><tr><td>9<\/td><td><img decoding=\"async\" style=\"border: 0pt none;\" src=\"\/fantamtb\/wp-content\/images\/can.png\" alt=\"CAN\" border=\"0\"> Evan Mcneely<\/td><td>4&#8217;07&#8221;<\/td><\/tr><tr><td>10<\/td><td><img decoding=\"async\" style=\"border: 0pt none;\" src=\"\/fantamtb\/wp-content\/images\/can.png\" alt=\"CAN\" border=\"0\"> Antoine Caron<\/td><td>4&#8217;10&#8221;<\/td><\/tr><\/tbody><\/table><figcaption class=\"wp-element-caption\"><a target=\"_blank\" href=\"https:\/\/www.365mountainbike.it\/fantamtb\/wp-content\/images\/results\/worlds_xc\/2010_juniorm.pdf\" rel=\"noopener\">CLASSIFICHE COMPLETE<\/a><\/figcaption><\/figure>\n\n\n\n<p><\/p>\n\n\n\n<figure class=\"wp-block-table is-style-stripes\"><table class=\"has-black-color has-text-color\"><tbody><tr><td><span style=\"color: #ff0000;\"><strong>JUN W<\/strong><\/span><\/td><\/tr><tr><td><img loading=\"lazy\" decoding=\"async\" style=\"border: 0pt none;\" src=\"\/fantamtb\/wp-content\/images\/iride.jpg\" alt=\"Campione del Mondo\" width=\"25\" height=\"16\" border=\"0\"><\/td><td><img decoding=\"async\" border=\"0\" style=\"border: 0pt none;\" src=\"\/fantamtb\/wp-content\/images\/fra.png\" alt=\"FRA\"> <a href=\"https:\/\/www.365mountainbike.it\/fantamtb\/storia-mtb\/atleti\/pauline-ferrand-prevot\/\">Pauline FERRAND-PREVOT<\/a><\/td><td><strong>1h18&#8217;23&#8221;<\/strong><\/td><\/tr><tr><td><strong>2<\/strong><\/td><td><img loading=\"lazy\" decoding=\"async\" width=\"20\" height=\"13\" border=\"0\" style=\"border: 0pt none;\" src=\"\/fantamtb\/wp-content\/images\/ukr.png\" alt=\"UKR\"> <a href=\"https:\/\/www.365mountainbike.it\/fantamtb\/storia-mtb\/atleti\/yana-belomoyna\/\">Yana BELOMOYNA<\/a> <\/td><td><strong>47&#8243;<\/strong><\/td><\/tr><tr><td><strong>3<\/strong><\/td><td><img decoding=\"async\" border=\"0\" style=\"border: 0pt none;\" src=\"\/fantamtb\/wp-content\/images\/ger.png\" alt=\"GER\"> <a href=\"https:\/\/www.365mountainbike.it\/fantamtb\/storia-mtb\/atleti\/helen-grobert\/\">Helen GROBERT<\/a> <\/td><td><strong>1&#8217;21&#8221;<\/strong><\/td><\/tr><tr><td>4<\/td><td><img decoding=\"async\" style=\"border: 0pt none;\" src=\"\/fantamtb\/wp-content\/images\/cin.png\" alt=\"CHI\" border=\"0\"> Yue Bai<\/td><td>1&#8217;43&#8221;<\/td><\/tr><tr><td>5<\/td><td><img loading=\"lazy\" decoding=\"async\" style=\"border: 0pt none;\" src=\"\/fantamtb\/wp-content\/images\/bel.png\" alt=\"BEL\" width=\"20\" height=\"13\" border=\"0\"> Elise Marzoal<\/td><td>2&#8217;42&#8221;<\/td><\/tr><tr><td>6<\/td><td><img decoding=\"async\" style=\"border: 0pt none;\" src=\"\/fantamtb\/wp-content\/images\/cze.png\" alt=\"CZE\" border=\"0\"> Karolina Kalasova<\/td><td>5&#8217;18&#8221;<\/td><\/tr><tr><td>7<\/td><td><img loading=\"lazy\" decoding=\"async\" src=\"\/fantamtb\/wp-content\/images\/aut.png\" alt=\"AUT\" width=\"20\" height=\"13\" border=\"0\"> Lisa Mitterbauer<\/td><td>6&#8217;02&#8221;<\/td><\/tr><tr><td>8<\/td><td><img decoding=\"async\" style=\"border: 0pt none;\" src=\"\/fantamtb\/wp-content\/images\/fra.png\" alt=\"FRA\" border=\"0\"> Cecile Delaire<\/td><td>7&#8217;25&#8221;<\/td><\/tr><tr><td>9<\/td><td><img decoding=\"async\" style=\"border: 0pt none;\" src=\"\/fantamtb\/wp-content\/images\/ger.png\" alt=\"GER\" border=\"0\"> Johanna Techt<\/td><td>7&#8217;34&#8221;<\/td><\/tr><tr><td>10<\/td><td><img decoding=\"async\" style=\"border: 0pt none;\" src=\"\/fantamtb\/wp-content\/images\/can.png\" alt=\"CAN\" border=\"0\"> Andreane Nadeau<\/td><td>7&#8217;39&#8221;<\/td><\/tr><\/tbody><\/table><figcaption class=\"wp-element-caption\"><a target=\"_blank\" href=\"https:\/\/www.365mountainbike.it\/fantamtb\/wp-content\/images\/results\/worlds_xc\/2010_juniorw.pdf\" rel=\"noopener\">CLASSIFICHE COMPLETE<\/a><\/figcaption><\/figure>\n\n\n\n<hr class=\"wp-block-separator has-css-opacity\"\/>\n\n\n\n<h1 class=\"wp-block-heading\" id=\"h-foto\">FOTO<\/h1>\n\n\n\n<figure class=\"wp-block-gallery has-nested-images columns-default is-cropped wp-block-gallery-1 is-layout-flex wp-block-gallery-is-layout-flex\">\n<figure class=\"wp-block-image size-medium\"><a href=\"https:\/\/www.365mountainbike.it\/fantamtb\/wp-content\/uploads\/2011\/05\/MAJA-WLOSZCZOWSKA-WORLD-CHAMPION-2010-XC-ELITE-WOMEN.jpg\"><picture><source srcset=\"https:\/\/www.365mountainbike.it\/fantamtb\/wp-content\/uploads\/2011\/05\/MAJA-WLOSZCZOWSKA-WORLD-CHAMPION-2010-XC-ELITE-WOMEN-300x203.jpg 300w, https:\/\/www.365mountainbike.it\/fantamtb\/wp-content\/uploads\/2011\/05\/MAJA-WLOSZCZOWSKA-WORLD-CHAMPION-2010-XC-ELITE-WOMEN-1024x692.jpg 1024w, https:\/\/www.365mountainbike.it\/fantamtb\/wp-content\/uploads\/2011\/05\/MAJA-WLOSZCZOWSKA-WORLD-CHAMPION-2010-XC-ELITE-WOMEN-768x519.jpg 768w,https:\/\/www.365mountainbike.it\/fantamtb\/wp-content\/uploads\/2011\/05\/MAJA-WLOSZCZOWSKA-WORLD-CHAMPION-2010-XC-ELITE-WOMEN-1536x1037.jpg.webp 1536w,https:\/\/www.365mountainbike.it\/fantamtb\/wp-content\/uploads\/2011\/05\/MAJA-WLOSZCZOWSKA-WORLD-CHAMPION-2010-XC-ELITE-WOMEN.jpg.webp 1777w\" sizes=\"auto, (max-width: 300px) 100vw, 300px\" type=\"image\/webp\"><img src=\"https:\/\/www.365mountainbike.it\/fantamtb\/wp-content\/uploads\/2011\/05\/MAJA-WLOSZCZOWSKA-WORLD-CHAMPION-2010-XC-ELITE-WOMEN-300x203.jpg\" height=\"203\" width=\"300\" srcset=\"https:\/\/www.365mountainbike.it\/fantamtb\/wp-content\/uploads\/2011\/05\/MAJA-WLOSZCZOWSKA-WORLD-CHAMPION-2010-XC-ELITE-WOMEN-300x203.jpg 300w, https:\/\/www.365mountainbike.it\/fantamtb\/wp-content\/uploads\/2011\/05\/MAJA-WLOSZCZOWSKA-WORLD-CHAMPION-2010-XC-ELITE-WOMEN-1024x692.jpg 1024w, https:\/\/www.365mountainbike.it\/fantamtb\/wp-content\/uploads\/2011\/05\/MAJA-WLOSZCZOWSKA-WORLD-CHAMPION-2010-XC-ELITE-WOMEN-768x519.jpg 768w, https:\/\/www.365mountainbike.it\/fantamtb\/wp-content\/uploads\/2011\/05\/MAJA-WLOSZCZOWSKA-WORLD-CHAMPION-2010-XC-ELITE-WOMEN-1536x1037.jpg 1536w, https:\/\/www.365mountainbike.it\/fantamtb\/wp-content\/uploads\/2011\/05\/MAJA-WLOSZCZOWSKA-WORLD-CHAMPION-2010-XC-ELITE-WOMEN.jpg 1777w\" sizes=\"auto, (max-width: 300px) 100vw, 300px\" class=\"wp-image-6625 sp-no-webp\" alt=\"MAJA WLOSZCZOWSKA CAMPIONE DEL MONDO 2010 XC ELITE WOMEN\" loading=\"lazy\" decoding=\"async\" data-id=\"6625\" style=\"aspect-ratio:1\"  > <\/picture><\/a><figcaption class=\"wp-element-caption\">\u00a9Mathieu Belanger &#8211; MAJA WLOSZCZOWSKA CAMPIONE DEL MONDO 2010 XC ELITE WOMEN<\/figcaption><\/figure>\n\n\n\n<figure class=\"wp-block-image size-medium\"><a href=\"https:\/\/www.365mountainbike.it\/fantamtb\/wp-content\/uploads\/2011\/05\/ANNA-VILLARARGENTE-FALLS.jpg\"><picture><source srcset=\"https:\/\/www.365mountainbike.it\/fantamtb\/wp-content\/uploads\/2011\/05\/ANNA-VILLARARGENTE-FALLS-300x201.jpg 300w, https:\/\/www.365mountainbike.it\/fantamtb\/wp-content\/uploads\/2011\/05\/ANNA-VILLARARGENTE-FALLS-1024x688.jpg 1024w, https:\/\/www.365mountainbike.it\/fantamtb\/wp-content\/uploads\/2011\/05\/ANNA-VILLARARGENTE-FALLS-768x516.jpg 768w,https:\/\/www.365mountainbike.it\/fantamtb\/wp-content\/uploads\/2011\/05\/ANNA-VILLARARGENTE-FALLS-1536x1031.jpg.webp 1536w,https:\/\/www.365mountainbike.it\/fantamtb\/wp-content\/uploads\/2011\/05\/ANNA-VILLARARGENTE-FALLS.jpg.webp 1787w\" sizes=\"auto, (max-width: 300px) 100vw, 300px\" type=\"image\/webp\"><img src=\"https:\/\/www.365mountainbike.it\/fantamtb\/wp-content\/uploads\/2011\/05\/ANNA-VILLARARGENTE-FALLS-300x201.jpg\" height=\"201\" width=\"300\" srcset=\"https:\/\/www.365mountainbike.it\/fantamtb\/wp-content\/uploads\/2011\/05\/ANNA-VILLARARGENTE-FALLS-300x201.jpg 300w, https:\/\/www.365mountainbike.it\/fantamtb\/wp-content\/uploads\/2011\/05\/ANNA-VILLARARGENTE-FALLS-1024x688.jpg 1024w, https:\/\/www.365mountainbike.it\/fantamtb\/wp-content\/uploads\/2011\/05\/ANNA-VILLARARGENTE-FALLS-768x516.jpg 768w, https:\/\/www.365mountainbike.it\/fantamtb\/wp-content\/uploads\/2011\/05\/ANNA-VILLARARGENTE-FALLS-1536x1031.jpg 1536w, https:\/\/www.365mountainbike.it\/fantamtb\/wp-content\/uploads\/2011\/05\/ANNA-VILLARARGENTE-FALLS.jpg 1787w\" sizes=\"auto, (max-width: 300px) 100vw, 300px\" class=\"wp-image-6624 sp-no-webp\" alt=\"ANNA VILLARARGENTE FALLS\" loading=\"lazy\" decoding=\"async\" data-id=\"6624\" style=\"aspect-ratio:1\"  > <\/picture><\/a><figcaption class=\"wp-element-caption\">\u00a9Mathieu Belanger &#8211; ANNA VILLARARGENTE FALLS<\/figcaption><\/figure>\n\n\n\n<figure class=\"wp-block-image size-medium\"><a href=\"https:\/\/www.365mountainbike.it\/fantamtb\/wp-content\/uploads\/2011\/05\/Jose-Antonio-Hermida-2010.jpg\"><picture><source srcset=\"https:\/\/www.365mountainbike.it\/fantamtb\/wp-content\/uploads\/2011\/05\/Jose-Antonio-Hermida-2010-300x300.jpg 300w, https:\/\/www.365mountainbike.it\/fantamtb\/wp-content\/uploads\/2011\/05\/Jose-Antonio-Hermida-2010-150x150.jpg 150w, https:\/\/www.365mountainbike.it\/fantamtb\/wp-content\/uploads\/2011\/05\/Jose-Antonio-Hermida-2010-768x768.jpg 768w, https:\/\/www.365mountainbike.it\/fantamtb\/wp-content\/uploads\/2011\/05\/Jose-Antonio-Hermida-2010-80x80.jpg 80w,https:\/\/www.365mountainbike.it\/fantamtb\/wp-content\/uploads\/2011\/05\/Jose-Antonio-Hermida-2010-120x120.jpg.webp 120w,https:\/\/www.365mountainbike.it\/fantamtb\/wp-content\/uploads\/2011\/05\/Jose-Antonio-Hermida-2010.jpg.webp 800w\" sizes=\"auto, (max-width: 300px) 100vw, 300px\" type=\"image\/webp\"><img src=\"https:\/\/www.365mountainbike.it\/fantamtb\/wp-content\/uploads\/2011\/05\/Jose-Antonio-Hermida-2010-300x300.jpg\" height=\"300\" width=\"300\" srcset=\"https:\/\/www.365mountainbike.it\/fantamtb\/wp-content\/uploads\/2011\/05\/Jose-Antonio-Hermida-2010-300x300.jpg 300w, https:\/\/www.365mountainbike.it\/fantamtb\/wp-content\/uploads\/2011\/05\/Jose-Antonio-Hermida-2010-150x150.jpg 150w, https:\/\/www.365mountainbike.it\/fantamtb\/wp-content\/uploads\/2011\/05\/Jose-Antonio-Hermida-2010-768x768.jpg 768w, https:\/\/www.365mountainbike.it\/fantamtb\/wp-content\/uploads\/2011\/05\/Jose-Antonio-Hermida-2010-80x80.jpg 80w, https:\/\/www.365mountainbike.it\/fantamtb\/wp-content\/uploads\/2011\/05\/Jose-Antonio-Hermida-2010-120x120.jpg 120w, https:\/\/www.365mountainbike.it\/fantamtb\/wp-content\/uploads\/2011\/05\/Jose-Antonio-Hermida-2010.jpg 800w\" sizes=\"auto, (max-width: 300px) 100vw, 300px\" class=\"wp-image-23478 sp-no-webp\" alt=\"Jos\u00e8 Antonio Hermida 2010\" loading=\"lazy\" decoding=\"async\" data-id=\"23478\" style=\"aspect-ratio:1\"  > <\/picture><\/a><figcaption class=\"wp-element-caption\">Jos\u00e8 Antonio Hermida 2010<\/figcaption><\/figure>\n<\/figure>\n\n\n\n<h2 class=\"wp-block-heading has-text-align-center has-white-color has-pale-cyan-blue-background-color has-text-color has-background\" id=\"h-compra-foto-mathieubelanger-com\">COMPRA FOTO -&gt;  <a href=\"https:\/\/mathieubelanger.com\/sports-action\/\" target=\"_blank\" rel=\"noreferrer noopener\">mathieubelanger.com<\/a><\/h2>\n\n\n\n<hr class=\"wp-block-separator has-css-opacity\"\/>\n\n\n\n<h1 class=\"wp-block-heading\" id=\"h-video\">VIDEO<\/h1>\n\n\n\n<h3 class=\"wp-block-heading\" id=\"h-maschile\">MASCHILE<\/h3>\n\n\n\n<figure class=\"wp-block-embed is-type-rich is-provider-handler-delloggetto-incorporato wp-block-embed-handler-delloggetto-incorporato wp-embed-aspect-4-3 wp-has-aspect-ratio\"><div class=\"wp-block-embed__wrapper\">\n<iframe loading=\"lazy\" title=\"Mtb Xco World Championship Men 2010 Mont Saint Anne.wmv\" width=\"740\" height=\"555\" src=\"https:\/\/www.youtube.com\/embed\/AkpycrKzbKo?feature=oembed\" frameborder=\"0\" allow=\"accelerometer; autoplay; clipboard-write; encrypted-media; gyroscope; picture-in-picture; web-share\" referrerpolicy=\"strict-origin-when-cross-origin\" allowfullscreen><\/iframe>\n<\/div><\/figure>\n\n\n\n<h3 class=\"wp-block-heading\" id=\"h-femminile\">FEMMINILE<\/h3>\n\n\n\n<figure class=\"wp-block-embed is-type-rich is-provider-handler-delloggetto-incorporato wp-block-embed-handler-delloggetto-incorporato wp-embed-aspect-16-9 wp-has-aspect-ratio\"><div class=\"wp-block-embed__wrapper\">\n<iframe loading=\"lazy\" title=\"Maja W\u0142oszczowska - Mistrzyni \u015awiata 2010 UCI MTB XC kat. elita kobiet 2010\" width=\"740\" height=\"416\" src=\"https:\/\/www.youtube.com\/embed\/5uW3tMkVBLo?feature=oembed\" frameborder=\"0\" allow=\"accelerometer; autoplay; clipboard-write; encrypted-media; gyroscope; picture-in-picture; web-share\" referrerpolicy=\"strict-origin-when-cross-origin\" allowfullscreen><\/iframe>\n<\/div><\/figure>\n\n\n\n<figure class=\"wp-block-embed is-type-rich is-provider-handler-delloggetto-incorporato wp-block-embed-handler-delloggetto-incorporato wp-embed-aspect-16-9 wp-has-aspect-ratio\"><div class=\"wp-block-embed__wrapper\">\n<iframe loading=\"lazy\" title=\"2010 XC World Championships\" width=\"740\" height=\"416\" src=\"https:\/\/www.youtube.com\/embed\/uMOVMuv3E44?feature=oembed\" frameborder=\"0\" allow=\"accelerometer; autoplay; clipboard-write; encrypted-media; gyroscope; picture-in-picture; web-share\" referrerpolicy=\"strict-origin-when-cross-origin\" allowfullscreen><\/iframe>\n<\/div><\/figure>\n","protected":false,"gt_translate_keys":[{"key":"rendered","format":"html"}]},"excerpt":{"rendered":"<p>1\/4 Settembre 2010 &#8211; In 14 anni di carriera lo spagnolo Jos\u00e9 Antonio Hermida non aveva mai vinto un campionato del mondo cross country \u00e9lite. Ci \u00e8 riuscito per la prima volta a Mont-Sainte Anne precedendo di 29&#8243; il ceco Jaroslav Kulhavy e di 1&#8217;10&#8221; il sudafricanoBurry Stander. Incontenibili la sua gioia e la sua [&hellip;]<\/p>\n","protected":false,"gt_translate_keys":[{"key":"rendered","format":"html"}]},"author":1,"featured_media":23479,"comment_status":"closed","ping_status":"open","sticky":false,"template":"","format":"standard","meta":{"footnotes":""},"categories":[1257],"tags":[6,25,8,26,13,27,28,29,30,31,32,33,18,34,35,36,19,22,23,37],"class_list":["post-2461","post","type-post","status-publish","format-standard","has-post-thumbnail","hentry","category-cross-country-xco","tag-alexandra-engen","tag-annie-last","tag-burry-stander","tag-helen-grobert","tag-irina-kalentieva","tag-jaroslav-kulhavy","tag-jose-antonio-hermida","tag-julian-schelb","tag-julien-trarieux","tag-maja-wloszczowska","tag-mathias-fluckiger","tag-michiel-van-der-heijden","tag-mondiali","tag-mont-sainte-anne","tag-patrik-gallati","tag-paula-gorycka","tag-pauline-ferrand-prevot","tag-thomas-litscher","tag-willow-koerber","tag-yana-belomoyna"],"yoast_head":"<!-- This site is optimized with the Yoast SEO plugin v27.5 - https:\/\/yoast.com\/product\/yoast-seo-wordpress\/ -->\n<title>Classifiche Campionati Mondiali MTB XC 2010, Mont Sainte-Anne (CANADA) | FANTAmtb<\/title>\n<meta name=\"robots\" content=\"index, follow, max-snippet:-1, max-image-preview:large, max-video-preview:-1\" \/>\n<link rel=\"canonical\" href=\"https:\/\/www.365mountainbike.it\/fantamtb\/storia-mtb\/cross-country-xco\/campionato-del-mondo-cross-country-2010\/\" \/>\n<meta property=\"og:locale\" content=\"it_IT\" \/>\n<meta property=\"og:type\" content=\"article\" \/>\n<meta property=\"og:title\" content=\"Classifiche Campionati Mondiali MTB XC 2010, Mont Sainte-Anne (CANADA) | FANTAmtb\" \/>\n<meta property=\"og:description\" content=\"1\/4 Settembre 2010 &#8211; In 14 anni di carriera lo spagnolo Jos\u00e9 Antonio Hermida non aveva mai vinto un campionato del mondo cross country \u00e9lite. Ci \u00e8 riuscito per la prima volta a Mont-Sainte Anne precedendo di 29&#8243; il ceco Jaroslav Kulhavy e di 1&#8217;10&#8221; il sudafricanoBurry Stander. Incontenibili la sua gioia e la sua [&hellip;]\" \/>\n<meta property=\"og:url\" content=\"https:\/\/www.365mountainbike.it\/fantamtb\/storia-mtb\/cross-country-xco\/campionato-del-mondo-cross-country-2010\/\" \/>\n<meta property=\"og:site_name\" content=\"FANTAmtb\" \/>\n<meta property=\"article:published_time\" content=\"2011-05-09T18:52:50+00:00\" \/>\n<meta property=\"article:modified_time\" content=\"2026-02-06T17:55:55+00:00\" \/>\n<meta property=\"og:image\" content=\"https:\/\/www.365mountainbike.it\/fantamtb\/wp-content\/uploads\/2011\/05\/hermida2-1080x675-1.jpg\" \/>\n\t<meta property=\"og:image:width\" content=\"1080\" \/>\n\t<meta property=\"og:image:height\" content=\"675\" \/>\n\t<meta property=\"og:image:type\" content=\"image\/jpeg\" \/>\n<meta name=\"author\" content=\"FANTAmtb\" \/>\n<meta name=\"twitter:card\" content=\"summary_large_image\" \/>\n<meta name=\"twitter:label1\" content=\"Scritto da\" \/>\n\t<meta name=\"twitter:data1\" content=\"FANTAmtb\" \/>\n\t<meta name=\"twitter:label2\" content=\"Tempo di lettura stimato\" \/>\n\t<meta name=\"twitter:data2\" content=\"26 minuti\" \/>\n<script type=\"application\/ld+json\" class=\"yoast-schema-graph\">{\"@context\":\"https:\\\/\\\/schema.org\",\"@graph\":[{\"@type\":\"Article\",\"@id\":\"https:\\\/\\\/www.365mountainbike.it\\\/fantamtb\\\/storia-mtb\\\/cross-country-xco\\\/campionato-del-mondo-cross-country-2010\\\/#article\",\"isPartOf\":{\"@id\":\"https:\\\/\\\/www.365mountainbike.it\\\/fantamtb\\\/storia-mtb\\\/cross-country-xco\\\/campionato-del-mondo-cross-country-2010\\\/\"},\"author\":{\"name\":\"FANTAmtb\",\"@id\":\"https:\\\/\\\/www.365mountainbike.it\\\/fantamtb\\\/#\\\/schema\\\/person\\\/7b4a30b446207c8d00024d9717c3b63b\"},\"headline\":\"Campionati Mondiali MTB XC 2010, Mont Sainte-Anne (CANADA)\",\"datePublished\":\"2011-05-09T18:52:50+00:00\",\"dateModified\":\"2026-02-06T17:55:55+00:00\",\"mainEntityOfPage\":{\"@id\":\"https:\\\/\\\/www.365mountainbike.it\\\/fantamtb\\\/storia-mtb\\\/cross-country-xco\\\/campionato-del-mondo-cross-country-2010\\\/\"},\"wordCount\":603,\"image\":{\"@id\":\"https:\\\/\\\/www.365mountainbike.it\\\/fantamtb\\\/storia-mtb\\\/cross-country-xco\\\/campionato-del-mondo-cross-country-2010\\\/#primaryimage\"},\"thumbnailUrl\":\"https:\\\/\\\/www.365mountainbike.it\\\/fantamtb\\\/wp-content\\\/uploads\\\/2011\\\/05\\\/hermida2-1080x675-1.jpg\",\"keywords\":[\"Alexandra Engen\",\"Annie Last\",\"Burry Stander\",\"Helen Grobert\",\"Irina Kalentieva\",\"Jaroslav Kulhavy\",\"Jose Antonio Hermida\",\"Julian Schelb\",\"Julien Trarieux\",\"Maja Wloszczowska\",\"Mathias Fluckiger\",\"Michiel Van Der Heijden\",\"Mondiali\",\"Mont Sainte Anne\",\"Patrik Gallati\",\"Paula Gorycka\",\"Pauline Ferrand Prevot\",\"Thomas Litscher\",\"Willow Koerber\",\"Yana Belomoyna\"],\"articleSection\":[\"Cross Country XCO\"],\"inLanguage\":\"it-IT\"},{\"@type\":\"WebPage\",\"@id\":\"https:\\\/\\\/www.365mountainbike.it\\\/fantamtb\\\/storia-mtb\\\/cross-country-xco\\\/campionato-del-mondo-cross-country-2010\\\/\",\"url\":\"https:\\\/\\\/www.365mountainbike.it\\\/fantamtb\\\/storia-mtb\\\/cross-country-xco\\\/campionato-del-mondo-cross-country-2010\\\/\",\"name\":\"Classifiche Campionati Mondiali MTB XC 2010, Mont Sainte-Anne (CANADA) | FANTAmtb\",\"isPartOf\":{\"@id\":\"https:\\\/\\\/www.365mountainbike.it\\\/fantamtb\\\/#website\"},\"primaryImageOfPage\":{\"@id\":\"https:\\\/\\\/www.365mountainbike.it\\\/fantamtb\\\/storia-mtb\\\/cross-country-xco\\\/campionato-del-mondo-cross-country-2010\\\/#primaryimage\"},\"image\":{\"@id\":\"https:\\\/\\\/www.365mountainbike.it\\\/fantamtb\\\/storia-mtb\\\/cross-country-xco\\\/campionato-del-mondo-cross-country-2010\\\/#primaryimage\"},\"thumbnailUrl\":\"https:\\\/\\\/www.365mountainbike.it\\\/fantamtb\\\/wp-content\\\/uploads\\\/2011\\\/05\\\/hermida2-1080x675-1.jpg\",\"datePublished\":\"2011-05-09T18:52:50+00:00\",\"dateModified\":\"2026-02-06T17:55:55+00:00\",\"author\":{\"@id\":\"https:\\\/\\\/www.365mountainbike.it\\\/fantamtb\\\/#\\\/schema\\\/person\\\/7b4a30b446207c8d00024d9717c3b63b\"},\"breadcrumb\":{\"@id\":\"https:\\\/\\\/www.365mountainbike.it\\\/fantamtb\\\/storia-mtb\\\/cross-country-xco\\\/campionato-del-mondo-cross-country-2010\\\/#breadcrumb\"},\"inLanguage\":\"it-IT\",\"potentialAction\":[{\"@type\":\"ReadAction\",\"target\":[\"https:\\\/\\\/www.365mountainbike.it\\\/fantamtb\\\/storia-mtb\\\/cross-country-xco\\\/campionato-del-mondo-cross-country-2010\\\/\"]}]},{\"@type\":\"ImageObject\",\"inLanguage\":\"it-IT\",\"@id\":\"https:\\\/\\\/www.365mountainbike.it\\\/fantamtb\\\/storia-mtb\\\/cross-country-xco\\\/campionato-del-mondo-cross-country-2010\\\/#primaryimage\",\"url\":\"https:\\\/\\\/www.365mountainbike.it\\\/fantamtb\\\/wp-content\\\/uploads\\\/2011\\\/05\\\/hermida2-1080x675-1.jpg\",\"contentUrl\":\"https:\\\/\\\/www.365mountainbike.it\\\/fantamtb\\\/wp-content\\\/uploads\\\/2011\\\/05\\\/hermida2-1080x675-1.jpg\",\"width\":1080,\"height\":675,\"caption\":\"Jos\u00e8 Antonio Hermida 2010\"},{\"@type\":\"BreadcrumbList\",\"@id\":\"https:\\\/\\\/www.365mountainbike.it\\\/fantamtb\\\/storia-mtb\\\/cross-country-xco\\\/campionato-del-mondo-cross-country-2010\\\/#breadcrumb\",\"itemListElement\":[{\"@type\":\"ListItem\",\"position\":1,\"name\":\"Home\",\"item\":\"https:\\\/\\\/www.365mountainbike.it\\\/fantamtb\\\/\"},{\"@type\":\"ListItem\",\"position\":2,\"name\":\"Storia MTB\",\"item\":\"https:\\\/\\\/www.365mountainbike.it\\\/fantamtb\\\/storia-mtb\\\/\"},{\"@type\":\"ListItem\",\"position\":3,\"name\":\"XCO Cross Country\",\"item\":\"https:\\\/\\\/www.365mountainbike.it\\\/fantamtb\\\/storia-mtb\\\/cross-country-xco\\\/\"},{\"@type\":\"ListItem\",\"position\":4,\"name\":\"Campionati Mondiali MTB XC 2010, Mont Sainte-Anne (CANADA)\"}]},{\"@type\":\"WebSite\",\"@id\":\"https:\\\/\\\/www.365mountainbike.it\\\/fantamtb\\\/#website\",\"url\":\"https:\\\/\\\/www.365mountainbike.it\\\/fantamtb\\\/\",\"name\":\"FANTAmtb\",\"description\":\"Il FANTAciclismo della Mountain Bike (FANTAcycling)\",\"potentialAction\":[{\"@type\":\"SearchAction\",\"target\":{\"@type\":\"EntryPoint\",\"urlTemplate\":\"https:\\\/\\\/www.365mountainbike.it\\\/fantamtb\\\/?s={search_term_string}\"},\"query-input\":{\"@type\":\"PropertyValueSpecification\",\"valueRequired\":true,\"valueName\":\"search_term_string\"}}],\"inLanguage\":\"it-IT\"},{\"@type\":\"Person\",\"@id\":\"https:\\\/\\\/www.365mountainbike.it\\\/fantamtb\\\/#\\\/schema\\\/person\\\/7b4a30b446207c8d00024d9717c3b63b\",\"name\":\"FANTAmtb\",\"image\":{\"@type\":\"ImageObject\",\"inLanguage\":\"it-IT\",\"@id\":\"\\\/\\\/www.365mountainbike.it\\\/fantamtb\\\/wp-content\\\/uploads\\\/wpforo\\\/avatars\\\/davide_1.png\",\"url\":\"\\\/\\\/www.365mountainbike.it\\\/fantamtb\\\/wp-content\\\/uploads\\\/wpforo\\\/avatars\\\/davide_1.png\",\"contentUrl\":\"\\\/\\\/www.365mountainbike.it\\\/fantamtb\\\/wp-content\\\/uploads\\\/wpforo\\\/avatars\\\/davide_1.png\",\"caption\":\"FANTAmtb\"},\"sameAs\":[\"https:\\\/\\\/www.365mountainbike.it\\\/fantamtb\"],\"url\":\"https:\\\/\\\/www.365mountainbike.it\\\/fantamtb\\\/author\\\/davide\\\/\"}]}<\/script>\n<!-- \/ Yoast SEO plugin. -->","yoast_head_json":{"title":"Classifiche Campionati Mondiali MTB XC 2010, Mont Sainte-Anne (CANADA) | FANTAmtb","robots":{"index":"index","follow":"follow","max-snippet":"max-snippet:-1","max-image-preview":"max-image-preview:large","max-video-preview":"max-video-preview:-1"},"canonical":"https:\/\/www.365mountainbike.it\/fantamtb\/storia-mtb\/cross-country-xco\/campionato-del-mondo-cross-country-2010\/","og_locale":"it_IT","og_type":"article","og_title":"Classifiche Campionati Mondiali MTB XC 2010, Mont Sainte-Anne (CANADA) | FANTAmtb","og_description":"1\/4 Settembre 2010 &#8211; In 14 anni di carriera lo spagnolo Jos\u00e9 Antonio Hermida non aveva mai vinto un campionato del mondo cross country \u00e9lite. Ci \u00e8 riuscito per la prima volta a Mont-Sainte Anne precedendo di 29&#8243; il ceco Jaroslav Kulhavy e di 1&#8217;10&#8221; il sudafricanoBurry Stander. Incontenibili la sua gioia e la sua [&hellip;]","og_url":"https:\/\/www.365mountainbike.it\/fantamtb\/storia-mtb\/cross-country-xco\/campionato-del-mondo-cross-country-2010\/","og_site_name":"FANTAmtb","article_published_time":"2011-05-09T18:52:50+00:00","article_modified_time":"2026-02-06T17:55:55+00:00","og_image":[{"width":1080,"height":675,"url":"https:\/\/www.365mountainbike.it\/fantamtb\/wp-content\/uploads\/2011\/05\/hermida2-1080x675-1.jpg","type":"image\/jpeg"}],"author":"FANTAmtb","twitter_card":"summary_large_image","twitter_misc":{"Scritto da":"FANTAmtb","Tempo di lettura stimato":"26 minuti"},"schema":{"@context":"https:\/\/schema.org","@graph":[{"@type":"Article","@id":"https:\/\/www.365mountainbike.it\/fantamtb\/storia-mtb\/cross-country-xco\/campionato-del-mondo-cross-country-2010\/#article","isPartOf":{"@id":"https:\/\/www.365mountainbike.it\/fantamtb\/storia-mtb\/cross-country-xco\/campionato-del-mondo-cross-country-2010\/"},"author":{"name":"FANTAmtb","@id":"https:\/\/www.365mountainbike.it\/fantamtb\/#\/schema\/person\/7b4a30b446207c8d00024d9717c3b63b"},"headline":"Campionati Mondiali MTB XC 2010, Mont Sainte-Anne (CANADA)","datePublished":"2011-05-09T18:52:50+00:00","dateModified":"2026-02-06T17:55:55+00:00","mainEntityOfPage":{"@id":"https:\/\/www.365mountainbike.it\/fantamtb\/storia-mtb\/cross-country-xco\/campionato-del-mondo-cross-country-2010\/"},"wordCount":603,"image":{"@id":"https:\/\/www.365mountainbike.it\/fantamtb\/storia-mtb\/cross-country-xco\/campionato-del-mondo-cross-country-2010\/#primaryimage"},"thumbnailUrl":"https:\/\/www.365mountainbike.it\/fantamtb\/wp-content\/uploads\/2011\/05\/hermida2-1080x675-1.jpg","keywords":["Alexandra Engen","Annie Last","Burry Stander","Helen Grobert","Irina Kalentieva","Jaroslav Kulhavy","Jose Antonio Hermida","Julian Schelb","Julien Trarieux","Maja Wloszczowska","Mathias Fluckiger","Michiel Van Der Heijden","Mondiali","Mont Sainte Anne","Patrik Gallati","Paula Gorycka","Pauline Ferrand Prevot","Thomas Litscher","Willow Koerber","Yana Belomoyna"],"articleSection":["Cross Country XCO"],"inLanguage":"it-IT"},{"@type":"WebPage","@id":"https:\/\/www.365mountainbike.it\/fantamtb\/storia-mtb\/cross-country-xco\/campionato-del-mondo-cross-country-2010\/","url":"https:\/\/www.365mountainbike.it\/fantamtb\/storia-mtb\/cross-country-xco\/campionato-del-mondo-cross-country-2010\/","name":"Classifiche Campionati Mondiali MTB XC 2010, Mont Sainte-Anne (CANADA) | FANTAmtb","isPartOf":{"@id":"https:\/\/www.365mountainbike.it\/fantamtb\/#website"},"primaryImageOfPage":{"@id":"https:\/\/www.365mountainbike.it\/fantamtb\/storia-mtb\/cross-country-xco\/campionato-del-mondo-cross-country-2010\/#primaryimage"},"image":{"@id":"https:\/\/www.365mountainbike.it\/fantamtb\/storia-mtb\/cross-country-xco\/campionato-del-mondo-cross-country-2010\/#primaryimage"},"thumbnailUrl":"https:\/\/www.365mountainbike.it\/fantamtb\/wp-content\/uploads\/2011\/05\/hermida2-1080x675-1.jpg","datePublished":"2011-05-09T18:52:50+00:00","dateModified":"2026-02-06T17:55:55+00:00","author":{"@id":"https:\/\/www.365mountainbike.it\/fantamtb\/#\/schema\/person\/7b4a30b446207c8d00024d9717c3b63b"},"breadcrumb":{"@id":"https:\/\/www.365mountainbike.it\/fantamtb\/storia-mtb\/cross-country-xco\/campionato-del-mondo-cross-country-2010\/#breadcrumb"},"inLanguage":"it-IT","potentialAction":[{"@type":"ReadAction","target":["https:\/\/www.365mountainbike.it\/fantamtb\/storia-mtb\/cross-country-xco\/campionato-del-mondo-cross-country-2010\/"]}]},{"@type":"ImageObject","inLanguage":"it-IT","@id":"https:\/\/www.365mountainbike.it\/fantamtb\/storia-mtb\/cross-country-xco\/campionato-del-mondo-cross-country-2010\/#primaryimage","url":"https:\/\/www.365mountainbike.it\/fantamtb\/wp-content\/uploads\/2011\/05\/hermida2-1080x675-1.jpg","contentUrl":"https:\/\/www.365mountainbike.it\/fantamtb\/wp-content\/uploads\/2011\/05\/hermida2-1080x675-1.jpg","width":1080,"height":675,"caption":"Jos\u00e8 Antonio Hermida 2010"},{"@type":"BreadcrumbList","@id":"https:\/\/www.365mountainbike.it\/fantamtb\/storia-mtb\/cross-country-xco\/campionato-del-mondo-cross-country-2010\/#breadcrumb","itemListElement":[{"@type":"ListItem","position":1,"name":"Home","item":"https:\/\/www.365mountainbike.it\/fantamtb\/"},{"@type":"ListItem","position":2,"name":"Storia MTB","item":"https:\/\/www.365mountainbike.it\/fantamtb\/storia-mtb\/"},{"@type":"ListItem","position":3,"name":"XCO Cross Country","item":"https:\/\/www.365mountainbike.it\/fantamtb\/storia-mtb\/cross-country-xco\/"},{"@type":"ListItem","position":4,"name":"Campionati Mondiali MTB XC 2010, Mont Sainte-Anne (CANADA)"}]},{"@type":"WebSite","@id":"https:\/\/www.365mountainbike.it\/fantamtb\/#website","url":"https:\/\/www.365mountainbike.it\/fantamtb\/","name":"FANTAmtb","description":"Il FANTAciclismo della Mountain Bike (FANTAcycling)","potentialAction":[{"@type":"SearchAction","target":{"@type":"EntryPoint","urlTemplate":"https:\/\/www.365mountainbike.it\/fantamtb\/?s={search_term_string}"},"query-input":{"@type":"PropertyValueSpecification","valueRequired":true,"valueName":"search_term_string"}}],"inLanguage":"it-IT"},{"@type":"Person","@id":"https:\/\/www.365mountainbike.it\/fantamtb\/#\/schema\/person\/7b4a30b446207c8d00024d9717c3b63b","name":"FANTAmtb","image":{"@type":"ImageObject","inLanguage":"it-IT","@id":"\/\/www.365mountainbike.it\/fantamtb\/wp-content\/uploads\/wpforo\/avatars\/davide_1.png","url":"\/\/www.365mountainbike.it\/fantamtb\/wp-content\/uploads\/wpforo\/avatars\/davide_1.png","contentUrl":"\/\/www.365mountainbike.it\/fantamtb\/wp-content\/uploads\/wpforo\/avatars\/davide_1.png","caption":"FANTAmtb"},"sameAs":["https:\/\/www.365mountainbike.it\/fantamtb"],"url":"https:\/\/www.365mountainbike.it\/fantamtb\/author\/davide\/"}]}},"gt_translate_keys":[{"key":"link","format":"url"}],"_links":{"self":[{"href":"https:\/\/www.365mountainbike.it\/fantamtb\/wp-json\/wp\/v2\/posts\/2461","targetHints":{"allow":["GET"]}}],"collection":[{"href":"https:\/\/www.365mountainbike.it\/fantamtb\/wp-json\/wp\/v2\/posts"}],"about":[{"href":"https:\/\/www.365mountainbike.it\/fantamtb\/wp-json\/wp\/v2\/types\/post"}],"author":[{"embeddable":true,"href":"https:\/\/www.365mountainbike.it\/fantamtb\/wp-json\/wp\/v2\/users\/1"}],"replies":[{"embeddable":true,"href":"https:\/\/www.365mountainbike.it\/fantamtb\/wp-json\/wp\/v2\/comments?post=2461"}],"version-history":[{"count":4,"href":"https:\/\/www.365mountainbike.it\/fantamtb\/wp-json\/wp\/v2\/posts\/2461\/revisions"}],"predecessor-version":[{"id":25731,"href":"https:\/\/www.365mountainbike.it\/fantamtb\/wp-json\/wp\/v2\/posts\/2461\/revisions\/25731"}],"wp:featuredmedia":[{"embeddable":true,"href":"https:\/\/www.365mountainbike.it\/fantamtb\/wp-json\/wp\/v2\/media\/23479"}],"wp:attachment":[{"href":"https:\/\/www.365mountainbike.it\/fantamtb\/wp-json\/wp\/v2\/media?parent=2461"}],"wp:term":[{"taxonomy":"category","embeddable":true,"href":"https:\/\/www.365mountainbike.it\/fantamtb\/wp-json\/wp\/v2\/categories?post=2461"},{"taxonomy":"post_tag","embeddable":true,"href":"https:\/\/www.365mountainbike.it\/fantamtb\/wp-json\/wp\/v2\/tags?post=2461"}],"curies":[{"name":"wp","href":"https:\/\/api.w.org\/{rel}","templated":true}]}}