{"id":24316,"date":"2024-05-28T17:55:27","date_gmt":"2024-05-28T17:55:27","guid":{"rendered":"https:\/\/www.365mountainbike.it\/fantamtb\/?p=24316"},"modified":"2025-02-25T16:09:30","modified_gmt":"2025-02-25T16:09:30","slug":"uci-mountain-bike-coppa-del-mondo-2024-xcm","status":"publish","type":"post","link":"https:\/\/www.365mountainbike.it\/fantamtb\/storia-mtb\/marathon-xcm\/uci-mountain-bike-coppa-del-mondo-2024-xcm\/","title":{"rendered":"UCI Mountain Bike Coppa del Mondo 2024 Marathon","gt_translate_keys":[{"key":"rendered","format":"text"}]},"content":{"rendered":"\n<p>Il weekend americano ha infatti incoronato&nbsp;<strong>Fabian Rabensteiner&nbsp;<\/strong>come&nbsp;<strong>vincitore della classifica generale&nbsp;<\/strong>di Coppa del Mondo Marathon per la seconda volta consecutiva.<\/p>\n\n\n\n<p><em>\u201cPortarsi a casa per la seconda volta consecutiva la Coppa del Mondo \u00e8 una soddisfazione davvero enorme<\/em>&nbsp;\u2013 ha ammesso Rabensteiner -.&nbsp;<em>Il Mondiale americano della settimana scorsa non era andato granch\u00e9 bene a causa dei problemi fisici che avevo avuto ultimamente. Oggi (ieri, ndr), invece, ho finalmente sentito che la gamba girava di nuovo come volevo. Ho provato a vincere la tappa, ma il finale \u00e8 stato un po\u2019 caotico e il 3\u00b0 posto va benissimo, visto che mi permette di vincere la generale\u201d.<\/em><\/p>\n\n\n\n<p><\/p>\n\n\n\n<figure class=\"wp-block-table is-style-stripes\"><table class=\"has-black-color has-text-color\"><tbody><tr><td><img loading=\"lazy\" decoding=\"async\" width=\"19\" height=\"13\" src=\"https:\/\/www.365mountainbike.it\/fantamtb\/wp-content\/images\/cze.png\" alt=\"CZE\">\u00a0Nove Mesto<br>&#8211; <a href=\"https:\/\/www.365mountainbike.it\/mondo-gare\/fabian-rabensteiner-straordinario-vince-a-nove-mesto\/\">REPORT<\/a><\/td><td><img decoding=\"async\" src=\"https:\/\/www.365mountainbike.it\/fantamtb\/wp-content\/images\/1.png\" alt=\"prima posizione\">&nbsp;<img loading=\"lazy\" decoding=\"async\" width=\"19\" height=\"13\" border=\"0\" style=\"border: 0pt none; border-width: 0pt;\" src=\"\/fantamtb\/wp-content\/images\/ita.png\" alt=\"Italy\"> Fabian RABENSTEINER<br><img decoding=\"async\" src=\"https:\/\/www.365mountainbike.it\/fantamtb\/wp-content\/images\/2.png\" alt=\"seconda posizione\"> <img loading=\"lazy\" decoding=\"async\" width=\"19\" height=\"13\" border=\"0\" style=\"border: 0pt none; border-width: 0pt;\" src=\"\/fantamtb\/wp-content\/images\/nam.png\" alt=\"Namibia\"> Alex MILLER<br><img decoding=\"async\" src=\"https:\/\/www.365mountainbike.it\/fantamtb\/wp-content\/images\/3.png\" alt=\"terza posizione\"> <img loading=\"lazy\" decoding=\"async\" width=\"19\" height=\"13\" border=\"0\" style=\"border: 0pt none; border-width: 0pt;\" src=\"\/fantamtb\/wp-content\/images\/ita.png\" alt=\"Italy\"> Samuele PORRO<\/td><td><img decoding=\"async\" src=\"https:\/\/www.365mountainbike.it\/fantamtb\/wp-content\/images\/1.png\" alt=\"prima posizione\">&nbsp;<img loading=\"lazy\" decoding=\"async\" width=\"19\" height=\"13\" border=\"0\" style=\"border: 0pt none; border-width: 0pt;\" src=\"\/fantamtb\/wp-content\/images\/nam.png\" alt=\"Namibia\"> Vera LOOSER<br><img decoding=\"async\" src=\"https:\/\/www.365mountainbike.it\/fantamtb\/wp-content\/images\/2.png\" alt=\"seconda posizione\">&nbsp;<img loading=\"lazy\" decoding=\"async\" width=\"19\" height=\"13\" src=\"https:\/\/www.365mountainbike.it\/fantamtb\/wp-content\/images\/bih.png\" alt=\"BIH\"> Lejla NJEMCEVIC<br><img decoding=\"async\" border=\"0\" style=\"border: 0pt none;\" src=\"\/fantamtb\/wp-content\/images\/3.png\" alt=\"terza posizione\"> <img loading=\"lazy\" decoding=\"async\" width=\"20\" height=\"16\" src=\"https:\/\/www.365mountainbike.it\/fantamtb\/wp-content\/images\/ned.png\" alt=\"NED\"> Rosa VAN DOORN<\/td><\/tr><tr><td><\/td><td><\/td><td><\/td><\/tr><tr><td><img loading=\"lazy\" decoding=\"async\" width=\"19\" height=\"13\" src=\"https:\/\/www.365mountainbike.it\/fantamtb\/wp-content\/images\/fra.png\" alt=\"FRA\"> Alta Savoia<br>&#8211; <a href=\"https:\/\/www.365mountainbike.it\/mondo-gare\/njemcevic-e-paez-vincono-lxcm-a-megeve-di-coppa-del-mondo\/\">REPORT<\/a><\/td><td><img decoding=\"async\" src=\"https:\/\/www.365mountainbike.it\/fantamtb\/wp-content\/images\/1.png\" alt=\"prima posizione\"> <img loading=\"lazy\" decoding=\"async\" width=\"19\" height=\"13\" border=\"0\" style=\"border: 0pt none; border-width: 0pt;\" src=\"\/fantamtb\/wp-content\/images\/col.png\" alt=\"COL\"> Leonardo PAEZ<br><img decoding=\"async\" src=\"https:\/\/www.365mountainbike.it\/fantamtb\/wp-content\/images\/2.png\" alt=\"seconda posizione\"> <img loading=\"lazy\" decoding=\"async\" width=\"20\" height=\"16\" src=\"https:\/\/www.365mountainbike.it\/fantamtb\/wp-content\/images\/ger.png\" alt=\"GER\"> Andreas SEEWALD<br><img decoding=\"async\" src=\"https:\/\/www.365mountainbike.it\/fantamtb\/wp-content\/images\/3.png\" alt=\"terza posizione\"> <img loading=\"lazy\" decoding=\"async\" width=\"19\" height=\"13\" border=\"0\" style=\"border: 0pt none; border-width: 0pt;\" src=\"\/fantamtb\/wp-content\/images\/ita.png\" alt=\"Italy\"> Samuele PORRO<\/td><td><img decoding=\"async\" src=\"https:\/\/www.365mountainbike.it\/fantamtb\/wp-content\/images\/1.png\" alt=\"prima posizione\"> <img loading=\"lazy\" decoding=\"async\" width=\"19\" height=\"13\" src=\"https:\/\/www.365mountainbike.it\/fantamtb\/wp-content\/images\/bih.png\" alt=\"BIH\"> Lejla NJEMCEVIC<br><img decoding=\"async\" src=\"https:\/\/www.365mountainbike.it\/fantamtb\/wp-content\/images\/2.png\" alt=\"seconda posizione\"> <img loading=\"lazy\" decoding=\"async\" width=\"19\" height=\"13\" border=\"0\" style=\"border: 0pt none; border-width: 0pt;\" src=\"\/fantamtb\/wp-content\/images\/usa.png\" alt=\"United States\"> Rae Hannah OTTO <br><img decoding=\"async\" src=\"https:\/\/www.365mountainbike.it\/fantamtb\/wp-content\/images\/3.png\" alt=\"terza posizione\"> <img loading=\"lazy\" decoding=\"async\" width=\"19\" height=\"13\" border=\"0\" style=\"border: 0pt none; border-width: 0pt;\" src=\"\/fantamtb\/wp-content\/images\/nam.png\" alt=\"Namibia\"> Vera LOOSER<\/td><\/tr><tr><td><\/td><td><\/td><td><\/td><\/tr><tr><td><img loading=\"lazy\" decoding=\"async\" width=\"19\" height=\"13\" border=\"0\" style=\"border: 0pt none; border-width: 0pt;\" src=\"\/fantamtb\/wp-content\/images\/usa.png\" alt=\"United States\"> Lake Placid<br>&#8211; <a href=\"https:\/\/www.365mountainbike.it\/mondo-gare\/fabian-rabensteiner-vince-la-coppa-del-mondo-xcm-marathon\/\">REPORT<\/a><\/td><td><img decoding=\"async\" src=\"https:\/\/www.365mountainbike.it\/fantamtb\/wp-content\/images\/1.png\" alt=\"prima posizione\"> <img loading=\"lazy\" decoding=\"async\" width=\"20\" height=\"16\" src=\"https:\/\/www.365mountainbike.it\/fantamtb\/wp-content\/images\/ger.png\" alt=\"GER\"> Simon SCHNELLER<br><img decoding=\"async\" src=\"https:\/\/www.365mountainbike.it\/fantamtb\/wp-content\/images\/2.png\" alt=\"seconda posizione\"> <img decoding=\"async\" border=\"0\" style=\"border: 0pt none;\" src=\"\/fantamtb\/wp-content\/images\/cze.png\" alt=\"CZE\"> Martin STOSEK<br><img decoding=\"async\" src=\"https:\/\/www.365mountainbike.it\/fantamtb\/wp-content\/images\/3.png\" alt=\"terza posizione\"> <img loading=\"lazy\" decoding=\"async\" width=\"19\" height=\"13\" border=\"0\" style=\"border: 0pt none; border-width: 0pt;\" src=\"\/fantamtb\/wp-content\/images\/ita.png\" alt=\"Italy\"> Fabian RABENSTEINER<\/td><td><img decoding=\"async\" src=\"https:\/\/www.365mountainbike.it\/fantamtb\/wp-content\/images\/1.png\" alt=\"prima posizione\"> <img loading=\"lazy\" decoding=\"async\" width=\"19\" height=\"13\" border=\"0\" style=\"border: 0pt none; border-width: 0pt;\" src=\"\/fantamtb\/wp-content\/images\/nam.png\" alt=\"Namibia\"> Vera LOOSER<br><img decoding=\"async\" src=\"https:\/\/www.365mountainbike.it\/fantamtb\/wp-content\/images\/2.png\" alt=\"seconda posizione\"> <img loading=\"lazy\" decoding=\"async\" width=\"20\" height=\"16\" src=\"https:\/\/www.365mountainbike.it\/fantamtb\/wp-content\/images\/ned.png\" alt=\"NED\"> Rosa VAN DOORN<br><img decoding=\"async\" src=\"https:\/\/www.365mountainbike.it\/fantamtb\/wp-content\/images\/3.png\" alt=\"terza posizione\"> <img loading=\"lazy\" decoding=\"async\" width=\"19\" height=\"13\" src=\"https:\/\/www.365mountainbike.it\/fantamtb\/wp-content\/images\/bih.png\" alt=\"BIH\"> Lejla NJEMCEVIC<\/td><\/tr><tr><td>&nbsp;<\/td><td>&nbsp;<\/td><td>&nbsp;<\/td><\/tr><tr><td><strong>CLASSIFICA GENERALE<br><strong>&#8211; <a href=\"https:\/\/www.365mountainbike.it\/fantamtb\/wp-content\/images\/results\/worldcup_xcm\/2024_elitem.pdf\" target=\"_blank\" rel=\"noreferrer noopener\">MASCHILE<\/a><br>&#8211; <a href=\"https:\/\/www.365mountainbike.it\/fantamtb\/wp-content\/images\/results\/worldcup_xcm\/2024_elitew.pdf\" target=\"_blank\" rel=\"noreferrer noopener\">FEMMINILE<\/a><\/strong><\/strong><\/td><td><img decoding=\"async\" src=\"https:\/\/www.365mountainbike.it\/fantamtb\/wp-content\/images\/1.png\" alt=\"prima posizione\">&nbsp;<img loading=\"lazy\" decoding=\"async\" width=\"19\" height=\"13\" border=\"0\" style=\"border: 0pt none; border-width: 0pt;\" src=\"\/fantamtb\/wp-content\/images\/ita.png\" alt=\"Italy\"> Fabian RABENSTEINER<br><img decoding=\"async\" src=\"https:\/\/www.365mountainbike.it\/fantamtb\/wp-content\/images\/2.png\" alt=\"seconda posizione\"> <img loading=\"lazy\" decoding=\"async\" width=\"19\" height=\"13\" border=\"0\" style=\"border: 0pt none; border-width: 0pt;\" src=\"\/fantamtb\/wp-content\/images\/col.png\" alt=\"COL\"> Leonardo PAEZ<br><img decoding=\"async\" src=\"https:\/\/www.365mountainbike.it\/fantamtb\/wp-content\/images\/3.png\" alt=\"terza posizione\"> <img loading=\"lazy\" decoding=\"async\" width=\"20\" height=\"16\" src=\"https:\/\/www.365mountainbike.it\/fantamtb\/wp-content\/images\/ger.png\" alt=\"GER\"> Simon SCHNELLER<\/td><td><img decoding=\"async\" src=\"https:\/\/www.365mountainbike.it\/fantamtb\/wp-content\/images\/1.png\" alt=\"prima posizione\">&nbsp;<img loading=\"lazy\" decoding=\"async\" width=\"19\" height=\"13\" border=\"0\" style=\"border: 0pt none; border-width: 0pt;\" src=\"\/fantamtb\/wp-content\/images\/nam.png\" alt=\"Namibia\"> Vera LOOSER<br><img decoding=\"async\" src=\"https:\/\/www.365mountainbike.it\/fantamtb\/wp-content\/images\/2.png\" alt=\"seconda posizione\"> <img loading=\"lazy\" decoding=\"async\" width=\"19\" height=\"13\" src=\"https:\/\/www.365mountainbike.it\/fantamtb\/wp-content\/images\/bih.png\" alt=\"BIH\"> Lejla NJEMCEVIC<br><img decoding=\"async\" src=\"https:\/\/www.365mountainbike.it\/fantamtb\/wp-content\/images\/3.png\" alt=\"terza posizione\"> <img loading=\"lazy\" decoding=\"async\" width=\"20\" height=\"13\" src=\"https:\/\/www.365mountainbike.it\/fantamtb\/wp-content\/images\/swi.png\" alt=\"\"> Janina WUST<\/td><\/tr><\/tbody><\/table><\/figure>\n\n\n\n<hr class=\"wp-block-separator has-css-opacity\"\/>\n\n\n\n<h1 class=\"wp-block-heading\" id=\"photos\">FOTO<\/h1>\n\n\n\n<figure class=\"wp-block-gallery has-nested-images columns-default is-cropped wp-block-gallery-1 is-layout-flex wp-block-gallery-is-layout-flex\">\n<figure class=\"wp-block-image size-large\"><a href=\"https:\/\/www.365mountainbike.it\/fantamtb\/wp-content\/uploads\/2024\/05\/rabensteiner-coppa-del-mondo-marathon-2048x1366-1.jpg\"><picture><source srcset=\"https:\/\/www.365mountainbike.it\/fantamtb\/wp-content\/uploads\/2024\/05\/rabensteiner-coppa-del-mondo-marathon-2048x1366-1-1024x683.jpg 1024w, https:\/\/www.365mountainbike.it\/fantamtb\/wp-content\/uploads\/2024\/05\/rabensteiner-coppa-del-mondo-marathon-2048x1366-1-300x200.jpg 300w, https:\/\/www.365mountainbike.it\/fantamtb\/wp-content\/uploads\/2024\/05\/rabensteiner-coppa-del-mondo-marathon-2048x1366-1-768x512.jpg 768w,https:\/\/www.365mountainbike.it\/fantamtb\/wp-content\/uploads\/2024\/05\/rabensteiner-coppa-del-mondo-marathon-2048x1366-1-1536x1025.jpg.webp 1536w,https:\/\/www.365mountainbike.it\/fantamtb\/wp-content\/uploads\/2024\/05\/rabensteiner-coppa-del-mondo-marathon-2048x1366-1.jpg.webp 2048w\" sizes=\"auto, (max-width: 1024px) 100vw, 1024px\" type=\"image\/webp\"><img src=\"https:\/\/www.365mountainbike.it\/fantamtb\/wp-content\/uploads\/2024\/05\/rabensteiner-coppa-del-mondo-marathon-2048x1366-1-1024x683.jpg\" height=\"683\" width=\"1024\" srcset=\"https:\/\/www.365mountainbike.it\/fantamtb\/wp-content\/uploads\/2024\/05\/rabensteiner-coppa-del-mondo-marathon-2048x1366-1-1024x683.jpg 1024w, https:\/\/www.365mountainbike.it\/fantamtb\/wp-content\/uploads\/2024\/05\/rabensteiner-coppa-del-mondo-marathon-2048x1366-1-300x200.jpg 300w, https:\/\/www.365mountainbike.it\/fantamtb\/wp-content\/uploads\/2024\/05\/rabensteiner-coppa-del-mondo-marathon-2048x1366-1-768x512.jpg 768w, https:\/\/www.365mountainbike.it\/fantamtb\/wp-content\/uploads\/2024\/05\/rabensteiner-coppa-del-mondo-marathon-2048x1366-1-1536x1025.jpg 1536w, https:\/\/www.365mountainbike.it\/fantamtb\/wp-content\/uploads\/2024\/05\/rabensteiner-coppa-del-mondo-marathon-2048x1366-1.jpg 2048w\" sizes=\"auto, (max-width: 1024px) 100vw, 1024px\" class=\"wp-image-24655 sp-no-webp\" alt=\"\" loading=\"lazy\" decoding=\"async\" data-id=\"24655\"  > <\/picture><\/a><\/figure>\n\n\n\n<figure class=\"wp-block-image size-large\"><a href=\"https:\/\/www.365mountainbike.it\/fantamtb\/wp-content\/uploads\/2024\/05\/podio-rabensteiner-scaled-1.jpg\"><picture><source srcset=\"https:\/\/www.365mountainbike.it\/fantamtb\/wp-content\/uploads\/2024\/05\/podio-rabensteiner-scaled-1-1024x683.jpg 1024w, https:\/\/www.365mountainbike.it\/fantamtb\/wp-content\/uploads\/2024\/05\/podio-rabensteiner-scaled-1-300x200.jpg 300w, https:\/\/www.365mountainbike.it\/fantamtb\/wp-content\/uploads\/2024\/05\/podio-rabensteiner-scaled-1-768x512.jpg 768w,https:\/\/www.365mountainbike.it\/fantamtb\/wp-content\/uploads\/2024\/05\/podio-rabensteiner-scaled-1-1536x1024.jpg.webp 1536w,https:\/\/www.365mountainbike.it\/fantamtb\/wp-content\/uploads\/2024\/05\/podio-rabensteiner-scaled-1-2048x1366.jpg.webp 2048w\" sizes=\"auto, (max-width: 1024px) 100vw, 1024px\" type=\"image\/webp\"><img src=\"https:\/\/www.365mountainbike.it\/fantamtb\/wp-content\/uploads\/2024\/05\/podio-rabensteiner-scaled-1-1024x683.jpg\" height=\"683\" width=\"1024\" srcset=\"https:\/\/www.365mountainbike.it\/fantamtb\/wp-content\/uploads\/2024\/05\/podio-rabensteiner-scaled-1-1024x683.jpg 1024w, https:\/\/www.365mountainbike.it\/fantamtb\/wp-content\/uploads\/2024\/05\/podio-rabensteiner-scaled-1-300x200.jpg 300w, https:\/\/www.365mountainbike.it\/fantamtb\/wp-content\/uploads\/2024\/05\/podio-rabensteiner-scaled-1-768x512.jpg 768w, https:\/\/www.365mountainbike.it\/fantamtb\/wp-content\/uploads\/2024\/05\/podio-rabensteiner-scaled-1-1536x1024.jpg 1536w, https:\/\/www.365mountainbike.it\/fantamtb\/wp-content\/uploads\/2024\/05\/podio-rabensteiner-scaled-1-2048x1366.jpg 2048w\" sizes=\"auto, (max-width: 1024px) 100vw, 1024px\" class=\"wp-image-24656 sp-no-webp\" alt=\"\" loading=\"lazy\" decoding=\"async\" data-id=\"24656\"  > <\/picture><\/a><\/figure>\n\n\n\n<figure class=\"wp-block-image size-large\"><a href=\"https:\/\/www.365mountainbike.it\/fantamtb\/wp-content\/uploads\/2024\/05\/podio-usa-2024-scaled-1.jpeg\"><picture><source srcset=\"https:\/\/www.365mountainbike.it\/fantamtb\/wp-content\/uploads\/2024\/05\/podio-usa-2024-scaled-1-1024x683.jpeg 1024w, https:\/\/www.365mountainbike.it\/fantamtb\/wp-content\/uploads\/2024\/05\/podio-usa-2024-scaled-1-300x200.jpeg 300w, https:\/\/www.365mountainbike.it\/fantamtb\/wp-content\/uploads\/2024\/05\/podio-usa-2024-scaled-1-768x512.jpeg 768w,https:\/\/www.365mountainbike.it\/fantamtb\/wp-content\/uploads\/2024\/05\/podio-usa-2024-scaled-1-1536x1024.jpeg.webp 1536w,https:\/\/www.365mountainbike.it\/fantamtb\/wp-content\/uploads\/2024\/05\/podio-usa-2024-scaled-1-2048x1366.jpeg.webp 2048w\" sizes=\"auto, (max-width: 1024px) 100vw, 1024px\" type=\"image\/webp\"><img src=\"https:\/\/www.365mountainbike.it\/fantamtb\/wp-content\/uploads\/2024\/05\/podio-usa-2024-scaled-1-1024x683.jpeg\" height=\"683\" width=\"1024\" srcset=\"https:\/\/www.365mountainbike.it\/fantamtb\/wp-content\/uploads\/2024\/05\/podio-usa-2024-scaled-1-1024x683.jpeg 1024w, https:\/\/www.365mountainbike.it\/fantamtb\/wp-content\/uploads\/2024\/05\/podio-usa-2024-scaled-1-300x200.jpeg 300w, https:\/\/www.365mountainbike.it\/fantamtb\/wp-content\/uploads\/2024\/05\/podio-usa-2024-scaled-1-768x512.jpeg 768w, https:\/\/www.365mountainbike.it\/fantamtb\/wp-content\/uploads\/2024\/05\/podio-usa-2024-scaled-1-1536x1024.jpeg 1536w, https:\/\/www.365mountainbike.it\/fantamtb\/wp-content\/uploads\/2024\/05\/podio-usa-2024-scaled-1-2048x1366.jpeg 2048w\" sizes=\"auto, (max-width: 1024px) 100vw, 1024px\" class=\"wp-image-24657 sp-no-webp\" alt=\"\" loading=\"lazy\" decoding=\"async\" data-id=\"24657\"  > <\/picture><\/a><\/figure>\n\n\n\n<figure class=\"wp-block-image size-large\"><a href=\"https:\/\/www.365mountainbike.it\/fantamtb\/wp-content\/uploads\/2024\/05\/Njemcevic-scaled-1.jpg\"><picture><source srcset=\"https:\/\/www.365mountainbike.it\/fantamtb\/wp-content\/uploads\/2024\/05\/Njemcevic-scaled-1-1024x683.jpg 1024w, https:\/\/www.365mountainbike.it\/fantamtb\/wp-content\/uploads\/2024\/05\/Njemcevic-scaled-1-300x200.jpg 300w, https:\/\/www.365mountainbike.it\/fantamtb\/wp-content\/uploads\/2024\/05\/Njemcevic-scaled-1-768x512.jpg 768w,https:\/\/www.365mountainbike.it\/fantamtb\/wp-content\/uploads\/2024\/05\/Njemcevic-scaled-1-1536x1024.jpg.webp 1536w,https:\/\/www.365mountainbike.it\/fantamtb\/wp-content\/uploads\/2024\/05\/Njemcevic-scaled-1-2048x1366.jpg.webp 2048w\" sizes=\"auto, (max-width: 1024px) 100vw, 1024px\" type=\"image\/webp\"><img src=\"https:\/\/www.365mountainbike.it\/fantamtb\/wp-content\/uploads\/2024\/05\/Njemcevic-scaled-1-1024x683.jpg\" height=\"683\" width=\"1024\" srcset=\"https:\/\/www.365mountainbike.it\/fantamtb\/wp-content\/uploads\/2024\/05\/Njemcevic-scaled-1-1024x683.jpg 1024w, https:\/\/www.365mountainbike.it\/fantamtb\/wp-content\/uploads\/2024\/05\/Njemcevic-scaled-1-300x200.jpg 300w, https:\/\/www.365mountainbike.it\/fantamtb\/wp-content\/uploads\/2024\/05\/Njemcevic-scaled-1-768x512.jpg 768w, https:\/\/www.365mountainbike.it\/fantamtb\/wp-content\/uploads\/2024\/05\/Njemcevic-scaled-1-1536x1024.jpg 1536w, https:\/\/www.365mountainbike.it\/fantamtb\/wp-content\/uploads\/2024\/05\/Njemcevic-scaled-1-2048x1366.jpg 2048w\" sizes=\"auto, (max-width: 1024px) 100vw, 1024px\" class=\"wp-image-24658 sp-no-webp\" alt=\"\" loading=\"lazy\" decoding=\"async\" data-id=\"24658\"  > <\/picture><\/a><\/figure>\n\n\n\n<figure class=\"wp-block-image size-large\"><a href=\"https:\/\/www.365mountainbike.it\/fantamtb\/wp-content\/uploads\/2024\/05\/podio-alta-savoia-2048x1365-1.jpg\"><picture><source srcset=\"https:\/\/www.365mountainbike.it\/fantamtb\/wp-content\/uploads\/2024\/05\/podio-alta-savoia-2048x1365-1-1024x683.jpg 1024w, https:\/\/www.365mountainbike.it\/fantamtb\/wp-content\/uploads\/2024\/05\/podio-alta-savoia-2048x1365-1-300x200.jpg 300w, https:\/\/www.365mountainbike.it\/fantamtb\/wp-content\/uploads\/2024\/05\/podio-alta-savoia-2048x1365-1-768x512.jpg 768w,https:\/\/www.365mountainbike.it\/fantamtb\/wp-content\/uploads\/2024\/05\/podio-alta-savoia-2048x1365-1-1536x1024.jpg.webp 1536w,https:\/\/www.365mountainbike.it\/fantamtb\/wp-content\/uploads\/2024\/05\/podio-alta-savoia-2048x1365-1.jpg.webp 2048w\" sizes=\"auto, (max-width: 1024px) 100vw, 1024px\" type=\"image\/webp\"><img src=\"https:\/\/www.365mountainbike.it\/fantamtb\/wp-content\/uploads\/2024\/05\/podio-alta-savoia-2048x1365-1-1024x683.jpg\" height=\"683\" width=\"1024\" srcset=\"https:\/\/www.365mountainbike.it\/fantamtb\/wp-content\/uploads\/2024\/05\/podio-alta-savoia-2048x1365-1-1024x683.jpg 1024w, https:\/\/www.365mountainbike.it\/fantamtb\/wp-content\/uploads\/2024\/05\/podio-alta-savoia-2048x1365-1-300x200.jpg 300w, https:\/\/www.365mountainbike.it\/fantamtb\/wp-content\/uploads\/2024\/05\/podio-alta-savoia-2048x1365-1-768x512.jpg 768w, https:\/\/www.365mountainbike.it\/fantamtb\/wp-content\/uploads\/2024\/05\/podio-alta-savoia-2048x1365-1-1536x1024.jpg 1536w, https:\/\/www.365mountainbike.it\/fantamtb\/wp-content\/uploads\/2024\/05\/podio-alta-savoia-2048x1365-1.jpg 2048w\" sizes=\"auto, (max-width: 1024px) 100vw, 1024px\" class=\"wp-image-24659 sp-no-webp\" alt=\"\" loading=\"lazy\" decoding=\"async\" data-id=\"24659\"  > <\/picture><\/a><\/figure>\n\n\n\n<figure class=\"wp-block-image size-large\"><a href=\"https:\/\/www.365mountainbike.it\/fantamtb\/wp-content\/uploads\/2024\/05\/Nove-Mesto-Marathon-2024-Fabian-Rabensteiner-1-1.jpeg\"><picture><source srcset=\"https:\/\/www.365mountainbike.it\/fantamtb\/wp-content\/uploads\/2024\/05\/Nove-Mesto-Marathon-2024-Fabian-Rabensteiner-1-1-1024x683.jpeg 1024w, https:\/\/www.365mountainbike.it\/fantamtb\/wp-content\/uploads\/2024\/05\/Nove-Mesto-Marathon-2024-Fabian-Rabensteiner-1-1-300x200.jpeg 300w, https:\/\/www.365mountainbike.it\/fantamtb\/wp-content\/uploads\/2024\/05\/Nove-Mesto-Marathon-2024-Fabian-Rabensteiner-1-1-768x512.jpeg 768w,https:\/\/www.365mountainbike.it\/fantamtb\/wp-content\/uploads\/2024\/05\/Nove-Mesto-Marathon-2024-Fabian-Rabensteiner-1-1-1536x1025.jpeg.webp 1536w,https:\/\/www.365mountainbike.it\/fantamtb\/wp-content\/uploads\/2024\/05\/Nove-Mesto-Marathon-2024-Fabian-Rabensteiner-1-1.jpeg.webp 2048w\" sizes=\"auto, (max-width: 1024px) 100vw, 1024px\" type=\"image\/webp\"><img src=\"https:\/\/www.365mountainbike.it\/fantamtb\/wp-content\/uploads\/2024\/05\/Nove-Mesto-Marathon-2024-Fabian-Rabensteiner-1-1-1024x683.jpeg\" height=\"683\" width=\"1024\" srcset=\"https:\/\/www.365mountainbike.it\/fantamtb\/wp-content\/uploads\/2024\/05\/Nove-Mesto-Marathon-2024-Fabian-Rabensteiner-1-1-1024x683.jpeg 1024w, https:\/\/www.365mountainbike.it\/fantamtb\/wp-content\/uploads\/2024\/05\/Nove-Mesto-Marathon-2024-Fabian-Rabensteiner-1-1-300x200.jpeg 300w, https:\/\/www.365mountainbike.it\/fantamtb\/wp-content\/uploads\/2024\/05\/Nove-Mesto-Marathon-2024-Fabian-Rabensteiner-1-1-768x512.jpeg 768w, https:\/\/www.365mountainbike.it\/fantamtb\/wp-content\/uploads\/2024\/05\/Nove-Mesto-Marathon-2024-Fabian-Rabensteiner-1-1-1536x1025.jpeg 1536w, https:\/\/www.365mountainbike.it\/fantamtb\/wp-content\/uploads\/2024\/05\/Nove-Mesto-Marathon-2024-Fabian-Rabensteiner-1-1.jpeg 2048w\" sizes=\"auto, (max-width: 1024px) 100vw, 1024px\" class=\"wp-image-24660 sp-no-webp\" alt=\"\" loading=\"lazy\" decoding=\"async\" data-id=\"24660\"  > <\/picture><\/a><\/figure>\n<\/figure>\n\n\n\n<h1 class=\"wp-block-heading\" id=\"videos\">VIDEO<\/h1>\n\n\n\n<figure class=\"wp-block-embed is-type-video is-provider-youtube wp-block-embed-youtube wp-embed-aspect-16-9 wp-has-aspect-ratio\"><div class=\"wp-block-embed__wrapper\">\n<iframe loading=\"lazy\" title=\"MARATHON RACE HIGHLIGHTS | UCI Mountain Bike Cross-country Marathon Nov\u00e9 M\u011bsto na Morav\u011b\" width=\"740\" height=\"416\" src=\"https:\/\/www.youtube.com\/embed\/SuORZAy25VY?feature=oembed\" frameborder=\"0\" allow=\"accelerometer; autoplay; clipboard-write; encrypted-media; gyroscope; picture-in-picture; web-share\" referrerpolicy=\"strict-origin-when-cross-origin\" allowfullscreen><\/iframe>\n<\/div><\/figure>\n\n\n\n<h3 class=\"wp-block-heading\" id=\"block-93aa61eb-2a1b-4734-92fa-142d52959ae9\">#1 NOVE MESTO<\/h3>\n\n\n\n<figure class=\"wp-block-embed is-type-video is-provider-youtube wp-block-embed-youtube wp-embed-aspect-16-9 wp-has-aspect-ratio\"><div class=\"wp-block-embed__wrapper\">\n<iframe loading=\"lazy\" title=\"Cross-country Marathon Race Highlights Morzine Avoriaz, Haute-Savoie | UCI XCM World Cup\" width=\"740\" height=\"416\" src=\"https:\/\/www.youtube.com\/embed\/AEXE5DpHQh0?start=19&#038;feature=oembed\" frameborder=\"0\" allow=\"accelerometer; autoplay; clipboard-write; encrypted-media; gyroscope; picture-in-picture; web-share\" referrerpolicy=\"strict-origin-when-cross-origin\" allowfullscreen><\/iframe>\n<\/div><\/figure>\n\n\n\n<h3 class=\"wp-block-heading\" id=\"block-40275355-1236-4fe1-a774-bf7e9d694ecc\">#2 ALTA SAVOIA<\/h3>\n\n\n\n<figure class=\"wp-block-embed is-type-video is-provider-youtube wp-block-embed-youtube wp-embed-aspect-16-9 wp-has-aspect-ratio\"><div class=\"wp-block-embed__wrapper\">\n<iframe loading=\"lazy\" title=\"Marathon Race Highlights | Lake Placid UCI Cross-country World Cup\" width=\"740\" height=\"416\" src=\"https:\/\/www.youtube.com\/embed\/5dUCjKUBK-c?feature=oembed\" frameborder=\"0\" allow=\"accelerometer; autoplay; clipboard-write; encrypted-media; gyroscope; picture-in-picture; web-share\" referrerpolicy=\"strict-origin-when-cross-origin\" allowfullscreen><\/iframe>\n<\/div><\/figure>\n\n\n\n<h3 class=\"wp-block-heading\" id=\"block-40275355-1236-4fe1-a774-bf7e9d694ecc\">#3 LAKE PLACID<\/h3>\n","protected":false,"gt_translate_keys":[{"key":"rendered","format":"html"}]},"excerpt":{"rendered":"<p>Il weekend americano ha infatti incoronato&nbsp;Fabian Rabensteiner&nbsp;come&nbsp;vincitore della classifica generale&nbsp;di Coppa del Mondo Marathon per la seconda volta consecutiva. \u201cPortarsi a casa per la seconda volta consecutiva la Coppa del Mondo \u00e8 una soddisfazione davvero enorme&nbsp;\u2013 ha ammesso Rabensteiner -.&nbsp;Il Mondiale americano della settimana scorsa non era andato granch\u00e9 bene a causa dei problemi fisici [&hellip;]<\/p>\n","protected":false,"gt_translate_keys":[{"key":"rendered","format":"html"}]},"author":1,"featured_media":24318,"comment_status":"closed","ping_status":"closed","sticky":false,"template":"","format":"standard","meta":{"footnotes":""},"categories":[1262],"tags":[1326,995,311,1325,740,1331,1290,1284,655,1001,593,1328,1330,1010,1327],"class_list":["post-24316","post","type-post","status-publish","format-standard","has-post-thumbnail","hentry","category-marathon-xcm","tag-alex-miller","tag-andreas-seewald","tag-coppa-del-mondo","tag-fabian-rabensteiner","tag-finale-ligure","tag-janina-wust","tag-lake-placid","tag-lejla-njemcevic","tag-leonardo-paez","tag-martin-stosek","tag-nove-mesto","tag-rae-hannah-otto","tag-rosa-van-doorn","tag-samuele-porro","tag-simon-schneller"],"yoast_head":"<!-- This site is optimized with the Yoast SEO plugin v27.5 - https:\/\/yoast.com\/product\/yoast-seo-wordpress\/ -->\n<title>Classifiche UCI Mountain Bike Coppa del Mondo 2024 Marathon | FANTAmtb<\/title>\n<meta name=\"robots\" content=\"index, follow, max-snippet:-1, max-image-preview:large, max-video-preview:-1\" \/>\n<link rel=\"canonical\" href=\"https:\/\/www.365mountainbike.it\/fantamtb\/storia-mtb\/marathon-xcm\/uci-mountain-bike-coppa-del-mondo-2024-xcm\/\" \/>\n<meta property=\"og:locale\" content=\"it_IT\" \/>\n<meta property=\"og:type\" content=\"article\" \/>\n<meta property=\"og:title\" content=\"Classifiche UCI Mountain Bike Coppa del Mondo 2024 Marathon | FANTAmtb\" \/>\n<meta property=\"og:description\" content=\"Il weekend americano ha infatti incoronato&nbsp;Fabian Rabensteiner&nbsp;come&nbsp;vincitore della classifica generale&nbsp;di Coppa del Mondo Marathon per la seconda volta consecutiva. \u201cPortarsi a casa per la seconda volta consecutiva la Coppa del Mondo \u00e8 una soddisfazione davvero enorme&nbsp;\u2013 ha ammesso Rabensteiner -.&nbsp;Il Mondiale americano della settimana scorsa non era andato granch\u00e9 bene a causa dei problemi fisici [&hellip;]\" \/>\n<meta property=\"og:url\" content=\"https:\/\/www.365mountainbike.it\/fantamtb\/storia-mtb\/marathon-xcm\/uci-mountain-bike-coppa-del-mondo-2024-xcm\/\" \/>\n<meta property=\"og:site_name\" content=\"FANTAmtb\" \/>\n<meta property=\"article:published_time\" content=\"2024-05-28T17:55:27+00:00\" \/>\n<meta property=\"article:modified_time\" content=\"2025-02-25T16:09:30+00:00\" \/>\n<meta property=\"og:image\" content=\"https:\/\/www.365mountainbike.it\/fantamtb\/wp-content\/uploads\/2024\/05\/Nove-Mesto-Marathon-2024-Fabian-Rabensteiner-1.jpeg\" \/>\n\t<meta property=\"og:image:width\" content=\"2048\" \/>\n\t<meta property=\"og:image:height\" content=\"1366\" \/>\n\t<meta property=\"og:image:type\" content=\"image\/jpeg\" \/>\n<meta name=\"author\" content=\"FANTAmtb\" \/>\n<meta name=\"twitter:card\" content=\"summary_large_image\" \/>\n<meta name=\"twitter:label1\" content=\"Scritto da\" \/>\n\t<meta name=\"twitter:data1\" content=\"FANTAmtb\" \/>\n\t<meta name=\"twitter:label2\" content=\"Tempo di lettura stimato\" \/>\n\t<meta name=\"twitter:data2\" content=\"24 minuti\" \/>\n<script type=\"application\/ld+json\" class=\"yoast-schema-graph\">{\"@context\":\"https:\\\/\\\/schema.org\",\"@graph\":[{\"@type\":\"Article\",\"@id\":\"https:\\\/\\\/www.365mountainbike.it\\\/fantamtb\\\/storia-mtb\\\/marathon-xcm\\\/uci-mountain-bike-coppa-del-mondo-2024-xcm\\\/#article\",\"isPartOf\":{\"@id\":\"https:\\\/\\\/www.365mountainbike.it\\\/fantamtb\\\/storia-mtb\\\/marathon-xcm\\\/uci-mountain-bike-coppa-del-mondo-2024-xcm\\\/\"},\"author\":{\"name\":\"FANTAmtb\",\"@id\":\"https:\\\/\\\/www.365mountainbike.it\\\/fantamtb\\\/#\\\/schema\\\/person\\\/7b4a30b446207c8d00024d9717c3b63b\"},\"headline\":\"UCI Mountain Bike Coppa del Mondo 2024 Marathon\",\"datePublished\":\"2024-05-28T17:55:27+00:00\",\"dateModified\":\"2025-02-25T16:09:30+00:00\",\"mainEntityOfPage\":{\"@id\":\"https:\\\/\\\/www.365mountainbike.it\\\/fantamtb\\\/storia-mtb\\\/marathon-xcm\\\/uci-mountain-bike-coppa-del-mondo-2024-xcm\\\/\"},\"wordCount\":225,\"image\":{\"@id\":\"https:\\\/\\\/www.365mountainbike.it\\\/fantamtb\\\/storia-mtb\\\/marathon-xcm\\\/uci-mountain-bike-coppa-del-mondo-2024-xcm\\\/#primaryimage\"},\"thumbnailUrl\":\"https:\\\/\\\/www.365mountainbike.it\\\/fantamtb\\\/wp-content\\\/uploads\\\/2024\\\/05\\\/Nove-Mesto-Marathon-2024-Fabian-Rabensteiner-1.jpeg\",\"keywords\":[\"Alex Miller\",\"Andreas Seewald\",\"Coppa Del Mondo\",\"Fabian Rabensteiner\",\"Finale Ligure\",\"Janina Wust\",\"Lake Placid\",\"Lejla Njemcevic\",\"Leonardo Paez\",\"Martin Stosek\",\"Nove Mesto\",\"Rae Hannah Otto\",\"Rosa Van Doorn\",\"Samuele Porro\",\"Simon Schneller\"],\"articleSection\":[\"Marathon XCM\"],\"inLanguage\":\"it-IT\"},{\"@type\":\"WebPage\",\"@id\":\"https:\\\/\\\/www.365mountainbike.it\\\/fantamtb\\\/storia-mtb\\\/marathon-xcm\\\/uci-mountain-bike-coppa-del-mondo-2024-xcm\\\/\",\"url\":\"https:\\\/\\\/www.365mountainbike.it\\\/fantamtb\\\/storia-mtb\\\/marathon-xcm\\\/uci-mountain-bike-coppa-del-mondo-2024-xcm\\\/\",\"name\":\"Classifiche UCI Mountain Bike Coppa del Mondo 2024 Marathon | FANTAmtb\",\"isPartOf\":{\"@id\":\"https:\\\/\\\/www.365mountainbike.it\\\/fantamtb\\\/#website\"},\"primaryImageOfPage\":{\"@id\":\"https:\\\/\\\/www.365mountainbike.it\\\/fantamtb\\\/storia-mtb\\\/marathon-xcm\\\/uci-mountain-bike-coppa-del-mondo-2024-xcm\\\/#primaryimage\"},\"image\":{\"@id\":\"https:\\\/\\\/www.365mountainbike.it\\\/fantamtb\\\/storia-mtb\\\/marathon-xcm\\\/uci-mountain-bike-coppa-del-mondo-2024-xcm\\\/#primaryimage\"},\"thumbnailUrl\":\"https:\\\/\\\/www.365mountainbike.it\\\/fantamtb\\\/wp-content\\\/uploads\\\/2024\\\/05\\\/Nove-Mesto-Marathon-2024-Fabian-Rabensteiner-1.jpeg\",\"datePublished\":\"2024-05-28T17:55:27+00:00\",\"dateModified\":\"2025-02-25T16:09:30+00:00\",\"author\":{\"@id\":\"https:\\\/\\\/www.365mountainbike.it\\\/fantamtb\\\/#\\\/schema\\\/person\\\/7b4a30b446207c8d00024d9717c3b63b\"},\"breadcrumb\":{\"@id\":\"https:\\\/\\\/www.365mountainbike.it\\\/fantamtb\\\/storia-mtb\\\/marathon-xcm\\\/uci-mountain-bike-coppa-del-mondo-2024-xcm\\\/#breadcrumb\"},\"inLanguage\":\"it-IT\",\"potentialAction\":[{\"@type\":\"ReadAction\",\"target\":[\"https:\\\/\\\/www.365mountainbike.it\\\/fantamtb\\\/storia-mtb\\\/marathon-xcm\\\/uci-mountain-bike-coppa-del-mondo-2024-xcm\\\/\"]}]},{\"@type\":\"ImageObject\",\"inLanguage\":\"it-IT\",\"@id\":\"https:\\\/\\\/www.365mountainbike.it\\\/fantamtb\\\/storia-mtb\\\/marathon-xcm\\\/uci-mountain-bike-coppa-del-mondo-2024-xcm\\\/#primaryimage\",\"url\":\"https:\\\/\\\/www.365mountainbike.it\\\/fantamtb\\\/wp-content\\\/uploads\\\/2024\\\/05\\\/Nove-Mesto-Marathon-2024-Fabian-Rabensteiner-1.jpeg\",\"contentUrl\":\"https:\\\/\\\/www.365mountainbike.it\\\/fantamtb\\\/wp-content\\\/uploads\\\/2024\\\/05\\\/Nove-Mesto-Marathon-2024-Fabian-Rabensteiner-1.jpeg\",\"width\":2048,\"height\":1366},{\"@type\":\"BreadcrumbList\",\"@id\":\"https:\\\/\\\/www.365mountainbike.it\\\/fantamtb\\\/storia-mtb\\\/marathon-xcm\\\/uci-mountain-bike-coppa-del-mondo-2024-xcm\\\/#breadcrumb\",\"itemListElement\":[{\"@type\":\"ListItem\",\"position\":1,\"name\":\"Home\",\"item\":\"https:\\\/\\\/www.365mountainbike.it\\\/fantamtb\\\/\"},{\"@type\":\"ListItem\",\"position\":2,\"name\":\"Storia MTB\",\"item\":\"https:\\\/\\\/www.365mountainbike.it\\\/fantamtb\\\/storia-mtb\\\/\"},{\"@type\":\"ListItem\",\"position\":3,\"name\":\"XCM Marathon\",\"item\":\"https:\\\/\\\/www.365mountainbike.it\\\/fantamtb\\\/storia-mtb\\\/marathon-xcm\\\/\"},{\"@type\":\"ListItem\",\"position\":4,\"name\":\"UCI Mountain Bike Coppa del Mondo 2024 Marathon\"}]},{\"@type\":\"WebSite\",\"@id\":\"https:\\\/\\\/www.365mountainbike.it\\\/fantamtb\\\/#website\",\"url\":\"https:\\\/\\\/www.365mountainbike.it\\\/fantamtb\\\/\",\"name\":\"FANTAmtb\",\"description\":\"Il FANTAciclismo della Mountain Bike (FANTAcycling)\",\"potentialAction\":[{\"@type\":\"SearchAction\",\"target\":{\"@type\":\"EntryPoint\",\"urlTemplate\":\"https:\\\/\\\/www.365mountainbike.it\\\/fantamtb\\\/?s={search_term_string}\"},\"query-input\":{\"@type\":\"PropertyValueSpecification\",\"valueRequired\":true,\"valueName\":\"search_term_string\"}}],\"inLanguage\":\"it-IT\"},{\"@type\":\"Person\",\"@id\":\"https:\\\/\\\/www.365mountainbike.it\\\/fantamtb\\\/#\\\/schema\\\/person\\\/7b4a30b446207c8d00024d9717c3b63b\",\"name\":\"FANTAmtb\",\"image\":{\"@type\":\"ImageObject\",\"inLanguage\":\"it-IT\",\"@id\":\"\\\/\\\/www.365mountainbike.it\\\/fantamtb\\\/wp-content\\\/uploads\\\/wpforo\\\/avatars\\\/davide_1.png\",\"url\":\"\\\/\\\/www.365mountainbike.it\\\/fantamtb\\\/wp-content\\\/uploads\\\/wpforo\\\/avatars\\\/davide_1.png\",\"contentUrl\":\"\\\/\\\/www.365mountainbike.it\\\/fantamtb\\\/wp-content\\\/uploads\\\/wpforo\\\/avatars\\\/davide_1.png\",\"caption\":\"FANTAmtb\"},\"sameAs\":[\"https:\\\/\\\/www.365mountainbike.it\\\/fantamtb\"],\"url\":\"https:\\\/\\\/www.365mountainbike.it\\\/fantamtb\\\/author\\\/davide\\\/\"}]}<\/script>\n<!-- \/ Yoast SEO plugin. -->","yoast_head_json":{"title":"Classifiche UCI Mountain Bike Coppa del Mondo 2024 Marathon | FANTAmtb","robots":{"index":"index","follow":"follow","max-snippet":"max-snippet:-1","max-image-preview":"max-image-preview:large","max-video-preview":"max-video-preview:-1"},"canonical":"https:\/\/www.365mountainbike.it\/fantamtb\/storia-mtb\/marathon-xcm\/uci-mountain-bike-coppa-del-mondo-2024-xcm\/","og_locale":"it_IT","og_type":"article","og_title":"Classifiche UCI Mountain Bike Coppa del Mondo 2024 Marathon | FANTAmtb","og_description":"Il weekend americano ha infatti incoronato&nbsp;Fabian Rabensteiner&nbsp;come&nbsp;vincitore della classifica generale&nbsp;di Coppa del Mondo Marathon per la seconda volta consecutiva. \u201cPortarsi a casa per la seconda volta consecutiva la Coppa del Mondo \u00e8 una soddisfazione davvero enorme&nbsp;\u2013 ha ammesso Rabensteiner -.&nbsp;Il Mondiale americano della settimana scorsa non era andato granch\u00e9 bene a causa dei problemi fisici [&hellip;]","og_url":"https:\/\/www.365mountainbike.it\/fantamtb\/storia-mtb\/marathon-xcm\/uci-mountain-bike-coppa-del-mondo-2024-xcm\/","og_site_name":"FANTAmtb","article_published_time":"2024-05-28T17:55:27+00:00","article_modified_time":"2025-02-25T16:09:30+00:00","og_image":[{"width":2048,"height":1366,"url":"https:\/\/www.365mountainbike.it\/fantamtb\/wp-content\/uploads\/2024\/05\/Nove-Mesto-Marathon-2024-Fabian-Rabensteiner-1.jpeg","type":"image\/jpeg"}],"author":"FANTAmtb","twitter_card":"summary_large_image","twitter_misc":{"Scritto da":"FANTAmtb","Tempo di lettura stimato":"24 minuti"},"schema":{"@context":"https:\/\/schema.org","@graph":[{"@type":"Article","@id":"https:\/\/www.365mountainbike.it\/fantamtb\/storia-mtb\/marathon-xcm\/uci-mountain-bike-coppa-del-mondo-2024-xcm\/#article","isPartOf":{"@id":"https:\/\/www.365mountainbike.it\/fantamtb\/storia-mtb\/marathon-xcm\/uci-mountain-bike-coppa-del-mondo-2024-xcm\/"},"author":{"name":"FANTAmtb","@id":"https:\/\/www.365mountainbike.it\/fantamtb\/#\/schema\/person\/7b4a30b446207c8d00024d9717c3b63b"},"headline":"UCI Mountain Bike Coppa del Mondo 2024 Marathon","datePublished":"2024-05-28T17:55:27+00:00","dateModified":"2025-02-25T16:09:30+00:00","mainEntityOfPage":{"@id":"https:\/\/www.365mountainbike.it\/fantamtb\/storia-mtb\/marathon-xcm\/uci-mountain-bike-coppa-del-mondo-2024-xcm\/"},"wordCount":225,"image":{"@id":"https:\/\/www.365mountainbike.it\/fantamtb\/storia-mtb\/marathon-xcm\/uci-mountain-bike-coppa-del-mondo-2024-xcm\/#primaryimage"},"thumbnailUrl":"https:\/\/www.365mountainbike.it\/fantamtb\/wp-content\/uploads\/2024\/05\/Nove-Mesto-Marathon-2024-Fabian-Rabensteiner-1.jpeg","keywords":["Alex Miller","Andreas Seewald","Coppa Del Mondo","Fabian Rabensteiner","Finale Ligure","Janina Wust","Lake Placid","Lejla Njemcevic","Leonardo Paez","Martin Stosek","Nove Mesto","Rae Hannah Otto","Rosa Van Doorn","Samuele Porro","Simon Schneller"],"articleSection":["Marathon XCM"],"inLanguage":"it-IT"},{"@type":"WebPage","@id":"https:\/\/www.365mountainbike.it\/fantamtb\/storia-mtb\/marathon-xcm\/uci-mountain-bike-coppa-del-mondo-2024-xcm\/","url":"https:\/\/www.365mountainbike.it\/fantamtb\/storia-mtb\/marathon-xcm\/uci-mountain-bike-coppa-del-mondo-2024-xcm\/","name":"Classifiche UCI Mountain Bike Coppa del Mondo 2024 Marathon | FANTAmtb","isPartOf":{"@id":"https:\/\/www.365mountainbike.it\/fantamtb\/#website"},"primaryImageOfPage":{"@id":"https:\/\/www.365mountainbike.it\/fantamtb\/storia-mtb\/marathon-xcm\/uci-mountain-bike-coppa-del-mondo-2024-xcm\/#primaryimage"},"image":{"@id":"https:\/\/www.365mountainbike.it\/fantamtb\/storia-mtb\/marathon-xcm\/uci-mountain-bike-coppa-del-mondo-2024-xcm\/#primaryimage"},"thumbnailUrl":"https:\/\/www.365mountainbike.it\/fantamtb\/wp-content\/uploads\/2024\/05\/Nove-Mesto-Marathon-2024-Fabian-Rabensteiner-1.jpeg","datePublished":"2024-05-28T17:55:27+00:00","dateModified":"2025-02-25T16:09:30+00:00","author":{"@id":"https:\/\/www.365mountainbike.it\/fantamtb\/#\/schema\/person\/7b4a30b446207c8d00024d9717c3b63b"},"breadcrumb":{"@id":"https:\/\/www.365mountainbike.it\/fantamtb\/storia-mtb\/marathon-xcm\/uci-mountain-bike-coppa-del-mondo-2024-xcm\/#breadcrumb"},"inLanguage":"it-IT","potentialAction":[{"@type":"ReadAction","target":["https:\/\/www.365mountainbike.it\/fantamtb\/storia-mtb\/marathon-xcm\/uci-mountain-bike-coppa-del-mondo-2024-xcm\/"]}]},{"@type":"ImageObject","inLanguage":"it-IT","@id":"https:\/\/www.365mountainbike.it\/fantamtb\/storia-mtb\/marathon-xcm\/uci-mountain-bike-coppa-del-mondo-2024-xcm\/#primaryimage","url":"https:\/\/www.365mountainbike.it\/fantamtb\/wp-content\/uploads\/2024\/05\/Nove-Mesto-Marathon-2024-Fabian-Rabensteiner-1.jpeg","contentUrl":"https:\/\/www.365mountainbike.it\/fantamtb\/wp-content\/uploads\/2024\/05\/Nove-Mesto-Marathon-2024-Fabian-Rabensteiner-1.jpeg","width":2048,"height":1366},{"@type":"BreadcrumbList","@id":"https:\/\/www.365mountainbike.it\/fantamtb\/storia-mtb\/marathon-xcm\/uci-mountain-bike-coppa-del-mondo-2024-xcm\/#breadcrumb","itemListElement":[{"@type":"ListItem","position":1,"name":"Home","item":"https:\/\/www.365mountainbike.it\/fantamtb\/"},{"@type":"ListItem","position":2,"name":"Storia MTB","item":"https:\/\/www.365mountainbike.it\/fantamtb\/storia-mtb\/"},{"@type":"ListItem","position":3,"name":"XCM Marathon","item":"https:\/\/www.365mountainbike.it\/fantamtb\/storia-mtb\/marathon-xcm\/"},{"@type":"ListItem","position":4,"name":"UCI Mountain Bike Coppa del Mondo 2024 Marathon"}]},{"@type":"WebSite","@id":"https:\/\/www.365mountainbike.it\/fantamtb\/#website","url":"https:\/\/www.365mountainbike.it\/fantamtb\/","name":"FANTAmtb","description":"Il FANTAciclismo della Mountain Bike (FANTAcycling)","potentialAction":[{"@type":"SearchAction","target":{"@type":"EntryPoint","urlTemplate":"https:\/\/www.365mountainbike.it\/fantamtb\/?s={search_term_string}"},"query-input":{"@type":"PropertyValueSpecification","valueRequired":true,"valueName":"search_term_string"}}],"inLanguage":"it-IT"},{"@type":"Person","@id":"https:\/\/www.365mountainbike.it\/fantamtb\/#\/schema\/person\/7b4a30b446207c8d00024d9717c3b63b","name":"FANTAmtb","image":{"@type":"ImageObject","inLanguage":"it-IT","@id":"\/\/www.365mountainbike.it\/fantamtb\/wp-content\/uploads\/wpforo\/avatars\/davide_1.png","url":"\/\/www.365mountainbike.it\/fantamtb\/wp-content\/uploads\/wpforo\/avatars\/davide_1.png","contentUrl":"\/\/www.365mountainbike.it\/fantamtb\/wp-content\/uploads\/wpforo\/avatars\/davide_1.png","caption":"FANTAmtb"},"sameAs":["https:\/\/www.365mountainbike.it\/fantamtb"],"url":"https:\/\/www.365mountainbike.it\/fantamtb\/author\/davide\/"}]}},"gt_translate_keys":[{"key":"link","format":"url"}],"_links":{"self":[{"href":"https:\/\/www.365mountainbike.it\/fantamtb\/wp-json\/wp\/v2\/posts\/24316","targetHints":{"allow":["GET"]}}],"collection":[{"href":"https:\/\/www.365mountainbike.it\/fantamtb\/wp-json\/wp\/v2\/posts"}],"about":[{"href":"https:\/\/www.365mountainbike.it\/fantamtb\/wp-json\/wp\/v2\/types\/post"}],"author":[{"embeddable":true,"href":"https:\/\/www.365mountainbike.it\/fantamtb\/wp-json\/wp\/v2\/users\/1"}],"replies":[{"embeddable":true,"href":"https:\/\/www.365mountainbike.it\/fantamtb\/wp-json\/wp\/v2\/comments?post=24316"}],"version-history":[{"count":5,"href":"https:\/\/www.365mountainbike.it\/fantamtb\/wp-json\/wp\/v2\/posts\/24316\/revisions"}],"predecessor-version":[{"id":24662,"href":"https:\/\/www.365mountainbike.it\/fantamtb\/wp-json\/wp\/v2\/posts\/24316\/revisions\/24662"}],"wp:featuredmedia":[{"embeddable":true,"href":"https:\/\/www.365mountainbike.it\/fantamtb\/wp-json\/wp\/v2\/media\/24318"}],"wp:attachment":[{"href":"https:\/\/www.365mountainbike.it\/fantamtb\/wp-json\/wp\/v2\/media?parent=24316"}],"wp:term":[{"taxonomy":"category","embeddable":true,"href":"https:\/\/www.365mountainbike.it\/fantamtb\/wp-json\/wp\/v2\/categories?post=24316"},{"taxonomy":"post_tag","embeddable":true,"href":"https:\/\/www.365mountainbike.it\/fantamtb\/wp-json\/wp\/v2\/tags?post=24316"}],"curies":[{"name":"wp","href":"https:\/\/api.w.org\/{rel}","templated":true}]}}