{"id":24296,"date":"2024-05-12T11:57:47","date_gmt":"2024-05-12T11:57:47","guid":{"rendered":"https:\/\/www.365mountainbike.it\/fantamtb\/?p=24296"},"modified":"2026-02-07T16:07:26","modified_gmt":"2026-02-07T16:07:26","slug":"uci-mountain-bike-coppa-del-mondo-2024-xc","status":"publish","type":"post","link":"https:\/\/www.365mountainbike.it\/fantamtb\/storia-mtb\/cross-country-xco\/uci-mountain-bike-coppa-del-mondo-2024-xc\/","title":{"rendered":"UCI Mountain Bike Coppa del Mondo 2024 MTB XC","gt_translate_keys":[{"key":"rendered","format":"text"}]},"content":{"rendered":"\n<p>Coppa del Mondo 2024 che vede tanti vincitori e il salto di qualit\u00e0 definitivo di Alan Hatherly che vince mondiale e Coppa del Mondo tra gli Elite maschili. Nelle donne, vince la generale Alessandra Keller, super costante in tutta la stagione.<\/p>\n\n\n\n<p><\/p>\n\n\n\n<figure class=\"wp-block-table is-style-stripes\"><table class=\"has-black-color has-text-color\"><tbody><tr><td><img loading=\"lazy\" decoding=\"async\" width=\"19\" height=\"13\" src=\"https:\/\/www.365mountainbike.it\/fantamtb\/wp-content\/images\/bra.png\" alt=\"BRA\">&nbsp;Mairopora<br>&#8211; <a href=\"https:\/\/www.365mountainbike.it\/mondo-gare\/coppa-del-mondo-mairipora-che-gara-avondetto-vince-blevins\/\" target=\"_blank\" rel=\"noreferrer noopener\">REPORT UOMINI<\/a><br>&#8211; <a href=\"https:\/\/www.365mountainbike.it\/mondo-gare\/coppa-del-mondo-mairipora-chiara-teocchi-stupisce-vince-rissveds\/\" target=\"_blank\" rel=\"noreferrer noopener\">REPORT DONNE<\/a><br>&#8211;<em> <a href=\"https:\/\/www.365mountainbike.it\/mondo-gare\/u23-amos-e-bohm-aprono-la-coppa-del-mondo-xc-2024\/\" target=\"_blank\" rel=\"noreferrer noopener\">U23 M<\/a> | <a href=\"https:\/\/www.365mountainbike.it\/mondo-gare\/u23-amos-e-bohm-aprono-la-coppa-del-mondo-xc-2024\/\" target=\"_blank\" rel=\"noreferrer noopener\">U23 W<\/a><\/em><\/td><td><img decoding=\"async\" src=\"https:\/\/www.365mountainbike.it\/fantamtb\/wp-content\/images\/1.png\" alt=\"prima posizione\">&nbsp;<img loading=\"lazy\" decoding=\"async\" width=\"19\" height=\"13\" border=\"0\" style=\"border: 0pt none; border-width: 0pt;\" src=\"\/fantamtb\/wp-content\/images\/usa.png\" alt=\"United States\"> <a href=\"https:\/\/www.365mountainbike.it\/fantamtb\/atleti\/christopher-blevins\/\">Christopher BLEVINS<\/a><br><img decoding=\"async\" src=\"https:\/\/www.365mountainbike.it\/fantamtb\/wp-content\/images\/2.png\" alt=\"seconda posizione\"> <img loading=\"lazy\" decoding=\"async\" width=\"19\" height=\"13\" src=\"https:\/\/www.365mountainbike.it\/fantamtb\/wp-content\/images\/fra.png\" alt=\"FRA\"> <a href=\"https:\/\/www.365mountainbike.it\/fantamtb\/storia-mtb\/atleti\/victor-koretzky\/\">Victor KORETZKY<\/a><br><img decoding=\"async\" src=\"https:\/\/www.365mountainbike.it\/fantamtb\/wp-content\/images\/3.png\" alt=\"terza posizione\"> <img loading=\"lazy\" decoding=\"async\" width=\"20\" height=\"16\" src=\"https:\/\/www.365mountainbike.it\/fantamtb\/wp-content\/images\/swi.png\" alt=\"SWI\"> <a href=\"https:\/\/www.365mountainbike.it\/fantamtb\/atleti\/filippo-colombo\/\">Filippo COLOMBO<\/a><\/td><td><img decoding=\"async\" src=\"https:\/\/www.365mountainbike.it\/fantamtb\/wp-content\/images\/1.png\" alt=\"prima posizione\">&nbsp;<img loading=\"lazy\" decoding=\"async\" width=\"19\" height=\"13\" src=\"https:\/\/www.365mountainbike.it\/fantamtb\/wp-content\/images\/swe.png\" alt=\"SwE\"> <a href=\"https:\/\/www.365mountainbike.it\/fantamtb\/storia-mtb\/atleti\/jenny-rissveds\/\">Jenny RISSVEDS<\/a><br><img decoding=\"async\" src=\"https:\/\/www.365mountainbike.it\/fantamtb\/wp-content\/images\/2.png\" alt=\"seconda posizione\">&nbsp;<img loading=\"lazy\" decoding=\"async\" width=\"19\" height=\"13\" border=\"0\" style=\"border: 0pt none; border-width: 0pt;\" src=\"\/fantamtb\/wp-content\/images\/usa.png\" alt=\"United States\"> <a href=\"https:\/\/www.365mountainbike.it\/fantamtb\/atleti\/savilia-blunk\/\">Savilia BLUNK<\/a><br><img decoding=\"async\" border=\"0\" style=\"border: 0pt none;\" src=\"\/fantamtb\/wp-content\/images\/3.png\" alt=\"terza posizione\"> <img loading=\"lazy\" decoding=\"async\" width=\"19\" height=\"13\" border=\"0\" style=\"border: 0pt none; border-width: 0pt;\" src=\"\/fantamtb\/wp-content\/images\/usa.png\" alt=\"United States\"> <a href=\"https:\/\/www.365mountainbike.it\/fantamtb\/atleti\/haley-batten\/\">Haley BATTEN<\/a><\/td><\/tr><tr><td><\/td><td><\/td><td><\/td><\/tr><tr><td><img loading=\"lazy\" decoding=\"async\" width=\"19\" height=\"13\" src=\"https:\/\/www.365mountainbike.it\/fantamtb\/wp-content\/images\/bra.png\" alt=\"BRA\">&nbsp;Araxa<br>&#8211; <a href=\"https:\/\/www.365mountainbike.it\/mondo-gare\/2-world-cup-xco-il-fantastico-ritorno-di-simon-andreassen\/\" target=\"_blank\" rel=\"noreferrer noopener\">REPORT UOMINI<\/a><br>&#8211; <a href=\"https:\/\/www.365mountainbike.it\/mondo-gare\/2-world-cup-xco-w-haley-batten-mette-dietro-jenny-rissveds\/\" target=\"_blank\" rel=\"noreferrer noopener\">REPORT DONNE<\/a><br>&#8211;<em> <a href=\"https:\/\/www.365mountainbike.it\/mondo-gare\/2-u23-world-cup-bohm-imbattibile-in-brasile-podio-per-valentina-corvi\/\" target=\"_blank\" rel=\"noreferrer noopener\">U23 M<\/a> | <a href=\"https:\/\/www.365mountainbike.it\/mondo-gare\/2-u23-world-cup-bohm-imbattibile-in-brasile-podio-per-valentina-corvi\/\" target=\"_blank\" rel=\"noreferrer noopener\">U23 W<\/a><\/em><\/td><td><img decoding=\"async\" src=\"https:\/\/www.365mountainbike.it\/fantamtb\/wp-content\/images\/1.png\" alt=\"prima posizione\">&nbsp;<img loading=\"lazy\" decoding=\"async\" width=\"19\" height=\"13\" border=\"0\" style=\"border: 0pt none; border-width: 0pt;\" src=\"\/fantamtb\/wp-content\/images\/den.png\" alt=\"denmark\"> <a href=\"https:\/\/www.365mountainbike.it\/fantamtb\/atleti\/simon-andreassen\/\">Simon ANDREASSEN<\/a><br><img decoding=\"async\" src=\"https:\/\/www.365mountainbike.it\/fantamtb\/wp-content\/images\/2.png\" alt=\"seconda posizione\"> <img loading=\"lazy\" decoding=\"async\" width=\"19\" height=\"13\" src=\"https:\/\/www.365mountainbike.it\/fantamtb\/wp-content\/images\/fra.png\" alt=\"FRA\"> <a href=\"https:\/\/www.365mountainbike.it\/fantamtb\/storia-mtb\/atleti\/victor-koretzky\/\">Victor KORETZKY<\/a><br><img decoding=\"async\" src=\"https:\/\/www.365mountainbike.it\/fantamtb\/wp-content\/images\/3.png\" alt=\"terza posizione\"> <img loading=\"lazy\" decoding=\"async\" width=\"19\" height=\"13\" src=\"https:\/\/www.365mountainbike.it\/fantamtb\/wp-content\/images\/saf.png\" alt=\"SDA\"> <a href=\"https:\/\/www.365mountainbike.it\/fantamtb\/atleti\/alan-hatherly\/\">Alan HATHERLY<\/a><\/td><td><img decoding=\"async\" src=\"https:\/\/www.365mountainbike.it\/fantamtb\/wp-content\/images\/1.png\" alt=\"Prima posizione\">&nbsp;<img loading=\"lazy\" decoding=\"async\" width=\"19\" height=\"13\" border=\"0\" style=\"border: 0pt none; border-width: 0pt;\" src=\"\/fantamtb\/wp-content\/images\/usa.png\" alt=\"United States\"> <a href=\"https:\/\/www.365mountainbike.it\/fantamtb\/atleti\/haley-batten\/\">Haley BATTEN<\/a><br><img decoding=\"async\" src=\"https:\/\/www.365mountainbike.it\/fantamtb\/wp-content\/images\/2.png\" alt=\"seconda posizione\">&nbsp;<img loading=\"lazy\" decoding=\"async\" width=\"19\" height=\"13\" src=\"https:\/\/www.365mountainbike.it\/fantamtb\/wp-content\/images\/swe.png\" alt=\"SwE\"> <a href=\"https:\/\/www.365mountainbike.it\/fantamtb\/storia-mtb\/atleti\/jenny-rissveds\/\">Jenny RISSVEDS<\/a><br><img decoding=\"async\" border=\"0\" style=\"border: 0pt none;\" src=\"\/fantamtb\/wp-content\/images\/3.png\" alt=\"terza posizione\"> <img loading=\"lazy\" decoding=\"async\" width=\"19\" height=\"13\" border=\"0\" style=\"border: 0pt none; border-width: 0pt;\" src=\"\/fantamtb\/wp-content\/images\/usa.png\" alt=\"United States\"> <a href=\"https:\/\/www.365mountainbike.it\/fantamtb\/atleti\/savilia-blunk\/\">Savilia BLUNK<\/a><\/td><\/tr><tr><td><\/td><td><\/td><td><\/td><\/tr><tr><td><img loading=\"lazy\" decoding=\"async\" width=\"19\" height=\"13\" src=\"https:\/\/www.365mountainbike.it\/fantamtb\/wp-content\/images\/cze.png\" alt=\"CZE\">&nbsp;Nove Mesto<br>&#8211; <a href=\"https:\/\/www.365mountainbike.it\/mondo-gare\/ineos-grenadiers-piglia-tutto-alla-coppa-del-mondo-di-nove-mesto\/\">REPORT UOMINI<\/a><br>&#8211; <a href=\"https:\/\/www.365mountainbike.it\/mondo-gare\/ineos-grenadiers-piglia-tutto-alla-coppa-del-mondo-di-nove-mesto\/\">REPORT DONNE<\/a><br>&#8211;<em> <a href=\"https:\/\/www.365mountainbike.it\/mondo-gare\/vedi-le-classiche-degli-u23-in-coppa-del-mondo-a-nove-mesto\/\">U23 M<\/a> | <a href=\"https:\/\/www.365mountainbike.it\/mondo-gare\/vedi-le-classiche-degli-u23-in-coppa-del-mondo-a-nove-mesto\/\">U23 W<\/a><\/em><\/td><td><img decoding=\"async\" src=\"https:\/\/www.365mountainbike.it\/fantamtb\/wp-content\/images\/1.png\" alt=\"prima posizione\"> <img loading=\"lazy\" decoding=\"async\" width=\"20\" height=\"16\" src=\"https:\/\/www.365mountainbike.it\/fantamtb\/wp-content\/images\/gbr.png\" alt=\"GBR\"> <a href=\"https:\/\/www.365mountainbike.it\/fantamtb\/atleti\/tom-pidcock\/\">Tom PIDCOCK<\/a><br><img decoding=\"async\" src=\"https:\/\/www.365mountainbike.it\/fantamtb\/wp-content\/images\/2.png\" alt=\"seconda posizione\"> <img loading=\"lazy\" decoding=\"async\" width=\"20\" height=\"16\" src=\"https:\/\/www.365mountainbike.it\/fantamtb\/wp-content\/images\/swi.png\" alt=\"SWI\"> <a href=\"https:\/\/www.365mountainbike.it\/fantamtb\/atleti\/nino-schurter\/\">Nino SCHURTER<\/a><br><img decoding=\"async\" src=\"https:\/\/www.365mountainbike.it\/fantamtb\/wp-content\/images\/3.png\" alt=\"terza posizione\"> <img loading=\"lazy\" decoding=\"async\" width=\"20\" height=\"16\" src=\"https:\/\/www.365mountainbike.it\/fantamtb\/wp-content\/images\/swi.png\" alt=\"SWI\"> <a href=\"https:\/\/www.365mountainbike.it\/fantamtb\/atleti\/marcel-guerrini\/\">Marcel GUERRINI<\/a><\/td><td><img decoding=\"async\" src=\"https:\/\/www.365mountainbike.it\/fantamtb\/wp-content\/images\/1.png\" alt=\"prima posizione\"> <img loading=\"lazy\" decoding=\"async\" width=\"19\" height=\"13\" src=\"https:\/\/www.365mountainbike.it\/fantamtb\/wp-content\/images\/fra.png\" alt=\"FRA\"> <a href=\"https:\/\/www.365mountainbike.it\/fantamtb\/atleti\/pauline-ferrand-prevot\/\">Pauline FERRAND-PREVOT<\/a><br><img decoding=\"async\" src=\"https:\/\/www.365mountainbike.it\/fantamtb\/wp-content\/images\/2.png\" alt=\"seconda posizione\"> <img loading=\"lazy\" decoding=\"async\" width=\"19\" height=\"13\" border=\"0\" style=\"border: 0pt none; border-width: 0pt;\" src=\"\/fantamtb\/wp-content\/images\/usa.png\" alt=\"United States\"> <a href=\"https:\/\/www.365mountainbike.it\/fantamtb\/atleti\/haley-batten\/\">Haley BATTEN<\/a><br><img decoding=\"async\" border=\"0\" style=\"border: 0pt none;\" src=\"\/fantamtb\/wp-content\/images\/3.png\" alt=\"terza posizione\"> <img loading=\"lazy\" decoding=\"async\" width=\"20\" height=\"16\" src=\"https:\/\/www.365mountainbike.it\/fantamtb\/wp-content\/images\/swi.png\" alt=\"SWI\"> <a href=\"https:\/\/www.365mountainbike.it\/fantamtb\/atleti\/alessandra-keller\/\">Alessandra KELLER<\/a><\/td><\/tr><tr><td>&nbsp;<\/td><td>&nbsp;<\/td><td>&nbsp;<\/td><\/tr><tr><td><img loading=\"lazy\" decoding=\"async\" width=\"19\" height=\"13\" border=\"0\" style=\"border: 0pt none; border-width: 0pt;\" src=\"\/fantamtb\/wp-content\/images\/ita.png\" alt=\"Italy\">&nbsp;Val di Sole<br>&#8211; <a href=\"https:\/\/www.365mountainbike.it\/mondo-gare\/gioia-nino-schurter-in-val-di-sole-ma-luca-braidot-ce\/\">REPORT UOMINI<\/a><br>&#8211; <a href=\"https:\/\/www.365mountainbike.it\/news\/pauline-ferrand-prevot-cala-il-tris-in-val-di-sole\/\">REPORT DONNE<\/a><br>&#8211; <em><a href=\"https:\/\/www.365mountainbike.it\/mondo-gare\/riley-amos-continua-il-dominio-tra-gli-juniores-in-val-di-sole\/\">U23 M<\/a> | <em><a href=\"https:\/\/www.365mountainbike.it\/mondo-gare\/riley-amos-continua-il-dominio-tra-gli-juniores-in-val-di-sole\/\">U23 W<\/a><\/em><\/em><\/td><td><img decoding=\"async\" src=\"https:\/\/www.365mountainbike.it\/fantamtb\/wp-content\/images\/1.png\" alt=\"prima posizione\"> <img loading=\"lazy\" decoding=\"async\" width=\"20\" height=\"16\" src=\"https:\/\/www.365mountainbike.it\/fantamtb\/wp-content\/images\/swi.png\" alt=\"SWI\"> <a href=\"https:\/\/www.365mountainbike.it\/fantamtb\/atleti\/nino-schurter\/\">Nino SCHURTER<\/a><br><img decoding=\"async\" src=\"https:\/\/www.365mountainbike.it\/fantamtb\/wp-content\/images\/2.png\" alt=\"seconda posizione\"> <img loading=\"lazy\" decoding=\"async\" width=\"19\" height=\"13\" src=\"https:\/\/www.365mountainbike.it\/fantamtb\/wp-content\/images\/saf.png\" alt=\"SDA\"> <a href=\"https:\/\/www.365mountainbike.it\/fantamtb\/atleti\/alan-hatherly\/\">Alan HATHERLY<\/a><br><img decoding=\"async\" src=\"https:\/\/www.365mountainbike.it\/fantamtb\/wp-content\/images\/3.png\" alt=\"terza posizione\"> <img loading=\"lazy\" decoding=\"async\" width=\"19\" height=\"13\" src=\"https:\/\/www.365mountainbike.it\/fantamtb\/wp-content\/images\/fra.png\" alt=\"FRA\"> <a href=\"https:\/\/www.365mountainbike.it\/fantamtb\/atleti\/mathis-azzaro\/\">Mathis AZZARO<\/a><\/td><td><img decoding=\"async\" src=\"https:\/\/www.365mountainbike.it\/fantamtb\/wp-content\/images\/1.png\" alt=\"prima posizione\"> <img loading=\"lazy\" decoding=\"async\" width=\"19\" height=\"13\" src=\"https:\/\/www.365mountainbike.it\/fantamtb\/wp-content\/images\/fra.png\" alt=\"FRA\"> <a href=\"https:\/\/www.365mountainbike.it\/fantamtb\/atleti\/pauline-ferrand-prevot\/\">Pauline FERRAND-PREVOT<\/a><br><img decoding=\"async\" src=\"https:\/\/www.365mountainbike.it\/fantamtb\/wp-content\/images\/2.png\" alt=\"seconda posizione\"> <img loading=\"lazy\" decoding=\"async\" width=\"19\" height=\"13\" src=\"https:\/\/www.365mountainbike.it\/fantamtb\/wp-content\/images\/ned.png\" alt=\"NED\"> <a href=\"https:\/\/www.365mountainbike.it\/fantamtb\/atleti\/puck-pieterse\/\">Puck PIETERSE<\/a><br><img decoding=\"async\" src=\"https:\/\/www.365mountainbike.it\/fantamtb\/wp-content\/images\/3.png\" alt=\"terza posizione\"> <img loading=\"lazy\" decoding=\"async\" width=\"19\" height=\"13\" src=\"https:\/\/www.365mountainbike.it\/fantamtb\/wp-content\/images\/saf.png\" alt=\"SDA\"> <a href=\"https:\/\/www.365mountainbike.it\/fantamtb\/atleti\/candice-lill-neethling\/\">Candice LILL<\/a><\/td><\/tr><tr><td><\/td><td><\/td><td><\/td><\/tr><tr><td><img loading=\"lazy\" decoding=\"async\" width=\"20\" height=\"16\" src=\"https:\/\/www.365mountainbike.it\/fantamtb\/wp-content\/images\/swi.png\" alt=\"SWI\"> Crans-Montana<br>&#8211; <a href=\"https:\/\/www.365mountainbike.it\/mondo-gare\/pidcock-inarrestabile-sua-anche-la-tappa-di-crans-montana\/\">REPORT UOMINI<\/a><br>&#8211; <a href=\"https:\/\/www.365mountainbike.it\/mondo-gare\/pidcock-inarrestabile-sua-anche-la-tappa-di-crans-montana\/\">REPORT DONNE<\/a><br>&#8211;<em> U23<\/em><\/td><td><img decoding=\"async\" src=\"https:\/\/www.365mountainbike.it\/fantamtb\/wp-content\/images\/1.png\" alt=\"prima posizione\"> <img loading=\"lazy\" decoding=\"async\" width=\"20\" height=\"16\" src=\"https:\/\/www.365mountainbike.it\/fantamtb\/wp-content\/images\/gbr.png\" alt=\"GBR\"> <a href=\"https:\/\/www.365mountainbike.it\/fantamtb\/atleti\/tom-pidcock\/\">Tom PIDCOCK<\/a><br><img decoding=\"async\" src=\"https:\/\/www.365mountainbike.it\/fantamtb\/wp-content\/images\/2.png\" alt=\"seconda posizione\"> <img loading=\"lazy\" decoding=\"async\" width=\"20\" height=\"16\" src=\"https:\/\/www.365mountainbike.it\/fantamtb\/wp-content\/images\/swi.png\" alt=\"SWI\"> <a href=\"https:\/\/www.365mountainbike.it\/fantamtb\/atleti\/mathias-fluckiger\/\">Mathias FLUCKIGER<\/a><br><img decoding=\"async\" src=\"https:\/\/www.365mountainbike.it\/fantamtb\/wp-content\/images\/3.png\" alt=\"terza posizione\"> <img loading=\"lazy\" decoding=\"async\" width=\"20\" height=\"16\" src=\"https:\/\/www.365mountainbike.it\/fantamtb\/wp-content\/images\/ita.png\" alt=\"ITA\"> <a href=\"https:\/\/www.365mountainbike.it\/fantamtb\/atleti\/luca-braidot\/\">Luca BRAIDOT<\/a><\/td><td><img decoding=\"async\" src=\"https:\/\/www.365mountainbike.it\/fantamtb\/wp-content\/images\/1.png\" alt=\"prima posizione\"> <img loading=\"lazy\" decoding=\"async\" width=\"19\" height=\"13\" src=\"https:\/\/www.365mountainbike.it\/fantamtb\/wp-content\/images\/fra.png\" alt=\"FRA\"> <a href=\"https:\/\/www.365mountainbike.it\/fantamtb\/atleti\/loana-lecomte\/\">Loana LECOMTE<\/a><br><img decoding=\"async\" src=\"https:\/\/www.365mountainbike.it\/fantamtb\/wp-content\/images\/2.png\" alt=\"seconda posizione\"> <img loading=\"lazy\" decoding=\"async\" width=\"20\" height=\"16\" src=\"https:\/\/www.365mountainbike.it\/fantamtb\/wp-content\/images\/swi.png\" alt=\"SWI\"> <a href=\"https:\/\/www.365mountainbike.it\/fantamtb\/atleti\/alessandra-keller\/\">Alessandra KELLER<\/a><br><img decoding=\"async\" src=\"https:\/\/www.365mountainbike.it\/fantamtb\/wp-content\/images\/3.png\" alt=\"terza posizione\"> <img loading=\"lazy\" decoding=\"async\" width=\"19\" height=\"13\" src=\"https:\/\/www.365mountainbike.it\/fantamtb\/wp-content\/images\/ned.png\" alt=\"NED\"> <a href=\"https:\/\/www.365mountainbike.it\/fantamtb\/atleti\/puck-pieterse\/\">Puck PIETERSE<\/a><\/td><\/tr><tr><td><\/td><td><\/td><td><\/td><\/tr><tr><td><img loading=\"lazy\" decoding=\"async\" width=\"19\" height=\"13\" src=\"https:\/\/www.365mountainbike.it\/fantamtb\/wp-content\/images\/fra.png\" alt=\"FRA\"> Les Gets<br>&#8211; <a href=\"https:\/\/www.365mountainbike.it\/mondo-gare\/coppa-del-mondo-hatherly-fa-doppietta-a-les-gets-3-italiani-in-top10\/\">REPORT UOMINI<\/a><br>&#8211; <a href=\"https:\/\/www.365mountainbike.it\/mondo-gare\/puck-pieterse-ancora-vittoriosa-in-coppa-del-mondo-a-les-gets\/\">REPORT DONNE<\/a><br>&#8211;<em> <a href=\"https:\/\/www.365mountainbike.it\/mondo-gare\/holmgren-e-riley-raddoppia-a-les-gets-in-coppa-del-mondo\/\">U23<\/a><\/em><\/td><td><img decoding=\"async\" src=\"https:\/\/www.365mountainbike.it\/fantamtb\/wp-content\/images\/1.png\" alt=\"prima posizione\"> <img loading=\"lazy\" decoding=\"async\" width=\"19\" height=\"13\" src=\"https:\/\/www.365mountainbike.it\/fantamtb\/wp-content\/images\/saf.png\" alt=\"SDA\"> <a href=\"https:\/\/www.365mountainbike.it\/fantamtb\/atleti\/alan-hatherly\/\">Alan HATHERLY<\/a><br><img decoding=\"async\" src=\"https:\/\/www.365mountainbike.it\/fantamtb\/wp-content\/images\/2.png\" alt=\"seconda posizione\"> <img loading=\"lazy\" decoding=\"async\" width=\"20\" height=\"16\" src=\"https:\/\/www.365mountainbike.it\/fantamtb\/wp-content\/images\/swi.png\" alt=\"SWI\"> <a href=\"https:\/\/www.365mountainbike.it\/fantamtb\/atleti\/mathias-fluckiger\/\">Mathias FLUCKIGER<\/a><br><img decoding=\"async\" src=\"https:\/\/www.365mountainbike.it\/fantamtb\/wp-content\/images\/3.png\" alt=\"terza posizione\"> <img loading=\"lazy\" decoding=\"async\" width=\"19\" height=\"13\" border=\"0\" style=\"border: 0pt none; border-width: 0pt;\" src=\"\/fantamtb\/wp-content\/images\/den.png\" alt=\"denmark\"> <a href=\"https:\/\/www.365mountainbike.it\/fantamtb\/atleti\/simon-andreassen\/\">Simon ANDREASSEN<\/a><\/td><td><img decoding=\"async\" src=\"https:\/\/www.365mountainbike.it\/fantamtb\/wp-content\/images\/1.png\" alt=\"prima posizione\"> <img loading=\"lazy\" decoding=\"async\" width=\"19\" height=\"13\" src=\"https:\/\/www.365mountainbike.it\/fantamtb\/wp-content\/images\/ned.png\" alt=\"NED\"> <a href=\"https:\/\/www.365mountainbike.it\/fantamtb\/atleti\/puck-pieterse\/\">Puck PIETERSE<\/a><br><img decoding=\"async\" src=\"https:\/\/www.365mountainbike.it\/fantamtb\/wp-content\/images\/2.png\" alt=\"seconda posizione\"> <img loading=\"lazy\" decoding=\"async\" width=\"19\" height=\"13\" src=\"https:\/\/www.365mountainbike.it\/fantamtb\/wp-content\/images\/saf.png\" alt=\"SDA\"> <a href=\"https:\/\/www.365mountainbike.it\/fantamtb\/atleti\/candice-lill-neethling\/\">Candice LILL<\/a><br><img decoding=\"async\" src=\"https:\/\/www.365mountainbike.it\/fantamtb\/wp-content\/images\/3.png\" alt=\"terza posizione\"> <img loading=\"lazy\" decoding=\"async\" width=\"20\" height=\"16\" src=\"https:\/\/www.365mountainbike.it\/fantamtb\/wp-content\/images\/swi.png\" alt=\"SWI\"> <a href=\"https:\/\/www.365mountainbike.it\/fantamtb\/atleti\/alessandra-keller\/\">Alessandra KELLER<\/a><\/td><\/tr><tr><td><\/td><td><\/td><td><\/td><\/tr><tr><td><img loading=\"lazy\" decoding=\"async\" width=\"19\" height=\"13\" border=\"0\" style=\"border: 0pt none; border-width: 0pt;\" src=\"\/fantamtb\/wp-content\/images\/usa.png\" alt=\"United States\"> Lake Placid<br>&#8211; <a href=\"https:\/\/www.365mountainbike.it\/mondo-gare\/lake-placids-usa-classifiche-gare-xco-cross-country\/\">REPORT UOMINI<\/a><br>&#8211; <a href=\"https:\/\/www.365mountainbike.it\/mondo-gare\/lake-placids-usa-classifiche-gare-xco-cross-country\/\">REPORT DONNE<\/a><br>&#8211;<em> U23 M | U23 W<\/em><\/td><td><img decoding=\"async\" src=\"https:\/\/www.365mountainbike.it\/fantamtb\/wp-content\/images\/1.png\" alt=\"prima posizione\"> <img loading=\"lazy\" decoding=\"async\" width=\"19\" height=\"13\" src=\"https:\/\/www.365mountainbike.it\/fantamtb\/wp-content\/images\/fra.png\" alt=\"FRA\"> <a href=\"https:\/\/www.365mountainbike.it\/fantamtb\/storia-mtb\/atleti\/victor-koretzky\/\">Victor KORETZKY<\/a><br><img decoding=\"async\" src=\"https:\/\/www.365mountainbike.it\/fantamtb\/wp-content\/images\/2.png\" alt=\"seconda posizione\"> <img loading=\"lazy\" decoding=\"async\" width=\"19\" height=\"13\" src=\"https:\/\/www.365mountainbike.it\/fantamtb\/wp-content\/images\/saf.png\" alt=\"SDA\"> <a href=\"https:\/\/www.365mountainbike.it\/fantamtb\/atleti\/alan-hatherly\/\">Alan HATHERLY<\/a><br><img decoding=\"async\" src=\"https:\/\/www.365mountainbike.it\/fantamtb\/wp-content\/images\/3.png\" alt=\"terza posizione\"> <img loading=\"lazy\" decoding=\"async\" width=\"20\" height=\"16\" src=\"https:\/\/www.365mountainbike.it\/fantamtb\/wp-content\/images\/swi.png\" alt=\"SWI\"> <a href=\"https:\/\/www.365mountainbike.it\/fantamtb\/atleti\/filippo-colombo\/\">Filippo COLOMBO<\/a><\/td><td><img decoding=\"async\" src=\"https:\/\/www.365mountainbike.it\/fantamtb\/wp-content\/images\/1.png\" alt=\"prima posizione\"> <img loading=\"lazy\" decoding=\"async\" width=\"20\" height=\"16\" src=\"https:\/\/www.365mountainbike.it\/fantamtb\/wp-content\/images\/aut.png\" alt=\"AUT\"> <a href=\"https:\/\/www.365mountainbike.it\/fantamtb\/atleti\/laura-stigger\/\">Laura STIGGER<\/a><br><img decoding=\"async\" src=\"https:\/\/www.365mountainbike.it\/fantamtb\/wp-content\/images\/2.png\" alt=\"seconda posizione\"> <img loading=\"lazy\" decoding=\"async\" width=\"20\" height=\"16\" src=\"https:\/\/www.365mountainbike.it\/fantamtb\/wp-content\/images\/swi.png\" alt=\"SWI\"> <a href=\"https:\/\/www.365mountainbike.it\/fantamtb\/atleti\/sina-frei\/\">Sina FREI<\/a><br><img decoding=\"async\" src=\"https:\/\/www.365mountainbike.it\/fantamtb\/wp-content\/images\/3.png\" alt=\"terza posizione\"> <img loading=\"lazy\" decoding=\"async\" width=\"19\" height=\"13\" src=\"https:\/\/www.365mountainbike.it\/fantamtb\/wp-content\/images\/fra.png\" alt=\"FRA\"> <a href=\"https:\/\/www.365mountainbike.it\/fantamtb\/atleti\/loana-lecomte\/\">Loana LECOMTE<\/a><\/td><\/tr><tr><td><\/td><td><\/td><td><\/td><\/tr><tr><td><img loading=\"lazy\" decoding=\"async\" width=\"19\" height=\"13\" border=\"0\" style=\"border: 0pt none; border-width: 0pt;\" src=\"\/fantamtb\/wp-content\/images\/can.png\" alt=\"Canada\"> Mont Sainte Anne<br>&#8211; <a href=\"https:\/\/www.365mountainbike.it\/mondo-gare\/mont-sainte-anne-lecomte-e-hatherly-vincono-la-finale-di-world-cup-xco\/\">REPORT UOMINI<\/a><br>&#8211; <a href=\"https:\/\/www.365mountainbike.it\/mondo-gare\/mont-sainte-anne-lecomte-e-hatherly-vincono-la-finale-di-world-cup-xco\/\">REPORT DONNE<\/a><br>&#8211;<em> <a href=\"https:\/\/www.365mountainbike.it\/mondo-gare\/mont-sainte-anne-lecomte-e-hatherly-vincono-la-finale-di-world-cup-xco\/\">U23 M<\/a> | <a href=\"https:\/\/www.365mountainbike.it\/mondo-gare\/mont-sainte-anne-lecomte-e-hatherly-vincono-la-finale-di-world-cup-xco\/\">U23 W<\/a><\/em><\/td><td><img decoding=\"async\" src=\"https:\/\/www.365mountainbike.it\/fantamtb\/wp-content\/images\/1.png\" alt=\"prima posizione\"> <img loading=\"lazy\" decoding=\"async\" width=\"19\" height=\"13\" src=\"https:\/\/www.365mountainbike.it\/fantamtb\/wp-content\/images\/saf.png\" alt=\"SDA\"> <a href=\"https:\/\/www.365mountainbike.it\/fantamtb\/atleti\/alan-hatherly\/\">Alan HATHERLY<\/a><br><img decoding=\"async\" src=\"https:\/\/www.365mountainbike.it\/fantamtb\/wp-content\/images\/2.png\" alt=\"seconda posizione\"> <img loading=\"lazy\" decoding=\"async\" width=\"19\" height=\"13\" src=\"https:\/\/www.365mountainbike.it\/fantamtb\/wp-content\/images\/fra.png\" alt=\"FRA\"> <a href=\"https:\/\/www.365mountainbike.it\/fantamtb\/atleti\/mathis-azzaro\/\">Mathis AZZARO<\/a><br><img decoding=\"async\" src=\"https:\/\/www.365mountainbike.it\/fantamtb\/wp-content\/images\/3.png\" alt=\"terza posizione\"> <img loading=\"lazy\" decoding=\"async\" width=\"19\" height=\"13\" src=\"https:\/\/www.365mountainbike.it\/fantamtb\/wp-content\/images\/fra.png\" alt=\"FRA\"> <a href=\"https:\/\/www.365mountainbike.it\/fantamtb\/storia-mtb\/atleti\/victor-koretzky\/\">Victor KORETZKY<\/a><\/td><td><img decoding=\"async\" src=\"https:\/\/www.365mountainbike.it\/fantamtb\/wp-content\/images\/1.png\" alt=\"prima posizione\"> <img loading=\"lazy\" decoding=\"async\" width=\"19\" height=\"13\" src=\"https:\/\/www.365mountainbike.it\/fantamtb\/wp-content\/images\/fra.png\" alt=\"FRA\"> <a href=\"https:\/\/www.365mountainbike.it\/fantamtb\/atleti\/loana-lecomte\/\">Loana LECOMTE<\/a><br><img decoding=\"async\" src=\"https:\/\/www.365mountainbike.it\/fantamtb\/wp-content\/images\/2.png\" alt=\"seconda posizione\"> <img loading=\"lazy\" decoding=\"async\" width=\"20\" height=\"16\" src=\"https:\/\/www.365mountainbike.it\/fantamtb\/wp-content\/images\/aut.png\" alt=\"AUT\"> <a href=\"https:\/\/www.365mountainbike.it\/fantamtb\/atleti\/laura-stigger\/\">Laura STIGGER<\/a><br><img decoding=\"async\" src=\"https:\/\/www.365mountainbike.it\/fantamtb\/wp-content\/images\/3.png\" alt=\"terza posizione\"> <img loading=\"lazy\" decoding=\"async\" width=\"20\" height=\"16\" src=\"https:\/\/www.365mountainbike.it\/fantamtb\/wp-content\/images\/swi.png\" alt=\"SWI\"> <a href=\"https:\/\/www.365mountainbike.it\/fantamtb\/atleti\/sina-frei\/\">Sina FREI<\/a><\/td><\/tr><tr><td>&nbsp;<\/td><td>&nbsp;<\/td><td>&nbsp;<\/td><\/tr><tr><td><strong>CLASSIFICA GENERALE<br><strong>&#8211; <a href=\"https:\/\/www.365mountainbike.it\/fantamtb\/wp-content\/images\/results\/worldcup_xc\/2024_elitem.pdf\" target=\"_blank\" rel=\"noreferrer noopener\">MASCHILE<\/a><br>&#8211; <a href=\"https:\/\/www.365mountainbike.it\/fantamtb\/wp-content\/images\/results\/worldcup_xc\/2024_elitew.pdf\" target=\"_blank\" rel=\"noreferrer noopener\">FEMMINILE<\/a><\/strong><br><\/strong>&#8211; <em><a href=\"https:\/\/www.365mountainbike.it\/fantamtb\/wp-content\/images\/results\/worldcup_xc\/2024_u23m.pdf\">U23 M<\/a> | <a href=\"https:\/\/www.365mountainbike.it\/fantamtb\/wp-content\/images\/results\/worldcup_xc\/2024_u23w.pdf\" target=\"_blank\" rel=\"noreferrer noopener\">U23 W<\/a><\/em><\/td><td><img decoding=\"async\" src=\"https:\/\/www.365mountainbike.it\/fantamtb\/wp-content\/images\/1.png\" alt=\"prima posizione\"> <img loading=\"lazy\" decoding=\"async\" width=\"19\" height=\"13\" src=\"https:\/\/www.365mountainbike.it\/fantamtb\/wp-content\/images\/saf.png\" alt=\"SDA\"> <a href=\"https:\/\/www.365mountainbike.it\/fantamtb\/atleti\/alan-hatherly\/\">Alan HATHERLY<\/a><br><img decoding=\"async\" src=\"https:\/\/www.365mountainbike.it\/fantamtb\/wp-content\/images\/2.png\" alt=\"seconda posizione\"> <img loading=\"lazy\" decoding=\"async\" width=\"19\" height=\"13\" src=\"https:\/\/www.365mountainbike.it\/fantamtb\/wp-content\/images\/fra.png\" alt=\"FRA\"> <a href=\"https:\/\/www.365mountainbike.it\/fantamtb\/storia-mtb\/atleti\/victor-koretzky\/\">Victor KORETZKY<\/a><br><img decoding=\"async\" src=\"https:\/\/www.365mountainbike.it\/fantamtb\/wp-content\/images\/3.png\" alt=\"terza posizione\"> <img loading=\"lazy\" decoding=\"async\" width=\"20\" height=\"16\" src=\"https:\/\/www.365mountainbike.it\/fantamtb\/wp-content\/images\/swi.png\" alt=\"SWI\"> <a href=\"https:\/\/www.365mountainbike.it\/fantamtb\/atleti\/filippo-colombo\/\">Filippo COLOMBO<\/a><\/td><td><img decoding=\"async\" src=\"https:\/\/www.365mountainbike.it\/fantamtb\/wp-content\/images\/1.png\" alt=\"prima posizione\"> <img loading=\"lazy\" decoding=\"async\" width=\"20\" height=\"16\" src=\"https:\/\/www.365mountainbike.it\/fantamtb\/wp-content\/images\/swi.png\" alt=\"SWI\"> <a href=\"https:\/\/www.365mountainbike.it\/fantamtb\/atleti\/alessandra-keller\/\">Alessandra KELLER<\/a><br><img decoding=\"async\" src=\"https:\/\/www.365mountainbike.it\/fantamtb\/wp-content\/images\/2.png\" alt=\"seconda posizione\"> <img loading=\"lazy\" decoding=\"async\" width=\"20\" height=\"16\" src=\"https:\/\/www.365mountainbike.it\/fantamtb\/wp-content\/images\/aut.png\" alt=\"AUT\"> <a href=\"https:\/\/www.365mountainbike.it\/fantamtb\/atleti\/laura-stigger\/\">Laura STIGGER<\/a><br><img decoding=\"async\" src=\"https:\/\/www.365mountainbike.it\/fantamtb\/wp-content\/images\/3.png\" alt=\"terza posizione\"> <img loading=\"lazy\" decoding=\"async\" width=\"19\" height=\"13\" src=\"https:\/\/www.365mountainbike.it\/fantamtb\/wp-content\/images\/saf.png\" alt=\"SDA\"> <a href=\"https:\/\/www.365mountainbike.it\/fantamtb\/atleti\/candice-lill-neethling\/\">Candice LILL<\/a><\/td><\/tr><\/tbody><\/table><\/figure>\n\n\n\n<hr class=\"wp-block-separator has-css-opacity\"\/>\n\n\n\n<h1 class=\"wp-block-heading\" id=\"photos\">FOTO<\/h1>\n\n\n\n<figure class=\"wp-block-gallery has-nested-images columns-default is-cropped wp-block-gallery-1 is-layout-flex wp-block-gallery-is-layout-flex\">\n<figure class=\"wp-block-image size-medium\"><a href=\"https:\/\/www.365mountainbike.it\/fantamtb\/wp-content\/uploads\/2024\/05\/ferrand-prevot-val-di-sole.jpg\"><picture><source srcset=\"https:\/\/www.365mountainbike.it\/fantamtb\/wp-content\/uploads\/2024\/05\/ferrand-prevot-val-di-sole-300x200.jpg 300w, https:\/\/www.365mountainbike.it\/fantamtb\/wp-content\/uploads\/2024\/05\/ferrand-prevot-val-di-sole-1024x683.jpg 1024w, https:\/\/www.365mountainbike.it\/fantamtb\/wp-content\/uploads\/2024\/05\/ferrand-prevot-val-di-sole-768x512.jpg 768w,https:\/\/www.365mountainbike.it\/fantamtb\/wp-content\/uploads\/2024\/05\/ferrand-prevot-val-di-sole-1536x1024.jpg.webp 1536w,https:\/\/www.365mountainbike.it\/fantamtb\/wp-content\/uploads\/2024\/05\/ferrand-prevot-val-di-sole.jpg.webp 1920w\" sizes=\"auto, (max-width: 300px) 100vw, 300px\" type=\"image\/webp\"><img src=\"https:\/\/www.365mountainbike.it\/fantamtb\/wp-content\/uploads\/2024\/05\/ferrand-prevot-val-di-sole-300x200.jpg\" height=\"200\" width=\"300\" srcset=\"https:\/\/www.365mountainbike.it\/fantamtb\/wp-content\/uploads\/2024\/05\/ferrand-prevot-val-di-sole-300x200.jpg 300w, https:\/\/www.365mountainbike.it\/fantamtb\/wp-content\/uploads\/2024\/05\/ferrand-prevot-val-di-sole-1024x683.jpg 1024w, https:\/\/www.365mountainbike.it\/fantamtb\/wp-content\/uploads\/2024\/05\/ferrand-prevot-val-di-sole-768x512.jpg 768w, https:\/\/www.365mountainbike.it\/fantamtb\/wp-content\/uploads\/2024\/05\/ferrand-prevot-val-di-sole-1536x1024.jpg 1536w, https:\/\/www.365mountainbike.it\/fantamtb\/wp-content\/uploads\/2024\/05\/ferrand-prevot-val-di-sole.jpg 1920w\" sizes=\"auto, (max-width: 300px) 100vw, 300px\" class=\"wp-image-24527 sp-no-webp\" alt=\"ferrand prevot val di sole\" loading=\"lazy\" decoding=\"async\" data-id=\"24527\" style=\"aspect-ratio:1\"  > <\/picture><\/a><figcaption class=\"wp-element-caption\">Credits: Daniele Molineris<\/figcaption><\/figure>\n\n\n\n<figure class=\"wp-block-image size-medium\"><a href=\"https:\/\/www.365mountainbike.it\/fantamtb\/wp-content\/uploads\/2024\/05\/hatherly-mont-sainte-anne.jpeg\"><picture><source srcset=\"https:\/\/www.365mountainbike.it\/fantamtb\/wp-content\/uploads\/2024\/05\/hatherly-mont-sainte-anne-300x200.jpeg 300w, https:\/\/www.365mountainbike.it\/fantamtb\/wp-content\/uploads\/2024\/05\/hatherly-mont-sainte-anne-1024x683.jpeg 1024w, https:\/\/www.365mountainbike.it\/fantamtb\/wp-content\/uploads\/2024\/05\/hatherly-mont-sainte-anne-768x512.jpeg 768w,https:\/\/www.365mountainbike.it\/fantamtb\/wp-content\/uploads\/2024\/05\/hatherly-mont-sainte-anne-1536x1025.jpeg.webp 1536w,https:\/\/www.365mountainbike.it\/fantamtb\/wp-content\/uploads\/2024\/05\/hatherly-mont-sainte-anne.jpeg.webp 2048w\" sizes=\"auto, (max-width: 300px) 100vw, 300px\" type=\"image\/webp\"><img src=\"https:\/\/www.365mountainbike.it\/fantamtb\/wp-content\/uploads\/2024\/05\/hatherly-mont-sainte-anne-300x200.jpeg\" height=\"200\" width=\"300\" srcset=\"https:\/\/www.365mountainbike.it\/fantamtb\/wp-content\/uploads\/2024\/05\/hatherly-mont-sainte-anne-300x200.jpeg 300w, https:\/\/www.365mountainbike.it\/fantamtb\/wp-content\/uploads\/2024\/05\/hatherly-mont-sainte-anne-1024x683.jpeg 1024w, https:\/\/www.365mountainbike.it\/fantamtb\/wp-content\/uploads\/2024\/05\/hatherly-mont-sainte-anne-768x512.jpeg 768w, https:\/\/www.365mountainbike.it\/fantamtb\/wp-content\/uploads\/2024\/05\/hatherly-mont-sainte-anne-1536x1025.jpeg 1536w, https:\/\/www.365mountainbike.it\/fantamtb\/wp-content\/uploads\/2024\/05\/hatherly-mont-sainte-anne.jpeg 2048w\" sizes=\"auto, (max-width: 300px) 100vw, 300px\" class=\"wp-image-24528 sp-no-webp\" alt=\"\" loading=\"lazy\" decoding=\"async\" data-id=\"24528\" style=\"aspect-ratio:1\"  > <\/picture><\/a><\/figure>\n\n\n\n<figure class=\"wp-block-image size-medium\"><a href=\"https:\/\/www.365mountainbike.it\/fantamtb\/wp-content\/uploads\/2024\/05\/lecomte-monte-sainte-anne.jpeg\"><picture><source srcset=\"https:\/\/www.365mountainbike.it\/fantamtb\/wp-content\/uploads\/2024\/05\/lecomte-monte-sainte-anne-300x200.jpeg 300w, https:\/\/www.365mountainbike.it\/fantamtb\/wp-content\/uploads\/2024\/05\/lecomte-monte-sainte-anne-1024x683.jpeg 1024w, https:\/\/www.365mountainbike.it\/fantamtb\/wp-content\/uploads\/2024\/05\/lecomte-monte-sainte-anne-768x512.jpeg 768w,https:\/\/www.365mountainbike.it\/fantamtb\/wp-content\/uploads\/2024\/05\/lecomte-monte-sainte-anne-1536x1025.jpeg.webp 1536w,https:\/\/www.365mountainbike.it\/fantamtb\/wp-content\/uploads\/2024\/05\/lecomte-monte-sainte-anne.jpeg.webp 2048w\" sizes=\"auto, (max-width: 300px) 100vw, 300px\" type=\"image\/webp\"><img src=\"https:\/\/www.365mountainbike.it\/fantamtb\/wp-content\/uploads\/2024\/05\/lecomte-monte-sainte-anne-300x200.jpeg\" height=\"200\" width=\"300\" srcset=\"https:\/\/www.365mountainbike.it\/fantamtb\/wp-content\/uploads\/2024\/05\/lecomte-monte-sainte-anne-300x200.jpeg 300w, https:\/\/www.365mountainbike.it\/fantamtb\/wp-content\/uploads\/2024\/05\/lecomte-monte-sainte-anne-1024x683.jpeg 1024w, https:\/\/www.365mountainbike.it\/fantamtb\/wp-content\/uploads\/2024\/05\/lecomte-monte-sainte-anne-768x512.jpeg 768w, https:\/\/www.365mountainbike.it\/fantamtb\/wp-content\/uploads\/2024\/05\/lecomte-monte-sainte-anne-1536x1025.jpeg 1536w, https:\/\/www.365mountainbike.it\/fantamtb\/wp-content\/uploads\/2024\/05\/lecomte-monte-sainte-anne.jpeg 2048w\" sizes=\"auto, (max-width: 300px) 100vw, 300px\" class=\"wp-image-24529 sp-no-webp\" alt=\"lecomte monte sainte anne\" loading=\"lazy\" decoding=\"async\" data-id=\"24529\" style=\"aspect-ratio:1\"  > <\/picture><\/a><\/figure>\n\n\n\n<figure class=\"wp-block-image size-medium\"><a href=\"https:\/\/www.365mountainbike.it\/fantamtb\/wp-content\/uploads\/2024\/05\/fe738a9b-6d3e-e0d1-2b90-8dea0eb31cc2.jpeg\"><picture><source srcset=\"https:\/\/www.365mountainbike.it\/fantamtb\/wp-content\/uploads\/2024\/05\/fe738a9b-6d3e-e0d1-2b90-8dea0eb31cc2-300x200.jpeg 300w, https:\/\/www.365mountainbike.it\/fantamtb\/wp-content\/uploads\/2024\/05\/fe738a9b-6d3e-e0d1-2b90-8dea0eb31cc2-1024x683.jpeg 1024w, https:\/\/www.365mountainbike.it\/fantamtb\/wp-content\/uploads\/2024\/05\/fe738a9b-6d3e-e0d1-2b90-8dea0eb31cc2-768x512.jpeg 768w,https:\/\/www.365mountainbike.it\/fantamtb\/wp-content\/uploads\/2024\/05\/fe738a9b-6d3e-e0d1-2b90-8dea0eb31cc2-1536x1024.jpeg.webp 1536w,https:\/\/www.365mountainbike.it\/fantamtb\/wp-content\/uploads\/2024\/05\/fe738a9b-6d3e-e0d1-2b90-8dea0eb31cc2.jpeg.webp 1600w\" sizes=\"auto, (max-width: 300px) 100vw, 300px\" type=\"image\/webp\"><img src=\"https:\/\/www.365mountainbike.it\/fantamtb\/wp-content\/uploads\/2024\/05\/fe738a9b-6d3e-e0d1-2b90-8dea0eb31cc2-300x200.jpeg\" height=\"200\" width=\"300\" srcset=\"https:\/\/www.365mountainbike.it\/fantamtb\/wp-content\/uploads\/2024\/05\/fe738a9b-6d3e-e0d1-2b90-8dea0eb31cc2-300x200.jpeg 300w, https:\/\/www.365mountainbike.it\/fantamtb\/wp-content\/uploads\/2024\/05\/fe738a9b-6d3e-e0d1-2b90-8dea0eb31cc2-1024x683.jpeg 1024w, https:\/\/www.365mountainbike.it\/fantamtb\/wp-content\/uploads\/2024\/05\/fe738a9b-6d3e-e0d1-2b90-8dea0eb31cc2-768x512.jpeg 768w, https:\/\/www.365mountainbike.it\/fantamtb\/wp-content\/uploads\/2024\/05\/fe738a9b-6d3e-e0d1-2b90-8dea0eb31cc2-1536x1024.jpeg 1536w, https:\/\/www.365mountainbike.it\/fantamtb\/wp-content\/uploads\/2024\/05\/fe738a9b-6d3e-e0d1-2b90-8dea0eb31cc2.jpeg 1600w\" sizes=\"auto, (max-width: 300px) 100vw, 300px\" class=\"wp-image-24530 sp-no-webp\" alt=\"\" loading=\"lazy\" decoding=\"async\" data-id=\"24530\" style=\"aspect-ratio:1\"  > <\/picture><\/a><\/figure>\n\n\n\n<figure class=\"wp-block-image size-medium\"><a href=\"https:\/\/www.365mountainbike.it\/fantamtb\/wp-content\/uploads\/2024\/05\/35c55d97-0789-0ccc-149f-e37c6e998d1a.jpeg\"><picture><source srcset=\"https:\/\/www.365mountainbike.it\/fantamtb\/wp-content\/uploads\/2024\/05\/35c55d97-0789-0ccc-149f-e37c6e998d1a-300x200.jpeg 300w, https:\/\/www.365mountainbike.it\/fantamtb\/wp-content\/uploads\/2024\/05\/35c55d97-0789-0ccc-149f-e37c6e998d1a-1024x683.jpeg 1024w, https:\/\/www.365mountainbike.it\/fantamtb\/wp-content\/uploads\/2024\/05\/35c55d97-0789-0ccc-149f-e37c6e998d1a-768x512.jpeg 768w,https:\/\/www.365mountainbike.it\/fantamtb\/wp-content\/uploads\/2024\/05\/35c55d97-0789-0ccc-149f-e37c6e998d1a-1536x1025.jpeg.webp 1536w,https:\/\/www.365mountainbike.it\/fantamtb\/wp-content\/uploads\/2024\/05\/35c55d97-0789-0ccc-149f-e37c6e998d1a.jpeg.webp 2048w\" sizes=\"auto, (max-width: 300px) 100vw, 300px\" type=\"image\/webp\"><img src=\"https:\/\/www.365mountainbike.it\/fantamtb\/wp-content\/uploads\/2024\/05\/35c55d97-0789-0ccc-149f-e37c6e998d1a-300x200.jpeg\" height=\"200\" width=\"300\" srcset=\"https:\/\/www.365mountainbike.it\/fantamtb\/wp-content\/uploads\/2024\/05\/35c55d97-0789-0ccc-149f-e37c6e998d1a-300x200.jpeg 300w, https:\/\/www.365mountainbike.it\/fantamtb\/wp-content\/uploads\/2024\/05\/35c55d97-0789-0ccc-149f-e37c6e998d1a-1024x683.jpeg 1024w, https:\/\/www.365mountainbike.it\/fantamtb\/wp-content\/uploads\/2024\/05\/35c55d97-0789-0ccc-149f-e37c6e998d1a-768x512.jpeg 768w, https:\/\/www.365mountainbike.it\/fantamtb\/wp-content\/uploads\/2024\/05\/35c55d97-0789-0ccc-149f-e37c6e998d1a-1536x1025.jpeg 1536w, https:\/\/www.365mountainbike.it\/fantamtb\/wp-content\/uploads\/2024\/05\/35c55d97-0789-0ccc-149f-e37c6e998d1a.jpeg 2048w\" sizes=\"auto, (max-width: 300px) 100vw, 300px\" class=\"wp-image-24531 sp-no-webp\" alt=\"\" loading=\"lazy\" decoding=\"async\" data-id=\"24531\" style=\"aspect-ratio:1\"  > <\/picture><\/a><\/figure>\n\n\n\n<figure class=\"wp-block-image size-medium\"><a href=\"https:\/\/www.365mountainbike.it\/fantamtb\/wp-content\/uploads\/2024\/05\/lake-placid-xco.jpeg\"><picture><source srcset=\"https:\/\/www.365mountainbike.it\/fantamtb\/wp-content\/uploads\/2024\/05\/lake-placid-xco-300x200.jpeg 300w, https:\/\/www.365mountainbike.it\/fantamtb\/wp-content\/uploads\/2024\/05\/lake-placid-xco-1024x682.jpeg 1024w, https:\/\/www.365mountainbike.it\/fantamtb\/wp-content\/uploads\/2024\/05\/lake-placid-xco-768x512.jpeg 768w,https:\/\/www.365mountainbike.it\/fantamtb\/wp-content\/uploads\/2024\/05\/lake-placid-xco-1536x1023.jpeg.webp 1536w,https:\/\/www.365mountainbike.it\/fantamtb\/wp-content\/uploads\/2024\/05\/lake-placid-xco.jpeg.webp 1600w\" sizes=\"auto, (max-width: 300px) 100vw, 300px\" type=\"image\/webp\"><img src=\"https:\/\/www.365mountainbike.it\/fantamtb\/wp-content\/uploads\/2024\/05\/lake-placid-xco-300x200.jpeg\" height=\"200\" width=\"300\" srcset=\"https:\/\/www.365mountainbike.it\/fantamtb\/wp-content\/uploads\/2024\/05\/lake-placid-xco-300x200.jpeg 300w, https:\/\/www.365mountainbike.it\/fantamtb\/wp-content\/uploads\/2024\/05\/lake-placid-xco-1024x682.jpeg 1024w, https:\/\/www.365mountainbike.it\/fantamtb\/wp-content\/uploads\/2024\/05\/lake-placid-xco-768x512.jpeg 768w, https:\/\/www.365mountainbike.it\/fantamtb\/wp-content\/uploads\/2024\/05\/lake-placid-xco-1536x1023.jpeg 1536w, https:\/\/www.365mountainbike.it\/fantamtb\/wp-content\/uploads\/2024\/05\/lake-placid-xco.jpeg 1600w\" sizes=\"auto, (max-width: 300px) 100vw, 300px\" class=\"wp-image-24532 sp-no-webp\" alt=\"lake placid xco\" loading=\"lazy\" decoding=\"async\" data-id=\"24532\" style=\"aspect-ratio:1\"  > <\/picture><\/a><\/figure>\n\n\n\n<figure class=\"wp-block-image size-medium\"><a href=\"https:\/\/www.365mountainbike.it\/fantamtb\/wp-content\/uploads\/2024\/05\/stigger-lake-placid.jpg\"><picture><source srcset=\"https:\/\/www.365mountainbike.it\/fantamtb\/wp-content\/uploads\/2024\/05\/stigger-lake-placid-300x200.jpg 300w, https:\/\/www.365mountainbike.it\/fantamtb\/wp-content\/uploads\/2024\/05\/stigger-lake-placid-1024x683.jpg 1024w, https:\/\/www.365mountainbike.it\/fantamtb\/wp-content\/uploads\/2024\/05\/stigger-lake-placid-768x512.jpg 768w,https:\/\/www.365mountainbike.it\/fantamtb\/wp-content\/uploads\/2024\/05\/stigger-lake-placid-1536x1025.jpg.webp 1536w,https:\/\/www.365mountainbike.it\/fantamtb\/wp-content\/uploads\/2024\/05\/stigger-lake-placid.jpg.webp 2048w\" sizes=\"auto, (max-width: 300px) 100vw, 300px\" type=\"image\/webp\"><img src=\"https:\/\/www.365mountainbike.it\/fantamtb\/wp-content\/uploads\/2024\/05\/stigger-lake-placid-300x200.jpg\" height=\"200\" width=\"300\" srcset=\"https:\/\/www.365mountainbike.it\/fantamtb\/wp-content\/uploads\/2024\/05\/stigger-lake-placid-300x200.jpg 300w, https:\/\/www.365mountainbike.it\/fantamtb\/wp-content\/uploads\/2024\/05\/stigger-lake-placid-1024x683.jpg 1024w, https:\/\/www.365mountainbike.it\/fantamtb\/wp-content\/uploads\/2024\/05\/stigger-lake-placid-768x512.jpg 768w, https:\/\/www.365mountainbike.it\/fantamtb\/wp-content\/uploads\/2024\/05\/stigger-lake-placid-1536x1025.jpg 1536w, https:\/\/www.365mountainbike.it\/fantamtb\/wp-content\/uploads\/2024\/05\/stigger-lake-placid.jpg 2048w\" sizes=\"auto, (max-width: 300px) 100vw, 300px\" class=\"wp-image-24533 sp-no-webp\" alt=\"stigger lake placid\" loading=\"lazy\" decoding=\"async\" data-id=\"24533\" style=\"aspect-ratio:1\"  > <\/picture><\/a><\/figure>\n\n\n\n<figure class=\"wp-block-image size-medium\"><a href=\"https:\/\/www.365mountainbike.it\/fantamtb\/wp-content\/uploads\/2024\/05\/nino-val-di-sole.jpg\"><picture><source srcset=\"https:\/\/www.365mountainbike.it\/fantamtb\/wp-content\/uploads\/2024\/05\/nino-val-di-sole-300x200.jpg 300w, https:\/\/www.365mountainbike.it\/fantamtb\/wp-content\/uploads\/2024\/05\/nino-val-di-sole-1024x683.jpg 1024w, https:\/\/www.365mountainbike.it\/fantamtb\/wp-content\/uploads\/2024\/05\/nino-val-di-sole-768x512.jpg 768w,https:\/\/www.365mountainbike.it\/fantamtb\/wp-content\/uploads\/2024\/05\/nino-val-di-sole-1536x1024.jpg.webp 1536w,https:\/\/www.365mountainbike.it\/fantamtb\/wp-content\/uploads\/2024\/05\/nino-val-di-sole.jpg.webp 1920w\" sizes=\"auto, (max-width: 300px) 100vw, 300px\" type=\"image\/webp\"><img src=\"https:\/\/www.365mountainbike.it\/fantamtb\/wp-content\/uploads\/2024\/05\/nino-val-di-sole-300x200.jpg\" height=\"200\" width=\"300\" srcset=\"https:\/\/www.365mountainbike.it\/fantamtb\/wp-content\/uploads\/2024\/05\/nino-val-di-sole-300x200.jpg 300w, https:\/\/www.365mountainbike.it\/fantamtb\/wp-content\/uploads\/2024\/05\/nino-val-di-sole-1024x683.jpg 1024w, https:\/\/www.365mountainbike.it\/fantamtb\/wp-content\/uploads\/2024\/05\/nino-val-di-sole-768x512.jpg 768w, https:\/\/www.365mountainbike.it\/fantamtb\/wp-content\/uploads\/2024\/05\/nino-val-di-sole-1536x1024.jpg 1536w, https:\/\/www.365mountainbike.it\/fantamtb\/wp-content\/uploads\/2024\/05\/nino-val-di-sole.jpg 1920w\" sizes=\"auto, (max-width: 300px) 100vw, 300px\" class=\"wp-image-24534 sp-no-webp\" alt=\"nino val di sole\" loading=\"lazy\" decoding=\"async\" data-id=\"24534\" style=\"aspect-ratio:1\"  > <\/picture><\/a><figcaption class=\"wp-element-caption\">Credits: Michele Mondini<\/figcaption><\/figure>\n\n\n\n<figure class=\"wp-block-image size-medium\"><a href=\"https:\/\/www.365mountainbike.it\/fantamtb\/wp-content\/uploads\/2024\/05\/schurter.jpg\"><picture><source srcset=\"https:\/\/www.365mountainbike.it\/fantamtb\/wp-content\/uploads\/2024\/05\/schurter-300x186.jpg 300w, https:\/\/www.365mountainbike.it\/fantamtb\/wp-content\/uploads\/2024\/05\/schurter-1024x634.jpg 1024w, https:\/\/www.365mountainbike.it\/fantamtb\/wp-content\/uploads\/2024\/05\/schurter-768x476.jpg 768w,https:\/\/www.365mountainbike.it\/fantamtb\/wp-content\/uploads\/2024\/05\/schurter-1536x951.jpg.webp 1536w,https:\/\/www.365mountainbike.it\/fantamtb\/wp-content\/uploads\/2024\/05\/schurter.jpg.webp 1920w\" sizes=\"auto, (max-width: 300px) 100vw, 300px\" type=\"image\/webp\"><img src=\"https:\/\/www.365mountainbike.it\/fantamtb\/wp-content\/uploads\/2024\/05\/schurter-300x186.jpg\" height=\"186\" width=\"300\" srcset=\"https:\/\/www.365mountainbike.it\/fantamtb\/wp-content\/uploads\/2024\/05\/schurter-300x186.jpg 300w, https:\/\/www.365mountainbike.it\/fantamtb\/wp-content\/uploads\/2024\/05\/schurter-1024x634.jpg 1024w, https:\/\/www.365mountainbike.it\/fantamtb\/wp-content\/uploads\/2024\/05\/schurter-768x476.jpg 768w, https:\/\/www.365mountainbike.it\/fantamtb\/wp-content\/uploads\/2024\/05\/schurter-1536x951.jpg 1536w, https:\/\/www.365mountainbike.it\/fantamtb\/wp-content\/uploads\/2024\/05\/schurter.jpg 1920w\" sizes=\"auto, (max-width: 300px) 100vw, 300px\" class=\"wp-image-24535 sp-no-webp\" alt=\"schurter\" loading=\"lazy\" decoding=\"async\" data-id=\"24535\" style=\"aspect-ratio:1\"  > <\/picture><\/a><figcaption class=\"wp-element-caption\">Nino Schurter 2024 (Credits: Giacomo Podetti)<\/figcaption><\/figure>\n\n\n\n<figure class=\"wp-block-image size-medium\"><a href=\"https:\/\/www.365mountainbike.it\/fantamtb\/wp-content\/uploads\/2024\/05\/braidot-val-di-sole.jpg\"><picture><source srcset=\"https:\/\/www.365mountainbike.it\/fantamtb\/wp-content\/uploads\/2024\/05\/braidot-val-di-sole-300x200.jpg 300w, https:\/\/www.365mountainbike.it\/fantamtb\/wp-content\/uploads\/2024\/05\/braidot-val-di-sole-1024x683.jpg 1024w, https:\/\/www.365mountainbike.it\/fantamtb\/wp-content\/uploads\/2024\/05\/braidot-val-di-sole-768x512.jpg 768w,https:\/\/www.365mountainbike.it\/fantamtb\/wp-content\/uploads\/2024\/05\/braidot-val-di-sole-1536x1024.jpg.webp 1536w,https:\/\/www.365mountainbike.it\/fantamtb\/wp-content\/uploads\/2024\/05\/braidot-val-di-sole.jpg.webp 1920w\" sizes=\"auto, (max-width: 300px) 100vw, 300px\" type=\"image\/webp\"><img src=\"https:\/\/www.365mountainbike.it\/fantamtb\/wp-content\/uploads\/2024\/05\/braidot-val-di-sole-300x200.jpg\" height=\"200\" width=\"300\" srcset=\"https:\/\/www.365mountainbike.it\/fantamtb\/wp-content\/uploads\/2024\/05\/braidot-val-di-sole-300x200.jpg 300w, https:\/\/www.365mountainbike.it\/fantamtb\/wp-content\/uploads\/2024\/05\/braidot-val-di-sole-1024x683.jpg 1024w, https:\/\/www.365mountainbike.it\/fantamtb\/wp-content\/uploads\/2024\/05\/braidot-val-di-sole-768x512.jpg 768w, https:\/\/www.365mountainbike.it\/fantamtb\/wp-content\/uploads\/2024\/05\/braidot-val-di-sole-1536x1024.jpg 1536w, https:\/\/www.365mountainbike.it\/fantamtb\/wp-content\/uploads\/2024\/05\/braidot-val-di-sole.jpg 1920w\" sizes=\"auto, (max-width: 300px) 100vw, 300px\" class=\"wp-image-24536 sp-no-webp\" alt=\"braidot val di sole\" loading=\"lazy\" decoding=\"async\" data-id=\"24536\" style=\"aspect-ratio:1\"  > <\/picture><\/a><figcaption class=\"wp-element-caption\">Luca Braidot 2024 (Daniele Molineris)<\/figcaption><\/figure>\n\n\n\n<figure class=\"wp-block-image size-medium\"><a href=\"https:\/\/www.365mountainbike.it\/fantamtb\/wp-content\/uploads\/2024\/05\/Tom-Pidcock-Nove-Mesto.jpeg\"><picture><source srcset=\"https:\/\/www.365mountainbike.it\/fantamtb\/wp-content\/uploads\/2024\/05\/Tom-Pidcock-Nove-Mesto-300x200.jpeg 300w, https:\/\/www.365mountainbike.it\/fantamtb\/wp-content\/uploads\/2024\/05\/Tom-Pidcock-Nove-Mesto-1024x684.jpeg 1024w, https:\/\/www.365mountainbike.it\/fantamtb\/wp-content\/uploads\/2024\/05\/Tom-Pidcock-Nove-Mesto-768x513.jpeg 768w,https:\/\/www.365mountainbike.it\/fantamtb\/wp-content\/uploads\/2024\/05\/Tom-Pidcock-Nove-Mesto-1536x1025.jpeg.webp 1536w,https:\/\/www.365mountainbike.it\/fantamtb\/wp-content\/uploads\/2024\/05\/Tom-Pidcock-Nove-Mesto.jpeg.webp 1600w\" sizes=\"auto, (max-width: 300px) 100vw, 300px\" type=\"image\/webp\"><img src=\"https:\/\/www.365mountainbike.it\/fantamtb\/wp-content\/uploads\/2024\/05\/Tom-Pidcock-Nove-Mesto-300x200.jpeg\" height=\"200\" width=\"300\" srcset=\"https:\/\/www.365mountainbike.it\/fantamtb\/wp-content\/uploads\/2024\/05\/Tom-Pidcock-Nove-Mesto-300x200.jpeg 300w, https:\/\/www.365mountainbike.it\/fantamtb\/wp-content\/uploads\/2024\/05\/Tom-Pidcock-Nove-Mesto-1024x684.jpeg 1024w, https:\/\/www.365mountainbike.it\/fantamtb\/wp-content\/uploads\/2024\/05\/Tom-Pidcock-Nove-Mesto-768x513.jpeg 768w, https:\/\/www.365mountainbike.it\/fantamtb\/wp-content\/uploads\/2024\/05\/Tom-Pidcock-Nove-Mesto-1536x1025.jpeg 1536w, https:\/\/www.365mountainbike.it\/fantamtb\/wp-content\/uploads\/2024\/05\/Tom-Pidcock-Nove-Mesto.jpeg 1600w\" sizes=\"auto, (max-width: 300px) 100vw, 300px\" class=\"wp-image-24537 sp-no-webp\" alt=\"Tom Pidcock Nove Mesto\" loading=\"lazy\" decoding=\"async\" data-id=\"24537\" style=\"aspect-ratio:1\"  > <\/picture><\/a><figcaption class=\"wp-element-caption\">Tom Pidcock Nove Mesto<\/figcaption><\/figure>\n\n\n\n<figure class=\"wp-block-image size-medium\"><a href=\"https:\/\/www.365mountainbike.it\/fantamtb\/wp-content\/uploads\/2024\/05\/Simone-Avondetto-XCO.jpg\"><picture><source srcset=\"https:\/\/www.365mountainbike.it\/fantamtb\/wp-content\/uploads\/2024\/05\/Simone-Avondetto-XCO-300x200.jpg 300w, https:\/\/www.365mountainbike.it\/fantamtb\/wp-content\/uploads\/2024\/05\/Simone-Avondetto-XCO-1024x683.jpg 1024w, https:\/\/www.365mountainbike.it\/fantamtb\/wp-content\/uploads\/2024\/05\/Simone-Avondetto-XCO-768x512.jpg 768w,https:\/\/www.365mountainbike.it\/fantamtb\/wp-content\/uploads\/2024\/05\/Simone-Avondetto-XCO-1536x1024.jpg.webp 1536w,https:\/\/www.365mountainbike.it\/fantamtb\/wp-content\/uploads\/2024\/05\/Simone-Avondetto-XCO-2048x1366.jpg.webp 2048w\" sizes=\"auto, (max-width: 300px) 100vw, 300px\" type=\"image\/webp\"><img src=\"https:\/\/www.365mountainbike.it\/fantamtb\/wp-content\/uploads\/2024\/05\/Simone-Avondetto-XCO-300x200.jpg\" height=\"200\" width=\"300\" srcset=\"https:\/\/www.365mountainbike.it\/fantamtb\/wp-content\/uploads\/2024\/05\/Simone-Avondetto-XCO-300x200.jpg 300w, https:\/\/www.365mountainbike.it\/fantamtb\/wp-content\/uploads\/2024\/05\/Simone-Avondetto-XCO-1024x683.jpg 1024w, https:\/\/www.365mountainbike.it\/fantamtb\/wp-content\/uploads\/2024\/05\/Simone-Avondetto-XCO-768x512.jpg 768w, https:\/\/www.365mountainbike.it\/fantamtb\/wp-content\/uploads\/2024\/05\/Simone-Avondetto-XCO-1536x1024.jpg 1536w, https:\/\/www.365mountainbike.it\/fantamtb\/wp-content\/uploads\/2024\/05\/Simone-Avondetto-XCO-2048x1366.jpg 2048w\" sizes=\"auto, (max-width: 300px) 100vw, 300px\" class=\"wp-image-24538 sp-no-webp\" alt=\"Simone-Avondetto-XCO\" loading=\"lazy\" decoding=\"async\" data-id=\"24538\" style=\"aspect-ratio:1\"  > <\/picture><\/a><figcaption class=\"wp-element-caption\">Simone-Avondetto-XCO<\/figcaption><\/figure>\n<\/figure>\n\n\n\n<hr class=\"wp-block-separator has-alpha-channel-opacity\"\/>\n\n\n\n<h1 class=\"wp-block-heading\" id=\"videos\">VIDEO<\/h1>\n\n\n\n<h3 class=\"wp-block-heading\" id=\"block-93aa61eb-2a1b-4734-92fa-142d52959ae9\">#1 MAIROPORA &#8211; <a href=\"https:\/\/www.youtube.com\/watch?v=sI-oJadywyk\" target=\"_blank\" rel=\"noreferrer noopener\">donne<\/a><\/h3>\n\n\n\n<figure class=\"wp-block-embed is-type-video is-provider-youtube wp-block-embed-youtube wp-embed-aspect-16-9 wp-has-aspect-ratio\"><div class=\"wp-block-embed__wrapper\">\n<iframe loading=\"lazy\" title=\"RACE HIGHLIGHTS | Elite Men XCO World Cup - Mairipor\u00e3, Brazil\" width=\"740\" height=\"416\" src=\"https:\/\/www.youtube.com\/embed\/PCTA4-iMJJo?feature=oembed\" frameborder=\"0\" allow=\"accelerometer; autoplay; clipboard-write; encrypted-media; gyroscope; picture-in-picture; web-share\" referrerpolicy=\"strict-origin-when-cross-origin\" allowfullscreen><\/iframe>\n<\/div><\/figure>\n\n\n\n<h3 class=\"wp-block-heading\" id=\"block-93aa61eb-2a1b-4734-92fa-142d52959ae9\">#2 ARAXA &#8211; <a href=\"https:\/\/www.youtube.com\/watch?v=heXpFE2Km1A\" target=\"_blank\" rel=\"noreferrer noopener\">donne<\/a><\/h3>\n\n\n\n<figure class=\"wp-block-embed is-type-video is-provider-youtube wp-block-embed-youtube wp-embed-aspect-16-9 wp-has-aspect-ratio\"><div class=\"wp-block-embed__wrapper\">\n<iframe loading=\"lazy\" title=\"RACE HIGHLIGHTS | Elite Men XCO World Cup - Araxa, Brazil\" width=\"740\" height=\"416\" src=\"https:\/\/www.youtube.com\/embed\/CBjK_Z64-xk?feature=oembed\" frameborder=\"0\" allow=\"accelerometer; autoplay; clipboard-write; encrypted-media; gyroscope; picture-in-picture; web-share\" referrerpolicy=\"strict-origin-when-cross-origin\" allowfullscreen><\/iframe>\n<\/div><\/figure>\n\n\n\n<h3 class=\"wp-block-heading\" id=\"block-40275355-1236-4fe1-a774-bf7e9d694ecc\">#3 NOVE MESTO &#8211; <a href=\"https:\/\/www.youtube.com\/watch?v=5CpDYjuZ_D0\">donne<\/a><\/h3>\n\n\n\n<figure class=\"wp-block-embed is-type-video is-provider-youtube wp-block-embed-youtube wp-embed-aspect-16-9 wp-has-aspect-ratio\"><div class=\"wp-block-embed__wrapper\">\n<iframe loading=\"lazy\" title=\"RACE HIGHLIGHTS | Elite Men XCO World Cup - Nov\u00e9 M\u011bsto na Morav\u011b, Czech Republic\" width=\"740\" height=\"416\" src=\"https:\/\/www.youtube.com\/embed\/cmaksTLXGwk?feature=oembed\" frameborder=\"0\" allow=\"accelerometer; autoplay; clipboard-write; encrypted-media; gyroscope; picture-in-picture; web-share\" referrerpolicy=\"strict-origin-when-cross-origin\" allowfullscreen><\/iframe>\n<\/div><\/figure>\n\n\n\n<h3 class=\"wp-block-heading\" id=\"block-40275355-1236-4fe1-a774-bf7e9d694ecc\">#4 VAL DI SOLE &#8211; <a href=\"https:\/\/www.youtube.com\/watch?v=B0t8x5ldlrQ\" target=\"_blank\" rel=\"noreferrer noopener\">donne<\/a><\/h3>\n\n\n\n<figure class=\"wp-block-embed is-type-video is-provider-youtube wp-block-embed-youtube wp-embed-aspect-16-9 wp-has-aspect-ratio\"><div class=\"wp-block-embed__wrapper\">\n<iframe loading=\"lazy\" title=\"RACE HIGHLIGHTS | Elite Men XCO World Cup Val Di Sole, Italy\" width=\"740\" height=\"416\" src=\"https:\/\/www.youtube.com\/embed\/RzPAL6FCjC0?feature=oembed\" frameborder=\"0\" allow=\"accelerometer; autoplay; clipboard-write; encrypted-media; gyroscope; picture-in-picture; web-share\" referrerpolicy=\"strict-origin-when-cross-origin\" allowfullscreen><\/iframe>\n<\/div><\/figure>\n\n\n\n<h3 class=\"wp-block-heading\">#5 CRANS-MONTANA &#8211; <a href=\"https:\/\/www.youtube.com\/watch?v=1RYFUEkumZ4\" target=\"_blank\" rel=\"noreferrer noopener\">donne<\/a><\/h3>\n\n\n\n<figure class=\"wp-block-embed is-type-video is-provider-youtube wp-block-embed-youtube wp-embed-aspect-16-9 wp-has-aspect-ratio\"><div class=\"wp-block-embed__wrapper\">\n<iframe loading=\"lazy\" title=\"RACE HIGHLIGHTS | Elite Men XCO World Cup Crans Montana, Switzerland\" width=\"740\" height=\"416\" src=\"https:\/\/www.youtube.com\/embed\/KP2ciESJCAw?feature=oembed\" frameborder=\"0\" allow=\"accelerometer; autoplay; clipboard-write; encrypted-media; gyroscope; picture-in-picture; web-share\" referrerpolicy=\"strict-origin-when-cross-origin\" allowfullscreen><\/iframe>\n<\/div><\/figure>\n\n\n\n<h3 class=\"wp-block-heading\" id=\"block-0110be62-d30b-4d52-a80d-46fcbee5f5a2\">#6 LEST GETS &#8211; <a href=\"https:\/\/www.youtube.com\/watch?v=FSgRfBMbs0k\">donne<\/a><\/h3>\n\n\n\n<figure class=\"wp-block-embed is-type-video is-provider-youtube wp-block-embed-youtube wp-embed-aspect-16-9 wp-has-aspect-ratio\"><div class=\"wp-block-embed__wrapper\">\n<iframe loading=\"lazy\" title=\"RACE HIGHLIGHTS | Elite Men&#039;s XCO World Cup Les Gets Haute-Savoie, France\" width=\"740\" height=\"416\" src=\"https:\/\/www.youtube.com\/embed\/U4U2VJHal2E?feature=oembed\" frameborder=\"0\" allow=\"accelerometer; autoplay; clipboard-write; encrypted-media; gyroscope; picture-in-picture; web-share\" referrerpolicy=\"strict-origin-when-cross-origin\" allowfullscreen><\/iframe>\n<\/div><\/figure>\n\n\n\n<h3 class=\"wp-block-heading\" id=\"block-24bb7bb3-2219-4ced-ba77-0154a01acea3\">#7 LAKE PLACID &#8211; <a href=\"https:\/\/www.youtube.com\/watch?v=F71djyyLpbU\" target=\"_blank\" rel=\"noreferrer noopener\">donne<\/a><\/h3>\n\n\n\n<figure class=\"wp-block-embed is-type-video is-provider-youtube wp-block-embed-youtube wp-embed-aspect-16-9 wp-has-aspect-ratio\"><div class=\"wp-block-embed__wrapper\">\n<iframe loading=\"lazy\" title=\"XCO RACE HIGHLIGHTS | Elite Men - Lake Placid\" width=\"740\" height=\"416\" src=\"https:\/\/www.youtube.com\/embed\/BgKuyV_rg6E?feature=oembed\" frameborder=\"0\" allow=\"accelerometer; autoplay; clipboard-write; encrypted-media; gyroscope; picture-in-picture; web-share\" referrerpolicy=\"strict-origin-when-cross-origin\" allowfullscreen><\/iframe>\n<\/div><\/figure>\n\n\n\n<h3 class=\"wp-block-heading\" id=\"block-4c38e10a-2204-4bf8-8e77-cb7e367841e6\">#8 MONT SAINTE ANNE &#8211; <a href=\"https:\/\/www.youtube.com\/watch?v=AL1_eSgqrIc\" target=\"_blank\" rel=\"noreferrer noopener\">donne<\/a><\/h3>\n\n\n\n<figure class=\"wp-block-embed is-type-video is-provider-youtube wp-block-embed-youtube wp-embed-aspect-16-9 wp-has-aspect-ratio\"><div class=\"wp-block-embed__wrapper\">\n<iframe loading=\"lazy\" title=\"XCO RACE HIGHLIGHTS | Elite Men - Mont-Sainte-Anne UCI Cross-Country World Cup\" width=\"740\" height=\"416\" src=\"https:\/\/www.youtube.com\/embed\/Lm-t-Xrapnw?feature=oembed\" frameborder=\"0\" allow=\"accelerometer; autoplay; clipboard-write; encrypted-media; gyroscope; picture-in-picture; web-share\" referrerpolicy=\"strict-origin-when-cross-origin\" allowfullscreen><\/iframe>\n<\/div><\/figure>\n","protected":false,"gt_translate_keys":[{"key":"rendered","format":"html"}]},"excerpt":{"rendered":"<p>Coppa del Mondo 2024 che vede tanti vincitori e il salto di qualit\u00e0 definitivo di Alan Hatherly che vince mondiale e Coppa del Mondo tra gli Elite maschili. Nelle donne, vince la generale Alessandra Keller, super costante in tutta la stagione. &nbsp;Mairopora&#8211; REPORT UOMINI&#8211; REPORT DONNE&#8211; U23 M | U23 W &nbsp; Christopher BLEVINS Victor [&hellip;]<\/p>\n","protected":false,"gt_translate_keys":[{"key":"rendered","format":"html"}]},"author":1,"featured_media":24298,"comment_status":"closed","ping_status":"open","sticky":false,"template":"","format":"standard","meta":{"footnotes":""},"categories":[1257],"tags":[1043,611,1288,1233,958,702,311,525,975,502,1290,90,578,1289,1034,32,34,3,593,19,495,960,537,506,50,424],"class_list":["post-24296","post","type-post","status-publish","format-standard","has-post-thumbnail","hentry","category-cross-country-xco","tag-alan-hatherly","tag-alessandra-keller","tag-araxa","tag-candice-lill","tag-christopher-blevins","tag-colombo-filippo","tag-coppa-del-mondo","tag-crans-montana","tag-haley-batten","tag-jenny-rissveds","tag-lake-placid","tag-les-gets","tag-luca-braidot","tag-mairopora","tag-marcel-guerrini","tag-mathias-fluckiger","tag-mont-sainte-anne","tag-nino-schurter","tag-nove-mesto","tag-pauline-ferrand-prevot","tag-puck-pieterse","tag-savilia-blunk","tag-simon-andreassen","tag-tom-pidcock","tag-val-di-sole","tag-victor-koretzky"],"yoast_head":"<!-- This site is optimized with the Yoast SEO plugin v27.5 - https:\/\/yoast.com\/product\/yoast-seo-wordpress\/ -->\n<title>Classifiche UCI Mountain Bike Coppa del Mondo 2024 MTB XC | FANTAmtb<\/title>\n<meta name=\"robots\" content=\"index, follow, max-snippet:-1, max-image-preview:large, max-video-preview:-1\" \/>\n<link rel=\"canonical\" href=\"https:\/\/www.365mountainbike.it\/fantamtb\/storia-mtb\/cross-country-xco\/uci-mountain-bike-coppa-del-mondo-2024-xc\/\" \/>\n<meta property=\"og:locale\" content=\"it_IT\" \/>\n<meta property=\"og:type\" content=\"article\" \/>\n<meta property=\"og:title\" content=\"Classifiche UCI Mountain Bike Coppa del Mondo 2024 MTB XC | FANTAmtb\" \/>\n<meta property=\"og:description\" content=\"Coppa del Mondo 2024 che vede tanti vincitori e il salto di qualit\u00e0 definitivo di Alan Hatherly che vince mondiale e Coppa del Mondo tra gli Elite maschili. Nelle donne, vince la generale Alessandra Keller, super costante in tutta la stagione. &nbsp;Mairopora&#8211; REPORT UOMINI&#8211; REPORT DONNE&#8211; U23 M | U23 W &nbsp; Christopher BLEVINS Victor [&hellip;]\" \/>\n<meta property=\"og:url\" content=\"https:\/\/www.365mountainbike.it\/fantamtb\/storia-mtb\/cross-country-xco\/uci-mountain-bike-coppa-del-mondo-2024-xc\/\" \/>\n<meta property=\"og:site_name\" content=\"FANTAmtb\" \/>\n<meta property=\"article:published_time\" content=\"2024-05-12T11:57:47+00:00\" \/>\n<meta property=\"article:modified_time\" content=\"2026-02-07T16:07:26+00:00\" \/>\n<meta property=\"og:image\" content=\"https:\/\/www.365mountainbike.it\/fantamtb\/wp-content\/uploads\/2024\/05\/Jenny-Rissveds-Mairipora.jpeg\" \/>\n\t<meta property=\"og:image:width\" content=\"1224\" \/>\n\t<meta property=\"og:image:height\" content=\"808\" \/>\n\t<meta property=\"og:image:type\" content=\"image\/jpeg\" \/>\n<meta name=\"author\" content=\"FANTAmtb\" \/>\n<meta name=\"twitter:card\" content=\"summary_large_image\" \/>\n<meta name=\"twitter:label1\" content=\"Scritto da\" \/>\n\t<meta name=\"twitter:data1\" content=\"FANTAmtb\" \/>\n\t<meta name=\"twitter:label2\" content=\"Tempo di lettura stimato\" \/>\n\t<meta name=\"twitter:data2\" content=\"24 minuti\" \/>\n<script type=\"application\/ld+json\" class=\"yoast-schema-graph\">{\"@context\":\"https:\\\/\\\/schema.org\",\"@graph\":[{\"@type\":\"Article\",\"@id\":\"https:\\\/\\\/www.365mountainbike.it\\\/fantamtb\\\/storia-mtb\\\/cross-country-xco\\\/uci-mountain-bike-coppa-del-mondo-2024-xc\\\/#article\",\"isPartOf\":{\"@id\":\"https:\\\/\\\/www.365mountainbike.it\\\/fantamtb\\\/storia-mtb\\\/cross-country-xco\\\/uci-mountain-bike-coppa-del-mondo-2024-xc\\\/\"},\"author\":{\"name\":\"FANTAmtb\",\"@id\":\"https:\\\/\\\/www.365mountainbike.it\\\/fantamtb\\\/#\\\/schema\\\/person\\\/7b4a30b446207c8d00024d9717c3b63b\"},\"headline\":\"UCI Mountain Bike Coppa del Mondo 2024 MTB XC\",\"datePublished\":\"2024-05-12T11:57:47+00:00\",\"dateModified\":\"2026-02-07T16:07:26+00:00\",\"mainEntityOfPage\":{\"@id\":\"https:\\\/\\\/www.365mountainbike.it\\\/fantamtb\\\/storia-mtb\\\/cross-country-xco\\\/uci-mountain-bike-coppa-del-mondo-2024-xc\\\/\"},\"wordCount\":391,\"image\":{\"@id\":\"https:\\\/\\\/www.365mountainbike.it\\\/fantamtb\\\/storia-mtb\\\/cross-country-xco\\\/uci-mountain-bike-coppa-del-mondo-2024-xc\\\/#primaryimage\"},\"thumbnailUrl\":\"https:\\\/\\\/www.365mountainbike.it\\\/fantamtb\\\/wp-content\\\/uploads\\\/2024\\\/05\\\/Jenny-Rissveds-Mairipora.jpeg\",\"keywords\":[\"Alan Hatherly\",\"Alessandra Keller\",\"Araxa\",\"Candice Lill\",\"Christopher Blevins\",\"Colombo Filippo\",\"Coppa Del Mondo\",\"Crans Montana\",\"Haley Batten\",\"Jenny Rissveds\",\"Lake Placid\",\"Les Gets\",\"Luca Braidot\",\"Mairopora\",\"Marcel Guerrini\",\"Mathias Fluckiger\",\"Mont Sainte Anne\",\"Nino Schurter\",\"Nove Mesto\",\"Pauline Ferrand Prevot\",\"Puck Pieterse\",\"Savilia Blunk\",\"Simon Andreassen\",\"Tom Pidcock\",\"Val Di Sole\",\"Victor Koretzky\"],\"articleSection\":[\"Cross Country XCO\"],\"inLanguage\":\"it-IT\"},{\"@type\":\"WebPage\",\"@id\":\"https:\\\/\\\/www.365mountainbike.it\\\/fantamtb\\\/storia-mtb\\\/cross-country-xco\\\/uci-mountain-bike-coppa-del-mondo-2024-xc\\\/\",\"url\":\"https:\\\/\\\/www.365mountainbike.it\\\/fantamtb\\\/storia-mtb\\\/cross-country-xco\\\/uci-mountain-bike-coppa-del-mondo-2024-xc\\\/\",\"name\":\"Classifiche UCI Mountain Bike Coppa del Mondo 2024 MTB XC | FANTAmtb\",\"isPartOf\":{\"@id\":\"https:\\\/\\\/www.365mountainbike.it\\\/fantamtb\\\/#website\"},\"primaryImageOfPage\":{\"@id\":\"https:\\\/\\\/www.365mountainbike.it\\\/fantamtb\\\/storia-mtb\\\/cross-country-xco\\\/uci-mountain-bike-coppa-del-mondo-2024-xc\\\/#primaryimage\"},\"image\":{\"@id\":\"https:\\\/\\\/www.365mountainbike.it\\\/fantamtb\\\/storia-mtb\\\/cross-country-xco\\\/uci-mountain-bike-coppa-del-mondo-2024-xc\\\/#primaryimage\"},\"thumbnailUrl\":\"https:\\\/\\\/www.365mountainbike.it\\\/fantamtb\\\/wp-content\\\/uploads\\\/2024\\\/05\\\/Jenny-Rissveds-Mairipora.jpeg\",\"datePublished\":\"2024-05-12T11:57:47+00:00\",\"dateModified\":\"2026-02-07T16:07:26+00:00\",\"author\":{\"@id\":\"https:\\\/\\\/www.365mountainbike.it\\\/fantamtb\\\/#\\\/schema\\\/person\\\/7b4a30b446207c8d00024d9717c3b63b\"},\"breadcrumb\":{\"@id\":\"https:\\\/\\\/www.365mountainbike.it\\\/fantamtb\\\/storia-mtb\\\/cross-country-xco\\\/uci-mountain-bike-coppa-del-mondo-2024-xc\\\/#breadcrumb\"},\"inLanguage\":\"it-IT\",\"potentialAction\":[{\"@type\":\"ReadAction\",\"target\":[\"https:\\\/\\\/www.365mountainbike.it\\\/fantamtb\\\/storia-mtb\\\/cross-country-xco\\\/uci-mountain-bike-coppa-del-mondo-2024-xc\\\/\"]}]},{\"@type\":\"ImageObject\",\"inLanguage\":\"it-IT\",\"@id\":\"https:\\\/\\\/www.365mountainbike.it\\\/fantamtb\\\/storia-mtb\\\/cross-country-xco\\\/uci-mountain-bike-coppa-del-mondo-2024-xc\\\/#primaryimage\",\"url\":\"https:\\\/\\\/www.365mountainbike.it\\\/fantamtb\\\/wp-content\\\/uploads\\\/2024\\\/05\\\/Jenny-Rissveds-Mairipora.jpeg\",\"contentUrl\":\"https:\\\/\\\/www.365mountainbike.it\\\/fantamtb\\\/wp-content\\\/uploads\\\/2024\\\/05\\\/Jenny-Rissveds-Mairipora.jpeg\",\"width\":1224,\"height\":808},{\"@type\":\"BreadcrumbList\",\"@id\":\"https:\\\/\\\/www.365mountainbike.it\\\/fantamtb\\\/storia-mtb\\\/cross-country-xco\\\/uci-mountain-bike-coppa-del-mondo-2024-xc\\\/#breadcrumb\",\"itemListElement\":[{\"@type\":\"ListItem\",\"position\":1,\"name\":\"Home\",\"item\":\"https:\\\/\\\/www.365mountainbike.it\\\/fantamtb\\\/\"},{\"@type\":\"ListItem\",\"position\":2,\"name\":\"Storia MTB\",\"item\":\"https:\\\/\\\/www.365mountainbike.it\\\/fantamtb\\\/storia-mtb\\\/\"},{\"@type\":\"ListItem\",\"position\":3,\"name\":\"XCO Cross Country\",\"item\":\"https:\\\/\\\/www.365mountainbike.it\\\/fantamtb\\\/storia-mtb\\\/cross-country-xco\\\/\"},{\"@type\":\"ListItem\",\"position\":4,\"name\":\"UCI Mountain Bike Coppa del Mondo 2024 MTB XC\"}]},{\"@type\":\"WebSite\",\"@id\":\"https:\\\/\\\/www.365mountainbike.it\\\/fantamtb\\\/#website\",\"url\":\"https:\\\/\\\/www.365mountainbike.it\\\/fantamtb\\\/\",\"name\":\"FANTAmtb\",\"description\":\"Il FANTAciclismo della Mountain Bike (FANTAcycling)\",\"potentialAction\":[{\"@type\":\"SearchAction\",\"target\":{\"@type\":\"EntryPoint\",\"urlTemplate\":\"https:\\\/\\\/www.365mountainbike.it\\\/fantamtb\\\/?s={search_term_string}\"},\"query-input\":{\"@type\":\"PropertyValueSpecification\",\"valueRequired\":true,\"valueName\":\"search_term_string\"}}],\"inLanguage\":\"it-IT\"},{\"@type\":\"Person\",\"@id\":\"https:\\\/\\\/www.365mountainbike.it\\\/fantamtb\\\/#\\\/schema\\\/person\\\/7b4a30b446207c8d00024d9717c3b63b\",\"name\":\"FANTAmtb\",\"image\":{\"@type\":\"ImageObject\",\"inLanguage\":\"it-IT\",\"@id\":\"\\\/\\\/www.365mountainbike.it\\\/fantamtb\\\/wp-content\\\/uploads\\\/wpforo\\\/avatars\\\/davide_1.png\",\"url\":\"\\\/\\\/www.365mountainbike.it\\\/fantamtb\\\/wp-content\\\/uploads\\\/wpforo\\\/avatars\\\/davide_1.png\",\"contentUrl\":\"\\\/\\\/www.365mountainbike.it\\\/fantamtb\\\/wp-content\\\/uploads\\\/wpforo\\\/avatars\\\/davide_1.png\",\"caption\":\"FANTAmtb\"},\"sameAs\":[\"https:\\\/\\\/www.365mountainbike.it\\\/fantamtb\"],\"url\":\"https:\\\/\\\/www.365mountainbike.it\\\/fantamtb\\\/author\\\/davide\\\/\"}]}<\/script>\n<!-- \/ Yoast SEO plugin. -->","yoast_head_json":{"title":"Classifiche UCI Mountain Bike Coppa del Mondo 2024 MTB XC | FANTAmtb","robots":{"index":"index","follow":"follow","max-snippet":"max-snippet:-1","max-image-preview":"max-image-preview:large","max-video-preview":"max-video-preview:-1"},"canonical":"https:\/\/www.365mountainbike.it\/fantamtb\/storia-mtb\/cross-country-xco\/uci-mountain-bike-coppa-del-mondo-2024-xc\/","og_locale":"it_IT","og_type":"article","og_title":"Classifiche UCI Mountain Bike Coppa del Mondo 2024 MTB XC | FANTAmtb","og_description":"Coppa del Mondo 2024 che vede tanti vincitori e il salto di qualit\u00e0 definitivo di Alan Hatherly che vince mondiale e Coppa del Mondo tra gli Elite maschili. Nelle donne, vince la generale Alessandra Keller, super costante in tutta la stagione. &nbsp;Mairopora&#8211; REPORT UOMINI&#8211; REPORT DONNE&#8211; U23 M | U23 W &nbsp; Christopher BLEVINS Victor [&hellip;]","og_url":"https:\/\/www.365mountainbike.it\/fantamtb\/storia-mtb\/cross-country-xco\/uci-mountain-bike-coppa-del-mondo-2024-xc\/","og_site_name":"FANTAmtb","article_published_time":"2024-05-12T11:57:47+00:00","article_modified_time":"2026-02-07T16:07:26+00:00","og_image":[{"width":1224,"height":808,"url":"https:\/\/www.365mountainbike.it\/fantamtb\/wp-content\/uploads\/2024\/05\/Jenny-Rissveds-Mairipora.jpeg","type":"image\/jpeg"}],"author":"FANTAmtb","twitter_card":"summary_large_image","twitter_misc":{"Scritto da":"FANTAmtb","Tempo di lettura stimato":"24 minuti"},"schema":{"@context":"https:\/\/schema.org","@graph":[{"@type":"Article","@id":"https:\/\/www.365mountainbike.it\/fantamtb\/storia-mtb\/cross-country-xco\/uci-mountain-bike-coppa-del-mondo-2024-xc\/#article","isPartOf":{"@id":"https:\/\/www.365mountainbike.it\/fantamtb\/storia-mtb\/cross-country-xco\/uci-mountain-bike-coppa-del-mondo-2024-xc\/"},"author":{"name":"FANTAmtb","@id":"https:\/\/www.365mountainbike.it\/fantamtb\/#\/schema\/person\/7b4a30b446207c8d00024d9717c3b63b"},"headline":"UCI Mountain Bike Coppa del Mondo 2024 MTB XC","datePublished":"2024-05-12T11:57:47+00:00","dateModified":"2026-02-07T16:07:26+00:00","mainEntityOfPage":{"@id":"https:\/\/www.365mountainbike.it\/fantamtb\/storia-mtb\/cross-country-xco\/uci-mountain-bike-coppa-del-mondo-2024-xc\/"},"wordCount":391,"image":{"@id":"https:\/\/www.365mountainbike.it\/fantamtb\/storia-mtb\/cross-country-xco\/uci-mountain-bike-coppa-del-mondo-2024-xc\/#primaryimage"},"thumbnailUrl":"https:\/\/www.365mountainbike.it\/fantamtb\/wp-content\/uploads\/2024\/05\/Jenny-Rissveds-Mairipora.jpeg","keywords":["Alan Hatherly","Alessandra Keller","Araxa","Candice Lill","Christopher Blevins","Colombo Filippo","Coppa Del Mondo","Crans Montana","Haley Batten","Jenny Rissveds","Lake Placid","Les Gets","Luca Braidot","Mairopora","Marcel Guerrini","Mathias Fluckiger","Mont Sainte Anne","Nino Schurter","Nove Mesto","Pauline Ferrand Prevot","Puck Pieterse","Savilia Blunk","Simon Andreassen","Tom Pidcock","Val Di Sole","Victor Koretzky"],"articleSection":["Cross Country XCO"],"inLanguage":"it-IT"},{"@type":"WebPage","@id":"https:\/\/www.365mountainbike.it\/fantamtb\/storia-mtb\/cross-country-xco\/uci-mountain-bike-coppa-del-mondo-2024-xc\/","url":"https:\/\/www.365mountainbike.it\/fantamtb\/storia-mtb\/cross-country-xco\/uci-mountain-bike-coppa-del-mondo-2024-xc\/","name":"Classifiche UCI Mountain Bike Coppa del Mondo 2024 MTB XC | FANTAmtb","isPartOf":{"@id":"https:\/\/www.365mountainbike.it\/fantamtb\/#website"},"primaryImageOfPage":{"@id":"https:\/\/www.365mountainbike.it\/fantamtb\/storia-mtb\/cross-country-xco\/uci-mountain-bike-coppa-del-mondo-2024-xc\/#primaryimage"},"image":{"@id":"https:\/\/www.365mountainbike.it\/fantamtb\/storia-mtb\/cross-country-xco\/uci-mountain-bike-coppa-del-mondo-2024-xc\/#primaryimage"},"thumbnailUrl":"https:\/\/www.365mountainbike.it\/fantamtb\/wp-content\/uploads\/2024\/05\/Jenny-Rissveds-Mairipora.jpeg","datePublished":"2024-05-12T11:57:47+00:00","dateModified":"2026-02-07T16:07:26+00:00","author":{"@id":"https:\/\/www.365mountainbike.it\/fantamtb\/#\/schema\/person\/7b4a30b446207c8d00024d9717c3b63b"},"breadcrumb":{"@id":"https:\/\/www.365mountainbike.it\/fantamtb\/storia-mtb\/cross-country-xco\/uci-mountain-bike-coppa-del-mondo-2024-xc\/#breadcrumb"},"inLanguage":"it-IT","potentialAction":[{"@type":"ReadAction","target":["https:\/\/www.365mountainbike.it\/fantamtb\/storia-mtb\/cross-country-xco\/uci-mountain-bike-coppa-del-mondo-2024-xc\/"]}]},{"@type":"ImageObject","inLanguage":"it-IT","@id":"https:\/\/www.365mountainbike.it\/fantamtb\/storia-mtb\/cross-country-xco\/uci-mountain-bike-coppa-del-mondo-2024-xc\/#primaryimage","url":"https:\/\/www.365mountainbike.it\/fantamtb\/wp-content\/uploads\/2024\/05\/Jenny-Rissveds-Mairipora.jpeg","contentUrl":"https:\/\/www.365mountainbike.it\/fantamtb\/wp-content\/uploads\/2024\/05\/Jenny-Rissveds-Mairipora.jpeg","width":1224,"height":808},{"@type":"BreadcrumbList","@id":"https:\/\/www.365mountainbike.it\/fantamtb\/storia-mtb\/cross-country-xco\/uci-mountain-bike-coppa-del-mondo-2024-xc\/#breadcrumb","itemListElement":[{"@type":"ListItem","position":1,"name":"Home","item":"https:\/\/www.365mountainbike.it\/fantamtb\/"},{"@type":"ListItem","position":2,"name":"Storia MTB","item":"https:\/\/www.365mountainbike.it\/fantamtb\/storia-mtb\/"},{"@type":"ListItem","position":3,"name":"XCO Cross Country","item":"https:\/\/www.365mountainbike.it\/fantamtb\/storia-mtb\/cross-country-xco\/"},{"@type":"ListItem","position":4,"name":"UCI Mountain Bike Coppa del Mondo 2024 MTB XC"}]},{"@type":"WebSite","@id":"https:\/\/www.365mountainbike.it\/fantamtb\/#website","url":"https:\/\/www.365mountainbike.it\/fantamtb\/","name":"FANTAmtb","description":"Il FANTAciclismo della Mountain Bike (FANTAcycling)","potentialAction":[{"@type":"SearchAction","target":{"@type":"EntryPoint","urlTemplate":"https:\/\/www.365mountainbike.it\/fantamtb\/?s={search_term_string}"},"query-input":{"@type":"PropertyValueSpecification","valueRequired":true,"valueName":"search_term_string"}}],"inLanguage":"it-IT"},{"@type":"Person","@id":"https:\/\/www.365mountainbike.it\/fantamtb\/#\/schema\/person\/7b4a30b446207c8d00024d9717c3b63b","name":"FANTAmtb","image":{"@type":"ImageObject","inLanguage":"it-IT","@id":"\/\/www.365mountainbike.it\/fantamtb\/wp-content\/uploads\/wpforo\/avatars\/davide_1.png","url":"\/\/www.365mountainbike.it\/fantamtb\/wp-content\/uploads\/wpforo\/avatars\/davide_1.png","contentUrl":"\/\/www.365mountainbike.it\/fantamtb\/wp-content\/uploads\/wpforo\/avatars\/davide_1.png","caption":"FANTAmtb"},"sameAs":["https:\/\/www.365mountainbike.it\/fantamtb"],"url":"https:\/\/www.365mountainbike.it\/fantamtb\/author\/davide\/"}]}},"gt_translate_keys":[{"key":"link","format":"url"}],"_links":{"self":[{"href":"https:\/\/www.365mountainbike.it\/fantamtb\/wp-json\/wp\/v2\/posts\/24296","targetHints":{"allow":["GET"]}}],"collection":[{"href":"https:\/\/www.365mountainbike.it\/fantamtb\/wp-json\/wp\/v2\/posts"}],"about":[{"href":"https:\/\/www.365mountainbike.it\/fantamtb\/wp-json\/wp\/v2\/types\/post"}],"author":[{"embeddable":true,"href":"https:\/\/www.365mountainbike.it\/fantamtb\/wp-json\/wp\/v2\/users\/1"}],"replies":[{"embeddable":true,"href":"https:\/\/www.365mountainbike.it\/fantamtb\/wp-json\/wp\/v2\/comments?post=24296"}],"version-history":[{"count":6,"href":"https:\/\/www.365mountainbike.it\/fantamtb\/wp-json\/wp\/v2\/posts\/24296\/revisions"}],"predecessor-version":[{"id":25967,"href":"https:\/\/www.365mountainbike.it\/fantamtb\/wp-json\/wp\/v2\/posts\/24296\/revisions\/25967"}],"wp:featuredmedia":[{"embeddable":true,"href":"https:\/\/www.365mountainbike.it\/fantamtb\/wp-json\/wp\/v2\/media\/24298"}],"wp:attachment":[{"href":"https:\/\/www.365mountainbike.it\/fantamtb\/wp-json\/wp\/v2\/media?parent=24296"}],"wp:term":[{"taxonomy":"category","embeddable":true,"href":"https:\/\/www.365mountainbike.it\/fantamtb\/wp-json\/wp\/v2\/categories?post=24296"},{"taxonomy":"post_tag","embeddable":true,"href":"https:\/\/www.365mountainbike.it\/fantamtb\/wp-json\/wp\/v2\/tags?post=24296"}],"curies":[{"name":"wp","href":"https:\/\/api.w.org\/{rel}","templated":true}]}}