{"id":2329,"date":"2011-06-06T12:03:04","date_gmt":"2011-06-06T10:03:04","guid":{"rendered":"\/database\/rider-xc\/peter-sagan\/"},"modified":"2024-01-06T15:08:45","modified_gmt":"2024-01-06T15:08:45","slug":"peter-sagan","status":"publish","type":"post","link":"https:\/\/www.365mountainbike.it\/fantamtb\/atleti\/peter-sagan\/","title":{"rendered":"Peter Sagan","gt_translate_keys":[{"key":"rendered","format":"text"}]},"content":{"rendered":"\n<p><span style=\"font-size: revert;\">Peter Sagan (\u017dilina, 26 gennaio 1990) \u00e8 un ciclista su strada, biker e ciclocrossista slovacco. Fratello minore di Juraj Sagan, \u00e8 considerato uno dei migliori talenti del ciclismo mondiale facendo la scelta di abbandonare la mountain bike nel 2010 dopo aver vinto, nella categoria junior, un titolo mondiale ed un titolo europeo.<\/span><\/p>\n","protected":false,"gt_translate_keys":[{"key":"rendered","format":"html"}]},"excerpt":{"rendered":"<p>Peter Sagan (\u017dilina, 26 gennaio 1990) \u00e8 un ciclista su strada, biker e ciclocrossista slovacco. Fratello minore di Juraj Sagan, \u00e8 considerato uno dei migliori talenti del ciclismo mondiale facendo la scelta di abbandonare la mountain bike nel 2010 dopo aver vinto, nella categoria junior, un titolo mondiale ed un titolo europeo.<\/p>\n","protected":false,"gt_translate_keys":[{"key":"rendered","format":"html"}]},"author":1,"featured_media":7073,"comment_status":"closed","ping_status":"open","sticky":false,"template":"","format":"standard","meta":{"footnotes":""},"categories":[2],"tags":[179,46,4],"class_list":["post-2329","post","type-post","status-publish","format-standard","has-post-thumbnail","hentry","category-atleti","tag-cx","tag-peter-sagan","tag-xc"],"yoast_head":"<!-- This site is optimized with the Yoast SEO plugin v27.5 - https:\/\/yoast.com\/product\/yoast-seo-wordpress\/ -->\n<title>Biografia Peter Sagan - Atleta MTB (foto\/risultati) | FANTAmtb<\/title>\n<meta name=\"robots\" content=\"index, follow, max-snippet:-1, max-image-preview:large, max-video-preview:-1\" \/>\n<link rel=\"canonical\" href=\"https:\/\/www.365mountainbike.it\/fantamtb\/atleti\/peter-sagan\/\" \/>\n<meta property=\"og:locale\" content=\"it_IT\" \/>\n<meta property=\"og:type\" content=\"article\" \/>\n<meta property=\"og:title\" content=\"Biografia Peter Sagan - Atleta MTB (foto\/risultati) | FANTAmtb\" \/>\n<meta property=\"og:description\" content=\"Peter Sagan (\u017dilina, 26 gennaio 1990) \u00e8 un ciclista su strada, biker e ciclocrossista slovacco. Fratello minore di Juraj Sagan, \u00e8 considerato uno dei migliori talenti del ciclismo mondiale facendo la scelta di abbandonare la mountain bike nel 2010 dopo aver vinto, nella categoria junior, un titolo mondiale ed un titolo europeo.\" \/>\n<meta property=\"og:url\" content=\"https:\/\/www.365mountainbike.it\/fantamtb\/atleti\/peter-sagan\/\" \/>\n<meta property=\"og:site_name\" content=\"FANTAmtb\" \/>\n<meta property=\"article:published_time\" content=\"2011-06-06T10:03:04+00:00\" \/>\n<meta property=\"article:modified_time\" content=\"2024-01-06T15:08:45+00:00\" \/>\n<meta property=\"og:image\" content=\"https:\/\/www.365mountainbike.it\/fantamtb\/wp-content\/uploads\/2021\/12\/PETER-SAGAN-AND-MARCO-AURELIO-FONTANA-BOTH-WITH-FLAT-TIRE.jpg\" \/>\n\t<meta property=\"og:image:width\" content=\"1024\" \/>\n\t<meta property=\"og:image:height\" content=\"683\" \/>\n\t<meta property=\"og:image:type\" content=\"image\/jpeg\" \/>\n<meta name=\"author\" content=\"FANTAmtb\" \/>\n<meta name=\"twitter:card\" content=\"summary_large_image\" \/>\n<meta name=\"twitter:label1\" content=\"Scritto da\" \/>\n\t<meta name=\"twitter:data1\" content=\"FANTAmtb\" \/>\n\t<meta name=\"twitter:label2\" content=\"Tempo di lettura stimato\" \/>\n\t<meta name=\"twitter:data2\" content=\"1 minuto\" \/>\n<script type=\"application\/ld+json\" class=\"yoast-schema-graph\">{\"@context\":\"https:\\\/\\\/schema.org\",\"@graph\":[{\"@type\":\"Article\",\"@id\":\"https:\\\/\\\/www.365mountainbike.it\\\/fantamtb\\\/atleti\\\/peter-sagan\\\/#article\",\"isPartOf\":{\"@id\":\"https:\\\/\\\/www.365mountainbike.it\\\/fantamtb\\\/atleti\\\/peter-sagan\\\/\"},\"author\":{\"name\":\"FANTAmtb\",\"@id\":\"https:\\\/\\\/www.365mountainbike.it\\\/fantamtb\\\/#\\\/schema\\\/person\\\/7b4a30b446207c8d00024d9717c3b63b\"},\"headline\":\"Peter Sagan\",\"datePublished\":\"2011-06-06T10:03:04+00:00\",\"dateModified\":\"2024-01-06T15:08:45+00:00\",\"mainEntityOfPage\":{\"@id\":\"https:\\\/\\\/www.365mountainbike.it\\\/fantamtb\\\/atleti\\\/peter-sagan\\\/\"},\"wordCount\":49,\"image\":{\"@id\":\"https:\\\/\\\/www.365mountainbike.it\\\/fantamtb\\\/atleti\\\/peter-sagan\\\/#primaryimage\"},\"thumbnailUrl\":\"https:\\\/\\\/www.365mountainbike.it\\\/fantamtb\\\/wp-content\\\/uploads\\\/2021\\\/12\\\/PETER-SAGAN-AND-MARCO-AURELIO-FONTANA-BOTH-WITH-FLAT-TIRE.jpg\",\"keywords\":[\"CX\",\"Peter Sagan\",\"XC\"],\"articleSection\":[\"Atleti\"],\"inLanguage\":\"it-IT\"},{\"@type\":\"WebPage\",\"@id\":\"https:\\\/\\\/www.365mountainbike.it\\\/fantamtb\\\/atleti\\\/peter-sagan\\\/\",\"url\":\"https:\\\/\\\/www.365mountainbike.it\\\/fantamtb\\\/atleti\\\/peter-sagan\\\/\",\"name\":\"Biografia Peter Sagan - Atleta MTB (foto\\\/risultati) | FANTAmtb\",\"isPartOf\":{\"@id\":\"https:\\\/\\\/www.365mountainbike.it\\\/fantamtb\\\/#website\"},\"primaryImageOfPage\":{\"@id\":\"https:\\\/\\\/www.365mountainbike.it\\\/fantamtb\\\/atleti\\\/peter-sagan\\\/#primaryimage\"},\"image\":{\"@id\":\"https:\\\/\\\/www.365mountainbike.it\\\/fantamtb\\\/atleti\\\/peter-sagan\\\/#primaryimage\"},\"thumbnailUrl\":\"https:\\\/\\\/www.365mountainbike.it\\\/fantamtb\\\/wp-content\\\/uploads\\\/2021\\\/12\\\/PETER-SAGAN-AND-MARCO-AURELIO-FONTANA-BOTH-WITH-FLAT-TIRE.jpg\",\"datePublished\":\"2011-06-06T10:03:04+00:00\",\"dateModified\":\"2024-01-06T15:08:45+00:00\",\"author\":{\"@id\":\"https:\\\/\\\/www.365mountainbike.it\\\/fantamtb\\\/#\\\/schema\\\/person\\\/7b4a30b446207c8d00024d9717c3b63b\"},\"breadcrumb\":{\"@id\":\"https:\\\/\\\/www.365mountainbike.it\\\/fantamtb\\\/atleti\\\/peter-sagan\\\/#breadcrumb\"},\"inLanguage\":\"it-IT\",\"potentialAction\":[{\"@type\":\"ReadAction\",\"target\":[\"https:\\\/\\\/www.365mountainbike.it\\\/fantamtb\\\/atleti\\\/peter-sagan\\\/\"]}]},{\"@type\":\"ImageObject\",\"inLanguage\":\"it-IT\",\"@id\":\"https:\\\/\\\/www.365mountainbike.it\\\/fantamtb\\\/atleti\\\/peter-sagan\\\/#primaryimage\",\"url\":\"https:\\\/\\\/www.365mountainbike.it\\\/fantamtb\\\/wp-content\\\/uploads\\\/2021\\\/12\\\/PETER-SAGAN-AND-MARCO-AURELIO-FONTANA-BOTH-WITH-FLAT-TIRE.jpg\",\"contentUrl\":\"https:\\\/\\\/www.365mountainbike.it\\\/fantamtb\\\/wp-content\\\/uploads\\\/2021\\\/12\\\/PETER-SAGAN-AND-MARCO-AURELIO-FONTANA-BOTH-WITH-FLAT-TIRE.jpg\",\"width\":1024,\"height\":683,\"caption\":\"\u00a9Michel Cerveny\\\/PINK BIKE - PETER SAGAN E MARCO AURELIO FONTANA FORANO A LONDRA 2012\"},{\"@type\":\"BreadcrumbList\",\"@id\":\"https:\\\/\\\/www.365mountainbike.it\\\/fantamtb\\\/atleti\\\/peter-sagan\\\/#breadcrumb\",\"itemListElement\":[{\"@type\":\"ListItem\",\"position\":1,\"name\":\"Home\",\"item\":\"https:\\\/\\\/www.365mountainbike.it\\\/fantamtb\\\/\"},{\"@type\":\"ListItem\",\"position\":2,\"name\":\"Peter Sagan\"}]},{\"@type\":\"WebSite\",\"@id\":\"https:\\\/\\\/www.365mountainbike.it\\\/fantamtb\\\/#website\",\"url\":\"https:\\\/\\\/www.365mountainbike.it\\\/fantamtb\\\/\",\"name\":\"FANTAmtb\",\"description\":\"Il FANTAciclismo della Mountain Bike (FANTAcycling)\",\"potentialAction\":[{\"@type\":\"SearchAction\",\"target\":{\"@type\":\"EntryPoint\",\"urlTemplate\":\"https:\\\/\\\/www.365mountainbike.it\\\/fantamtb\\\/?s={search_term_string}\"},\"query-input\":{\"@type\":\"PropertyValueSpecification\",\"valueRequired\":true,\"valueName\":\"search_term_string\"}}],\"inLanguage\":\"it-IT\"},{\"@type\":\"Person\",\"@id\":\"https:\\\/\\\/www.365mountainbike.it\\\/fantamtb\\\/#\\\/schema\\\/person\\\/7b4a30b446207c8d00024d9717c3b63b\",\"name\":\"FANTAmtb\",\"image\":{\"@type\":\"ImageObject\",\"inLanguage\":\"it-IT\",\"@id\":\"\\\/\\\/www.365mountainbike.it\\\/fantamtb\\\/wp-content\\\/uploads\\\/wpforo\\\/avatars\\\/davide_1.png\",\"url\":\"\\\/\\\/www.365mountainbike.it\\\/fantamtb\\\/wp-content\\\/uploads\\\/wpforo\\\/avatars\\\/davide_1.png\",\"contentUrl\":\"\\\/\\\/www.365mountainbike.it\\\/fantamtb\\\/wp-content\\\/uploads\\\/wpforo\\\/avatars\\\/davide_1.png\",\"caption\":\"FANTAmtb\"},\"sameAs\":[\"https:\\\/\\\/www.365mountainbike.it\\\/fantamtb\"],\"url\":\"https:\\\/\\\/www.365mountainbike.it\\\/fantamtb\\\/author\\\/davide\\\/\"}]}<\/script>\n<!-- \/ Yoast SEO plugin. -->","yoast_head_json":{"title":"Biografia Peter Sagan - Atleta MTB (foto\/risultati) | FANTAmtb","robots":{"index":"index","follow":"follow","max-snippet":"max-snippet:-1","max-image-preview":"max-image-preview:large","max-video-preview":"max-video-preview:-1"},"canonical":"https:\/\/www.365mountainbike.it\/fantamtb\/atleti\/peter-sagan\/","og_locale":"it_IT","og_type":"article","og_title":"Biografia Peter Sagan - Atleta MTB (foto\/risultati) | FANTAmtb","og_description":"Peter Sagan (\u017dilina, 26 gennaio 1990) \u00e8 un ciclista su strada, biker e ciclocrossista slovacco. Fratello minore di Juraj Sagan, \u00e8 considerato uno dei migliori talenti del ciclismo mondiale facendo la scelta di abbandonare la mountain bike nel 2010 dopo aver vinto, nella categoria junior, un titolo mondiale ed un titolo europeo.","og_url":"https:\/\/www.365mountainbike.it\/fantamtb\/atleti\/peter-sagan\/","og_site_name":"FANTAmtb","article_published_time":"2011-06-06T10:03:04+00:00","article_modified_time":"2024-01-06T15:08:45+00:00","og_image":[{"width":1024,"height":683,"url":"https:\/\/www.365mountainbike.it\/fantamtb\/wp-content\/uploads\/2021\/12\/PETER-SAGAN-AND-MARCO-AURELIO-FONTANA-BOTH-WITH-FLAT-TIRE.jpg","type":"image\/jpeg"}],"author":"FANTAmtb","twitter_card":"summary_large_image","twitter_misc":{"Scritto da":"FANTAmtb","Tempo di lettura stimato":"1 minuto"},"schema":{"@context":"https:\/\/schema.org","@graph":[{"@type":"Article","@id":"https:\/\/www.365mountainbike.it\/fantamtb\/atleti\/peter-sagan\/#article","isPartOf":{"@id":"https:\/\/www.365mountainbike.it\/fantamtb\/atleti\/peter-sagan\/"},"author":{"name":"FANTAmtb","@id":"https:\/\/www.365mountainbike.it\/fantamtb\/#\/schema\/person\/7b4a30b446207c8d00024d9717c3b63b"},"headline":"Peter Sagan","datePublished":"2011-06-06T10:03:04+00:00","dateModified":"2024-01-06T15:08:45+00:00","mainEntityOfPage":{"@id":"https:\/\/www.365mountainbike.it\/fantamtb\/atleti\/peter-sagan\/"},"wordCount":49,"image":{"@id":"https:\/\/www.365mountainbike.it\/fantamtb\/atleti\/peter-sagan\/#primaryimage"},"thumbnailUrl":"https:\/\/www.365mountainbike.it\/fantamtb\/wp-content\/uploads\/2021\/12\/PETER-SAGAN-AND-MARCO-AURELIO-FONTANA-BOTH-WITH-FLAT-TIRE.jpg","keywords":["CX","Peter Sagan","XC"],"articleSection":["Atleti"],"inLanguage":"it-IT"},{"@type":"WebPage","@id":"https:\/\/www.365mountainbike.it\/fantamtb\/atleti\/peter-sagan\/","url":"https:\/\/www.365mountainbike.it\/fantamtb\/atleti\/peter-sagan\/","name":"Biografia Peter Sagan - Atleta MTB (foto\/risultati) | FANTAmtb","isPartOf":{"@id":"https:\/\/www.365mountainbike.it\/fantamtb\/#website"},"primaryImageOfPage":{"@id":"https:\/\/www.365mountainbike.it\/fantamtb\/atleti\/peter-sagan\/#primaryimage"},"image":{"@id":"https:\/\/www.365mountainbike.it\/fantamtb\/atleti\/peter-sagan\/#primaryimage"},"thumbnailUrl":"https:\/\/www.365mountainbike.it\/fantamtb\/wp-content\/uploads\/2021\/12\/PETER-SAGAN-AND-MARCO-AURELIO-FONTANA-BOTH-WITH-FLAT-TIRE.jpg","datePublished":"2011-06-06T10:03:04+00:00","dateModified":"2024-01-06T15:08:45+00:00","author":{"@id":"https:\/\/www.365mountainbike.it\/fantamtb\/#\/schema\/person\/7b4a30b446207c8d00024d9717c3b63b"},"breadcrumb":{"@id":"https:\/\/www.365mountainbike.it\/fantamtb\/atleti\/peter-sagan\/#breadcrumb"},"inLanguage":"it-IT","potentialAction":[{"@type":"ReadAction","target":["https:\/\/www.365mountainbike.it\/fantamtb\/atleti\/peter-sagan\/"]}]},{"@type":"ImageObject","inLanguage":"it-IT","@id":"https:\/\/www.365mountainbike.it\/fantamtb\/atleti\/peter-sagan\/#primaryimage","url":"https:\/\/www.365mountainbike.it\/fantamtb\/wp-content\/uploads\/2021\/12\/PETER-SAGAN-AND-MARCO-AURELIO-FONTANA-BOTH-WITH-FLAT-TIRE.jpg","contentUrl":"https:\/\/www.365mountainbike.it\/fantamtb\/wp-content\/uploads\/2021\/12\/PETER-SAGAN-AND-MARCO-AURELIO-FONTANA-BOTH-WITH-FLAT-TIRE.jpg","width":1024,"height":683,"caption":"\u00a9Michel Cerveny\/PINK BIKE - PETER SAGAN E MARCO AURELIO FONTANA FORANO A LONDRA 2012"},{"@type":"BreadcrumbList","@id":"https:\/\/www.365mountainbike.it\/fantamtb\/atleti\/peter-sagan\/#breadcrumb","itemListElement":[{"@type":"ListItem","position":1,"name":"Home","item":"https:\/\/www.365mountainbike.it\/fantamtb\/"},{"@type":"ListItem","position":2,"name":"Peter Sagan"}]},{"@type":"WebSite","@id":"https:\/\/www.365mountainbike.it\/fantamtb\/#website","url":"https:\/\/www.365mountainbike.it\/fantamtb\/","name":"FANTAmtb","description":"Il FANTAciclismo della Mountain Bike (FANTAcycling)","potentialAction":[{"@type":"SearchAction","target":{"@type":"EntryPoint","urlTemplate":"https:\/\/www.365mountainbike.it\/fantamtb\/?s={search_term_string}"},"query-input":{"@type":"PropertyValueSpecification","valueRequired":true,"valueName":"search_term_string"}}],"inLanguage":"it-IT"},{"@type":"Person","@id":"https:\/\/www.365mountainbike.it\/fantamtb\/#\/schema\/person\/7b4a30b446207c8d00024d9717c3b63b","name":"FANTAmtb","image":{"@type":"ImageObject","inLanguage":"it-IT","@id":"\/\/www.365mountainbike.it\/fantamtb\/wp-content\/uploads\/wpforo\/avatars\/davide_1.png","url":"\/\/www.365mountainbike.it\/fantamtb\/wp-content\/uploads\/wpforo\/avatars\/davide_1.png","contentUrl":"\/\/www.365mountainbike.it\/fantamtb\/wp-content\/uploads\/wpforo\/avatars\/davide_1.png","caption":"FANTAmtb"},"sameAs":["https:\/\/www.365mountainbike.it\/fantamtb"],"url":"https:\/\/www.365mountainbike.it\/fantamtb\/author\/davide\/"}]}},"gt_translate_keys":[{"key":"link","format":"url"}],"_links":{"self":[{"href":"https:\/\/www.365mountainbike.it\/fantamtb\/wp-json\/wp\/v2\/posts\/2329","targetHints":{"allow":["GET"]}}],"collection":[{"href":"https:\/\/www.365mountainbike.it\/fantamtb\/wp-json\/wp\/v2\/posts"}],"about":[{"href":"https:\/\/www.365mountainbike.it\/fantamtb\/wp-json\/wp\/v2\/types\/post"}],"author":[{"embeddable":true,"href":"https:\/\/www.365mountainbike.it\/fantamtb\/wp-json\/wp\/v2\/users\/1"}],"replies":[{"embeddable":true,"href":"https:\/\/www.365mountainbike.it\/fantamtb\/wp-json\/wp\/v2\/comments?post=2329"}],"version-history":[{"count":1,"href":"https:\/\/www.365mountainbike.it\/fantamtb\/wp-json\/wp\/v2\/posts\/2329\/revisions"}],"predecessor-version":[{"id":21719,"href":"https:\/\/www.365mountainbike.it\/fantamtb\/wp-json\/wp\/v2\/posts\/2329\/revisions\/21719"}],"wp:featuredmedia":[{"embeddable":true,"href":"https:\/\/www.365mountainbike.it\/fantamtb\/wp-json\/wp\/v2\/media\/7073"}],"wp:attachment":[{"href":"https:\/\/www.365mountainbike.it\/fantamtb\/wp-json\/wp\/v2\/media?parent=2329"}],"wp:term":[{"taxonomy":"category","embeddable":true,"href":"https:\/\/www.365mountainbike.it\/fantamtb\/wp-json\/wp\/v2\/categories?post=2329"},{"taxonomy":"post_tag","embeddable":true,"href":"https:\/\/www.365mountainbike.it\/fantamtb\/wp-json\/wp\/v2\/tags?post=2329"}],"curies":[{"name":"wp","href":"https:\/\/api.w.org\/{rel}","templated":true}]}}