{"id":2288,"date":"2011-05-30T20:59:26","date_gmt":"2011-05-30T18:59:26","guid":{"rendered":"\/database\/rider-xc\/tereza-hurikova\/"},"modified":"2024-01-06T15:09:21","modified_gmt":"2024-01-06T15:09:21","slug":"tereza-hurikova","status":"publish","type":"post","link":"https:\/\/www.365mountainbike.it\/fantamtb\/atleti\/tereza-hurikova\/","title":{"rendered":"Tereza Hurikova","gt_translate_keys":[{"key":"rendered","format":"text"}]},"content":{"rendered":"\n<p>Tereza Hu\u0159\u00edkov\u00e1 (11 Febbraio 1987). Da Juniores \u00e8 stata una vera e propria stella, capace di vincere titoli mondiali sia nella strada che nella mountain bike. Tra le U23 non ha brillato come nelle categorie giovanili ma ha comunque raccolto buoni risultati, come 2 quarti posti ai mondiali 2006 e 2007, ed un 2\u00b0 posto agli Europei di Lamosano (2006). Nel 2008, a 21 anni, ha partecipato alle Olimpiadi di Pechino dove per\u00f2 \u00e8 stata costretta al ritiro. Nel 2011, 2012 e 2013 \u00e8 stata campionessa nazionale tra le Elite.<\/p>\n","protected":false,"gt_translate_keys":[{"key":"rendered","format":"html"}]},"excerpt":{"rendered":"<p>Tereza Hu\u0159\u00edkov\u00e1 (11 Febbraio 1987). Da Juniores \u00e8 stata una vera e propria stella, capace di vincere titoli mondiali sia nella strada che nella mountain bike. Tra le U23 non ha brillato come nelle categorie giovanili ma ha comunque raccolto buoni risultati, come 2 quarti posti ai mondiali 2006 e 2007, ed un 2\u00b0 posto [&hellip;]<\/p>\n","protected":false,"gt_translate_keys":[{"key":"rendered","format":"html"}]},"author":1,"featured_media":15729,"comment_status":"closed","ping_status":"open","sticky":false,"template":"","format":"standard","meta":{"footnotes":""},"categories":[2],"tags":[84,4],"class_list":["post-2288","post","type-post","status-publish","format-standard","has-post-thumbnail","hentry","category-atleti","tag-tereza-hurikova","tag-xc"],"yoast_head":"<!-- This site is optimized with the Yoast SEO plugin v27.5 - https:\/\/yoast.com\/product\/yoast-seo-wordpress\/ -->\n<title>Biografia Tereza Hurikova - Atleta MTB (foto\/risultati) | FANTAmtb<\/title>\n<meta name=\"robots\" content=\"index, follow, max-snippet:-1, max-image-preview:large, max-video-preview:-1\" \/>\n<link rel=\"canonical\" href=\"https:\/\/www.365mountainbike.it\/fantamtb\/atleti\/tereza-hurikova\/\" \/>\n<meta property=\"og:locale\" content=\"it_IT\" \/>\n<meta property=\"og:type\" content=\"article\" \/>\n<meta property=\"og:title\" content=\"Biografia Tereza Hurikova - Atleta MTB (foto\/risultati) | FANTAmtb\" \/>\n<meta property=\"og:description\" content=\"Tereza Hu\u0159\u00edkov\u00e1 (11 Febbraio 1987). Da Juniores \u00e8 stata una vera e propria stella, capace di vincere titoli mondiali sia nella strada che nella mountain bike. Tra le U23 non ha brillato come nelle categorie giovanili ma ha comunque raccolto buoni risultati, come 2 quarti posti ai mondiali 2006 e 2007, ed un 2\u00b0 posto [&hellip;]\" \/>\n<meta property=\"og:url\" content=\"https:\/\/www.365mountainbike.it\/fantamtb\/atleti\/tereza-hurikova\/\" \/>\n<meta property=\"og:site_name\" content=\"FANTAmtb\" \/>\n<meta property=\"article:published_time\" content=\"2011-05-30T18:59:26+00:00\" \/>\n<meta property=\"article:modified_time\" content=\"2024-01-06T15:09:21+00:00\" \/>\n<meta property=\"og:image\" content=\"https:\/\/www.365mountainbike.it\/fantamtb\/wp-content\/uploads\/2011\/06\/Tereza-Hurikova.jpg\" \/>\n\t<meta property=\"og:image:width\" content=\"640\" \/>\n\t<meta property=\"og:image:height\" content=\"427\" \/>\n\t<meta property=\"og:image:type\" content=\"image\/jpeg\" \/>\n<meta name=\"author\" content=\"FANTAmtb\" \/>\n<meta name=\"twitter:card\" content=\"summary_large_image\" \/>\n<meta name=\"twitter:label1\" content=\"Scritto da\" \/>\n\t<meta name=\"twitter:data1\" content=\"FANTAmtb\" \/>\n\t<meta name=\"twitter:label2\" content=\"Tempo di lettura stimato\" \/>\n\t<meta name=\"twitter:data2\" content=\"1 minuto\" \/>\n<script type=\"application\/ld+json\" class=\"yoast-schema-graph\">{\"@context\":\"https:\\\/\\\/schema.org\",\"@graph\":[{\"@type\":\"Article\",\"@id\":\"https:\\\/\\\/www.365mountainbike.it\\\/fantamtb\\\/atleti\\\/tereza-hurikova\\\/#article\",\"isPartOf\":{\"@id\":\"https:\\\/\\\/www.365mountainbike.it\\\/fantamtb\\\/atleti\\\/tereza-hurikova\\\/\"},\"author\":{\"name\":\"FANTAmtb\",\"@id\":\"https:\\\/\\\/www.365mountainbike.it\\\/fantamtb\\\/#\\\/schema\\\/person\\\/7b4a30b446207c8d00024d9717c3b63b\"},\"headline\":\"Tereza Hurikova\",\"datePublished\":\"2011-05-30T18:59:26+00:00\",\"dateModified\":\"2024-01-06T15:09:21+00:00\",\"mainEntityOfPage\":{\"@id\":\"https:\\\/\\\/www.365mountainbike.it\\\/fantamtb\\\/atleti\\\/tereza-hurikova\\\/\"},\"wordCount\":78,\"image\":{\"@id\":\"https:\\\/\\\/www.365mountainbike.it\\\/fantamtb\\\/atleti\\\/tereza-hurikova\\\/#primaryimage\"},\"thumbnailUrl\":\"https:\\\/\\\/www.365mountainbike.it\\\/fantamtb\\\/wp-content\\\/uploads\\\/2011\\\/06\\\/Tereza-Hurikova.jpg\",\"keywords\":[\"Tereza Hurikova\",\"XC\"],\"articleSection\":[\"Atleti\"],\"inLanguage\":\"it-IT\"},{\"@type\":\"WebPage\",\"@id\":\"https:\\\/\\\/www.365mountainbike.it\\\/fantamtb\\\/atleti\\\/tereza-hurikova\\\/\",\"url\":\"https:\\\/\\\/www.365mountainbike.it\\\/fantamtb\\\/atleti\\\/tereza-hurikova\\\/\",\"name\":\"Biografia Tereza Hurikova - Atleta MTB (foto\\\/risultati) | FANTAmtb\",\"isPartOf\":{\"@id\":\"https:\\\/\\\/www.365mountainbike.it\\\/fantamtb\\\/#website\"},\"primaryImageOfPage\":{\"@id\":\"https:\\\/\\\/www.365mountainbike.it\\\/fantamtb\\\/atleti\\\/tereza-hurikova\\\/#primaryimage\"},\"image\":{\"@id\":\"https:\\\/\\\/www.365mountainbike.it\\\/fantamtb\\\/atleti\\\/tereza-hurikova\\\/#primaryimage\"},\"thumbnailUrl\":\"https:\\\/\\\/www.365mountainbike.it\\\/fantamtb\\\/wp-content\\\/uploads\\\/2011\\\/06\\\/Tereza-Hurikova.jpg\",\"datePublished\":\"2011-05-30T18:59:26+00:00\",\"dateModified\":\"2024-01-06T15:09:21+00:00\",\"author\":{\"@id\":\"https:\\\/\\\/www.365mountainbike.it\\\/fantamtb\\\/#\\\/schema\\\/person\\\/7b4a30b446207c8d00024d9717c3b63b\"},\"breadcrumb\":{\"@id\":\"https:\\\/\\\/www.365mountainbike.it\\\/fantamtb\\\/atleti\\\/tereza-hurikova\\\/#breadcrumb\"},\"inLanguage\":\"it-IT\",\"potentialAction\":[{\"@type\":\"ReadAction\",\"target\":[\"https:\\\/\\\/www.365mountainbike.it\\\/fantamtb\\\/atleti\\\/tereza-hurikova\\\/\"]}]},{\"@type\":\"ImageObject\",\"inLanguage\":\"it-IT\",\"@id\":\"https:\\\/\\\/www.365mountainbike.it\\\/fantamtb\\\/atleti\\\/tereza-hurikova\\\/#primaryimage\",\"url\":\"https:\\\/\\\/www.365mountainbike.it\\\/fantamtb\\\/wp-content\\\/uploads\\\/2011\\\/06\\\/Tereza-Hurikova.jpg\",\"contentUrl\":\"https:\\\/\\\/www.365mountainbike.it\\\/fantamtb\\\/wp-content\\\/uploads\\\/2011\\\/06\\\/Tereza-Hurikova.jpg\",\"width\":640,\"height\":427,\"caption\":\"Tereza Hurikova\"},{\"@type\":\"BreadcrumbList\",\"@id\":\"https:\\\/\\\/www.365mountainbike.it\\\/fantamtb\\\/atleti\\\/tereza-hurikova\\\/#breadcrumb\",\"itemListElement\":[{\"@type\":\"ListItem\",\"position\":1,\"name\":\"Home\",\"item\":\"https:\\\/\\\/www.365mountainbike.it\\\/fantamtb\\\/\"},{\"@type\":\"ListItem\",\"position\":2,\"name\":\"Tereza Hurikova\"}]},{\"@type\":\"WebSite\",\"@id\":\"https:\\\/\\\/www.365mountainbike.it\\\/fantamtb\\\/#website\",\"url\":\"https:\\\/\\\/www.365mountainbike.it\\\/fantamtb\\\/\",\"name\":\"FANTAmtb\",\"description\":\"Il FANTAciclismo della Mountain Bike (FANTAcycling)\",\"potentialAction\":[{\"@type\":\"SearchAction\",\"target\":{\"@type\":\"EntryPoint\",\"urlTemplate\":\"https:\\\/\\\/www.365mountainbike.it\\\/fantamtb\\\/?s={search_term_string}\"},\"query-input\":{\"@type\":\"PropertyValueSpecification\",\"valueRequired\":true,\"valueName\":\"search_term_string\"}}],\"inLanguage\":\"it-IT\"},{\"@type\":\"Person\",\"@id\":\"https:\\\/\\\/www.365mountainbike.it\\\/fantamtb\\\/#\\\/schema\\\/person\\\/7b4a30b446207c8d00024d9717c3b63b\",\"name\":\"FANTAmtb\",\"image\":{\"@type\":\"ImageObject\",\"inLanguage\":\"it-IT\",\"@id\":\"\\\/\\\/www.365mountainbike.it\\\/fantamtb\\\/wp-content\\\/uploads\\\/wpforo\\\/avatars\\\/davide_1.png\",\"url\":\"\\\/\\\/www.365mountainbike.it\\\/fantamtb\\\/wp-content\\\/uploads\\\/wpforo\\\/avatars\\\/davide_1.png\",\"contentUrl\":\"\\\/\\\/www.365mountainbike.it\\\/fantamtb\\\/wp-content\\\/uploads\\\/wpforo\\\/avatars\\\/davide_1.png\",\"caption\":\"FANTAmtb\"},\"sameAs\":[\"https:\\\/\\\/www.365mountainbike.it\\\/fantamtb\"],\"url\":\"https:\\\/\\\/www.365mountainbike.it\\\/fantamtb\\\/author\\\/davide\\\/\"}]}<\/script>\n<!-- \/ Yoast SEO plugin. -->","yoast_head_json":{"title":"Biografia Tereza Hurikova - Atleta MTB (foto\/risultati) | FANTAmtb","robots":{"index":"index","follow":"follow","max-snippet":"max-snippet:-1","max-image-preview":"max-image-preview:large","max-video-preview":"max-video-preview:-1"},"canonical":"https:\/\/www.365mountainbike.it\/fantamtb\/atleti\/tereza-hurikova\/","og_locale":"it_IT","og_type":"article","og_title":"Biografia Tereza Hurikova - Atleta MTB (foto\/risultati) | FANTAmtb","og_description":"Tereza Hu\u0159\u00edkov\u00e1 (11 Febbraio 1987). Da Juniores \u00e8 stata una vera e propria stella, capace di vincere titoli mondiali sia nella strada che nella mountain bike. Tra le U23 non ha brillato come nelle categorie giovanili ma ha comunque raccolto buoni risultati, come 2 quarti posti ai mondiali 2006 e 2007, ed un 2\u00b0 posto [&hellip;]","og_url":"https:\/\/www.365mountainbike.it\/fantamtb\/atleti\/tereza-hurikova\/","og_site_name":"FANTAmtb","article_published_time":"2011-05-30T18:59:26+00:00","article_modified_time":"2024-01-06T15:09:21+00:00","og_image":[{"width":640,"height":427,"url":"https:\/\/www.365mountainbike.it\/fantamtb\/wp-content\/uploads\/2011\/06\/Tereza-Hurikova.jpg","type":"image\/jpeg"}],"author":"FANTAmtb","twitter_card":"summary_large_image","twitter_misc":{"Scritto da":"FANTAmtb","Tempo di lettura stimato":"1 minuto"},"schema":{"@context":"https:\/\/schema.org","@graph":[{"@type":"Article","@id":"https:\/\/www.365mountainbike.it\/fantamtb\/atleti\/tereza-hurikova\/#article","isPartOf":{"@id":"https:\/\/www.365mountainbike.it\/fantamtb\/atleti\/tereza-hurikova\/"},"author":{"name":"FANTAmtb","@id":"https:\/\/www.365mountainbike.it\/fantamtb\/#\/schema\/person\/7b4a30b446207c8d00024d9717c3b63b"},"headline":"Tereza Hurikova","datePublished":"2011-05-30T18:59:26+00:00","dateModified":"2024-01-06T15:09:21+00:00","mainEntityOfPage":{"@id":"https:\/\/www.365mountainbike.it\/fantamtb\/atleti\/tereza-hurikova\/"},"wordCount":78,"image":{"@id":"https:\/\/www.365mountainbike.it\/fantamtb\/atleti\/tereza-hurikova\/#primaryimage"},"thumbnailUrl":"https:\/\/www.365mountainbike.it\/fantamtb\/wp-content\/uploads\/2011\/06\/Tereza-Hurikova.jpg","keywords":["Tereza Hurikova","XC"],"articleSection":["Atleti"],"inLanguage":"it-IT"},{"@type":"WebPage","@id":"https:\/\/www.365mountainbike.it\/fantamtb\/atleti\/tereza-hurikova\/","url":"https:\/\/www.365mountainbike.it\/fantamtb\/atleti\/tereza-hurikova\/","name":"Biografia Tereza Hurikova - Atleta MTB (foto\/risultati) | FANTAmtb","isPartOf":{"@id":"https:\/\/www.365mountainbike.it\/fantamtb\/#website"},"primaryImageOfPage":{"@id":"https:\/\/www.365mountainbike.it\/fantamtb\/atleti\/tereza-hurikova\/#primaryimage"},"image":{"@id":"https:\/\/www.365mountainbike.it\/fantamtb\/atleti\/tereza-hurikova\/#primaryimage"},"thumbnailUrl":"https:\/\/www.365mountainbike.it\/fantamtb\/wp-content\/uploads\/2011\/06\/Tereza-Hurikova.jpg","datePublished":"2011-05-30T18:59:26+00:00","dateModified":"2024-01-06T15:09:21+00:00","author":{"@id":"https:\/\/www.365mountainbike.it\/fantamtb\/#\/schema\/person\/7b4a30b446207c8d00024d9717c3b63b"},"breadcrumb":{"@id":"https:\/\/www.365mountainbike.it\/fantamtb\/atleti\/tereza-hurikova\/#breadcrumb"},"inLanguage":"it-IT","potentialAction":[{"@type":"ReadAction","target":["https:\/\/www.365mountainbike.it\/fantamtb\/atleti\/tereza-hurikova\/"]}]},{"@type":"ImageObject","inLanguage":"it-IT","@id":"https:\/\/www.365mountainbike.it\/fantamtb\/atleti\/tereza-hurikova\/#primaryimage","url":"https:\/\/www.365mountainbike.it\/fantamtb\/wp-content\/uploads\/2011\/06\/Tereza-Hurikova.jpg","contentUrl":"https:\/\/www.365mountainbike.it\/fantamtb\/wp-content\/uploads\/2011\/06\/Tereza-Hurikova.jpg","width":640,"height":427,"caption":"Tereza Hurikova"},{"@type":"BreadcrumbList","@id":"https:\/\/www.365mountainbike.it\/fantamtb\/atleti\/tereza-hurikova\/#breadcrumb","itemListElement":[{"@type":"ListItem","position":1,"name":"Home","item":"https:\/\/www.365mountainbike.it\/fantamtb\/"},{"@type":"ListItem","position":2,"name":"Tereza Hurikova"}]},{"@type":"WebSite","@id":"https:\/\/www.365mountainbike.it\/fantamtb\/#website","url":"https:\/\/www.365mountainbike.it\/fantamtb\/","name":"FANTAmtb","description":"Il FANTAciclismo della Mountain Bike (FANTAcycling)","potentialAction":[{"@type":"SearchAction","target":{"@type":"EntryPoint","urlTemplate":"https:\/\/www.365mountainbike.it\/fantamtb\/?s={search_term_string}"},"query-input":{"@type":"PropertyValueSpecification","valueRequired":true,"valueName":"search_term_string"}}],"inLanguage":"it-IT"},{"@type":"Person","@id":"https:\/\/www.365mountainbike.it\/fantamtb\/#\/schema\/person\/7b4a30b446207c8d00024d9717c3b63b","name":"FANTAmtb","image":{"@type":"ImageObject","inLanguage":"it-IT","@id":"\/\/www.365mountainbike.it\/fantamtb\/wp-content\/uploads\/wpforo\/avatars\/davide_1.png","url":"\/\/www.365mountainbike.it\/fantamtb\/wp-content\/uploads\/wpforo\/avatars\/davide_1.png","contentUrl":"\/\/www.365mountainbike.it\/fantamtb\/wp-content\/uploads\/wpforo\/avatars\/davide_1.png","caption":"FANTAmtb"},"sameAs":["https:\/\/www.365mountainbike.it\/fantamtb"],"url":"https:\/\/www.365mountainbike.it\/fantamtb\/author\/davide\/"}]}},"gt_translate_keys":[{"key":"link","format":"url"}],"_links":{"self":[{"href":"https:\/\/www.365mountainbike.it\/fantamtb\/wp-json\/wp\/v2\/posts\/2288","targetHints":{"allow":["GET"]}}],"collection":[{"href":"https:\/\/www.365mountainbike.it\/fantamtb\/wp-json\/wp\/v2\/posts"}],"about":[{"href":"https:\/\/www.365mountainbike.it\/fantamtb\/wp-json\/wp\/v2\/types\/post"}],"author":[{"embeddable":true,"href":"https:\/\/www.365mountainbike.it\/fantamtb\/wp-json\/wp\/v2\/users\/1"}],"replies":[{"embeddable":true,"href":"https:\/\/www.365mountainbike.it\/fantamtb\/wp-json\/wp\/v2\/comments?post=2288"}],"version-history":[{"count":1,"href":"https:\/\/www.365mountainbike.it\/fantamtb\/wp-json\/wp\/v2\/posts\/2288\/revisions"}],"predecessor-version":[{"id":21759,"href":"https:\/\/www.365mountainbike.it\/fantamtb\/wp-json\/wp\/v2\/posts\/2288\/revisions\/21759"}],"wp:featuredmedia":[{"embeddable":true,"href":"https:\/\/www.365mountainbike.it\/fantamtb\/wp-json\/wp\/v2\/media\/15729"}],"wp:attachment":[{"href":"https:\/\/www.365mountainbike.it\/fantamtb\/wp-json\/wp\/v2\/media?parent=2288"}],"wp:term":[{"taxonomy":"category","embeddable":true,"href":"https:\/\/www.365mountainbike.it\/fantamtb\/wp-json\/wp\/v2\/categories?post=2288"},{"taxonomy":"post_tag","embeddable":true,"href":"https:\/\/www.365mountainbike.it\/fantamtb\/wp-json\/wp\/v2\/tags?post=2288"}],"curies":[{"name":"wp","href":"https:\/\/api.w.org\/{rel}","templated":true}]}}