{"id":2223,"date":"2011-05-24T20:45:38","date_gmt":"2011-05-24T18:45:38","guid":{"rendered":"\/database\/rider-xc\/edmund-ned-overend\/"},"modified":"2024-01-06T15:01:59","modified_gmt":"2024-01-06T15:01:59","slug":"ned-overend","status":"publish","type":"post","link":"https:\/\/www.365mountainbike.it\/fantamtb\/atleti\/ned-overend\/","title":{"rendered":"Ned Overend","gt_translate_keys":[{"key":"rendered","format":"text"}]},"content":{"rendered":"\n<p>Edmund (&#8220;Ned&#8221;) Overend (nato il 20 Agosto 1955 a Taipei, Taiwan) cominci\u00f2 a praticare la mountain bike fin dagli albori (anni &#8217;80). Appar\u00ec nei primi video dell&#8217;epoca dedicati a questo nuovo mezzo che era la mountain bike. Overend entr\u00e0 nel 1990 nella Mountain bike Hall of Fame dopo aver conquistato il 1\u00b0 titolo mondiale messo in palio nel mondo della mountain bike. Dopo il 1996 si \u00e8 dedicato al X-Terra (triathlon con MTB) con risultati eccellenti (1998 e 1999 campione mondiale).<\/p>\n","protected":false,"gt_translate_keys":[{"key":"rendered","format":"html"}]},"excerpt":{"rendered":"<p>Edmund (&#8220;Ned&#8221;) Overend (nato il 20 Agosto 1955 a Taipei, Taiwan) cominci\u00f2 a praticare la mountain bike fin dagli albori (anni &#8217;80). Appar\u00ec nei primi video dell&#8217;epoca dedicati a questo nuovo mezzo che era la mountain bike. Overend entr\u00e0 nel 1990 nella Mountain bike Hall of Fame dopo aver conquistato il 1\u00b0 titolo mondiale messo [&hellip;]<\/p>\n","protected":false,"gt_translate_keys":[{"key":"rendered","format":"html"}]},"author":1,"featured_media":4518,"comment_status":"closed","ping_status":"open","sticky":false,"template":"","format":"standard","meta":{"footnotes":""},"categories":[2],"tags":[288,4],"class_list":["post-2223","post","type-post","status-publish","format-standard","has-post-thumbnail","hentry","category-atleti","tag-ned-overend","tag-xc"],"yoast_head":"<!-- This site is optimized with the Yoast SEO plugin v27.5 - https:\/\/yoast.com\/product\/yoast-seo-wordpress\/ -->\n<title>Biografia Ned Overend - Atleta MTB (foto\/risultati) | FANTAmtb<\/title>\n<meta name=\"robots\" content=\"index, follow, max-snippet:-1, max-image-preview:large, max-video-preview:-1\" \/>\n<link rel=\"canonical\" href=\"https:\/\/www.365mountainbike.it\/fantamtb\/atleti\/ned-overend\/\" \/>\n<meta property=\"og:locale\" content=\"it_IT\" \/>\n<meta property=\"og:type\" content=\"article\" \/>\n<meta property=\"og:title\" content=\"Biografia Ned Overend - Atleta MTB (foto\/risultati) | FANTAmtb\" \/>\n<meta property=\"og:description\" content=\"Edmund (&#8220;Ned&#8221;) Overend (nato il 20 Agosto 1955 a Taipei, Taiwan) cominci\u00f2 a praticare la mountain bike fin dagli albori (anni &#8217;80). Appar\u00ec nei primi video dell&#8217;epoca dedicati a questo nuovo mezzo che era la mountain bike. Overend entr\u00e0 nel 1990 nella Mountain bike Hall of Fame dopo aver conquistato il 1\u00b0 titolo mondiale messo [&hellip;]\" \/>\n<meta property=\"og:url\" content=\"https:\/\/www.365mountainbike.it\/fantamtb\/atleti\/ned-overend\/\" \/>\n<meta property=\"og:site_name\" content=\"FANTAmtb\" \/>\n<meta property=\"article:published_time\" content=\"2011-05-24T18:45:38+00:00\" \/>\n<meta property=\"article:modified_time\" content=\"2024-01-06T15:01:59+00:00\" \/>\n<meta property=\"og:image\" content=\"https:\/\/www.365mountainbike.it\/fantamtb\/wp-content\/uploads\/2011\/05\/NED-OVEREND-MONT-STE-ANNE-CANADA-GRUNDIG-WORLD-CUP-1993.jpg\" \/>\n\t<meta property=\"og:image:width\" content=\"800\" \/>\n\t<meta property=\"og:image:height\" content=\"1200\" \/>\n\t<meta property=\"og:image:type\" content=\"image\/jpeg\" \/>\n<meta name=\"author\" content=\"FANTAmtb\" \/>\n<meta name=\"twitter:card\" content=\"summary_large_image\" \/>\n<meta name=\"twitter:label1\" content=\"Scritto da\" \/>\n\t<meta name=\"twitter:data1\" content=\"FANTAmtb\" \/>\n\t<meta name=\"twitter:label2\" content=\"Tempo di lettura stimato\" \/>\n\t<meta name=\"twitter:data2\" content=\"1 minuto\" \/>\n<script type=\"application\/ld+json\" class=\"yoast-schema-graph\">{\"@context\":\"https:\\\/\\\/schema.org\",\"@graph\":[{\"@type\":\"Article\",\"@id\":\"https:\\\/\\\/www.365mountainbike.it\\\/fantamtb\\\/atleti\\\/ned-overend\\\/#article\",\"isPartOf\":{\"@id\":\"https:\\\/\\\/www.365mountainbike.it\\\/fantamtb\\\/atleti\\\/ned-overend\\\/\"},\"author\":{\"name\":\"FANTAmtb\",\"@id\":\"https:\\\/\\\/www.365mountainbike.it\\\/fantamtb\\\/#\\\/schema\\\/person\\\/7b4a30b446207c8d00024d9717c3b63b\"},\"headline\":\"Ned Overend\",\"datePublished\":\"2011-05-24T18:45:38+00:00\",\"dateModified\":\"2024-01-06T15:01:59+00:00\",\"mainEntityOfPage\":{\"@id\":\"https:\\\/\\\/www.365mountainbike.it\\\/fantamtb\\\/atleti\\\/ned-overend\\\/\"},\"wordCount\":75,\"image\":{\"@id\":\"https:\\\/\\\/www.365mountainbike.it\\\/fantamtb\\\/atleti\\\/ned-overend\\\/#primaryimage\"},\"thumbnailUrl\":\"https:\\\/\\\/www.365mountainbike.it\\\/fantamtb\\\/wp-content\\\/uploads\\\/2011\\\/05\\\/NED-OVEREND-MONT-STE-ANNE-CANADA-GRUNDIG-WORLD-CUP-1993.jpg\",\"keywords\":[\"Ned Overend\",\"XC\"],\"articleSection\":[\"Atleti\"],\"inLanguage\":\"it-IT\"},{\"@type\":\"WebPage\",\"@id\":\"https:\\\/\\\/www.365mountainbike.it\\\/fantamtb\\\/atleti\\\/ned-overend\\\/\",\"url\":\"https:\\\/\\\/www.365mountainbike.it\\\/fantamtb\\\/atleti\\\/ned-overend\\\/\",\"name\":\"Biografia Ned Overend - Atleta MTB (foto\\\/risultati) | FANTAmtb\",\"isPartOf\":{\"@id\":\"https:\\\/\\\/www.365mountainbike.it\\\/fantamtb\\\/#website\"},\"primaryImageOfPage\":{\"@id\":\"https:\\\/\\\/www.365mountainbike.it\\\/fantamtb\\\/atleti\\\/ned-overend\\\/#primaryimage\"},\"image\":{\"@id\":\"https:\\\/\\\/www.365mountainbike.it\\\/fantamtb\\\/atleti\\\/ned-overend\\\/#primaryimage\"},\"thumbnailUrl\":\"https:\\\/\\\/www.365mountainbike.it\\\/fantamtb\\\/wp-content\\\/uploads\\\/2011\\\/05\\\/NED-OVEREND-MONT-STE-ANNE-CANADA-GRUNDIG-WORLD-CUP-1993.jpg\",\"datePublished\":\"2011-05-24T18:45:38+00:00\",\"dateModified\":\"2024-01-06T15:01:59+00:00\",\"author\":{\"@id\":\"https:\\\/\\\/www.365mountainbike.it\\\/fantamtb\\\/#\\\/schema\\\/person\\\/7b4a30b446207c8d00024d9717c3b63b\"},\"breadcrumb\":{\"@id\":\"https:\\\/\\\/www.365mountainbike.it\\\/fantamtb\\\/atleti\\\/ned-overend\\\/#breadcrumb\"},\"inLanguage\":\"it-IT\",\"potentialAction\":[{\"@type\":\"ReadAction\",\"target\":[\"https:\\\/\\\/www.365mountainbike.it\\\/fantamtb\\\/atleti\\\/ned-overend\\\/\"]}]},{\"@type\":\"ImageObject\",\"inLanguage\":\"it-IT\",\"@id\":\"https:\\\/\\\/www.365mountainbike.it\\\/fantamtb\\\/atleti\\\/ned-overend\\\/#primaryimage\",\"url\":\"https:\\\/\\\/www.365mountainbike.it\\\/fantamtb\\\/wp-content\\\/uploads\\\/2011\\\/05\\\/NED-OVEREND-MONT-STE-ANNE-CANADA-GRUNDIG-WORLD-CUP-1993.jpg\",\"contentUrl\":\"https:\\\/\\\/www.365mountainbike.it\\\/fantamtb\\\/wp-content\\\/uploads\\\/2011\\\/05\\\/NED-OVEREND-MONT-STE-ANNE-CANADA-GRUNDIG-WORLD-CUP-1993.jpg\",\"width\":800,\"height\":1200,\"caption\":\"\u00a9Malcolm Fearon - NED OVEREND MONT STE ANNE CANADA GRUNDIG WORLD CUP 1993\"},{\"@type\":\"BreadcrumbList\",\"@id\":\"https:\\\/\\\/www.365mountainbike.it\\\/fantamtb\\\/atleti\\\/ned-overend\\\/#breadcrumb\",\"itemListElement\":[{\"@type\":\"ListItem\",\"position\":1,\"name\":\"Home\",\"item\":\"https:\\\/\\\/www.365mountainbike.it\\\/fantamtb\\\/\"},{\"@type\":\"ListItem\",\"position\":2,\"name\":\"Ned Overend\"}]},{\"@type\":\"WebSite\",\"@id\":\"https:\\\/\\\/www.365mountainbike.it\\\/fantamtb\\\/#website\",\"url\":\"https:\\\/\\\/www.365mountainbike.it\\\/fantamtb\\\/\",\"name\":\"FANTAmtb\",\"description\":\"Il FANTAciclismo della Mountain Bike (FANTAcycling)\",\"potentialAction\":[{\"@type\":\"SearchAction\",\"target\":{\"@type\":\"EntryPoint\",\"urlTemplate\":\"https:\\\/\\\/www.365mountainbike.it\\\/fantamtb\\\/?s={search_term_string}\"},\"query-input\":{\"@type\":\"PropertyValueSpecification\",\"valueRequired\":true,\"valueName\":\"search_term_string\"}}],\"inLanguage\":\"it-IT\"},{\"@type\":\"Person\",\"@id\":\"https:\\\/\\\/www.365mountainbike.it\\\/fantamtb\\\/#\\\/schema\\\/person\\\/7b4a30b446207c8d00024d9717c3b63b\",\"name\":\"FANTAmtb\",\"image\":{\"@type\":\"ImageObject\",\"inLanguage\":\"it-IT\",\"@id\":\"\\\/\\\/www.365mountainbike.it\\\/fantamtb\\\/wp-content\\\/uploads\\\/wpforo\\\/avatars\\\/davide_1.png\",\"url\":\"\\\/\\\/www.365mountainbike.it\\\/fantamtb\\\/wp-content\\\/uploads\\\/wpforo\\\/avatars\\\/davide_1.png\",\"contentUrl\":\"\\\/\\\/www.365mountainbike.it\\\/fantamtb\\\/wp-content\\\/uploads\\\/wpforo\\\/avatars\\\/davide_1.png\",\"caption\":\"FANTAmtb\"},\"sameAs\":[\"https:\\\/\\\/www.365mountainbike.it\\\/fantamtb\"],\"url\":\"https:\\\/\\\/www.365mountainbike.it\\\/fantamtb\\\/author\\\/davide\\\/\"}]}<\/script>\n<!-- \/ Yoast SEO plugin. -->","yoast_head_json":{"title":"Biografia Ned Overend - Atleta MTB (foto\/risultati) | FANTAmtb","robots":{"index":"index","follow":"follow","max-snippet":"max-snippet:-1","max-image-preview":"max-image-preview:large","max-video-preview":"max-video-preview:-1"},"canonical":"https:\/\/www.365mountainbike.it\/fantamtb\/atleti\/ned-overend\/","og_locale":"it_IT","og_type":"article","og_title":"Biografia Ned Overend - Atleta MTB (foto\/risultati) | FANTAmtb","og_description":"Edmund (&#8220;Ned&#8221;) Overend (nato il 20 Agosto 1955 a Taipei, Taiwan) cominci\u00f2 a praticare la mountain bike fin dagli albori (anni &#8217;80). Appar\u00ec nei primi video dell&#8217;epoca dedicati a questo nuovo mezzo che era la mountain bike. Overend entr\u00e0 nel 1990 nella Mountain bike Hall of Fame dopo aver conquistato il 1\u00b0 titolo mondiale messo [&hellip;]","og_url":"https:\/\/www.365mountainbike.it\/fantamtb\/atleti\/ned-overend\/","og_site_name":"FANTAmtb","article_published_time":"2011-05-24T18:45:38+00:00","article_modified_time":"2024-01-06T15:01:59+00:00","og_image":[{"width":800,"height":1200,"url":"https:\/\/www.365mountainbike.it\/fantamtb\/wp-content\/uploads\/2011\/05\/NED-OVEREND-MONT-STE-ANNE-CANADA-GRUNDIG-WORLD-CUP-1993.jpg","type":"image\/jpeg"}],"author":"FANTAmtb","twitter_card":"summary_large_image","twitter_misc":{"Scritto da":"FANTAmtb","Tempo di lettura stimato":"1 minuto"},"schema":{"@context":"https:\/\/schema.org","@graph":[{"@type":"Article","@id":"https:\/\/www.365mountainbike.it\/fantamtb\/atleti\/ned-overend\/#article","isPartOf":{"@id":"https:\/\/www.365mountainbike.it\/fantamtb\/atleti\/ned-overend\/"},"author":{"name":"FANTAmtb","@id":"https:\/\/www.365mountainbike.it\/fantamtb\/#\/schema\/person\/7b4a30b446207c8d00024d9717c3b63b"},"headline":"Ned Overend","datePublished":"2011-05-24T18:45:38+00:00","dateModified":"2024-01-06T15:01:59+00:00","mainEntityOfPage":{"@id":"https:\/\/www.365mountainbike.it\/fantamtb\/atleti\/ned-overend\/"},"wordCount":75,"image":{"@id":"https:\/\/www.365mountainbike.it\/fantamtb\/atleti\/ned-overend\/#primaryimage"},"thumbnailUrl":"https:\/\/www.365mountainbike.it\/fantamtb\/wp-content\/uploads\/2011\/05\/NED-OVEREND-MONT-STE-ANNE-CANADA-GRUNDIG-WORLD-CUP-1993.jpg","keywords":["Ned Overend","XC"],"articleSection":["Atleti"],"inLanguage":"it-IT"},{"@type":"WebPage","@id":"https:\/\/www.365mountainbike.it\/fantamtb\/atleti\/ned-overend\/","url":"https:\/\/www.365mountainbike.it\/fantamtb\/atleti\/ned-overend\/","name":"Biografia Ned Overend - Atleta MTB (foto\/risultati) | FANTAmtb","isPartOf":{"@id":"https:\/\/www.365mountainbike.it\/fantamtb\/#website"},"primaryImageOfPage":{"@id":"https:\/\/www.365mountainbike.it\/fantamtb\/atleti\/ned-overend\/#primaryimage"},"image":{"@id":"https:\/\/www.365mountainbike.it\/fantamtb\/atleti\/ned-overend\/#primaryimage"},"thumbnailUrl":"https:\/\/www.365mountainbike.it\/fantamtb\/wp-content\/uploads\/2011\/05\/NED-OVEREND-MONT-STE-ANNE-CANADA-GRUNDIG-WORLD-CUP-1993.jpg","datePublished":"2011-05-24T18:45:38+00:00","dateModified":"2024-01-06T15:01:59+00:00","author":{"@id":"https:\/\/www.365mountainbike.it\/fantamtb\/#\/schema\/person\/7b4a30b446207c8d00024d9717c3b63b"},"breadcrumb":{"@id":"https:\/\/www.365mountainbike.it\/fantamtb\/atleti\/ned-overend\/#breadcrumb"},"inLanguage":"it-IT","potentialAction":[{"@type":"ReadAction","target":["https:\/\/www.365mountainbike.it\/fantamtb\/atleti\/ned-overend\/"]}]},{"@type":"ImageObject","inLanguage":"it-IT","@id":"https:\/\/www.365mountainbike.it\/fantamtb\/atleti\/ned-overend\/#primaryimage","url":"https:\/\/www.365mountainbike.it\/fantamtb\/wp-content\/uploads\/2011\/05\/NED-OVEREND-MONT-STE-ANNE-CANADA-GRUNDIG-WORLD-CUP-1993.jpg","contentUrl":"https:\/\/www.365mountainbike.it\/fantamtb\/wp-content\/uploads\/2011\/05\/NED-OVEREND-MONT-STE-ANNE-CANADA-GRUNDIG-WORLD-CUP-1993.jpg","width":800,"height":1200,"caption":"\u00a9Malcolm Fearon - NED OVEREND MONT STE ANNE CANADA GRUNDIG WORLD CUP 1993"},{"@type":"BreadcrumbList","@id":"https:\/\/www.365mountainbike.it\/fantamtb\/atleti\/ned-overend\/#breadcrumb","itemListElement":[{"@type":"ListItem","position":1,"name":"Home","item":"https:\/\/www.365mountainbike.it\/fantamtb\/"},{"@type":"ListItem","position":2,"name":"Ned Overend"}]},{"@type":"WebSite","@id":"https:\/\/www.365mountainbike.it\/fantamtb\/#website","url":"https:\/\/www.365mountainbike.it\/fantamtb\/","name":"FANTAmtb","description":"Il FANTAciclismo della Mountain Bike (FANTAcycling)","potentialAction":[{"@type":"SearchAction","target":{"@type":"EntryPoint","urlTemplate":"https:\/\/www.365mountainbike.it\/fantamtb\/?s={search_term_string}"},"query-input":{"@type":"PropertyValueSpecification","valueRequired":true,"valueName":"search_term_string"}}],"inLanguage":"it-IT"},{"@type":"Person","@id":"https:\/\/www.365mountainbike.it\/fantamtb\/#\/schema\/person\/7b4a30b446207c8d00024d9717c3b63b","name":"FANTAmtb","image":{"@type":"ImageObject","inLanguage":"it-IT","@id":"\/\/www.365mountainbike.it\/fantamtb\/wp-content\/uploads\/wpforo\/avatars\/davide_1.png","url":"\/\/www.365mountainbike.it\/fantamtb\/wp-content\/uploads\/wpforo\/avatars\/davide_1.png","contentUrl":"\/\/www.365mountainbike.it\/fantamtb\/wp-content\/uploads\/wpforo\/avatars\/davide_1.png","caption":"FANTAmtb"},"sameAs":["https:\/\/www.365mountainbike.it\/fantamtb"],"url":"https:\/\/www.365mountainbike.it\/fantamtb\/author\/davide\/"}]}},"gt_translate_keys":[{"key":"link","format":"url"}],"_links":{"self":[{"href":"https:\/\/www.365mountainbike.it\/fantamtb\/wp-json\/wp\/v2\/posts\/2223","targetHints":{"allow":["GET"]}}],"collection":[{"href":"https:\/\/www.365mountainbike.it\/fantamtb\/wp-json\/wp\/v2\/posts"}],"about":[{"href":"https:\/\/www.365mountainbike.it\/fantamtb\/wp-json\/wp\/v2\/types\/post"}],"author":[{"embeddable":true,"href":"https:\/\/www.365mountainbike.it\/fantamtb\/wp-json\/wp\/v2\/users\/1"}],"replies":[{"embeddable":true,"href":"https:\/\/www.365mountainbike.it\/fantamtb\/wp-json\/wp\/v2\/comments?post=2223"}],"version-history":[{"count":1,"href":"https:\/\/www.365mountainbike.it\/fantamtb\/wp-json\/wp\/v2\/posts\/2223\/revisions"}],"predecessor-version":[{"id":21620,"href":"https:\/\/www.365mountainbike.it\/fantamtb\/wp-json\/wp\/v2\/posts\/2223\/revisions\/21620"}],"wp:featuredmedia":[{"embeddable":true,"href":"https:\/\/www.365mountainbike.it\/fantamtb\/wp-json\/wp\/v2\/media\/4518"}],"wp:attachment":[{"href":"https:\/\/www.365mountainbike.it\/fantamtb\/wp-json\/wp\/v2\/media?parent=2223"}],"wp:term":[{"taxonomy":"category","embeddable":true,"href":"https:\/\/www.365mountainbike.it\/fantamtb\/wp-json\/wp\/v2\/categories?post=2223"},{"taxonomy":"post_tag","embeddable":true,"href":"https:\/\/www.365mountainbike.it\/fantamtb\/wp-json\/wp\/v2\/tags?post=2223"}],"curies":[{"name":"wp","href":"https:\/\/api.w.org\/{rel}","templated":true}]}}