{"id":2188,"date":"2011-05-13T14:02:22","date_gmt":"2011-05-13T12:02:22","guid":{"rendered":"\/database\/rider-xc\/jose-antonio-hermida-ramos\/"},"modified":"2024-01-07T15:00:44","modified_gmt":"2024-01-07T15:00:44","slug":"jose-antonio-hermida-ramos","status":"publish","type":"post","link":"https:\/\/www.365mountainbike.it\/fantamtb\/atleti\/jose-antonio-hermida-ramos\/","title":{"rendered":"Jos\u00e8 Antonio Hermida","gt_translate_keys":[{"key":"rendered","format":"text"}]},"content":{"rendered":"\n<p>Jos\u00e9 Antonio Hermida Ramos (Puigcerd\u00e0, 24 agosto 1978), uno dei talenti pi\u00f9 cristallini del panorama Mountain Bike con una carriera che fin da giovane gli ha portato moltissimi successi, come il mondiale vinto tra gli juniores e gli U23. E&#8217; uno dei pochi corridori ad aver vinto il mondiale in tutte le discipline visto che nel 2010 si \u00e8 laureato Campione del mondo anche tra gli Elite. Ha partecipato a 3 rassegne olimpici: alle Olimpiadi di Atene ha conquistato una medaglia d&#8217;Argento mentre due quarti posti sono arrivati dai Giochi di Sydney 2000 e Londra 2012. Nel 2013 \u00e8 salito ancora sul podio ai mondiali XC.<\/p>\n","protected":false,"gt_translate_keys":[{"key":"rendered","format":"html"}]},"excerpt":{"rendered":"<p>Jos\u00e9 Antonio Hermida Ramos (Puigcerd\u00e0, 24 agosto 1978), uno dei talenti pi\u00f9 cristallini del panorama Mountain Bike con una carriera che fin da giovane gli ha portato moltissimi successi, come il mondiale vinto tra gli juniores e gli U23. E&#8217; uno dei pochi corridori ad aver vinto il mondiale in tutte le discipline visto che [&hellip;]<\/p>\n","protected":false,"gt_translate_keys":[{"key":"rendered","format":"html"}]},"author":1,"featured_media":5300,"comment_status":"closed","ping_status":"open","sticky":false,"template":"","format":"standard","meta":{"footnotes":""},"categories":[2],"tags":[28,4],"class_list":["post-2188","post","type-post","status-publish","format-standard","has-post-thumbnail","hentry","category-atleti","tag-jose-antonio-hermida","tag-xc"],"yoast_head":"<!-- This site is optimized with the Yoast SEO plugin v27.5 - https:\/\/yoast.com\/product\/yoast-seo-wordpress\/ -->\n<title>Biografia Jos\u00e8 Antonio Hermida - Atleta MTB (foto\/risultati) | FANTAmtb<\/title>\n<meta name=\"robots\" content=\"index, follow, max-snippet:-1, max-image-preview:large, max-video-preview:-1\" \/>\n<link rel=\"canonical\" href=\"https:\/\/www.365mountainbike.it\/fantamtb\/atleti\/jose-antonio-hermida-ramos\/\" \/>\n<meta property=\"og:locale\" content=\"it_IT\" \/>\n<meta property=\"og:type\" content=\"article\" \/>\n<meta property=\"og:title\" content=\"Biografia Jos\u00e8 Antonio Hermida - Atleta MTB (foto\/risultati) | FANTAmtb\" \/>\n<meta property=\"og:description\" content=\"Jos\u00e9 Antonio Hermida Ramos (Puigcerd\u00e0, 24 agosto 1978), uno dei talenti pi\u00f9 cristallini del panorama Mountain Bike con una carriera che fin da giovane gli ha portato moltissimi successi, come il mondiale vinto tra gli juniores e gli U23. E&#8217; uno dei pochi corridori ad aver vinto il mondiale in tutte le discipline visto che [&hellip;]\" \/>\n<meta property=\"og:url\" content=\"https:\/\/www.365mountainbike.it\/fantamtb\/atleti\/jose-antonio-hermida-ramos\/\" \/>\n<meta property=\"og:site_name\" content=\"FANTAmtb\" \/>\n<meta property=\"article:published_time\" content=\"2011-05-13T12:02:22+00:00\" \/>\n<meta property=\"article:modified_time\" content=\"2024-01-07T15:00:44+00:00\" \/>\n<meta property=\"og:image\" content=\"https:\/\/www.365mountainbike.it\/fantamtb\/wp-content\/uploads\/2011\/05\/HERMIDA-SAUSER-MARCO-BUI-2005.jpg\" \/>\n\t<meta property=\"og:image:width\" content=\"2048\" \/>\n\t<meta property=\"og:image:height\" content=\"1356\" \/>\n\t<meta property=\"og:image:type\" content=\"image\/jpeg\" \/>\n<meta name=\"author\" content=\"FANTAmtb\" \/>\n<meta name=\"twitter:card\" content=\"summary_large_image\" \/>\n<meta name=\"twitter:label1\" content=\"Scritto da\" \/>\n\t<meta name=\"twitter:data1\" content=\"FANTAmtb\" \/>\n\t<meta name=\"twitter:label2\" content=\"Tempo di lettura stimato\" \/>\n\t<meta name=\"twitter:data2\" content=\"1 minuto\" \/>\n<script type=\"application\/ld+json\" class=\"yoast-schema-graph\">{\"@context\":\"https:\\\/\\\/schema.org\",\"@graph\":[{\"@type\":\"Article\",\"@id\":\"https:\\\/\\\/www.365mountainbike.it\\\/fantamtb\\\/atleti\\\/jose-antonio-hermida-ramos\\\/#article\",\"isPartOf\":{\"@id\":\"https:\\\/\\\/www.365mountainbike.it\\\/fantamtb\\\/atleti\\\/jose-antonio-hermida-ramos\\\/\"},\"author\":{\"name\":\"FANTAmtb\",\"@id\":\"https:\\\/\\\/www.365mountainbike.it\\\/fantamtb\\\/#\\\/schema\\\/person\\\/7b4a30b446207c8d00024d9717c3b63b\"},\"headline\":\"Jos\u00e8 Antonio Hermida\",\"datePublished\":\"2011-05-13T12:02:22+00:00\",\"dateModified\":\"2024-01-07T15:00:44+00:00\",\"mainEntityOfPage\":{\"@id\":\"https:\\\/\\\/www.365mountainbike.it\\\/fantamtb\\\/atleti\\\/jose-antonio-hermida-ramos\\\/\"},\"wordCount\":101,\"image\":{\"@id\":\"https:\\\/\\\/www.365mountainbike.it\\\/fantamtb\\\/atleti\\\/jose-antonio-hermida-ramos\\\/#primaryimage\"},\"thumbnailUrl\":\"https:\\\/\\\/www.365mountainbike.it\\\/fantamtb\\\/wp-content\\\/uploads\\\/2011\\\/05\\\/HERMIDA-SAUSER-MARCO-BUI-2005.jpg\",\"keywords\":[\"Jose Antonio Hermida\",\"XC\"],\"articleSection\":[\"Atleti\"],\"inLanguage\":\"it-IT\"},{\"@type\":\"WebPage\",\"@id\":\"https:\\\/\\\/www.365mountainbike.it\\\/fantamtb\\\/atleti\\\/jose-antonio-hermida-ramos\\\/\",\"url\":\"https:\\\/\\\/www.365mountainbike.it\\\/fantamtb\\\/atleti\\\/jose-antonio-hermida-ramos\\\/\",\"name\":\"Biografia Jos\u00e8 Antonio Hermida - Atleta MTB (foto\\\/risultati) | FANTAmtb\",\"isPartOf\":{\"@id\":\"https:\\\/\\\/www.365mountainbike.it\\\/fantamtb\\\/#website\"},\"primaryImageOfPage\":{\"@id\":\"https:\\\/\\\/www.365mountainbike.it\\\/fantamtb\\\/atleti\\\/jose-antonio-hermida-ramos\\\/#primaryimage\"},\"image\":{\"@id\":\"https:\\\/\\\/www.365mountainbike.it\\\/fantamtb\\\/atleti\\\/jose-antonio-hermida-ramos\\\/#primaryimage\"},\"thumbnailUrl\":\"https:\\\/\\\/www.365mountainbike.it\\\/fantamtb\\\/wp-content\\\/uploads\\\/2011\\\/05\\\/HERMIDA-SAUSER-MARCO-BUI-2005.jpg\",\"datePublished\":\"2011-05-13T12:02:22+00:00\",\"dateModified\":\"2024-01-07T15:00:44+00:00\",\"author\":{\"@id\":\"https:\\\/\\\/www.365mountainbike.it\\\/fantamtb\\\/#\\\/schema\\\/person\\\/7b4a30b446207c8d00024d9717c3b63b\"},\"breadcrumb\":{\"@id\":\"https:\\\/\\\/www.365mountainbike.it\\\/fantamtb\\\/atleti\\\/jose-antonio-hermida-ramos\\\/#breadcrumb\"},\"inLanguage\":\"it-IT\",\"potentialAction\":[{\"@type\":\"ReadAction\",\"target\":[\"https:\\\/\\\/www.365mountainbike.it\\\/fantamtb\\\/atleti\\\/jose-antonio-hermida-ramos\\\/\"]}]},{\"@type\":\"ImageObject\",\"inLanguage\":\"it-IT\",\"@id\":\"https:\\\/\\\/www.365mountainbike.it\\\/fantamtb\\\/atleti\\\/jose-antonio-hermida-ramos\\\/#primaryimage\",\"url\":\"https:\\\/\\\/www.365mountainbike.it\\\/fantamtb\\\/wp-content\\\/uploads\\\/2011\\\/05\\\/HERMIDA-SAUSER-MARCO-BUI-2005.jpg\",\"contentUrl\":\"https:\\\/\\\/www.365mountainbike.it\\\/fantamtb\\\/wp-content\\\/uploads\\\/2011\\\/05\\\/HERMIDA-SAUSER-MARCO-BUI-2005.jpg\",\"width\":2048,\"height\":1356,\"caption\":\"HERMIDA-SAUSER-MARCO BUI, 2005\"},{\"@type\":\"BreadcrumbList\",\"@id\":\"https:\\\/\\\/www.365mountainbike.it\\\/fantamtb\\\/atleti\\\/jose-antonio-hermida-ramos\\\/#breadcrumb\",\"itemListElement\":[{\"@type\":\"ListItem\",\"position\":1,\"name\":\"Home\",\"item\":\"https:\\\/\\\/www.365mountainbike.it\\\/fantamtb\\\/\"},{\"@type\":\"ListItem\",\"position\":2,\"name\":\"Jos\u00e8 Antonio Hermida\"}]},{\"@type\":\"WebSite\",\"@id\":\"https:\\\/\\\/www.365mountainbike.it\\\/fantamtb\\\/#website\",\"url\":\"https:\\\/\\\/www.365mountainbike.it\\\/fantamtb\\\/\",\"name\":\"FANTAmtb\",\"description\":\"Il FANTAciclismo della Mountain Bike (FANTAcycling)\",\"potentialAction\":[{\"@type\":\"SearchAction\",\"target\":{\"@type\":\"EntryPoint\",\"urlTemplate\":\"https:\\\/\\\/www.365mountainbike.it\\\/fantamtb\\\/?s={search_term_string}\"},\"query-input\":{\"@type\":\"PropertyValueSpecification\",\"valueRequired\":true,\"valueName\":\"search_term_string\"}}],\"inLanguage\":\"it-IT\"},{\"@type\":\"Person\",\"@id\":\"https:\\\/\\\/www.365mountainbike.it\\\/fantamtb\\\/#\\\/schema\\\/person\\\/7b4a30b446207c8d00024d9717c3b63b\",\"name\":\"FANTAmtb\",\"image\":{\"@type\":\"ImageObject\",\"inLanguage\":\"it-IT\",\"@id\":\"\\\/\\\/www.365mountainbike.it\\\/fantamtb\\\/wp-content\\\/uploads\\\/wpforo\\\/avatars\\\/davide_1.png\",\"url\":\"\\\/\\\/www.365mountainbike.it\\\/fantamtb\\\/wp-content\\\/uploads\\\/wpforo\\\/avatars\\\/davide_1.png\",\"contentUrl\":\"\\\/\\\/www.365mountainbike.it\\\/fantamtb\\\/wp-content\\\/uploads\\\/wpforo\\\/avatars\\\/davide_1.png\",\"caption\":\"FANTAmtb\"},\"sameAs\":[\"https:\\\/\\\/www.365mountainbike.it\\\/fantamtb\"],\"url\":\"https:\\\/\\\/www.365mountainbike.it\\\/fantamtb\\\/author\\\/davide\\\/\"}]}<\/script>\n<!-- \/ Yoast SEO plugin. -->","yoast_head_json":{"title":"Biografia Jos\u00e8 Antonio Hermida - Atleta MTB (foto\/risultati) | FANTAmtb","robots":{"index":"index","follow":"follow","max-snippet":"max-snippet:-1","max-image-preview":"max-image-preview:large","max-video-preview":"max-video-preview:-1"},"canonical":"https:\/\/www.365mountainbike.it\/fantamtb\/atleti\/jose-antonio-hermida-ramos\/","og_locale":"it_IT","og_type":"article","og_title":"Biografia Jos\u00e8 Antonio Hermida - Atleta MTB (foto\/risultati) | FANTAmtb","og_description":"Jos\u00e9 Antonio Hermida Ramos (Puigcerd\u00e0, 24 agosto 1978), uno dei talenti pi\u00f9 cristallini del panorama Mountain Bike con una carriera che fin da giovane gli ha portato moltissimi successi, come il mondiale vinto tra gli juniores e gli U23. E&#8217; uno dei pochi corridori ad aver vinto il mondiale in tutte le discipline visto che [&hellip;]","og_url":"https:\/\/www.365mountainbike.it\/fantamtb\/atleti\/jose-antonio-hermida-ramos\/","og_site_name":"FANTAmtb","article_published_time":"2011-05-13T12:02:22+00:00","article_modified_time":"2024-01-07T15:00:44+00:00","og_image":[{"width":2048,"height":1356,"url":"https:\/\/www.365mountainbike.it\/fantamtb\/wp-content\/uploads\/2011\/05\/HERMIDA-SAUSER-MARCO-BUI-2005.jpg","type":"image\/jpeg"}],"author":"FANTAmtb","twitter_card":"summary_large_image","twitter_misc":{"Scritto da":"FANTAmtb","Tempo di lettura stimato":"1 minuto"},"schema":{"@context":"https:\/\/schema.org","@graph":[{"@type":"Article","@id":"https:\/\/www.365mountainbike.it\/fantamtb\/atleti\/jose-antonio-hermida-ramos\/#article","isPartOf":{"@id":"https:\/\/www.365mountainbike.it\/fantamtb\/atleti\/jose-antonio-hermida-ramos\/"},"author":{"name":"FANTAmtb","@id":"https:\/\/www.365mountainbike.it\/fantamtb\/#\/schema\/person\/7b4a30b446207c8d00024d9717c3b63b"},"headline":"Jos\u00e8 Antonio Hermida","datePublished":"2011-05-13T12:02:22+00:00","dateModified":"2024-01-07T15:00:44+00:00","mainEntityOfPage":{"@id":"https:\/\/www.365mountainbike.it\/fantamtb\/atleti\/jose-antonio-hermida-ramos\/"},"wordCount":101,"image":{"@id":"https:\/\/www.365mountainbike.it\/fantamtb\/atleti\/jose-antonio-hermida-ramos\/#primaryimage"},"thumbnailUrl":"https:\/\/www.365mountainbike.it\/fantamtb\/wp-content\/uploads\/2011\/05\/HERMIDA-SAUSER-MARCO-BUI-2005.jpg","keywords":["Jose Antonio Hermida","XC"],"articleSection":["Atleti"],"inLanguage":"it-IT"},{"@type":"WebPage","@id":"https:\/\/www.365mountainbike.it\/fantamtb\/atleti\/jose-antonio-hermida-ramos\/","url":"https:\/\/www.365mountainbike.it\/fantamtb\/atleti\/jose-antonio-hermida-ramos\/","name":"Biografia Jos\u00e8 Antonio Hermida - Atleta MTB (foto\/risultati) | FANTAmtb","isPartOf":{"@id":"https:\/\/www.365mountainbike.it\/fantamtb\/#website"},"primaryImageOfPage":{"@id":"https:\/\/www.365mountainbike.it\/fantamtb\/atleti\/jose-antonio-hermida-ramos\/#primaryimage"},"image":{"@id":"https:\/\/www.365mountainbike.it\/fantamtb\/atleti\/jose-antonio-hermida-ramos\/#primaryimage"},"thumbnailUrl":"https:\/\/www.365mountainbike.it\/fantamtb\/wp-content\/uploads\/2011\/05\/HERMIDA-SAUSER-MARCO-BUI-2005.jpg","datePublished":"2011-05-13T12:02:22+00:00","dateModified":"2024-01-07T15:00:44+00:00","author":{"@id":"https:\/\/www.365mountainbike.it\/fantamtb\/#\/schema\/person\/7b4a30b446207c8d00024d9717c3b63b"},"breadcrumb":{"@id":"https:\/\/www.365mountainbike.it\/fantamtb\/atleti\/jose-antonio-hermida-ramos\/#breadcrumb"},"inLanguage":"it-IT","potentialAction":[{"@type":"ReadAction","target":["https:\/\/www.365mountainbike.it\/fantamtb\/atleti\/jose-antonio-hermida-ramos\/"]}]},{"@type":"ImageObject","inLanguage":"it-IT","@id":"https:\/\/www.365mountainbike.it\/fantamtb\/atleti\/jose-antonio-hermida-ramos\/#primaryimage","url":"https:\/\/www.365mountainbike.it\/fantamtb\/wp-content\/uploads\/2011\/05\/HERMIDA-SAUSER-MARCO-BUI-2005.jpg","contentUrl":"https:\/\/www.365mountainbike.it\/fantamtb\/wp-content\/uploads\/2011\/05\/HERMIDA-SAUSER-MARCO-BUI-2005.jpg","width":2048,"height":1356,"caption":"HERMIDA-SAUSER-MARCO BUI, 2005"},{"@type":"BreadcrumbList","@id":"https:\/\/www.365mountainbike.it\/fantamtb\/atleti\/jose-antonio-hermida-ramos\/#breadcrumb","itemListElement":[{"@type":"ListItem","position":1,"name":"Home","item":"https:\/\/www.365mountainbike.it\/fantamtb\/"},{"@type":"ListItem","position":2,"name":"Jos\u00e8 Antonio Hermida"}]},{"@type":"WebSite","@id":"https:\/\/www.365mountainbike.it\/fantamtb\/#website","url":"https:\/\/www.365mountainbike.it\/fantamtb\/","name":"FANTAmtb","description":"Il FANTAciclismo della Mountain Bike (FANTAcycling)","potentialAction":[{"@type":"SearchAction","target":{"@type":"EntryPoint","urlTemplate":"https:\/\/www.365mountainbike.it\/fantamtb\/?s={search_term_string}"},"query-input":{"@type":"PropertyValueSpecification","valueRequired":true,"valueName":"search_term_string"}}],"inLanguage":"it-IT"},{"@type":"Person","@id":"https:\/\/www.365mountainbike.it\/fantamtb\/#\/schema\/person\/7b4a30b446207c8d00024d9717c3b63b","name":"FANTAmtb","image":{"@type":"ImageObject","inLanguage":"it-IT","@id":"\/\/www.365mountainbike.it\/fantamtb\/wp-content\/uploads\/wpforo\/avatars\/davide_1.png","url":"\/\/www.365mountainbike.it\/fantamtb\/wp-content\/uploads\/wpforo\/avatars\/davide_1.png","contentUrl":"\/\/www.365mountainbike.it\/fantamtb\/wp-content\/uploads\/wpforo\/avatars\/davide_1.png","caption":"FANTAmtb"},"sameAs":["https:\/\/www.365mountainbike.it\/fantamtb"],"url":"https:\/\/www.365mountainbike.it\/fantamtb\/author\/davide\/"}]}},"gt_translate_keys":[{"key":"link","format":"url"}],"_links":{"self":[{"href":"https:\/\/www.365mountainbike.it\/fantamtb\/wp-json\/wp\/v2\/posts\/2188","targetHints":{"allow":["GET"]}}],"collection":[{"href":"https:\/\/www.365mountainbike.it\/fantamtb\/wp-json\/wp\/v2\/posts"}],"about":[{"href":"https:\/\/www.365mountainbike.it\/fantamtb\/wp-json\/wp\/v2\/types\/post"}],"author":[{"embeddable":true,"href":"https:\/\/www.365mountainbike.it\/fantamtb\/wp-json\/wp\/v2\/users\/1"}],"replies":[{"embeddable":true,"href":"https:\/\/www.365mountainbike.it\/fantamtb\/wp-json\/wp\/v2\/comments?post=2188"}],"version-history":[{"count":1,"href":"https:\/\/www.365mountainbike.it\/fantamtb\/wp-json\/wp\/v2\/posts\/2188\/revisions"}],"predecessor-version":[{"id":21581,"href":"https:\/\/www.365mountainbike.it\/fantamtb\/wp-json\/wp\/v2\/posts\/2188\/revisions\/21581"}],"wp:featuredmedia":[{"embeddable":true,"href":"https:\/\/www.365mountainbike.it\/fantamtb\/wp-json\/wp\/v2\/media\/5300"}],"wp:attachment":[{"href":"https:\/\/www.365mountainbike.it\/fantamtb\/wp-json\/wp\/v2\/media?parent=2188"}],"wp:term":[{"taxonomy":"category","embeddable":true,"href":"https:\/\/www.365mountainbike.it\/fantamtb\/wp-json\/wp\/v2\/categories?post=2188"},{"taxonomy":"post_tag","embeddable":true,"href":"https:\/\/www.365mountainbike.it\/fantamtb\/wp-json\/wp\/v2\/tags?post=2188"}],"curies":[{"name":"wp","href":"https:\/\/api.w.org\/{rel}","templated":true}]}}