{"id":10391,"date":"2022-01-31T10:43:43","date_gmt":"2022-01-31T09:43:43","guid":{"rendered":"https:\/\/www.365mountainbike.it\/fantamtb\/?p=10391"},"modified":"2026-01-23T18:05:43","modified_gmt":"2026-01-23T18:05:43","slug":"enduro-world-series-2015","status":"publish","type":"post","link":"https:\/\/www.365mountainbike.it\/fantamtb\/storia-mtb\/enduro-mtb\/enduro-world-series-2015\/","title":{"rendered":"Enduro World Series 2015","gt_translate_keys":[{"key":"rendered","format":"text"}]},"content":{"rendered":"\n<p>Richie Rude e Tracy Moseley, sono stati incoronati i nuovi Campioni del Mondo di Enduro a Finale Ligure durante l&#8217;ultimo round. Proprio sullo stesso palco due leggende come Fabien Barel e la stessa Tracy Moseley hanno annunciato il ritiro dalle competizioni.<\/p>\n\n\n\n<p>Appena scesa dal podio Tracy dichiara: &#8220;<em>E\u2019 una sensazione surreale. Tutto l\u2019anno abbiamo lavorato per arrivare a questo punto e vincere nuovamente il titolo. Questa volta per\u00f2 l\u2019anno prossimo non sar\u00f2 nuovamente qui a difendere il titolo, \u00e8 ora di passare ad un\u2019altra fase della mia vita. Non ho piani precisi per il futuro, per ora l\u2019importante \u00e8 aver chiuso con un bel piazzamento. L\u2019anno prossimo sar\u00f2 ancora in giro e sicuramente mi vedrete in sella. Star\u00f2 a vedere come si evolver\u00e0 la EWS. Sono stati tre anni incredibili e probabilmente i pi\u00f9 divertenti di sempre in sella ad una bici. Sono veramente curiosa di vedere che direzione prenderanno le cose nei prossimi anni<\/em>\u201d.<\/p>\n\n\n\n<p>Richie Rude: \u201c<em>E\u2019 sempre stato un sogno essere Campione del Mondo di Enduro ma non credevo potesse accadere gi\u00e0 al secondo anno. Tutto questo \u00e8 semplicemente pazzesco!<\/em>\u201d<\/p>\n\n\n\n<p>Il direttore della Enduro World Series Chris Ball: \u201c<em>Wow. Che stagione. Ci sono stati alti e basi, felicit\u00e0 e momenti drammatici. Dalla giungla della Nuova Zelanda alle coste del Mediterraneo qui a Finale. La gara \u00e8 stata serratissima, il livello davvero alto e le battaglie per i podi davvero dure fino alla fine. Con un bel bacino di giovani in forte crescita, il 2015 sar\u00e0 certamente una stagione da ricordare in futuro. Congratulazioni ai nostri campioni e grazie mille a tutti I fan supporter e alla comunit\u00e0 enduro<\/em>\u201d.<\/p>\n\n\n\n<p><\/p>\n\n\n\n<figure class=\"wp-block-table is-style-stripes\"><table class=\"has-black-color has-text-color\"><tbody><tr><td><img loading=\"lazy\" decoding=\"async\" width=\"20\" height=\"12\" border=\"0\" src=\"\/fantamtb\/wp-content\/images\/nzl.png\" alt=\"NZL\">&nbsp;Rotorua<br><a href=\"https:\/\/www.365mountainbike.it\/fantamtb\/wp-content\/images\/results\/enduroworldseries\/2015_rotorua.pdf\" target=\"_blank\" rel=\"noreferrer noopener\">CLASSIFICA COMPLETA<\/a><\/td><td><img decoding=\"async\" border=\"0\" style=\"border: 0pt none;\" src=\"\/fantamtb\/wp-content\/images\/1.png\" alt=\"prima posizione\">&nbsp;<img loading=\"lazy\" decoding=\"async\" width=\"19\" height=\"13\" border=\"0\" src=\"\/fantamtb\/wp-content\/images\/fra.png\" alt=\"FRA\"> <a href=\"https:\/\/www.365mountainbike.it\/fantamtb\/storia-mtb\/atleti\/jerome-clementz\/\">Jerome CLEMENTZ<\/a><br><img decoding=\"async\" border=\"0\" style=\"border: 0pt none;\" src=\"\/fantamtb\/wp-content\/images\/2.png\" alt=\"seconda posizione\">&nbsp;<img loading=\"lazy\" decoding=\"async\" width=\"19\" height=\"13\" border=\"0\" src=\"\/fantamtb\/wp-content\/images\/fra.png\" alt=\"FRA\">&nbsp;Fabien Barel<br><img decoding=\"async\" border=\"0\" style=\"border: 0pt none;\" src=\"\/fantamtb\/wp-content\/images\/3.png\" alt=\"terza posizione\"> <img loading=\"lazy\" decoding=\"async\" width=\"20\" height=\"12\" border=\"0\" src=\"\/fantamtb\/wp-content\/images\/nzl.png\" alt=\"NZL\">&nbsp;Wyn Masters<\/td><td><img decoding=\"async\" border=\"0\" style=\"border: 0pt none;\" src=\"\/fantamtb\/wp-content\/images\/1.png\" alt=\"prima posizione\">&nbsp;<img loading=\"lazy\" decoding=\"async\" width=\"19\" height=\"13\" border=\"0\" src=\"\/fantamtb\/wp-content\/images\/fra.png\" alt=\"FRA\"> <a href=\"https:\/\/www.365mountainbike.it\/fantamtb\/storia-mtb\/atleti\/anne-caroline-chausson\/\">Anne-Caroline CHAUSSON<\/a><br><img decoding=\"async\" border=\"0\" style=\"border: 0pt none;\" src=\"\/fantamtb\/wp-content\/images\/2.png\" alt=\"seconda posizione\">&nbsp;<img loading=\"lazy\" decoding=\"async\" border=\"0\" width=\"20\" height=\"16\" src=\"\/fantamtb\/wp-content\/images\/gbr.png\" alt=\"GBR\">&nbsp;Tracy Moseley<br><img decoding=\"async\" border=\"0\" style=\"border: 0pt none;\" src=\"\/fantamtb\/wp-content\/images\/3.png\" alt=\"terza posizione\">&nbsp;<img loading=\"lazy\" decoding=\"async\" width=\"19\" height=\"13\" border=\"0\" src=\"\/fantamtb\/wp-content\/images\/fra.png\" alt=\"FRA\">&nbsp;C\u00e9cile Ravanel<\/td><\/tr><tr><td>&nbsp;<\/td><td>&nbsp;<\/td><td>&nbsp;<\/td><\/tr><tr><td><img loading=\"lazy\" decoding=\"async\" width=\"18\" height=\"16\" border=\"0\" src=\"\/fantamtb\/wp-content\/images\/irl.png\" alt=\"IRL\">&nbsp;County Wicklow<br><a href=\"https:\/\/www.365mountainbike.it\/fantamtb\/wp-content\/images\/results\/enduroworldseries\/2015_countywicklow.pdf\" target=\"_blank\" rel=\"noreferrer noopener\">CLASSIFICA COMPLETA<\/a><\/td><td><img decoding=\"async\" border=\"0\" style=\"border: 0pt none;\" src=\"\/fantamtb\/wp-content\/images\/1.png\" alt=\"prima posizione\">&nbsp;<img loading=\"lazy\" decoding=\"async\" width=\"18\" height=\"16\" border=\"0\" src=\"\/fantamtb\/wp-content\/images\/irl.png\" alt=\"IRL\"> <a href=\"https:\/\/www.365mountainbike.it\/fantamtb\/storia-mtb\/atleti\/greg-callaghan\/\">Greg CALLAGHAN<\/a><br><img decoding=\"async\" border=\"0\" style=\"border: 0pt none;\" src=\"\/fantamtb\/wp-content\/images\/2.png\" alt=\"seconda posizione\">&nbsp;<img loading=\"lazy\" decoding=\"async\" width=\"20\" height=\"14\" border=\"0\" src=\"\/fantamtb\/wp-content\/images\/nzl.png\" alt=\"NZL\">&nbsp;Justin Leov<br><img decoding=\"async\" border=\"0\" style=\"border: 0pt none;\" src=\"\/fantamtb\/wp-content\/images\/3.png\" alt=\"terza posizione\">&nbsp;<img loading=\"lazy\" decoding=\"async\" width=\"19\" height=\"13\" border=\"0\" src=\"\/fantamtb\/wp-content\/images\/gbr.png\" alt=\"GBR\">&nbsp;Joe Barnes<\/td><td><img decoding=\"async\" border=\"0\" style=\"border: 0pt none;\" src=\"\/fantamtb\/wp-content\/images\/1.png\" alt=\"prima posizione\">&nbsp;<img loading=\"lazy\" decoding=\"async\" width=\"20\" height=\"16\" border=\"0\" src=\"\/fantamtb\/wp-content\/images\/gbr.png\" alt=\"GBR\"> <a href=\"https:\/\/www.365mountainbike.it\/fantamtb\/storia-mtb\/atleti\/tracy-moseley\/\">Tracy MOSELEY<\/a><br><img decoding=\"async\" border=\"0\" style=\"border: 0pt none;\" src=\"\/fantamtb\/wp-content\/images\/2.png\" alt=\"seconda posizione\">&nbsp;<img loading=\"lazy\" decoding=\"async\" width=\"19\" height=\"13\" border=\"0\" src=\"\/fantamtb\/wp-content\/images\/fra.png\" alt=\"FRA\">&nbsp;Anne-Caroline Chausson<br><img loading=\"lazy\" decoding=\"async\" border=\"0\" width=\"20\" height=\"16\" style=\"border: 0pt none;\" src=\"\/fantamtb\/wp-content\/images\/3.png\" alt=\"terza posizione\">&nbsp;<img loading=\"lazy\" decoding=\"async\" width=\"19\" height=\"13\" border=\"0\" src=\"\/fantamtb\/wp-content\/images\/fra.png\" alt=\"FRA\">&nbsp;C\u00e9cile Ravanel<\/td><\/tr><tr><td>&nbsp;<\/td><td>&nbsp;<\/td><td>&nbsp;<\/td><\/tr><tr><td><img loading=\"lazy\" decoding=\"async\" width=\"20\" height=\"13\" border=\"0\" src=\"\/fantamtb\/wp-content\/images\/sco.png\" alt=\"SCO\"> Tweed Valley<br><a href=\"https:\/\/www.365mountainbike.it\/fantamtb\/wp-content\/images\/results\/enduroworldseries\/2015_tweedvalley.pdf\" target=\"_blank\" rel=\"noreferrer noopener\">CLASSIFICA COMPLETA<\/a><\/td><td><img decoding=\"async\" border=\"0\" style=\"border: 0pt none;\" src=\"\/fantamtb\/wp-content\/images\/1.png\" alt=\"prima posizione\">&nbsp;<img loading=\"lazy\" decoding=\"async\" width=\"20\" height=\"14\" border=\"0\" src=\"\/fantamtb\/wp-content\/images\/nzl.png\" alt=\"NZL\">&nbsp;<a href=\"https:\/\/www.365mountainbike.it\/fantamtb\/storia-mtb\/atleti\/justin-leov\/\">Justin LEOV<\/a><br><img decoding=\"async\" border=\"0\" style=\"border: 0pt none;\" src=\"\/fantamtb\/wp-content\/images\/2.png\" alt=\"seconda posizione\">&nbsp;<img loading=\"lazy\" decoding=\"async\" width=\"19\" height=\"13\" border=\"0\" src=\"\/fantamtb\/wp-content\/images\/fra.png\" alt=\"FRA\">&nbsp;Florian Nicolai<br><img decoding=\"async\" border=\"0\" style=\"border: 0pt none;\" src=\"\/fantamtb\/wp-content\/images\/3.png\" alt=\"terza posizione\">&nbsp;<img loading=\"lazy\" decoding=\"async\" width=\"18\" height=\"16\" border=\"0\" src=\"\/fantamtb\/wp-content\/images\/irl.png\" alt=\"IRL\"> Greg Callaghan<\/td><td><img decoding=\"async\" border=\"0\" style=\"border: 0pt none;\" src=\"\/fantamtb\/wp-content\/images\/1.png\" alt=\"prima posizione\">&nbsp;<img loading=\"lazy\" decoding=\"async\" width=\"20\" height=\"16\" border=\"0\" src=\"\/fantamtb\/wp-content\/images\/gbr.png\" alt=\"GBR\"> <a href=\"https:\/\/www.365mountainbike.it\/fantamtb\/storia-mtb\/atleti\/tracy-moseley\/\">Tracy MOSELEY<\/a><br><img decoding=\"async\" border=\"0\" style=\"border: 0pt none;\" src=\"\/fantamtb\/wp-content\/images\/2.png\" alt=\"seconda posizione\">&nbsp;<img loading=\"lazy\" decoding=\"async\" width=\"19\" height=\"13\" border=\"0\" src=\"\/fantamtb\/wp-content\/images\/fra.png\" alt=\"FRA\">&nbsp;Anne-Caroline Chausson<br><img loading=\"lazy\" decoding=\"async\" border=\"0\" width=\"20\" height=\"16\" style=\"border: 0pt none;\" src=\"\/fantamtb\/wp-content\/images\/3.png\" alt=\"terza posizione\">&nbsp;<img loading=\"lazy\" decoding=\"async\" width=\"19\" height=\"13\" border=\"0\" src=\"\/fantamtb\/wp-content\/images\/fra.png\" alt=\"FRA\">&nbsp;C\u00e9cile Ravanel<\/td><\/tr><tr><td>&nbsp;<\/td><td>&nbsp;<\/td><td>&nbsp;<\/td><\/tr><tr><td><img loading=\"lazy\" decoding=\"async\" width=\"19\" height=\"13\" border=\"0\" src=\"\/fantamtb\/wp-content\/images\/fra.png\" alt=\"FRA\">&nbsp;Samoens<br><a href=\"https:\/\/www.365mountainbike.it\/fantamtb\/wp-content\/images\/results\/enduroworldseries\/2015_samoens.pdf\" target=\"_blank\" rel=\"noreferrer noopener\">CLASSIFICA COMPLETA<\/a><\/td><td><img decoding=\"async\" border=\"0\" style=\"border: 0pt none;\" src=\"\/fantamtb\/wp-content\/images\/1.png\" alt=\"prima posizione\">&nbsp;<img loading=\"lazy\" decoding=\"async\" width=\"20\" height=\"14\" border=\"0\" style=\"border: 0pt none; border-width: 0pt;\" src=\"\/fantamtb\/wp-content\/images\/usa.png\" alt=\"USA\"> <a href=\"https:\/\/www.365mountainbike.it\/fantamtb\/storia-mtb\/atleti\/richie-rude\/\">Richie RUDE<\/a><br><img decoding=\"async\" border=\"0\" style=\"border: 0pt none;\" src=\"\/fantamtb\/wp-content\/images\/2.png\" alt=\"seconda posizione\">&nbsp;<img loading=\"lazy\" decoding=\"async\" width=\"19\" height=\"13\" border=\"0\" src=\"\/fantamtb\/wp-content\/images\/fra.png\" alt=\"FRA\">&nbsp;Nicolas Vouilloz<br><img decoding=\"async\" border=\"0\" style=\"border: 0pt none;\" src=\"\/fantamtb\/wp-content\/images\/3.png\" alt=\"terza posizione\"> <img loading=\"lazy\" decoding=\"async\" width=\"19\" height=\"13\" border=\"0\" src=\"\/fantamtb\/wp-content\/images\/fra.png\" alt=\"FRA\">&nbsp;Fabien Barel<\/td><td><img decoding=\"async\" border=\"0\" style=\"border: 0pt none;\" src=\"\/fantamtb\/wp-content\/images\/1.png\" alt=\"prima posizione\">&nbsp;<img loading=\"lazy\" decoding=\"async\" width=\"20\" height=\"16\" border=\"0\" src=\"\/fantamtb\/wp-content\/images\/gbr.png\" alt=\"GBR\"> <a href=\"https:\/\/www.365mountainbike.it\/fantamtb\/storia-mtb\/atleti\/tracy-moseley\/\">Tracy MOSELEY<\/a><br><img decoding=\"async\" border=\"0\" style=\"border: 0pt none;\" src=\"\/fantamtb\/wp-content\/images\/2.png\" alt=\"seconda posizione\">&nbsp;<img loading=\"lazy\" decoding=\"async\" width=\"19\" height=\"13\" border=\"0\" src=\"\/fantamtb\/wp-content\/images\/fra.png\" alt=\"FRA\">&nbsp;C\u00e9cile Ravanel<br><img decoding=\"async\" border=\"0\" style=\"border: 0pt none;\" src=\"\/fantamtb\/wp-content\/images\/3.png\" alt=\"terza posizione\">&nbsp;<img loading=\"lazy\" decoding=\"async\" width=\"19\" height=\"13\" border=\"0\" src=\"\/fantamtb\/wp-content\/images\/hol.png\" alt=\"HOL\">&nbsp;Anneke Beerten<\/td><\/tr><tr><td>&nbsp;<\/td><td>&nbsp;<\/td><td>&nbsp;<\/td><\/tr><tr><td><img loading=\"lazy\" decoding=\"async\" width=\"20\" height=\"14\" border=\"0\" style=\"border: 0pt none; border-width: 0pt;\" src=\"\/fantamtb\/wp-content\/images\/can.png\" alt=\"CAN\">&nbsp;Whistler<br><a href=\"https:\/\/www.365mountainbike.it\/fantamtb\/wp-content\/images\/results\/enduroworldseries\/2015_whistler.pdf\" target=\"_blank\" rel=\"noreferrer noopener\">CLASSIFICA COMPLETA<\/a><\/td><td><img decoding=\"async\" border=\"0\" style=\"border: 0pt none;\" src=\"\/fantamtb\/wp-content\/images\/1.png\" alt=\"prima posizione\"> <img loading=\"lazy\" decoding=\"async\" width=\"20\" height=\"14\" border=\"0\" style=\"border: 0pt none; border-width: 0pt;\" src=\"\/fantamtb\/wp-content\/images\/usa.png\" alt=\"USA\"> <a href=\"https:\/\/www.365mountainbike.it\/fantamtb\/storia-mtb\/atleti\/richie-rude\/\">Richie RUDE<\/a><br><img decoding=\"async\" border=\"0\" style=\"border: 0pt none;\" src=\"\/fantamtb\/wp-content\/images\/2.png\" alt=\"seconda posizione\">&nbsp;<img loading=\"lazy\" decoding=\"async\" width=\"19\" height=\"13\" border=\"0\" src=\"\/fantamtb\/wp-content\/images\/fra.png\" alt=\"FRA\"> Yohann Barelli<br><img decoding=\"async\" border=\"0\" style=\"border: 0pt none;\" src=\"\/fantamtb\/wp-content\/images\/3.png\" alt=\"terza posizione\">&nbsp;<img loading=\"lazy\" decoding=\"async\" width=\"20\" height=\"16\" border=\"0\" src=\"\/fantamtb\/wp-content\/images\/aus.png\" alt=\"AUS\">&nbsp;Jared Graves<\/td><td><img decoding=\"async\" border=\"0\" style=\"border: 0pt none;\" src=\"\/fantamtb\/wp-content\/images\/1.png\" alt=\"prima posizione\">&nbsp;<img loading=\"lazy\" decoding=\"async\" width=\"20\" height=\"16\" border=\"0\" src=\"\/fantamtb\/wp-content\/images\/gbr.png\" alt=\"GBR\"> <a href=\"https:\/\/www.365mountainbike.it\/fantamtb\/storia-mtb\/atleti\/tracy-moseley\/\">Tracy MOSELEY<\/a><br><img decoding=\"async\" border=\"0\" style=\"border: 0pt none;\" src=\"\/fantamtb\/wp-content\/images\/2.png\" alt=\"seconda posizione\">&nbsp;<img loading=\"lazy\" decoding=\"async\" width=\"19\" height=\"13\" border=\"0\" src=\"\/fantamtb\/wp-content\/images\/fra.png\" alt=\"FRA\">&nbsp;C\u00e9cile Ravanel<br><img decoding=\"async\" border=\"0\" style=\"border: 0pt none;\" src=\"\/fantamtb\/wp-content\/images\/3.png\" alt=\"terza posizione\">&nbsp;<img loading=\"lazy\" decoding=\"async\" width=\"19\" height=\"13\" border=\"0\" class=\"\" src=\"\/fantamtb\/wp-content\/images\/fra.png\" alt=\"FRA\">&nbsp;Isabeau Courdurier<\/td><\/tr><tr><td><\/td><td><\/td><td><\/td><\/tr><tr><td><img loading=\"lazy\" decoding=\"async\" width=\"20\" height=\"14\" border=\"0\" style=\"border: 0pt none; border-width: 0pt;\" src=\"\/fantamtb\/wp-content\/images\/esp.png\" alt=\"ESP\"> Ainsa<br><a href=\"https:\/\/www.365mountainbike.it\/fantamtb\/wp-content\/images\/results\/enduroworldseries\/2015_ainsa.pdf\" target=\"_blank\" rel=\"noreferrer noopener\">CLASSIFICA COMPLETA<\/a><\/td><td><img decoding=\"async\" border=\"0\" style=\"border: 0pt none;\" src=\"\/fantamtb\/wp-content\/images\/1.png\" alt=\"prima posizione\"> <img loading=\"lazy\" decoding=\"async\" width=\"20\" height=\"14\" border=\"0\" style=\"border: 0pt none; border-width: 0pt;\" src=\"\/fantamtb\/wp-content\/images\/usa.png\" alt=\"USA\"> <a href=\"https:\/\/www.365mountainbike.it\/fantamtb\/storia-mtb\/atleti\/richie-rude\/\">Richie RUDE<\/a><br><img decoding=\"async\" border=\"0\" style=\"border: 0pt none;\" src=\"\/fantamtb\/wp-content\/images\/2.png\" alt=\"seconda posizione\">&nbsp;<img loading=\"lazy\" decoding=\"async\" width=\"19\" height=\"13\" border=\"0\" src=\"\/fantamtb\/wp-content\/images\/fra.png\" alt=\"FRA\"> Yohann Barelli<br><img decoding=\"async\" border=\"0\" style=\"border: 0pt none;\" src=\"\/fantamtb\/wp-content\/images\/3.png\" alt=\"terza posizione\">&nbsp;<img loading=\"lazy\" decoding=\"async\" width=\"20\" height=\"16\" border=\"0\" src=\"\/fantamtb\/wp-content\/images\/bel.png\" alt=\"BEL\">&nbsp;Martin Maes<\/td><td><img decoding=\"async\" border=\"0\" style=\"border: 0pt none;\" src=\"\/fantamtb\/wp-content\/images\/1.png\" alt=\"prima posizione\">&nbsp;<img loading=\"lazy\" decoding=\"async\" width=\"20\" height=\"16\" border=\"0\" src=\"\/fantamtb\/wp-content\/images\/gbr.png\" alt=\"GBR\"> <a href=\"https:\/\/www.365mountainbike.it\/fantamtb\/storia-mtb\/atleti\/tracy-moseley\/\">Tracy MOSELEY<\/a><br><img decoding=\"async\" border=\"0\" style=\"border: 0pt none;\" src=\"\/fantamtb\/wp-content\/images\/2.png\" alt=\"seconda posizione\">&nbsp;<img loading=\"lazy\" decoding=\"async\" width=\"19\" height=\"13\" border=\"0\" src=\"\/fantamtb\/wp-content\/images\/fra.png\" alt=\"FRA\">&nbsp;C\u00e9cile Ravanel<br><img decoding=\"async\" border=\"0\" style=\"border: 0pt none;\" src=\"\/fantamtb\/wp-content\/images\/3.png\" alt=\"terza posizione\">&nbsp;<img loading=\"lazy\" decoding=\"async\" width=\"19\" height=\"13\" border=\"0\" class=\"\" src=\"\/fantamtb\/wp-content\/images\/fra.png\" alt=\"FRA\">&nbsp;Isabeau Courdurier<\/td><\/tr><tr><td>&nbsp;<\/td><td>&nbsp;<\/td><td>&nbsp;<\/td><\/tr><tr><td><img loading=\"lazy\" decoding=\"async\" width=\"20\" height=\"15\" border=\"0\" src=\"\/fantamtb\/wp-content\/images\/ita.png\" alt=\"ITA\">&nbsp;Finale Ligure<br><a href=\"https:\/\/www.365mountainbike.it\/fantamtb\/wp-content\/images\/results\/enduroworldseries\/2015_finaleligure.pdf\" target=\"_blank\" rel=\"noreferrer noopener\">CLASSIFICA COMPLETA<\/a><\/td><td><img decoding=\"async\" border=\"0\" style=\"border: 0pt none;\" src=\"\/fantamtb\/wp-content\/images\/1.png\" alt=\"prima posizione\">&nbsp;<img decoding=\"async\" border=\"0\" src=\"\/fantamtb\/wp-content\/images\/aus.png\" alt=\"AUS\"> <a href=\"https:\/\/www.365mountainbike.it\/fantamtb\/storia-mtb\/atleti\/jared-graves\/\">Jared GRAVES<\/a><br><img decoding=\"async\" border=\"0\" style=\"border: 0pt none;\" src=\"\/fantamtb\/wp-content\/images\/2.png\" alt=\"seconda posizione\">&nbsp;<img loading=\"lazy\" decoding=\"async\" width=\"19\" height=\"13\" border=\"0\" src=\"\/fantamtb\/wp-content\/images\/fra.png\" alt=\"FRA\">&nbsp;Fabien Barel<br><img decoding=\"async\" border=\"0\" style=\"border: 0pt none;\" src=\"\/fantamtb\/wp-content\/images\/3.png\" alt=\"terza posizione\">&nbsp;<img loading=\"lazy\" decoding=\"async\" width=\"19\" height=\"13\" border=\"0\" src=\"\/fantamtb\/wp-content\/images\/fra.png\" alt=\"FRA\">&nbsp;Nicolas Vouilloz<\/td><td><img decoding=\"async\" border=\"0\" style=\"border: 0pt none;\" src=\"\/fantamtb\/wp-content\/images\/1.png\" alt=\"prima posizione\">&nbsp;<img loading=\"lazy\" decoding=\"async\" width=\"20\" height=\"16\" border=\"0\" src=\"\/fantamtb\/wp-content\/images\/gbr.png\" alt=\"GBR\"> <a href=\"https:\/\/www.365mountainbike.it\/fantamtb\/storia-mtb\/atleti\/tracy-moseley\/\">Tracy MOSELEY<\/a><br><img decoding=\"async\" border=\"0\" style=\"border: 0pt none;\" src=\"\/fantamtb\/wp-content\/images\/2.png\" alt=\"seconda posizione\">&nbsp;<img loading=\"lazy\" decoding=\"async\" width=\"19\" height=\"13\" border=\"0\" src=\"\/fantamtb\/wp-content\/images\/fra.png\" alt=\"FRA\">&nbsp;C\u00e9cile Ravanel<br><img decoding=\"async\" border=\"0\" style=\"border: 0pt none;\" src=\"\/fantamtb\/wp-content\/images\/3.png\" alt=\"terza posizione\">&nbsp;<img loading=\"lazy\" decoding=\"async\" width=\"19\" height=\"13\" border=\"0\" src=\"\/fantamtb\/wp-content\/images\/ger.png\" alt=\"GER\">&nbsp;Ines Thomas<\/td><\/tr><tr><td>&nbsp;<\/td><td>&nbsp;<\/td><td>&nbsp;<\/td><\/tr><tr><td> <p><strong>CLASSIFICA GENERALE<\/strong><br><a href=\"https:\/\/www.365mountainbike.it\/fantamtb\/wp-content\/images\/results\/enduroworldseries\/2015_elitem.pdf\" target=\"_blank\" rel=\"noreferrer noopener\"><strong>MEN<\/strong><\/a><br><a href=\"https:\/\/www.365mountainbike.it\/fantamtb\/wp-content\/images\/results\/enduroworldseries\/2015_elitew.pdf\" target=\"_blank\" rel=\"noreferrer noopener\"><strong>WOMEN<\/strong><\/a><br><\/p><\/td><td><img decoding=\"async\" border=\"0\" style=\"border: 0pt none;\" src=\"\/fantamtb\/wp-content\/images\/1.png\" alt=\"prima posizione\">&nbsp;<img loading=\"lazy\" decoding=\"async\" border=\"0\" width=\"20\" height=\"14\" style=\"border: 0pt none; border-width: 0pt;\" src=\"\/fantamtb\/wp-content\/images\/usa.png\" alt=\"USA\"> <a href=\"https:\/\/www.365mountainbike.it\/fantamtb\/storia-mtb\/atleti\/richie-rude\/\">Richie RUDE<\/a><br><img decoding=\"async\" border=\"0\" style=\"border: 0pt none;\" src=\"\/fantamtb\/wp-content\/images\/2.png\" alt=\"seconda posizione\">&nbsp;<img loading=\"lazy\" decoding=\"async\" width=\"19\" height=\"13\" border=\"0\" src=\"\/fantamtb\/wp-content\/images\/fra.png\" alt=\"FRA\"> <a href=\"https:\/\/www.365mountainbike.it\/fantamtb\/storia-mtb\/atleti\/fabien-barel\/\">Fabien BAREL<\/a><br><img decoding=\"async\" border=\"0\" style=\"border: 0pt none;\" src=\"\/fantamtb\/wp-content\/images\/3.png\" alt=\"terza posizione\">&nbsp;<img loading=\"lazy\" decoding=\"async\" width=\"19\" height=\"13\" border=\"0\" src=\"\/fantamtb\/wp-content\/images\/fra.png\" alt=\"FRA\"> <a href=\"https:\/\/www.365mountainbike.it\/fantamtb\/storia-mtb\/atleti\/jerome-clementz\/\">Jerome CLEMENTZ<\/a><\/td><td><img decoding=\"async\" border=\"0\" style=\"border: 0pt none;\" src=\"\/fantamtb\/wp-content\/images\/1.png\" alt=\"prima posizione\">&nbsp;<img loading=\"lazy\" decoding=\"async\" width=\"20\" height=\"16\" border=\"0\" src=\"\/fantamtb\/wp-content\/images\/gbr.png\" alt=\"GBR\"> <a href=\"https:\/\/www.365mountainbike.it\/fantamtb\/storia-mtb\/atleti\/tracy-moseley\/\">Tracy MOSELEY<\/a><br><img decoding=\"async\" border=\"0\" style=\"border: 0pt none;\" src=\"\/fantamtb\/wp-content\/images\/2.png\" alt=\"seconda posizione\">&nbsp;<img loading=\"lazy\" decoding=\"async\" width=\"19\" height=\"13\" border=\"0\" src=\"\/fantamtb\/wp-content\/images\/fra.png\" alt=\"FRA\">&nbsp;<a href=\"https:\/\/www.365mountainbike.it\/fantamtb\/storia-mtb\/atleti\/cecile-ravanel\/\">C\u00e9cile RAVANEL<\/a><br><img decoding=\"async\" border=\"0\" style=\"border: 0pt none;\" src=\"\/fantamtb\/wp-content\/images\/3.png\" alt=\"terza posizione\">&nbsp;<img loading=\"lazy\" decoding=\"async\" width=\"19\" height=\"13\" border=\"0\" src=\"\/fantamtb\/wp-content\/images\/hol.png\" alt=\"HOL\">&nbsp;<a href=\"https:\/\/www.365mountainbike.it\/fantamtb\/storia-mtb\/atleti\/anneke-beerten\/\">Anneke BEERTEN<\/a><\/td><\/tr><\/tbody><\/table><\/figure>\n\n\n\n<hr class=\"wp-block-separator has-css-opacity\"\/>\n\n\n\n<h1 class=\"wp-block-heading\" id=\"h-foto\">FOTO<\/h1>\n\n\n\n<figure class=\"wp-block-gallery has-nested-images columns-default is-cropped wp-block-gallery-1 is-layout-flex wp-block-gallery-is-layout-flex\">\n<figure class=\"wp-block-image size-medium\"><a href=\"https:\/\/www.365mountainbike.it\/fantamtb\/wp-content\/uploads\/2022\/01\/Joe-Barnes-Canyon-2015.jpg\"><img loading=\"lazy\" decoding=\"async\" width=\"300\" height=\"200\" data-id=\"25240\" src=\"https:\/\/www.365mountainbike.it\/fantamtb\/wp-content\/uploads\/2022\/01\/Joe-Barnes-Canyon-2015-300x200.jpg\" alt=\"\u00a9Matt Wragg - Joe Barnes 2015\" class=\"wp-image-25240\" style=\"aspect-ratio:1\" srcset=\"https:\/\/www.365mountainbike.it\/fantamtb\/wp-content\/uploads\/2022\/01\/Joe-Barnes-Canyon-2015-300x200.jpg 300w, https:\/\/www.365mountainbike.it\/fantamtb\/wp-content\/uploads\/2022\/01\/Joe-Barnes-Canyon-2015-1024x683.jpg 1024w, https:\/\/www.365mountainbike.it\/fantamtb\/wp-content\/uploads\/2022\/01\/Joe-Barnes-Canyon-2015-768x512.jpg 768w, https:\/\/www.365mountainbike.it\/fantamtb\/wp-content\/uploads\/2022\/01\/Joe-Barnes-Canyon-2015-1536x1024.jpg 1536w, https:\/\/www.365mountainbike.it\/fantamtb\/wp-content\/uploads\/2022\/01\/Joe-Barnes-Canyon-2015.jpg 1600w\" sizes=\"auto, (max-width: 300px) 100vw, 300px\" \/><\/a><figcaption class=\"wp-element-caption\">\u00a9Matt Wragg &#8211; Joe Barnes 2015<\/figcaption><\/figure>\n\n\n\n<figure class=\"wp-block-image size-medium\"><a href=\"https:\/\/www.365mountainbike.it\/fantamtb\/wp-content\/uploads\/2022\/01\/Barel-Graves-Clementz-Podio-Enduro-World-Series-2015.jpg\"><picture><source srcset=\"https:\/\/www.365mountainbike.it\/fantamtb\/wp-content\/uploads\/2022\/01\/Barel-Graves-Clementz-Podio-Enduro-World-Series-2015-300x200.jpg 300w, https:\/\/www.365mountainbike.it\/fantamtb\/wp-content\/uploads\/2022\/01\/Barel-Graves-Clementz-Podio-Enduro-World-Series-2015-768x512.jpg 768w,https:\/\/www.365mountainbike.it\/fantamtb\/wp-content\/uploads\/2022\/01\/Barel-Graves-Clementz-Podio-Enduro-World-Series-2015.jpg.webp 1000w\" sizes=\"auto, (max-width: 300px) 100vw, 300px\" type=\"image\/webp\"><img src=\"https:\/\/www.365mountainbike.it\/fantamtb\/wp-content\/uploads\/2022\/01\/Barel-Graves-Clementz-Podio-Enduro-World-Series-2015-300x200.jpg\" height=\"200\" width=\"300\" srcset=\"https:\/\/www.365mountainbike.it\/fantamtb\/wp-content\/uploads\/2022\/01\/Barel-Graves-Clementz-Podio-Enduro-World-Series-2015-300x200.jpg 300w, https:\/\/www.365mountainbike.it\/fantamtb\/wp-content\/uploads\/2022\/01\/Barel-Graves-Clementz-Podio-Enduro-World-Series-2015-768x512.jpg 768w, https:\/\/www.365mountainbike.it\/fantamtb\/wp-content\/uploads\/2022\/01\/Barel-Graves-Clementz-Podio-Enduro-World-Series-2015.jpg 1000w\" sizes=\"auto, (max-width: 300px) 100vw, 300px\" class=\"wp-image-23107 sp-no-webp\" alt=\"Barel, Graves, Clementz - Podio Enduro World Series 2015\" loading=\"lazy\" decoding=\"async\" data-id=\"23107\" style=\"aspect-ratio:1\"  > <\/picture><\/a><figcaption class=\"wp-element-caption\">\u00a9Enduro World Series &#8211; Barel, Graves, Clementz &#8211; Podio EWS 2015<\/figcaption><\/figure>\n\n\n\n<figure class=\"wp-block-image size-medium\"><a href=\"https:\/\/www.365mountainbike.it\/fantamtb\/wp-content\/uploads\/2022\/01\/podio-ews-2015.jpg\"><picture><source srcset=\"https:\/\/www.365mountainbike.it\/fantamtb\/wp-content\/uploads\/2022\/01\/podio-ews-2015-300x200.jpg 300w, https:\/\/www.365mountainbike.it\/fantamtb\/wp-content\/uploads\/2022\/01\/podio-ews-2015-768x512.jpg 768w,https:\/\/www.365mountainbike.it\/fantamtb\/wp-content\/uploads\/2022\/01\/podio-ews-2015.webp 900w\" sizes=\"auto, (max-width: 300px) 100vw, 300px\" type=\"image\/webp\"><img src=\"https:\/\/www.365mountainbike.it\/fantamtb\/wp-content\/uploads\/2022\/01\/podio-ews-2015-300x200.jpg\" height=\"200\" width=\"300\" srcset=\"https:\/\/www.365mountainbike.it\/fantamtb\/wp-content\/uploads\/2022\/01\/podio-ews-2015-300x200.jpg 300w, https:\/\/www.365mountainbike.it\/fantamtb\/wp-content\/uploads\/2022\/01\/podio-ews-2015-768x512.jpg 768w, https:\/\/www.365mountainbike.it\/fantamtb\/wp-content\/uploads\/2022\/01\/podio-ews-2015.jpg 900w\" sizes=\"auto, (max-width: 300px) 100vw, 300px\" class=\"wp-image-25234 sp-no-webp\" alt=\"\" loading=\"lazy\" decoding=\"async\" data-id=\"25234\" style=\"aspect-ratio:1\"  > <\/picture><\/a><figcaption class=\"wp-element-caption\">\u00a9Matt Wragg &#8211; Ravanel, Moseley, Beerten, Podio Enduro World Series 2015<\/figcaption><\/figure>\n\n\n\n<figure class=\"wp-block-image size-medium\"><a href=\"https:\/\/www.365mountainbike.it\/fantamtb\/wp-content\/uploads\/2022\/01\/Mattwragg_20150810_-13-780x520-1.jpg\"><picture><source srcset=\"https:\/\/www.365mountainbike.it\/fantamtb\/wp-content\/uploads\/2022\/01\/Mattwragg_20150810_-13-780x520-1-300x200.jpg 300w, https:\/\/www.365mountainbike.it\/fantamtb\/wp-content\/uploads\/2022\/01\/Mattwragg_20150810_-13-780x520-1-768x512.jpg 768w,https:\/\/www.365mountainbike.it\/fantamtb\/wp-content\/uploads\/2022\/01\/Mattwragg_20150810_-13-780x520-1.webp 780w\" sizes=\"auto, (max-width: 300px) 100vw, 300px\" type=\"image\/webp\"><img src=\"https:\/\/www.365mountainbike.it\/fantamtb\/wp-content\/uploads\/2022\/01\/Mattwragg_20150810_-13-780x520-1-300x200.jpg\" height=\"200\" width=\"300\" srcset=\"https:\/\/www.365mountainbike.it\/fantamtb\/wp-content\/uploads\/2022\/01\/Mattwragg_20150810_-13-780x520-1-300x200.jpg 300w, https:\/\/www.365mountainbike.it\/fantamtb\/wp-content\/uploads\/2022\/01\/Mattwragg_20150810_-13-780x520-1-768x512.jpg 768w, https:\/\/www.365mountainbike.it\/fantamtb\/wp-content\/uploads\/2022\/01\/Mattwragg_20150810_-13-780x520-1.jpg 780w\" sizes=\"auto, (max-width: 300px) 100vw, 300px\" class=\"wp-image-25233 sp-no-webp\" alt=\"Mattwragg_20150810_-13-780x520\" loading=\"lazy\" decoding=\"async\" data-id=\"25233\" style=\"aspect-ratio:1\"  > <\/picture><\/a><figcaption class=\"wp-element-caption\">\u00a9Matt Wragg &#8211; Isabeau Courdurier EWS 2015<\/figcaption><\/figure>\n\n\n\n<figure class=\"wp-block-image size-medium\"><a href=\"https:\/\/www.365mountainbike.it\/fantamtb\/wp-content\/uploads\/2022\/01\/Anneke-Beerten-EWS-Spain-2015.jpg\"><picture><source srcset=\"https:\/\/www.365mountainbike.it\/fantamtb\/wp-content\/uploads\/2022\/01\/Anneke-Beerten-EWS-Spain-2015-300x200.jpg 300w, https:\/\/www.365mountainbike.it\/fantamtb\/wp-content\/uploads\/2022\/01\/Anneke-Beerten-EWS-Spain-2015-768x512.jpg 768w,https:\/\/www.365mountainbike.it\/fantamtb\/wp-content\/uploads\/2022\/01\/Anneke-Beerten-EWS-Spain-2015.jpg.webp 1000w\" sizes=\"auto, (max-width: 300px) 100vw, 300px\" type=\"image\/webp\"><img src=\"https:\/\/www.365mountainbike.it\/fantamtb\/wp-content\/uploads\/2022\/01\/Anneke-Beerten-EWS-Spain-2015-300x200.jpg\" height=\"200\" width=\"300\" srcset=\"https:\/\/www.365mountainbike.it\/fantamtb\/wp-content\/uploads\/2022\/01\/Anneke-Beerten-EWS-Spain-2015-300x200.jpg 300w, https:\/\/www.365mountainbike.it\/fantamtb\/wp-content\/uploads\/2022\/01\/Anneke-Beerten-EWS-Spain-2015-768x512.jpg 768w, https:\/\/www.365mountainbike.it\/fantamtb\/wp-content\/uploads\/2022\/01\/Anneke-Beerten-EWS-Spain-2015.jpg 1000w\" sizes=\"auto, (max-width: 300px) 100vw, 300px\" class=\"wp-image-10405 sp-no-webp\" alt=\"Anneke Beerten EWS Spain 2015\" loading=\"lazy\" decoding=\"async\" data-id=\"10405\" style=\"aspect-ratio:1\"  > <\/picture><\/a><figcaption class=\"wp-element-caption\">\u00a9Matt Wragg &#8211; Anneke Beerten EWS Spain 2015<\/figcaption><\/figure>\n\n\n\n<figure class=\"wp-block-image size-medium\"><a href=\"https:\/\/www.365mountainbike.it\/fantamtb\/wp-content\/uploads\/2022\/01\/Nico-Lau-2015-Finale-Ligure.jpg\"><picture><source srcset=\"https:\/\/www.365mountainbike.it\/fantamtb\/wp-content\/uploads\/2022\/01\/Nico-Lau-2015-Finale-Ligure-300x200.jpg 300w, https:\/\/www.365mountainbike.it\/fantamtb\/wp-content\/uploads\/2022\/01\/Nico-Lau-2015-Finale-Ligure-1024x683.jpg 1024w, https:\/\/www.365mountainbike.it\/fantamtb\/wp-content\/uploads\/2022\/01\/Nico-Lau-2015-Finale-Ligure-768x512.jpg 768w, https:\/\/www.365mountainbike.it\/fantamtb\/wp-content\/uploads\/2022\/01\/Nico-Lau-2015-Finale-Ligure-1536x1024.jpg 1536w,https:\/\/www.365mountainbike.it\/fantamtb\/wp-content\/uploads\/2022\/01\/Nico-Lau-2015-Finale-Ligure.webp 1600w\" sizes=\"auto, (max-width: 300px) 100vw, 300px\" type=\"image\/webp\"><img src=\"https:\/\/www.365mountainbike.it\/fantamtb\/wp-content\/uploads\/2022\/01\/Nico-Lau-2015-Finale-Ligure-300x200.jpg\" height=\"200\" width=\"300\" srcset=\"https:\/\/www.365mountainbike.it\/fantamtb\/wp-content\/uploads\/2022\/01\/Nico-Lau-2015-Finale-Ligure-300x200.jpg 300w, https:\/\/www.365mountainbike.it\/fantamtb\/wp-content\/uploads\/2022\/01\/Nico-Lau-2015-Finale-Ligure-1024x683.jpg 1024w, https:\/\/www.365mountainbike.it\/fantamtb\/wp-content\/uploads\/2022\/01\/Nico-Lau-2015-Finale-Ligure-768x512.jpg 768w, https:\/\/www.365mountainbike.it\/fantamtb\/wp-content\/uploads\/2022\/01\/Nico-Lau-2015-Finale-Ligure-1536x1024.jpg 1536w, https:\/\/www.365mountainbike.it\/fantamtb\/wp-content\/uploads\/2022\/01\/Nico-Lau-2015-Finale-Ligure.jpg 1600w\" sizes=\"auto, (max-width: 300px) 100vw, 300px\" class=\"wp-image-25239 sp-no-webp\" alt=\"\u00a9Matt Wragg - Nico Lau\" loading=\"lazy\" decoding=\"async\" data-id=\"25239\" style=\"aspect-ratio:1\"  > <\/picture><\/a><figcaption class=\"wp-element-caption\">\u00a9Matt Wragg &#8211; Nico Lau<\/figcaption><\/figure>\n\n\n\n<figure class=\"wp-block-image size-medium\"><a href=\"https:\/\/www.365mountainbike.it\/fantamtb\/wp-content\/uploads\/2022\/01\/Yoann-Barelli-EWS-2015.jpg\"><picture><source srcset=\"https:\/\/www.365mountainbike.it\/fantamtb\/wp-content\/uploads\/2022\/01\/Yoann-Barelli-EWS-2015-300x200.jpg 300w, https:\/\/www.365mountainbike.it\/fantamtb\/wp-content\/uploads\/2022\/01\/Yoann-Barelli-EWS-2015-1024x684.jpg 1024w, https:\/\/www.365mountainbike.it\/fantamtb\/wp-content\/uploads\/2022\/01\/Yoann-Barelli-EWS-2015-768x513.jpg 768w, https:\/\/www.365mountainbike.it\/fantamtb\/wp-content\/uploads\/2022\/01\/Yoann-Barelli-EWS-2015-1536x1025.jpg 1536w,https:\/\/www.365mountainbike.it\/fantamtb\/wp-content\/uploads\/2022\/01\/Yoann-Barelli-EWS-2015.webp 1600w\" sizes=\"auto, (max-width: 300px) 100vw, 300px\" type=\"image\/webp\"><img src=\"https:\/\/www.365mountainbike.it\/fantamtb\/wp-content\/uploads\/2022\/01\/Yoann-Barelli-EWS-2015-300x200.jpg\" height=\"200\" width=\"300\" srcset=\"https:\/\/www.365mountainbike.it\/fantamtb\/wp-content\/uploads\/2022\/01\/Yoann-Barelli-EWS-2015-300x200.jpg 300w, https:\/\/www.365mountainbike.it\/fantamtb\/wp-content\/uploads\/2022\/01\/Yoann-Barelli-EWS-2015-1024x684.jpg 1024w, https:\/\/www.365mountainbike.it\/fantamtb\/wp-content\/uploads\/2022\/01\/Yoann-Barelli-EWS-2015-768x513.jpg 768w, https:\/\/www.365mountainbike.it\/fantamtb\/wp-content\/uploads\/2022\/01\/Yoann-Barelli-EWS-2015-1536x1025.jpg 1536w, https:\/\/www.365mountainbike.it\/fantamtb\/wp-content\/uploads\/2022\/01\/Yoann-Barelli-EWS-2015.jpg 1600w\" sizes=\"auto, (max-width: 300px) 100vw, 300px\" class=\"wp-image-25238 sp-no-webp\" alt=\"\u00a9Matt Wragg - Yoann Barelli EWS 2015\" loading=\"lazy\" decoding=\"async\" data-id=\"25238\" style=\"aspect-ratio:1\"  > <\/picture><\/a><figcaption class=\"wp-element-caption\">\u00a9Matt Wragg &#8211; Yoann Barelli EWS 2015<\/figcaption><\/figure>\n\n\n\n<figure class=\"wp-block-image size-medium\"><a href=\"https:\/\/www.365mountainbike.it\/fantamtb\/wp-content\/uploads\/2022\/01\/Jared-Graves-Finale-Ligure-EWS-2015.jpg\"><img loading=\"lazy\" decoding=\"async\" width=\"300\" height=\"200\" data-id=\"25236\" src=\"https:\/\/www.365mountainbike.it\/fantamtb\/wp-content\/uploads\/2022\/01\/Jared-Graves-Finale-Ligure-EWS-2015-300x200.jpg\" alt=\"\u00a9Matt Wragg - Jared Graves Finale Ligure EWS 2015\" class=\"wp-image-25236\" style=\"aspect-ratio:1\" srcset=\"https:\/\/www.365mountainbike.it\/fantamtb\/wp-content\/uploads\/2022\/01\/Jared-Graves-Finale-Ligure-EWS-2015-300x200.jpg 300w, https:\/\/www.365mountainbike.it\/fantamtb\/wp-content\/uploads\/2022\/01\/Jared-Graves-Finale-Ligure-EWS-2015-1024x682.jpg 1024w, https:\/\/www.365mountainbike.it\/fantamtb\/wp-content\/uploads\/2022\/01\/Jared-Graves-Finale-Ligure-EWS-2015-768x512.jpg 768w, https:\/\/www.365mountainbike.it\/fantamtb\/wp-content\/uploads\/2022\/01\/Jared-Graves-Finale-Ligure-EWS-2015-1536x1023.jpg 1536w, https:\/\/www.365mountainbike.it\/fantamtb\/wp-content\/uploads\/2022\/01\/Jared-Graves-Finale-Ligure-EWS-2015.jpg 1600w\" sizes=\"auto, (max-width: 300px) 100vw, 300px\" \/><\/a><figcaption class=\"wp-element-caption\">\u00a9Matt Wragg &#8211; Jared Graves Finale Ligure EWS 2015<\/figcaption><\/figure>\n\n\n\n<figure class=\"wp-block-image size-medium\"><a href=\"https:\/\/www.365mountainbike.it\/fantamtb\/wp-content\/uploads\/2022\/01\/matteo_raimondi.jpg\"><img loading=\"lazy\" decoding=\"async\" width=\"300\" height=\"200\" data-id=\"25235\" src=\"https:\/\/www.365mountainbike.it\/fantamtb\/wp-content\/uploads\/2022\/01\/matteo_raimondi-300x200.jpg\" alt=\"\u00a9Matt Wragg - Matteo Raimondi\" class=\"wp-image-25235\" style=\"aspect-ratio:1\" srcset=\"https:\/\/www.365mountainbike.it\/fantamtb\/wp-content\/uploads\/2022\/01\/matteo_raimondi-300x200.jpg 300w, https:\/\/www.365mountainbike.it\/fantamtb\/wp-content\/uploads\/2022\/01\/matteo_raimondi-1024x683.jpg 1024w, https:\/\/www.365mountainbike.it\/fantamtb\/wp-content\/uploads\/2022\/01\/matteo_raimondi-768x512.jpg 768w, https:\/\/www.365mountainbike.it\/fantamtb\/wp-content\/uploads\/2022\/01\/matteo_raimondi-1536x1024.jpg 1536w, https:\/\/www.365mountainbike.it\/fantamtb\/wp-content\/uploads\/2022\/01\/matteo_raimondi.jpg 1600w\" sizes=\"auto, (max-width: 300px) 100vw, 300px\" \/><\/a><figcaption class=\"wp-element-caption\">\u00a9Matt Wragg &#8211; Matteo Raimondi<\/figcaption><\/figure>\n<\/figure>\n\n\n\n<h1 class=\"wp-block-heading\" id=\"video\">VIDEO<\/h1>\n\n\n\n<figure class=\"wp-block-embed is-type-video is-provider-youtube wp-block-embed-youtube wp-embed-aspect-16-9 wp-has-aspect-ratio\"><div class=\"wp-block-embed__wrapper\">\n<iframe loading=\"lazy\" title=\"EWS1: Rotorua Highlights\" width=\"740\" height=\"416\" src=\"https:\/\/www.youtube.com\/embed\/YZL_dAeMvGM?feature=oembed\" frameborder=\"0\" allow=\"accelerometer; autoplay; clipboard-write; encrypted-media; gyroscope; picture-in-picture; web-share\" referrerpolicy=\"strict-origin-when-cross-origin\" allowfullscreen><\/iframe>\n<\/div><\/figure>\n\n\n\n<h3 class=\"wp-block-heading\" id=\"h-1-rotorua\">#1 ROTORUA<\/h3>\n\n\n\n<figure class=\"wp-block-embed is-type-video is-provider-youtube wp-block-embed-youtube wp-embed-aspect-16-9 wp-has-aspect-ratio\"><div class=\"wp-block-embed__wrapper\">\n<iframe loading=\"lazy\" title=\"EWS2: Hometown Boy Makes Wicklow Shine - Highlights\" width=\"740\" height=\"416\" src=\"https:\/\/www.youtube.com\/embed\/acJDGPmB_7I?feature=oembed\" frameborder=\"0\" allow=\"accelerometer; autoplay; clipboard-write; encrypted-media; gyroscope; picture-in-picture; web-share\" referrerpolicy=\"strict-origin-when-cross-origin\" allowfullscreen><\/iframe>\n<\/div><\/figure>\n\n\n\n<h3 class=\"wp-block-heading\" id=\"h-2-county-wicklow\">#2 COUNTY WICKLOW<\/h3>\n\n\n\n<figure class=\"wp-block-embed is-type-video is-provider-youtube wp-block-embed-youtube wp-embed-aspect-16-9 wp-has-aspect-ratio\"><div class=\"wp-block-embed__wrapper\">\n<iframe loading=\"lazy\" title=\"EWS3: High Winds in the Tweed Valley - Highlights\" width=\"740\" height=\"416\" src=\"https:\/\/www.youtube.com\/embed\/QnpkL15T1FU?feature=oembed\" frameborder=\"0\" allow=\"accelerometer; autoplay; clipboard-write; encrypted-media; gyroscope; picture-in-picture; web-share\" referrerpolicy=\"strict-origin-when-cross-origin\" allowfullscreen><\/iframe>\n<\/div><\/figure>\n\n\n\n<h3 class=\"wp-block-heading\" id=\"h-3-tweed-valley\">#3 TWEED VALLEY<\/h3>\n\n\n\n<figure class=\"wp-block-embed is-type-video is-provider-youtube wp-block-embed-youtube wp-embed-aspect-16-9 wp-has-aspect-ratio\"><div class=\"wp-block-embed__wrapper\">\n<iframe loading=\"lazy\" title=\"EWS4: A Rude Awakening - Samo\u00ebns Highlights\" width=\"740\" height=\"416\" src=\"https:\/\/www.youtube.com\/embed\/W18oGp7BPDc?feature=oembed\" frameborder=\"0\" allow=\"accelerometer; autoplay; clipboard-write; encrypted-media; gyroscope; picture-in-picture; web-share\" referrerpolicy=\"strict-origin-when-cross-origin\" allowfullscreen><\/iframe>\n<\/div><\/figure>\n\n\n\n<h3 class=\"wp-block-heading\" id=\"h-4-samoens\">#4 SAMOENS<\/h3>\n\n\n\n<figure class=\"wp-block-embed is-type-video is-provider-youtube wp-block-embed-youtube wp-embed-aspect-16-9 wp-has-aspect-ratio\"><div class=\"wp-block-embed__wrapper\">\n<iframe loading=\"lazy\" title=\"EWS6: One Day, One Massive Challenge. Whistler Highlights.\" width=\"740\" height=\"416\" src=\"https:\/\/www.youtube.com\/embed\/NxB8ayRw3_g?feature=oembed\" frameborder=\"0\" allow=\"accelerometer; autoplay; clipboard-write; encrypted-media; gyroscope; picture-in-picture; web-share\" referrerpolicy=\"strict-origin-when-cross-origin\" allowfullscreen><\/iframe>\n<\/div><\/figure>\n\n\n\n<h3 class=\"wp-block-heading\" id=\"h-5-whistler\">#5 WHISTLER<\/h3>\n\n\n\n<figure class=\"wp-block-embed is-type-video is-provider-youtube wp-block-embed-youtube wp-embed-aspect-16-9 wp-has-aspect-ratio\"><div class=\"wp-block-embed__wrapper\">\n<iframe loading=\"lazy\" title=\"EWS7: Fans, Floods and Fanfares - Ainsa Highlights\" width=\"740\" height=\"416\" src=\"https:\/\/www.youtube.com\/embed\/-WwJDstNfEs?feature=oembed\" frameborder=\"0\" allow=\"accelerometer; autoplay; clipboard-write; encrypted-media; gyroscope; picture-in-picture; web-share\" referrerpolicy=\"strict-origin-when-cross-origin\" allowfullscreen><\/iframe>\n<\/div><\/figure>\n\n\n\n<h3 class=\"wp-block-heading\" id=\"h-6-ainsa\">#6 AINSA<\/h3>\n\n\n\n<figure class=\"wp-block-embed is-type-video is-provider-youtube wp-block-embed-youtube wp-embed-aspect-16-9 wp-has-aspect-ratio\"><div class=\"wp-block-embed__wrapper\">\n<iframe loading=\"lazy\" title=\"EWS8: The Big Wheel - Finale Highlights\" width=\"740\" height=\"416\" src=\"https:\/\/www.youtube.com\/embed\/AZAzm2KwUxQ?feature=oembed\" frameborder=\"0\" allow=\"accelerometer; autoplay; clipboard-write; encrypted-media; gyroscope; picture-in-picture; web-share\" referrerpolicy=\"strict-origin-when-cross-origin\" allowfullscreen><\/iframe>\n<\/div><\/figure>\n\n\n\n<h3 class=\"wp-block-heading\" id=\"h-7-finale-ligure\">#7 FINALE LIGURE<\/h3>\n\n\n\n<p><\/p>\n","protected":false,"gt_translate_keys":[{"key":"rendered","format":"html"}]},"excerpt":{"rendered":"<p>Richie Rude e Tracy Moseley, sono stati incoronati i nuovi Campioni del Mondo di Enduro a Finale Ligure durante l&#8217;ultimo round. Proprio sullo stesso palco due leggende come Fabien Barel e la stessa Tracy Moseley hanno annunciato il ritiro dalle competizioni. Appena scesa dal podio Tracy dichiara: &#8220;E\u2019 una sensazione surreale. Tutto l\u2019anno abbiamo lavorato [&hellip;]<\/p>\n","protected":false,"gt_translate_keys":[{"key":"rendered","format":"html"}]},"author":1,"featured_media":25237,"comment_status":"closed","ping_status":"open","sticky":false,"template":"","format":"standard","meta":{"footnotes":""},"categories":[1259],"tags":[1127,133,213,1128,123,740,716,717,1129,719,709,747,742,235,725,72,1130,147,751,753,1131,1132],"class_list":["post-10391","post","type-post","status-publish","format-standard","has-post-thumbnail","hentry","category-enduro-mtb","tag-ainsa","tag-anne-caroline-chausson","tag-cecile-ravanel","tag-county-wicklow","tag-fabien-barel","tag-finale-ligure","tag-florian-nicolai","tag-greg-callaghan","tag-ines-thomas","tag-isabeau-courdurier","tag-jerome-clementz","tag-joe-barnes","tag-martin-maes","tag-nicolas-vouilloz","tag-richie-rude","tag-rotorua","tag-samoens","tag-tracy-moseley","tag-tweed-valley","tag-whistler","tag-wyn-masters","tag-yohann-barelli"],"yoast_head":"<!-- This site is optimized with the Yoast SEO plugin v27.5 - https:\/\/yoast.com\/product\/yoast-seo-wordpress\/ -->\n<title>Classifiche Enduro World Series 2015 | FANTAmtb<\/title>\n<meta name=\"robots\" content=\"index, follow, max-snippet:-1, max-image-preview:large, max-video-preview:-1\" \/>\n<link rel=\"canonical\" href=\"https:\/\/www.365mountainbike.it\/fantamtb\/storia-mtb\/enduro-mtb\/enduro-world-series-2015\/\" \/>\n<meta property=\"og:locale\" content=\"it_IT\" \/>\n<meta property=\"og:type\" content=\"article\" \/>\n<meta property=\"og:title\" content=\"Classifiche Enduro World Series 2015 | FANTAmtb\" \/>\n<meta property=\"og:description\" content=\"Richie Rude e Tracy Moseley, sono stati incoronati i nuovi Campioni del Mondo di Enduro a Finale Ligure durante l&#8217;ultimo round. Proprio sullo stesso palco due leggende come Fabien Barel e la stessa Tracy Moseley hanno annunciato il ritiro dalle competizioni. Appena scesa dal podio Tracy dichiara: &#8220;E\u2019 una sensazione surreale. Tutto l\u2019anno abbiamo lavorato [&hellip;]\" \/>\n<meta property=\"og:url\" content=\"https:\/\/www.365mountainbike.it\/fantamtb\/storia-mtb\/enduro-mtb\/enduro-world-series-2015\/\" \/>\n<meta property=\"og:site_name\" content=\"FANTAmtb\" \/>\n<meta property=\"article:published_time\" content=\"2022-01-31T09:43:43+00:00\" \/>\n<meta property=\"article:modified_time\" content=\"2026-01-23T18:05:43+00:00\" \/>\n<meta property=\"og:image\" content=\"https:\/\/www.365mountainbike.it\/fantamtb\/wp-content\/uploads\/2022\/01\/yeti-dream-team-2015.jpg\" \/>\n\t<meta property=\"og:image:width\" content=\"952\" \/>\n\t<meta property=\"og:image:height\" content=\"500\" \/>\n\t<meta property=\"og:image:type\" content=\"image\/jpeg\" \/>\n<meta name=\"author\" content=\"FANTAmtb\" \/>\n<meta name=\"twitter:card\" content=\"summary_large_image\" \/>\n<meta name=\"twitter:label1\" content=\"Scritto da\" \/>\n\t<meta name=\"twitter:data1\" content=\"FANTAmtb\" \/>\n\t<meta name=\"twitter:label2\" content=\"Tempo di lettura stimato\" \/>\n\t<meta name=\"twitter:data2\" content=\"26 minuti\" \/>\n<script type=\"application\/ld+json\" class=\"yoast-schema-graph\">{\"@context\":\"https:\\\/\\\/schema.org\",\"@graph\":[{\"@type\":\"Article\",\"@id\":\"https:\\\/\\\/www.365mountainbike.it\\\/fantamtb\\\/storia-mtb\\\/enduro-mtb\\\/enduro-world-series-2015\\\/#article\",\"isPartOf\":{\"@id\":\"https:\\\/\\\/www.365mountainbike.it\\\/fantamtb\\\/storia-mtb\\\/enduro-mtb\\\/enduro-world-series-2015\\\/\"},\"author\":{\"name\":\"FANTAmtb\",\"@id\":\"https:\\\/\\\/www.365mountainbike.it\\\/fantamtb\\\/#\\\/schema\\\/person\\\/7b4a30b446207c8d00024d9717c3b63b\"},\"headline\":\"Enduro World Series 2015\",\"datePublished\":\"2022-01-31T09:43:43+00:00\",\"dateModified\":\"2026-01-23T18:05:43+00:00\",\"mainEntityOfPage\":{\"@id\":\"https:\\\/\\\/www.365mountainbike.it\\\/fantamtb\\\/storia-mtb\\\/enduro-mtb\\\/enduro-world-series-2015\\\/\"},\"wordCount\":633,\"image\":{\"@id\":\"https:\\\/\\\/www.365mountainbike.it\\\/fantamtb\\\/storia-mtb\\\/enduro-mtb\\\/enduro-world-series-2015\\\/#primaryimage\"},\"thumbnailUrl\":\"https:\\\/\\\/www.365mountainbike.it\\\/fantamtb\\\/wp-content\\\/uploads\\\/2022\\\/01\\\/yeti-dream-team-2015.jpg\",\"keywords\":[\"Ainsa\",\"Anne Caroline Chausson\",\"Cecile Ravanel\",\"County Wicklow\",\"Fabien Barel\",\"Finale Ligure\",\"Florian Nicolai\",\"Greg Callaghan\",\"Ines Thomas\",\"Isabeau Courdurier\",\"Jerome Clementz\",\"Joe Barnes\",\"Martin Maes\",\"Nicolas Vouilloz\",\"Richie Rude\",\"Rotorua\",\"Samoens\",\"Tracy Moseley\",\"Tweed Valley\",\"Whistler\",\"Wyn Masters\",\"Yohann Barelli\"],\"articleSection\":[\"Enduro MTB\"],\"inLanguage\":\"it-IT\"},{\"@type\":\"WebPage\",\"@id\":\"https:\\\/\\\/www.365mountainbike.it\\\/fantamtb\\\/storia-mtb\\\/enduro-mtb\\\/enduro-world-series-2015\\\/\",\"url\":\"https:\\\/\\\/www.365mountainbike.it\\\/fantamtb\\\/storia-mtb\\\/enduro-mtb\\\/enduro-world-series-2015\\\/\",\"name\":\"Classifiche Enduro World Series 2015 | FANTAmtb\",\"isPartOf\":{\"@id\":\"https:\\\/\\\/www.365mountainbike.it\\\/fantamtb\\\/#website\"},\"primaryImageOfPage\":{\"@id\":\"https:\\\/\\\/www.365mountainbike.it\\\/fantamtb\\\/storia-mtb\\\/enduro-mtb\\\/enduro-world-series-2015\\\/#primaryimage\"},\"image\":{\"@id\":\"https:\\\/\\\/www.365mountainbike.it\\\/fantamtb\\\/storia-mtb\\\/enduro-mtb\\\/enduro-world-series-2015\\\/#primaryimage\"},\"thumbnailUrl\":\"https:\\\/\\\/www.365mountainbike.it\\\/fantamtb\\\/wp-content\\\/uploads\\\/2022\\\/01\\\/yeti-dream-team-2015.jpg\",\"datePublished\":\"2022-01-31T09:43:43+00:00\",\"dateModified\":\"2026-01-23T18:05:43+00:00\",\"author\":{\"@id\":\"https:\\\/\\\/www.365mountainbike.it\\\/fantamtb\\\/#\\\/schema\\\/person\\\/7b4a30b446207c8d00024d9717c3b63b\"},\"breadcrumb\":{\"@id\":\"https:\\\/\\\/www.365mountainbike.it\\\/fantamtb\\\/storia-mtb\\\/enduro-mtb\\\/enduro-world-series-2015\\\/#breadcrumb\"},\"inLanguage\":\"it-IT\",\"potentialAction\":[{\"@type\":\"ReadAction\",\"target\":[\"https:\\\/\\\/www.365mountainbike.it\\\/fantamtb\\\/storia-mtb\\\/enduro-mtb\\\/enduro-world-series-2015\\\/\"]}]},{\"@type\":\"ImageObject\",\"inLanguage\":\"it-IT\",\"@id\":\"https:\\\/\\\/www.365mountainbike.it\\\/fantamtb\\\/storia-mtb\\\/enduro-mtb\\\/enduro-world-series-2015\\\/#primaryimage\",\"url\":\"https:\\\/\\\/www.365mountainbike.it\\\/fantamtb\\\/wp-content\\\/uploads\\\/2022\\\/01\\\/yeti-dream-team-2015.jpg\",\"contentUrl\":\"https:\\\/\\\/www.365mountainbike.it\\\/fantamtb\\\/wp-content\\\/uploads\\\/2022\\\/01\\\/yeti-dream-team-2015.jpg\",\"width\":952,\"height\":500,\"caption\":\"\u00a9Matt Wragg - Yeti Dream Team 2015, Graves and Rude\"},{\"@type\":\"BreadcrumbList\",\"@id\":\"https:\\\/\\\/www.365mountainbike.it\\\/fantamtb\\\/storia-mtb\\\/enduro-mtb\\\/enduro-world-series-2015\\\/#breadcrumb\",\"itemListElement\":[{\"@type\":\"ListItem\",\"position\":1,\"name\":\"Home\",\"item\":\"https:\\\/\\\/www.365mountainbike.it\\\/fantamtb\\\/\"},{\"@type\":\"ListItem\",\"position\":2,\"name\":\"Storia MTB\",\"item\":\"https:\\\/\\\/www.365mountainbike.it\\\/fantamtb\\\/storia-mtb\\\/\"},{\"@type\":\"ListItem\",\"position\":3,\"name\":\"Enduro\",\"item\":\"https:\\\/\\\/www.365mountainbike.it\\\/fantamtb\\\/storia-mtb\\\/enduro-mtb\\\/\"},{\"@type\":\"ListItem\",\"position\":4,\"name\":\"Enduro World Series 2015\"}]},{\"@type\":\"WebSite\",\"@id\":\"https:\\\/\\\/www.365mountainbike.it\\\/fantamtb\\\/#website\",\"url\":\"https:\\\/\\\/www.365mountainbike.it\\\/fantamtb\\\/\",\"name\":\"FANTAmtb\",\"description\":\"Il FANTAciclismo della Mountain Bike (FANTAcycling)\",\"potentialAction\":[{\"@type\":\"SearchAction\",\"target\":{\"@type\":\"EntryPoint\",\"urlTemplate\":\"https:\\\/\\\/www.365mountainbike.it\\\/fantamtb\\\/?s={search_term_string}\"},\"query-input\":{\"@type\":\"PropertyValueSpecification\",\"valueRequired\":true,\"valueName\":\"search_term_string\"}}],\"inLanguage\":\"it-IT\"},{\"@type\":\"Person\",\"@id\":\"https:\\\/\\\/www.365mountainbike.it\\\/fantamtb\\\/#\\\/schema\\\/person\\\/7b4a30b446207c8d00024d9717c3b63b\",\"name\":\"FANTAmtb\",\"image\":{\"@type\":\"ImageObject\",\"inLanguage\":\"it-IT\",\"@id\":\"\\\/\\\/www.365mountainbike.it\\\/fantamtb\\\/wp-content\\\/uploads\\\/wpforo\\\/avatars\\\/davide_1.png\",\"url\":\"\\\/\\\/www.365mountainbike.it\\\/fantamtb\\\/wp-content\\\/uploads\\\/wpforo\\\/avatars\\\/davide_1.png\",\"contentUrl\":\"\\\/\\\/www.365mountainbike.it\\\/fantamtb\\\/wp-content\\\/uploads\\\/wpforo\\\/avatars\\\/davide_1.png\",\"caption\":\"FANTAmtb\"},\"sameAs\":[\"https:\\\/\\\/www.365mountainbike.it\\\/fantamtb\"],\"url\":\"https:\\\/\\\/www.365mountainbike.it\\\/fantamtb\\\/author\\\/davide\\\/\"}]}<\/script>\n<!-- \/ Yoast SEO plugin. -->","yoast_head_json":{"title":"Classifiche Enduro World Series 2015 | FANTAmtb","robots":{"index":"index","follow":"follow","max-snippet":"max-snippet:-1","max-image-preview":"max-image-preview:large","max-video-preview":"max-video-preview:-1"},"canonical":"https:\/\/www.365mountainbike.it\/fantamtb\/storia-mtb\/enduro-mtb\/enduro-world-series-2015\/","og_locale":"it_IT","og_type":"article","og_title":"Classifiche Enduro World Series 2015 | FANTAmtb","og_description":"Richie Rude e Tracy Moseley, sono stati incoronati i nuovi Campioni del Mondo di Enduro a Finale Ligure durante l&#8217;ultimo round. Proprio sullo stesso palco due leggende come Fabien Barel e la stessa Tracy Moseley hanno annunciato il ritiro dalle competizioni. Appena scesa dal podio Tracy dichiara: &#8220;E\u2019 una sensazione surreale. Tutto l\u2019anno abbiamo lavorato [&hellip;]","og_url":"https:\/\/www.365mountainbike.it\/fantamtb\/storia-mtb\/enduro-mtb\/enduro-world-series-2015\/","og_site_name":"FANTAmtb","article_published_time":"2022-01-31T09:43:43+00:00","article_modified_time":"2026-01-23T18:05:43+00:00","og_image":[{"width":952,"height":500,"url":"https:\/\/www.365mountainbike.it\/fantamtb\/wp-content\/uploads\/2022\/01\/yeti-dream-team-2015.jpg","type":"image\/jpeg"}],"author":"FANTAmtb","twitter_card":"summary_large_image","twitter_misc":{"Scritto da":"FANTAmtb","Tempo di lettura stimato":"26 minuti"},"schema":{"@context":"https:\/\/schema.org","@graph":[{"@type":"Article","@id":"https:\/\/www.365mountainbike.it\/fantamtb\/storia-mtb\/enduro-mtb\/enduro-world-series-2015\/#article","isPartOf":{"@id":"https:\/\/www.365mountainbike.it\/fantamtb\/storia-mtb\/enduro-mtb\/enduro-world-series-2015\/"},"author":{"name":"FANTAmtb","@id":"https:\/\/www.365mountainbike.it\/fantamtb\/#\/schema\/person\/7b4a30b446207c8d00024d9717c3b63b"},"headline":"Enduro World Series 2015","datePublished":"2022-01-31T09:43:43+00:00","dateModified":"2026-01-23T18:05:43+00:00","mainEntityOfPage":{"@id":"https:\/\/www.365mountainbike.it\/fantamtb\/storia-mtb\/enduro-mtb\/enduro-world-series-2015\/"},"wordCount":633,"image":{"@id":"https:\/\/www.365mountainbike.it\/fantamtb\/storia-mtb\/enduro-mtb\/enduro-world-series-2015\/#primaryimage"},"thumbnailUrl":"https:\/\/www.365mountainbike.it\/fantamtb\/wp-content\/uploads\/2022\/01\/yeti-dream-team-2015.jpg","keywords":["Ainsa","Anne Caroline Chausson","Cecile Ravanel","County Wicklow","Fabien Barel","Finale Ligure","Florian Nicolai","Greg Callaghan","Ines Thomas","Isabeau Courdurier","Jerome Clementz","Joe Barnes","Martin Maes","Nicolas Vouilloz","Richie Rude","Rotorua","Samoens","Tracy Moseley","Tweed Valley","Whistler","Wyn Masters","Yohann Barelli"],"articleSection":["Enduro MTB"],"inLanguage":"it-IT"},{"@type":"WebPage","@id":"https:\/\/www.365mountainbike.it\/fantamtb\/storia-mtb\/enduro-mtb\/enduro-world-series-2015\/","url":"https:\/\/www.365mountainbike.it\/fantamtb\/storia-mtb\/enduro-mtb\/enduro-world-series-2015\/","name":"Classifiche Enduro World Series 2015 | FANTAmtb","isPartOf":{"@id":"https:\/\/www.365mountainbike.it\/fantamtb\/#website"},"primaryImageOfPage":{"@id":"https:\/\/www.365mountainbike.it\/fantamtb\/storia-mtb\/enduro-mtb\/enduro-world-series-2015\/#primaryimage"},"image":{"@id":"https:\/\/www.365mountainbike.it\/fantamtb\/storia-mtb\/enduro-mtb\/enduro-world-series-2015\/#primaryimage"},"thumbnailUrl":"https:\/\/www.365mountainbike.it\/fantamtb\/wp-content\/uploads\/2022\/01\/yeti-dream-team-2015.jpg","datePublished":"2022-01-31T09:43:43+00:00","dateModified":"2026-01-23T18:05:43+00:00","author":{"@id":"https:\/\/www.365mountainbike.it\/fantamtb\/#\/schema\/person\/7b4a30b446207c8d00024d9717c3b63b"},"breadcrumb":{"@id":"https:\/\/www.365mountainbike.it\/fantamtb\/storia-mtb\/enduro-mtb\/enduro-world-series-2015\/#breadcrumb"},"inLanguage":"it-IT","potentialAction":[{"@type":"ReadAction","target":["https:\/\/www.365mountainbike.it\/fantamtb\/storia-mtb\/enduro-mtb\/enduro-world-series-2015\/"]}]},{"@type":"ImageObject","inLanguage":"it-IT","@id":"https:\/\/www.365mountainbike.it\/fantamtb\/storia-mtb\/enduro-mtb\/enduro-world-series-2015\/#primaryimage","url":"https:\/\/www.365mountainbike.it\/fantamtb\/wp-content\/uploads\/2022\/01\/yeti-dream-team-2015.jpg","contentUrl":"https:\/\/www.365mountainbike.it\/fantamtb\/wp-content\/uploads\/2022\/01\/yeti-dream-team-2015.jpg","width":952,"height":500,"caption":"\u00a9Matt Wragg - Yeti Dream Team 2015, Graves and Rude"},{"@type":"BreadcrumbList","@id":"https:\/\/www.365mountainbike.it\/fantamtb\/storia-mtb\/enduro-mtb\/enduro-world-series-2015\/#breadcrumb","itemListElement":[{"@type":"ListItem","position":1,"name":"Home","item":"https:\/\/www.365mountainbike.it\/fantamtb\/"},{"@type":"ListItem","position":2,"name":"Storia MTB","item":"https:\/\/www.365mountainbike.it\/fantamtb\/storia-mtb\/"},{"@type":"ListItem","position":3,"name":"Enduro","item":"https:\/\/www.365mountainbike.it\/fantamtb\/storia-mtb\/enduro-mtb\/"},{"@type":"ListItem","position":4,"name":"Enduro World Series 2015"}]},{"@type":"WebSite","@id":"https:\/\/www.365mountainbike.it\/fantamtb\/#website","url":"https:\/\/www.365mountainbike.it\/fantamtb\/","name":"FANTAmtb","description":"Il FANTAciclismo della Mountain Bike (FANTAcycling)","potentialAction":[{"@type":"SearchAction","target":{"@type":"EntryPoint","urlTemplate":"https:\/\/www.365mountainbike.it\/fantamtb\/?s={search_term_string}"},"query-input":{"@type":"PropertyValueSpecification","valueRequired":true,"valueName":"search_term_string"}}],"inLanguage":"it-IT"},{"@type":"Person","@id":"https:\/\/www.365mountainbike.it\/fantamtb\/#\/schema\/person\/7b4a30b446207c8d00024d9717c3b63b","name":"FANTAmtb","image":{"@type":"ImageObject","inLanguage":"it-IT","@id":"\/\/www.365mountainbike.it\/fantamtb\/wp-content\/uploads\/wpforo\/avatars\/davide_1.png","url":"\/\/www.365mountainbike.it\/fantamtb\/wp-content\/uploads\/wpforo\/avatars\/davide_1.png","contentUrl":"\/\/www.365mountainbike.it\/fantamtb\/wp-content\/uploads\/wpforo\/avatars\/davide_1.png","caption":"FANTAmtb"},"sameAs":["https:\/\/www.365mountainbike.it\/fantamtb"],"url":"https:\/\/www.365mountainbike.it\/fantamtb\/author\/davide\/"}]}},"gt_translate_keys":[{"key":"link","format":"url"}],"_links":{"self":[{"href":"https:\/\/www.365mountainbike.it\/fantamtb\/wp-json\/wp\/v2\/posts\/10391","targetHints":{"allow":["GET"]}}],"collection":[{"href":"https:\/\/www.365mountainbike.it\/fantamtb\/wp-json\/wp\/v2\/posts"}],"about":[{"href":"https:\/\/www.365mountainbike.it\/fantamtb\/wp-json\/wp\/v2\/types\/post"}],"author":[{"embeddable":true,"href":"https:\/\/www.365mountainbike.it\/fantamtb\/wp-json\/wp\/v2\/users\/1"}],"replies":[{"embeddable":true,"href":"https:\/\/www.365mountainbike.it\/fantamtb\/wp-json\/wp\/v2\/comments?post=10391"}],"version-history":[{"count":4,"href":"https:\/\/www.365mountainbike.it\/fantamtb\/wp-json\/wp\/v2\/posts\/10391\/revisions"}],"predecessor-version":[{"id":25241,"href":"https:\/\/www.365mountainbike.it\/fantamtb\/wp-json\/wp\/v2\/posts\/10391\/revisions\/25241"}],"wp:featuredmedia":[{"embeddable":true,"href":"https:\/\/www.365mountainbike.it\/fantamtb\/wp-json\/wp\/v2\/media\/25237"}],"wp:attachment":[{"href":"https:\/\/www.365mountainbike.it\/fantamtb\/wp-json\/wp\/v2\/media?parent=10391"}],"wp:term":[{"taxonomy":"category","embeddable":true,"href":"https:\/\/www.365mountainbike.it\/fantamtb\/wp-json\/wp\/v2\/categories?post=10391"},{"taxonomy":"post_tag","embeddable":true,"href":"https:\/\/www.365mountainbike.it\/fantamtb\/wp-json\/wp\/v2\/tags?post=10391"}],"curies":[{"name":"wp","href":"https:\/\/api.w.org\/{rel}","templated":true}]}}